{"id":6048,"date":"2020-09-14T01:00:00","date_gmt":"2020-09-13T22:00:00","guid":{"rendered":"https:\/\/www.ufukonen.com\/tr\/?p=6048"},"modified":"2020-11-22T22:28:51","modified_gmt":"2020-11-22T19:28:51","slug":"telif-kazanclari-dijital-muzik-gelirleri-vergi","status":"publish","type":"post","link":"https:\/\/www.ufukonen.com\/tr\/telif-kazanclari-dijital-muzik-gelirleri-vergi.html","title":{"rendered":"Telif Kazan\u00e7lar\u0131, Dijital M\u00fczik Gelirleri ve Vergi"},"content":{"rendered":"\n<p>Yaz\u0131lar\u0131m\u0131 takip ediyorsan\u0131z hat\u0131rlars\u0131n\u0131z, &#8220;<a href=\"https:\/\/www.ufukonen.com\/tr\/muziginizi-itunes-apple-music-spotify-dijital-platformlara-nasil-dagitabilirsiniz.html\" target=\"_blank\" rel=\"noreferrer noopener\">M\u00fczi\u011finizi iTunes, Apple Music, Spotify ve Benzeri Dijital Platformlara Nas\u0131l Da\u011f\u0131tabilirsiniz?<\/a>&#8221; ba\u015fl\u0131kl\u0131 bir yaz\u0131 yay\u0131mlam\u0131\u015ft\u0131m. Baz\u0131 okuyucular\u0131m bu yaz\u0131 \u00fczerine bana mesaj g\u00f6nderip telif haklar\u0131 kazan\u00e7lar\u0131 ve dijital m\u00fczik platformlar\u0131ndan elde edilen gelirlerin vergilendirilmesi ile ilgili birtak\u0131m sorular sordular. Bu konuda uzman olmad\u0131\u011f\u0131m i\u00e7in ben de bu sorular\u0131 Mali M\u00fc\u015favir Evren \u00d6zmen&#8217;e y\u00f6nelttim. Kendisi ile k\u0131sa bir s\u00f6yle\u015fi yapt\u0131k.<\/p>\n\n\n\n<p>Bu arada, Evren \u00d6zmen mali konularda yaz\u0131lar yaz\u0131yor ve Medium hesab\u0131nda payla\u015f\u0131yor. \u00d6zellikle giri\u015fimciler i\u00e7in temel bilgileri ve g\u00fcncel konular\u0131 herkesin anlayabilece\u011fi \u00e7ok sade bir dil kullanarak a\u00e7\u0131kl\u0131yor. Unutmay\u0131n, 21. y\u00fczy\u0131lda serbest \u00e7al\u0131\u015fan her m\u00fczisyen ve m\u00fczik profesyoneli bir giri\u015fimci gibi hareket etmek zorunda. Yaz\u0131lara g\u00f6z atman\u0131z\u0131 tavsiye ederim. Ana sayfaya <a rel=\"noreferrer noopener\" href=\"https:\/\/medium.com\/@evrenozmen\" target=\"_blank\">buraya t\u0131klayarak ula\u015fabilirsiniz<\/a>.<\/p>\n\n\n\n<div style=\"height:25px\" aria-hidden=\"true\" class=\"wp-block-spacer\"><\/div>\n\n\n\n<h3>Mali M\u00fc\u015favir Evren \u00d6zmen ile S\u00f6yle\u015fi<\/h3>\n\n\n\n<p><strong>Ufuk \u00d6nen<\/strong>: \u0130lk \u00f6nce telif haklar\u0131ndan elde edilen gelirlerin vergilendirilmesi \u00fczerine biraz konu\u015fmak isterim. Bildi\u011fim kadar\u0131yla m\u00fczik, film, kitap, bilgisayar program\u0131 gibi eserlerden telif hakk\u0131 geliri elde eden eser sahipleri belli bir s\u0131n\u0131ra kadar vergiden muaf oluyorlar. Bu gelirlerden yap\u0131mc\u0131 ve yay\u0131nc\u0131 firmalar taraf\u0131ndan sadece stopaj kesintisi yap\u0131l\u0131yor diye biliyorum.<\/p>\n\n\n\n<p><strong>Evren \u00d6zmen<\/strong>: 2019 y\u0131l\u0131n\u0131n sonunda \u00e7\u0131kan 7224 say\u0131l\u0131 kanun \u00f6ncesinde eser sahipler ne kadar para kazan\u0131rsa kazans\u0131n, kar\u015f\u0131 taraf [yap\u0131mc\u0131 firma veya yay\u0131nevi] onlar ad\u0131na %17 stopaj kesintisi yap\u0131p beyan ediyorlard\u0131 ve sanat\u00e7\u0131n\u0131n sonras\u0131nda hi\u00e7bir \u015fey yapmas\u0131na gerek kalm\u0131yordu. Bu gelir devaml\u0131l\u0131k g\u00f6sterse bile, yani bir y\u0131lda birden fazla yap\u0131lsa bile, gider pusulas\u0131 d\u00fczenlenip stopaj \u00f6dendi\u011fi s\u00fcrece, y\u0131l i\u00e7inde kazan\u0131lan miktar ne olursa olsun, eser sahibinin bir \u015fey yapmas\u0131na gerek kalm\u0131yordu. 2019 y\u0131l\u0131nda \u00e7\u0131kan kanun sonras\u0131nda y\u0131ll\u0131k gelire 600 bin TL \u00fcst s\u0131n\u0131r\u0131 geldi. Yani yeni kanuna g\u00f6re, eser sahibi y\u0131lda 600 bin TL \u00fczerinde telif geliri elde ediyorsa o y\u0131l i\u00e7inde takip eden Mart ay\u0131nda beyanname vermek zorunda. \u00d6rnek olarak, 2020 y\u0131l\u0131 i\u00e7inde bir eser sahibi 700 bin TL gelir elde etmi\u015fse, 2021 Mart ay\u0131nda o gelirin tamam\u0131n\u0131 beyan etmek zorunda.<\/p>\n\n\n\n<p><strong>Ufuk \u00d6nen<\/strong>: Peki, 600 bin TL s\u0131n\u0131r\u0131 ge\u00e7ildi\u011finde stopaj kesintilerinin durumu ne oluyor.<\/p>\n\n\n\n<p><strong>Evren \u00d6zmen<\/strong>: Sene i\u00e7inde ne kadar gelir elde edilece\u011finin bilinmesi m\u00fcmk\u00fcn de\u011fil. Sene i\u00e7inde 600.-TL s\u0131n\u0131r\u0131 ister ge\u00e7ilsin ister ge\u00e7ilmesin, kar\u015f\u0131 taraf eser sahipleri ad\u0131na stopaj yap\u0131yor. E\u011fer bu s\u0131n\u0131r ge\u00e7ilirse eser sahibi y\u0131ll\u0131k gelirin tamam\u0131 i\u00e7in beyanname veriyor. Yukar\u0131daki \u00f6rnekten devam edecek olursak, 700 bin TL i\u00e7in s\u0131n\u0131r\u0131 a\u015fan k\u0131s\u0131m olan 100 bin TL i\u00e7in de\u011fil, 700 bin TL&#8217;s\u0131n\u0131n tamam\u0131 i\u00e7in beyanname veriliyor. O beyannamede firmalar taraf\u0131ndan yap\u0131lan stopaj kesintileri de beyan ediliyor ve hesaplanan vergiden d\u00fc\u015f\u00fcyor.<\/p>\n\n\n\n<p><strong>Ufuk \u00d6nen<\/strong>: Hesaplanan bu vergiden ba\u015fka giderleri d\u00fc\u015fmek de m\u00fcmk\u00fcn m\u00fcd\u00fcr?<\/p>\n\n\n\n<p><strong>Evren \u00d6zmen<\/strong>: Eser sahibi art\u0131k beyanname veren bir m\u00fckellef haline geldi\u011fi i\u00e7in baz\u0131 indirim yapma haklar\u0131na sahip oluyor. Mesela, \u00e7ocuklar \u00f6zel okula gidiyorsa e\u011fitim \u00fccretleri veya sa\u011fl\u0131k harcamalar\u0131 beyan etti\u011finiz gelirin %10&#8217;una kadar indirim konusu yap\u0131labiliyor. Yine ayn\u0131 \u00f6rnek \u00fczerinden gidersek, 700 bin TL gelir beyan ettiyseniz, 70 bin TL&#8217;s\u0131na kadar bu tip harcamalar\u0131 vergiden d\u00fc\u015febiliyorsunuz.<\/p>\n\n\n\n<figure class=\"wp-block-image size-large\"><img loading=\"lazy\" width=\"1024\" height=\"504\" src=\"https:\/\/www.ufukonen.com\/tr\/wp-content\/uploads\/Telif_Haklari_Vergi_01_EvrenOzmen-1024x504.jpg\" alt=\"\" class=\"wp-image-6056\" srcset=\"https:\/\/www.ufukonen.com\/tr\/wp-content\/uploads\/Telif_Haklari_Vergi_01_EvrenOzmen-1024x504.jpg 1024w, https:\/\/www.ufukonen.com\/tr\/wp-content\/uploads\/Telif_Haklari_Vergi_01_EvrenOzmen-300x148.jpg 300w, https:\/\/www.ufukonen.com\/tr\/wp-content\/uploads\/Telif_Haklari_Vergi_01_EvrenOzmen-768x378.jpg 768w, https:\/\/www.ufukonen.com\/tr\/wp-content\/uploads\/Telif_Haklari_Vergi_01_EvrenOzmen-1140x561.jpg 1140w, https:\/\/www.ufukonen.com\/tr\/wp-content\/uploads\/Telif_Haklari_Vergi_01_EvrenOzmen-552x272.jpg 552w, https:\/\/www.ufukonen.com\/tr\/wp-content\/uploads\/Telif_Haklari_Vergi_01_EvrenOzmen.jpg 1280w\" sizes=\"(max-width: 1024px) 100vw, 1024px\" \/><figcaption>Mali M\u00fc\u015favir Evren \u00d6zmen<\/figcaption><\/figure>\n\n\n\n<p><strong>Ufuk \u00d6nen<\/strong>: Kendi m\u00fczi\u011fini \u00fcretip Spotify, Apple Music gibi dijital m\u00fczik platformlar\u0131nda yay\u0131nlayan sanat\u00e7\u0131lar var. Bu sanat\u00e7\u0131lar\u0131n baz\u0131lar\u0131 m\u00fcziklerini bu platformlara DistroKid, TuneCore gibi yabanc\u0131 arac\u0131 firmalar \u00fczerinden da\u011f\u0131t\u0131yorlar. Bu \u015fekilde elde edilen gelirleri vergi a\u00e7\u0131s\u0131nda nas\u0131l de\u011ferlendirmek gerekir? Bunlar telif hakk\u0131 gelirleri kapsam\u0131nda m\u0131d\u0131r sizce?<\/p>\n\n\n\n<p><strong>Evren \u00d6zmen<\/strong>: Bir kere, her \u015feyden \u00f6nce, firma yurtd\u0131\u015f\u0131nda oldu\u011fu i\u00e7in stopaj kesintisi yap\u0131lmam\u0131\u015f oluyor bu gelirler \u00fczerinden. Dolay\u0131s\u0131yla bunu telif geliri gibi d\u00fc\u015f\u00fcnmek m\u00fcmk\u00fcn de\u011fil. San\u0131r\u0131m burada da freelance sitelerinde veya arac\u0131 oyun platformlar\u0131nda oldu\u011fu gibi bir sistem var. Arac\u0131 site veya platformda para birikiyor, onlar size ayl\u0131k olarak g\u00f6nderiyorlar veya siz istedik\u00e7e \u00e7ekiyorsunuz, de\u011fil mi?<\/p>\n\n\n\n<p><strong>Ufuk \u00d6nen<\/strong>: Evet, DistroKid ve TuneCore gibi arac\u0131 firmalar bu \u015fekilde \u00e7al\u0131\u015f\u0131yor. Spotify ve Apple Music gibi platformlar par\u00e7alar\u0131n\u0131z\u0131n dinlenme say\u0131s\u0131na g\u00f6re bir hesap \u00e7\u0131kart\u0131p arac\u0131 firmaya \u00f6deme yap\u0131yor. O arac\u0131 firma da size \u00f6deme yap\u0131yor.<\/p>\n\n\n\n<p><strong>Evren \u00d6zmen<\/strong>: Mevzuatta bunun kar\u015f\u0131l\u0131\u011f\u0131nda vergi m\u00fckellefi olmak var. Bu gelirlerden elde edilen para T\u00fcrkiye&#8217;ye geldi\u011finde beyan etmek durumundas\u0131n\u0131z. Aksi taktirde maliye tespit ederse ceza yazar. Bug\u00fcne kadar dijital m\u00fczik platformlar\u0131 ile ilgili kesilen herhangi bir ceza duymad\u0131m ama iki g\u00fcn sonra maliye taraf\u0131ndan tespit edilip edilmeyece\u011fine g\u00f6re hareket etmemek laz\u0131m. Benzer durumlar\u0131 YouTube ve AdSense gibi yerlerden gelir edenlerde g\u00f6rd\u00fck. Bankalardan maliyeye d\u00f6k\u00fcmler gitti. Gelirlerini beyan etmeyenler i\u00e7in sonu\u00e7lar\u0131 \u00e7ok \u00fcz\u00fcc\u00fc oldu maalesef. Dolay\u0131s\u0131yla, \u00f6zellikle rakamlar b\u00fcy\u00fcd\u00fck\u00e7e \u015firketle\u015fmek gerekiyor.<\/p>\n\n\n\n<p>Tabii bu konuda belirsizlikler de var. Bence Gelir \u0130daresi&#8217;nin hem e-ticaret hem de internet \u00fczerindeki platformlardan gelir elde edenler i\u00e7in bir kitap\u00e7\u0131k yay\u0131nlamas\u0131 laz\u0131m. Nas\u0131l her sene kira geliri elde edenler i\u00e7in kitap\u00e7\u0131k yay\u0131nl\u0131yorlarsa bunun i\u00e7in de bir kitap\u00e7\u0131k \u00e7\u0131kartmal\u0131lar. Bu insanlar yurtd\u0131\u015f\u0131ndan para getiriyorlar. Sonras\u0131nda ceza yazmak bu insanlar\u0131 k\u00fcst\u00fcrmek demek. M\u00fczik \u00fcretmek, oyun \u00fcretmek, yaz\u0131l\u0131m \u00fcretmek ve bunun kar\u015f\u0131l\u0131\u011f\u0131nda \u00fclkeye d\u00f6viz getirmek \u00e7ok de\u011ferli.<\/p>\n\n\n\n<figure class=\"wp-block-image size-large\"><img loading=\"lazy\" width=\"1024\" height=\"575\" src=\"https:\/\/www.ufukonen.com\/tr\/wp-content\/uploads\/Telif_Haklari_Vergi_02_Gitarist-1024x575.jpg\" alt=\"\" class=\"wp-image-6058\" srcset=\"https:\/\/www.ufukonen.com\/tr\/wp-content\/uploads\/Telif_Haklari_Vergi_02_Gitarist-1024x575.jpg 1024w, https:\/\/www.ufukonen.com\/tr\/wp-content\/uploads\/Telif_Haklari_Vergi_02_Gitarist-300x169.jpg 300w, https:\/\/www.ufukonen.com\/tr\/wp-content\/uploads\/Telif_Haklari_Vergi_02_Gitarist-768x432.jpg 768w, https:\/\/www.ufukonen.com\/tr\/wp-content\/uploads\/Telif_Haklari_Vergi_02_Gitarist-1536x863.jpg 1536w, https:\/\/www.ufukonen.com\/tr\/wp-content\/uploads\/Telif_Haklari_Vergi_02_Gitarist-1140x641.jpg 1140w, https:\/\/www.ufukonen.com\/tr\/wp-content\/uploads\/Telif_Haklari_Vergi_02_Gitarist-552x310.jpg 552w, https:\/\/www.ufukonen.com\/tr\/wp-content\/uploads\/Telif_Haklari_Vergi_02_Gitarist.jpg 1920w\" sizes=\"(max-width: 1024px) 100vw, 1024px\" \/><\/figure>\n\n\n\n<p><strong>Ufuk \u00d6nen<\/strong>: Asl\u0131nda bir de \u015f\u00f6yle bir durum var: Kendi par\u00e7am\u0131z\u0131n prod\u00fcksiyonunu kendimiz yap\u0131p, kendimiz da\u011f\u0131tt\u0131\u011f\u0131m\u0131z anda biz label (plak \u015firketi) yani firma gibi hareket etmeye ba\u015fl\u0131yoruz. Yani bu, eser sahipli\u011finden daha farkl\u0131 bir \u015fey. Belki prod\u00fcksiyona ba\u015fka bestecileri ve s\u00f6z yazarlar\u0131n\u0131 da kat\u0131yoruz. Belki ba\u015fka m\u00fczisyenleri icra i\u00e7in davet ediyoruz ve bunun i\u00e7in \u00f6deme yap\u0131yoruz. Belki kay\u0131t, miks ve mastering i\u00e7in profesyonel hizmet al\u0131yoruz ve bunun kar\u015f\u0131l\u0131\u011f\u0131nda \u00f6demeler yap\u0131yoruz. K\u0131sacas\u0131 asl\u0131nda prod\u00fcksiyon yapan bir firma gibi hareket etmi\u015f oluyoruz. Dolay\u0131s\u0131yla san\u0131r\u0131m bu i\u015fin en do\u011fru olan\u0131 \u015firketle\u015fmek, de\u011fil mi?<\/p>\n\n\n\n<p><strong>Evren \u00d6zmen<\/strong>: Evet, zaten bu dedi\u011finiz modelde telif kazanc\u0131 yok. Ticari kazan\u00e7 var. Siz \u015firket olarak ticari kazan\u00e7 elde edeceksiniz. E\u011fer besteciler, s\u00f6z yazarlar\u0131 varsa onlara %17 stopaj kesintisi yap\u0131p telif \u00f6deyeceksiniz.<\/p>\n\n\n\n<div style=\"height:25px\" aria-hidden=\"true\" class=\"wp-block-spacer\"><\/div>\n\n\n\n<h3>Sonu\u00e7 Olarak&#8230;<\/h3>\n\n\n\n<p>Evren \u00d6zmen anla\u015f\u0131lmas\u0131 \u00e7ok basit bir \u015fekilde izah etti ama ben yaz\u0131n\u0131n sonunda k\u0131sa bir \u00f6zet ge\u00e7mi\u015f olay\u0131m\u2026 Sonu\u00e7 olarak, dikkat edilmesi gereken nokta, elde edilen gelirin telif hakk\u0131 geliri olup olmad\u0131\u011f\u0131. E\u011fer s\u00f6z konusu gelir eser sahipli\u011finden do\u011fan telif hakk\u0131 geliri ise ve bu geliri size \u00f6deyen firma stopaj kesintisi uyguluyorsa, miktar y\u0131ll\u0131k toplam 600 bin TL&#8217;s\u0131n\u0131 ge\u00e7medi\u011fi s\u00fcrece sizin bir \u015fey yapman\u0131za gerek kalm\u0131yor. E\u011fer 600 bin TL&#8217;s\u0131n\u0131 ge\u00e7erse beyanname vermeniz gerekiyor.<\/p>\n\n\n\n<p>Di\u011fer yandan e\u011fer siz bir prod\u00fcksiyon firmas\u0131 gibi hareket ediyorsan\u0131z, bu durumda \u015firket kurman\u0131z gerekiyor. Biz, yukar\u0131da, arac\u0131 firmalar vas\u0131tas\u0131yla Spotify ve Apple Music gibi dijital m\u00fczik platformlar\u0131 \u00fczerinden elde edilen gelirlerin bu s\u0131n\u0131fa girdi\u011fini yorumlad\u0131k. &#8220;Yorumlad\u0131k&#8221; diyorum \u00e7\u00fcnk\u00fc \u00f6zellikle yeni alanlar ve teknolojiye dayanan i\u015flerde bazen belirsizlikler olabiliyor. Emin olamad\u0131\u011f\u0131n\u0131z konularda Gelir \u0130daresi Ba\u015fkanl\u0131\u011f\u0131&#8217;na yaz\u0131p, \u00f6zelge talep edebilirsiniz.<\/p>\n\n\n\n<p>Evren \u00d6zmen&#8217;in mali konularda herkesi anlayabilece\u011fi dilde yaz\u0131lm\u0131\u015f bir\u00e7ok yaz\u0131s\u0131 var, g\u00f6z atman\u0131z\u0131 tavsiye ederim. E\u011fer \u015firket kurmay\u0131 d\u00fc\u015f\u00fcn\u00fcyorsan\u0131z &#8220;<a href=\"https:\/\/medium.com\/mali-m\u00fc\u015favir-evren-\u00f6zmen\/\u015firket-kuracaklar-veya-kurmu\u015f-olanlar-i\u0307\u00e7in-\u00f6nemli-bilgilerin-tamam\u0131-732b89a9ebfb\" target=\"_blank\" rel=\"noreferrer noopener\">\u015eirket Kuracaklar veya Kurmu\u015f Olanlar \u0130\u00e7in \u00d6nemli Bilgilerin Tamam\u0131<\/a>&#8221; ve &#8220;<a href=\"https:\/\/medium.com\/mali-m\u00fc\u015favir-evren-\u00f6zmen\/\u015firket-sahibi-olman\u0131n-7-temel-kural\u0131-3f5a8a1e9f81\" target=\"_blank\" rel=\"noreferrer noopener\">\u015eirket Kuracaklar\u0131n Bilmesi Gereken 7 Temel Kural<\/a>&#8221; ba\u015fl\u0131kl\u0131 yaz\u0131lar\u0131n\u0131 okuman\u0131z\u0131 tavsiye ederim.<\/p>\n\n\n\n<div style=\"height:50px\" aria-hidden=\"true\" class=\"wp-block-spacer\"><\/div>\n\n\n\n<p>Teknik terimler i\u00e7in <a href=\"http:\/\/www.ufukonen.com\/tr\/ses-kayit-muzik-teknolojisi-terimler-sozluk.html\">m\u00fczik teknolojisi, m\u00fczik prod\u00fcksiyonu ve ses kay\u0131t terimleri s\u00f6zl\u00fc\u011f\u00fcne<\/a> g\u00f6z atabilirsiniz.<\/p>\n\n\n\n<p>Benzer payla\u015f\u0131mlar i\u00e7in beni <a rel=\"noreferrer noopener\" href=\"https:\/\/www.facebook.com\/ufukonen.skmt\/\" target=\"_blank\">Facebook<\/a>, <a rel=\"noreferrer noopener\" aria-label=\"Instagram (opens in a new tab)\" href=\"https:\/\/www.instagram.com\/ufukonen\/\" target=\"_blank\">Instagram<\/a> ve <a rel=\"noreferrer noopener\" href=\"https:\/\/twitter.com\/UfukOnen\" target=\"_blank\">Twitter<\/a>&#8216;da takip edebilir, haberler i\u00e7in <a rel=\"noreferrer noopener\" href=\"http:\/\/ufukonen.com\/tr\/ses-kayit-muzik-teknolojisi-terimler-sozluk.html\" target=\"_blank\">mesaj listeme \u00fcye olabilirsiniz<\/a>. Te\u015fekk\u00fcrler.<\/p>\n\n\n\n<p>Ba\u015fl\u0131k foto\u011fraf\u0131: <a rel=\"noreferrer noopener\" href=\"https:\/\/unsplash.com\/@rhowerter?utm_source=unsplash&amp;utm_medium=referral&amp;utm_content=creditCopyText\" target=\"_blank\">Ryan Howerter<\/a> |\u00a0<a rel=\"noreferrer noopener\" href=\"https:\/\/unsplash.com\/s\/photos\/lego-music?utm_source=unsplash&amp;utm_medium=referral&amp;utm_content=creditCopyText\" target=\"_blank\">Unsplash<\/a><\/p>\n\n\n\n<p>Gitarist foto\u011fraf\u0131: <a href=\"https:\/\/www.pexels.com\/@edwardeyer?utm_content=attributionCopyText&amp;utm_medium=referral&amp;utm_source=pexels\" target=\"_blank\" rel=\"noreferrer noopener\">Edward Eyer<\/a>\u00a0|\u00a0<a href=\"https:\/\/www.pexels.com\/photo\/man-playing-guitar-811838\/?utm_content=attributionCopyText&amp;utm_medium=referral&amp;utm_source=pexels\" target=\"_blank\" rel=\"noreferrer noopener\">Pexels<\/a><\/p>\n\n\n\n<p>\u00a9 2020 Ufuk \u00d6nen. Her hakk\u0131 sakl\u0131d\u0131r. \u0130zinsiz kullan\u0131lamaz.<\/p>\n","protected":false},"excerpt":{"rendered":"<p class=\"post-excerpt\">Yaz\u0131lar\u0131m\u0131 takip ediyorsan\u0131z hat\u0131rlars\u0131n\u0131z, &#8220;M\u00fczi\u011finizi iTunes, Apple Music, Spotify ve Benzeri Dijital Platformlara Nas\u0131l Da\u011f\u0131tabilirsiniz?&#8221; ba\u015fl\u0131kl\u0131 bir yaz\u0131 yay\u0131mlam\u0131\u015ft\u0131m. Baz\u0131&#8230;<\/p>\n","protected":false},"author":2,"featured_media":6055,"comment_status":"closed","ping_status":"open","sticky":false,"template":"","format":"standard","meta":{"_mi_skip_tracking":false,"spay_email":"","jetpack_publicize_message":"","jetpack_is_tweetstorm":false,"jetpack_publicize_feature_enabled":true},"categories":[17],"tags":[],"jetpack_featured_media_url":"https:\/\/www.ufukonen.com\/tr\/wp-content\/uploads\/Telif_Haklari_Vergi_00_Header.jpg","jetpack_publicize_connections":[],"jetpack_shortlink":"https:\/\/wp.me\/p3rjsG-1zy","jetpack_sharing_enabled":true,"jetpack-related-posts":[{"id":3905,"url":"https:\/\/www.ufukonen.com\/tr\/muzik-endustrisine-bakis-6.html","url_meta":{"origin":6048,"position":0},"title":"M\u00fczik End\u00fcstrisine Bak\u0131\u015f (6. B\u00f6l\u00fcm)","date":"May 21, 2018","format":false,"excerpt":"Birinci b\u00f6l\u00fcm i\u00e7in t\u0131klay\u0131n\u0131z - \u0130kinci b\u00f6l\u00fcm i\u00e7in t\u0131klay\u0131n\u0131z \u00dc\u00e7\u00fcnc\u00fc b\u00f6l\u00fcm i\u00e7in t\u0131klay\u0131n\u0131z\u00a0- D\u00f6rd\u00fcnc\u00fc\u00a0b\u00f6l\u00fcm i\u00e7in t\u0131klay\u0131n\u0131z Be\u015finci b\u00f6l\u00fcm i\u00e7in t\u0131klay\u0131n\u0131z \"M\u00fczik End\u00fcstrisine Bak\u0131\u015f\"\u00a0adl\u0131 yaz\u0131 dizimin bu b\u00f6l\u00fcm\u00fcnde IFPI (International Federation of the Phonographic Industry) 2018 Global M\u00fczik Raporu\u2019ndaki 2017 y\u0131l\u0131 verilerini inceleyip, 2014, 2015 ve 2016 y\u0131llar\u0131n\u0131n verileri ile kar\u015f\u0131la\u015ft\u0131raca\u011f\u0131m.\u2026","rel":"","context":"In &quot;M\u00fczik End\u00fcstrisi&quot;","img":{"alt_text":"","src":"https:\/\/i0.wp.com\/www.ufukonen.com\/tr\/wp-content\/uploads\/Muzik_Endustrisine_Bakis_6.jpg?resize=350%2C200&ssl=1","width":350,"height":200},"classes":[]},{"id":5919,"url":"https:\/\/www.ufukonen.com\/tr\/wipo-proof-beste-eser-koruma.html","url_meta":{"origin":6048,"position":1},"title":"WIPO PROOF ile Beste ve Di\u011fer Eserlerinizi Koruyabilirsiniz","date":"July 6, 2020","format":false,"excerpt":"WIPO PROOF, WIPO taraf\u0131ndan kullan\u0131ma sunulan, herkese a\u00e7\u0131k yeni bir sistem. WIPO PROOF'a ge\u00e7meden \u00f6nce k\u0131saca WIPO'dan bahsedeyim\u2026 WIPO WIPO (World Intellectual Property Organisation), 1967 y\u0131l\u0131nda Birle\u015fmi\u015f Milletler b\u00fcnyesinde kurulmu\u015f olan D\u00fcnya Fikri M\u00fclkiyet \u00d6rg\u00fct\u00fc. Merkezi Cenevre'de yer alan bu \u00f6rg\u00fcte T\u00fcrkiye de dahil olmak \u00fczere 193 \u00fclke \u00fcye .\u2026","rel":"","context":"In &quot;M\u00fczik&quot;","img":{"alt_text":"WIPO PROOF ile Beste ve Di\u011fer Eserlerinizi Koruyabilirsiniz","src":"https:\/\/i0.wp.com\/www.ufukonen.com\/tr\/wp-content\/uploads\/WIPO_PROOF_Beste_Koruma.jpg?resize=350%2C200&ssl=1","width":350,"height":200},"classes":[]},{"id":1131,"url":"https:\/\/www.ufukonen.com\/tr\/itunes-radio-ve-streaming-muzige-bir-bakis.html","url_meta":{"origin":6048,"position":2},"title":"iTunes Radio ve &#8216;Streaming&#8217; M\u00fczi\u011fe Bir Bak\u0131\u015f","date":"December 20, 2013","format":false,"excerpt":"Apple, iTunes Radio ad\u0131n\u0131 verdi\u011fi yeni bir m\u00fczik servisi ile 'streaming' alan\u0131na girdi\u011fini duyurdu. Asl\u0131nda bu, \u00e7ok \u015fa\u015f\u0131rt\u0131c\u0131 bir \u015fey de\u011fil \u00e7\u00fcnk\u00fc internet \u00fczerinden m\u00fczik dinleme al\u0131\u015fkanl\u0131\u011f\u0131 g\u00fcn ge\u00e7tik\u00e7e art\u0131yor. Bir par\u00e7ay\u0131 veya alb\u00fcm\u00fc \u00fccretini \u00f6deyip (ya da korsan olarak) indirmektense art\u0131k insanlar yava\u015f yava\u015f internet \u00fczerinden dinlemeyi tercih etmeye\u2026","rel":"","context":"In &quot;M\u00fczik End\u00fcstrisi&quot;","img":{"alt_text":"","src":"https:\/\/i0.wp.com\/www.ufukonen.com\/tr\/wp-content\/uploads\/itunesradio_icon.jpg?resize=350%2C200&ssl=1","width":350,"height":200},"classes":[]},{"id":2516,"url":"https:\/\/www.ufukonen.com\/tr\/muzik-endustrisine-bakis-3.html","url_meta":{"origin":6048,"position":3},"title":"M\u00fczik End\u00fcstrisine Bak\u0131\u015f (3. B\u00f6l\u00fcm)","date":"May 13, 2016","format":false,"excerpt":"Birinci b\u00f6l\u00fcm i\u00e7in t\u0131klay\u0131n\u0131z - \u0130kinci b\u00f6l\u00fcm i\u00e7in t\u0131klay\u0131n\u0131z \u00a0 M\u00fczik 2.0: Internet \u00c7a\u011f\u0131 Owsinki, 2.0'\u0131n ba\u015flang\u0131\u00e7\u0131n\u0131n 1994, yani mp3 dosyalar\u0131n\u0131n ilk payla\u015f\u0131ld\u0131\u011f\u0131 y\u0131l oldu\u011funu s\u00f6yl\u00fcyor. M\u00fczik CD'leri i\u00e7in kullan\u0131lan s\u0131k\u0131\u015ft\u0131r\u0131lmam\u0131\u015f dijital dosya format\u0131nda bir dakikal\u0131k mono ses kayd\u0131 5 MB, bir dakikal\u0131k stereo ses kayd\u0131 ise 10 MB yer\u2026","rel":"","context":"In &quot;M\u00fczik End\u00fcstrisi&quot;","img":{"alt_text":"","src":"https:\/\/i0.wp.com\/www.ufukonen.com\/tr\/wp-content\/uploads\/Muzik_Endustrisine_Bakis_3_alt_2.png?resize=350%2C200&ssl=1","width":350,"height":200},"classes":[]},{"id":7811,"url":"https:\/\/www.ufukonen.com\/tr\/2022-en-cok-okunan-1.html","url_meta":{"origin":6048,"position":4},"title":"2022 \u0130\u00e7inde En \u00c7ok Okunan Blog Yaz\u0131lar\u0131m (1. B\u00f6l\u00fcm)","date":"December 12, 2022","format":false,"excerpt":"2022\u2019yi kapat\u0131rken y\u0131l i\u00e7inde en \u00e7ok okunan blog yaz\u0131lar\u0131m\u0131 sizlerle payla\u015fmak istedim. \u0130ki liste haz\u0131rlad\u0131m: 1- \u00d6nceki y\u0131llarda (2012-2021) yay\u0131nlanm\u0131\u015f olan yaz\u0131lardan 2022 i\u00e7inde en \u00e7ok okunanlar (a\u015fa\u011f\u0131daki liste). 2- En \u00e7ok okunan 2022 tarihli yaz\u0131lar\u0131m (19 Aral\u0131k 2022 tarihinde yay\u0131na girecek). Yaz\u0131lar\u0131, ba\u015fl\u0131klar\u0131n\u0131n ya da g\u00f6rsellerinin \u00fczerine t\u0131klayarak okuyabilirsiniz.\u2026","rel":"","context":"In &quot;Konferans&quot;","img":{"alt_text":"","src":"https:\/\/i0.wp.com\/www.ufukonen.com\/tr\/wp-content\/uploads\/2022_En_Cok_Okunan_1_00_Header.jpg?resize=350%2C200&ssl=1","width":350,"height":200},"classes":[]},{"id":6267,"url":"https:\/\/www.ufukonen.com\/tr\/2020-en-cok-okunan.html","url_meta":{"origin":6048,"position":5},"title":"2020 \u0130\u00e7inde En \u00c7ok Okunan Blog Yaz\u0131lar\u0131m","date":"December 21, 2020","format":false,"excerpt":"2020'yi kapat\u0131rken y\u0131l i\u00e7inde en \u00e7ok okunan blog yaz\u0131lar\u0131m\u0131 sizlerle payla\u015fmak istedim. \u0130ki liste haz\u0131rlad\u0131m: Birincisi, en \u00e7ok okunan 2020 tarihli yaz\u0131lar\u0131m; ikincisi ise \u00f6nceki y\u0131llarda (2012-2019) yay\u0131nlanm\u0131\u015f olan yaz\u0131lardan 2020 i\u00e7inde en \u00e7ok okunanlar. Yaz\u0131lar\u0131, ba\u015fl\u0131klar\u0131n\u0131n ya da g\u00f6rsellerinin \u00fczerine t\u0131klayarak okuyabilirsiniz. G\u00f6stermi\u015f oldu\u011funuz ilgi i\u00e7in \u00e7ok te\u015fekk\u00fcr ederim!\u2026","rel":"","context":"In &quot;M\u00fczik End\u00fcstrisi&quot;","img":{"alt_text":"","src":"https:\/\/i0.wp.com\/www.ufukonen.com\/tr\/wp-content\/uploads\/2020-en-cok-okunan_720.jpg?resize=350%2C200&ssl=1","width":350,"height":200},"classes":[]}],"_links":{"self":[{"href":"https:\/\/www.ufukonen.com\/tr\/wp-json\/wp\/v2\/posts\/6048"}],"collection":[{"href":"https:\/\/www.ufukonen.com\/tr\/wp-json\/wp\/v2\/posts"}],"about":[{"href":"https:\/\/www.ufukonen.com\/tr\/wp-json\/wp\/v2\/types\/post"}],"author":[{"embeddable":true,"href":"https:\/\/www.ufukonen.com\/tr\/wp-json\/wp\/v2\/users\/2"}],"replies":[{"embeddable":true,"href":"https:\/\/www.ufukonen.com\/tr\/wp-json\/wp\/v2\/comments?post=6048"}],"version-history":[{"count":10,"href":"https:\/\/www.ufukonen.com\/tr\/wp-json\/wp\/v2\/posts\/6048\/revisions"}],"predecessor-version":[{"id":6061,"href":"https:\/\/www.ufukonen.com\/tr\/wp-json\/wp\/v2\/posts\/6048\/revisions\/6061"}],"wp:featuredmedia":[{"embeddable":true,"href":"https:\/\/www.ufukonen.com\/tr\/wp-json\/wp\/v2\/media\/6055"}],"wp:attachment":[{"href":"https:\/\/www.ufukonen.com\/tr\/wp-json\/wp\/v2\/media?parent=6048"}],"wp:term":[{"taxonomy":"category","embeddable":true,"href":"https:\/\/www.ufukonen.com\/tr\/wp-json\/wp\/v2\/categories?post=6048"},{"taxonomy":"post_tag","embeddable":true,"href":"https:\/\/www.ufukonen.com\/tr\/wp-json\/wp\/v2\/tags?post=6048"}],"curies":[{"name":"wp","href":"https:\/\/api.w.org\/{rel}","templated":true}]}}