{"id":6078,"date":"2020-09-28T01:00:00","date_gmt":"2020-09-27T22:00:00","guid":{"rendered":"https:\/\/www.ufukonen.com\/tr\/?p=6078"},"modified":"2020-10-31T18:41:50","modified_gmt":"2020-10-31T15:41:50","slug":"parametrik-eq-oktav-q-tablo","status":"publish","type":"post","link":"https:\/\/www.ufukonen.com\/tr\/parametrik-eq-oktav-q-tablo.html","title":{"rendered":"Parametrik EQ \u00dczerindeki Oktav ve Q De\u011ferlerinin Kar\u015f\u0131la\u015ft\u0131rmal\u0131 Tablosu"},"content":{"rendered":"\n<p>Parametrik EQ\u2019nun etkili oldu\u011fu frekans aral\u0131\u011f\u0131n\u0131n geni\u015fli\u011fi oktav veya Q cinsinden ifade edilir. Blog yaz\u0131lar\u0131m\u0131 takip edenler hat\u0131rlayacakt\u0131r, daha \u00f6nce bu konu ile ilgili olarak &#8220;<a href=\"https:\/\/www.ufukonen.com\/tr\/eq-bandwidth-q-parametreleri.html\" target=\"_blank\" rel=\"noreferrer noopener\">EQ \u00dczerindeki Bandwidth ve Q Parametreleri<\/a>&#8221; ba\u015fl\u0131kl\u0131 bir yaz\u0131 yay\u0131nlam\u0131\u015ft\u0131m.<\/p>\n\n\n\n<p>Modern EQ&#8217;lar \u00fczerinde art\u0131k genellikle oktav yerine Q de\u011feri kullan\u0131lmaya ba\u015fland\u0131. E\u011fer frekans aral\u0131\u011f\u0131n\u0131 oktav cinsinden ifade etmeye al\u0131\u015f\u0131ksan\u0131z a\u015fa\u011f\u0131daki oktav ve Q de\u011ferlerinin kar\u015f\u0131la\u015ft\u0131rmal\u0131 tablosu i\u015finize yarayacakt\u0131r.<\/p>\n\n\n\n<figure class=\"wp-block-image size-large\"><img loading=\"lazy\" width=\"643\" height=\"1024\" src=\"https:\/\/www.ufukonen.com\/tr\/wp-content\/uploads\/Parametrik_EQ_Oktav_Q_Tablo_Tablo-643x1024.png\" alt=\"\" class=\"wp-image-6083\" srcset=\"https:\/\/www.ufukonen.com\/tr\/wp-content\/uploads\/Parametrik_EQ_Oktav_Q_Tablo_Tablo-643x1024.png 643w, https:\/\/www.ufukonen.com\/tr\/wp-content\/uploads\/Parametrik_EQ_Oktav_Q_Tablo_Tablo-188x300.png 188w, https:\/\/www.ufukonen.com\/tr\/wp-content\/uploads\/Parametrik_EQ_Oktav_Q_Tablo_Tablo-768x1223.png 768w, https:\/\/www.ufukonen.com\/tr\/wp-content\/uploads\/Parametrik_EQ_Oktav_Q_Tablo_Tablo-964x1536.png 964w, https:\/\/www.ufukonen.com\/tr\/wp-content\/uploads\/Parametrik_EQ_Oktav_Q_Tablo_Tablo-1140x1816.png 1140w, https:\/\/www.ufukonen.com\/tr\/wp-content\/uploads\/Parametrik_EQ_Oktav_Q_Tablo_Tablo-552x879.png 552w, https:\/\/www.ufukonen.com\/tr\/wp-content\/uploads\/Parametrik_EQ_Oktav_Q_Tablo_Tablo.png 1262w\" sizes=\"(max-width: 643px) 100vw, 643px\" \/><\/figure>\n\n\n\n<p>Oktav ve Q, sonu\u00e7ta her ikisi de EQ\u2019nun etkili oldu\u011fu frekans aral\u0131\u011f\u0131n\u0131n geni\u015fli\u011fini belirtmek i\u00e7in kullan\u0131l\u0131yor. Ancak burada dikkat edilmesi gereken \u00e7ok \u00f6nemli bir nokta var! Frekans aral\u0131\u011f\u0131 geni\u015fledik\u00e7e oktav de\u011feri art\u0131yor, Q de\u011feri ise azal\u0131yor; frekans aral\u0131\u011f\u0131 darald\u0131k\u00e7a oktav de\u011feri azal\u0131yor, Q de\u011feri ise art\u0131yor.<\/p>\n\n\n\n<p>EQ hakk\u0131nda detayl\u0131 bilgi i\u00e7in <a rel=\"noreferrer noopener\" href=\"https:\/\/www.ufukonen.com\/tr\/ufuk-onen-ses-muzik-teknolojisi-miks-kitaplar.html\" target=\"_blank\">Ses Kay\u0131t ve M\u00fczik Teknolojileri<\/a> adl\u0131 kitab\u0131ma ba\u015fvurabilir, EQ ile ilgili pratik bilgiler i\u00e7in a\u015fa\u011f\u0131daki blog yaz\u0131lar\u0131ma g\u00f6z atabilirsiniz:<\/p>\n\n\n\n<ul><li><a rel=\"noreferrer noopener\" href=\"https:\/\/www.ufukonen.com\/tr\/eq-kullanimi-birkac-tavsiye-3.html\" target=\"_blank\">EQ Kullan\u0131m\u0131: Birka\u00e7 Tavsiye<\/a> (3. b\u00f6l\u00fcm)<\/li><li><a rel=\"noreferrer noopener\" href=\"https:\/\/www.ufukonen.com\/tr\/eq-sweeping.html\" target=\"_blank\">EQ Kullan\u0131m\u0131nda Sweeping Tekni\u011fi<\/a> (yaz\u0131 + video)<\/li><li><a rel=\"noreferrer noopener\" href=\"https:\/\/www.ufukonen.com\/tr\/eq-bandwidth-q-parametreleri.html\" target=\"_blank\">EQ \u00dczerindeki Bandwidth ve Q Parametreleri<\/a><\/li><\/ul>\n\n\n\n<figure class=\"wp-block-image size-large\"><img loading=\"lazy\" width=\"1024\" height=\"576\" src=\"https:\/\/www.ufukonen.com\/tr\/wp-content\/uploads\/Onen_SKMT_2020_color_1280x720-1024x576.jpg\" alt=\"\" class=\"wp-image-5690\" srcset=\"https:\/\/www.ufukonen.com\/tr\/wp-content\/uploads\/Onen_SKMT_2020_color_1280x720-1024x576.jpg 1024w, https:\/\/www.ufukonen.com\/tr\/wp-content\/uploads\/Onen_SKMT_2020_color_1280x720-300x169.jpg 300w, https:\/\/www.ufukonen.com\/tr\/wp-content\/uploads\/Onen_SKMT_2020_color_1280x720-768x432.jpg 768w, https:\/\/www.ufukonen.com\/tr\/wp-content\/uploads\/Onen_SKMT_2020_color_1280x720.jpg 1280w\" sizes=\"(max-width: 1024px) 100vw, 1024px\" \/><figcaption>Ses Kay\u0131t ve M\u00fczik Teknolojileri (kaynak kitap)<\/figcaption><\/figure>\n\n\n\n<div style=\"height:25px\" aria-hidden=\"true\" class=\"wp-block-spacer\"><\/div>\n\n\n\n<p>Teknik terimler i\u00e7in <a href=\"http:\/\/www.ufukonen.com\/tr\/ses-kayit-muzik-teknolojisi-terimler-sozluk.html\">m\u00fczik teknolojisi, m\u00fczik prod\u00fcksiyonu ve ses kay\u0131t terimleri s\u00f6zl\u00fc\u011f\u00fcne<\/a> g\u00f6z atabilirsiniz.<\/p>\n\n\n\n<p>Benzer payla\u015f\u0131mlar i\u00e7in beni <a rel=\"noreferrer noopener\" href=\"https:\/\/www.facebook.com\/ufukonen.skmt\/\" target=\"_blank\">Facebook<\/a>, <a rel=\"noreferrer noopener\" aria-label=\"Instagram (opens in a new tab)\" href=\"https:\/\/www.instagram.com\/ufukonen\/\" target=\"_blank\">Instagram<\/a> ve <a rel=\"noreferrer noopener\" href=\"https:\/\/twitter.com\/UfukOnen\" target=\"_blank\">Twitter<\/a>&#8216;da takip edebilir, haberler i\u00e7in <a rel=\"noreferrer noopener\" href=\"http:\/\/ufukonen.com\/tr\/ses-kayit-muzik-teknolojisi-terimler-sozluk.html\" target=\"_blank\">mesaj listeme \u00fcye olabilirsiniz<\/a>. Te\u015fekk\u00fcrler.<\/p>\n\n\n\n<p>Ba\u015fl\u0131k foto\u011fraf\u0131: <a href=\"https:\/\/unsplash.com\/@adigold1?utm_source=unsplash&amp;utm_medium=referral&amp;utm_content=creditCopyText\" target=\"_blank\" rel=\"noreferrer noopener\">Adi Goldstein<\/a> |\u00a0<a href=\"https:\/\/unsplash.com\/?utm_source=unsplash&amp;utm_medium=referral&amp;utm_content=creditCopyText\" target=\"_blank\" rel=\"noreferrer noopener\">Unsplash<\/a><\/p>\n\n\n\n<p>\u00a9 2020 Ufuk \u00d6nen. Her hakk\u0131 sakl\u0131d\u0131r. \u0130zinsiz kullan\u0131lamaz.<\/p>\n","protected":false},"excerpt":{"rendered":"<p class=\"post-excerpt\">Parametrik EQ\u2019nun etkili oldu\u011fu frekans aral\u0131\u011f\u0131n\u0131n geni\u015fli\u011fi oktav veya Q cinsinden ifade edilir. Blog yaz\u0131lar\u0131m\u0131 takip edenler hat\u0131rlayacakt\u0131r, daha \u00f6nce&#8230;<\/p>\n","protected":false},"author":2,"featured_media":6085,"comment_status":"closed","ping_status":"closed","sticky":false,"template":"","format":"standard","meta":{"_mi_skip_tracking":false,"spay_email":"","jetpack_publicize_message":"","jetpack_is_tweetstorm":false,"jetpack_publicize_feature_enabled":true},"categories":[18],"tags":[],"jetpack_featured_media_url":"https:\/\/www.ufukonen.com\/tr\/wp-content\/uploads\/Parametrik_EQ_Oktav_Q_Tablo_Header.jpg","jetpack_publicize_connections":[],"jetpack_shortlink":"https:\/\/wp.me\/p3rjsG-1A2","jetpack_sharing_enabled":true,"jetpack-related-posts":[{"id":5482,"url":"https:\/\/www.ufukonen.com\/tr\/eq-bandwidth-q-parametreleri.html","url_meta":{"origin":6078,"position":0},"title":"EQ \u00dczerindeki Bandwidth ve Q Parametreleri","date":"March 2, 2020","format":false,"excerpt":"Bandwidth ve Q\u2026 EQ kullan\u0131rken bu iki terimin ne oldu\u011funu ve \u00f6zellikle parametrik EQ ile \u00e7al\u0131\u015f\u0131rken kar\u015f\u0131m\u0131za \u00e7\u0131kan bu parametrelerin ne i\u015fe yarad\u0131\u011f\u0131n\u0131 mutlaka bilmek gerekiyor. Bandwidth Bandwidth genellikle oktav (octave) cinsinden ifade ediliyor. A\u015fa\u011f\u0131daki grafikte 1 kHz\u2019de +12 dB\u2019e ayarlanm\u0131\u015f 6 dB\/oktav slope\u2019a sahip bir parametrik EQ grafi\u011fi g\u00f6r\u00fcyorsunuz.\u2026","rel":"","context":"In &quot;Ses ve M\u00fczik Teknolojileri&quot;","img":{"alt_text":"","src":"https:\/\/i0.wp.com\/www.ufukonen.com\/tr\/wp-content\/uploads\/EQ_Bandwidth_Q_-_FabFilter_ProQ3_MOD-3.jpg?resize=350%2C200&ssl=1","width":350,"height":200},"classes":[]},{"id":6445,"url":"https:\/\/www.ufukonen.com\/tr\/vokal-miksi-rehber-1.html","url_meta":{"origin":6078,"position":1},"title":"Vokal Miksi i\u00e7in Mini Rehber (1. B\u00f6l\u00fcm)","date":"March 15, 2021","format":false,"excerpt":"Bu yaz\u0131mda vokal miksi i\u00e7in kullanabilece\u011finiz sekiz ba\u015fl\u0131ktan olu\u015fan bir mini rehber haz\u0131rlad\u0131m. Her ba\u015fl\u0131\u011f\u0131n alt\u0131nda ilgili yaz\u0131lar\u0131n linklerini ekledim. \u0130lk olarak 22 Mart 2021'de yay\u0131nlanm\u0131\u015f olan bu mini rehber, 8 A\u011fustos 2022, 28 Kas\u0131m 2022, 20 Mart 2023 ve 7 A\u011fustos 2025 tarihlerinde g\u00fcncellenmi\u015ftir. Filtre ve EQKompres\u00f6rEQDe-esserSidechain Kompres\u00f6r Kullan\u0131m\u0131Saturation,\u2026","rel":"","context":"In &quot;M\u00fczik Prod\u00fcksiyonu&quot;","img":{"alt_text":"","src":"https:\/\/i0.wp.com\/www.ufukonen.com\/tr\/wp-content\/uploads\/Vokal_Miksi_Mini_Rehber_00_Header.jpg?resize=350%2C200&ssl=1","width":350,"height":200},"classes":[]},{"id":6941,"url":"https:\/\/www.ufukonen.com\/tr\/tilt-eq.html","url_meta":{"origin":6078,"position":2},"title":"Tilt EQ","date":"October 18, 2021","format":false,"excerpt":"Sinyalde sorunlu bir frekans ya da frekans aral\u0131\u011f\u0131 tespit etti\u011fimizde ilk akl\u0131m\u0131za gelen, parametrik EQ ile o aral\u0131\u011f\u0131 kesmek ya da azaltmak oluyor. Amac\u0131m\u0131z sinyalin genel frekans dengesini koruyarak sadece problemli frekanslara m\u00fcdahale etmek oldu\u011fu i\u00e7in parametrik EQ ile m\u00fcmk\u00fcn oldu\u011funca dar bir alanda \u00e7al\u0131\u015fmaya \u00f6zen g\u00f6steriyoruz. Di\u011fer bir deyi\u015fle\u2026","rel":"","context":"In &quot;Ses ve M\u00fczik Teknolojileri&quot;","img":{"alt_text":"","src":"https:\/\/i0.wp.com\/www.ufukonen.com\/tr\/wp-content\/uploads\/TiltEQ_00_Header.jpg?resize=350%2C200&ssl=1","width":350,"height":200},"classes":[]},{"id":2184,"url":"https:\/\/www.ufukonen.com\/tr\/eq-sweeping.html","url_meta":{"origin":6078,"position":3},"title":"EQ Kullan\u0131m\u0131nda Sweeping Tekni\u011fi","date":"June 29, 2015","format":false,"excerpt":"https:\/\/www.youtube.com\/watch?v=daxCSWpS2g4 Parametrik veya yar\u0131-parametrik EQ kullan\u0131rken ilk yapman\u0131z gereken, seviyesini artt\u0131rmak (boost) veya azaltmak (attenuate, cut) istedi\u011finiz frekanslar\u0131 bulmakt\u0131r. Bunun en pratik yolu dB kontrol\u00fcn\u00fc olduk\u00e7a a\u00e7\u0131p frekans kontrol\u00fc ile frekans aral\u0131\u011f\u0131n\u0131 taramakt\u0131r. Arad\u0131\u011f\u0131m\u0131z frekans\u0131 bulunca dB kontrol\u00fc ile bu frekans\u0131n seviyesini istedi\u011fimiz kadar azaltabilir veya art\u0131rabiliriz. Parametrik ve yar\u0131-parametrik\u2026","rel":"","context":"In &quot;M\u00fczik Prod\u00fcksiyonu&quot;","img":{"alt_text":"","src":"https:\/\/i0.wp.com\/www.ufukonen.com\/tr\/wp-content\/uploads\/EQ_Kullaniminda_Sweeping_Teknigi.jpg?resize=350%2C200&ssl=1","width":350,"height":200},"classes":[]},{"id":7011,"url":"https:\/\/www.ufukonen.com\/tr\/bettermaker-eq232d-pultec-eq.html","url_meta":{"origin":6078,"position":4},"title":"Bettermaker EQ232D: Pultec Tarz\u0131 EQ Plug-in&#8217;i","date":"November 29, 2021","format":false,"excerpt":"Bettermaker, a\u011f\u0131rl\u0131kl\u0131 olarak mastering i\u00e7in EQ ve kompres\u00f6r gibi dijital olarak kontrol edilebilen analog hardware cihazlar \u00fcreten Polonyal\u0131 bir firma. EQ232D ad\u0131n\u0131 verdikleri EQ plug-in'lerini de yine kendi \u00fcr\u00fcnleri olan EQ232P MKII isimli hardware EQ \u00fcnitesinden modellemi\u015fler. Bettermaker EQ232D, Pultec tarz\u0131 bir EQ. Se\u00e7ti\u011finiz bir frekans\u0131n seviyesini ayn\u0131 anda hem\u2026","rel":"","context":"In &quot;Ses ve M\u00fczik Teknolojileri&quot;","img":{"alt_text":"","src":"https:\/\/i0.wp.com\/www.ufukonen.com\/tr\/wp-content\/uploads\/Bettermaker_EQ232D_00_Header.jpg?resize=350%2C200&ssl=1","width":350,"height":200},"classes":[]},{"id":3999,"url":"https:\/\/www.ufukonen.com\/tr\/eq-kullanimi-birkac-tavsiye.html","url_meta":{"origin":6078,"position":5},"title":"EQ Kullan\u0131m\u0131: Birka\u00e7 Tavsiye","date":"June 18, 2018","format":false,"excerpt":"Bu yaz\u0131mda EQ kullan\u0131m\u0131 ile ilgili birka\u00e7 tavsiyede bulunmak istiyorum. Ses Kay\u0131t ve M\u00fczik Teknolojisi\u00a0(SKMT) adl\u0131 kitab\u0131mda EQ ile detayl\u0131 bilgiler, Miks \u00dczerine: M\u00fczik Prod\u00fcksiyonlar\u0131nda Miks Teknikleri ve \u00c7e\u015fitli Yakla\u015f\u0131mlar\u00a0(MPMT) adl\u0131 kitab\u0131mda ise EQ kullan\u0131m\u0131 hakk\u0131nda bir\u00e7ok miks m\u00fchendisinin g\u00f6r\u00fc\u015f ve tavsiyelerini\u00a0bulabilirsiniz. Ekim 2019 g\u00fcncelleme:\u00a0Gelen talepleri ve sorular\u0131 g\u00f6z \u00f6n\u00fcne\u2026","rel":"","context":"In &quot;M\u00fczik Prod\u00fcksiyonu&quot;","img":{"alt_text":"","src":"https:\/\/i0.wp.com\/www.ufukonen.com\/tr\/wp-content\/uploads\/EQ_Kullanimi_Birkac_Tavsiye_1080.jpg?resize=350%2C200&ssl=1","width":350,"height":200},"classes":[]}],"_links":{"self":[{"href":"https:\/\/www.ufukonen.com\/tr\/wp-json\/wp\/v2\/posts\/6078"}],"collection":[{"href":"https:\/\/www.ufukonen.com\/tr\/wp-json\/wp\/v2\/posts"}],"about":[{"href":"https:\/\/www.ufukonen.com\/tr\/wp-json\/wp\/v2\/types\/post"}],"author":[{"embeddable":true,"href":"https:\/\/www.ufukonen.com\/tr\/wp-json\/wp\/v2\/users\/2"}],"replies":[{"embeddable":true,"href":"https:\/\/www.ufukonen.com\/tr\/wp-json\/wp\/v2\/comments?post=6078"}],"version-history":[{"count":5,"href":"https:\/\/www.ufukonen.com\/tr\/wp-json\/wp\/v2\/posts\/6078\/revisions"}],"predecessor-version":[{"id":6086,"href":"https:\/\/www.ufukonen.com\/tr\/wp-json\/wp\/v2\/posts\/6078\/revisions\/6086"}],"wp:featuredmedia":[{"embeddable":true,"href":"https:\/\/www.ufukonen.com\/tr\/wp-json\/wp\/v2\/media\/6085"}],"wp:attachment":[{"href":"https:\/\/www.ufukonen.com\/tr\/wp-json\/wp\/v2\/media?parent=6078"}],"wp:term":[{"taxonomy":"category","embeddable":true,"href":"https:\/\/www.ufukonen.com\/tr\/wp-json\/wp\/v2\/categories?post=6078"},{"taxonomy":"post_tag","embeddable":true,"href":"https:\/\/www.ufukonen.com\/tr\/wp-json\/wp\/v2\/tags?post=6078"}],"curies":[{"name":"wp","href":"https:\/\/api.w.org\/{rel}","templated":true}]}}