{"id":6090,"date":"2020-10-05T01:00:00","date_gmt":"2020-10-04T22:00:00","guid":{"rendered":"https:\/\/www.ufukonen.com\/tr\/?p=6090"},"modified":"2020-11-22T22:27:24","modified_gmt":"2020-11-22T19:27:24","slug":"ses-dosyalari-disk","status":"publish","type":"post","link":"https:\/\/www.ufukonen.com\/tr\/ses-dosyalari-disk.html","title":{"rendered":"Ses Dosyalar\u0131 Diskte Ne kadar Yer Kapl\u0131yor? Bilgisayarlar Aras\u0131ndaki Farkl\u0131l\u0131klar Neden Kaynaklan\u0131yor?"},"content":{"rendered":"\n<p>Ses dosyalar\u0131n\u0131n diskte kaplad\u0131\u011f\u0131 yer, di\u011fer bir deyi\u015fle ses dosyalar\u0131n\u0131n b\u00fcy\u00fckl\u00fc\u011f\u00fc, kullan\u0131lan sample rate (\u00f6rnekleme h\u0131z\u0131) ve bit depth (bit depth) ile do\u011frudan alakal\u0131. Sample rate ve bit depth ne kadar y\u00fcksek olursa dosya boyutu da o kadar b\u00fcy\u00fck oluyor.<\/p>\n\n\n\n<p>Farkl\u0131 sample rate ve bit depth de\u011ferlerine sahip 1 dakikal\u0131k s\u0131k\u0131\u015ft\u0131r\u0131lmam\u0131\u015f (uncompressed) mono ses dosyalar\u0131n\u0131n (AIFF ve WAVE) dosya boyutlar\u0131n\u0131 hesap edip bir tablo haline getirdim. Tabloyu a\u015fa\u011f\u0131ya ekliyorum ancak tabloya ge\u00e7meden \u00f6nce de\u011finmek istedi\u011fim bir konu var.<\/p>\n\n\n\n<div style=\"height:25px\" aria-hidden=\"true\" class=\"wp-block-spacer\"><\/div>\n\n\n\n<h3>Dosya Boyutlar\u0131 Bilgisayarlar Aras\u0131nda Farkl\u0131l\u0131k G\u00f6sterir mi?<\/h3>\n\n\n\n<p>Bu sorunun cevab\u0131: evet! Dosya boyutlar\u0131 bilgisayarlar aras\u0131nda farkl\u0131l\u0131k g\u00f6sterebiliyor. Bazen bir dosyan\u0131n boyutu iki bilgisayarda iki farkl\u0131 de\u011ferde g\u00f6r\u00fcnebiliyor. Bunun sebebi, dosya boyutlar\u0131n\u0131n iki farkl\u0131 sistemle hesaplan\u0131yor olmas\u0131: Decimal (ondal\u0131k) ve binary (ikili).<\/p>\n\n\n\n<ul><li>Decimal sistemde 1 megabyte (MB) 1 milyon byte&#8217;a; 1 gigabyte (GB) ise 1 milyar byte&#8217;a e\u015fit.<\/li><\/ul>\n\n\n\n<ul><li>Binary sistemde 1 megabyte (MB) 1,048,576 byte&#8217;a; 1 gigabyte (GB) ise 1,073,741,824 byte&#8217;a e\u015fit.<\/li><\/ul>\n\n\n\n<p>Bilgisayarlar aras\u0131ndaki dosya boyut farkl\u0131l\u0131klar\u0131 bu hesaplamalardan kaynaklan\u0131yor.<\/p>\n\n\n\n<div style=\"height:25px\" aria-hidden=\"true\" class=\"wp-block-spacer\"><\/div>\n\n\n\n<h3>Hangi \u0130\u015fletim Sistemleri Hangi Hesaplama Sistemini Kullan\u0131yor?<\/h3>\n\n\n\n<p>Apple Mac bilgisayarlar ile Apple iPhone ve iPad mobil cihazlar\u0131n\u0131n g\u00fcncel i\u015fletim sistemleri (macOS ve iOS) decimal sistemi kullan\u0131yor.<\/p>\n\n\n\n<p>Hard disk \u00fcreticileri teknik dok\u00fcmanlar\u0131nda ve reklamlar\u0131nda genellikle decimal sistemi kullan\u0131yor.<\/p>\n\n\n\n<p>Windows ile Apple&#8217;\u0131n eski i\u015fletim sistemleri (Mac OS X Leopard ve \u00f6ncesi, iOS 10 ve \u00f6ncesi) binary sistemi kullan\u0131yor.<\/p>\n\n\n\n<blockquote class=\"wp-block-quote\"><p>Decimal = Apple Mac (macOs) ve iPhone\/iPad (iOS)<br>Binary = Windows ve eski macOS\/iOS<\/p><\/blockquote>\n\n\n\n<div style=\"height:25px\" aria-hidden=\"true\" class=\"wp-block-spacer\"><\/div>\n\n\n\n<h3>Aradaki Bu Fark Ne Kadar \u00d6nemli?<\/h3>\n\n\n\n<p>Hesaplaman\u0131n nas\u0131l yap\u0131ld\u0131\u011f\u0131n\u0131n pek bir \u00f6nemi yok \u00e7\u00fcnk\u00fc hepsi ayn\u0131 kap\u0131ya \u00e7\u0131k\u0131yor. \u0130ki sistemde de saklama alan\u0131n\u0131n b\u00fcy\u00fckl\u00fc\u011f\u00fc asl\u0131nda ayn\u0131.<\/p>\n\n\n\n<p>\u00d6rnek olarak, A ve B olarak adland\u0131rd\u0131\u011f\u0131m\u0131z iki nokta aras\u0131ndaki mesafeyi \u00f6l\u00e7t\u00fc\u011f\u00fcn\u00fcz\u00fc d\u00fc\u015f\u00fcnelim. Birim olarak mil kulland\u0131n\u0131z. \u00d6l\u00e7\u00fcm sonucu 10 mil \u00e7\u0131kt\u0131. Sonra tekrar \u00f6l\u00e7t\u00fcn\u00fcz ama bu sefer birim olarak kilometre kulland\u0131n\u0131z. Sonu\u00e7 16 kilometre \u00e7\u0131kt\u0131. Birimler farkl\u0131 ama iki nokta aras\u0131ndaki mesafe sabit. Disk alan\u0131 ve dosya boyutu hesaplamalar\u0131 i\u00e7in de ayn\u0131 mant\u0131k ge\u00e7erli.<\/p>\n\n\n\n<div style=\"height:25px\" aria-hidden=\"true\" class=\"wp-block-spacer\"><\/div>\n\n\n\n<h3>Tablo<\/h3>\n\n\n\n<p>\u015eimdi gelelim tabloya\u2026 Farkl\u0131 sample rate ve bit depth de\u011ferlerine sahip 1 dakikal\u0131k s\u0131k\u0131\u015ft\u0131r\u0131lmam\u0131\u015f (uncompressed) mono ses dosyalar\u0131n\u0131n (AIFF ve WAVE) dosya boyutlar\u0131n\u0131 hesap edip bir tablo haline getirdim.<\/p>\n\n\n\n<figure class=\"wp-block-image size-large\"><a href=\"https:\/\/www.ufukonen.com\/tr\/wp-content\/uploads\/Ses_Dosyalari_Diskte_Ne-Kadar_Yer_Kapliyor.jpg\" target=\"_blank\" rel=\"noopener noreferrer\"><img loading=\"lazy\" width=\"1024\" height=\"563\" src=\"https:\/\/www.ufukonen.com\/tr\/wp-content\/uploads\/Ses_Dosyalari_Diskte_Ne-Kadar_Yer_Kapliyor-1024x563.jpg\" alt=\"\" class=\"wp-image-6097\" srcset=\"https:\/\/www.ufukonen.com\/tr\/wp-content\/uploads\/Ses_Dosyalari_Diskte_Ne-Kadar_Yer_Kapliyor-1024x563.jpg 1024w, https:\/\/www.ufukonen.com\/tr\/wp-content\/uploads\/Ses_Dosyalari_Diskte_Ne-Kadar_Yer_Kapliyor-300x165.jpg 300w, https:\/\/www.ufukonen.com\/tr\/wp-content\/uploads\/Ses_Dosyalari_Diskte_Ne-Kadar_Yer_Kapliyor-768x422.jpg 768w, https:\/\/www.ufukonen.com\/tr\/wp-content\/uploads\/Ses_Dosyalari_Diskte_Ne-Kadar_Yer_Kapliyor-1536x844.jpg 1536w, https:\/\/www.ufukonen.com\/tr\/wp-content\/uploads\/Ses_Dosyalari_Diskte_Ne-Kadar_Yer_Kapliyor-1140x626.jpg 1140w, https:\/\/www.ufukonen.com\/tr\/wp-content\/uploads\/Ses_Dosyalari_Diskte_Ne-Kadar_Yer_Kapliyor-552x303.jpg 552w, https:\/\/www.ufukonen.com\/tr\/wp-content\/uploads\/Ses_Dosyalari_Diskte_Ne-Kadar_Yer_Kapliyor.jpg 1920w\" sizes=\"(max-width: 1024px) 100vw, 1024px\" \/><\/a><figcaption>Tablonun \u00fczerine t\u0131klayarak b\u00fcy\u00fctebilirsiniz.<\/figcaption><\/figure>\n\n\n\n<p>Yukar\u0131da da belirtti\u011fim gibi bu boyutlar bir dakikal\u0131k mono dosyalar i\u00e7in. Stereo ses dosyalar\u0131 i\u00e7in bu de\u011ferleri iki ile \u00e7arpabilirsiniz.<\/p>\n\n\n\n<p>Bu tabloyu kullanarak bir canl\u0131 performans kayd\u0131n\u0131n ya da bir alb\u00fcm projesinin diskte ne kadar yer tutaca\u011f\u0131na dair bir tahmin y\u00fcr\u00fct\u00fcp, ona g\u00f6re haz\u0131rl\u0131k yapabilirsiniz.<\/p>\n\n\n\n<p>\u00d6rnek olarak, 10 par\u00e7al\u0131k bir alb\u00fcm projesini ele alal\u0131m. Par\u00e7alar\u0131n ortalama 5 dakika oldu\u011funu, her par\u00e7ada ortalama 20 mono, 20 de stereo kanal kanal bulundu\u011funu varsayal\u0131m. Format da 44.1 kHz \/ 24 bit olsun.<\/p>\n\n\n\n<p>20 stereo kanal 40 mono kanal demek. Buna ek olarak bir de 20 mono kanal\u0131m\u0131z var. Kanal say\u0131s\u0131n\u0131 60 olarak kabul edece\u011fiz.<\/p>\n\n\n\n<p>(7.94 MB x 60 kanal x 5 dakika) x 10 par\u00e7a = 23.82 GB<\/p>\n\n\n\n<p>Decimal sisteme g\u00f6re toplam boyut 23.82 GB. Binary sisteme g\u00f6re hesaplasayd\u0131k sonu\u00e7 22.71 GB olacakt\u0131.<\/p>\n\n\n\n<div style=\"height:25px\" aria-hidden=\"true\" class=\"wp-block-spacer\"><\/div>\n\n\n\n<h3>Son Olarak\u2026<\/h3>\n\n\n\n<p>Disk ve dosyalardan bahsettik\u2026 Yaz\u0131m\u0131 \u00e7ok \u00f6nemli bir soru ile kapatmak istiyorum: <a href=\"https:\/\/www.ufukonen.com\/tr\/projelerinizi-ses-dosyalarinizi-ve-diger-verilerinizi-yedekliyor-musunuz.html\">Projelerinizi, Ses Dosyalar\u0131n\u0131z\u0131 ve Di\u011fer Verilerinizi Yedekliyor musunuz?<\/a><\/p>\n\n\n\n<div style=\"height:50px\" aria-hidden=\"true\" class=\"wp-block-spacer\"><\/div>\n\n\n\n<p>Teknik terimler i\u00e7in <a href=\"http:\/\/www.ufukonen.com\/tr\/ses-kayit-muzik-teknolojisi-terimler-sozluk.html\">m\u00fczik teknolojisi, m\u00fczik prod\u00fcksiyonu ve ses kay\u0131t terimleri s\u00f6zl\u00fc\u011f\u00fcne<\/a> g\u00f6z atabilirsiniz.<\/p>\n\n\n\n<p>Benzer payla\u015f\u0131mlar i\u00e7in beni <a rel=\"noreferrer noopener\" href=\"https:\/\/www.facebook.com\/ufukonen.skmt\/\" target=\"_blank\">Facebook<\/a>, <a rel=\"noreferrer noopener\" aria-label=\"Instagram (opens in a new tab)\" href=\"https:\/\/www.instagram.com\/ufukonen\/\" target=\"_blank\">Instagram<\/a> ve <a rel=\"noreferrer noopener\" href=\"https:\/\/twitter.com\/UfukOnen\" target=\"_blank\">Twitter<\/a>&#8216;da takip edebilir, haberler i\u00e7in <a rel=\"noreferrer noopener\" href=\"http:\/\/ufukonen.com\/tr\/ses-kayit-muzik-teknolojisi-terimler-sozluk.html\" target=\"_blank\">mesaj listeme \u00fcye olabilirsiniz<\/a>. Te\u015fekk\u00fcrler.<\/p>\n\n\n\n<p>Ba\u015fl\u0131k foto\u011fraf\u0131: <a rel=\"noreferrer noopener\" href=\"https:\/\/unsplash.com\/@olegixanovpht?utm_source=unsplash&amp;utm_medium=referral&amp;utm_content=creditCopyText\" target=\"_blank\">Oleg Ivanov<\/a> |\u00a0<a rel=\"noreferrer noopener\" href=\"https:\/\/unsplash.com\/?utm_source=unsplash&amp;utm_medium=referral&amp;utm_content=creditCopyText\" target=\"_blank\">Unsplash<\/a><\/p>\n\n\n\n<p>\u00a9 2020 Ufuk \u00d6nen. Her hakk\u0131 sakl\u0131d\u0131r. \u0130zinsiz kullan\u0131lamaz.<\/p>\n","protected":false},"excerpt":{"rendered":"<p class=\"post-excerpt\">Ses dosyalar\u0131n\u0131n diskte kaplad\u0131\u011f\u0131 yer, di\u011fer bir deyi\u015fle ses dosyalar\u0131n\u0131n b\u00fcy\u00fckl\u00fc\u011f\u00fc, kullan\u0131lan sample rate (\u00f6rnekleme h\u0131z\u0131) ve bit depth (bit&#8230;<\/p>\n","protected":false},"author":2,"featured_media":6092,"comment_status":"closed","ping_status":"closed","sticky":false,"template":"","format":"standard","meta":{"_mi_skip_tracking":false,"spay_email":"","jetpack_publicize_message":"","jetpack_is_tweetstorm":false,"jetpack_publicize_feature_enabled":true},"categories":[18],"tags":[],"jetpack_featured_media_url":"https:\/\/www.ufukonen.com\/tr\/wp-content\/uploads\/Ses_Dosyalari_Diskte_Ne-Kadar_Yer_Kapliyor_Header.jpg","jetpack_publicize_connections":[],"jetpack_shortlink":"https:\/\/wp.me\/p3rjsG-1Ae","jetpack_sharing_enabled":true,"jetpack-related-posts":[{"id":3563,"url":"https:\/\/www.ufukonen.com\/tr\/projelerinizi-ses-dosyalarinizi-ve-diger-verilerinizi-yedekliyor-musunuz.html","url_meta":{"origin":6090,"position":0},"title":"Projelerinizi, Ses Dosyalar\u0131n\u0131z\u0131 ve Di\u011fer Verilerinizi Yedekliyor musunuz?","date":"December 25, 2017","format":false,"excerpt":"Bilgisayar ile ilgili olarak hem \u015fahsi hem de profesyonel i\u015flerim i\u00e7in en dikkat etti\u011fim noktalardan biri yedekleme yapmak ve yedekleri s\u00fcrekli olarak g\u00fcncel tutmakt\u0131r. \u015e\u00f6yle bir ger\u00e7ek var: her disk bozulur! Soru, diskin bozulup bozulmayaca\u011f\u0131 de\u011fil, ne zaman bozulaca\u011f\u0131d\u0131r. Baz\u0131 diskler y\u0131llarca sorunsuz \u00e7al\u0131\u015f\u0131r, baz\u0131lar\u0131 ise daha yeniyken bozulur... Ama\u2026","rel":"","context":"In &quot;Ses ve M\u00fczik Teknolojileri&quot;","img":{"alt_text":"","src":"https:\/\/i0.wp.com\/www.ufukonen.com\/tr\/wp-content\/uploads\/proje_yedek_baslik_1280x720.jpg?resize=350%2C200&ssl=1","width":350,"height":200},"classes":[]},{"id":2516,"url":"https:\/\/www.ufukonen.com\/tr\/muzik-endustrisine-bakis-3.html","url_meta":{"origin":6090,"position":1},"title":"M\u00fczik End\u00fcstrisine Bak\u0131\u015f (3. B\u00f6l\u00fcm)","date":"May 13, 2016","format":false,"excerpt":"Birinci b\u00f6l\u00fcm i\u00e7in t\u0131klay\u0131n\u0131z - \u0130kinci b\u00f6l\u00fcm i\u00e7in t\u0131klay\u0131n\u0131z \u00a0 M\u00fczik 2.0: Internet \u00c7a\u011f\u0131 Owsinki, 2.0'\u0131n ba\u015flang\u0131\u00e7\u0131n\u0131n 1994, yani mp3 dosyalar\u0131n\u0131n ilk payla\u015f\u0131ld\u0131\u011f\u0131 y\u0131l oldu\u011funu s\u00f6yl\u00fcyor. M\u00fczik CD'leri i\u00e7in kullan\u0131lan s\u0131k\u0131\u015ft\u0131r\u0131lmam\u0131\u015f dijital dosya format\u0131nda bir dakikal\u0131k mono ses kayd\u0131 5 MB, bir dakikal\u0131k stereo ses kayd\u0131 ise 10 MB yer\u2026","rel":"","context":"In &quot;M\u00fczik End\u00fcstrisi&quot;","img":{"alt_text":"","src":"https:\/\/i0.wp.com\/www.ufukonen.com\/tr\/wp-content\/uploads\/Muzik_Endustrisine_Bakis_3_alt_2.png?resize=350%2C200&ssl=1","width":350,"height":200},"classes":[]},{"id":103,"url":"https:\/\/www.ufukonen.com\/tr\/mastering-ve-itunes.html","url_meta":{"origin":6090,"position":2},"title":"Mastering ve iTunes","date":"June 2, 2012","format":false,"excerpt":"Y\u0131llar boyunca m\u00fczi\u011fin da\u011f\u0131t\u0131m\u0131 ve sat\u0131\u015f\u0131 plak, kaset ve CD'lerle yap\u0131ld\u0131. Son y\u0131llarda prestij i\u00e7in veya koleksiyoncular ile merakl\u0131lar\u0131na y\u00f6nelik olarak \u00fcretilenleri saymazsak, plak tarih oldu. Kaset de bitti; buna en \u00e7ok sevinenlerden biri benimdir herhalde. CD hala var ancak 10 sene \u00f6ncesiyle kar\u015f\u0131la\u015ft\u0131rd\u0131\u011f\u0131m\u0131zda sat\u0131\u015f\u0131 olduk\u00e7a fazla d\u00fc\u015fm\u00fc\u015f durumda. Bug\u00fcn\u2026","rel":"","context":"In &quot;M\u00fczik Prod\u00fcksiyonu&quot;","img":{"alt_text":"itunes11-store","src":"https:\/\/i0.wp.com\/ufukonen.com\/tr\/wp-content\/uploads\/itunes11-store.jpeg?resize=350%2C200","width":350,"height":200},"classes":[]},{"id":4178,"url":"https:\/\/www.ufukonen.com\/tr\/daw-video.html","url_meta":{"origin":6090,"position":3},"title":"DAW \u0130\u00e7inde Video Dosyalar\u0131 ile \u00c7al\u0131\u015fmak","date":"September 17, 2018","format":false,"excerpt":"Eskiden bilgisayarda sequencer ile g\u00f6r\u00fcnt\u00fc i\u00e7in m\u00fczik \u00fczerine \u00e7al\u0131\u015f\u0131rken ya da bir ses program\u0131 kullanarak video veya film i\u00e7in ses tasar\u0131m\u0131, audio editing' ve benzeri bir i\u015f yaparken g\u00f6r\u00fcnt\u00fc ile e\u015f zamanl\u0131 \u00e7al\u0131\u015fman\u0131n tek yolu, bilgisayar\u0131 time code ve synchronizer arac\u0131l\u0131\u011f\u0131 ile video kay\u0131t cihaz\u0131na senkronize etmekti. Ev ortam\u0131nda \u00e7al\u0131\u015f\u0131rken\u2026","rel":"","context":"In &quot;Ses Tasar\u0131m\u0131&quot;","img":{"alt_text":"","src":"https:\/\/i0.wp.com\/www.ufukonen.com\/tr\/wp-content\/uploads\/DAW_Video.jpg?resize=350%2C200&ssl=1","width":350,"height":200},"classes":[]},{"id":5569,"url":"https:\/\/www.ufukonen.com\/tr\/mono-stereo-simulasyon.html","url_meta":{"origin":6090,"position":4},"title":"Mono Kanallar\u0131 Geni\u015f Duyurmak \u0130\u00e7in Bir Y\u00f6ntem","date":"April 6, 2020","format":false,"excerpt":"Y\u0131llardan beri tan\u0131t\u0131m filmi, belgesel, radyo program\u0131 ve podcast gibi g\u00f6r\u00fcnt\u00fcl\u00fc ve g\u00f6r\u00fcnt\u00fcs\u00fcz medya i\u00e7in ses tasar\u0131m\u0131 ve ses miksi yap\u0131yorum. \u00dczerinde \u00e7al\u0131\u015fmam i\u00e7in proje paketini g\u00f6nderirken prod\u00fcksiyon s\u0131ras\u0131nda kaydetmi\u015f ya da projede kullanmak \u00fczere \u00e7e\u015fitli kaynaklardan edinmi\u015f olduklar\u0131 ses dosyalar\u0131n\u0131 da g\u00f6nderiyorlar. Tahmin edebilece\u011finiz gibi, bu ses dosyalar\u0131n\u0131n formatlar\u0131\u2026","rel":"","context":"In &quot;M\u00fczik Prod\u00fcksiyonu&quot;","img":{"alt_text":"","src":"https:\/\/i0.wp.com\/www.ufukonen.com\/tr\/wp-content\/uploads\/Mono_Genisletme_0_Header.jpg?resize=350%2C200&ssl=1","width":350,"height":200},"classes":[]},{"id":2866,"url":"https:\/\/www.ufukonen.com\/tr\/miksin-sonunda-yapilmasi-ve-yapilmamasi-gerekenler.html","url_meta":{"origin":6090,"position":5},"title":"Miksin Sonunda Yap\u0131lmas\u0131 ve Yap\u0131lmamas\u0131 Gerekenler","date":"December 22, 2016","format":false,"excerpt":"\u00a0 Miksin sonunda prod\u00fcksiyon zincirinde son halka olan mastering i\u015flemini g\u00f6z \u00f6n\u00fcne almak gerekir. Bir st\u00fcdyoya g\u00f6nderecek de olsan\u0131z, kendiniz yapacak da olsan\u0131z baz\u0131 i\u015fler mastering a\u015famas\u0131na b\u0131rak\u0131lmal\u0131d\u0131r. Benim tecr\u00fcbelerime ve fikirlerime g\u00f6re miksin sonunda yap\u0131lmas\u0131 ve yap\u0131lmamas\u0131 gerekenler \u015f\u00f6yle... \u00a0 Fade Out Miksi bounce ya da export ederken par\u00e7an\u0131n\u2026","rel":"","context":"In &quot;Ses ve M\u00fczik Teknolojileri&quot;","img":{"alt_text":"","src":"https:\/\/i0.wp.com\/www.ufukonen.com\/tr\/wp-content\/uploads\/Miks_Sonunda.jpg?resize=350%2C200&ssl=1","width":350,"height":200},"classes":[]}],"_links":{"self":[{"href":"https:\/\/www.ufukonen.com\/tr\/wp-json\/wp\/v2\/posts\/6090"}],"collection":[{"href":"https:\/\/www.ufukonen.com\/tr\/wp-json\/wp\/v2\/posts"}],"about":[{"href":"https:\/\/www.ufukonen.com\/tr\/wp-json\/wp\/v2\/types\/post"}],"author":[{"embeddable":true,"href":"https:\/\/www.ufukonen.com\/tr\/wp-json\/wp\/v2\/users\/2"}],"replies":[{"embeddable":true,"href":"https:\/\/www.ufukonen.com\/tr\/wp-json\/wp\/v2\/comments?post=6090"}],"version-history":[{"count":6,"href":"https:\/\/www.ufukonen.com\/tr\/wp-json\/wp\/v2\/posts\/6090\/revisions"}],"predecessor-version":[{"id":6098,"href":"https:\/\/www.ufukonen.com\/tr\/wp-json\/wp\/v2\/posts\/6090\/revisions\/6098"}],"wp:featuredmedia":[{"embeddable":true,"href":"https:\/\/www.ufukonen.com\/tr\/wp-json\/wp\/v2\/media\/6092"}],"wp:attachment":[{"href":"https:\/\/www.ufukonen.com\/tr\/wp-json\/wp\/v2\/media?parent=6090"}],"wp:term":[{"taxonomy":"category","embeddable":true,"href":"https:\/\/www.ufukonen.com\/tr\/wp-json\/wp\/v2\/categories?post=6090"},{"taxonomy":"post_tag","embeddable":true,"href":"https:\/\/www.ufukonen.com\/tr\/wp-json\/wp\/v2\/tags?post=6090"}],"curies":[{"name":"wp","href":"https:\/\/api.w.org\/{rel}","templated":true}]}}