{"id":6112,"date":"2020-10-26T01:00:00","date_gmt":"2020-10-25T22:00:00","guid":{"rendered":"https:\/\/www.ufukonen.com\/tr\/?p=6112"},"modified":"2020-11-22T22:28:57","modified_gmt":"2020-11-22T19:28:57","slug":"daw-stereo-pan-kontrol","status":"publish","type":"post","link":"https:\/\/www.ufukonen.com\/tr\/daw-stereo-pan-kontrol.html","title":{"rendered":"Cubase, Studio One ve Logic \u0130\u00e7in &#8220;Ger\u00e7ek&#8221; Stereo Pan Kontrol\u00fc"},"content":{"rendered":"\n<p>Baz\u0131 DAW mikserlerinde stereo kanallar i\u00e7in tek bir pan kontrol\u00fc bulunuyor ve bu kontrol &#8220;ger\u00e7ek&#8221; stereo pan de\u011fil de stereo denge ayar\u0131 i\u00e7in kullan\u0131l\u0131yor. Stereo pan ve stereo denge (stereo balance) aras\u0131ndaki farkl\u0131 &#8220;<a href=\"https:\/\/www.ufukonen.com\/tr\/stereo-pan-stereo-denge-fark.html\" target=\"_blank\" rel=\"noreferrer noopener\">Stereo Pan ve Stereo Denge Kontrol\u00fc Aras\u0131ndaki Fark<\/a>&#8221; ba\u015fl\u0131kl\u0131 yaz\u0131mda detayl\u0131 olarak a\u00e7\u0131klam\u0131\u015ft\u0131m.<\/p>\n\n\n\n<p>Cubase, Studio One ve Logic i\u00e7inde bulunan mikserlerde stereo kanallar i\u00e7in standart olarak bir adet pan kontrol\u00fc oldu\u011funu g\u00f6r\u00fcyoruz. Bununla sadece stereo denge kontrol\u00fc yapabiliyorsunuz.<\/p>\n\n\n\n<p>Peki, bu DAW&#8217;lar i\u00e7inde ger\u00e7ek stereo pan kontrol\u00fc yapmak m\u00fcmk\u00fcn m\u00fcd\u00fcr?<\/p>\n\n\n\n<p>Evet, m\u00fcmk\u00fcn! Nas\u0131l oldu\u011funa hemen bakal\u0131m\u2026<\/p>\n\n\n\n<div style=\"height:25px\" aria-hidden=\"true\" class=\"wp-block-spacer\"><\/div>\n\n\n\n<h3>Cubase (Steinberg)<\/h3>\n\n\n\n<p>Cubase i\u00e7indeki mikserde, stereo kanallarda default olarak stereo denge ayar\u0131 yapan Stereo Balance Panner bulunuyor. E\u011fer Cubase Pro kullan\u0131yorsan\u0131z stereo pan kontrol\u00fc i\u00e7in Stereo Combined Panner \u00f6zelli\u011fini kulanabilirsiniz. Kanala t\u0131klay\u0131p bu \u00f6zelli\u011fi aktif hale getirin.<\/p>\n\n\n\n<div class=\"wp-block-image\"><figure class=\"aligncenter size-large\"><img loading=\"lazy\" width=\"749\" height=\"507\" src=\"https:\/\/www.ufukonen.com\/tr\/wp-content\/uploads\/DAW_Gercek_Pan_Kontrol_01_Cubase.jpg\" alt=\"\" class=\"wp-image-6127\" srcset=\"https:\/\/www.ufukonen.com\/tr\/wp-content\/uploads\/DAW_Gercek_Pan_Kontrol_01_Cubase.jpg 749w, https:\/\/www.ufukonen.com\/tr\/wp-content\/uploads\/DAW_Gercek_Pan_Kontrol_01_Cubase-300x203.jpg 300w, https:\/\/www.ufukonen.com\/tr\/wp-content\/uploads\/DAW_Gercek_Pan_Kontrol_01_Cubase-552x374.jpg 552w\" sizes=\"(max-width: 749px) 100vw, 749px\" \/><\/figure><\/div>\n\n\n\n<p>Sol ve sa\u011f kanallar\u0131 birbirinden ba\u011f\u0131ms\u0131z olarak konumland\u0131rmak i\u00e7in &#8216;alt&#8217; tu\u015funu bas\u0131l\u0131 tutun ve ayar\u0131 diledi\u011finiz gibi yap\u0131n.<\/p>\n\n\n\n<p>Yeni a\u00e7aca\u011f\u0131n\u0131z ses kanallar\u0131nda default olarak Stereo Combined Panner \u00f6zelli\u011fini kullanmak isterseniz Preferences b\u00f6l\u00fcm\u00fcnden bu se\u00e7ene\u011fi aktif hale getirebilirsiniz.<\/p>\n\n\n\n<div style=\"height:25px\" aria-hidden=\"true\" class=\"wp-block-spacer\"><\/div>\n\n\n\n<h3>Logic Pro X (Apple)<\/h3>\n\n\n\n<p>Logic i\u00e7indeki mikserde, stereo kanallardaki pan kontrol\u00fc default olarak stereo denge ayar\u0131 i\u00e7in kullan\u0131l\u0131yor ancak \u00fczerine t\u0131klad\u0131\u011f\u0131n\u0131zda kar\u015f\u0131n\u0131za Stereo Pan se\u00e7ene\u011fi \u00e7\u0131k\u0131yor. Bu se\u00e7enekte iki ba\u011f\u0131ms\u0131z pan kontrol\u00fc bulunmuyor ancak tek bir kontrol ile stereo kanal\u0131n stereo panorama i\u00e7indeki da\u011f\u0131l\u0131m\u0131n\u0131 ayarlayabiliyorsunuz.<\/p>\n\n\n\n<div class=\"wp-block-image\"><figure class=\"aligncenter size-large\"><img loading=\"lazy\" width=\"702\" height=\"465\" src=\"https:\/\/www.ufukonen.com\/tr\/wp-content\/uploads\/DAW_Gercek_Pan_Kontrol_02_Logic_1.png\" alt=\"\" class=\"wp-image-6128\" srcset=\"https:\/\/www.ufukonen.com\/tr\/wp-content\/uploads\/DAW_Gercek_Pan_Kontrol_02_Logic_1.png 702w, https:\/\/www.ufukonen.com\/tr\/wp-content\/uploads\/DAW_Gercek_Pan_Kontrol_02_Logic_1-300x199.png 300w, https:\/\/www.ufukonen.com\/tr\/wp-content\/uploads\/DAW_Gercek_Pan_Kontrol_02_Logic_1-552x366.png 552w\" sizes=\"(max-width: 702px) 100vw, 702px\" \/><\/figure><\/div>\n\n\n\n<p>Alternatif olarak programla birlikte gelen Direction Mixer adl\u0131 plug-in&#8217;i kullanabilirsiniz. Plug-in \u00fczerindeki Direction kontrol\u00fc ile stereo kanal\u0131n merkezini stereo panorama i\u00e7inde istedi\u011finiz bir yere konumland\u0131r\u0131p, Stereo Spread kontrol\u00fc ile de stereo kanal\u0131n geni\u015fli\u011fini ayarlayabilirsiniz.<\/p>\n\n\n\n<div class=\"wp-block-image\"><figure class=\"aligncenter size-large is-resized\"><img loading=\"lazy\" src=\"https:\/\/www.ufukonen.com\/tr\/wp-content\/uploads\/DAW_Gercek_Pan_Kontrol_02_Logic_2.png\" alt=\"\" class=\"wp-image-6129\" width=\"317\" height=\"309\" srcset=\"https:\/\/www.ufukonen.com\/tr\/wp-content\/uploads\/DAW_Gercek_Pan_Kontrol_02_Logic_2.png 422w, https:\/\/www.ufukonen.com\/tr\/wp-content\/uploads\/DAW_Gercek_Pan_Kontrol_02_Logic_2-300x293.png 300w\" sizes=\"(max-width: 317px) 100vw, 317px\" \/><\/figure><\/div>\n\n\n\n<div style=\"height:25px\" aria-hidden=\"true\" class=\"wp-block-spacer\"><\/div>\n\n\n\n<h3>Studio One (Presonus)<\/h3>\n\n\n\n<p>Studio One i\u00e7inde ger\u00e7ek stereo pan kontrol\u00fc i\u00e7in programla birlikte gelen Dual Pan adl\u0131 plug-in&#8217;i kullanabilirsiniz. Bu plug-in sayesinde t\u0131pk\u0131 Pro Tools i\u00e7inde oldu\u011fu gibi &#8216;old school&#8217; ger\u00e7ek stereo pan kontrol\u00fc yapabilirsiniz!<\/p>\n\n\n\n<figure class=\"wp-block-image size-large\"><img loading=\"lazy\" width=\"1000\" height=\"272\" src=\"https:\/\/www.ufukonen.com\/tr\/wp-content\/uploads\/DAW_Gercek_Pan_Kontrol_02_StudioOne.jpg\" alt=\"\" class=\"wp-image-6130\" srcset=\"https:\/\/www.ufukonen.com\/tr\/wp-content\/uploads\/DAW_Gercek_Pan_Kontrol_02_StudioOne.jpg 1000w, https:\/\/www.ufukonen.com\/tr\/wp-content\/uploads\/DAW_Gercek_Pan_Kontrol_02_StudioOne-300x82.jpg 300w, https:\/\/www.ufukonen.com\/tr\/wp-content\/uploads\/DAW_Gercek_Pan_Kontrol_02_StudioOne-768x209.jpg 768w, https:\/\/www.ufukonen.com\/tr\/wp-content\/uploads\/DAW_Gercek_Pan_Kontrol_02_StudioOne-552x150.jpg 552w\" sizes=\"(max-width: 1000px) 100vw, 1000px\" \/><\/figure>\n\n\n\n<p>Ke\u015fke bu \u00f6zelli\u011fi mikserin i\u00e7ine de koysalarm\u0131\u015f!<\/p>\n\n\n\n<div style=\"height:50px\" aria-hidden=\"true\" class=\"wp-block-spacer\"><\/div>\n\n\n\n<figure class=\"wp-block-image size-large\"><a href=\"https:\/\/www.ufukonen.com\/tr\/stereo-pan-stereo-denge-fark.html\" target=\"_blank\" rel=\"noopener noreferrer\"><img loading=\"lazy\" width=\"1024\" height=\"576\" src=\"https:\/\/www.ufukonen.com\/tr\/wp-content\/uploads\/StereoPan_StereoDenge_00_Header-1024x576.jpg\" alt=\"\" class=\"wp-image-6133\" srcset=\"https:\/\/www.ufukonen.com\/tr\/wp-content\/uploads\/StereoPan_StereoDenge_00_Header-1024x576.jpg 1024w, https:\/\/www.ufukonen.com\/tr\/wp-content\/uploads\/StereoPan_StereoDenge_00_Header-300x169.jpg 300w, https:\/\/www.ufukonen.com\/tr\/wp-content\/uploads\/StereoPan_StereoDenge_00_Header-768x432.jpg 768w, https:\/\/www.ufukonen.com\/tr\/wp-content\/uploads\/StereoPan_StereoDenge_00_Header-1536x864.jpg 1536w, https:\/\/www.ufukonen.com\/tr\/wp-content\/uploads\/StereoPan_StereoDenge_00_Header-1140x641.jpg 1140w, https:\/\/www.ufukonen.com\/tr\/wp-content\/uploads\/StereoPan_StereoDenge_00_Header-552x311.jpg 552w, https:\/\/www.ufukonen.com\/tr\/wp-content\/uploads\/StereoPan_StereoDenge_00_Header.jpg 1920w\" sizes=\"(max-width: 1024px) 100vw, 1024px\" \/><\/a><figcaption>\u0130lgili yaz\u0131: <a href=\"https:\/\/www.ufukonen.com\/tr\/stereo-pan-stereo-denge-fark.html\" target=\"_blank\" rel=\"noreferrer noopener\">Stereo Pan ve Stereo Denge Kontrol\u00fc Aras\u0131ndaki Fark<\/a><\/figcaption><\/figure>\n\n\n\n<div style=\"height:25px\" aria-hidden=\"true\" class=\"wp-block-spacer\"><\/div>\n\n\n\n<figure class=\"wp-block-image size-large\"><a href=\"https:\/\/www.ufukonen.com\/tr\/pan-kurallari.html\" target=\"_blank\" rel=\"noopener noreferrer\"><img loading=\"lazy\" width=\"1024\" height=\"576\" src=\"https:\/\/www.ufukonen.com\/tr\/wp-content\/uploads\/Pan_Kurallari_1024x576-1024x576.jpg\" alt=\"\" class=\"wp-image-3542\" srcset=\"https:\/\/www.ufukonen.com\/tr\/wp-content\/uploads\/Pan_Kurallari_1024x576.jpg 1024w, https:\/\/www.ufukonen.com\/tr\/wp-content\/uploads\/Pan_Kurallari_1024x576-300x169.jpg 300w, https:\/\/www.ufukonen.com\/tr\/wp-content\/uploads\/Pan_Kurallari_1024x576-768x432.jpg 768w\" sizes=\"(max-width: 1024px) 100vw, 1024px\" \/><\/a><figcaption>\u0130lgili yaz\u0131: <a href=\"https:\/\/www.ufukonen.com\/tr\/pan-kurallari.html\" target=\"_blank\" rel=\"noreferrer noopener\">Pan Kurallar\u0131<\/a><\/figcaption><\/figure>\n\n\n\n<div style=\"height:25px\" aria-hidden=\"true\" class=\"wp-block-spacer\"><\/div>\n\n\n\n<figure class=\"wp-block-image size-large\"><a href=\"https:\/\/www.ufukonen.com\/tr\/mikste-stereo-panorama-ile-ilgili-birkac-not-1-bolum.html\" target=\"_blank\" rel=\"noopener noreferrer\"><img loading=\"lazy\" width=\"1024\" height=\"576\" src=\"https:\/\/www.ufukonen.com\/tr\/wp-content\/uploads\/Mikste_Stereo_Panorama_01-1024x576.jpg\" alt=\"\" class=\"wp-image-3768\" srcset=\"https:\/\/www.ufukonen.com\/tr\/wp-content\/uploads\/Mikste_Stereo_Panorama_01-1024x576.jpg 1024w, https:\/\/www.ufukonen.com\/tr\/wp-content\/uploads\/Mikste_Stereo_Panorama_01-300x169.jpg 300w, https:\/\/www.ufukonen.com\/tr\/wp-content\/uploads\/Mikste_Stereo_Panorama_01-768x432.jpg 768w, https:\/\/www.ufukonen.com\/tr\/wp-content\/uploads\/Mikste_Stereo_Panorama_01.jpg 1280w\" sizes=\"(max-width: 1024px) 100vw, 1024px\" \/><\/a><figcaption>\u0130lgili yaz\u0131: <a href=\"https:\/\/www.ufukonen.com\/tr\/mikste-stereo-panorama-ile-ilgili-birkac-not-1-bolum.html\" target=\"_blank\" rel=\"noreferrer noopener\">Mikste Stereo Panorama \u0130le \u0130lgili Birka\u00e7 Not<\/a><\/figcaption><\/figure>\n\n\n\n<div style=\"height:50px\" aria-hidden=\"true\" class=\"wp-block-spacer\"><\/div>\n\n\n\n<p>Teknik terimler i\u00e7in <a href=\"http:\/\/www.ufukonen.com\/tr\/ses-kayit-muzik-teknolojisi-terimler-sozluk.html\">m\u00fczik teknolojisi, m\u00fczik prod\u00fcksiyonu ve ses kay\u0131t terimleri s\u00f6zl\u00fc\u011f\u00fcne<\/a> g\u00f6z atabilirsiniz.<\/p>\n\n\n\n<p>Benzer payla\u015f\u0131mlar i\u00e7in beni <a rel=\"noreferrer noopener\" href=\"https:\/\/www.facebook.com\/ufukonen.skmt\/\" target=\"_blank\">Facebook<\/a>, <a rel=\"noreferrer noopener\" aria-label=\"Instagram (opens in a new tab)\" href=\"https:\/\/www.instagram.com\/ufukonen\/\" target=\"_blank\">Instagram<\/a> ve <a rel=\"noreferrer noopener\" href=\"https:\/\/twitter.com\/UfukOnen\" target=\"_blank\">Twitter<\/a>&#8216;da takip edebilir, haberler i\u00e7in <a rel=\"noreferrer noopener\" href=\"http:\/\/ufukonen.com\/tr\/ses-kayit-muzik-teknolojisi-terimler-sozluk.html\" target=\"_blank\">mesaj listeme \u00fcye olabilirsiniz<\/a>. Te\u015fekk\u00fcrler.<\/p>\n\n\n\n<p>Ba\u015fl\u0131k foto\u011fraf\u0131: Ufuk \u00d6nen<\/p>\n\n\n\n<p>\u00a9 2020 Ufuk \u00d6nen. Her hakk\u0131 sakl\u0131d\u0131r. \u0130zinsiz kullan\u0131lamaz.<\/p>\n","protected":false},"excerpt":{"rendered":"<p class=\"post-excerpt\">Baz\u0131 DAW mikserlerinde stereo kanallar i\u00e7in tek bir pan kontrol\u00fc bulunuyor ve bu kontrol &#8220;ger\u00e7ek&#8221; stereo pan de\u011fil de stereo&#8230;<\/p>\n","protected":false},"author":2,"featured_media":6135,"comment_status":"closed","ping_status":"closed","sticky":false,"template":"","format":"standard","meta":{"_mi_skip_tracking":false,"spay_email":"","jetpack_publicize_message":"","jetpack_is_tweetstorm":false,"jetpack_publicize_feature_enabled":true},"categories":[18],"tags":[],"jetpack_featured_media_url":"https:\/\/www.ufukonen.com\/tr\/wp-content\/uploads\/DAW_Gercek_Pan_Kontrol_00_Header.jpg","jetpack_publicize_connections":[],"jetpack_shortlink":"https:\/\/wp.me\/p3rjsG-1AA","jetpack_sharing_enabled":true,"jetpack-related-posts":[{"id":7335,"url":"https:\/\/www.ufukonen.com\/tr\/stereo-pan-hakkinda-her-sey.html","url_meta":{"origin":6112,"position":0},"title":"Stereo Pan Hakk\u0131nda Her \u015eey","date":"April 18, 2022","format":false,"excerpt":"Panorama, enstr\u00fcman ve seslerin miks i\u00e7indeki pozisyonlar\u0131d\u0131r. Standart bir stereo sistemde sol ve sa\u011f olmak \u00fczere toplam iki hoparl\u00f6r bulunur. Sa\u011f ve sol hoparl\u00f6rlerin birle\u015fimi, ya da di\u011fer bir deyi\u015fle kar\u0131\u015f\u0131m\u0131, orta (center) kanal\u0131 olu\u015fturur. Stereo sistemde sa\u011f ve sol hoparl\u00f6rlerin birle\u015fmesi ile olu\u015fturulan bu orta kanal dinleyici \u00fczerinde sanki\u2026","rel":"","context":"In &quot;Ses ve M\u00fczik Teknolojileri&quot;","img":{"alt_text":"","src":"https:\/\/i0.wp.com\/www.ufukonen.com\/tr\/wp-content\/uploads\/Stereo_Pan_Hakkinda_Her_Sey_00_Header.jpg?resize=350%2C200&ssl=1","width":350,"height":200},"classes":[]},{"id":6111,"url":"https:\/\/www.ufukonen.com\/tr\/stereo-pan-stereo-denge-fark.html","url_meta":{"origin":6112,"position":1},"title":"Stereo Pan ve Stereo Denge Kontrol\u00fc Aras\u0131ndaki Fark","date":"October 19, 2020","format":false,"excerpt":"DAW i\u00e7indeki mikserlerde hem stereo hem de mono kanallar i\u00e7in pan kontrol d\u00fc\u011fmesi bulunur. Mono kanallar i\u00e7in pan i\u015fleyi\u015fi b\u00fct\u00fcn DAW ve mikser i\u00e7in ayn\u0131d\u0131r: Pan ayar\u0131n\u0131 sola yat\u0131r\u0131rsan\u0131z ses sol hoparl\u00f6rden, sa\u011fa yat\u0131r\u0131rsan\u0131z ses sa\u011f hoparl\u00f6rden gelir. Tabii tam sol veya tam sa\u011fa yat\u0131rmak zorunda de\u011filsiniz. \u00d6rnek olarak, sesi\u2026","rel":"","context":"In &quot;Ses ve M\u00fczik Teknolojileri&quot;","img":{"alt_text":"","src":"https:\/\/i0.wp.com\/www.ufukonen.com\/tr\/wp-content\/uploads\/StereoPan_StereoDenge_00_Header.jpg?resize=350%2C200&ssl=1","width":350,"height":200},"classes":[]},{"id":6224,"url":"https:\/\/www.ufukonen.com\/tr\/spectral-pan.html","url_meta":{"origin":6112,"position":2},"title":"Spectral Pan: Frekans Bazl\u0131 Pan Tekni\u011fi","date":"November 30, 2020","format":false,"excerpt":"\"Geleneksel\" teknikler kullanarak stereo panorama i\u00e7inde bir sinyalin konumunu ayarlarken frekans i\u00e7eri\u011fi dikkate al\u0131nmaz. \u00d6rnek olarak, mono (tek kanal) bir sinyali stereo panorama i\u00e7inde istedi\u011fimiz bir noktaya pan'lad\u0131\u011f\u0131m\u0131zda sinyalin tamam\u0131n\u0131 (frekans ayr\u0131m\u0131 yapmadan) o noktaya konumland\u0131rm\u0131\u015f oluruz. Bir ba\u015fka \u00f6rnek olarak, stereo (iki kanal) bir sinyali stereo pan ya da\u2026","rel":"","context":"In &quot;Ses ve M\u00fczik Teknolojileri&quot;","img":{"alt_text":"","src":"https:\/\/i0.wp.com\/www.ufukonen.com\/tr\/wp-content\/uploads\/SpectralPan_00_Header.jpg?resize=350%2C200&ssl=1","width":350,"height":200},"classes":[]},{"id":6954,"url":"https:\/\/www.ufukonen.com\/tr\/aes-151-all-about-stereo-panning.html","url_meta":{"origin":6112,"position":3},"title":"AES 151: All About Stereo Panning (Stereo Pan Hakk\u0131nda Her \u015eey)","date":"October 25, 2021","format":false,"excerpt":"Audio Engineering Society (AES) 151. kongresinde \"All About Stereo Panning\" (Stereo Pan Hakk\u0131nda Her \u015eey) ba\u015fl\u0131kl\u0131 bir sunum yapt\u0131m. Sunum, 20 Ekim 2021 \u00c7ar\u015famba g\u00fcn\u00fc teknik program\u0131n a\u00e7\u0131l\u0131\u015f\u0131nda, a\u00e7\u0131l\u0131\u015f seremonisi ile Peter Asher'\u0131n keynote konu\u015fmas\u0131 aras\u0131nda ger\u00e7ekle\u015fti. \u0130zlenme a\u00e7\u0131s\u0131ndan istesem de daha iyi bir saatte olamazd\u0131. Tabii Peter Asher (James\u2026","rel":"","context":"In &quot;Konferans&quot;","img":{"alt_text":"","src":"https:\/\/i0.wp.com\/www.ufukonen.com\/tr\/wp-content\/uploads\/AES-151-All-About-Stereo-Panning_00_Header.jpg?resize=350%2C200&ssl=1","width":350,"height":200},"classes":[]},{"id":6267,"url":"https:\/\/www.ufukonen.com\/tr\/2020-en-cok-okunan.html","url_meta":{"origin":6112,"position":4},"title":"2020 \u0130\u00e7inde En \u00c7ok Okunan Blog Yaz\u0131lar\u0131m","date":"December 21, 2020","format":false,"excerpt":"2020'yi kapat\u0131rken y\u0131l i\u00e7inde en \u00e7ok okunan blog yaz\u0131lar\u0131m\u0131 sizlerle payla\u015fmak istedim. \u0130ki liste haz\u0131rlad\u0131m: Birincisi, en \u00e7ok okunan 2020 tarihli yaz\u0131lar\u0131m; ikincisi ise \u00f6nceki y\u0131llarda (2012-2019) yay\u0131nlanm\u0131\u015f olan yaz\u0131lardan 2020 i\u00e7inde en \u00e7ok okunanlar. Yaz\u0131lar\u0131, ba\u015fl\u0131klar\u0131n\u0131n ya da g\u00f6rsellerinin \u00fczerine t\u0131klayarak okuyabilirsiniz. G\u00f6stermi\u015f oldu\u011funuz ilgi i\u00e7in \u00e7ok te\u015fekk\u00fcr ederim!\u2026","rel":"","context":"In &quot;M\u00fczik End\u00fcstrisi&quot;","img":{"alt_text":"","src":"https:\/\/i0.wp.com\/www.ufukonen.com\/tr\/wp-content\/uploads\/2020-en-cok-okunan_720.jpg?resize=350%2C200&ssl=1","width":350,"height":200},"classes":[]},{"id":3759,"url":"https:\/\/www.ufukonen.com\/tr\/mikste-stereo-panorama-ile-ilgili-birkac-not-2-bolum.html","url_meta":{"origin":6112,"position":5},"title":"Mikste Stereo Panorama \u0130le \u0130lgili Birka\u00e7 Not (2. B\u00f6l\u00fcm)","date":"March 26, 2018","format":false,"excerpt":"Yaz\u0131n\u0131n ilk b\u00f6l\u00fcm\u00fcnde modern mikslerin hemen hemen hepsinde kick, trampet, bas gitar ve ana vokallerin stereo panorama i\u00e7inde orta noktaya yerle\u015ftirildi\u011fini s\u00f6ylemi\u015f daha sonra vokal ile bas gitar ve alt frekans a\u011f\u0131rl\u0131kl\u0131 enstr\u00fcmanlar hakk\u0131nda baz\u0131 g\u00f6r\u00fc\u015fler payla\u015fm\u0131\u015ft\u0131m (birinci b\u00f6l\u00fcme buraya t\u0131klayarak ula\u015fabilirsiniz). Yaz\u0131n\u0131n ikinci ve son b\u00f6l\u00fcm\u00fcnde davul, stereo \u00e7\u0131k\u0131\u015fl\u0131\u2026","rel":"","context":"In &quot;M\u00fczik Prod\u00fcksiyonu&quot;","img":{"alt_text":"","src":"https:\/\/i0.wp.com\/www.ufukonen.com\/tr\/wp-content\/uploads\/Mikste_Stereo_Panorama_02.jpg?resize=350%2C200&ssl=1","width":350,"height":200},"classes":[]}],"_links":{"self":[{"href":"https:\/\/www.ufukonen.com\/tr\/wp-json\/wp\/v2\/posts\/6112"}],"collection":[{"href":"https:\/\/www.ufukonen.com\/tr\/wp-json\/wp\/v2\/posts"}],"about":[{"href":"https:\/\/www.ufukonen.com\/tr\/wp-json\/wp\/v2\/types\/post"}],"author":[{"embeddable":true,"href":"https:\/\/www.ufukonen.com\/tr\/wp-json\/wp\/v2\/users\/2"}],"replies":[{"embeddable":true,"href":"https:\/\/www.ufukonen.com\/tr\/wp-json\/wp\/v2\/comments?post=6112"}],"version-history":[{"count":8,"href":"https:\/\/www.ufukonen.com\/tr\/wp-json\/wp\/v2\/posts\/6112\/revisions"}],"predecessor-version":[{"id":6140,"href":"https:\/\/www.ufukonen.com\/tr\/wp-json\/wp\/v2\/posts\/6112\/revisions\/6140"}],"wp:featuredmedia":[{"embeddable":true,"href":"https:\/\/www.ufukonen.com\/tr\/wp-json\/wp\/v2\/media\/6135"}],"wp:attachment":[{"href":"https:\/\/www.ufukonen.com\/tr\/wp-json\/wp\/v2\/media?parent=6112"}],"wp:term":[{"taxonomy":"category","embeddable":true,"href":"https:\/\/www.ufukonen.com\/tr\/wp-json\/wp\/v2\/categories?post=6112"},{"taxonomy":"post_tag","embeddable":true,"href":"https:\/\/www.ufukonen.com\/tr\/wp-json\/wp\/v2\/tags?post=6112"}],"curies":[{"name":"wp","href":"https:\/\/api.w.org\/{rel}","templated":true}]}}