{"id":6157,"date":"2020-11-02T01:00:00","date_gmt":"2020-11-01T22:00:00","guid":{"rendered":"https:\/\/www.ufukonen.com\/tr\/?p=6157"},"modified":"2020-11-22T22:29:30","modified_gmt":"2020-11-22T19:29:30","slug":"trampet-reverb-bir-tuyo","status":"publish","type":"post","link":"https:\/\/www.ufukonen.com\/tr\/trampet-reverb-bir-tuyo.html","title":{"rendered":"Trampet ve Reverb: Bir T\u00fcyo"},"content":{"rendered":"\n<p>Bir\u00e7ok mikste en y\u00fcksek seviyeli \u00f6gelerden biri trampet oluyor. Kendi seviyesi oldu\u011fu kadar reverb seviyesi de olduk\u00e7a y\u00fcksek oluyor. Bu durumda trampet i\u00e7in kulland\u0131\u011f\u0131n\u0131z reverb&#8217;\u00fcn miksi \u00e7amurlu bir hale getirmesini ve kar\u0131\u015f\u0131kl\u0131\u011fa yol a\u00e7mas\u0131n\u0131 \u00f6nlemek \u00e7ok \u00f6nemli bir hale geliyor. Bu noktada kulland\u0131\u011f\u0131n\u0131z reverb program\u0131n\u0131n reverb s\u00fcresi (reverb time) devreye giriyor.<\/p>\n\n\n\n<p>Mikste kar\u0131\u015f\u0131kl\u0131\u011fa yol a\u00e7madan trampet reverb&#8217;\u00fcn\u00fc y\u00fcksek tutman\u0131n yolu, decay time olarak da adland\u0131r\u0131lan reverb s\u00fcresini par\u00e7an\u0131n temposuna g\u00f6re ayarlamaktan ge\u00e7iyor.<\/p>\n\n\n\n<p>Reverb s\u00fcresini par\u00e7an\u0131n temposuna g\u00f6re ayarlamaktan kastetti\u011fim reverb \u00fczerindeki reverb time veya decay time parametresini reverb\u2019\u00fcn kuyru\u011fu bir sonraki trampet vuru\u015fundan hemen \u00f6nce s\u00f6necek ya da bitecek \u015fekilde ayarlamak.<\/p>\n\n\n\n<p>Bunun kulakla ve form\u00fclle nas\u0131l yap\u0131ld\u0131\u011f\u0131n\u0131 &#8220;<a href=\"https:\/\/www.ufukonen.com\/tr\/reverb-decay-pre-delay.html\" target=\"_blank\" rel=\"noreferrer noopener\">Reverb \u00dczerindeki Decay ve Pre-Delay Parametrelerinin <\/a>Ayarlanmas\u0131&#8221; ba\u015fl\u0131kl\u0131 yaz\u0131mda anlatm\u0131\u015ft\u0131m.<\/p>\n\n\n\n<p>Di\u011fer bir yol ise iki trampet aras\u0131ndaki s\u00fcreyi \u00f6l\u00e7mek. DAW i\u00e7inde bunu yapmak \u00e7ok kolay!<\/p>\n\n\n\n<figure class=\"wp-block-image size-large\"><a href=\"https:\/\/www.ufukonen.com\/tr\/wp-content\/uploads\/Trampet_Reverb_Bir_Tuyo_1.png\" target=\"_blank\" rel=\"noopener noreferrer\"><img loading=\"lazy\" width=\"1024\" height=\"262\" src=\"https:\/\/www.ufukonen.com\/tr\/wp-content\/uploads\/Trampet_Reverb_Bir_Tuyo_1-1024x262.png\" alt=\"\" class=\"wp-image-6159\" srcset=\"https:\/\/www.ufukonen.com\/tr\/wp-content\/uploads\/Trampet_Reverb_Bir_Tuyo_1-1024x262.png 1024w, https:\/\/www.ufukonen.com\/tr\/wp-content\/uploads\/Trampet_Reverb_Bir_Tuyo_1-300x77.png 300w, https:\/\/www.ufukonen.com\/tr\/wp-content\/uploads\/Trampet_Reverb_Bir_Tuyo_1-768x197.png 768w, https:\/\/www.ufukonen.com\/tr\/wp-content\/uploads\/Trampet_Reverb_Bir_Tuyo_1-1536x394.png 1536w, https:\/\/www.ufukonen.com\/tr\/wp-content\/uploads\/Trampet_Reverb_Bir_Tuyo_1-1140x292.png 1140w, https:\/\/www.ufukonen.com\/tr\/wp-content\/uploads\/Trampet_Reverb_Bir_Tuyo_1-552x141.png 552w, https:\/\/www.ufukonen.com\/tr\/wp-content\/uploads\/Trampet_Reverb_Bir_Tuyo_1.png 1920w\" sizes=\"(max-width: 1024px) 100vw, 1024px\" \/><\/a><\/figure>\n\n\n\n<p>Birinci trampetin ba\u015flang\u0131\u00e7 noktas\u0131ndan ikinci trampetin ba\u015flang\u0131\u00e7 noktas\u0131na kadar olan alan\u0131 se\u00e7in.<\/p>\n\n\n\n<figure class=\"wp-block-image size-large\"><a href=\"https:\/\/www.ufukonen.com\/tr\/wp-content\/uploads\/Trampet_Reverb_Bir_Tuyo_2.png\" target=\"_blank\" rel=\"noopener noreferrer\"><img loading=\"lazy\" width=\"1024\" height=\"262\" src=\"https:\/\/www.ufukonen.com\/tr\/wp-content\/uploads\/Trampet_Reverb_Bir_Tuyo_2-1024x262.png\" alt=\"\" class=\"wp-image-6160\" srcset=\"https:\/\/www.ufukonen.com\/tr\/wp-content\/uploads\/Trampet_Reverb_Bir_Tuyo_2-1024x262.png 1024w, https:\/\/www.ufukonen.com\/tr\/wp-content\/uploads\/Trampet_Reverb_Bir_Tuyo_2-300x77.png 300w, https:\/\/www.ufukonen.com\/tr\/wp-content\/uploads\/Trampet_Reverb_Bir_Tuyo_2-768x196.png 768w, https:\/\/www.ufukonen.com\/tr\/wp-content\/uploads\/Trampet_Reverb_Bir_Tuyo_2-1536x393.png 1536w, https:\/\/www.ufukonen.com\/tr\/wp-content\/uploads\/Trampet_Reverb_Bir_Tuyo_2-1140x292.png 1140w, https:\/\/www.ufukonen.com\/tr\/wp-content\/uploads\/Trampet_Reverb_Bir_Tuyo_2-552x141.png 552w, https:\/\/www.ufukonen.com\/tr\/wp-content\/uploads\/Trampet_Reverb_Bir_Tuyo_2.png 1920w\" sizes=\"(max-width: 1024px) 100vw, 1024px\" \/><\/a><\/figure>\n\n\n\n<p>Se\u00e7iminizin s\u00fcresinin saniye veya milisaniye cinsinden ne kadar oldu\u011funu kontrol edin. Benim \u00f6rne\u011fimde bu s\u00fcre 979 milisaniye \u00e7\u0131kt\u0131.<\/p>\n\n\n\n<figure class=\"wp-block-image size-large\"><a href=\"https:\/\/www.ufukonen.com\/tr\/wp-content\/uploads\/Trampet_Reverb_Bir_Tuyo_3.png\" target=\"_blank\" rel=\"noopener noreferrer\"><img loading=\"lazy\" width=\"1024\" height=\"180\" src=\"https:\/\/www.ufukonen.com\/tr\/wp-content\/uploads\/Trampet_Reverb_Bir_Tuyo_3-1024x180.png\" alt=\"\" class=\"wp-image-6161\" srcset=\"https:\/\/www.ufukonen.com\/tr\/wp-content\/uploads\/Trampet_Reverb_Bir_Tuyo_3-1024x180.png 1024w, https:\/\/www.ufukonen.com\/tr\/wp-content\/uploads\/Trampet_Reverb_Bir_Tuyo_3-300x53.png 300w, https:\/\/www.ufukonen.com\/tr\/wp-content\/uploads\/Trampet_Reverb_Bir_Tuyo_3-768x135.png 768w, https:\/\/www.ufukonen.com\/tr\/wp-content\/uploads\/Trampet_Reverb_Bir_Tuyo_3-1140x200.png 1140w, https:\/\/www.ufukonen.com\/tr\/wp-content\/uploads\/Trampet_Reverb_Bir_Tuyo_3-552x97.png 552w, https:\/\/www.ufukonen.com\/tr\/wp-content\/uploads\/Trampet_Reverb_Bir_Tuyo_3.png 1231w\" sizes=\"(max-width: 1024px) 100vw, 1024px\" \/><\/a><\/figure>\n\n\n\n<p>Bu s\u00fcre size reverb (decay) time parametresini ayarlaman\u0131z i\u00e7in gereken de\u011feri verecektir.<\/p>\n\n\n\n<p>Reverb\/decay time = 979 ms<\/p>\n\n\n\n<p>Burada dikkat edilmesi gereken bir nokta var: Reverb kuyru\u011funun seviyesi d\u00fc\u015ft\u00fck\u00e7e bir noktada miks i\u00e7inde duyulmaz hale gelebilir. Bu sebepten dolay\u0131 reverb s\u00fcresini ayarlarken \u00f6l\u00e7t\u00fc\u011f\u00fcn\u00fcz s\u00fcreden biraz daha uzun bir s\u00fcre kullanabilirsiniz. Buna dinleyerek karar verebilirsiniz. Son s\u00f6z\u00fc her zaman kulak s\u00f6yler.<\/p>\n\n\n\n<p>Par\u00e7an\u0131n temposu yava\u015flad\u0131k\u00e7a reverb s\u00fcresinin de uzayaca\u011f\u0131n\u0131 unutmay\u0131n.<\/p>\n\n\n\n<p>Son olarak, sesin k\u0131sa reverb s\u00fcreleri ile daha &#8220;b\u00fcy\u00fck&#8221;, uzun reverb s\u00fcreleri ile ise daha &#8220;uzak&#8221; hale geldi\u011fini hat\u0131rlatmak isterim.<\/p>\n\n\n\n<div style=\"height:50px\" aria-hidden=\"true\" class=\"wp-block-spacer\"><\/div>\n\n\n\n<p>Teknik terimler i\u00e7in <a href=\"http:\/\/www.ufukonen.com\/tr\/ses-kayit-muzik-teknolojisi-terimler-sozluk.html\">m\u00fczik teknolojisi, m\u00fczik prod\u00fcksiyonu ve ses kay\u0131t terimleri s\u00f6zl\u00fc\u011f\u00fcne<\/a> g\u00f6z atabilirsiniz.<\/p>\n\n\n\n<p>Benzer payla\u015f\u0131mlar i\u00e7in beni <a rel=\"noreferrer noopener\" href=\"https:\/\/www.facebook.com\/ufukonen.skmt\/\" target=\"_blank\">Facebook<\/a>, <a rel=\"noreferrer noopener\" aria-label=\"Instagram (opens in a new tab)\" href=\"https:\/\/www.instagram.com\/ufukonen\/\" target=\"_blank\">Instagram<\/a> ve <a rel=\"noreferrer noopener\" href=\"https:\/\/twitter.com\/UfukOnen\" target=\"_blank\">Twitter<\/a>&#8216;da takip edebilir, haberler i\u00e7in <a rel=\"noreferrer noopener\" href=\"http:\/\/ufukonen.com\/tr\/ses-kayit-muzik-teknolojisi-terimler-sozluk.html\" target=\"_blank\">mesaj listeme \u00fcye olabilirsiniz<\/a>. Te\u015fekk\u00fcrler.<\/p>\n\n\n\n<p>Ba\u015fl\u0131k foto\u011fraf\u0131:\u00a0<a rel=\"noreferrer noopener\" href=\"https:\/\/unsplash.com\/@matthijssm?utm_source=unsplash&amp;utm_medium=referral&amp;utm_content=creditCopyText\" target=\"_blank\">Matthijs Smit<\/a> |\u00a0<a rel=\"noreferrer noopener\" href=\"https:\/\/unsplash.com\/s\/photos\/snare?utm_source=unsplash&amp;utm_medium=referral&amp;utm_content=creditCopyText\" target=\"_blank\">Unsplash<\/a><\/p>\n\n\n\n<p>\u00a9 2020 Ufuk \u00d6nen. Her hakk\u0131 sakl\u0131d\u0131r. \u0130zinsiz kullan\u0131lamaz.<\/p>\n","protected":false},"excerpt":{"rendered":"<p class=\"post-excerpt\">Bir\u00e7ok mikste en y\u00fcksek seviyeli \u00f6gelerden biri trampet oluyor. Kendi seviyesi oldu\u011fu kadar reverb seviyesi de olduk\u00e7a y\u00fcksek oluyor. Bu&#8230;<\/p>\n","protected":false},"author":2,"featured_media":6163,"comment_status":"closed","ping_status":"open","sticky":false,"template":"","format":"standard","meta":{"_mi_skip_tracking":false,"spay_email":"","jetpack_publicize_message":"","jetpack_is_tweetstorm":false,"jetpack_publicize_feature_enabled":true},"categories":[16],"tags":[],"jetpack_featured_media_url":"https:\/\/www.ufukonen.com\/tr\/wp-content\/uploads\/Trampet_Reverb_Bir_Tuyo_0_Header.jpg","jetpack_publicize_connections":[],"jetpack_shortlink":"https:\/\/wp.me\/p3rjsG-1Bj","jetpack_sharing_enabled":true,"jetpack-related-posts":[{"id":3639,"url":"https:\/\/www.ufukonen.com\/tr\/reverb-decay-pre-delay.html","url_meta":{"origin":6157,"position":0},"title":"Reverb \u00dczerindeki Decay ve Pre-Delay Parametrelerinin Ayarlanmas\u0131","date":"February 5, 2018","format":false,"excerpt":"Reverb \u00fczerindeki decay ve pre-delay parametreleri par\u00e7an\u0131n temposuna g\u00f6re ayarlan\u0131rsa reverb'\u00fcn sesi \u00e7amurlu bir hale getirmeden ve mikste kar\u0131\u015f\u0131kl\u0131k yaratmadan m\u00fczi\u011fin i\u00e7ine oturmas\u0131 \u00e7ok daha kolay olur. Profesyonel miks m\u00fchendisleri mikslerinde reverb kullan\u0131rken \u00f6zellikle bu iki parametreye \u00e7ok dikkat ederler. \u00a0 Decay Decay parametresini par\u00e7an\u0131n temposuna g\u00f6re ayarlaman\u0131n iki yolu\u2026","rel":"","context":"In &quot;M\u00fczik Prod\u00fcksiyonu&quot;","img":{"alt_text":"","src":"https:\/\/i0.wp.com\/www.ufukonen.com\/tr\/wp-content\/uploads\/Reverb_Decay_Pre-Delay.jpg?resize=350%2C200&ssl=1","width":350,"height":200},"classes":[]},{"id":6435,"url":"https:\/\/www.ufukonen.com\/tr\/cift-reverb-kullanimi.html","url_meta":{"origin":6157,"position":1},"title":"\u00c7ift Reverb Kullan\u0131m\u0131: Bir T\u00fcyo","date":"March 8, 2021","format":false,"excerpt":"Bu yaz\u0131mda sizlerle \u00e7ift reverb kullan\u0131m\u0131 ile ilgili bir t\u00fcyo payla\u015fmak istiyorum. Bu, daha \u00e7ok hem d\u00fczenleme hem de tempo a\u00e7\u0131s\u0131ndan bo\u015f alan bulunan par\u00e7alarda kullan\u0131labilecek bir t\u00fcyo. Herhangi bir sese stereo reverb ekledi\u011fimizde geni\u015f bir etki elde ediyoruz. A\u015fa\u011f\u0131daki \u00f6rnekte trampete Pro Tools'un stok plug-in'i D-Verb ile reverb ekledim.\u2026","rel":"","context":"In &quot;M\u00fczik Prod\u00fcksiyonu&quot;","img":{"alt_text":"","src":"https:\/\/i0.wp.com\/www.ufukonen.com\/tr\/wp-content\/uploads\/Cift_Reverb_Kullanimi_Bir_Tuyo_00_Header.jpg?resize=350%2C200&ssl=1","width":350,"height":200},"classes":[]},{"id":7793,"url":"https:\/\/www.ufukonen.com\/tr\/delay-soru-cevap.html","url_meta":{"origin":6157,"position":2},"title":"Delay Hakk\u0131nda 2 Soru 2 Cevap","date":"December 5, 2022","format":false,"excerpt":"Y\u0131llar i\u00e7inde delay kullan\u0131m\u0131 ile ilgili olarak bana yaz\u0131l\u0131 veya s\u00f6zl\u00fc olarak bir\u00e7ok soru soruldu. Bunlar i\u00e7inde en \u00e7ok sorulan ve sorulmaya devam eden iki soruyu bu yaz\u0131mda cevaplar\u0131yla birlikte sizlerle payla\u015fmak istiyorum. Soru #1: \"Delay s\u00fcresini her zaman par\u00e7an\u0131n temposuna g\u00f6re mi ayarlamal\u0131y\u0131m?\" Hay\u0131r. \u00c7o\u011fu zaman delay s\u00fcresini par\u00e7an\u0131n\u2026","rel":"","context":"In &quot;M\u00fczik Prod\u00fcksiyonu&quot;","img":{"alt_text":"","src":"https:\/\/i0.wp.com\/www.ufukonen.com\/tr\/wp-content\/uploads\/Delay_Soru_Cevap_00_Header.jpg?resize=350%2C200&ssl=1","width":350,"height":200},"classes":[]},{"id":5159,"url":"https:\/\/www.ufukonen.com\/tr\/plate-reverb.html","url_meta":{"origin":6157,"position":3},"title":"Plate Reverb","date":"November 4, 2019","format":false,"excerpt":"Plate reverb, elektro-mekanik temelli bir reverb sim\u00fclasyon \u00fcnitesidir. Plate reverb \u00fcnitelerinde b\u00fcy\u00fck metal levhalar bulunur. Reverb verilmek istenilen sinyal \u00fcniteye g\u00f6nderilir. Elektrik sinyali \u00fcnitenin giri\u015finde bulunan bir d\u00f6n\u00fc\u015ft\u00fcr\u00fcc\u00fc (transducer) arac\u0131l\u0131\u011f\u0131 ile mekanik titre\u015fimler olu\u015fturur. Bu titre\u015fimler levhalara yay\u0131l\u0131r. Levhalardaki titre\u015fimler bir veya birka\u00e7 y\u00fczey mikrofonu (contact microphone) arac\u0131l\u0131\u011f\u0131 ile tekrar\u2026","rel":"","context":"In &quot;Ses ve M\u00fczik Teknolojileri&quot;","img":{"alt_text":"","src":"https:\/\/i0.wp.com\/www.ufukonen.com\/tr\/wp-content\/uploads\/Plate_Reverb_WavesAbbeyRoad_rfs.jpg?resize=350%2C200&ssl=1","width":350,"height":200},"classes":[]},{"id":3637,"url":"https:\/\/www.ufukonen.com\/tr\/muzik-produksiyonlarinda-reverb-kullanimi.html","url_meta":{"origin":6157,"position":4},"title":"M\u00fczik Prod\u00fcksiyonlar\u0131nda Reverb Kullan\u0131m\u0131","date":"January 22, 2018","format":false,"excerpt":"\u00a0 M\u00fczik prod\u00fcksiyonlarda reverb kullan\u0131m\u0131n\u0131 be\u015f farkl\u0131 ama\u00e7 alt\u0131nda ele alabiliriz. \u00a0 1- Kay\u0131tl\u0131 sesi belirli bir akustik ortamdaym\u0131\u015f gibi duyurmak amac\u0131yla. Kay\u0131t yaparken enstr\u00fcman\u0131n veya ses kayna\u011f\u0131n\u0131n bulundu\u011fu mekan\u0131n akusti\u011fi yeteri kadar iyi olmayabilir veya akustik, hedeflenen ses i\u00e7in uygun olmayabilir. Bu sebeplerden dolay\u0131 miks s\u0131ras\u0131nda mekan akusti\u011fi, reverb\u2026","rel":"","context":"In &quot;M\u00fczik Prod\u00fcksiyonu&quot;","img":{"alt_text":"","src":"https:\/\/i0.wp.com\/www.ufukonen.com\/tr\/wp-content\/uploads\/Muzik_Produksiyonlarinda_Reverb.jpg?resize=350%2C200&ssl=1","width":350,"height":200},"classes":[]},{"id":7435,"url":"https:\/\/www.ufukonen.com\/tr\/kuru-efektli-sinyal-kontrast-reverb-tuyo.html","url_meta":{"origin":6157,"position":5},"title":"Kuru ve Efektli Sinyal Aras\u0131nda Kontrast Yaratmak \u0130\u00e7in Bir Reverb T\u00fcyosu","date":"June 20, 2022","format":false,"excerpt":"Bu yaz\u0131mda uygulamas\u0131 \u00e7ok basit ama do\u011fru yerde kullan\u0131ld\u0131\u011f\u0131nda olduk\u00e7a etkili olan bir reverb t\u00fcyosu payla\u015fmak istiyorum. Laf\u0131 uzatmadan hemen t\u00fcyoya ge\u00e7eyim. Reverb kanal\u0131nda pitch shifter kullan\u0131n! Evet, t\u00fcyo bu kadar basit. Reverb plug-in'ini insert etti\u011finiz aux ya da efekt kanal\u0131 \u00fczerine reverb'den \u00f6nce bir pitch shifter plug-in'i insert edin.\u2026","rel":"","context":"In &quot;M\u00fczik Prod\u00fcksiyonu&quot;","img":{"alt_text":"","src":"https:\/\/i0.wp.com\/www.ufukonen.com\/tr\/wp-content\/uploads\/Kuru_Efekt_Kontrast_Reverb_00_Header.jpg?resize=350%2C200&ssl=1","width":350,"height":200},"classes":[]}],"_links":{"self":[{"href":"https:\/\/www.ufukonen.com\/tr\/wp-json\/wp\/v2\/posts\/6157"}],"collection":[{"href":"https:\/\/www.ufukonen.com\/tr\/wp-json\/wp\/v2\/posts"}],"about":[{"href":"https:\/\/www.ufukonen.com\/tr\/wp-json\/wp\/v2\/types\/post"}],"author":[{"embeddable":true,"href":"https:\/\/www.ufukonen.com\/tr\/wp-json\/wp\/v2\/users\/2"}],"replies":[{"embeddable":true,"href":"https:\/\/www.ufukonen.com\/tr\/wp-json\/wp\/v2\/comments?post=6157"}],"version-history":[{"count":3,"href":"https:\/\/www.ufukonen.com\/tr\/wp-json\/wp\/v2\/posts\/6157\/revisions"}],"predecessor-version":[{"id":6164,"href":"https:\/\/www.ufukonen.com\/tr\/wp-json\/wp\/v2\/posts\/6157\/revisions\/6164"}],"wp:featuredmedia":[{"embeddable":true,"href":"https:\/\/www.ufukonen.com\/tr\/wp-json\/wp\/v2\/media\/6163"}],"wp:attachment":[{"href":"https:\/\/www.ufukonen.com\/tr\/wp-json\/wp\/v2\/media?parent=6157"}],"wp:term":[{"taxonomy":"category","embeddable":true,"href":"https:\/\/www.ufukonen.com\/tr\/wp-json\/wp\/v2\/categories?post=6157"},{"taxonomy":"post_tag","embeddable":true,"href":"https:\/\/www.ufukonen.com\/tr\/wp-json\/wp\/v2\/tags?post=6157"}],"curies":[{"name":"wp","href":"https:\/\/api.w.org\/{rel}","templated":true}]}}