{"id":616,"date":"2012-11-10T11:03:51","date_gmt":"2012-11-10T09:03:51","guid":{"rendered":"http:\/\/ufukonen.com\/tr\/?p=616"},"modified":"2013-01-29T12:05:49","modified_gmt":"2013-01-29T10:05:49","slug":"film-ve-medya-icin-muzik","status":"publish","type":"post","link":"https:\/\/www.ufukonen.com\/tr\/film-ve-medya-icin-muzik.html","title":{"rendered":"Film ve Medya i\u00e7in M\u00fczik"},"content":{"rendered":"<p style=\"text-align: center;\">[\u0130ngilizce. T\u00fcrk\u00e7e i\u00e7erik haz\u0131rlanmaktad\u0131r]<\/p>\n<p><img loading=\"lazy\" class=\"alignnone  wp-image-620 aligncenter\" alt=\"composer_150dpi_676w_130126\" src=\"http:\/\/ufukonen.com\/tr\/wp-content\/uploads\/composer_150dpi_676w_130126.png\" width=\"365\" height=\"2788\" srcset=\"https:\/\/www.ufukonen.com\/tr\/wp-content\/uploads\/composer_150dpi_676w_130126.png 676w, https:\/\/www.ufukonen.com\/tr\/wp-content\/uploads\/composer_150dpi_676w_130126-134x1024.png 134w\" sizes=\"(max-width: 365px) 100vw, 365px\" \/><\/p>\n<p style=\"text-align: center;\">\n","protected":false},"excerpt":{"rendered":"<p class=\"post-excerpt\">[\u0130ngilizce. T\u00fcrk\u00e7e i\u00e7erik haz\u0131rlanmaktad\u0131r]<\/p>\n","protected":false},"author":2,"featured_media":621,"comment_status":"closed","ping_status":"open","sticky":false,"template":"","format":"standard","meta":{"_mi_skip_tracking":false,"spay_email":"","jetpack_publicize_message":"","jetpack_is_tweetstorm":false,"jetpack_publicize_feature_enabled":true},"categories":[1],"tags":[],"jetpack_featured_media_url":"https:\/\/www.ufukonen.com\/tr\/wp-content\/uploads\/BmbTV_Feat_image.png","jetpack_publicize_connections":[],"jetpack_shortlink":"https:\/\/wp.me\/p3rjsG-9W","jetpack_sharing_enabled":true,"jetpack-related-posts":[{"id":624,"url":"https:\/\/www.ufukonen.com\/tr\/film-ve-medya-icin-ses-tasarimi.html","url_meta":{"origin":616,"position":0},"title":"Film ve Medya i\u00e7in Ses Tasar\u0131m\u0131","date":"November 10, 2012","format":false,"excerpt":"[\u0130ngilizce. T\u00fcrk\u00e7e i\u00e7erik haz\u0131rlanmaktad\u0131r]","rel":"","context":"Similar post","img":{"alt_text":"sound_designer_150dpi_678w_130126","src":"https:\/\/i0.wp.com\/ufukonen.com\/tr\/wp-content\/uploads\/sound_designer_150dpi_678w_130126.png?resize=350%2C200","width":350,"height":200},"classes":[]},{"id":629,"url":"https:\/\/www.ufukonen.com\/tr\/diskografi-produktor-ve-ses-kayit-muhendisi.html","url_meta":{"origin":616,"position":1},"title":"Diskografi (Prod\u00fckt\u00f6r ve Ses Kay\u0131t M\u00fchendisi)","date":"November 10, 2012","format":false,"excerpt":"[\u0130ngilizce. T\u00fcrk\u00e7e i\u00e7erik haz\u0131rlanmaktad\u0131r]","rel":"","context":"Similar post","img":{"alt_text":"","src":"https:\/\/i0.wp.com\/ufukonen.com\/tr\/wp-content\/uploads\/discography_150dpi_580w_130126.png?resize=350%2C200","width":350,"height":200},"classes":[]},{"id":164,"url":"https:\/\/www.ufukonen.com\/tr\/atmm-2012-muzik-ve-medya-icin-ses-teknolojileri-konferansi.html","url_meta":{"origin":616,"position":2},"title":"&#8220;ATMM 2012: M\u00fczik ve Medya i\u00e7in Ses Teknolojileri Konferans\u0131&#8221;","date":"June 17, 2012","format":false,"excerpt":"1-2 Kas\u0131m 2012 tarihlerinde Ankara, Bilkent \u00dcniversitesi'nde, \u0130leti\u015fim ve Tasar\u0131m B\u00f6l\u00fcm\u00fc'n\u00fcn (COMD) ev sahipli\u011finde ger\u00e7ekle\u015ftirilen Audio Technologies for Music and Media (ATMM) konferans\u0131 ile ilgili olarak yazd\u0131\u011f\u0131m ve Sound dergisinin 2012 May\u0131s say\u0131s\u0131nda yay\u0131nlanan\u00a0\"ATMM 2012: M\u00fczik ve Medya i\u00e7in Ses Teknolojileri Konferans\u0131\" ba\u015fl\u0131kl\u0131 yaz\u0131m... \u00a0 ATMM 2012: M\u00fczik ve Medya\u2026","rel":"","context":"In &quot;ATMM&quot;","img":{"alt_text":"","src":"https:\/\/i0.wp.com\/www.ufukonen.com\/tr\/wp-content\/uploads\/ATMM-AD_20121015.jpg?resize=350%2C200&ssl=1","width":350,"height":200},"classes":[]},{"id":600,"url":"https:\/\/www.ufukonen.com\/tr\/ufuk-onen.html","url_meta":{"origin":616,"position":3},"title":"Ufuk \u00d6nen","date":"January 2, 2019","format":false,"excerpt":"Ufuk \u00d6nen, T\u00fcrkiye, Avrupa ve Kuzey Amerika tabanl\u0131 200\u2019den fazla g\u00f6rsel-i\u015fitsel projede besteci, ses tasar\u0131mc\u0131s\u0131 ve ses kay\u0131t m\u00fchendisi olarak \u00e7al\u0131\u015fm\u0131\u015f; konser\/sinema ses sistemleri ve elektroakustik alanlar\u0131nda 300'den fazla proje\/salon\/sistem i\u00e7in dan\u0131\u015fmanl\u0131k yapm\u0131\u015ft\u0131r. \u00d6nen, alan\u0131nda ilk T\u00fcrk\u00e7e kaynak olan\u00a0Ses Kay\u0131t ve M\u00fczik Teknolojileri\u00a0adl\u0131 kitab\u0131n yazar\u0131d\u0131r ve yine bu alanda 50'den\u2026","rel":"","context":"With 2 comments","img":{"alt_text":"","src":"https:\/\/i0.wp.com\/www.ufukonen.com\/tr\/wp-content\/uploads\/UfukOnen_2022_16x9_c_rfs.jpg?resize=350%2C200&ssl=1","width":350,"height":200},"classes":[]},{"id":774,"url":"https:\/\/www.ufukonen.com\/tr\/light-2011.html","url_meta":{"origin":616,"position":4},"title":"Light (2011)","date":"November 9, 2012","format":false,"excerpt":"[\u0130ngilizce. T\u00fcrk\u00e7e i\u00e7erik haz\u0131rlanmaktad\u0131r] Directed by Ufuk \u00d6nen Written and Produced by Neslihan Atcan Altan Full cast and crew: IMDB \u00a0 Amidst the sterile coldness of a suburb, a lonely lamp post residing in the front yard of a vacant house finds a connection that warms her heart: a sad\u2026","rel":"","context":"In &quot;Film&quot;","img":{"alt_text":"","src":"https:\/\/i0.wp.com\/www.ufukonen.com\/tr\/wp-content\/uploads\/Light-Poster-ENG-300_444_px.jpg?resize=350%2C200&ssl=1","width":350,"height":200},"classes":[]},{"id":2536,"url":"https:\/\/www.ufukonen.com\/tr\/muzik-endustrisine-bakis-4.html","url_meta":{"origin":616,"position":5},"title":"M\u00fczik End\u00fcstrisine Bak\u0131\u015f (4. B\u00f6l\u00fcm)","date":"May 20, 2016","format":false,"excerpt":"Birinci b\u00f6l\u00fcm i\u00e7in t\u0131klay\u0131n\u0131z - \u0130kinci b\u00f6l\u00fcm i\u00e7in t\u0131klay\u0131n\u0131z\u00a0- \u00dc\u00e7\u00fcnc\u00fc b\u00f6l\u00fcm i\u00e7in t\u0131klay\u0131n\u0131z \u00a0 M\u00fczik 3.0: Arac\u0131n\u0131n Ortadan Kalkmas\u0131 M\u00fczik 1.0 modelinde sanat\u00e7\u0131 sadece plak \u015firketi ile ba\u011flant\u0131l\u0131yd\u0131, dinleyici ile (imza g\u00fcnleri ve benzeri etkinlikleri saymazsak) do\u011frudan ileti\u015fimi yoktu. Plak \u015firketi satmak istedikleri \u00fcr\u00fcnlerin (alb\u00fcm ve single'lar\u0131n) tan\u0131t\u0131m\u0131n\u0131 radyo, televizyon\u2026","rel":"","context":"In &quot;M\u00fczik End\u00fcstrisi&quot;","img":{"alt_text":"","src":"https:\/\/i0.wp.com\/www.ufukonen.com\/tr\/wp-content\/uploads\/Muzik_Endustrisine_Bakis_4_alt_3.png?resize=350%2C200&ssl=1","width":350,"height":200},"classes":[]}],"_links":{"self":[{"href":"https:\/\/www.ufukonen.com\/tr\/wp-json\/wp\/v2\/posts\/616"}],"collection":[{"href":"https:\/\/www.ufukonen.com\/tr\/wp-json\/wp\/v2\/posts"}],"about":[{"href":"https:\/\/www.ufukonen.com\/tr\/wp-json\/wp\/v2\/types\/post"}],"author":[{"embeddable":true,"href":"https:\/\/www.ufukonen.com\/tr\/wp-json\/wp\/v2\/users\/2"}],"replies":[{"embeddable":true,"href":"https:\/\/www.ufukonen.com\/tr\/wp-json\/wp\/v2\/comments?post=616"}],"version-history":[{"count":10,"href":"https:\/\/www.ufukonen.com\/tr\/wp-json\/wp\/v2\/posts\/616\/revisions"}],"predecessor-version":[{"id":661,"href":"https:\/\/www.ufukonen.com\/tr\/wp-json\/wp\/v2\/posts\/616\/revisions\/661"}],"wp:featuredmedia":[{"embeddable":true,"href":"https:\/\/www.ufukonen.com\/tr\/wp-json\/wp\/v2\/media\/621"}],"wp:attachment":[{"href":"https:\/\/www.ufukonen.com\/tr\/wp-json\/wp\/v2\/media?parent=616"}],"wp:term":[{"taxonomy":"category","embeddable":true,"href":"https:\/\/www.ufukonen.com\/tr\/wp-json\/wp\/v2\/categories?post=616"},{"taxonomy":"post_tag","embeddable":true,"href":"https:\/\/www.ufukonen.com\/tr\/wp-json\/wp\/v2\/tags?post=616"}],"curies":[{"name":"wp","href":"https:\/\/api.w.org\/{rel}","templated":true}]}}