{"id":6224,"date":"2020-11-30T01:00:00","date_gmt":"2020-11-29T22:00:00","guid":{"rendered":"https:\/\/www.ufukonen.com\/tr\/?p=6224"},"modified":"2020-12-07T01:09:40","modified_gmt":"2020-12-06T22:09:40","slug":"spectral-pan","status":"publish","type":"post","link":"https:\/\/www.ufukonen.com\/tr\/spectral-pan.html","title":{"rendered":"Spectral Pan: Frekans Bazl\u0131 Pan Tekni\u011fi"},"content":{"rendered":"\n<p>&#8220;Geleneksel&#8221; teknikler kullanarak stereo panorama i\u00e7inde bir sinyalin konumunu ayarlarken frekans i\u00e7eri\u011fi dikkate al\u0131nmaz. \u00d6rnek olarak, mono (tek kanal) bir sinyali stereo panorama i\u00e7inde istedi\u011fimiz bir noktaya pan&#8217;lad\u0131\u011f\u0131m\u0131zda sinyalin tamam\u0131n\u0131 (frekans ayr\u0131m\u0131 yapmadan) o noktaya konumland\u0131rm\u0131\u015f oluruz. Bir ba\u015fka \u00f6rnek olarak, stereo (iki kanal) bir sinyali stereo pan ya da stereo denge tekniklerinden birini kullanarak stereo panorama i\u00e7inde da\u011f\u0131tt\u0131\u011f\u0131m\u0131zda yine sinyalin tamam\u0131 \u00fczerinde i\u015flem yapm\u0131\u015f oluruz. Bu i\u015flemlerde sinyalin frekans i\u00e7eri\u011fi dikkate al\u0131nm\u0131yor.<\/p>\n\n\n\n<p>Bu arada, hemen bir not d\u00fc\u015feyim: Stereo pan ile stereo denge kontrol\u00fc aras\u0131nda fark var, bununla ilgili olarak yazm\u0131\u015f oldu\u011fum yaz\u0131y\u0131 <a rel=\"noreferrer noopener\" href=\"https:\/\/www.ufukonen.com\/tr\/stereo-pan-stereo-denge-fark.html\" target=\"_blank\">buraya t\u0131klayarak okuyabilirsiniz<\/a>.<\/p>\n\n\n\n<div style=\"height:25px\" aria-hidden=\"true\" class=\"wp-block-spacer\"><\/div>\n\n\n\n<h3>&#8220;Geleneksel&#8221; Pan Tekniklerinin Getirdi\u011fi K\u0131s\u0131tlamalar<\/h3>\n\n\n\n<p>&#8220;Geleneksel&#8221; pan tekniklerini uygularken zaman zaman \u015f\u00f6yle problemlerle kar\u015f\u0131la\u015fabiliyoruz: Frekans aral\u0131\u011f\u0131 geni\u015f (di\u011fer bir deyi\u015fle hem alt hem de \u00fcst frekans dengesi yo\u011fun olan) bir sinyali stereo panorama i\u00e7inde sa\u011f veya sol tarafa yat\u0131rd\u0131\u011f\u0131m\u0131zda bazen miksin alt frekans dengesinde sapmalar olabiliyor. Dengedeki bu sapma do\u011fall\u0131\u011f\u0131 olumsuz y\u00f6nde etkileyebiliyor. Buna ek olarak, frekans d\u00fc\u015ft\u00fck\u00e7e seslerin y\u00f6nlerinin daha az belirgin hale geldi\u011fini de hesaba katarsak alt frekanslar\u0131 ortada (center pozisyonunda) tutmak ve \u00fcst frekanslar\u0131 stereo panorama i\u00e7inde da\u011f\u0131tmak \u00e7o\u011fu zaman daha isabetli bir karar olabiliyor. Ancak &#8220;geleneksel&#8221; pan teknikleri buna izin vermiyor. <\/p>\n\n\n\n<p>\u0130\u015fte burada spectral pan yani frekans bazl\u0131 pan tekni\u011fi devreye giriyor.<\/p>\n\n\n\n<div style=\"height:25px\" aria-hidden=\"true\" class=\"wp-block-spacer\"><\/div>\n\n\n\n<h3>Spectral Pan: Frekans Bazl\u0131 Pan Tekni\u011fi<\/h3>\n\n\n\n<p>Frekans bazl\u0131 pan tekni\u011finde sinyali farkl\u0131 frekans aral\u0131klar\u0131na ay\u0131r\u0131p, bu aral\u0131klar\u0131 stereo panorama i\u00e7inde farkl\u0131 noktalara konumland\u0131rmak m\u00fcmk\u00fcn.<\/p>\n\n\n\n<figure class=\"wp-block-image size-large\"><img loading=\"lazy\" width=\"1024\" height=\"682\" src=\"https:\/\/www.ufukonen.com\/tr\/wp-content\/uploads\/SpectralPan_03_SpectralPan-1024x682.jpg\" alt=\"\" class=\"wp-image-6238\" srcset=\"https:\/\/www.ufukonen.com\/tr\/wp-content\/uploads\/SpectralPan_03_SpectralPan-1024x682.jpg 1024w, https:\/\/www.ufukonen.com\/tr\/wp-content\/uploads\/SpectralPan_03_SpectralPan-300x200.jpg 300w, https:\/\/www.ufukonen.com\/tr\/wp-content\/uploads\/SpectralPan_03_SpectralPan-768x512.jpg 768w, https:\/\/www.ufukonen.com\/tr\/wp-content\/uploads\/SpectralPan_03_SpectralPan-1536x1023.jpg 1536w, https:\/\/www.ufukonen.com\/tr\/wp-content\/uploads\/SpectralPan_03_SpectralPan-1140x760.jpg 1140w, https:\/\/www.ufukonen.com\/tr\/wp-content\/uploads\/SpectralPan_03_SpectralPan-552x368.jpg 552w, https:\/\/www.ufukonen.com\/tr\/wp-content\/uploads\/SpectralPan_03_SpectralPan.jpg 1588w\" sizes=\"(max-width: 1024px) 100vw, 1024px\" \/><\/figure>\n\n\n\n<p>\u00d6rnek olarak \u00fcst \u00fcste iki akustik gitar kaydetti\u011finizi d\u00fc\u015f\u00fcnelim. Spectral pan tekni\u011fi ile birinci gitar\u0131n 500 Hz&#8217;in alt\u0131nda kalan k\u0131sm\u0131n\u0131 ortada b\u0131rak\u0131p, 500 Hz&#8217;in \u00fczerinde kalan aral\u0131\u011f\u0131 sol tarafa; ikinci gitar\u0131n 500 Hz&#8217;in alt\u0131nda kalan k\u0131sm\u0131n\u0131 yine ortada b\u0131rak\u0131p, 500 Hz&#8217;in \u00fczerinde kalan k\u0131sm\u0131n\u0131 ise sa\u011f tarafa yat\u0131rabilirsiniz.<\/p>\n\n\n\n<div style=\"height:25px\" aria-hidden=\"true\" class=\"wp-block-spacer\"><\/div>\n\n\n\n<h3>Plug-in&#8217;ler<\/h3>\n\n\n\n<p>Spectral pan i\u00e7in \u00f6zel olarak tasarlanm\u0131\u015f plug-in&#8217;ler var. \u00d6rnek olarak buraya \u00fc\u00e7 tane link ekliyorum:<\/p>\n\n\n\n<ul><li><a href=\"https:\/\/www.bozdigitallabs.com\/product\/pan-knob\/\" target=\"_blank\" rel=\"noreferrer noopener\">Pan Knob<\/a> (Boz Digital Labs)<\/li><li><a href=\"https:\/\/www.tb-software.com\/TBProAudio\/st1.html\" target=\"_blank\" rel=\"noreferrer noopener\">ST1<\/a> (TBProAudio)<\/li><li><a href=\"https:\/\/goodhertz.co\/panpot\/\" target=\"_blank\" rel=\"noreferrer noopener\">Panpot<\/a> (Goodhertz)<\/li><\/ul>\n\n\n\n<div class=\"wp-block-image\"><figure class=\"aligncenter size-large\"><img loading=\"lazy\" width=\"415\" height=\"278\" src=\"https:\/\/www.ufukonen.com\/tr\/wp-content\/uploads\/SpectralPan_01_PanKnob.jpg\" alt=\"\" class=\"wp-image-6230\" srcset=\"https:\/\/www.ufukonen.com\/tr\/wp-content\/uploads\/SpectralPan_01_PanKnob.jpg 415w, https:\/\/www.ufukonen.com\/tr\/wp-content\/uploads\/SpectralPan_01_PanKnob-300x201.jpg 300w\" sizes=\"(max-width: 415px) 100vw, 415px\" \/><figcaption>Pan Knob (Boz Digital Labs)<\/figcaption><\/figure><\/div>\n\n\n\n<p>Boz Digital Labs taraf\u0131ndan \u00fcretilen Pan Knob bence \u00e7ok ba\u015far\u0131l\u0131 bir plug-in. Sadece frekans bazl\u0131 pan tekni\u011fi de\u011fil, ayn\u0131 zamanda pan law (<strong><a rel=\"noreferrer noopener\" href=\"https:\/\/www.ufukonen.com\/tr\/pan-kurallari.html\" target=\"_blank\">pan kural\u0131<\/a><\/strong>) ayar\u0131 ile stereo sinyaller i\u00e7in stereo pan ve stereo denge se\u00e7enekleri de sunuyor. Aray\u00fcz\u00fc \u00e7ok sade, kullan\u0131m\u0131 da \u00e7ok pratik.<\/p>\n\n\n\n<figure class=\"wp-block-image size-large\"><img loading=\"lazy\" width=\"1024\" height=\"944\" src=\"https:\/\/www.ufukonen.com\/tr\/wp-content\/uploads\/SpectralPan_02_MSpectralPan-1024x944.jpg\" alt=\"\" class=\"wp-image-6232\" srcset=\"https:\/\/www.ufukonen.com\/tr\/wp-content\/uploads\/SpectralPan_02_MSpectralPan-1024x944.jpg 1024w, https:\/\/www.ufukonen.com\/tr\/wp-content\/uploads\/SpectralPan_02_MSpectralPan-300x277.jpg 300w, https:\/\/www.ufukonen.com\/tr\/wp-content\/uploads\/SpectralPan_02_MSpectralPan-768x708.jpg 768w, https:\/\/www.ufukonen.com\/tr\/wp-content\/uploads\/SpectralPan_02_MSpectralPan-552x509.jpg 552w, https:\/\/www.ufukonen.com\/tr\/wp-content\/uploads\/SpectralPan_02_MSpectralPan.jpg 1081w\" sizes=\"(max-width: 1024px) 100vw, 1024px\" \/><figcaption>MSpectralPan (Melda Production)<\/figcaption><\/figure>\n\n\n\n<p>E\u011fer i\u015fi birka\u00e7 ad\u0131m daha ileri g\u00f6t\u00fcrmek isterseniz MeldaProduction taraf\u0131ndan tasarlanan \u00fccretsiz MSpectralPan plug-in&#8217;ini indirin ve hemen denemelere ba\u015flay\u0131n! MSpectralPan, istedi\u011finiz frekans aral\u0131\u011f\u0131n\u0131 stereo panorama i\u00e7inde diledi\u011finiz gibi konumland\u0131rman\u0131za imkan tan\u0131yor! Linke t\u0131klayarak hemen indirebilirsiniz: <a rel=\"noreferrer noopener\" href=\"https:\/\/www.meldaproduction.com\/MSpectralPan\" target=\"_blank\">MSpectral Pan<\/a>.<\/p>\n\n\n\n<div style=\"height:25px\" aria-hidden=\"true\" class=\"wp-block-spacer\"><\/div>\n\n\n\n<h3>Mutlaka Deneyin!<\/h3>\n\n\n\n<p>Frekans bazl\u0131 pan tekni\u011fi \u00fczerine denemeler yapmakta, bu tekni\u011fe a\u015fina olmakta fayda var. Mikste baz\u0131 durumlarda ger\u00e7ekten \u00f6nemli farkl\u0131l\u0131klar yaratabiliyor.<\/p>\n\n\n\n<div style=\"height:50px\" aria-hidden=\"true\" class=\"wp-block-spacer\"><\/div>\n\n\n\n<p><strong>\u0130lgili yaz\u0131lar:<\/strong><\/p>\n\n\n\n<ul><li><a href=\"https:\/\/www.ufukonen.com\/tr\/mikste-stereo-panorama-ile-ilgili-birkac-not-1-bolum.html\" target=\"_blank\" rel=\"noreferrer noopener\">Mikste Stereo Panorama \u0130le \u0130lgili Birka\u00e7 Not<\/a><\/li><li><a href=\"https:\/\/www.ufukonen.com\/tr\/pan-kurallari.html\" target=\"_blank\" rel=\"noreferrer noopener\">Pan Kurallar\u0131<\/a><\/li><li><a href=\"https:\/\/www.ufukonen.com\/tr\/stereo-pan-stereo-denge-fark.html\" target=\"_blank\" rel=\"noreferrer noopener\">Stereo Pan ve Stereo Denge Kontrol\u00fc Aras\u0131ndaki Fark<\/a><\/li><li><a href=\"https:\/\/www.ufukonen.com\/tr\/daw-stereo-pan-kontrol.html\" target=\"_blank\" rel=\"noreferrer noopener\">Cubase, Studio One ve Logic \u0130\u00e7in \u201cGer\u00e7ek\u201d Stereo Pan Kontrol\u00fc<\/a><\/li><\/ul>\n\n\n\n<div style=\"height:50px\" aria-hidden=\"true\" class=\"wp-block-spacer\"><\/div>\n\n\n\n<p>Teknik terimler i\u00e7in <a href=\"http:\/\/www.ufukonen.com\/tr\/ses-kayit-muzik-teknolojisi-terimler-sozluk.html\">m\u00fczik teknolojisi, m\u00fczik prod\u00fcksiyonu ve ses kay\u0131t terimleri s\u00f6zl\u00fc\u011f\u00fcne<\/a> g\u00f6z atabilirsiniz.<\/p>\n\n\n\n<p>Benzer payla\u015f\u0131mlar i\u00e7in beni <a rel=\"noreferrer noopener\" href=\"https:\/\/www.facebook.com\/ufukonen.skmt\/\" target=\"_blank\">Facebook<\/a>, <a rel=\"noreferrer noopener\" aria-label=\"Instagram (opens in a new tab)\" href=\"https:\/\/www.instagram.com\/ufukonen\/\" target=\"_blank\">Instagram<\/a> ve <a rel=\"noreferrer noopener\" href=\"https:\/\/twitter.com\/UfukOnen\" target=\"_blank\">Twitter<\/a>&#8216;da takip edebilir, haberler i\u00e7in <a rel=\"noreferrer noopener\" href=\"http:\/\/ufukonen.com\/tr\/ses-kayit-muzik-teknolojisi-terimler-sozluk.html\" target=\"_blank\">mesaj listeme \u00fcye olabilirsiniz<\/a>. Te\u015fekk\u00fcrler.<\/p>\n\n\n\n<p>Ba\u015fl\u0131k foto\u011fraf\u0131: <a href=\"https:\/\/pixabay.com\/users\/thorstenf-7677369\/?utm_source=link-attribution&amp;utm_medium=referral&amp;utm_campaign=image&amp;utm_content=4197733\" target=\"_blank\" rel=\"noreferrer noopener\">Thorsten Frenzel<\/a> | <a href=\"https:\/\/pixabay.com\/?utm_source=link-attribution&amp;utm_medium=referral&amp;utm_campaign=image&amp;utm_content=4197733\" target=\"_blank\" rel=\"noreferrer noopener\">Pixabay<\/a><\/p>\n\n\n\n<p>\u00a9 2020 Ufuk \u00d6nen. Her hakk\u0131 sakl\u0131d\u0131r. \u0130zinsiz kullan\u0131lamaz.<\/p>\n","protected":false},"excerpt":{"rendered":"<p class=\"post-excerpt\">&#8220;Geleneksel&#8221; teknikler kullanarak stereo panorama i\u00e7inde bir sinyalin konumunu ayarlarken frekans i\u00e7eri\u011fi dikkate al\u0131nmaz. \u00d6rnek olarak, mono (tek kanal) bir&#8230;<\/p>\n","protected":false},"author":2,"featured_media":6233,"comment_status":"closed","ping_status":"open","sticky":false,"template":"","format":"standard","meta":{"_mi_skip_tracking":false,"spay_email":"","jetpack_publicize_message":"","jetpack_is_tweetstorm":false,"jetpack_publicize_feature_enabled":true},"categories":[18],"tags":[],"jetpack_featured_media_url":"https:\/\/www.ufukonen.com\/tr\/wp-content\/uploads\/SpectralPan_00_Header.jpg","jetpack_publicize_connections":[],"jetpack_shortlink":"https:\/\/wp.me\/p3rjsG-1Co","jetpack_sharing_enabled":true,"jetpack-related-posts":[{"id":7335,"url":"https:\/\/www.ufukonen.com\/tr\/stereo-pan-hakkinda-her-sey.html","url_meta":{"origin":6224,"position":0},"title":"Stereo Pan Hakk\u0131nda Her \u015eey","date":"April 18, 2022","format":false,"excerpt":"Panorama, enstr\u00fcman ve seslerin miks i\u00e7indeki pozisyonlar\u0131d\u0131r. Standart bir stereo sistemde sol ve sa\u011f olmak \u00fczere toplam iki hoparl\u00f6r bulunur. Sa\u011f ve sol hoparl\u00f6rlerin birle\u015fimi, ya da di\u011fer bir deyi\u015fle kar\u0131\u015f\u0131m\u0131, orta (center) kanal\u0131 olu\u015fturur. Stereo sistemde sa\u011f ve sol hoparl\u00f6rlerin birle\u015fmesi ile olu\u015fturulan bu orta kanal dinleyici \u00fczerinde sanki\u2026","rel":"","context":"In &quot;Ses ve M\u00fczik Teknolojileri&quot;","img":{"alt_text":"","src":"https:\/\/i0.wp.com\/www.ufukonen.com\/tr\/wp-content\/uploads\/Stereo_Pan_Hakkinda_Her_Sey_00_Header.jpg?resize=350%2C200&ssl=1","width":350,"height":200},"classes":[]},{"id":3541,"url":"https:\/\/www.ufukonen.com\/tr\/pan-kurallari.html","url_meta":{"origin":6224,"position":1},"title":"Pan Kurallar\u0131","date":"December 11, 2017","format":false,"excerpt":"Stereo \u00e7\u0131k\u0131\u015fa g\u00f6nderdi\u011fimiz bir mono sinyali sol veya sa\u011f kanala yat\u0131r\u0131rken (stereo panorama i\u00e7inde bir noktaya yerle\u015ftirirken) asl\u0131nda yapt\u0131\u011f\u0131m\u0131z i\u015f o sinyalin sol ve sa\u011f kanaldaki seviyelerini ayarlamakt\u0131r. Kula\u011fa olduk\u00e7a basite gelen bu i\u015flem prensip olarak o kadar da basit de\u011fil \u00e7\u00fcnk\u00fc bunu yapman\u0131n farkl\u0131 y\u00f6ntemleri var. Bu y\u00f6ntemler \u0130ngilizce'de\u2026","rel":"","context":"In &quot;Ses ve M\u00fczik Teknolojileri&quot;","img":{"alt_text":"","src":"https:\/\/i0.wp.com\/www.ufukonen.com\/tr\/wp-content\/uploads\/Pan_Kurallari_1024x576.jpg?resize=350%2C200&ssl=1","width":350,"height":200},"classes":[]},{"id":6111,"url":"https:\/\/www.ufukonen.com\/tr\/stereo-pan-stereo-denge-fark.html","url_meta":{"origin":6224,"position":2},"title":"Stereo Pan ve Stereo Denge Kontrol\u00fc Aras\u0131ndaki Fark","date":"October 19, 2020","format":false,"excerpt":"DAW i\u00e7indeki mikserlerde hem stereo hem de mono kanallar i\u00e7in pan kontrol d\u00fc\u011fmesi bulunur. Mono kanallar i\u00e7in pan i\u015fleyi\u015fi b\u00fct\u00fcn DAW ve mikser i\u00e7in ayn\u0131d\u0131r: Pan ayar\u0131n\u0131 sola yat\u0131r\u0131rsan\u0131z ses sol hoparl\u00f6rden, sa\u011fa yat\u0131r\u0131rsan\u0131z ses sa\u011f hoparl\u00f6rden gelir. Tabii tam sol veya tam sa\u011fa yat\u0131rmak zorunda de\u011filsiniz. \u00d6rnek olarak, sesi\u2026","rel":"","context":"In &quot;Ses ve M\u00fczik Teknolojileri&quot;","img":{"alt_text":"","src":"https:\/\/i0.wp.com\/www.ufukonen.com\/tr\/wp-content\/uploads\/StereoPan_StereoDenge_00_Header.jpg?resize=350%2C200&ssl=1","width":350,"height":200},"classes":[]},{"id":3759,"url":"https:\/\/www.ufukonen.com\/tr\/mikste-stereo-panorama-ile-ilgili-birkac-not-2-bolum.html","url_meta":{"origin":6224,"position":3},"title":"Mikste Stereo Panorama \u0130le \u0130lgili Birka\u00e7 Not (2. B\u00f6l\u00fcm)","date":"March 26, 2018","format":false,"excerpt":"Yaz\u0131n\u0131n ilk b\u00f6l\u00fcm\u00fcnde modern mikslerin hemen hemen hepsinde kick, trampet, bas gitar ve ana vokallerin stereo panorama i\u00e7inde orta noktaya yerle\u015ftirildi\u011fini s\u00f6ylemi\u015f daha sonra vokal ile bas gitar ve alt frekans a\u011f\u0131rl\u0131kl\u0131 enstr\u00fcmanlar hakk\u0131nda baz\u0131 g\u00f6r\u00fc\u015fler payla\u015fm\u0131\u015ft\u0131m (birinci b\u00f6l\u00fcme buraya t\u0131klayarak ula\u015fabilirsiniz). Yaz\u0131n\u0131n ikinci ve son b\u00f6l\u00fcm\u00fcnde davul, stereo \u00e7\u0131k\u0131\u015fl\u0131\u2026","rel":"","context":"In &quot;M\u00fczik Prod\u00fcksiyonu&quot;","img":{"alt_text":"","src":"https:\/\/i0.wp.com\/www.ufukonen.com\/tr\/wp-content\/uploads\/Mikste_Stereo_Panorama_02.jpg?resize=350%2C200&ssl=1","width":350,"height":200},"classes":[]},{"id":3757,"url":"https:\/\/www.ufukonen.com\/tr\/mikste-stereo-panorama-ile-ilgili-birkac-not-1-bolum.html","url_meta":{"origin":6224,"position":4},"title":"Mikste Stereo Panorama \u0130le \u0130lgili Birka\u00e7 Not (1. B\u00f6l\u00fcm)","date":"March 19, 2018","format":false,"excerpt":"Stereo plaklar 1960'l\u0131 y\u0131llarda yava\u015f yava\u015f yayg\u0131nla\u015fmaya ba\u015flam\u0131\u015ft\u0131. O y\u0131llarda \u00e7o\u011fu prod\u00fckt\u00f6r ve ses kay\u0131t m\u00fchendisi stereo ile tam olarak ne yap\u0131lmas\u0131 ve stereonun nas\u0131l kullan\u0131lmas\u0131 gerekti\u011fini hen\u00fcz anlamam\u0131\u015f oldu\u011fundan, bir kanala, \u00f6rnek olarak sa\u011f kanala, sadece enstr\u00fcmanlar\u0131, di\u011fer kanala da sadece vokalleri ya da vokallerle beraber \u00f6ne \u00e7\u0131kan birka\u00e7\u2026","rel":"","context":"In &quot;M\u00fczik Prod\u00fcksiyonu&quot;","img":{"alt_text":"","src":"https:\/\/i0.wp.com\/www.ufukonen.com\/tr\/wp-content\/uploads\/Mikste_Stereo_Panorama_01.jpg?resize=350%2C200&ssl=1","width":350,"height":200},"classes":[]},{"id":5057,"url":"https:\/\/www.ufukonen.com\/tr\/ucretsiz-pluginler-18.html","url_meta":{"origin":6224,"position":5},"title":"\u00dccretsiz Plug-in&#8217;ler (18)","date":"September 16, 2019","format":false,"excerpt":"\u00dccretsiz\u00a0plug-in'ler serisi 18: StereoTool v3 (Flux), Corellometer (Voxengo), bx_solo (Brainworx), \u00a0Free Ranger (SPL). StereoTool v3 (Flux) StereoTool v3, bir faz ve korelasyon g\u00f6sterge plug-in'i. Sinyalin stereo geni\u015fli\u011fini inceleyebilir, sinyalde faz problemi olup olmad\u0131\u011f\u0131n\u0131 ve sinyalin mono uyumlulu\u011funu kontrol edebilirsiniz. Plug-in \u00fczerinde sa\u011f ve sol kanallar i\u00e7in ayr\u0131 seviye ve pan\u2026","rel":"","context":"In &quot;Ses ve M\u00fczik Teknolojileri&quot;","img":{"alt_text":"","src":"https:\/\/i0.wp.com\/www.ufukonen.com\/tr\/wp-content\/uploads\/Ucretsiz_Pluginler_18.jpg?resize=350%2C200&ssl=1","width":350,"height":200},"classes":[]}],"_links":{"self":[{"href":"https:\/\/www.ufukonen.com\/tr\/wp-json\/wp\/v2\/posts\/6224"}],"collection":[{"href":"https:\/\/www.ufukonen.com\/tr\/wp-json\/wp\/v2\/posts"}],"about":[{"href":"https:\/\/www.ufukonen.com\/tr\/wp-json\/wp\/v2\/types\/post"}],"author":[{"embeddable":true,"href":"https:\/\/www.ufukonen.com\/tr\/wp-json\/wp\/v2\/users\/2"}],"replies":[{"embeddable":true,"href":"https:\/\/www.ufukonen.com\/tr\/wp-json\/wp\/v2\/comments?post=6224"}],"version-history":[{"count":10,"href":"https:\/\/www.ufukonen.com\/tr\/wp-json\/wp\/v2\/posts\/6224\/revisions"}],"predecessor-version":[{"id":6239,"href":"https:\/\/www.ufukonen.com\/tr\/wp-json\/wp\/v2\/posts\/6224\/revisions\/6239"}],"wp:featuredmedia":[{"embeddable":true,"href":"https:\/\/www.ufukonen.com\/tr\/wp-json\/wp\/v2\/media\/6233"}],"wp:attachment":[{"href":"https:\/\/www.ufukonen.com\/tr\/wp-json\/wp\/v2\/media?parent=6224"}],"wp:term":[{"taxonomy":"category","embeddable":true,"href":"https:\/\/www.ufukonen.com\/tr\/wp-json\/wp\/v2\/categories?post=6224"},{"taxonomy":"post_tag","embeddable":true,"href":"https:\/\/www.ufukonen.com\/tr\/wp-json\/wp\/v2\/tags?post=6224"}],"curies":[{"name":"wp","href":"https:\/\/api.w.org\/{rel}","templated":true}]}}