{"id":629,"date":"2012-11-10T11:18:53","date_gmt":"2012-11-10T09:18:53","guid":{"rendered":"http:\/\/ufukonen.com\/tr\/?p=629"},"modified":"2013-01-29T12:05:14","modified_gmt":"2013-01-29T10:05:14","slug":"diskografi-produktor-ve-ses-kayit-muhendisi","status":"publish","type":"post","link":"https:\/\/www.ufukonen.com\/tr\/diskografi-produktor-ve-ses-kayit-muhendisi.html","title":{"rendered":"Diskografi (Prod\u00fckt\u00f6r ve Ses Kay\u0131t M\u00fchendisi)"},"content":{"rendered":"<p style=\"text-align: center;\">[\u0130ngilizce. T\u00fcrk\u00e7e i\u00e7erik haz\u0131rlanmaktad\u0131r]<\/p>\n<p style=\"text-align: center;\"><img loading=\"lazy\" class=\"aligncenter  wp-image-626\" alt=\"discography_150dpi_580w_130126\" src=\"http:\/\/ufukonen.com\/tr\/wp-content\/uploads\/discography_150dpi_580w_130126.png\" width=\"313\" height=\"2571\" \/><\/p>\n","protected":false},"excerpt":{"rendered":"<p class=\"post-excerpt\">[\u0130ngilizce. T\u00fcrk\u00e7e i\u00e7erik haz\u0131rlanmaktad\u0131r]<\/p>\n","protected":false},"author":2,"featured_media":635,"comment_status":"closed","ping_status":"open","sticky":false,"template":"","format":"standard","meta":{"_mi_skip_tracking":false,"spay_email":"","jetpack_publicize_message":"","jetpack_is_tweetstorm":false,"jetpack_publicize_feature_enabled":true},"categories":[1],"tags":[],"jetpack_featured_media_url":"https:\/\/www.ufukonen.com\/tr\/wp-content\/uploads\/Hazy_Hill_1995_Torch_in_the_North_Pole.jpg","jetpack_publicize_connections":[],"jetpack_shortlink":"https:\/\/wp.me\/p3rjsG-a9","jetpack_sharing_enabled":true,"jetpack-related-posts":[{"id":624,"url":"https:\/\/www.ufukonen.com\/tr\/film-ve-medya-icin-ses-tasarimi.html","url_meta":{"origin":629,"position":0},"title":"Film ve Medya i\u00e7in Ses Tasar\u0131m\u0131","date":"November 10, 2012","format":false,"excerpt":"[\u0130ngilizce. T\u00fcrk\u00e7e i\u00e7erik haz\u0131rlanmaktad\u0131r]","rel":"","context":"Similar post","img":{"alt_text":"sound_designer_150dpi_678w_130126","src":"https:\/\/i0.wp.com\/ufukonen.com\/tr\/wp-content\/uploads\/sound_designer_150dpi_678w_130126.png?resize=350%2C200","width":350,"height":200},"classes":[]},{"id":616,"url":"https:\/\/www.ufukonen.com\/tr\/film-ve-medya-icin-muzik.html","url_meta":{"origin":629,"position":1},"title":"Film ve Medya i\u00e7in M\u00fczik","date":"November 10, 2012","format":false,"excerpt":"[\u0130ngilizce. T\u00fcrk\u00e7e i\u00e7erik haz\u0131rlanmaktad\u0131r]","rel":"","context":"Similar post","img":{"alt_text":"composer_150dpi_676w_130126","src":"https:\/\/i0.wp.com\/ufukonen.com\/tr\/wp-content\/uploads\/composer_150dpi_676w_130126.png?resize=350%2C200","width":350,"height":200},"classes":[]},{"id":6719,"url":"https:\/\/www.ufukonen.com\/tr\/bob-clearmountain-stem.html","url_meta":{"origin":629,"position":2},"title":"Bob Clearmountain &#8216;Stem&#8217; Teriminin Yanl\u0131\u015f Kullan\u0131m\u0131ndan \u015eikayet\u00e7i!","date":"July 5, 2021","format":false,"excerpt":"The Rolling Stones, Bruce Springsteen, Bryan Adams, Toto ve Bon Jovi gibi sanat\u00e7\u0131 ve gruplar\u0131n alb\u00fcm ve par\u00e7alar\u0131nda prod\u00fckt\u00f6r ve kay\u0131t\/miks m\u00fchendisi olarak imzas\u0131 bulunan Bob Clearmountain, Instagram hesab\u0131ndan 'stem' terimi ile ilgili bir video payla\u015ft\u0131. Clearmountain bu videoda stem teriminin son g\u00fcnlerde baz\u0131 m\u00fczisyenler ve st\u00fcdyo profesyonelleri taraf\u0131ndan yanl\u0131\u015f\u2026","rel":"","context":"In &quot;Ses ve M\u00fczik Teknolojileri&quot;","img":{"alt_text":"","src":"https:\/\/i0.wp.com\/www.ufukonen.com\/tr\/wp-content\/uploads\/Bob_Clearmountain_Stem_00_Header.jpg?resize=350%2C200&ssl=1","width":350,"height":200},"classes":[]},{"id":774,"url":"https:\/\/www.ufukonen.com\/tr\/light-2011.html","url_meta":{"origin":629,"position":3},"title":"Light (2011)","date":"November 9, 2012","format":false,"excerpt":"[\u0130ngilizce. T\u00fcrk\u00e7e i\u00e7erik haz\u0131rlanmaktad\u0131r] Directed by Ufuk \u00d6nen Written and Produced by Neslihan Atcan Altan Full cast and crew: IMDB \u00a0 Amidst the sterile coldness of a suburb, a lonely lamp post residing in the front yard of a vacant house finds a connection that warms her heart: a sad\u2026","rel":"","context":"In &quot;Film&quot;","img":{"alt_text":"","src":"https:\/\/i0.wp.com\/www.ufukonen.com\/tr\/wp-content\/uploads\/Light-Poster-ENG-300_444_px.jpg?resize=350%2C200&ssl=1","width":350,"height":200},"classes":[]},{"id":600,"url":"https:\/\/www.ufukonen.com\/tr\/ufuk-onen.html","url_meta":{"origin":629,"position":4},"title":"Ufuk \u00d6nen","date":"January 2, 2019","format":false,"excerpt":"Ufuk \u00d6nen, T\u00fcrkiye, Avrupa ve Kuzey Amerika tabanl\u0131 200\u2019den fazla g\u00f6rsel-i\u015fitsel projede besteci, ses tasar\u0131mc\u0131s\u0131 ve ses kay\u0131t m\u00fchendisi olarak \u00e7al\u0131\u015fm\u0131\u015f; konser\/sinema ses sistemleri ve elektroakustik alanlar\u0131nda 300'den fazla proje\/salon\/sistem i\u00e7in dan\u0131\u015fmanl\u0131k yapm\u0131\u015ft\u0131r. \u00d6nen, alan\u0131nda ilk T\u00fcrk\u00e7e kaynak olan\u00a0Ses Kay\u0131t ve M\u00fczik Teknolojileri\u00a0adl\u0131 kitab\u0131n yazar\u0131d\u0131r ve yine bu alanda 50'den\u2026","rel":"","context":"With 2 comments","img":{"alt_text":"","src":"https:\/\/i0.wp.com\/www.ufukonen.com\/tr\/wp-content\/uploads\/UfukOnen_2022_16x9_c_rfs.jpg?resize=350%2C200&ssl=1","width":350,"height":200},"classes":[]},{"id":5725,"url":"https:\/\/www.ufukonen.com\/tr\/ufuk-onen-ses-muzik-teknolojisi-miks-kitaplar.html","url_meta":{"origin":629,"position":5},"title":"Kitaplar: &#8220;Ses Kay\u0131t ve M\u00fczik Teknolojileri&#8221;, &#8220;Miks \u00dczerine&#8221; ve &#8220;Synthesizer Teknolojileri&#8221;","date":"May 15, 2020","format":false,"excerpt":"G\u00fcncel Duyuru (2025): T\u00fcm kitaplar\u0131m\u0131 G\u00f6r\u00fcnmez Adam Yay\u0131nc\u0131l\u0131k'\u0131n Trendyol ve Shopier ma\u011fazalar\u0131ndan imzal\u0131 olarak temin edebilirsiniz. G\u00f6r\u00fcnmez Adam Yay\u0131nc\u0131l\u0131k, kitaplar\u0131m\u0131n yeni bas\u0131mlar\u0131n\u0131 yapan ba\u011f\u0131ms\u0131z bir yay\u0131nevidir. Trendyol Shopier Ses Kay\u0131t ve M\u00fczik Teknolojileri Kitap hakk\u0131nda ayr\u0131nt\u0131l\u0131 bilgi i\u00e7in g\u00f6rsele t\u0131klay\u0131n\u0131z. Herkes i\u00e7in m\u00fczik teknolojisi! Ses kay\u0131t ve m\u00fczik teknolojilerine ilgi\u2026","rel":"","context":"In &quot;Kitap&quot;","img":{"alt_text":"","src":"https:\/\/i0.wp.com\/www.ufukonen.com\/tr\/wp-content\/uploads\/UfukOnen_Books_Promo_2020_1280x720_.jpg?resize=350%2C200&ssl=1","width":350,"height":200},"classes":[]}],"_links":{"self":[{"href":"https:\/\/www.ufukonen.com\/tr\/wp-json\/wp\/v2\/posts\/629"}],"collection":[{"href":"https:\/\/www.ufukonen.com\/tr\/wp-json\/wp\/v2\/posts"}],"about":[{"href":"https:\/\/www.ufukonen.com\/tr\/wp-json\/wp\/v2\/types\/post"}],"author":[{"embeddable":true,"href":"https:\/\/www.ufukonen.com\/tr\/wp-json\/wp\/v2\/users\/2"}],"replies":[{"embeddable":true,"href":"https:\/\/www.ufukonen.com\/tr\/wp-json\/wp\/v2\/comments?post=629"}],"version-history":[{"count":6,"href":"https:\/\/www.ufukonen.com\/tr\/wp-json\/wp\/v2\/posts\/629\/revisions"}],"predecessor-version":[{"id":659,"href":"https:\/\/www.ufukonen.com\/tr\/wp-json\/wp\/v2\/posts\/629\/revisions\/659"}],"wp:featuredmedia":[{"embeddable":true,"href":"https:\/\/www.ufukonen.com\/tr\/wp-json\/wp\/v2\/media\/635"}],"wp:attachment":[{"href":"https:\/\/www.ufukonen.com\/tr\/wp-json\/wp\/v2\/media?parent=629"}],"wp:term":[{"taxonomy":"category","embeddable":true,"href":"https:\/\/www.ufukonen.com\/tr\/wp-json\/wp\/v2\/categories?post=629"},{"taxonomy":"post_tag","embeddable":true,"href":"https:\/\/www.ufukonen.com\/tr\/wp-json\/wp\/v2\/tags?post=629"}],"curies":[{"name":"wp","href":"https:\/\/api.w.org\/{rel}","templated":true}]}}