{"id":6296,"date":"2020-12-28T01:00:00","date_gmt":"2020-12-27T22:00:00","guid":{"rendered":"https:\/\/www.ufukonen.com\/tr\/?p=6296"},"modified":"2021-01-31T23:55:45","modified_gmt":"2021-01-31T20:55:45","slug":"2020yi-kapatirken","status":"publish","type":"post","link":"https:\/\/www.ufukonen.com\/tr\/2020yi-kapatirken.html","title":{"rendered":"2020&#8217;yi Kapat\u0131rken&#8230;"},"content":{"rendered":"\n<p>2020&#8217;de ama az ama \u00e7ok herkes \u00fcz\u00fcld\u00fc, s\u0131k\u0131ld\u0131 ve zarar g\u00f6rd\u00fc. 2021&#8217;e m\u00fcmk\u00fcn oldu\u011funca pozitif bir enerji ile girebilmek ad\u0131na 2020 i\u00e7inde beni mutlu eden geli\u015fmeleri sizlerle payla\u015fmak istedim.<\/p>\n\n\n\n<div style=\"height:25px\" aria-hidden=\"true\" class=\"wp-block-spacer\"><\/div>\n\n\n\n<h3>Pandemi ve Dersler<\/h3>\n\n\n\n<figure class=\"wp-block-image size-large\"><img loading=\"lazy\" width=\"1024\" height=\"576\" src=\"https:\/\/www.ufukonen.com\/tr\/wp-content\/uploads\/2020_Kapatirken_Courses-1024x576.jpg\" alt=\"\" class=\"wp-image-6307\" srcset=\"https:\/\/www.ufukonen.com\/tr\/wp-content\/uploads\/2020_Kapatirken_Courses-1024x576.jpg 1024w, https:\/\/www.ufukonen.com\/tr\/wp-content\/uploads\/2020_Kapatirken_Courses-300x169.jpg 300w, https:\/\/www.ufukonen.com\/tr\/wp-content\/uploads\/2020_Kapatirken_Courses-768x432.jpg 768w, https:\/\/www.ufukonen.com\/tr\/wp-content\/uploads\/2020_Kapatirken_Courses-1140x641.jpg 1140w, https:\/\/www.ufukonen.com\/tr\/wp-content\/uploads\/2020_Kapatirken_Courses-552x311.jpg 552w, https:\/\/www.ufukonen.com\/tr\/wp-content\/uploads\/2020_Kapatirken_Courses.jpg 1280w\" sizes=\"(max-width: 1024px) 100vw, 1024px\" \/><figcaption>Foto\u011fraf ve ekran g\u00f6r\u00fcnt\u00fcleri: Hilal \u015eim\u015fek<\/figcaption><\/figure>\n\n\n\n<p>17 Mart&#8217;ta pandemi sebebiyle Bilkent \u00dcniversitesi&#8217;nde dersleri online platforma ta\u015f\u0131d\u0131k. A\u00e7\u0131k\u00e7as\u0131, adaptasyon s\u00fcreci bekledi\u011fimden \u00e7ok daha h\u0131zl\u0131 ve rahat oldu. <\/p>\n\n\n\n<p>COMD-363 Music and Media ve onun y\u00fcksek lisans versiyonu olan COMD-563 Music and Media derslerimde \u00f6\u011frencilerim ara\u015ft\u0131rma projelerini ba\u015far\u0131yla tamamlad\u0131lar. <\/p>\n\n\n\n<p>COMD-361 Sound Design dersimde ses post-prod\u00fcksiyon projelerini bireysel projelere \u00e7evirdik. \u00d6\u011frencilerim se\u00e7tikleri filmlerden sahnelere ses tasar\u0131m\u0131 yapt\u0131lar. Evlerde k\u0131s\u0131tl\u0131 imkanlarla ger\u00e7ekle\u015ftirilen ve bir\u00e7o\u011funda seslerin cep telefon ile kaydedildi\u011fi bu projelerden ger\u00e7ekten \u00e7ok iyi sonu\u00e7lar ald\u0131k. Birka\u00e7 \u00f6rnek izlemek isterseniz a\u015fa\u011f\u0131daki YouTube videolar\u0131na t\u0131klayabilirsiniz.<\/p>\n\n\n\n<figure class=\"wp-block-embed-youtube wp-block-embed is-type-video is-provider-youtube wp-embed-aspect-16-9 wp-has-aspect-ratio\"><div class=\"wp-block-embed__wrapper\">\n<span class=\"embed-youtube\" style=\"text-align:center; display: block;\"><iframe loading=\"lazy\" class=\"youtube-player\" width=\"700\" height=\"394\" src=\"https:\/\/www.youtube.com\/embed\/HRTBr6ZeOJs?version=3&#038;rel=1&#038;showsearch=0&#038;showinfo=1&#038;iv_load_policy=1&#038;fs=1&#038;hl=en-US&#038;autohide=2&#038;wmode=transparent\" allowfullscreen=\"true\" style=\"border:0;\" sandbox=\"allow-scripts allow-same-origin allow-popups allow-presentation\"><\/iframe><\/span>\n<\/div><\/figure>\n\n\n\n<figure class=\"wp-block-embed-youtube wp-block-embed is-type-video is-provider-youtube wp-embed-aspect-16-9 wp-has-aspect-ratio\"><div class=\"wp-block-embed__wrapper\">\n<span class=\"embed-youtube\" style=\"text-align:center; display: block;\"><iframe loading=\"lazy\" class=\"youtube-player\" width=\"700\" height=\"394\" src=\"https:\/\/www.youtube.com\/embed\/z_1uhQxXQAc?version=3&#038;rel=1&#038;showsearch=0&#038;showinfo=1&#038;iv_load_policy=1&#038;fs=1&#038;hl=en-US&#038;autohide=2&#038;wmode=transparent\" allowfullscreen=\"true\" style=\"border:0;\" sandbox=\"allow-scripts allow-same-origin allow-popups allow-presentation\"><\/iframe><\/span>\n<\/div><\/figure>\n\n\n\n<figure class=\"wp-block-embed-youtube wp-block-embed is-type-video is-provider-youtube wp-embed-aspect-16-9 wp-has-aspect-ratio\"><div class=\"wp-block-embed__wrapper\">\n<span class=\"embed-youtube\" style=\"text-align:center; display: block;\"><iframe loading=\"lazy\" class=\"youtube-player\" width=\"700\" height=\"394\" src=\"https:\/\/www.youtube.com\/embed\/2NseF5PMoIE?version=3&#038;rel=1&#038;showsearch=0&#038;showinfo=1&#038;iv_load_policy=1&#038;fs=1&#038;hl=en-US&#038;autohide=2&#038;wmode=transparent\" allowfullscreen=\"true\" style=\"border:0;\" sandbox=\"allow-scripts allow-same-origin allow-popups allow-presentation\"><\/iframe><\/span>\n<\/div><\/figure>\n\n\n\n<p>Eyl\u00fcl&#8217;de ba\u015flayan 2020-2021 G\u00fcz d\u00f6nemi de i\u00e7inde bulundu\u011fumuz duruma ra\u011fmen \u00e7ok ba\u015far\u0131l\u0131 ge\u00e7ti. Bug\u00fcnlerde bu d\u00f6nemi de bitirmek \u00fczereyiz.<\/p>\n\n\n\n<div style=\"height:25px\" aria-hidden=\"true\" class=\"wp-block-spacer\"><\/div>\n\n\n\n<h3>Resonance: The Journal of Sound and Culture<\/h3>\n\n\n\n<figure class=\"wp-block-image size-large\"><img loading=\"lazy\" width=\"1024\" height=\"364\" src=\"https:\/\/www.ufukonen.com\/tr\/wp-content\/uploads\/2020_Kapatirken_Resonance-1024x364.jpg\" alt=\"\" class=\"wp-image-6306\" srcset=\"https:\/\/www.ufukonen.com\/tr\/wp-content\/uploads\/2020_Kapatirken_Resonance-1024x364.jpg 1024w, https:\/\/www.ufukonen.com\/tr\/wp-content\/uploads\/2020_Kapatirken_Resonance-300x107.jpg 300w, https:\/\/www.ufukonen.com\/tr\/wp-content\/uploads\/2020_Kapatirken_Resonance-768x273.jpg 768w, https:\/\/www.ufukonen.com\/tr\/wp-content\/uploads\/2020_Kapatirken_Resonance-1140x405.jpg 1140w, https:\/\/www.ufukonen.com\/tr\/wp-content\/uploads\/2020_Kapatirken_Resonance-552x196.jpg 552w, https:\/\/www.ufukonen.com\/tr\/wp-content\/uploads\/2020_Kapatirken_Resonance.jpg 1280w\" sizes=\"(max-width: 1024px) 100vw, 1024px\" \/><\/figure>\n\n\n\n<p><em>Resonance: The Journal of Sound and Culture<\/em>, University of California taraf\u0131ndan yay\u0131mlanan, ses ve k\u00fclt\u00fcr \u00fczerine yo\u011funla\u015fan interdisipliner ve uluslararas\u0131 akademik bir dergi.<\/p>\n\n\n\n<p>&#8220;The Voice as a Narrative Element in Documentary Films&#8221; ba\u015fl\u0131kl\u0131 makalem bu dergide yay\u0131nlanmak \u00fczere kabul ald\u0131.<\/p>\n\n\n\n<p>Bu, benim i\u00e7in bu y\u0131l\u0131n en g\u00fczel haberlerinden biri oldu!<\/p>\n\n\n\n<div style=\"height:25px\" aria-hidden=\"true\" class=\"wp-block-spacer\"><\/div>\n\n\n\n<h3>Ses Kay\u0131t ve M\u00fczik Teknolojileri 12. Bask\u0131s\u0131n\u0131 Yapt\u0131!<\/h3>\n\n\n\n<figure class=\"wp-block-image size-large\"><a href=\"https:\/\/www.ufukonen.com\/tr\/ses-kayit-ve-muzik-teknolojileri.html\" target=\"_blank\" rel=\"noopener noreferrer\"><img loading=\"lazy\" width=\"1024\" height=\"576\" src=\"https:\/\/www.ufukonen.com\/tr\/wp-content\/uploads\/Onen_SKMT_2020_color_1280x720-1024x576.jpg\" alt=\"\" class=\"wp-image-5690\" srcset=\"https:\/\/www.ufukonen.com\/tr\/wp-content\/uploads\/Onen_SKMT_2020_color_1280x720-1024x576.jpg 1024w, https:\/\/www.ufukonen.com\/tr\/wp-content\/uploads\/Onen_SKMT_2020_color_1280x720-300x169.jpg 300w, https:\/\/www.ufukonen.com\/tr\/wp-content\/uploads\/Onen_SKMT_2020_color_1280x720-768x432.jpg 768w, https:\/\/www.ufukonen.com\/tr\/wp-content\/uploads\/Onen_SKMT_2020_color_1280x720.jpg 1280w\" sizes=\"(max-width: 1024px) 100vw, 1024px\" \/><\/a><figcaption>Ses Kay\u0131t ve M\u00fczik Teknolojileri (kaynak kitap)<\/figcaption><\/figure>\n\n\n\n<p><em>Ses Kay\u0131t ve M\u00fczik Teknolojileri<\/em>\u2018ni yazarken T\u00fcrkiye\u2019nin b\u00f6yle bir kitaba ihtiyac\u0131 oldu\u011fundan hi\u00e7 \u015f\u00fcphem yoktu. B\u00fcy\u00fck bir a\u00e7\u0131\u011f\u0131 kapataca\u011f\u0131na inan\u0131yordum. Teklif g\u00f6t\u00fcrd\u00fc\u011f\u00fcm yay\u0131nevleri ise farkl\u0131 d\u00fc\u015f\u00fcn\u00fcyordu\u2026 Baz\u0131lar\u0131 \u201csatmaz\u201d gerek\u00e7esiyle nazik\u00e7e geri \u00e7evirdi, di\u011ferleri de \u201ckim okusun b\u00f6yle kitab\u0131\u201d dedi.<\/p>\n\n\n\n<p>Daha sonra \u00c7itlembik Yay\u0131nlar\u0131\u2019n\u0131n kap\u0131s\u0131n\u0131 \u00e7ald\u0131m. Zarife \u00d6zt\u00fcrk, \u201csatmaz diyorlar ama satsa da satmasa da biz bunu basar\u0131z \u00e7\u00fcnk\u00fc T\u00fcrkiye\u2019nin b\u00f6yle bir kitaba ihtiyac\u0131 var\u201d dedi!<\/p>\n\n\n\n<p>Y\u0131l 2007\u2026 SKMT\u2019nin ilk bask\u0131s\u0131 yay\u0131mland\u0131.<br>Y\u0131l 2017\u2026 SKMT\u2019nin 10. bask\u0131s\u0131 yay\u0131mland\u0131.<br>Y\u0131l 2020\u2026 SKMT\u2019nin 12. bask\u0131s\u0131 yay\u0131mland\u0131.<br>13 y\u0131lda 12 bask\u0131!<\/p>\n\n\n\n<p>Asl\u0131nda buradaki konu kitab\u0131n ka\u00e7 bask\u0131 yapt\u0131\u011f\u0131, ka\u00e7 tane satt\u0131\u011f\u0131 de\u011fil. Buradaki konu, T\u00fcrkiye\u2019de b\u00f6yle bir kitaba ger\u00e7ekten ihtiya\u00e7 duyuldu\u011fu ve bu kitab\u0131n da bir a\u00e7\u0131\u011f\u0131 kapatt\u0131\u011f\u0131 ya da bir a\u00e7\u0131\u011f\u0131 kapatmakta \u00f6nemli bir rol oynam\u0131\u015f oldu\u011fu\u2026<\/p>\n\n\n\n<p>Tabii bir de bunun bana verdi\u011fi mutluluk var! Bu kitaptan birilerinin faydaland\u0131\u011f\u0131n\u0131 g\u00f6rmek ger\u00e7ekten harika bir duygu!<\/p>\n\n\n\n<p>Kitab\u0131n i\u00e7eri\u011fi ile ilgili detayl\u0131 bilgiye ve sat\u0131\u015f linklerine <a href=\"https:\/\/www.ufukonen.com\/tr\/ses-kayit-ve-muzik-teknolojileri.html\" target=\"_blank\" rel=\"noreferrer noopener\">buraya t\u0131klayarak<\/a> ula\u015fabilirsiniz.<\/p>\n\n\n\n<div style=\"height:25px\" aria-hidden=\"true\" class=\"wp-block-spacer\"><\/div>\n\n\n\n<h3>Miks \u00dczerine-1: M\u00fczik Prod\u00fcksiyonlar\u0131nda Miks Teknikleri ve \u00c7e\u015fitli Yakla\u015f\u0131mlar &#8211; 3. Bask\u0131!<\/h3>\n\n\n\n<figure class=\"wp-block-image size-large\"><a href=\"https:\/\/www.ufukonen.com\/tr\/muzik-produksiyonlarinda-miks-teknikleri.html\" target=\"_blank\" rel=\"noopener noreferrer\"><img loading=\"lazy\" width=\"1024\" height=\"576\" src=\"https:\/\/www.ufukonen.com\/tr\/wp-content\/uploads\/Onen_MPMT-1_2020_color_1280x720-1024x576.jpg\" alt=\"\" class=\"wp-image-5688\" srcset=\"https:\/\/www.ufukonen.com\/tr\/wp-content\/uploads\/Onen_MPMT-1_2020_color_1280x720-1024x576.jpg 1024w, https:\/\/www.ufukonen.com\/tr\/wp-content\/uploads\/Onen_MPMT-1_2020_color_1280x720-300x169.jpg 300w, https:\/\/www.ufukonen.com\/tr\/wp-content\/uploads\/Onen_MPMT-1_2020_color_1280x720-768x432.jpg 768w, https:\/\/www.ufukonen.com\/tr\/wp-content\/uploads\/Onen_MPMT-1_2020_color_1280x720.jpg 1280w\" sizes=\"(max-width: 1024px) 100vw, 1024px\" \/><\/a><figcaption>Miks \u00dczerine-1: M\u00fczik Prod\u00fcksiyonlar\u0131nda Miks Teknikleri<\/figcaption><\/figure>\n\n\n\n<p>2016 y\u0131l\u0131nda \u00e7\u0131kan ve 2018 y\u0131l\u0131nda ikinci bask\u0131s\u0131 yap\u0131lan <em>Miks \u00dczerine-1: M\u00fczik Prod\u00fcksiyonlar\u0131nda Miks Teknikleri ve \u00c7e\u015fitli Yakla\u015f\u0131mlar<\/em> adl\u0131 kitab\u0131m\u0131n 3. bask\u0131s\u0131 yap\u0131ld\u0131!<\/p>\n\n\n\n<p>T\u0131pk\u0131 <em>Ses Kay\u0131t ve M\u00fczik Teknolojileri<\/em> gibi bu kitap i\u00e7in de ger\u00e7ekten \u00e7ok iyi yorumlar ald\u0131m. Okuyucular kitapta payla\u015f\u0131lan teknikleri ve yer yer birbirleri ile \u00e7eli\u015fen farkl\u0131 yakla\u015f\u0131mlar\u0131 \u00e7ok faydal\u0131 buldular.<\/p>\n\n\n\n<p>Kitab\u0131n i\u00e7eri\u011fi ile ilgili detayl\u0131 bilgiye ve sat\u0131\u015f linklerine <a href=\"https:\/\/www.ufukonen.com\/tr\/muzik-produksiyonlarinda-miks-teknikleri.html\" target=\"_blank\" rel=\"noreferrer noopener\">buraya t\u0131klayarak<\/a> ula\u015fabilirsiniz.<\/p>\n\n\n\n<div style=\"height:25px\" aria-hidden=\"true\" class=\"wp-block-spacer\"><\/div>\n\n\n\n<h3>Synthesizer Teknolojileri ve Programlama: Ge\u00e7mi\u015ften G\u00fcn\u00fcm\u00fcze Pop\u00fcler Sentez Teknikleri &#8211; 3. Bask\u0131<\/h3>\n\n\n\n<figure class=\"wp-block-image size-large\"><a href=\"https:\/\/www.ufukonen.com\/tr\/synthesizer-teknolojileri-ve-programlama.html\" target=\"_blank\" rel=\"noopener noreferrer\"><img loading=\"lazy\" width=\"1024\" height=\"576\" src=\"https:\/\/www.ufukonen.com\/tr\/wp-content\/uploads\/Onen_STP_2020_color_1280x720-1024x576.jpg\" alt=\"\" class=\"wp-image-5691\" srcset=\"https:\/\/www.ufukonen.com\/tr\/wp-content\/uploads\/Onen_STP_2020_color_1280x720-1024x576.jpg 1024w, https:\/\/www.ufukonen.com\/tr\/wp-content\/uploads\/Onen_STP_2020_color_1280x720-300x169.jpg 300w, https:\/\/www.ufukonen.com\/tr\/wp-content\/uploads\/Onen_STP_2020_color_1280x720-768x432.jpg 768w, https:\/\/www.ufukonen.com\/tr\/wp-content\/uploads\/Onen_STP_2020_color_1280x720.jpg 1280w\" sizes=\"(max-width: 1024px) 100vw, 1024px\" \/><\/a><figcaption>Synthesizer Teknolojileri ve Programlama (kitap)<\/figcaption><\/figure>\n\n\n\n<p>Teoman Pasinlio\u011flu ile birlikte yazd\u0131\u011f\u0131m\u0131z <em>Synthesizer Teknolojileri ve Programlama: Ge\u00e7mi\u015ften G\u00fcn\u00fcm\u00fcze Pop\u00fcler Sentez Teknikleri<\/em> adl\u0131 kitab\u0131m\u0131z\u0131n 3. bask\u0131s\u0131 yap\u0131ld\u0131!<\/p>\n\n\n\n<p>Kitab\u0131n i\u00e7eri\u011fi ile ilgili detayl\u0131 bilgiye ve sat\u0131\u015f linklerine <a rel=\"noreferrer noopener\" href=\"https:\/\/www.ufukonen.com\/tr\/synthesizer-teknolojileri-ve-programlama.html\" target=\"_blank\">buraya t\u0131klayarak<\/a> ula\u015fabilirsiniz.<\/p>\n\n\n\n<div style=\"height:50px\" aria-hidden=\"true\" class=\"wp-block-spacer\"><\/div>\n\n\n\n<figure class=\"wp-block-image size-large\"><img loading=\"lazy\" width=\"1024\" height=\"898\" src=\"https:\/\/www.ufukonen.com\/tr\/wp-content\/uploads\/2020_Kapatirken_UfukOnen-1024x898.jpg\" alt=\"\" class=\"wp-image-6308\" srcset=\"https:\/\/www.ufukonen.com\/tr\/wp-content\/uploads\/2020_Kapatirken_UfukOnen-1024x898.jpg 1024w, https:\/\/www.ufukonen.com\/tr\/wp-content\/uploads\/2020_Kapatirken_UfukOnen-300x263.jpg 300w, https:\/\/www.ufukonen.com\/tr\/wp-content\/uploads\/2020_Kapatirken_UfukOnen-768x673.jpg 768w, https:\/\/www.ufukonen.com\/tr\/wp-content\/uploads\/2020_Kapatirken_UfukOnen-1140x1000.jpg 1140w, https:\/\/www.ufukonen.com\/tr\/wp-content\/uploads\/2020_Kapatirken_UfukOnen-552x484.jpg 552w, https:\/\/www.ufukonen.com\/tr\/wp-content\/uploads\/2020_Kapatirken_UfukOnen.jpg 1259w\" sizes=\"(max-width: 1024px) 100vw, 1024px\" \/><\/figure>\n\n\n\n<p>Yukar\u0131da sayd\u0131klar\u0131m\u0131n d\u0131\u015f\u0131nda 2020 genel olarak b\u00f6yle ge\u00e7ti! \ud83d\ude42 <\/p>\n\n\n\n<div style=\"height:25px\" aria-hidden=\"true\" class=\"wp-block-spacer\"><\/div>\n\n\n\n<h3><span class=\"has-inline-color has-accent-color\">Herkese sa\u011fl\u0131kl\u0131, mutlu ve ba\u015far\u0131l\u0131 bir y\u0131l diliyorum\u2026<\/span><\/h3>\n\n\n\n<h3><span class=\"has-inline-color has-accent-color\">2021 hepimiz i\u00e7in \u00e7ok daha g\u00fczel bir sene olsun!<\/span><\/h3>\n\n\n\n<div style=\"height:50px\" aria-hidden=\"true\" class=\"wp-block-spacer\"><\/div>\n\n\n\n<p>Teknik terimler i\u00e7in <a href=\"http:\/\/www.ufukonen.com\/tr\/ses-kayit-muzik-teknolojisi-terimler-sozluk.html\">m\u00fczik teknolojisi, m\u00fczik prod\u00fcksiyonu ve ses kay\u0131t terimleri s\u00f6zl\u00fc\u011f\u00fcne<\/a> g\u00f6z atabilirsiniz.<\/p>\n\n\n\n<p>Benzer payla\u015f\u0131mlar i\u00e7in beni <a rel=\"noreferrer noopener\" href=\"https:\/\/www.facebook.com\/ufukonen.skmt\/\" target=\"_blank\">Facebook<\/a>, <a href=\"https:\/\/www.instagram.com\/ufukonen\/\" target=\"_blank\" rel=\"noreferrer noopener\" aria-label=\"Instagram (opens in a new tab)\">Instagram<\/a> ve <a rel=\"noreferrer noopener\" href=\"https:\/\/twitter.com\/UfukOnen\" target=\"_blank\">Twitter<\/a>&#8216;da takip edebilir, haberler i\u00e7in <a rel=\"noreferrer noopener\" href=\"http:\/\/ufukonen.com\/tr\/ses-kayit-muzik-teknolojisi-terimler-sozluk.html\" target=\"_blank\">mesaj listeme \u00fcye olabilirsiniz<\/a>. Te\u015fekk\u00fcrler.<\/p>\n\n\n\n<p>\u00a9 2020 Ufuk \u00d6nen. Her hakk\u0131 sakl\u0131d\u0131r. \u0130zinsiz kullan\u0131lamaz.<\/p>\n","protected":false},"excerpt":{"rendered":"<p class=\"post-excerpt\">2020&#8217;de ama az ama \u00e7ok herkes \u00fcz\u00fcld\u00fc, s\u0131k\u0131ld\u0131 ve zarar g\u00f6rd\u00fc. 2021&#8217;e m\u00fcmk\u00fcn oldu\u011funca pozitif bir enerji ile girebilmek ad\u0131na&#8230;<\/p>\n","protected":false},"author":2,"featured_media":6309,"comment_status":"closed","ping_status":"open","sticky":false,"template":"","format":"standard","meta":{"_mi_skip_tracking":false,"spay_email":"","jetpack_publicize_message":"","jetpack_is_tweetstorm":false,"jetpack_publicize_feature_enabled":true},"categories":[17,16,19,18],"tags":[],"jetpack_featured_media_url":"https:\/\/www.ufukonen.com\/tr\/wp-content\/uploads\/2020_Kapatirken_Header.jpg","jetpack_publicize_connections":[],"jetpack_shortlink":"https:\/\/wp.me\/p3rjsG-1Dy","jetpack_sharing_enabled":true,"jetpack-related-posts":[{"id":4087,"url":"https:\/\/www.ufukonen.com\/tr\/film-sesleri-2.html","url_meta":{"origin":6296,"position":0},"title":"Film Sesleri (2. B\u00f6l\u00fcm)","date":"September 3, 2018","format":false,"excerpt":"Yaz\u0131n\u0131n birinci b\u00f6l\u00fcm\u00fcn\u00fc okumak i\u00e7in t\u0131klay\u0131n\u0131z. \u00a0 Ses Efektleri (1. b\u00f6l\u00fcmden devam) Ses efektleri bunlarla s\u0131n\u0131rl\u0131 de\u011fildir. \u0130nsan ve e\u015fyalara ba\u011fl\u0131 sesler, ses efektleri i\u00e7inde ayr\u0131 bir grubu olu\u015fturur. Bu gruba \u00f6rnek olarak ayak sesleri, barda\u011f\u0131 masaya koydu\u011fumuzda \u00e7\u0131kan ses ve elbise h\u0131\u015f\u0131rt\u0131lar\u0131n\u0131 g\u00f6sterebiliriz. \u0130nsan ve e\u015fyalara ba\u011fl\u0131 sesler st\u00fcdyoda\u2026","rel":"","context":"In &quot;Ses Tasar\u0131m\u0131&quot;","img":{"alt_text":"","src":"https:\/\/i0.wp.com\/www.ufukonen.com\/tr\/wp-content\/uploads\/film_sesleri_2.jpg?resize=350%2C200&ssl=1","width":350,"height":200},"classes":[]},{"id":8024,"url":"https:\/\/www.ufukonen.com\/tr\/sounding-off-2023-bilkent.html","url_meta":{"origin":6296,"position":1},"title":"Sounding Off: Gelece\u011fin Ses Getirecek Kad\u0131nlar\u0131 \u0130le Bulu\u015fuyoruz","date":"April 24, 2023","format":false,"excerpt":"Benim i\u00e7in \u00e7ok \u00f6nemli olan bir projeyi hayata ge\u00e7irmenin mutlulu\u011funu ya\u015f\u0131yorum \ud83d\ude0e Gelece\u011fin ses getirecek kad\u0131nlar\u0131n\u0131 Bilkent \u00dcniversitesi'nde misafir ediyoruz! Amerikan B\u00fcy\u00fckel\u00e7ili\u011fi taraf\u0131ndan desteklenen bu projenin detaylar\u0131 ile proje ekibinin ve se\u00e7ilen kat\u0131l\u0131mc\u0131lar\u0131n listesini a\u015fa\u011f\u0131da bulabilirsiniz. Etkinlik Bilkent COMD YouTube \u00fczerinden canl\u0131 olarak yay\u0131nlanacak ve herkese a\u00e7\u0131k olacak: Canl\u0131 yay\u0131n\u2026","rel":"","context":"In &quot;Ders &amp; Workshop&quot;","img":{"alt_text":"","src":"https:\/\/i0.wp.com\/www.ufukonen.com\/tr\/wp-content\/uploads\/Sounding_Off_2023_00_Header_2.jpg?resize=350%2C200&ssl=1","width":350,"height":200},"classes":[]},{"id":7004,"url":"https:\/\/www.ufukonen.com\/tr\/tal-noisemaker.html","url_meta":{"origin":6296,"position":2},"title":"Yeniden Ke\u015ffetti\u011fim Bir Plug-in: TAL-NoiseMaker","date":"November 22, 2021","format":false,"excerpt":"Production Expert ekibi olarak zaman zaman kolektif makaleler yaz\u0131yoruz. 12 Kas\u0131m 2021 tarihinde sahip olup hi\u00e7 kullanmad\u0131\u011f\u0131m\u0131z ve sonradan \"yeniden ke\u015ffetti\u011fimiz\" plug-in'ler ile ilgili \"We Try Those Plugins We Never Use\u2026 Was It Worth It?\" ba\u015fl\u0131kl\u0131 bir yaz\u0131 yay\u0131mlad\u0131k. O yaz\u0131da payla\u015ft\u0131\u011f\u0131m plug-in'i ve hikayesini burada sizlerle de payla\u015fmak istiyorum.\u2026","rel":"","context":"In &quot;Ses ve M\u00fczik Teknolojileri&quot;","img":{"alt_text":"","src":"https:\/\/i0.wp.com\/www.ufukonen.com\/tr\/wp-content\/uploads\/TAL-NoiseMaker.jpg?resize=350%2C200&ssl=1","width":350,"height":200},"classes":[]},{"id":8096,"url":"https:\/\/www.ufukonen.com\/tr\/sounding-off-2023-bilkent_.html","url_meta":{"origin":6296,"position":3},"title":"Sounding Off 2023: Gelece\u011fin Ses Getirecek Kad\u0131nlar\u0131 \u0130le Bulu\u015ftuk","date":"June 8, 2023","format":false,"excerpt":"Benim i\u00e7in \u00e7ok \u00f6nemli olan bir projeyi hayata ge\u00e7irmenin mutlulu\u011funu ya\u015f\u0131yorum: Sounding Off: The Next Generation of Women in Sound \ud83d\ude0e https:\/\/youtu.be\/KewMIfioGOw Film ve televizyon i\u00e7in ses ve m\u00fczik, streaming platformlar\u0131n\u0131n yayg\u0131nla\u015fmas\u0131yla birlikte T\u00fcrkiye ve d\u00fcnyada h\u0131zla geli\u015fen bir alan. Kurgu, film, belgesel, dizi, animasyon dahil her t\u00fcr g\u00f6rsel medya\u2026","rel":"","context":"In &quot;Ders &amp; Workshop&quot;","img":{"alt_text":"","src":"https:\/\/i0.wp.com\/www.ufukonen.com\/tr\/wp-content\/uploads\/Sounding_Off_2023_00_Header_2.jpg?resize=350%2C200&ssl=1","width":350,"height":200},"classes":[]},{"id":589,"url":"https:\/\/www.ufukonen.com\/tr\/sound-design-ve-music-media-dersleri.html","url_meta":{"origin":6296,"position":4},"title":"&#8220;Sound Design&#8221; ve &#8220;Music &#038; Media&#8221; Dersleri","date":"September 10, 2017","format":false,"excerpt":"\u00a0 Bu d\u00f6nem (2017-2018 Fall) \u00a0COMD-361 Sound Design I\u00a0dersini iki 'section', \u00a0COMD-363 Music & Media\u00a0dersini de bir 'section' olarak a\u00e7\u0131yorum. Dersleri,\u00a0isteyen ve bu konulara ilgi duyan t\u00fcm Bilkent \u00dcniversitesi \u00f6\u011frencileri alabilir.\u00a0COMD-362 Sound Design II\u00a0dersini 2017-2018 Spring d\u00f6neminde a\u00e7may\u0131 planl\u0131yorum.\u00a0Derslerin isimlerine t\u0131klayarak katalog tan\u0131mlar\u0131na ula\u015fabilirsiniz. Dersler hakk\u0131nda bilgi vermeden \u00f6nce hemen\u2026","rel":"","context":"In &quot;Ders &amp; Workshop&quot;","img":{"alt_text":"","src":"https:\/\/i0.wp.com\/www.ufukonen.com\/tr\/wp-content\/uploads\/SoundDesign_MusicMedia.png?resize=350%2C200&ssl=1","width":350,"height":200},"classes":[]},{"id":7075,"url":"https:\/\/www.ufukonen.com\/tr\/2021i-kapatirken.html","url_meta":{"origin":6296,"position":5},"title":"2021&#8217;i Kapat\u0131rken&#8230;","date":"December 27, 2021","format":false,"excerpt":"2021 kolay bir y\u0131l de\u011fildi. Bir yandan pandemi, di\u011fer yandan y\u0131l\u0131n son \u00e7eyre\u011findeki ekonomik dalgalanma derken herkes ama az ama \u00e7ok s\u0131k\u0131ld\u0131 ve darald\u0131. Her \u015feye ra\u011fmen, 2022'ye m\u00fcmk\u00fcn oldu\u011funca pozitif bir enerji ile girebilmek ad\u0131na, 2021 y\u0131l\u0131 i\u00e7inde yapt\u0131\u011f\u0131m ve beni mutlu eden i\u015flerin bir \u00f6zetini sizlerle payla\u015fmak istedim.\u2026","rel":"","context":"In &quot;M\u00fczik End\u00fcstrisi&quot;","img":{"alt_text":"","src":"https:\/\/i0.wp.com\/www.ufukonen.com\/tr\/wp-content\/uploads\/2021_Kapatirken_00_Header_2.jpg?resize=350%2C200&ssl=1","width":350,"height":200},"classes":[]}],"_links":{"self":[{"href":"https:\/\/www.ufukonen.com\/tr\/wp-json\/wp\/v2\/posts\/6296"}],"collection":[{"href":"https:\/\/www.ufukonen.com\/tr\/wp-json\/wp\/v2\/posts"}],"about":[{"href":"https:\/\/www.ufukonen.com\/tr\/wp-json\/wp\/v2\/types\/post"}],"author":[{"embeddable":true,"href":"https:\/\/www.ufukonen.com\/tr\/wp-json\/wp\/v2\/users\/2"}],"replies":[{"embeddable":true,"href":"https:\/\/www.ufukonen.com\/tr\/wp-json\/wp\/v2\/comments?post=6296"}],"version-history":[{"count":10,"href":"https:\/\/www.ufukonen.com\/tr\/wp-json\/wp\/v2\/posts\/6296\/revisions"}],"predecessor-version":[{"id":6310,"href":"https:\/\/www.ufukonen.com\/tr\/wp-json\/wp\/v2\/posts\/6296\/revisions\/6310"}],"wp:featuredmedia":[{"embeddable":true,"href":"https:\/\/www.ufukonen.com\/tr\/wp-json\/wp\/v2\/media\/6309"}],"wp:attachment":[{"href":"https:\/\/www.ufukonen.com\/tr\/wp-json\/wp\/v2\/media?parent=6296"}],"wp:term":[{"taxonomy":"category","embeddable":true,"href":"https:\/\/www.ufukonen.com\/tr\/wp-json\/wp\/v2\/categories?post=6296"},{"taxonomy":"post_tag","embeddable":true,"href":"https:\/\/www.ufukonen.com\/tr\/wp-json\/wp\/v2\/tags?post=6296"}],"curies":[{"name":"wp","href":"https:\/\/api.w.org\/{rel}","templated":true}]}}