{"id":6311,"date":"2021-01-04T10:00:00","date_gmt":"2021-01-04T07:00:00","guid":{"rendered":"https:\/\/www.ufukonen.com\/tr\/?p=6311"},"modified":"2021-01-31T23:57:05","modified_gmt":"2021-01-31T20:57:05","slug":"2020-daw-anketi-sonuclari","status":"publish","type":"post","link":"https:\/\/www.ufukonen.com\/tr\/2020-daw-anketi-sonuclari.html","title":{"rendered":"2020 DAW Anketi Sonu\u00e7lar\u0131"},"content":{"rendered":"\n<p>Bu y\u0131l be\u015fincisini d\u00fczenledi\u011fim DAW anketinin sonu\u00e7lar\u0131 belli oldu! Bu sene birinci olan DAW sadece bir oy farkla (evet, do\u011fru okudunuz, sadece bir oy farkla) birinci oldu. Bu ilgin\u00e7 bir nokta.<\/p>\n\n\n\n<p>Bu y\u0131l sonu\u00e7lar\u0131 analiz ederken t\u00fcm oylar\u0131n yan\u0131 s\u0131ra ses teknolojileri ile profesyonel ve hobi olarak ilgilenen kat\u0131l\u0131mc\u0131lar\u0131n oylar\u0131n\u0131 ayr\u0131 gruplar halinde de analiz ettim. Ortaya olduk\u00e7a farkl\u0131 bir tablo \u00e7\u0131kt\u0131. Bu da bu y\u0131l i\u00e7in di\u011fer ilgin\u00e7 bir nokta.<\/p>\n\n\n\n<p>2020 DAW anketi 9 Kas\u0131m 2020 ile 1 Ocak 2021 aras\u0131nda a\u00e7\u0131k kald\u0131. Kat\u0131l\u0131m \u00f6nceki y\u0131llara g\u00f6re daha fazla oldu. 2016\u2019da 1112 ki\u015fi, 2017\u2019de 1009 ki\u015fi, 2018\u2019de 1186 ki\u015fi, 2019 ise 1524 ki\u015fi kat\u0131lm\u0131\u015ft\u0131. Bu y\u0131l kat\u0131l\u0131mc\u0131lar\u0131n say\u0131s\u0131 1776 oldu!<\/p>\n\n\n\n<p>Ge\u00e7mi\u015f y\u0131llar\u0131n anket sonu\u00e7lar\u0131na a\u015fa\u011f\u0131daki linklerden ula\u015fabilirsiniz:<\/p>\n\n\n\n<ul><li><a rel=\"noreferrer noopener\" href=\"https:\/\/www.ufukonen.com\/tr\/2019-daw-anketi-sonuclari.html\" target=\"_blank\">2019 DAW Anketi Sonu\u00e7lar\u0131<\/a><\/li><li><a rel=\"noreferrer noopener\" href=\"https:\/\/www.ufukonen.com\/tr\/2018-daw-anketi-sonuclari.html\" target=\"_blank\">2018 DAW Anketi Sonu\u00e7lar\u0131<\/a><\/li><li><a rel=\"noreferrer noopener\" href=\"https:\/\/www.ufukonen.com\/tr\/2017-daw-anketi-sonuclari.html\" target=\"_blank\">2017 DAW Anketi Sonu\u00e7lar\u0131<\/a><\/li><li><a rel=\"noreferrer noopener\" href=\"https:\/\/www.ufukonen.com\/tr\/2016-daw-tercihiniz-anket.html\" target=\"_blank\">2016 DAW Anketi Sonu\u00e7lar\u0131<\/a><\/li><\/ul>\n\n\n\n<p>Evet! \u015eimdi gelelim 2020 anketinin sonu\u00e7lara\u2026<\/p>\n\n\n\n<div style=\"height:25px\" aria-hidden=\"true\" class=\"wp-block-spacer\"><\/div>\n\n\n\n<h3>Soru: \u201cM\u00fczik ve ses teknolojileri ile ilginiz\u201d<\/h3>\n\n\n\n<p>1776 kat\u0131l\u0131mc\u0131dan 914&#8217;\u00fc m\u00fczik ve ses teknolojileri ile profesyonel olarak ilgilendi\u011fini, gelirlerinin b\u00fcy\u00fck b\u00f6l\u00fcm\u00fcn\u00fcn ya da bir k\u0131sm\u0131n\u0131n bu sekt\u00f6rden oldu\u011funu s\u00f6ylemi\u015f. Di\u011fer yandan, hobi olarak ilgilendi\u011fini s\u00f6yleyenlerin say\u0131s\u0131 862. Bu say\u0131lara g\u00f6re profesyoneller %51, hobi olarak ilgilenenler ise %49&#8217;luk dilimi olu\u015fturuyor.<\/p>\n\n\n\n<p>Ge\u00e7ti\u011fimiz y\u0131l kat\u0131l\u0131mc\u0131lar\u0131n %49&#8217;u profesyonel, %51&#8217;i ise hobi olarak ilgilenen kat\u0131l\u0131mc\u0131lardan olu\u015fuyordu.<\/p>\n\n\n\n<figure class=\"wp-block-image size-large\"><a href=\"https:\/\/www.ufukonen.com\/tr\/wp-content\/uploads\/2020_DAW_Anketi_Sonuclar_01-scaled.jpg\" target=\"_blank\" rel=\"noopener noreferrer\"><img loading=\"lazy\" width=\"1024\" height=\"234\" src=\"https:\/\/www.ufukonen.com\/tr\/wp-content\/uploads\/2020_DAW_Anketi_Sonuclar_01-1024x234.jpg\" alt=\"\" class=\"wp-image-6313\" srcset=\"https:\/\/www.ufukonen.com\/tr\/wp-content\/uploads\/2020_DAW_Anketi_Sonuclar_01-1024x234.jpg 1024w, https:\/\/www.ufukonen.com\/tr\/wp-content\/uploads\/2020_DAW_Anketi_Sonuclar_01-300x68.jpg 300w, https:\/\/www.ufukonen.com\/tr\/wp-content\/uploads\/2020_DAW_Anketi_Sonuclar_01-768x175.jpg 768w, https:\/\/www.ufukonen.com\/tr\/wp-content\/uploads\/2020_DAW_Anketi_Sonuclar_01-1536x351.jpg 1536w, https:\/\/www.ufukonen.com\/tr\/wp-content\/uploads\/2020_DAW_Anketi_Sonuclar_01-2048x468.jpg 2048w, https:\/\/www.ufukonen.com\/tr\/wp-content\/uploads\/2020_DAW_Anketi_Sonuclar_01-1140x260.jpg 1140w, https:\/\/www.ufukonen.com\/tr\/wp-content\/uploads\/2020_DAW_Anketi_Sonuclar_01-552x126.jpg 552w\" sizes=\"(max-width: 1024px) 100vw, 1024px\" \/><\/a><\/figure>\n\n\n\n<div style=\"height:25px\" aria-hidden=\"true\" class=\"wp-block-spacer\"><\/div>\n\n\n\n<h3>Soru: \u201cA\u011f\u0131rl\u0131kl\u0131 olarak kulland\u0131\u011f\u0131n\u0131z bilgisayar i\u015fletim sistemi\u201d<\/h3>\n\n\n\n<p>1776 kat\u0131l\u0131mc\u0131dan 1237&#8217;si i\u015fletim sistemi olarak Windows&#8217;u tercih etti\u011fini s\u00f6ylemi\u015f, bu da toplam oylar\u0131n %70&#8217;ini olu\u015fturuyor. <\/p>\n\n\n\n<p>Son iki y\u0131lda Mac OS X&#8217;te bir d\u00fc\u015f\u00fc\u015f var. Mac OS X tercih edenlerin y\u00fczdesi 2018 y\u0131l\u0131nda %39, 2019 y\u0131l\u0131nda ise %36&#8217;yd\u0131. Bu y\u0131l %30&#8217;a d\u00fc\u015ft\u00fc.<\/p>\n\n\n\n<figure class=\"wp-block-image size-large\"><a href=\"https:\/\/www.ufukonen.com\/tr\/wp-content\/uploads\/2020_DAW_Anketi_Sonuclar_02-scaled.jpg\" target=\"_blank\" rel=\"noopener noreferrer\"><img loading=\"lazy\" width=\"1024\" height=\"250\" src=\"https:\/\/www.ufukonen.com\/tr\/wp-content\/uploads\/2020_DAW_Anketi_Sonuclar_02-1024x250.jpg\" alt=\"\" class=\"wp-image-6315\" srcset=\"https:\/\/www.ufukonen.com\/tr\/wp-content\/uploads\/2020_DAW_Anketi_Sonuclar_02-1024x250.jpg 1024w, https:\/\/www.ufukonen.com\/tr\/wp-content\/uploads\/2020_DAW_Anketi_Sonuclar_02-300x73.jpg 300w, https:\/\/www.ufukonen.com\/tr\/wp-content\/uploads\/2020_DAW_Anketi_Sonuclar_02-768x188.jpg 768w, https:\/\/www.ufukonen.com\/tr\/wp-content\/uploads\/2020_DAW_Anketi_Sonuclar_02-1536x375.jpg 1536w, https:\/\/www.ufukonen.com\/tr\/wp-content\/uploads\/2020_DAW_Anketi_Sonuclar_02-2048x500.jpg 2048w, https:\/\/www.ufukonen.com\/tr\/wp-content\/uploads\/2020_DAW_Anketi_Sonuclar_02-1140x279.jpg 1140w, https:\/\/www.ufukonen.com\/tr\/wp-content\/uploads\/2020_DAW_Anketi_Sonuclar_02-552x135.jpg 552w\" sizes=\"(max-width: 1024px) 100vw, 1024px\" \/><\/a><\/figure>\n\n\n\n<div style=\"height:25px\" aria-hidden=\"true\" class=\"wp-block-spacer\"><\/div>\n\n\n\n<h3>Soru: \u201cDAW kullan\u0131m\u0131n\u0131z\u201d<\/h3>\n\n\n\n<p>Bu sene bu sorunun sonucu beni biraz \u015fa\u015f\u0131rtt\u0131. Ge\u00e7ti\u011fimiz y\u0131l birden fazla DAW kullanman\u0131n art\u0131k yad\u0131rganacak bir \u015fey olmaktan \u00e7\u0131kt\u0131\u011f\u0131n\u0131 ve birden fazla DAW kullananlar\u0131n say\u0131s\u0131n\u0131n artmakta oldu\u011funu yazm\u0131\u015ft\u0131m. 2018 ve 2019 y\u0131l\u0131 anketlerinde kullan\u0131c\u0131lar\u0131n %45&#8217;i birden fazla DAW kulland\u0131\u011f\u0131n\u0131 ifade etmi\u015fti.<\/p>\n\n\n\n<p>2020 anketinde 1776 kat\u0131l\u0131mc\u0131dan sadece 700&#8217;\u00fc birden fazla DAW kulland\u0131\u011f\u0131n\u0131 s\u00f6ylemi\u015f, bu da toplam oylar\u0131n %39&#8217;unun olu\u015fturuyor.<\/p>\n\n\n\n<p>2020 y\u0131l\u0131nda bu y\u00fczdenin daha da artmas\u0131n\u0131 bekleren d\u00fc\u015ft\u00fc\u011f\u00fcn\u00fc g\u00f6rmek benim i\u00e7in s\u00fcrpriz oldu. A\u00e7\u0131k\u00e7as\u0131 bekledi\u011fim bir sonu\u00e7 de\u011fildi.<\/p>\n\n\n\n<figure class=\"wp-block-image size-large\"><a href=\"https:\/\/www.ufukonen.com\/tr\/wp-content\/uploads\/2020_DAW_Anketi_Sonuclar_03-scaled.jpg\" target=\"_blank\" rel=\"noopener noreferrer\"><img loading=\"lazy\" width=\"1024\" height=\"215\" src=\"https:\/\/www.ufukonen.com\/tr\/wp-content\/uploads\/2020_DAW_Anketi_Sonuclar_03-1024x215.jpg\" alt=\"\" class=\"wp-image-6317\" srcset=\"https:\/\/www.ufukonen.com\/tr\/wp-content\/uploads\/2020_DAW_Anketi_Sonuclar_03-1024x215.jpg 1024w, https:\/\/www.ufukonen.com\/tr\/wp-content\/uploads\/2020_DAW_Anketi_Sonuclar_03-300x63.jpg 300w, https:\/\/www.ufukonen.com\/tr\/wp-content\/uploads\/2020_DAW_Anketi_Sonuclar_03-768x161.jpg 768w, https:\/\/www.ufukonen.com\/tr\/wp-content\/uploads\/2020_DAW_Anketi_Sonuclar_03-1536x322.jpg 1536w, https:\/\/www.ufukonen.com\/tr\/wp-content\/uploads\/2020_DAW_Anketi_Sonuclar_03-2048x429.jpg 2048w, https:\/\/www.ufukonen.com\/tr\/wp-content\/uploads\/2020_DAW_Anketi_Sonuclar_03-1140x239.jpg 1140w, https:\/\/www.ufukonen.com\/tr\/wp-content\/uploads\/2020_DAW_Anketi_Sonuclar_03-552x116.jpg 552w\" sizes=\"(max-width: 1024px) 100vw, 1024px\" \/><\/a><\/figure>\n\n\n\n<div style=\"height:25px\" aria-hidden=\"true\" class=\"wp-block-spacer\"><\/div>\n\n\n\n<h3>Soru: \u201cBirinci tercih olarak kullanmakta oldu\u011funuz DAW\u201d<\/h3>\n\n\n\n<p>Evet, i\u015fte geldik 2020 DAW anketinin galibine\u2026<\/p>\n\n\n\n<p>2020 DAW anketinin bir numaras\u0131 STUDIO ONE (Presonus).<\/p>\n\n\n\n<p>2018 ve 2019 y\u0131llar\u0131nda \u00fcst \u00fcste iki defa birinci olan Studio One, 2020 anketinin de galibi oldu.<\/p>\n\n\n\n<p>Ancak burada \u00e7ok ilgin\u00e7 bir durum var!<\/p>\n\n\n\n<p>2019 y\u0131l\u0131nda birinci olan Studio One ile ikinci olan Logic Pro (Apple) aras\u0131nda az diyemeyece\u011fimiz bir fark vard\u0131.<\/p>\n\n\n\n<p>Bu y\u0131l birinci ve ikinci aras\u0131nda sadece bir oy fark var! Evet, sadece bir oy!<\/p>\n\n\n\n<p>2020 y\u0131l\u0131nda bir oy farkla anketi ikinci s\u0131rada tamamlayan CUBASE (Steinberg) oldu.<\/p>\n\n\n\n<p>Bence ilgin\u00e7 olan sadece arada bir oy fark\u0131 olmas\u0131 de\u011fil, ge\u00e7ti\u011fimiz y\u0131llarda d\u00fc\u015f\u00fc\u015fte olan Cubase&#8217;in tekrar pop\u00fcler bir se\u00e7im haline gelmi\u015f olmas\u0131.<\/p>\n\n\n\n<p>Belki hat\u0131rlars\u0131n\u0131z, Cubase, 2016 ve 2017 anketlerini birinci s\u0131rada tamamlam\u0131\u015ft\u0131. Daha sonra, 2018 y\u0131l\u0131nda \u00fc\u00e7\u00fcnc\u00fc s\u0131raya, 2019 y\u0131l\u0131nda ise be\u015finci s\u0131raya gerilemi\u015fti. Bu sene m\u00fcthi\u015f bir s\u0131\u00e7rama yap\u0131p anketin neredeyse tepesine \u00e7\u0131kt\u0131.<\/p>\n\n\n\n<p>\u00dc\u00e7\u00fcnc\u00fc s\u0131rada LOGIC PRO (Apple) var. D\u00f6rt y\u0131l boyunca ikincili\u011fi kimseye b\u0131rakmayan Logic Pro, bu y\u0131l \u00fc\u00e7\u00fcnc\u00fc s\u0131raya geriledi.<\/p>\n\n\n\n<p>Logic Pro ile ilgili dikkat \u00e7eken bir noktay\u0131 belirtmekte fayda var: Ankete kat\u0131lan 1776 ki\u015fiden 534\u2019\u00fc Mac OS X, 296&#8217;s\u0131 da Logic Pro kulland\u0131\u011f\u0131n\u0131 s\u00f6ylemi\u015f. Bildi\u011finiz gibi Logic Pro sadece Mac OS X alt\u0131nda \u00e7al\u0131\u015f\u0131yor. Burada yola \u00e7\u0131karak Logic Pro\u2019nun Mac kullan\u0131c\u0131lar\u0131n\u0131n neredeyse %56&#8217;s\u0131 taraf\u0131ndan birinci DAW olarak tercih edildi\u011fini s\u00f6yleyebiliriz.<\/p>\n\n\n\n<p>D\u00f6rd\u00fcnc\u00fc s\u0131rada FL STUDIO (Image-Line) var. Ge\u00e7ti\u011fimiz y\u0131l \u00fc\u00e7\u00fcnc\u00fc s\u0131rada olan FL Studio, anketi bu sene d\u00f6rd\u00fcnc\u00fc s\u0131rada tamamlad\u0131.<\/p>\n\n\n\n<p>Be\u015finci s\u0131rada LIVE (Ableton) var. Live, istikrarl\u0131 bir \u015fekilde anketleri genelde hep d\u00f6rd\u00fcnc\u00fc ve be\u015finci s\u0131ralarda tamaml\u0131yor, bu sene de bir de\u011fi\u015fiklik olmad\u0131.<\/p>\n\n\n\n<p>Alt\u0131nc\u0131 s\u0131rada REAPER (Cockos) var. \u0130lk \u00fc\u00e7 y\u0131l anketleri yedinci s\u0131rada tamamlayan Reaper ge\u00e7ti\u011fimiz y\u0131l alt\u0131nc\u0131 s\u0131radayd\u0131. Bu y\u0131l da bir de\u011fi\u015fiklik olmam\u0131\u015f.<\/p>\n\n\n\n<p>Yedinci s\u0131rada PRO TOOLS (Avid) var. Pro Tools da t\u0131pk\u0131 Live ve Reaper gibi istikrarl\u0131 bir \u015fekilde listedeki yerini korumaya devam ediyor.<\/p>\n\n\n\n<p>A\u015fa\u011f\u0131da 2020 DAW anketinin ilk yedi s\u0131ras\u0131n\u0131 liste halinde g\u00f6rebilirsiniz. K\u00f6\u015feli parantez i\u00e7indeki rakamlar o DAW\u2019\u0131n s\u0131ras\u0131yla 2016, 2017, 2018 ve 2019 y\u0131llar\u0131ndaki pozisyonlar\u0131n\u0131 g\u00f6steriyor.<\/p>\n\n\n\n<ol><li>Studio One (Presonus) [6 \/ 3 \/ 1 \/ 1]<\/li><li>Cubase (Steinberg) [1 \/ 1 \/ 3 \/ 5]<\/li><li>Logic Pro (Apple) [2 \/ 2 \/ 2 \/ 2]<\/li><li>FL Studio (Image-Line) [5 \/ 4 \/ 4 \/ 3]<\/li><li>Live (Ableton) [4 \/ 5 \/ 5 \/ 4]<\/li><li>Reaper (Cockos) [7 \/ 7 \/ 7 \/ 6]<\/li><li>Pro Tools (Avid) [3 \/ 6 \/ 6 \/ 7]<\/li><\/ol>\n\n\n\n<p>Tam listeyi ve DAW\u2019lar\u0131n ald\u0131klar\u0131 oy say\u0131lar\u0131 ile y\u00fczdeleri a\u015fa\u011f\u0131daki tabloda bulabilirsiniz.<\/p>\n\n\n\n<figure class=\"wp-block-image size-large\"><a href=\"https:\/\/www.ufukonen.com\/tr\/wp-content\/uploads\/2020_DAW_Anketi_Sonuclar_04_1_all-scaled.jpg\" target=\"_blank\" rel=\"noopener noreferrer\"><img loading=\"lazy\" width=\"1024\" height=\"944\" src=\"https:\/\/www.ufukonen.com\/tr\/wp-content\/uploads\/2020_DAW_Anketi_Sonuclar_04_1_all-1024x944.jpg\" alt=\"\" class=\"wp-image-6318\" srcset=\"https:\/\/www.ufukonen.com\/tr\/wp-content\/uploads\/2020_DAW_Anketi_Sonuclar_04_1_all-1024x944.jpg 1024w, https:\/\/www.ufukonen.com\/tr\/wp-content\/uploads\/2020_DAW_Anketi_Sonuclar_04_1_all-300x277.jpg 300w, https:\/\/www.ufukonen.com\/tr\/wp-content\/uploads\/2020_DAW_Anketi_Sonuclar_04_1_all-768x708.jpg 768w, https:\/\/www.ufukonen.com\/tr\/wp-content\/uploads\/2020_DAW_Anketi_Sonuclar_04_1_all-1536x1416.jpg 1536w, https:\/\/www.ufukonen.com\/tr\/wp-content\/uploads\/2020_DAW_Anketi_Sonuclar_04_1_all-2048x1889.jpg 2048w, https:\/\/www.ufukonen.com\/tr\/wp-content\/uploads\/2020_DAW_Anketi_Sonuclar_04_1_all-1140x1051.jpg 1140w, https:\/\/www.ufukonen.com\/tr\/wp-content\/uploads\/2020_DAW_Anketi_Sonuclar_04_1_all-552x509.jpg 552w\" sizes=\"(max-width: 1024px) 100vw, 1024px\" \/><\/a><\/figure>\n\n\n\n<div style=\"height:25px\" aria-hidden=\"true\" class=\"wp-block-spacer\"><\/div>\n\n\n\n<h3>Profesyoneller ile Hobi Olarak \u0130lgilenenleri Tercihleri Farkl\u0131!<\/h3>\n\n\n\n<p>Profesyoneller ile hobi olarak ilgilenenlerinin cevaplar\u0131n\u0131 ay\u0131rd\u0131\u011f\u0131m\u0131zda tablo de\u011fi\u015fiyor.<\/p>\n\n\n\n<p>2020 DAW anketinde profesyonellerin tercihi CUBASE oldu. \u0130kinci s\u0131rada LOGIC PRO, \u00fc\u00e7\u00fcnc\u00fc s\u0131rada ise STUDIO ONE var. Bu arada, birinci ile ikinci ve \u00fc\u00e7\u00fcnc\u00fc s\u0131ra aras\u0131nda ciddi bir oy fark\u0131n\u0131n oldu\u011funu belirtmekte fayda var. Cubase 2020&#8217;de a\u00e7\u0131k ara ile profesyonellerin tercihi olmu\u015f.<\/p>\n\n\n\n<p>Profesyonellerin listesinde PRO TOOLS d\u00f6rd\u00fcnc\u00fc s\u0131rada yer al\u0131yor.<\/p>\n\n\n\n<p>S\u0131ras\u0131yla be\u015finci, alt\u0131nc\u0131 ve yedinci s\u0131rada yer alan FL Studio, Live ve Reaper i\u00e7in genel listeye g\u00f6re b\u00fcy\u00fck farkl\u0131l\u0131klar yok.<\/p>\n\n\n\n<p>Profesyonellerin tercihleri ile olu\u015fturulan tam listeyi ve DAW\u2019lar\u0131n ald\u0131klar\u0131 oy say\u0131lar\u0131 ile y\u00fczdeleri a\u015fa\u011f\u0131daki tabloda bulabilirsiniz.<\/p>\n\n\n\n<figure class=\"wp-block-image size-large\"><a href=\"https:\/\/www.ufukonen.com\/tr\/wp-content\/uploads\/2020_DAW_Anketi_Sonuclar_04_2_pro-scaled.jpg\" target=\"_blank\" rel=\"noopener noreferrer\"><img loading=\"lazy\" width=\"1024\" height=\"945\" src=\"https:\/\/www.ufukonen.com\/tr\/wp-content\/uploads\/2020_DAW_Anketi_Sonuclar_04_2_pro-1024x945.jpg\" alt=\"\" class=\"wp-image-6320\" srcset=\"https:\/\/www.ufukonen.com\/tr\/wp-content\/uploads\/2020_DAW_Anketi_Sonuclar_04_2_pro-1024x945.jpg 1024w, https:\/\/www.ufukonen.com\/tr\/wp-content\/uploads\/2020_DAW_Anketi_Sonuclar_04_2_pro-300x277.jpg 300w, https:\/\/www.ufukonen.com\/tr\/wp-content\/uploads\/2020_DAW_Anketi_Sonuclar_04_2_pro-768x709.jpg 768w, https:\/\/www.ufukonen.com\/tr\/wp-content\/uploads\/2020_DAW_Anketi_Sonuclar_04_2_pro-1536x1417.jpg 1536w, https:\/\/www.ufukonen.com\/tr\/wp-content\/uploads\/2020_DAW_Anketi_Sonuclar_04_2_pro-2048x1889.jpg 2048w, https:\/\/www.ufukonen.com\/tr\/wp-content\/uploads\/2020_DAW_Anketi_Sonuclar_04_2_pro-1140x1052.jpg 1140w, https:\/\/www.ufukonen.com\/tr\/wp-content\/uploads\/2020_DAW_Anketi_Sonuclar_04_2_pro-552x509.jpg 552w\" sizes=\"(max-width: 1024px) 100vw, 1024px\" \/><\/a><\/figure>\n\n\n\n<p>2020 DAW anketinde m\u00fczik ve ses teknolojileri ile hobi olarak ilgilenenlerin tercihi STUDIO ONE oldu. \u0130kinci s\u0131rada FL STUDIO, \u00fc\u00e7\u00fcnc\u00fc s\u0131rada LIVE var.<\/p>\n\n\n\n<p>Bu listede PRO TOOLS sekizinci s\u0131rada, yani ilk yedi DAW&#8217;\u0131n aras\u0131na girememi\u015f. Yedinci s\u0131rada ilk yedi i\u00e7inde g\u00f6rmeye al\u0131\u015f\u0131k olmad\u0131\u011f\u0131m\u0131z bir DAW olan CAKEWALK var.<\/p>\n\n\n\n<p>Hobi olarak ilgilenenlerin tercihleri ile olu\u015fturulan tam listeyi ve DAW\u2019lar\u0131n ald\u0131klar\u0131 oy say\u0131lar\u0131 ile y\u00fczdeleri a\u015fa\u011f\u0131daki tabloda bulabilirsiniz.<\/p>\n\n\n\n<figure class=\"wp-block-image size-large\"><a href=\"https:\/\/www.ufukonen.com\/tr\/wp-content\/uploads\/2020_DAW_Anketi_Sonuclar_04_3_hobi-scaled.jpg\" target=\"_blank\" rel=\"noopener noreferrer\"><img loading=\"lazy\" width=\"1024\" height=\"944\" src=\"https:\/\/www.ufukonen.com\/tr\/wp-content\/uploads\/2020_DAW_Anketi_Sonuclar_04_3_hobi-1024x944.jpg\" alt=\"\" class=\"wp-image-6321\" srcset=\"https:\/\/www.ufukonen.com\/tr\/wp-content\/uploads\/2020_DAW_Anketi_Sonuclar_04_3_hobi-1024x944.jpg 1024w, https:\/\/www.ufukonen.com\/tr\/wp-content\/uploads\/2020_DAW_Anketi_Sonuclar_04_3_hobi-300x276.jpg 300w, https:\/\/www.ufukonen.com\/tr\/wp-content\/uploads\/2020_DAW_Anketi_Sonuclar_04_3_hobi-768x708.jpg 768w, https:\/\/www.ufukonen.com\/tr\/wp-content\/uploads\/2020_DAW_Anketi_Sonuclar_04_3_hobi-1536x1415.jpg 1536w, https:\/\/www.ufukonen.com\/tr\/wp-content\/uploads\/2020_DAW_Anketi_Sonuclar_04_3_hobi-2048x1887.jpg 2048w, https:\/\/www.ufukonen.com\/tr\/wp-content\/uploads\/2020_DAW_Anketi_Sonuclar_04_3_hobi-1140x1050.jpg 1140w, https:\/\/www.ufukonen.com\/tr\/wp-content\/uploads\/2020_DAW_Anketi_Sonuclar_04_3_hobi-552x509.jpg 552w\" sizes=\"(max-width: 1024px) 100vw, 1024px\" \/><\/a><\/figure>\n\n\n\n<div style=\"height:25px\" aria-hidden=\"true\" class=\"wp-block-spacer\"><\/div>\n\n\n\n<h3>Soru: &#8220;Bu DAW&#8217;\u0131 ka\u00e7 y\u0131ldan beri kullan\u0131yorsunuz?&#8221;<\/h3>\n\n\n\n<p>Genel olarak DAW tercihinin bir al\u0131\u015fkanl\u0131k oldu\u011fu ve al\u0131\u015fkanl\u0131klar\u0131n kolay kolay de\u011fi\u015fmedi\u011fi d\u00fc\u015f\u00fcn\u00fcl\u00fcr. Bu sorunun sonucu bu genel d\u00fc\u015f\u00fcncenin tersinde bir noktada duruyor. 1776 kat\u0131l\u0131mc\u0131dan 807&#8217;si (%45) birinci tercih olarak kulland\u0131\u011f\u0131 DAW&#8217;\u0131 1-3 y\u0131ldan beri, 425&#8217;i (%24) ise 4-6 y\u0131ldan beri kulland\u0131\u011f\u0131n\u0131 ifade etmi\u015f. Demek ki al\u0131\u015fkanl\u0131klar de\u011fi\u015febiliyormu\u015f. Bu sonu\u00e7 bize bunu g\u00f6steriyor.<\/p>\n\n\n\n<figure class=\"wp-block-image size-large\"><a href=\"https:\/\/www.ufukonen.com\/tr\/wp-content\/uploads\/2020_DAW_Anketi_Sonuclar_05-scaled.jpg\" target=\"_blank\" rel=\"noopener noreferrer\"><img loading=\"lazy\" width=\"1024\" height=\"362\" src=\"https:\/\/www.ufukonen.com\/tr\/wp-content\/uploads\/2020_DAW_Anketi_Sonuclar_05-1024x362.jpg\" alt=\"\" class=\"wp-image-6322\" srcset=\"https:\/\/www.ufukonen.com\/tr\/wp-content\/uploads\/2020_DAW_Anketi_Sonuclar_05-1024x362.jpg 1024w, https:\/\/www.ufukonen.com\/tr\/wp-content\/uploads\/2020_DAW_Anketi_Sonuclar_05-300x106.jpg 300w, https:\/\/www.ufukonen.com\/tr\/wp-content\/uploads\/2020_DAW_Anketi_Sonuclar_05-768x271.jpg 768w, https:\/\/www.ufukonen.com\/tr\/wp-content\/uploads\/2020_DAW_Anketi_Sonuclar_05-1536x542.jpg 1536w, https:\/\/www.ufukonen.com\/tr\/wp-content\/uploads\/2020_DAW_Anketi_Sonuclar_05-2048x723.jpg 2048w, https:\/\/www.ufukonen.com\/tr\/wp-content\/uploads\/2020_DAW_Anketi_Sonuclar_05-1140x403.jpg 1140w, https:\/\/www.ufukonen.com\/tr\/wp-content\/uploads\/2020_DAW_Anketi_Sonuclar_05-552x195.jpg 552w\" sizes=\"(max-width: 1024px) 100vw, 1024px\" \/><\/a><\/figure>\n\n\n\n<div style=\"height:25px\" aria-hidden=\"true\" class=\"wp-block-spacer\"><\/div>\n\n\n\n<h3>Soru: \u201c\u0130kinci tercih olarak kullanmakta oldu\u011funuz DAW\u201d<\/h3>\n\n\n\n<p>\u0130kinci tercih olarak ba\u015f\u0131 \u00e7eken DAW, STUDIO ONE oldu. Studio One ge\u00e7ti\u011fimiz y\u0131l ikinci tercih listesinde \u00fc\u00e7\u00fcnc\u00fc s\u0131radayd\u0131.<\/p>\n\n\n\n<p>\u0130kinci tercih listesinde ikinci s\u0131rada LIVE, \u00fc\u00e7\u00fcnc\u00fc s\u0131rada ise CUBASE var.<\/p>\n\n\n\n<p>Ge\u00e7ti\u011fimiz y\u0131l ikinci tercih listesinin ba\u015f\u0131nda yer alan DAW&#8217;lar, LOGIC PRO ve FL STUDIO, bu y\u0131l d\u00f6rd\u00fcnc\u00fc ve alt\u0131nc\u0131 s\u0131raya geriledi.<\/p>\n\n\n\n<p>\u0130kinci tercih listesinin be\u015finci s\u0131ras\u0131nda PRO TOOLS, yedinci s\u0131ras\u0131nda ise REAPER var.<\/p>\n\n\n\n<p>\u0130kinci tercih listesi bu y\u0131l \u00f6nceki senelere g\u00f6re biraz farkl\u0131. A\u015fa\u011f\u0131da 2020 DAW anketinin ikinci tercih listesinin ilk yedi s\u0131ras\u0131n\u0131 liste haline g\u00f6rebilirsiniz. K\u00f6\u015feli parantez i\u00e7indeki rakamlar o DAW\u2019\u0131n s\u0131ras\u0131yla 2018 ve 2019 y\u0131llar\u0131ndaki konumlar\u0131n\u0131 g\u00f6steriyor.<\/p>\n\n\n\n<ol><li>Studio One (Presonus) [4 \/ 3]<\/li><li>Live (Ableton) [3 \/ 4]<\/li><li>Cubase (Steinberg) [2 \/ 6]<\/li><li>Logic Pro (Apple) [1 \/ 1<em>] <\/em><\/li><li>Pro Tools (Avid) [5 \/ 5] <\/li><li>FL Studio (Image-Line) [6 \/ 1]<\/li><li>Reaper (Cockos) [7 \/ 7]<\/li><\/ol>\n\n\n\n<p>Tam listeyi ve DAW\u2019lar\u0131n ald\u0131klar\u0131 oy say\u0131lar\u0131 ile y\u00fczdeleri a\u015fa\u011f\u0131daki tabloda bulabilirsiniz.<\/p>\n\n\n\n<figure class=\"wp-block-image size-large\"><a href=\"https:\/\/www.ufukonen.com\/tr\/wp-content\/uploads\/2020_DAW_Anketi_Sonuclar_06_1_all-scaled.jpg\" target=\"_blank\" rel=\"noopener noreferrer\"><img loading=\"lazy\" width=\"1024\" height=\"944\" src=\"https:\/\/www.ufukonen.com\/tr\/wp-content\/uploads\/2020_DAW_Anketi_Sonuclar_06_1_all-1024x944.jpg\" alt=\"\" class=\"wp-image-6324\" srcset=\"https:\/\/www.ufukonen.com\/tr\/wp-content\/uploads\/2020_DAW_Anketi_Sonuclar_06_1_all-1024x944.jpg 1024w, https:\/\/www.ufukonen.com\/tr\/wp-content\/uploads\/2020_DAW_Anketi_Sonuclar_06_1_all-300x276.jpg 300w, https:\/\/www.ufukonen.com\/tr\/wp-content\/uploads\/2020_DAW_Anketi_Sonuclar_06_1_all-768x708.jpg 768w, https:\/\/www.ufukonen.com\/tr\/wp-content\/uploads\/2020_DAW_Anketi_Sonuclar_06_1_all-1536x1415.jpg 1536w, https:\/\/www.ufukonen.com\/tr\/wp-content\/uploads\/2020_DAW_Anketi_Sonuclar_06_1_all-2048x1887.jpg 2048w, https:\/\/www.ufukonen.com\/tr\/wp-content\/uploads\/2020_DAW_Anketi_Sonuclar_06_1_all-1140x1050.jpg 1140w, https:\/\/www.ufukonen.com\/tr\/wp-content\/uploads\/2020_DAW_Anketi_Sonuclar_06_1_all-552x509.jpg 552w\" sizes=\"(max-width: 1024px) 100vw, 1024px\" \/><\/a><\/figure>\n\n\n\n<div style=\"height:25px\" aria-hidden=\"true\" class=\"wp-block-spacer\"><\/div>\n\n\n\n<h3>Profesyoneller ile Hobi Olarak \u0130lgilenenleri Tercihleri Yine Farkl\u0131<\/h3>\n\n\n\n<p>Profesyoneller ile hobi olarak ilgilenenlerinin cevaplar\u0131n\u0131 ay\u0131rd\u0131\u011f\u0131m\u0131zda t\u0131pk\u0131 birinci tercih listesinde oldu\u011fu gibi ikinci tercih listesinde de tablo de\u011fi\u015fiyor.<\/p>\n\n\n\n<p>Profesyonellerin ikinci tercih listesinin ilk be\u015f s\u0131ras\u0131nda PRO TOOLS, LOGIC PRO, STUDIO ONE, LIVE ve REAPER var. Tam listeyi ve DAW\u2019lar\u0131n ald\u0131klar\u0131 oy say\u0131lar\u0131 ile y\u00fczdeleri a\u015fa\u011f\u0131daki tabloda bulabilirsiniz.<\/p>\n\n\n\n<figure class=\"wp-block-image size-large\"><a href=\"https:\/\/www.ufukonen.com\/tr\/wp-content\/uploads\/2020_DAW_Anketi_Sonuclar_06_2_pro-scaled.jpg\" target=\"_blank\" rel=\"noopener noreferrer\"><img loading=\"lazy\" width=\"1024\" height=\"947\" src=\"https:\/\/www.ufukonen.com\/tr\/wp-content\/uploads\/2020_DAW_Anketi_Sonuclar_06_2_pro-1024x947.jpg\" alt=\"\" class=\"wp-image-6325\" srcset=\"https:\/\/www.ufukonen.com\/tr\/wp-content\/uploads\/2020_DAW_Anketi_Sonuclar_06_2_pro-1024x947.jpg 1024w, https:\/\/www.ufukonen.com\/tr\/wp-content\/uploads\/2020_DAW_Anketi_Sonuclar_06_2_pro-300x278.jpg 300w, https:\/\/www.ufukonen.com\/tr\/wp-content\/uploads\/2020_DAW_Anketi_Sonuclar_06_2_pro-768x711.jpg 768w, https:\/\/www.ufukonen.com\/tr\/wp-content\/uploads\/2020_DAW_Anketi_Sonuclar_06_2_pro-1536x1421.jpg 1536w, https:\/\/www.ufukonen.com\/tr\/wp-content\/uploads\/2020_DAW_Anketi_Sonuclar_06_2_pro-2048x1895.jpg 2048w, https:\/\/www.ufukonen.com\/tr\/wp-content\/uploads\/2020_DAW_Anketi_Sonuclar_06_2_pro-1140x1055.jpg 1140w, https:\/\/www.ufukonen.com\/tr\/wp-content\/uploads\/2020_DAW_Anketi_Sonuclar_06_2_pro-552x511.jpg 552w\" sizes=\"(max-width: 1024px) 100vw, 1024px\" \/><\/a><\/figure>\n\n\n\n<p>Hobi olarak ilgilenenlerin ikinci tercih listesinin ilk be\u015f s\u0131ras\u0131nda ise FL STUDIO, STUDIO ONE, CUBASE, LIVE ve LOGIC PRO var. Tam listeyi ve DAW\u2019lar\u0131n ald\u0131klar\u0131 oy say\u0131lar\u0131 ile y\u00fczdeleri a\u015fa\u011f\u0131daki tabloda bulabilirsiniz.<\/p>\n\n\n\n<figure class=\"wp-block-image size-large\"><a href=\"https:\/\/www.ufukonen.com\/tr\/wp-content\/uploads\/2020_DAW_Anketi_Sonuclar_06_3_hobi-scaled.jpg\" target=\"_blank\" rel=\"noopener noreferrer\"><img loading=\"lazy\" width=\"1024\" height=\"945\" src=\"https:\/\/www.ufukonen.com\/tr\/wp-content\/uploads\/2020_DAW_Anketi_Sonuclar_06_3_hobi-1024x945.jpg\" alt=\"\" class=\"wp-image-6326\" srcset=\"https:\/\/www.ufukonen.com\/tr\/wp-content\/uploads\/2020_DAW_Anketi_Sonuclar_06_3_hobi-1024x945.jpg 1024w, https:\/\/www.ufukonen.com\/tr\/wp-content\/uploads\/2020_DAW_Anketi_Sonuclar_06_3_hobi-300x277.jpg 300w, https:\/\/www.ufukonen.com\/tr\/wp-content\/uploads\/2020_DAW_Anketi_Sonuclar_06_3_hobi-768x709.jpg 768w, https:\/\/www.ufukonen.com\/tr\/wp-content\/uploads\/2020_DAW_Anketi_Sonuclar_06_3_hobi-1536x1418.jpg 1536w, https:\/\/www.ufukonen.com\/tr\/wp-content\/uploads\/2020_DAW_Anketi_Sonuclar_06_3_hobi-2048x1891.jpg 2048w, https:\/\/www.ufukonen.com\/tr\/wp-content\/uploads\/2020_DAW_Anketi_Sonuclar_06_3_hobi-1140x1053.jpg 1140w, https:\/\/www.ufukonen.com\/tr\/wp-content\/uploads\/2020_DAW_Anketi_Sonuclar_06_3_hobi-552x510.jpg 552w\" sizes=\"(max-width: 1024px) 100vw, 1024px\" \/><\/a><\/figure>\n\n\n\n<p>Bu iki listeyi kar\u015f\u0131la\u015ft\u0131rd\u0131\u011f\u0131m\u0131zda g\u00f6ze \u00e7arpan en radikal fark Pro Tools ve FL Studio aras\u0131nda. Profesyonellerin ikinci tercih listesinde Pro Tools birinci, FL Studio yedinci s\u0131rada. Hobi olarak ilgilenenlerin ikinci tercih listesinde ise FL Studio birinci, Pro Tools yedinci s\u0131rada.<\/p>\n\n\n\n<div style=\"height:25px\" aria-hidden=\"true\" class=\"wp-block-spacer\"><\/div>\n\n\n\n<h3>Soru: \u201cKullanmakta oldu\u011funuz DAW\u2019\u0131 2020 i\u00e7inde de\u011fi\u015ftirmeyi d\u00fc\u015f\u00fcn\u00fcyor musunuz?\u201d<\/h3>\n\n\n\n<p>T\u0131pk\u0131 ge\u00e7ti\u011fimiz y\u0131llarda oldu\u011fu gibi bu sene de kat\u0131l\u0131mc\u0131lar\u0131n \u00e7o\u011fu kulland\u0131klar\u0131 DAW\u2019\u0131 de\u011fi\u015ftirmeyi d\u00fc\u015f\u00fcnmediklerini s\u00f6ylemi\u015f. Kulland\u0131klar\u0131 DAW\u2019dan memnun oldu\u011fu i\u00e7in de\u011fi\u015ftirmek istemeyenler oylar\u0131n %84\u2019\u00fcn\u00fc, \u00e7al\u0131\u015fma d\u00fczenini de\u011fi\u015ftirmekten \u00e7ekindikleri i\u00e7in kulland\u0131\u011f\u0131 DAW\u2019\u0131 de\u011fi\u015ftirmeyi d\u00fc\u015f\u00fcnmeyenler ise oylar\u0131n %8&#8217;ini olu\u015fturuyor. Kat\u0131l\u0131mc\u0131lar\u0131n sadece %8\u2019i kulland\u0131\u011f\u0131 DAW\u2019\u0131 de\u011fi\u015ftirmeyi d\u00fc\u015f\u00fcnd\u00fc\u011f\u00fcn\u00fc ifade etmi\u015f. Ge\u00e7ti\u011fimiz y\u0131llarda da sonu\u00e7lar bunlara \u00e7ok yak\u0131n \u00e7\u0131km\u0131\u015ft\u0131.<\/p>\n\n\n\n<figure class=\"wp-block-image size-large\"><a href=\"https:\/\/www.ufukonen.com\/tr\/wp-content\/uploads\/2020_DAW_Anketi_Sonuclar_07-scaled.jpg\" target=\"_blank\" rel=\"noopener noreferrer\"><img loading=\"lazy\" width=\"1024\" height=\"285\" src=\"https:\/\/www.ufukonen.com\/tr\/wp-content\/uploads\/2020_DAW_Anketi_Sonuclar_07-1024x285.jpg\" alt=\"\" class=\"wp-image-6328\" srcset=\"https:\/\/www.ufukonen.com\/tr\/wp-content\/uploads\/2020_DAW_Anketi_Sonuclar_07-1024x285.jpg 1024w, https:\/\/www.ufukonen.com\/tr\/wp-content\/uploads\/2020_DAW_Anketi_Sonuclar_07-300x83.jpg 300w, https:\/\/www.ufukonen.com\/tr\/wp-content\/uploads\/2020_DAW_Anketi_Sonuclar_07-768x213.jpg 768w, https:\/\/www.ufukonen.com\/tr\/wp-content\/uploads\/2020_DAW_Anketi_Sonuclar_07-1536x427.jpg 1536w, https:\/\/www.ufukonen.com\/tr\/wp-content\/uploads\/2020_DAW_Anketi_Sonuclar_07-2048x569.jpg 2048w, https:\/\/www.ufukonen.com\/tr\/wp-content\/uploads\/2020_DAW_Anketi_Sonuclar_07-1140x317.jpg 1140w, https:\/\/www.ufukonen.com\/tr\/wp-content\/uploads\/2020_DAW_Anketi_Sonuclar_07-552x153.jpg 552w\" sizes=\"(max-width: 1024px) 100vw, 1024px\" \/><\/a><\/figure>\n\n\n\n<p>Di\u011fer yandan, bu sene birinci tercih olarak se\u00e7tikleri DAW&#8217;\u0131 1-3 y\u0131ldan beri kulland\u0131\u011f\u0131n\u0131 s\u00f6yleyenlerin %45&#8217;i olu\u015fturdu\u011funu d\u00fc\u015f\u00fcnd\u00fc\u011f\u00fcm\u00fczde fikirlerin h\u0131zl\u0131ca de\u011fi\u015febildi\u011fini s\u00f6yleyebiliriz.<\/p>\n\n\n\n<div style=\"height:25px\" aria-hidden=\"true\" class=\"wp-block-spacer\"><\/div>\n\n\n\n<h3>\u00d6zet Olarak\u2026<\/h3>\n\n\n\n<p>2020&#8217;nin \u00f6zetini a\u015fa\u011f\u0131daki tabloda bulabilirsiniz.<\/p>\n\n\n\n<figure class=\"wp-block-image size-large\"><a href=\"https:\/\/www.ufukonen.com\/tr\/wp-content\/uploads\/2020_DAW_Anketi_Sonuclar_08_ozet-scaled.jpg\" target=\"_blank\" rel=\"noopener noreferrer\"><img loading=\"lazy\" width=\"1024\" height=\"850\" src=\"https:\/\/www.ufukonen.com\/tr\/wp-content\/uploads\/2020_DAW_Anketi_Sonuclar_08_ozet-1024x850.jpg\" alt=\"\" class=\"wp-image-6329\" srcset=\"https:\/\/www.ufukonen.com\/tr\/wp-content\/uploads\/2020_DAW_Anketi_Sonuclar_08_ozet-1024x850.jpg 1024w, https:\/\/www.ufukonen.com\/tr\/wp-content\/uploads\/2020_DAW_Anketi_Sonuclar_08_ozet-300x249.jpg 300w, https:\/\/www.ufukonen.com\/tr\/wp-content\/uploads\/2020_DAW_Anketi_Sonuclar_08_ozet-768x638.jpg 768w, https:\/\/www.ufukonen.com\/tr\/wp-content\/uploads\/2020_DAW_Anketi_Sonuclar_08_ozet-1536x1275.jpg 1536w, https:\/\/www.ufukonen.com\/tr\/wp-content\/uploads\/2020_DAW_Anketi_Sonuclar_08_ozet-2048x1700.jpg 2048w, https:\/\/www.ufukonen.com\/tr\/wp-content\/uploads\/2020_DAW_Anketi_Sonuclar_08_ozet-1140x946.jpg 1140w, https:\/\/www.ufukonen.com\/tr\/wp-content\/uploads\/2020_DAW_Anketi_Sonuclar_08_ozet-552x458.jpg 552w\" sizes=\"(max-width: 1024px) 100vw, 1024px\" \/><\/a><\/figure>\n\n\n\n<div style=\"height:25px\" aria-hidden=\"true\" class=\"wp-block-spacer\"><\/div>\n\n\n\n<h3>Benim Cevaplar\u0131m<\/h3>\n\n\n\n<p>2016 ve 2017 anketlerinden sonra benim cevaplar\u0131m\u0131 ve DAW se\u00e7imlerimi soranlar olmu\u015ftu. 2018 ve 2019 y\u0131llar\u0131nda a\u00e7\u0131klam\u0131\u015ft\u0131m, bu sene de a\u00e7\u0131klayay\u0131m.<\/p>\n\n\n\n<p>M\u00fczik ve ses teknolojileri ile ilgim: Profesyonelim, gelirimi ses teknolojileri \u00fczerine \u00e7al\u0131\u015farak ve bu alanda ders vererek kazan\u0131yorum.<\/p>\n\n\n\n<p>A\u011f\u0131rl\u0131kl\u0131 olarak kulland\u0131\u011f\u0131m bilgisayar i\u015fletim sistemi: Mac OS X. 1992 bu yana Mac kullan\u0131c\u0131s\u0131y\u0131m. Baz\u0131 akustik ve \u00f6l\u00e7\u00fcm programlar\u0131 d\u0131\u015f\u0131nda b\u00fct\u00fcn i\u015flerim i\u00e7in Mac kullan\u0131yorum<\/p>\n\n\n\n<p>DAW kullan\u0131m\u0131m: Birden fazla DAW kullan\u0131yorum.<\/p>\n\n\n\n<p>Birinci tercih olarak kullanmakta oldu\u011fum DAW: Pro Tools. 1995\u2019ten bu yana kulland\u0131\u011f\u0131m ve \u00e7ok al\u0131\u015ft\u0131\u011f\u0131m i\u00e7in Pro Tools ile \u00e7al\u0131\u015f\u0131rken kendimi evde hissediyorum. Di\u011fer yandan, ge\u00e7ti\u011fimizi y\u0131l da bunu belirtmi\u015ftim, Avid\u2019in fiyat politikas\u0131n\u0131 ve kullan\u0131c\u0131lar\u0131na uzak durmas\u0131n\u0131 hi\u00e7 be\u011fenmiyorum. Ancak hem al\u0131\u015fkanl\u0131ktan hem de profesyonel m\u00fczik ve ses post prod\u00fcksiyon piyasas\u0131nda h\u00e2l\u00e2 standart olmas\u0131ndan dolay\u0131 yak\u0131n zamanda Pro Tools\u2019u b\u0131rakaca\u011f\u0131m\u0131 sanm\u0131yorum.<\/p>\n\n\n\n<p>Bu DAW&#8217;\u0131 ka\u00e7 y\u0131ldan beri kullan\u0131yorum? 1995&#8217;ten bu yana tam 25 sene olmu\u015f!<\/p>\n\n\n\n<p>\u0130kinci tercih olarak kullanmakta oldu\u011fum DAW&#8217;lar: Logic Pro, Reaper ve Studio One.<\/p>\n\n\n\n<p>Logic Pro bence bir Mac kullan\u0131c\u0131s\u0131 i\u00e7in harika bir se\u00e7im. Mac&#8217;te sorunsuz \u00e7al\u0131\u015f\u0131yor. fiyat performans olarak muhte\u015fem: Bir defa \u00fccret \u00f6d\u00fcyorsunuz, o kadar! M\u00fcthi\u015f bir paket olarak geliyor. Synthesizer, sampler, convolution reverb ve di\u011fer bir s\u00fcr\u00fc plug-in\u2026 Ne arasan\u0131z var. Ses bankalar\u0131 da mevcut.<\/p>\n\n\n\n<p>Reaper \u00e7ok ba\u015far\u0131l\u0131 bir program. \u00d6zellikleri ve ki\u015fiselle\u015ftirme (customization) kabiliyeti m\u00fcthi\u015f. Deneme s\u00fcresi \u00e7ok uzun, almak isterseniz de fiyat\u0131 \u00e7ok uygun.<\/p>\n\n\n\n<p>Studio One di\u011fer DAW&#8217;larda bulunan iyi \u00f6zellikleri kendi ortam\u0131na uyarlamay\u0131 \u00e7ok iyi ba\u015far\u0131yor. 2020 i\u00e7inde \u00e7\u0131kan 5. s\u00fcr\u00fcm\u00fcnde \u00e7ok cazip \u00f6zellikler var. Son bir y\u0131ldan beri studio One \u00fczerine baya\u011f\u0131 e\u011filiyorum ama hen\u00fcz kendimi \u00e7ok rahat hissedecek kadar fazla bir deneyimim olmad\u0131.<\/p>\n\n\n\n<p>Kullanmakta oldu\u011fum DAW&#8217;\u0131 2020 i\u00e7inde de\u011fi\u015ftirmeyi d\u00fc\u015f\u00fcn\u00fcyor muyum? Yukar\u0131da da belirtti\u011fim gibi hem al\u0131\u015fkanl\u0131ktan hem de profesyonel m\u00fczik ve ses post prod\u00fcksiyon piyasas\u0131nda h\u00e2l\u00e2 standart olmas\u0131ndan dolay\u0131 yak\u0131n zamanda Pro Tools\u2019u b\u0131rakaca\u011f\u0131m\u0131 sanm\u0131yorum.<\/p>\n\n\n\n<div style=\"height:25px\" aria-hidden=\"true\" class=\"wp-block-spacer\"><\/div>\n\n\n\n<h3>Te\u015fekk\u00fcrler!<\/h3>\n\n\n\n<p>Bu y\u0131l kat\u0131l\u0131m \u00f6nceki senelere g\u00f6re daha fazla oldu. Ankete kat\u0131lan ve destek veren herkese \u00e7ok te\u015fekk\u00fcr ediyorum. Bakal\u0131m 2021 neler getirecek, ne gibi de\u011fi\u015fiklikler olacak\u2026<\/p>\n\n\n\n<div style=\"height:50px\" aria-hidden=\"true\" class=\"wp-block-spacer\"><\/div>\n\n\n\n<figure class=\"wp-block-image size-large\"><a href=\"https:\/\/www.ufukonen.com\/tr\/ufuk-onen-ses-muzik-teknolojisi-miks-kitaplar.html\" target=\"_blank\" rel=\"noopener noreferrer\"><img loading=\"lazy\" width=\"1024\" height=\"576\" src=\"https:\/\/www.ufukonen.com\/tr\/wp-content\/uploads\/UfukOnen_Books_Promo_2020_1280x720_-1024x576.jpg\" alt=\"\" class=\"wp-image-5735\" srcset=\"https:\/\/www.ufukonen.com\/tr\/wp-content\/uploads\/UfukOnen_Books_Promo_2020_1280x720_-1024x576.jpg 1024w, https:\/\/www.ufukonen.com\/tr\/wp-content\/uploads\/UfukOnen_Books_Promo_2020_1280x720_-300x169.jpg 300w, https:\/\/www.ufukonen.com\/tr\/wp-content\/uploads\/UfukOnen_Books_Promo_2020_1280x720_-768x432.jpg 768w, https:\/\/www.ufukonen.com\/tr\/wp-content\/uploads\/UfukOnen_Books_Promo_2020_1280x720_.jpg 1280w\" sizes=\"(max-width: 1024px) 100vw, 1024px\" \/><\/a><figcaption>Ses kay\u0131t, m\u00fczik teknolojileri ve m\u00fczik prod\u00fcksiyonu \u00fczerine kaynak kitaplar.<br><a href=\"https:\/\/www.ufukonen.com\/tr\/ufuk-onen-ses-muzik-teknolojisi-miks-kitaplar.html\" target=\"_blank\" rel=\"noreferrer noopener\">Bilgi i\u00e7in t\u0131klay\u0131n\u0131z.<\/a><\/figcaption><\/figure>\n\n\n\n<div style=\"height:50px\" aria-hidden=\"true\" class=\"wp-block-spacer\"><\/div>\n\n\n\n<p>Teknik terimler i\u00e7in <a href=\"http:\/\/www.ufukonen.com\/tr\/ses-kayit-muzik-teknolojisi-terimler-sozluk.html\">m\u00fczik teknolojisi, m\u00fczik prod\u00fcksiyonu ve ses kay\u0131t terimleri s\u00f6zl\u00fc\u011f\u00fcne<\/a> g\u00f6z atabilirsiniz.<\/p>\n\n\n\n<p>Benzer payla\u015f\u0131mlar i\u00e7in beni <a rel=\"noreferrer noopener\" href=\"https:\/\/www.facebook.com\/ufukonen.skmt\/\" target=\"_blank\">Facebook<\/a>, <a href=\"https:\/\/www.instagram.com\/ufukonen\/\" target=\"_blank\" rel=\"noreferrer noopener\" aria-label=\"Instagram (opens in a new tab)\">Instagram<\/a> ve <a rel=\"noreferrer noopener\" href=\"https:\/\/twitter.com\/UfukOnen\" target=\"_blank\">Twitter<\/a>&#8216;da takip edebilir, haberler i\u00e7in <a rel=\"noreferrer noopener\" href=\"http:\/\/ufukonen.com\/tr\/ses-kayit-muzik-teknolojisi-terimler-sozluk.html\" target=\"_blank\">mesaj listeme \u00fcye olabilirsiniz<\/a>. Te\u015fekk\u00fcrler.<\/p>\n\n\n\n<p>\u00a9 2021 Ufuk \u00d6nen. Her hakk\u0131 sakl\u0131d\u0131r. \u0130zinsiz kullan\u0131lamaz.<\/p>\n","protected":false},"excerpt":{"rendered":"<p class=\"post-excerpt\">Bu y\u0131l be\u015fincisini d\u00fczenledi\u011fim DAW anketinin sonu\u00e7lar\u0131 belli oldu! Bu sene birinci olan DAW sadece bir oy farkla (evet, do\u011fru&#8230;<\/p>\n","protected":false},"author":2,"featured_media":5178,"comment_status":"closed","ping_status":"open","sticky":false,"template":"","format":"standard","meta":{"_mi_skip_tracking":false,"spay_email":"","jetpack_publicize_message":"","jetpack_is_tweetstorm":false,"jetpack_publicize_feature_enabled":true},"categories":[16,18],"tags":[],"jetpack_featured_media_url":"https:\/\/www.ufukonen.com\/tr\/wp-content\/uploads\/2019_DAW_Anketi_1280x853_rfs.jpg","jetpack_publicize_connections":[],"jetpack_shortlink":"https:\/\/wp.me\/p3rjsG-1DN","jetpack_sharing_enabled":true,"jetpack-related-posts":[{"id":7109,"url":"https:\/\/www.ufukonen.com\/tr\/2021-daw-anketi-sonuclari.html","url_meta":{"origin":6311,"position":0},"title":"2021 DAW Anketi Sonu\u00e7lar\u0131","date":"January 10, 2022","format":false,"excerpt":"Bu y\u0131l alt\u0131nc\u0131s\u0131n\u0131 d\u00fczenledi\u011fim DAW anketinin sonu\u00e7lar\u0131 belli oldu! 15 Kas\u0131m 2021 ile 5 Ocak 2022 tarihleri aras\u0131nda a\u00e7\u0131k kalan 2021 DAW anketine 1579 ki\u015fi kat\u0131ld\u0131. Bu sene ankete yeni eklenen sorular da vard\u0131. Sonu\u00e7lar\u0131 a\u015fa\u011f\u0131da detayl\u0131 bir \u015fekilde sizlere aktaraca\u011f\u0131m. Ondan \u00f6nce, e\u011fer incelemek isterseniz ge\u00e7mi\u015f y\u0131llar\u0131n anket sonu\u00e7lar\u0131na\u2026","rel":"","context":"In &quot;Ses ve M\u00fczik Teknolojileri&quot;","img":{"alt_text":"","src":"https:\/\/i0.wp.com\/www.ufukonen.com\/tr\/wp-content\/uploads\/2021_DAW_Anketi.jpg?resize=350%2C200&ssl=1","width":350,"height":200},"classes":[]},{"id":5363,"url":"https:\/\/www.ufukonen.com\/tr\/2019-daw-anketi-sonuclari.html","url_meta":{"origin":6311,"position":1},"title":"2019 DAW Anketi Sonu\u00e7lar\u0131","date":"January 6, 2020","format":false,"excerpt":"2019 DAW anketinin sonu\u00e7lar\u0131 belli oldu. Bu y\u0131l d\u00f6rd\u00fcnc\u00fcs\u00fcn\u00fc d\u00fczenledi\u011fim anket\u00a011 Kas\u0131m 2019 ile 2 Ocak 2020 aras\u0131nda a\u00e7\u0131k kald\u0131. Kat\u0131l\u0131m \u00f6nceki y\u0131llara g\u00f6re daha fazla oldu.\u00a02016'da 1112 ki\u015fi, 2017'de 1009 ki\u015fi, 2018'de ise 1186 ki\u015fi kat\u0131lm\u0131\u015ft\u0131. Bu y\u0131l kat\u0131lan ki\u015fi say\u0131s\u0131 1524 oldu!\u00a0 Eski anketlerin sonu\u00e7lar\u0131na \u015fu linklerden ula\u015fabilirsiniz:\u2026","rel":"","context":"In &quot;Ses ve M\u00fczik Teknolojileri&quot;","img":{"alt_text":"","src":"https:\/\/i0.wp.com\/www.ufukonen.com\/tr\/wp-content\/uploads\/2019_DAW_Anketi_1280x853_rfs.jpg?resize=350%2C200&ssl=1","width":350,"height":200},"classes":[]},{"id":8657,"url":"https:\/\/www.ufukonen.com\/tr\/2025-daw-anketi-sonuclari.html","url_meta":{"origin":6311,"position":2},"title":"2025 DAW Anketi Sonu\u00e7lar\u0131","date":"February 5, 2026","format":false,"excerpt":"Onuncusunu d\u00fczenledi\u011fim DAW anketinin sonu\u00e7lar\u0131 belli oldu! 23 Kas\u0131m 2025 ile 18 Ocak 2026 tarihleri aras\u0131nda a\u00e7\u0131k kalan 2025 DAW anketine 1266 ki\u015fi kat\u0131ld\u0131. 2025 anketinin sonu\u00e7lar\u0131n\u0131 detayl\u0131 bir \u015fekilde aktaraca\u011f\u0131m ve d\u00fc\u015f\u00fcncelerimi sizlerle payla\u015faca\u011f\u0131m. Ondan \u00f6nce, e\u011fer incelemek isterseniz, ge\u00e7mi\u015f y\u0131llar\u0131n anket sonu\u00e7lar\u0131na a\u015fa\u011f\u0131daki linklerden ula\u015fabilirsiniz: 2024 DAW Anketi\u2026","rel":"","context":"In &quot;M\u00fczik Prod\u00fcksiyonu&quot;","img":{"alt_text":"","src":"https:\/\/i0.wp.com\/www.ufukonen.com\/tr\/wp-content\/uploads\/2025_DAW_Anketi_Sonuclar.jpg?resize=350%2C200&ssl=1","width":350,"height":200},"classes":[]},{"id":3575,"url":"https:\/\/www.ufukonen.com\/tr\/2017-daw-anketi-sonuclari.html","url_meta":{"origin":6311,"position":3},"title":"2017 DAW Anketi Sonu\u00e7lar\u0131","date":"January 1, 2018","format":false,"excerpt":"\u00a0 Bu y\u0131l ikincisini d\u00fczenledi\u011fim DAW (Digital Audio Workstation) anketinin sonu\u00e7lar\u0131 belli oldu. 4-31 Aral\u0131k 2017 tarihleri aras\u0131nda a\u00e7\u0131k kalan ankete 1009 ki\u015fi kat\u0131ld\u0131. \u00a0 Birinci Soru: \"Kullanmakta Oldu\u011funuz DAW\" Anketin galibi 185 oy ile t\u00fcm oylar\u0131n %18.33'\u00fcn\u00fc alan Cubase (Steinberg) oldu. Onu hemen arkas\u0131ndan \u00e7ok az bir farkla Logic\u2026","rel":"","context":"In &quot;Ses ve M\u00fczik Teknolojileri&quot;","img":{"alt_text":"","src":"https:\/\/i0.wp.com\/www.ufukonen.com\/tr\/wp-content\/uploads\/2017_DAW_Anketi_1024x768.jpg?resize=350%2C200&ssl=1","width":350,"height":200},"classes":[]},{"id":7882,"url":"https:\/\/www.ufukonen.com\/tr\/2022-daw-anketi-sonuclari.html","url_meta":{"origin":6311,"position":4},"title":"2022 DAW Anketi Sonu\u00e7lar\u0131","date":"January 9, 2023","format":false,"excerpt":"Bu y\u0131l yedincisini d\u00fczenledi\u011fim DAW anketinin sonu\u00e7lar\u0131 belli oldu! 7 Kas\u0131m 2022 ile 4 Ocak 2023 tarihleri aras\u0131nda a\u00e7\u0131k kalan 2022 DAW anketine 1271 ki\u015fi kat\u0131ld\u0131. Bu sene ankete yeni eklenen bir kategori vard\u0131: Post-prod\u00fcksiyon (g\u00f6r\u00fcnt\u00fcl\u00fc medya i\u00e7in ses). Ge\u00e7ti\u011fimiz y\u0131llarda anketimiz \u015fu soruyla a\u00e7\u0131l\u0131yordu: \u201cM\u00fczik ve ses teknolojileri ile\u2026","rel":"","context":"In &quot;Ses ve M\u00fczik Teknolojileri&quot;","img":{"alt_text":"","src":"https:\/\/i0.wp.com\/www.ufukonen.com\/tr\/wp-content\/uploads\/2022_DAW_Anketi.jpg?resize=350%2C200&ssl=1","width":350,"height":200},"classes":[]},{"id":4480,"url":"https:\/\/www.ufukonen.com\/tr\/2018-daw-anketi-sonuclari.html","url_meta":{"origin":6311,"position":5},"title":"2018 DAW Anketi Sonu\u00e7lar\u0131","date":"January 7, 2019","format":false,"excerpt":"2018 DAW anketinin sonu\u00e7lar\u0131 belli oldu. Bu y\u0131l \u00fc\u00e7\u00fcnc\u00fcs\u00fcn\u00fc d\u00fczenledi\u011fim ankete kat\u0131l\u0131m \u00f6nceki y\u0131llara g\u00f6re biraz daha fazla oldu. 2016 y\u0131l\u0131nda 1112 ki\u015fi, 2017 y\u0131l\u0131nda ise 1009 ki\u015fi ankete kat\u0131lm\u0131\u015ft\u0131. 2018 anketine 1186 ki\u015fi kat\u0131ld\u0131. Eski anketlerin sonu\u00e7lar\u0131na \u015fu linklerden ula\u015fabilirsiniz: 2016 DAW Anketi Sonu\u00e7lar\u0131 2017 DAW Anketi Sonu\u00e7lar\u0131 2016\u2026","rel":"","context":"In &quot;Ses ve M\u00fczik Teknolojileri&quot;","img":{"alt_text":"","src":"https:\/\/i0.wp.com\/www.ufukonen.com\/tr\/wp-content\/uploads\/2018_DAW_Anketi_1280x720_rfs.jpg?resize=350%2C200&ssl=1","width":350,"height":200},"classes":[]}],"_links":{"self":[{"href":"https:\/\/www.ufukonen.com\/tr\/wp-json\/wp\/v2\/posts\/6311"}],"collection":[{"href":"https:\/\/www.ufukonen.com\/tr\/wp-json\/wp\/v2\/posts"}],"about":[{"href":"https:\/\/www.ufukonen.com\/tr\/wp-json\/wp\/v2\/types\/post"}],"author":[{"embeddable":true,"href":"https:\/\/www.ufukonen.com\/tr\/wp-json\/wp\/v2\/users\/2"}],"replies":[{"embeddable":true,"href":"https:\/\/www.ufukonen.com\/tr\/wp-json\/wp\/v2\/comments?post=6311"}],"version-history":[{"count":11,"href":"https:\/\/www.ufukonen.com\/tr\/wp-json\/wp\/v2\/posts\/6311\/revisions"}],"predecessor-version":[{"id":6334,"href":"https:\/\/www.ufukonen.com\/tr\/wp-json\/wp\/v2\/posts\/6311\/revisions\/6334"}],"wp:featuredmedia":[{"embeddable":true,"href":"https:\/\/www.ufukonen.com\/tr\/wp-json\/wp\/v2\/media\/5178"}],"wp:attachment":[{"href":"https:\/\/www.ufukonen.com\/tr\/wp-json\/wp\/v2\/media?parent=6311"}],"wp:term":[{"taxonomy":"category","embeddable":true,"href":"https:\/\/www.ufukonen.com\/tr\/wp-json\/wp\/v2\/categories?post=6311"},{"taxonomy":"post_tag","embeddable":true,"href":"https:\/\/www.ufukonen.com\/tr\/wp-json\/wp\/v2\/tags?post=6311"}],"curies":[{"name":"wp","href":"https:\/\/api.w.org\/{rel}","templated":true}]}}