{"id":6336,"date":"2021-01-11T01:00:00","date_gmt":"2021-01-10T22:00:00","guid":{"rendered":"https:\/\/www.ufukonen.com\/tr\/?p=6336"},"modified":"2021-01-31T23:55:54","modified_gmt":"2021-01-31T20:55:54","slug":"desibel-nedir-karmasasi","status":"publish","type":"post","link":"https:\/\/www.ufukonen.com\/tr\/desibel-nedir-karmasasi.html","title":{"rendered":"Desibel Karma\u015fas\u0131"},"content":{"rendered":"\n<p>Desibel (dB), bir\u00e7ok ki\u015fi i\u00e7in karma\u015f\u0131k bir kavram. &#8220;Desibel nedir?&#8221; diye soruldu\u011funda baz\u0131lar\u0131 &#8220;ne oldu\u011funu biliyorum ama do\u011frusunu istersen tam olarak da bilmiyorum&#8221; \u015feklinde cevaplar veriyorlar.<\/p>\n\n\n\n<p>Asl\u0131nda \u00e7ok da hakl\u0131lar \u00e7\u00fcnk\u00fc desibel ger\u00e7ekten karma\u015f\u0131k bir kavram&#8230;<\/p>\n\n\n\n<p>Karma\u015f\u0131k olmas\u0131n\u0131n bence \u00fc\u00e7 sebebi var.<\/p>\n\n\n\n<p>Bu sebeplere ge\u00e7meden \u00f6nce, e\u011fer okumad\u0131ysan\u0131z &#8220;7 Maddede Desibel&#8221; ba\u015fl\u0131kl\u0131 ba\u015fl\u0131kl\u0131 yaz\u0131m\u0131 okuman\u0131z\u0131 tavsiye ederim.<\/p>\n\n\n\n<figure class=\"wp-block-image size-large\"><a href=\"https:\/\/www.ufukonen.com\/tr\/7-maddede-desibel.html\" target=\"_blank\" rel=\"noopener noreferrer\"><img loading=\"lazy\" width=\"1024\" height=\"576\" src=\"https:\/\/www.ufukonen.com\/tr\/wp-content\/uploads\/7_maddede_desibel-1024x576.jpg\" alt=\"\" class=\"wp-image-3285\" srcset=\"https:\/\/www.ufukonen.com\/tr\/wp-content\/uploads\/7_maddede_desibel-1024x576.jpg 1024w, https:\/\/www.ufukonen.com\/tr\/wp-content\/uploads\/7_maddede_desibel-300x169.jpg 300w, https:\/\/www.ufukonen.com\/tr\/wp-content\/uploads\/7_maddede_desibel-768x432.jpg 768w, https:\/\/www.ufukonen.com\/tr\/wp-content\/uploads\/7_maddede_desibel.jpg 1280w\" sizes=\"(max-width: 1024px) 100vw, 1024px\" \/><\/a><figcaption><a href=\"https:\/\/www.ufukonen.com\/tr\/7-maddede-desibel.html\" target=\"_blank\" rel=\"noreferrer noopener\">7 Maddede Desibel<\/a><\/figcaption><\/figure>\n\n\n\n<div style=\"height:25px\" aria-hidden=\"true\" class=\"wp-block-spacer\"><\/div>\n\n\n\n<p>\u015eimdi ge\u00e7elim desibel kavram\u0131n\u0131n karma\u015f\u0131k olmas\u0131n\u0131n sebeplerine\u2026<\/p>\n\n\n\n<div style=\"height:25px\" aria-hidden=\"true\" class=\"wp-block-spacer\"><\/div>\n\n\n\n<h3>1\/ Logaritmik Skala<\/h3>\n\n\n\n<p>Desibel, ses ve sinyal \u00f6l\u00e7\u00fcmleri i\u00e7in kullan\u0131lan logaritmik bir birimdir. Logaritmik olmas\u0131 sayesinde de\u011ferler aras\u0131ndaki b\u00fcy\u00fck de\u011fi\u015fimleri, daha k\u00fc\u00e7\u00fck ve basit\u00e7e anla\u015f\u0131labilir say\u0131larla ifade etmek m\u00fcmk\u00fcn olabiliyor.<\/p>\n\n\n\n<p>Desibeli iyi anlamak i\u00e7in logaritmik skalay\u0131 iyi anlamak gerekir.<\/p>\n\n\n\n<p>Normalde bir\u00e7ok insan hep lineer skala ile \u00e7al\u0131\u015fmaya al\u0131\u015f\u0131k oldu\u011fundan dolay\u0131 logaritmik skala ters gelebiliyor. Bu sebepten dolay\u0131 da desibel kavram\u0131 karma\u015f\u0131k olabiliyor.<\/p>\n\n\n\n<p>\u00d6rnek olarak 100.-TL olan bir \u00fcr\u00fcn i\u00e7in %30 indirim ald\u0131\u011f\u0131n\u0131zda 70.-TL \u00f6dersiniz. Ba\u015fka bir \u00f6rnek olarak, 5 kilogram a\u011f\u0131rl\u0131\u011f\u0131nda iki kutuyu \u00fcst \u00fcste koydu\u011funuzda toplam a\u011f\u0131rl\u0131k 10 kilogram olur. Logaritmik skalada ise y\u00fczde hesaplamak veya basit bir \u015fekilde toplama \u00e7\u0131karma i\u015flemi yapmak m\u00fcmk\u00fcn de\u011fildir. Bkz. &#8220;7 Maddede Desibel&#8221;, 6. ve 7. maddeler.<\/p>\n\n\n\n<div style=\"height:25px\" aria-hidden=\"true\" class=\"wp-block-spacer\"><\/div>\n\n\n\n<h3>2\/ Oran<\/h3>\n\n\n\n<p>Desibel her zaman iki de\u011ferin oran\u0131n\u0131 ifade etmek i\u00e7in kullan\u0131l\u0131r. Desibelin kendisi bir de\u011fer de\u011fildir. Desibeli kilometre, kilogram, metrek\u00fcp gibi sabit bir birim olarak d\u00fc\u015f\u00fcnemeyiz. Bkz. &#8220;7 Maddede Desibel&#8221;, 3. ve 4. maddeler.<\/p>\n\n\n\n<p>Bunu tam olarak anlay\u0131p, i\u00e7imize sindiremedi\u011fimiz s\u00fcrece desibel kavram\u0131n\u0131 anlamam\u0131z ve do\u011fru bir \u015fekilde kullanmam\u0131z m\u00fcmk\u00fcn olmaz. Kafam\u0131zdaki desibel karma\u015fas\u0131 devam eder.<\/p>\n\n\n\n<div style=\"height:25px\" aria-hidden=\"true\" class=\"wp-block-spacer\"><\/div>\n\n\n\n<h3>3\/ Farkl\u0131 Desibel T\u00fcrleri<\/h3>\n\n\n\n<p>Desibel kavram\u0131n\u0131n karma\u015f\u0131k gelmesinin bir di\u011fer sebebi de \u00e7ok fazla say\u0131da desibel t\u00fcr\u00fc olmas\u0131.<\/p>\n\n\n\n<p>Bana en \u00e7ok sorulan sorulardan biri \u015fu: &#8220;Neden baz\u0131 desibel de\u011ferleri negatif, di\u011ferleri ise pozitif?&#8221;.<\/p>\n\n\n\n<p>Cevab\u0131 \u00e7ok basit\u2026 Tek bir desibel yok, bir\u00e7ok farkl\u0131 t\u00fcrde desibel var, bunlar birbirlerinden farkl\u0131 ve hepsi farkl\u0131 de\u011ferleri referans al\u0131yorlar. Desibelin yan\u0131ndaki ek harf ya da harfler var bize o t\u00fcr\u00fcn ne oldu\u011funu s\u00f6yl\u00fcyor.<\/p>\n\n\n\n<p>\u00d6rnek olarak, ses bas\u0131n\u00e7 seviyesi (Sound Pressure Level) i\u00e7in dB SPL kullan\u0131yoruz ve 0 dB SPL&#8217;i insan kula\u011f\u0131n\u0131n i\u015fitme seviyesinin en alt noktas\u0131 olarak kabul ediyoruz. Bu durumda di\u011fer de\u011ferler (en alta noktaya g\u00f6re daha y\u00fcksek olduklar\u0131 i\u00e7in) hep pozitif oluyor; 60 dB SPL, 85 dB SPL gibi.<\/p>\n\n\n\n<p>Di\u011fer yandan, ba\u015fka bir \u00f6rnek olarak, dijital sistemlerde sinyal seviyesini Full Scale olarak \u00f6l\u00e7\u00fcyor ve birim olarak dBFS kullan\u0131yoruz. Bu skalada tepe (en \u00fcst) nokta 0 dBFS. Daha yukar\u0131s\u0131 yok. Dolay\u0131s\u0131yla bu skalada \u00f6l\u00e7\u00fclen de\u011ferler (en \u00fcst noktaya g\u00f6re daha d\u00fc\u015f\u00fck olduklar\u0131 i\u00e7in) hep negatif olarak ifade ediliyor; -6 dBFS, -20 dBFS gibi.<\/p>\n\n\n\n<p>Hem dB SPL hem de dBFS, her iki birimin de ad\u0131nda dB ge\u00e7se de asl\u0131nda bu ikisi birbirlerinden tamamen farkl\u0131lar. Birini ses bas\u0131n\u00e7 \u015fiddetini, di\u011ferini ise dijital sinyal seviyesini \u00f6l\u00e7mek i\u00e7in kullan\u0131yoruz. Birinde referans en alt nokta (dolay\u0131s\u0131yla de\u011ferler pozitif), di\u011ferinde ise en \u00fcst nokta (de\u011ferler negatif). Aralar\u0131ndaki tek ortak nokta, her ikisinin de \u00f6l\u00e7\u00fclen iki de\u011fer aras\u0131ndaki fark\u0131 logaritmik skalada oran olarak ifade etmesi.<\/p>\n\n\n\n<div style=\"height:25px\" aria-hidden=\"true\" class=\"wp-block-spacer\"><\/div>\n\n\n\n<h3>Son Olarak \u0130ki Not\u2026<\/h3>\n\n\n\n<p>Baz\u0131 desibel t\u00fcrleri bir skalan\u0131n en \u00fcst ya da en alt de\u011ferini de\u011fil de ortadan bir de\u011feri referans olarak al\u0131yor. \u00d6rnek olarak, +4 dBu = 1.228 Volt. Bu durumda bu desibel ile yap\u0131lan \u00f6l\u00e7\u00fcmlerde de\u011ferler hem pozitif hem de negatif olabiliyor; -10 dBu, +12 dBu gibi.<\/p>\n\n\n\n<p>Son olarak bir not daha\u2026 Herkes her dB t\u00fcr\u00fcn\u00fc bilecek diye bir kural yok elbette ama ses teknolojisi \u00fczerine \u00e7al\u0131\u015fan herkes bence \u015fu d\u00f6rt desibel t\u00fcr\u00fcn\u00fcn ne oldu\u011funu, ne i\u00e7in kullan\u0131ld\u0131\u011f\u0131n\u0131 ve referans de\u011ferlerini bilmeli:<\/p>\n\n\n\n<ul><li>dB SPL,<\/li><li>dBFS<\/li><li>dBu<\/li><li>dBV<\/li><\/ul>\n\n\n\n<p>Desibel, ses bas\u0131n\u00e7 \u00f6l\u00e7\u00fcmleri ve sinyal seviyeleri ile ilgili detayl\u0131 bilgileri <a rel=\"noreferrer noopener\" href=\"https:\/\/www.ufukonen.com\/tr\/ses-kayit-ve-muzik-teknolojileri.html\" target=\"_blank\">Ses Kay\u0131t ve M\u00fczik Teknolojileri<\/a> adl\u0131 kitab\u0131mda bulabilirsiniz.<\/p>\n\n\n\n<div style=\"height:50px\" aria-hidden=\"true\" class=\"wp-block-spacer\"><\/div>\n\n\n\n<p>Teknik terimler i\u00e7in <a href=\"http:\/\/www.ufukonen.com\/tr\/ses-kayit-muzik-teknolojisi-terimler-sozluk.html\">m\u00fczik teknolojisi, m\u00fczik prod\u00fcksiyonu ve ses kay\u0131t terimleri s\u00f6zl\u00fc\u011f\u00fcne<\/a> g\u00f6z atabilirsiniz.<\/p>\n\n\n\n<p>Benzer payla\u015f\u0131mlar i\u00e7in beni <a rel=\"noreferrer noopener\" href=\"https:\/\/www.facebook.com\/ufukonen.skmt\/\" target=\"_blank\">Facebook<\/a>, <a rel=\"noreferrer noopener\" aria-label=\"Instagram (opens in a new tab)\" href=\"https:\/\/www.instagram.com\/ufukonen\/\" target=\"_blank\">Instagram<\/a> ve <a rel=\"noreferrer noopener\" href=\"https:\/\/twitter.com\/UfukOnen\" target=\"_blank\">Twitter<\/a>&#8216;da takip edebilir, haberler i\u00e7in <a rel=\"noreferrer noopener\" href=\"http:\/\/ufukonen.com\/tr\/ses-kayit-muzik-teknolojisi-terimler-sozluk.html\" target=\"_blank\">mesaj listeme \u00fcye olabilirsiniz<\/a>. Te\u015fekk\u00fcrler.<\/p>\n\n\n\n<p>Ba\u015fl\u0131k foto\u011fraf\u0131: <a href=\"https:\/\/unsplash.com\/@latorware?utm_source=unsplash&amp;utm_medium=referral&amp;utm_content=creditCopyText\" target=\"_blank\" rel=\"noreferrer noopener\">David Latorre Romero<\/a>&nbsp;|&nbsp;<a href=\"https:\/\/unsplash.com\/collections\/10034787\/dark?utm_source=unsplash&amp;utm_medium=referral&amp;utm_content=creditCopyText\" target=\"_blank\" rel=\"noreferrer noopener\">Unsplash<\/a><\/p>\n\n\n\n<p>\u00a9 2021 Ufuk \u00d6nen. Her hakk\u0131 sakl\u0131d\u0131r. \u0130zinsiz kullan\u0131lamaz.<\/p>\n","protected":false},"excerpt":{"rendered":"<p class=\"post-excerpt\">Desibel (dB), bir\u00e7ok ki\u015fi i\u00e7in karma\u015f\u0131k bir kavram. &#8220;Desibel nedir?&#8221; diye soruldu\u011funda baz\u0131lar\u0131 &#8220;ne oldu\u011funu biliyorum ama do\u011frusunu istersen tam&#8230;<\/p>\n","protected":false},"author":2,"featured_media":6341,"comment_status":"closed","ping_status":"open","sticky":false,"template":"","format":"standard","meta":{"_mi_skip_tracking":false,"spay_email":"","jetpack_publicize_message":"","jetpack_is_tweetstorm":false,"jetpack_publicize_feature_enabled":true},"categories":[18],"tags":[],"jetpack_featured_media_url":"https:\/\/www.ufukonen.com\/tr\/wp-content\/uploads\/Desibel_Karmasasi_00_Header.jpg","jetpack_publicize_connections":[],"jetpack_shortlink":"https:\/\/wp.me\/p3rjsG-1Ec","jetpack_sharing_enabled":true,"jetpack-related-posts":[{"id":7378,"url":"https:\/\/www.ufukonen.com\/tr\/desibel-toplama.html","url_meta":{"origin":6336,"position":0},"title":"Desibel Toplama","date":"May 9, 2022","format":false,"excerpt":"\"Desibel toplama\" bir blog yaz\u0131s\u0131 i\u00e7in biraz garip bir ba\u015fl\u0131k oldu. Neden bunu se\u00e7ti\u011fimi hemen a\u00e7\u0131klayay\u0131m. Son zamanlarda siteme Google \u00fczerinden gelen ziyaretlerde bu arama teriminin kullan\u0131ld\u0131\u011f\u0131n\u0131 g\u00f6r\u00fcyorum. Zaten y\u0131llar i\u00e7inde birebir g\u00f6r\u00fc\u015fmelerimde de desibel de\u011ferlerinin toplan\u0131p toplanmad\u0131\u011f\u0131 ya da nas\u0131l topland\u0131\u011f\u0131 bana defalarca soruldu. \u015eimdi hemen bu konuya a\u00e7\u0131kl\u0131k\u2026","rel":"","context":"In &quot;Ses ve M\u00fczik Teknolojileri&quot;","img":{"alt_text":"","src":"https:\/\/i0.wp.com\/www.ufukonen.com\/tr\/wp-content\/uploads\/Desibel_Toplama_00_Header.jpg?resize=350%2C200&ssl=1","width":350,"height":200},"classes":[]},{"id":3279,"url":"https:\/\/www.ufukonen.com\/tr\/7-maddede-desibel.html","url_meta":{"origin":6336,"position":1},"title":"7 Maddede Desibel","date":"September 18, 2017","format":false,"excerpt":"Desibel, ku\u015fkusuz m\u00fczik ve ses ile u\u011fra\u015fan herkesin duymu\u015f oldu\u011fu bir kelimedir. Ses cihazlar\u0131n\u0131n ve yaz\u0131l\u0131mlar\u0131n\u0131n hepsinde kar\u015f\u0131m\u0131za \u00e7\u0131kar. Bunlar\u0131 kullanan herkes desibelin ne oldu\u011funu iyi k\u00f6t\u00fc bilir. Ancak sorun \u015fu ki, iyi k\u00f6t\u00fc bilmek yetmez! Profesyonel olarak ses teknolojileri ve m\u00fczik prod\u00fcksiyonu \u00fczerine \u00e7al\u0131\u015f\u0131yorsak ya da \u00e7al\u0131\u015fmak istiyorsak, desibel\u2026","rel":"","context":"In &quot;Ses ve M\u00fczik Teknolojileri&quot;","img":{"alt_text":"","src":"https:\/\/i0.wp.com\/www.ufukonen.com\/tr\/wp-content\/uploads\/7_maddede_desibel.jpg?resize=350%2C200&ssl=1","width":350,"height":200},"classes":[]},{"id":7050,"url":"https:\/\/www.ufukonen.com\/tr\/2021-en-cok-okunan.html","url_meta":{"origin":6336,"position":2},"title":"2021 \u0130\u00e7inde En \u00c7ok Okunan Blog Yaz\u0131lar\u0131m","date":"December 20, 2021","format":false,"excerpt":"2021'i kapat\u0131rken y\u0131l i\u00e7inde en \u00e7ok okunan blog yaz\u0131lar\u0131m\u0131 sizlerle payla\u015fmak istedim. \u0130ki liste haz\u0131rlad\u0131m: 1- En \u00e7ok okunan 2021 tarihli yaz\u0131lar\u0131m. 2- \u00d6nceki y\u0131llarda (2012-2020) yay\u0131nlanm\u0131\u015f olan yaz\u0131lardan 2021 i\u00e7inde en \u00e7ok okunanlar. Yaz\u0131lar\u0131, ba\u015fl\u0131klar\u0131n\u0131n ya da g\u00f6rsellerinin \u00fczerine t\u0131klayarak okuyabilirsiniz. G\u00f6stermi\u015f oldu\u011funuz ilgi i\u00e7in \u00e7ok te\u015fekk\u00fcr ederim! 2022'de\u2026","rel":"","context":"In &quot;M\u00fczik&quot;","img":{"alt_text":"","src":"https:\/\/i0.wp.com\/www.ufukonen.com\/tr\/wp-content\/uploads\/2020-en-cok-okunan_720.jpg?resize=350%2C200&ssl=1","width":350,"height":200},"classes":[]},{"id":3575,"url":"https:\/\/www.ufukonen.com\/tr\/2017-daw-anketi-sonuclari.html","url_meta":{"origin":6336,"position":3},"title":"2017 DAW Anketi Sonu\u00e7lar\u0131","date":"January 1, 2018","format":false,"excerpt":"\u00a0 Bu y\u0131l ikincisini d\u00fczenledi\u011fim DAW (Digital Audio Workstation) anketinin sonu\u00e7lar\u0131 belli oldu. 4-31 Aral\u0131k 2017 tarihleri aras\u0131nda a\u00e7\u0131k kalan ankete 1009 ki\u015fi kat\u0131ld\u0131. \u00a0 Birinci Soru: \"Kullanmakta Oldu\u011funuz DAW\" Anketin galibi 185 oy ile t\u00fcm oylar\u0131n %18.33'\u00fcn\u00fc alan Cubase (Steinberg) oldu. Onu hemen arkas\u0131ndan \u00e7ok az bir farkla Logic\u2026","rel":"","context":"In &quot;Ses ve M\u00fczik Teknolojileri&quot;","img":{"alt_text":"","src":"https:\/\/i0.wp.com\/www.ufukonen.com\/tr\/wp-content\/uploads\/2017_DAW_Anketi_1024x768.jpg?resize=350%2C200&ssl=1","width":350,"height":200},"classes":[]},{"id":4496,"url":"https:\/\/www.ufukonen.com\/tr\/lkfs-lufs-nedir.html","url_meta":{"origin":6336,"position":4},"title":"LKFS \/ LUFS Nedir ve Neden \u00d6nemlidir?","date":"January 14, 2019","format":false,"excerpt":"Sinyal seviyesini \u00f6l\u00e7mek i\u00e7in iki ana y\u00f6ntem bulunuyor: peak ve RMS. Peak, sinyal seviyesinin en \u00fcst (maksimum) noktas\u0131 veya noktalar\u0131, RMS ise sinyal seviyesinin belli bir s\u00fcre i\u00e7inde elde edilen ortalama de\u011feridir. Hem peak hem de RMS \u00f6l\u00e7\u00fcmleri sinyalin genli\u011fini (\u0130ngilizcede 'amplitude' olarak adland\u0131r\u0131lan de\u011ferini) tespit etmek i\u00e7in kullan\u0131lan y\u00f6ntemlerdir.\u2026","rel":"","context":"In &quot;Ses ve M\u00fczik Teknolojileri&quot;","img":{"alt_text":"","src":"https:\/\/i0.wp.com\/www.ufukonen.com\/tr\/wp-content\/uploads\/LKFS_LUFS.jpg?resize=350%2C200&ssl=1","width":350,"height":200},"classes":[]},{"id":7824,"url":"https:\/\/www.ufukonen.com\/tr\/2022-en-cok-okunan-2.html","url_meta":{"origin":6336,"position":5},"title":"2022 \u0130\u00e7inde En \u00c7ok Okunan Blog Yaz\u0131lar\u0131m (2. B\u00f6l\u00fcm)","date":"December 19, 2022","format":false,"excerpt":"2022\u2019yi kapat\u0131rken y\u0131l i\u00e7inde en \u00e7ok okunan blog yaz\u0131lar\u0131m\u0131 sizlerle payla\u015fmak istedim. \u0130ki liste haz\u0131rlad\u0131m: 1- \u00d6nceki y\u0131llarda (2012-2021) yay\u0131nlanm\u0131\u015f olan yaz\u0131lardan 2022 i\u00e7inde en \u00e7ok okunanlar (buraya t\u0131klayarak g\u00f6r\u00fcnt\u00fcleyebilirsiniz). 2- En \u00e7ok okunan 2022 tarihli yaz\u0131lar\u0131m (a\u015fa\u011f\u0131daki liste). Yaz\u0131lar\u0131, ba\u015fl\u0131klar\u0131n\u0131n ya da g\u00f6rsellerinin \u00fczerine t\u0131klayarak okuyabilirsiniz. G\u00f6stermi\u015f oldu\u011funuz ilgi\u2026","rel":"","context":"In &quot;Konferans&quot;","img":{"alt_text":"","src":"https:\/\/i0.wp.com\/www.ufukonen.com\/tr\/wp-content\/uploads\/2022_En_Cok_Okunan_2_00_Header.jpg?resize=350%2C200&ssl=1","width":350,"height":200},"classes":[]}],"_links":{"self":[{"href":"https:\/\/www.ufukonen.com\/tr\/wp-json\/wp\/v2\/posts\/6336"}],"collection":[{"href":"https:\/\/www.ufukonen.com\/tr\/wp-json\/wp\/v2\/posts"}],"about":[{"href":"https:\/\/www.ufukonen.com\/tr\/wp-json\/wp\/v2\/types\/post"}],"author":[{"embeddable":true,"href":"https:\/\/www.ufukonen.com\/tr\/wp-json\/wp\/v2\/users\/2"}],"replies":[{"embeddable":true,"href":"https:\/\/www.ufukonen.com\/tr\/wp-json\/wp\/v2\/comments?post=6336"}],"version-history":[{"count":6,"href":"https:\/\/www.ufukonen.com\/tr\/wp-json\/wp\/v2\/posts\/6336\/revisions"}],"predecessor-version":[{"id":6343,"href":"https:\/\/www.ufukonen.com\/tr\/wp-json\/wp\/v2\/posts\/6336\/revisions\/6343"}],"wp:featuredmedia":[{"embeddable":true,"href":"https:\/\/www.ufukonen.com\/tr\/wp-json\/wp\/v2\/media\/6341"}],"wp:attachment":[{"href":"https:\/\/www.ufukonen.com\/tr\/wp-json\/wp\/v2\/media?parent=6336"}],"wp:term":[{"taxonomy":"category","embeddable":true,"href":"https:\/\/www.ufukonen.com\/tr\/wp-json\/wp\/v2\/categories?post=6336"},{"taxonomy":"post_tag","embeddable":true,"href":"https:\/\/www.ufukonen.com\/tr\/wp-json\/wp\/v2\/tags?post=6336"}],"curies":[{"name":"wp","href":"https:\/\/api.w.org\/{rel}","templated":true}]}}