{"id":6346,"date":"2021-01-25T01:00:00","date_gmt":"2021-01-24T22:00:00","guid":{"rendered":"https:\/\/www.ufukonen.com\/tr\/?p=6346"},"modified":"2021-03-29T00:46:57","modified_gmt":"2021-03-28T21:46:57","slug":"studyo-cihazlari-acilis-kapanis","status":"publish","type":"post","link":"https:\/\/www.ufukonen.com\/tr\/studyo-cihazlari-acilis-kapanis.html","title":{"rendered":"St\u00fcdyo Cihazlar\u0131n\u0131n A\u00e7\u0131l\u0131\u015f ve Kapan\u0131\u015f S\u0131ras\u0131"},"content":{"rendered":"\n<p>St\u00fcdyodaki cihazlar\u0131 a\u00e7\u0131p kapat\u0131rken voltaj s\u0131\u00e7ramalar\u0131n\u0131n cihazlara, \u00f6zellikle de monit\u00f6rlere, zarar vermemesi i\u00e7in a\u00e7ma ve kapama i\u015flerini belli bir s\u0131ra ile yapmak gerekiyor.<\/p>\n\n\n\n<div style=\"height:25px\" aria-hidden=\"true\" class=\"wp-block-spacer\"><\/div>\n\n\n\n<h3>A\u00e7arken<\/h3>\n\n\n\n<p>Birinci ad\u0131m, bilgisayar\u0131 ve st\u00fcdyodaki t\u00fcm cihazlar\u0131 a\u00e7mak.<\/p>\n\n\n\n<p>\u0130kinci ad\u0131m, e\u011fer varsa mikseri a\u00e7mak.<\/p>\n\n\n\n<p>\u00dc\u00e7\u00fcnc\u00fc ad\u0131m, monit\u00f6rleri a\u00e7mak. E\u011fer monit\u00f6rler aktif de\u011filse (yani ayr\u0131 bir g\u00fc\u00e7 amplifikat\u00f6r\u00fc ile beslenen pasif monit\u00f6rler ise) bu durumda \u00fc\u00e7\u00fcnc\u00fc ad\u0131m g\u00fc\u00e7 amplifikat\u00f6r\u00fcn\u00fc a\u00e7mak.<\/p>\n\n\n\n<div style=\"height:25px\" aria-hidden=\"true\" class=\"wp-block-spacer\"><\/div>\n\n\n\n<h3>Kapat\u0131rken<\/h3>\n\n\n\n<p>Birinci ad\u0131m, monit\u00f6rleri (e\u011fer monit\u00f6rler pasif ise g\u00fc\u00e7 amplifikat\u00f6r\u00fcn\u00fc) kapatmak.<\/p>\n\n\n\n<p>\u0130kinci ad\u0131m, varsa mikseri kapatmak.<\/p>\n\n\n\n<p>\u00dc\u00e7\u00fcnc\u00fc ad\u0131m, bilgisayar\u0131 ve st\u00fcdyodaki t\u00fcm cihazlar\u0131 kapatmak.<\/p>\n\n\n\n<div style=\"height:25px\" aria-hidden=\"true\" class=\"wp-block-spacer\"><\/div>\n\n\n\n<h3>En \u00d6nemli Nokta!<\/h3>\n\n\n\n<p>Buradaki en \u00f6nemli nokta monit\u00f6rleri voltaj s\u0131\u00e7ramalar\u0131na kar\u015f\u0131 korumak!<\/p>\n\n\n\n<p>\u015eunu asla unutmamak gerekiyor: <\/p>\n\n\n\n<p><strong>Monit\u00f6rler en son a\u00e7\u0131l\u0131r, ilk \u00f6nce kapat\u0131l\u0131r.<\/strong><\/p>\n\n\n\n<p>Bunu al\u0131\u015fkanl\u0131k edinir, d\u00fc\u015f\u00fcnmeden yapmaya ba\u015flarsan\u0131z monit\u00f6rleriniz \u00e7ok daha az risk alt\u0131nda olur.<\/p>\n\n\n\n<div style=\"height:50px\" aria-hidden=\"true\" class=\"wp-block-spacer\"><\/div>\n\n\n\n<p>Teknik terimler i\u00e7in <a href=\"http:\/\/www.ufukonen.com\/tr\/ses-kayit-muzik-teknolojisi-terimler-sozluk.html\">m\u00fczik teknolojisi, m\u00fczik prod\u00fcksiyonu ve ses kay\u0131t terimleri s\u00f6zl\u00fc\u011f\u00fcne<\/a> g\u00f6z atabilirsiniz.<\/p>\n\n\n\n<p>Benzer payla\u015f\u0131mlar i\u00e7in beni <a rel=\"noreferrer noopener\" href=\"https:\/\/www.facebook.com\/ufukonen.skmt\/\" target=\"_blank\">Facebook<\/a>, <a rel=\"noreferrer noopener\" aria-label=\"Instagram (opens in a new tab)\" href=\"https:\/\/www.instagram.com\/ufukonen\/\" target=\"_blank\">Instagram<\/a> ve <a rel=\"noreferrer noopener\" href=\"https:\/\/twitter.com\/UfukOnen\" target=\"_blank\">Twitter<\/a>&#8216;da takip edebilir, haberler i\u00e7in <a rel=\"noreferrer noopener\" href=\"http:\/\/ufukonen.com\/tr\/ses-kayit-muzik-teknolojisi-terimler-sozluk.html\" target=\"_blank\">mesaj listeme \u00fcye olabilirsiniz<\/a>. Te\u015fekk\u00fcrler.<\/p>\n\n\n\n<p>Ba\u015fl\u0131k foto\u011fraf\u0131:&nbsp;<a rel=\"noreferrer noopener\" href=\"https:\/\/unsplash.com\/@ttcollect?utm_source=unsplash&amp;utm_medium=referral&amp;utm_content=creditCopyText\" target=\"_blank\">Troy T<\/a>&nbsp;|&nbsp;<a rel=\"noreferrer noopener\" href=\"https:\/\/unsplash.com\/?utm_source=unsplash&amp;utm_medium=referral&amp;utm_content=creditCopyText\" target=\"_blank\">Unsplash<\/a><\/p>\n\n\n\n<p>\u00a9 2021 Ufuk \u00d6nen. Her hakk\u0131 sakl\u0131d\u0131r. \u0130zinsiz kullan\u0131lamaz.<\/p>\n","protected":false},"excerpt":{"rendered":"<p class=\"post-excerpt\">St\u00fcdyodaki cihazlar\u0131 a\u00e7\u0131p kapat\u0131rken voltaj s\u0131\u00e7ramalar\u0131n\u0131n cihazlara, \u00f6zellikle de monit\u00f6rlere, zarar vermemesi i\u00e7in a\u00e7ma ve kapama i\u015flerini belli bir s\u0131ra&#8230;<\/p>\n","protected":false},"author":2,"featured_media":6361,"comment_status":"closed","ping_status":"open","sticky":false,"template":"","format":"standard","meta":{"_mi_skip_tracking":false,"spay_email":"","jetpack_publicize_message":"","jetpack_is_tweetstorm":false,"jetpack_publicize_feature_enabled":true},"categories":[16,18],"tags":[],"jetpack_featured_media_url":"https:\/\/www.ufukonen.com\/tr\/wp-content\/uploads\/Studyo_Acilis_Kapanis_00_Header.jpg","jetpack_publicize_connections":[],"jetpack_shortlink":"https:\/\/wp.me\/p3rjsG-1Em","jetpack_sharing_enabled":true,"jetpack-related-posts":[{"id":7572,"url":"https:\/\/www.ufukonen.com\/tr\/vokal-kaydinda-kulaklik-reverb-delay.html","url_meta":{"origin":6346,"position":0},"title":"Vokal Kayd\u0131nda Kulakl\u0131k \u0130\u00e7in Reverb ve Delay Kullan\u0131m\u0131","date":"September 5, 2022","format":false,"excerpt":"\"DAW ve Latency\" ba\u015fl\u0131kl\u0131 yaz\u0131mda kay\u0131t yapan m\u00fczisyenin kendini kulakl\u0131kta gecikmeli duymamas\u0131 i\u00e7in \u00e7\u00f6z\u00fcm yollar\u0131ndan birinin ses kart\u0131n\u0131n \u00fczerinde bulunan \"zero latency monitoring\" ya da \"input monitoring\" olarak adland\u0131r\u0131lan \u00f6zelli\u011fini kullanmak oldu\u011funu yazm\u0131\u015ft\u0131m. Diyelim ki zero latency monitoring \u00f6zelli\u011fini kullanarak vokal kayd\u0131 yap\u0131yorsunuz ve vokalist kulakl\u0131\u011f\u0131na reverb istedi\u2026. E\u011fer ses\u2026","rel":"","context":"In &quot;M\u00fczik Prod\u00fcksiyonu&quot;","img":{"alt_text":"","src":"https:\/\/i0.wp.com\/www.ufukonen.com\/tr\/wp-content\/uploads\/Vokal_Kaydi_Kulaklik_Reverb_Delay_00_Header.jpg?resize=350%2C200&ssl=1","width":350,"height":200},"classes":[]},{"id":7561,"url":"https:\/\/www.ufukonen.com\/tr\/bas-gitar-paralel-distortion-tuyo.html","url_meta":{"origin":6346,"position":1},"title":"Bas Gitarda Paralel Distortion \u0130\u00e7in Bir T\u00fcyo","date":"August 22, 2022","format":false,"excerpt":"Miks s\u0131ras\u0131nda bas gitarda paralel distortion, overdrive ya da saturation kullanmak bir\u00e7o\u011fumuzun uygulad\u0131\u011f\u0131 bir teknik. Bu teknik sayesinde bas gitar\u0131n hacminden \u00f6d\u00fcn vermeden anla\u015f\u0131labilirli\u011fini, tan\u0131m\u0131n\u0131 ve duyulabilirli\u011fini art\u0131rabiliyoruz. Bu tekni\u011fi uygulamak \u00e7ok kolay. Bas gitar kanal\u0131n\u0131 kopyal\u0131yoruz ya da bas gitar sinyalini bir bus arac\u0131l\u0131\u011f\u0131 ile bir aux kanal\u0131na g\u00f6nderiyoruz.\u2026","rel":"","context":"In &quot;M\u00fczik Prod\u00fcksiyonu&quot;","img":{"alt_text":"","src":"https:\/\/i0.wp.com\/www.ufukonen.com\/tr\/wp-content\/uploads\/Bas_Gitar_Paralel_Distortion_Tuyo_00_Header.jpg?resize=350%2C200&ssl=1","width":350,"height":200},"classes":[]},{"id":7515,"url":"https:\/\/www.ufukonen.com\/tr\/vokal-hava-parlaklik.html","url_meta":{"origin":6346,"position":2},"title":"Vokale &#8220;Hava&#8221; ve &#8220;Parlakl\u0131k&#8221; Katmak \u0130\u00e7in Bir Teknik","date":"August 1, 2022","format":false,"excerpt":"Bu yaz\u0131mda sizlerle vokale \"hava\" ve \"parlakl\u0131k\" katmak i\u00e7in i\u00e7in basit ama olduk\u00e7a etkili bir teknik payla\u015fmak istiyorum. Bu teknik bana ait de\u011fil. F. Reid Shippen taraf\u0131ndan \u00e7ekilen bir videoda kar\u015f\u0131ma \u00e7\u0131kt\u0131. Videoyu buraya t\u0131klayarak izleyebilirsiniz. Shippen, bu tekni\u011fi Izotope Nectar kullanarak uyguluyor. Ben Pro Tools ile birlikte gelen plug-in'leri\u2026","rel":"","context":"In &quot;M\u00fczik Prod\u00fcksiyonu&quot;","img":{"alt_text":"","src":"https:\/\/i0.wp.com\/www.ufukonen.com\/tr\/wp-content\/uploads\/Vokal_Hava_Parlaklik_00_Header.jpg?resize=350%2C200&ssl=1","width":350,"height":200},"classes":[]},{"id":4219,"url":"https:\/\/www.ufukonen.com\/tr\/studyo-monitorleri-nasil-kalibre-edilir.html","url_meta":{"origin":6346,"position":3},"title":"St\u00fcdyo Monit\u00f6rleri Nas\u0131l Kalibre Edilir?","date":"October 1, 2018","format":false,"excerpt":"Bu yaz\u0131mda st\u00fcdyo monit\u00f6rlerinizin kalibrasyonunu kolayca nas\u0131l yapabilece\u011finizi anlatmak istiyorum. Uygulamaya ge\u00e7meden \u00f6nce teorik bilgilere ve ihtiya\u00e7 duyaca\u011f\u0131n\u0131z donan\u0131m ve yaz\u0131l\u0131mlara bir g\u00f6z atal\u0131m. \u00a0 \u00c7al\u0131\u015fma seviyesi Analog cihazlar zamanlar\u0131nda normal \u00e7al\u0131\u015fma seviyesi 0 VU idi. Tabii profesyonel cihazlardaki 0 VU ile yar\u0131-profesyonel ve ev tipi cihazlardaki 0 VU voltaj\u2026","rel":"","context":"In &quot;Ses ve M\u00fczik Teknolojileri&quot;","img":{"alt_text":"","src":"https:\/\/i0.wp.com\/www.ufukonen.com\/tr\/wp-content\/uploads\/Studyo_Monitorleri_Kalibrasyon.jpg?resize=350%2C200&ssl=1","width":350,"height":200},"classes":[]},{"id":62,"url":"https:\/\/www.ufukonen.com\/tr\/elektronik-muzigin-onculeri-ve-ses-kulturu.html","url_meta":{"origin":6346,"position":4},"title":"Elektronik M\u00fczi\u011fin \u00d6nc\u00fcleri ve Ses K\u00fclt\u00fcr\u00fc","date":"May 29, 2012","format":false,"excerpt":"1940'lar\u0131n sonunda, Avrupa'da, hem m\u00fczik hem de ses k\u00fclt\u00fcr\u00fc a\u00e7\u0131s\u0131ndan b\u00fcy\u00fck \u00f6nem ta\u015f\u0131yan iki ak\u0131m geli\u015fti: Paris'te Pierre Schaeffer'\u0131n \u00f6nderli\u011fini yapt\u0131\u011f\u0131 musique concr\u00e8te ve K\u00f6ln'de Werner Meyer-Eppler, Robert Beyer ve Herbert Eimert taraf\u0131ndan ortak bir \u00e7al\u0131\u015fma ile geli\u015ftirilen elektronische musik. Bu iki ak\u0131m modern elektronik m\u00fczi\u011fin temelini olu\u015fturmaktad\u0131r, bu y\u00fczden\u2026","rel":"","context":"In &quot;M\u00fczik&quot;","img":{"alt_text":"","src":"https:\/\/i0.wp.com\/www.ufukonen.com\/tr\/wp-content\/uploads\/1334271835-cage-jungcurrents.jpeg?resize=350%2C200&ssl=1","width":350,"height":200},"classes":[]},{"id":3999,"url":"https:\/\/www.ufukonen.com\/tr\/eq-kullanimi-birkac-tavsiye.html","url_meta":{"origin":6346,"position":5},"title":"EQ Kullan\u0131m\u0131: Birka\u00e7 Tavsiye","date":"June 18, 2018","format":false,"excerpt":"Bu yaz\u0131mda EQ kullan\u0131m\u0131 ile ilgili birka\u00e7 tavsiyede bulunmak istiyorum. Ses Kay\u0131t ve M\u00fczik Teknolojisi\u00a0(SKMT) adl\u0131 kitab\u0131mda EQ ile detayl\u0131 bilgiler, Miks \u00dczerine: M\u00fczik Prod\u00fcksiyonlar\u0131nda Miks Teknikleri ve \u00c7e\u015fitli Yakla\u015f\u0131mlar\u00a0(MPMT) adl\u0131 kitab\u0131mda ise EQ kullan\u0131m\u0131 hakk\u0131nda bir\u00e7ok miks m\u00fchendisinin g\u00f6r\u00fc\u015f ve tavsiyelerini\u00a0bulabilirsiniz. Ekim 2019 g\u00fcncelleme:\u00a0Gelen talepleri ve sorular\u0131 g\u00f6z \u00f6n\u00fcne\u2026","rel":"","context":"In &quot;M\u00fczik Prod\u00fcksiyonu&quot;","img":{"alt_text":"","src":"https:\/\/i0.wp.com\/www.ufukonen.com\/tr\/wp-content\/uploads\/EQ_Kullanimi_Birkac_Tavsiye_1080.jpg?resize=350%2C200&ssl=1","width":350,"height":200},"classes":[]}],"_links":{"self":[{"href":"https:\/\/www.ufukonen.com\/tr\/wp-json\/wp\/v2\/posts\/6346"}],"collection":[{"href":"https:\/\/www.ufukonen.com\/tr\/wp-json\/wp\/v2\/posts"}],"about":[{"href":"https:\/\/www.ufukonen.com\/tr\/wp-json\/wp\/v2\/types\/post"}],"author":[{"embeddable":true,"href":"https:\/\/www.ufukonen.com\/tr\/wp-json\/wp\/v2\/users\/2"}],"replies":[{"embeddable":true,"href":"https:\/\/www.ufukonen.com\/tr\/wp-json\/wp\/v2\/comments?post=6346"}],"version-history":[{"count":5,"href":"https:\/\/www.ufukonen.com\/tr\/wp-json\/wp\/v2\/posts\/6346\/revisions"}],"predecessor-version":[{"id":6364,"href":"https:\/\/www.ufukonen.com\/tr\/wp-json\/wp\/v2\/posts\/6346\/revisions\/6364"}],"wp:featuredmedia":[{"embeddable":true,"href":"https:\/\/www.ufukonen.com\/tr\/wp-json\/wp\/v2\/media\/6361"}],"wp:attachment":[{"href":"https:\/\/www.ufukonen.com\/tr\/wp-json\/wp\/v2\/media?parent=6346"}],"wp:term":[{"taxonomy":"category","embeddable":true,"href":"https:\/\/www.ufukonen.com\/tr\/wp-json\/wp\/v2\/categories?post=6346"},{"taxonomy":"post_tag","embeddable":true,"href":"https:\/\/www.ufukonen.com\/tr\/wp-json\/wp\/v2\/tags?post=6346"}],"curies":[{"name":"wp","href":"https:\/\/api.w.org\/{rel}","templated":true}]}}