{"id":6380,"date":"2021-02-08T01:00:00","date_gmt":"2021-02-07T22:00:00","guid":{"rendered":"https:\/\/www.ufukonen.com\/tr\/?p=6380"},"modified":"2021-03-29T00:47:44","modified_gmt":"2021-03-28T21:47:44","slug":"daw-sarki-sozu-kanali","status":"publish","type":"post","link":"https:\/\/www.ufukonen.com\/tr\/daw-sarki-sozu-kanali.html","title":{"rendered":"DAW \u0130\u00e7inde \u015eark\u0131 S\u00f6z\u00fc Kanal\u0131 Olu\u015fturmak"},"content":{"rendered":"\n<p>Hi\u00e7 &#8220;ke\u015fke kulland\u0131\u011f\u0131m DAW i\u00e7inde bir de \u015fark\u0131 s\u00f6z\u00fc kanal\u0131 olsayd\u0131, par\u00e7a \u00fczerinde \u00e7al\u0131\u015f\u0131rken ya da miks yaparken s\u00f6zleri takip edebilseydim&#8221; dedi\u011finiz oldu mu? E\u011fer olduysa \u015fimdi verece\u011fim t\u00fcyo olduk\u00e7a i\u015finize yarayacak. \u00d6zellikle vokal a\u011f\u0131rl\u0131kl\u0131 par\u00e7alar i\u00e7in\u2026<\/p>\n\n\n\n<p>Bu arada, hemen belirteyim, bu t\u00fcyo bana ait de\u011fil. Miks m\u00fchendisi Craig Bauer <a href=\"https:\/\/www.instagram.com\/craigbauermixer\/\" target=\"_blank\" rel=\"noreferrer noopener\">Instagram<\/a> hesab\u0131nda payla\u015fm\u0131\u015f, orada g\u00f6rd\u00fcm.<\/p>\n\n\n\n<p>\u015eark\u0131 s\u00f6z\u00fc kanal\u0131 t\u00fcyosunu ben burada Pro Tools \u00fczerinden tarif ettim ama siz ba\u015fka DAW&#8217;lar i\u00e7inde de benzer \u015fekillerde uygulayabilirsiniz.<\/p>\n\n\n\n<p>Ekran g\u00f6r\u00fcnt\u00fcleri, \u00fczerlerine t\u0131klayarak b\u00fcy\u00fctebilirsiniz.<\/p>\n\n\n\n<div style=\"height:25px\" aria-hidden=\"true\" class=\"wp-block-spacer\"><\/div>\n\n\n\n<h3>1\/<\/h3>\n\n\n\n<p>Vokal kanal\u0131n\u0131n hemen \u00fcst\u00fcnde bo\u015f bir audio kanal\u0131 a\u00e7\u0131n.<\/p>\n\n\n\n<figure class=\"wp-block-image size-large\"><a href=\"https:\/\/www.ufukonen.com\/tr\/wp-content\/uploads\/DAW-Sarki_Sozu_Kanali_01.jpg\" target=\"_blank\" rel=\"noopener noreferrer\"><img loading=\"lazy\" width=\"1024\" height=\"357\" src=\"https:\/\/www.ufukonen.com\/tr\/wp-content\/uploads\/DAW-Sarki_Sozu_Kanali_01-1024x357.jpg\" alt=\"\" class=\"wp-image-6383\" srcset=\"https:\/\/www.ufukonen.com\/tr\/wp-content\/uploads\/DAW-Sarki_Sozu_Kanali_01-1024x357.jpg 1024w, https:\/\/www.ufukonen.com\/tr\/wp-content\/uploads\/DAW-Sarki_Sozu_Kanali_01-300x105.jpg 300w, https:\/\/www.ufukonen.com\/tr\/wp-content\/uploads\/DAW-Sarki_Sozu_Kanali_01-768x268.jpg 768w, https:\/\/www.ufukonen.com\/tr\/wp-content\/uploads\/DAW-Sarki_Sozu_Kanali_01-1536x536.jpg 1536w, https:\/\/www.ufukonen.com\/tr\/wp-content\/uploads\/DAW-Sarki_Sozu_Kanali_01-1140x398.jpg 1140w, https:\/\/www.ufukonen.com\/tr\/wp-content\/uploads\/DAW-Sarki_Sozu_Kanali_01-552x193.jpg 552w, https:\/\/www.ufukonen.com\/tr\/wp-content\/uploads\/DAW-Sarki_Sozu_Kanali_01.jpg 1920w\" sizes=\"(max-width: 1024px) 100vw, 1024px\" \/><\/a><\/figure>\n\n\n\n<div style=\"height:25px\" aria-hidden=\"true\" class=\"wp-block-spacer\"><\/div>\n\n\n\n<h3>2\/<\/h3>\n\n\n\n<p>Bo\u015f audio kanal\u0131 i\u00e7inde s\u00f6zlerin ilk sat\u0131r\u0131n\u0131n denk geldi\u011fi alan\u0131 se\u00e7in. Pro Tools i\u00e7inde Edit men\u00fcs\u00fcnden &#8220;Consolidate Clip&#8221; komutu verin (ALT+SHIFT+3). Bu komutla bo\u015f bir ses dosyas\u0131 (ses klibi) olu\u015fturmu\u015f olacaks\u0131n\u0131z.<\/p>\n\n\n\n<figure class=\"wp-block-image size-large\"><a href=\"https:\/\/www.ufukonen.com\/tr\/wp-content\/uploads\/DAW-Sarki_Sozu_Kanali_02.jpg\" target=\"_blank\" rel=\"noopener noreferrer\"><img loading=\"lazy\" width=\"1024\" height=\"356\" src=\"https:\/\/www.ufukonen.com\/tr\/wp-content\/uploads\/DAW-Sarki_Sozu_Kanali_02-1024x356.jpg\" alt=\"\" class=\"wp-image-6384\" srcset=\"https:\/\/www.ufukonen.com\/tr\/wp-content\/uploads\/DAW-Sarki_Sozu_Kanali_02-1024x356.jpg 1024w, https:\/\/www.ufukonen.com\/tr\/wp-content\/uploads\/DAW-Sarki_Sozu_Kanali_02-300x104.jpg 300w, https:\/\/www.ufukonen.com\/tr\/wp-content\/uploads\/DAW-Sarki_Sozu_Kanali_02-768x267.jpg 768w, https:\/\/www.ufukonen.com\/tr\/wp-content\/uploads\/DAW-Sarki_Sozu_Kanali_02-1536x534.jpg 1536w, https:\/\/www.ufukonen.com\/tr\/wp-content\/uploads\/DAW-Sarki_Sozu_Kanali_02-1140x396.jpg 1140w, https:\/\/www.ufukonen.com\/tr\/wp-content\/uploads\/DAW-Sarki_Sozu_Kanali_02-552x192.jpg 552w, https:\/\/www.ufukonen.com\/tr\/wp-content\/uploads\/DAW-Sarki_Sozu_Kanali_02.jpg 1920w\" sizes=\"(max-width: 1024px) 100vw, 1024px\" \/><\/a><\/figure>\n\n\n\n<div style=\"height:25px\" aria-hidden=\"true\" class=\"wp-block-spacer\"><\/div>\n\n\n\n<h3>3\/<\/h3>\n\n\n\n<p>Olu\u015fturdu\u011funuz ses klibinin ad\u0131n\u0131 \u015fark\u0131n\u0131n s\u00f6zlerinin ilk sat\u0131r\u0131 ile de\u011fi\u015ftirin.<\/p>\n\n\n\n<figure class=\"wp-block-image size-large\"><a href=\"https:\/\/www.ufukonen.com\/tr\/wp-content\/uploads\/DAW-Sarki_Sozu_Kanali_03.jpg\" target=\"_blank\" rel=\"noopener noreferrer\"><img loading=\"lazy\" width=\"1024\" height=\"356\" src=\"https:\/\/www.ufukonen.com\/tr\/wp-content\/uploads\/DAW-Sarki_Sozu_Kanali_03-1024x356.jpg\" alt=\"\" class=\"wp-image-6385\" srcset=\"https:\/\/www.ufukonen.com\/tr\/wp-content\/uploads\/DAW-Sarki_Sozu_Kanali_03-1024x356.jpg 1024w, https:\/\/www.ufukonen.com\/tr\/wp-content\/uploads\/DAW-Sarki_Sozu_Kanali_03-300x104.jpg 300w, https:\/\/www.ufukonen.com\/tr\/wp-content\/uploads\/DAW-Sarki_Sozu_Kanali_03-768x267.jpg 768w, https:\/\/www.ufukonen.com\/tr\/wp-content\/uploads\/DAW-Sarki_Sozu_Kanali_03-1536x534.jpg 1536w, https:\/\/www.ufukonen.com\/tr\/wp-content\/uploads\/DAW-Sarki_Sozu_Kanali_03-1140x397.jpg 1140w, https:\/\/www.ufukonen.com\/tr\/wp-content\/uploads\/DAW-Sarki_Sozu_Kanali_03-552x192.jpg 552w, https:\/\/www.ufukonen.com\/tr\/wp-content\/uploads\/DAW-Sarki_Sozu_Kanali_03.jpg 1920w\" sizes=\"(max-width: 1024px) 100vw, 1024px\" \/><\/a><\/figure>\n\n\n\n<figure class=\"wp-block-image size-large\"><a href=\"https:\/\/www.ufukonen.com\/tr\/wp-content\/uploads\/DAW-Sarki_Sozu_Kanali_04.jpg\" target=\"_blank\" rel=\"noopener noreferrer\"><img loading=\"lazy\" width=\"1024\" height=\"357\" src=\"https:\/\/www.ufukonen.com\/tr\/wp-content\/uploads\/DAW-Sarki_Sozu_Kanali_04-1024x357.jpg\" alt=\"\" class=\"wp-image-6386\" srcset=\"https:\/\/www.ufukonen.com\/tr\/wp-content\/uploads\/DAW-Sarki_Sozu_Kanali_04-1024x357.jpg 1024w, https:\/\/www.ufukonen.com\/tr\/wp-content\/uploads\/DAW-Sarki_Sozu_Kanali_04-300x105.jpg 300w, https:\/\/www.ufukonen.com\/tr\/wp-content\/uploads\/DAW-Sarki_Sozu_Kanali_04-768x268.jpg 768w, https:\/\/www.ufukonen.com\/tr\/wp-content\/uploads\/DAW-Sarki_Sozu_Kanali_04-1536x535.jpg 1536w, https:\/\/www.ufukonen.com\/tr\/wp-content\/uploads\/DAW-Sarki_Sozu_Kanali_04-1140x397.jpg 1140w, https:\/\/www.ufukonen.com\/tr\/wp-content\/uploads\/DAW-Sarki_Sozu_Kanali_04-552x192.jpg 552w, https:\/\/www.ufukonen.com\/tr\/wp-content\/uploads\/DAW-Sarki_Sozu_Kanali_04.jpg 1920w\" sizes=\"(max-width: 1024px) 100vw, 1024px\" \/><\/a><\/figure>\n\n\n\n<div style=\"height:25px\" aria-hidden=\"true\" class=\"wp-block-spacer\"><\/div>\n\n\n\n<h3>4\/<\/h3>\n\n\n\n<p>S\u00f6zlerin di\u011fer sat\u0131rlar\u0131 i\u00e7in ayn\u0131 i\u015flemi tekrarlay\u0131n.<\/p>\n\n\n\n<figure class=\"wp-block-image size-large\"><a href=\"https:\/\/www.ufukonen.com\/tr\/wp-content\/uploads\/DAW-Sarki_Sozu_Kanali_05.jpg\" target=\"_blank\" rel=\"noopener noreferrer\"><img loading=\"lazy\" width=\"1024\" height=\"356\" src=\"https:\/\/www.ufukonen.com\/tr\/wp-content\/uploads\/DAW-Sarki_Sozu_Kanali_05-1024x356.jpg\" alt=\"\" class=\"wp-image-6387\" srcset=\"https:\/\/www.ufukonen.com\/tr\/wp-content\/uploads\/DAW-Sarki_Sozu_Kanali_05-1024x356.jpg 1024w, https:\/\/www.ufukonen.com\/tr\/wp-content\/uploads\/DAW-Sarki_Sozu_Kanali_05-300x104.jpg 300w, https:\/\/www.ufukonen.com\/tr\/wp-content\/uploads\/DAW-Sarki_Sozu_Kanali_05-768x267.jpg 768w, https:\/\/www.ufukonen.com\/tr\/wp-content\/uploads\/DAW-Sarki_Sozu_Kanali_05-1536x534.jpg 1536w, https:\/\/www.ufukonen.com\/tr\/wp-content\/uploads\/DAW-Sarki_Sozu_Kanali_05-1140x397.jpg 1140w, https:\/\/www.ufukonen.com\/tr\/wp-content\/uploads\/DAW-Sarki_Sozu_Kanali_05-552x192.jpg 552w, https:\/\/www.ufukonen.com\/tr\/wp-content\/uploads\/DAW-Sarki_Sozu_Kanali_05.jpg 1920w\" sizes=\"(max-width: 1024px) 100vw, 1024px\" \/><\/a><\/figure>\n\n\n\n<div style=\"height:25px\" aria-hidden=\"true\" class=\"wp-block-spacer\"><\/div>\n\n\n\n<p>\u0130\u015fte bu kadar!<\/p>\n\n\n\n<p>Bu t\u00fcyoyu di\u011fer DAW&#8217;lar i\u00e7inde de benzer \u015fekillerde uygulayabilirsiniz. <\/p>\n\n\n\n<p>\u00d6rnek olarak, benim Pro Tools i\u00e7inde verdi\u011fim &#8220;Consolidate Clip&#8221; komutu yerine Studio One i\u00e7inde ayn\u0131 i\u015flemi &#8220;Bounce Selection&#8221; (CTRL + B) komutu ile yapabilirsiniz (Mac: CMD + B \/ Win: CTRL + B)<\/p>\n\n\n\n<div style=\"height:50px\" aria-hidden=\"true\" class=\"wp-block-spacer\"><\/div>\n\n\n\n<p>Teknik terimler i\u00e7in <a href=\"http:\/\/www.ufukonen.com\/tr\/ses-kayit-muzik-teknolojisi-terimler-sozluk.html\">m\u00fczik teknolojisi, m\u00fczik prod\u00fcksiyonu ve ses kay\u0131t terimleri s\u00f6zl\u00fc\u011f\u00fcne<\/a> g\u00f6z atabilirsiniz.<\/p>\n\n\n\n<p>Benzer payla\u015f\u0131mlar i\u00e7in beni <a rel=\"noreferrer noopener\" href=\"https:\/\/www.facebook.com\/ufukonen.skmt\/\" target=\"_blank\">Facebook<\/a>, <a rel=\"noreferrer noopener\" aria-label=\"Instagram (opens in a new tab)\" href=\"https:\/\/www.instagram.com\/ufukonen\/\" target=\"_blank\">Instagram<\/a> ve <a rel=\"noreferrer noopener\" href=\"https:\/\/twitter.com\/UfukOnen\" target=\"_blank\">Twitter<\/a>&#8216;da takip edebilir, haberler i\u00e7in <a rel=\"noreferrer noopener\" href=\"http:\/\/ufukonen.com\/tr\/ses-kayit-muzik-teknolojisi-terimler-sozluk.html\" target=\"_blank\">mesaj listeme \u00fcye olabilirsiniz<\/a>. Te\u015fekk\u00fcrler.<\/p>\n\n\n\n<p>Ba\u015fl\u0131k foto\u011fraf\u0131: <a href=\"https:\/\/unsplash.com\/@willfrancis?utm_source=unsplash&amp;utm_medium=referral&amp;utm_content=creditCopyText\" target=\"_blank\" rel=\"noreferrer noopener\">Will Francis<\/a>\u00a0|\u00a0<a href=\"https:\/\/unsplash.com\/?utm_source=unsplash&amp;utm_medium=referral&amp;utm_content=creditCopyText\" target=\"_blank\" rel=\"noreferrer noopener\">Unsplash<\/a><\/p>\n\n\n\n<p>\u00a9 2021 Ufuk \u00d6nen. Her hakk\u0131 sakl\u0131d\u0131r. \u0130zinsiz kullan\u0131lamaz.<\/p>\n","protected":false},"excerpt":{"rendered":"<p class=\"post-excerpt\">Hi\u00e7 &#8220;ke\u015fke kulland\u0131\u011f\u0131m DAW i\u00e7inde bir de \u015fark\u0131 s\u00f6z\u00fc kanal\u0131 olsayd\u0131, par\u00e7a \u00fczerinde \u00e7al\u0131\u015f\u0131rken ya da miks yaparken s\u00f6zleri takip&#8230;<\/p>\n","protected":false},"author":2,"featured_media":6391,"comment_status":"closed","ping_status":"open","sticky":false,"template":"","format":"standard","meta":{"_mi_skip_tracking":false,"spay_email":"","jetpack_publicize_message":"","jetpack_is_tweetstorm":false,"jetpack_publicize_feature_enabled":true},"categories":[18],"tags":[],"jetpack_featured_media_url":"https:\/\/www.ufukonen.com\/tr\/wp-content\/uploads\/DAW-Sarki_Sozu_Kanali_00_Header.jpg","jetpack_publicize_connections":[],"jetpack_shortlink":"https:\/\/wp.me\/p3rjsG-1EU","jetpack_sharing_enabled":true,"jetpack-related-posts":[{"id":7050,"url":"https:\/\/www.ufukonen.com\/tr\/2021-en-cok-okunan.html","url_meta":{"origin":6380,"position":0},"title":"2021 \u0130\u00e7inde En \u00c7ok Okunan Blog Yaz\u0131lar\u0131m","date":"December 20, 2021","format":false,"excerpt":"2021'i kapat\u0131rken y\u0131l i\u00e7inde en \u00e7ok okunan blog yaz\u0131lar\u0131m\u0131 sizlerle payla\u015fmak istedim. \u0130ki liste haz\u0131rlad\u0131m: 1- En \u00e7ok okunan 2021 tarihli yaz\u0131lar\u0131m. 2- \u00d6nceki y\u0131llarda (2012-2020) yay\u0131nlanm\u0131\u015f olan yaz\u0131lardan 2021 i\u00e7inde en \u00e7ok okunanlar. Yaz\u0131lar\u0131, ba\u015fl\u0131klar\u0131n\u0131n ya da g\u00f6rsellerinin \u00fczerine t\u0131klayarak okuyabilirsiniz. G\u00f6stermi\u015f oldu\u011funuz ilgi i\u00e7in \u00e7ok te\u015fekk\u00fcr ederim! 2022'de\u2026","rel":"","context":"In &quot;M\u00fczik&quot;","img":{"alt_text":"","src":"https:\/\/i0.wp.com\/www.ufukonen.com\/tr\/wp-content\/uploads\/2020-en-cok-okunan_720.jpg?resize=350%2C200&ssl=1","width":350,"height":200},"classes":[]},{"id":6102,"url":"https:\/\/www.ufukonen.com\/tr\/sonarworks-reference-plugin.html","url_meta":{"origin":6380,"position":1},"title":"Sonarworks Reference Yaz\u0131l\u0131m\u0131n\u0131n DAW \u0130\u00e7inde Plug-in Olarak Kullan\u0131m\u0131","date":"October 12, 2020","format":false,"excerpt":"Sonarworks firmas\u0131 taraf\u0131ndan geli\u015ftirilen monit\u00f6r ve kulakl\u0131k kalibrasyon yaz\u0131l\u0131m\u0131 Reference, kullan\u0131m olarak iki farkl\u0131 se\u00e7enek sunuyor: Systemwide ve Plugin. Systemwide hem Mac hem de Windows \u00fczerinde \u00e7al\u0131\u015fabilen ve sanal audio driver g\u00f6revi g\u00f6ren bir program. Systemwide, olu\u015fturdu\u011funuz veya kay\u0131tl\u0131 bir kalibrasyon profiline g\u00f6re bilgisayar\u0131n ses \u00e7\u0131k\u0131\u015f\u0131na d\u00fczeltmeler uyguluyor. Reference Plugin\u2026","rel":"","context":"In &quot;Ses ve M\u00fczik Teknolojileri&quot;","img":{"alt_text":"","src":"https:\/\/i0.wp.com\/www.ufukonen.com\/tr\/wp-content\/uploads\/Sonarworks_Reference_Plugin_Header.jpg?resize=350%2C200&ssl=1","width":350,"height":200},"classes":[]},{"id":6157,"url":"https:\/\/www.ufukonen.com\/tr\/trampet-reverb-bir-tuyo.html","url_meta":{"origin":6380,"position":2},"title":"Trampet ve Reverb: Bir T\u00fcyo","date":"November 2, 2020","format":false,"excerpt":"Bir\u00e7ok mikste en y\u00fcksek seviyeli \u00f6gelerden biri trampet oluyor. Kendi seviyesi oldu\u011fu kadar reverb seviyesi de olduk\u00e7a y\u00fcksek oluyor. Bu durumda trampet i\u00e7in kulland\u0131\u011f\u0131n\u0131z reverb'\u00fcn miksi \u00e7amurlu bir hale getirmesini ve kar\u0131\u015f\u0131kl\u0131\u011fa yol a\u00e7mas\u0131n\u0131 \u00f6nlemek \u00e7ok \u00f6nemli bir hale geliyor. Bu noktada kulland\u0131\u011f\u0131n\u0131z reverb program\u0131n\u0131n reverb s\u00fcresi (reverb time) devreye\u2026","rel":"","context":"In &quot;M\u00fczik Prod\u00fcksiyonu&quot;","img":{"alt_text":"","src":"https:\/\/i0.wp.com\/www.ufukonen.com\/tr\/wp-content\/uploads\/Trampet_Reverb_Bir_Tuyo_0_Header.jpg?resize=350%2C200&ssl=1","width":350,"height":200},"classes":[]},{"id":4574,"url":"https:\/\/www.ufukonen.com\/tr\/solo-modlari-ve-secenekleri.html","url_meta":{"origin":6380,"position":3},"title":"Solo Modlar\u0131 ve Se\u00e7enekleri","date":"March 4, 2019","format":false,"excerpt":"DAW ve kay\u0131t konsollar\u0131 farkl\u0131 solo modlar\u0131 ve se\u00e7enekleri sunuyor. Bu yaz\u0131mda bu modlardan ve se\u00e7eneklerden bahsetmek istiyorum. Solo Modlar\u0131 Temel olarak \u00fc\u00e7 farkl\u0131 solo modu bulunuyor: PFL (Pre Fader Listen), AFL (After Fader Listen) ve SIP (Solo in Place). PFL PFL (Pre Fader Listen) konumunda solo butonuna bast\u0131\u011f\u0131n\u0131zda kanaldaki\u2026","rel":"","context":"In &quot;Ses ve M\u00fczik Teknolojileri&quot;","img":{"alt_text":"","src":"https:\/\/i0.wp.com\/www.ufukonen.com\/tr\/wp-content\/uploads\/Solo_Modlari_01_Header.jpg?resize=350%2C200&ssl=1","width":350,"height":200},"classes":[]},{"id":8327,"url":"https:\/\/www.ufukonen.com\/tr\/delta-solo.html","url_meta":{"origin":6380,"position":4},"title":"Delta Solo: Plug-in&#8217;lerin Ger\u00e7ek Etkilerini A\u00e7\u0131\u011fa \u00c7\u0131kar\u0131n","date":"September 9, 2024","format":false,"excerpt":"Miks ve mastering s\u00fcre\u00e7lerinde, plug-in'lerin ses sinyallerine nas\u0131l m\u00fcdahale etti\u011fini do\u011fru bir \u015fekilde anlamak b\u00fcy\u00fck \u00f6nem ta\u015f\u0131r. Bu ba\u011flamda delta solo, orijinal sinyal ile i\u015flenmi\u015f sinyal aras\u0131ndaki fark\u0131 duyabilmenizi sa\u011flayan etkili bir tekniktir. Bu makalede, delta solonun ne oldu\u011funu, neden \u00f6nemli oldu\u011funu ve bu y\u00f6ntemin hem yerle\u015fik hem de her\u2026","rel":"","context":"In &quot;Ses ve M\u00fczik Teknolojileri&quot;","img":{"alt_text":"","src":"https:\/\/i0.wp.com\/www.ufukonen.com\/tr\/wp-content\/uploads\/Delta_Solo-1.jpg?resize=350%2C200&ssl=1","width":350,"height":200},"classes":[]},{"id":7572,"url":"https:\/\/www.ufukonen.com\/tr\/vokal-kaydinda-kulaklik-reverb-delay.html","url_meta":{"origin":6380,"position":5},"title":"Vokal Kayd\u0131nda Kulakl\u0131k \u0130\u00e7in Reverb ve Delay Kullan\u0131m\u0131","date":"September 5, 2022","format":false,"excerpt":"\"DAW ve Latency\" ba\u015fl\u0131kl\u0131 yaz\u0131mda kay\u0131t yapan m\u00fczisyenin kendini kulakl\u0131kta gecikmeli duymamas\u0131 i\u00e7in \u00e7\u00f6z\u00fcm yollar\u0131ndan birinin ses kart\u0131n\u0131n \u00fczerinde bulunan \"zero latency monitoring\" ya da \"input monitoring\" olarak adland\u0131r\u0131lan \u00f6zelli\u011fini kullanmak oldu\u011funu yazm\u0131\u015ft\u0131m. Diyelim ki zero latency monitoring \u00f6zelli\u011fini kullanarak vokal kayd\u0131 yap\u0131yorsunuz ve vokalist kulakl\u0131\u011f\u0131na reverb istedi\u2026. E\u011fer ses\u2026","rel":"","context":"In &quot;M\u00fczik Prod\u00fcksiyonu&quot;","img":{"alt_text":"","src":"https:\/\/i0.wp.com\/www.ufukonen.com\/tr\/wp-content\/uploads\/Vokal_Kaydi_Kulaklik_Reverb_Delay_00_Header.jpg?resize=350%2C200&ssl=1","width":350,"height":200},"classes":[]}],"_links":{"self":[{"href":"https:\/\/www.ufukonen.com\/tr\/wp-json\/wp\/v2\/posts\/6380"}],"collection":[{"href":"https:\/\/www.ufukonen.com\/tr\/wp-json\/wp\/v2\/posts"}],"about":[{"href":"https:\/\/www.ufukonen.com\/tr\/wp-json\/wp\/v2\/types\/post"}],"author":[{"embeddable":true,"href":"https:\/\/www.ufukonen.com\/tr\/wp-json\/wp\/v2\/users\/2"}],"replies":[{"embeddable":true,"href":"https:\/\/www.ufukonen.com\/tr\/wp-json\/wp\/v2\/comments?post=6380"}],"version-history":[{"count":6,"href":"https:\/\/www.ufukonen.com\/tr\/wp-json\/wp\/v2\/posts\/6380\/revisions"}],"predecessor-version":[{"id":6392,"href":"https:\/\/www.ufukonen.com\/tr\/wp-json\/wp\/v2\/posts\/6380\/revisions\/6392"}],"wp:featuredmedia":[{"embeddable":true,"href":"https:\/\/www.ufukonen.com\/tr\/wp-json\/wp\/v2\/media\/6391"}],"wp:attachment":[{"href":"https:\/\/www.ufukonen.com\/tr\/wp-json\/wp\/v2\/media?parent=6380"}],"wp:term":[{"taxonomy":"category","embeddable":true,"href":"https:\/\/www.ufukonen.com\/tr\/wp-json\/wp\/v2\/categories?post=6380"},{"taxonomy":"post_tag","embeddable":true,"href":"https:\/\/www.ufukonen.com\/tr\/wp-json\/wp\/v2\/tags?post=6380"}],"curies":[{"name":"wp","href":"https:\/\/api.w.org\/{rel}","templated":true}]}}