{"id":6426,"date":"2021-03-01T01:00:00","date_gmt":"2021-02-28T22:00:00","guid":{"rendered":"https:\/\/www.ufukonen.com\/tr\/?p=6426"},"modified":"2021-03-22T11:55:55","modified_gmt":"2021-03-22T08:55:55","slug":"kamera-mikrofon-tek-kanal-ses","status":"publish","type":"post","link":"https:\/\/www.ufukonen.com\/tr\/kamera-mikrofon-tek-kanal-ses.html","title":{"rendered":"Kamera, Mikrofon ve Tek Kanal Ses Sorunu"},"content":{"rendered":"\n<p>&#8220;Kameraya XLR giri\u015fi \u00fczerinden mikrofon ba\u011fl\u0131yorum ama ses sadece tek taraftan geliyor, sesin her iki taraftan da gelmesi i\u00e7in nas\u0131l bir ba\u011flant\u0131 yapmam gerekiyor?&#8221; Bu ve buna benzer sorular bana bir\u00e7ok defa soruldu. Ayn\u0131 \u015feyi defalarca anlatmak yerine bir blog yaz\u0131s\u0131 yazay\u0131m, soran olursa linki payla\u015f\u0131r\u0131m diye d\u00fc\u015f\u00fcnd\u00fcm!<\/p>\n\n\n\n<p>\u00d6ncelikle problemin ne oldu\u011funu tespit etmekte fayda var.<\/p>\n\n\n\n<div style=\"height:25px\" aria-hidden=\"true\" class=\"wp-block-spacer\"><\/div>\n\n\n\n<h3>Sorun<\/h3>\n\n\n\n<p>Sorun, \u015fu iki senaryodan biri olarak kar\u015f\u0131m\u0131za \u00e7\u0131k\u0131yor:<\/p>\n\n\n\n<p>1- Kameran\u0131n iki mikrofon giri\u015fi oldu\u011fu i\u00e7in sadece tek bir mikrofon takt\u0131\u011f\u0131m\u0131zda di\u011fer kanala sinyal gitmiyor. Durum b\u00f6yle olunca kaydedilen sesin bir kanal\u0131 bo\u015f oluyor.<\/p>\n\n\n\n<figure class=\"wp-block-image size-large\"><img loading=\"lazy\" width=\"1024\" height=\"361\" src=\"https:\/\/www.ufukonen.com\/tr\/wp-content\/uploads\/Kamera_Mikrofon_Tek_Kanal_01-1024x361.jpg\" alt=\"\" class=\"wp-image-6428\" srcset=\"https:\/\/www.ufukonen.com\/tr\/wp-content\/uploads\/Kamera_Mikrofon_Tek_Kanal_01-1024x361.jpg 1024w, https:\/\/www.ufukonen.com\/tr\/wp-content\/uploads\/Kamera_Mikrofon_Tek_Kanal_01-300x106.jpg 300w, https:\/\/www.ufukonen.com\/tr\/wp-content\/uploads\/Kamera_Mikrofon_Tek_Kanal_01-768x270.jpg 768w, https:\/\/www.ufukonen.com\/tr\/wp-content\/uploads\/Kamera_Mikrofon_Tek_Kanal_01-1536x541.jpg 1536w, https:\/\/www.ufukonen.com\/tr\/wp-content\/uploads\/Kamera_Mikrofon_Tek_Kanal_01-1140x401.jpg 1140w, https:\/\/www.ufukonen.com\/tr\/wp-content\/uploads\/Kamera_Mikrofon_Tek_Kanal_01-552x194.jpg 552w, https:\/\/www.ufukonen.com\/tr\/wp-content\/uploads\/Kamera_Mikrofon_Tek_Kanal_01.jpg 1920w\" sizes=\"(max-width: 1024px) 100vw, 1024px\" \/><\/figure>\n\n\n\n<p>2- Kameran\u0131n iki mikrofon giri\u015fi oldu\u011fu i\u00e7in sadece tek bir mikrofon takt\u0131\u011f\u0131m\u0131zda kaydedilen sesin bir kanal\u0131 takt\u0131\u011f\u0131m\u0131z mikrofondan gelen sinyal, di\u011feri ise kameran\u0131n \u00fczerindeki mikrofondan gelen sinyal oluyor. Tabii kameran\u0131n \u00fczerindeki mikrofondan gelen ses genelde &#8220;odaks\u0131z&#8221; ve &#8220;g\u00fcr\u00fclt\u00fcl\u00fc&#8221; oldu\u011fu i\u00e7in bir \u00e7uval inciri berbat ediyor.<\/p>\n\n\n\n<p>Kaydedilen ses, profesyonel bir ses edit\u00f6r\u00fc taraf\u0131ndan kullan\u0131lacaksa o zaman asl\u0131nda problem yok. Biz ses profesyonelleri tek bir mikrofon ile kaydedilmi\u015f bir sinyalin mono oldu\u011funu bildi\u011fimiz i\u00e7in bir taraf\u0131 bo\u015f veya &#8220;bozuk&#8221; gelen &#8216;stereo&#8217; kanal\u0131 al\u0131p hemen iki mono dosyaya ay\u0131r\u0131r, mikrofon sinyalini kullan\u0131p di\u011fer mono kanal\u0131 \u00e7\u00f6pe atar\u0131z.<\/p>\n\n\n\n<p>Videocular tek bir mikrofon ile kaydedilmi\u015f sesleri bile &#8216;stereo&#8217; dosya olarak kulland\u0131klar\u0131 i\u00e7in (ki o asl\u0131nda stereo de\u011fil, \u00e7ift kanal mono), yukar\u0131da tarif etti\u011fim gibi bir ses dosyas\u0131 geldi\u011finde ne yapacaklar\u0131n\u0131 \u015fa\u015f\u0131r\u0131yorlar.<\/p>\n\n\n\n<p>Bir de kameran\u0131n YouTube ve benzeri platformlarda canl\u0131 yay\u0131n i\u00e7in kullan\u0131ld\u0131\u011f\u0131 durumlar oluyor. \u0130\u015fte o zaman bu bahsetti\u011fim durum bu sefer (ses profesyonelleri dahil) herkes i\u00e7in ger\u00e7ekten problem oluyor.<\/p>\n\n\n\n<div style=\"height:25px\" aria-hidden=\"true\" class=\"wp-block-spacer\"><\/div>\n\n\n\n<h3>\u00c7\u00f6z\u00fcm<\/h3>\n\n\n\n<p>Peki ne yapaca\u011f\u0131z? Kamerada sadece bir adet mikrofon kullan\u0131yorsak nas\u0131l bir ba\u011flant\u0131 yolu izlemeliyiz? Bunun i\u00e7in nas\u0131l bir ba\u011flant\u0131 eleman\u0131na ya da adapt\u00f6re ihtiya\u00e7 var?<\/p>\n\n\n\n<p>Cevap: Ek hi\u00e7bir ekipmana ya da ba\u011flant\u0131 eleman\u0131na ihtiyac\u0131n\u0131z yok. Bu i\u015fi kameran\u0131n \u00fczerinden yapabilirsiniz.<\/p>\n\n\n\n<p>Kameralar farkl\u0131 oluyor ama genelde mant\u0131k ayn\u0131d\u0131r.<\/p>\n\n\n\n<p><strong>1. Ad\u0131m<\/strong><\/p>\n\n\n\n<p>\u0130lk \u00f6nce mikrofonu Input 1&#8217;e tak\u0131n, sonra kameran\u0131n \u00fcst\u00fcnde bulunan d\u00fc\u011fmelerden Input 1 i\u00e7in harici mikrofon (&#8220;ext&#8221;, &#8220;external mic&#8221; vb.) opsiyonunu se\u00e7in. Ses seviyesi ayar\u0131 i\u00e7in &#8220;Manual&#8221; konumunu se\u00e7menizi tavsiye ederim.<\/p>\n\n\n\n<figure class=\"wp-block-image size-large\"><img loading=\"lazy\" width=\"960\" height=\"1024\" src=\"https:\/\/www.ufukonen.com\/tr\/wp-content\/uploads\/Kamera_Mikrofon_Tek_Kanal_02-960x1024.jpg\" alt=\"\" class=\"wp-image-6429\" srcset=\"https:\/\/www.ufukonen.com\/tr\/wp-content\/uploads\/Kamera_Mikrofon_Tek_Kanal_02-960x1024.jpg 960w, https:\/\/www.ufukonen.com\/tr\/wp-content\/uploads\/Kamera_Mikrofon_Tek_Kanal_02-281x300.jpg 281w, https:\/\/www.ufukonen.com\/tr\/wp-content\/uploads\/Kamera_Mikrofon_Tek_Kanal_02-768x819.jpg 768w, https:\/\/www.ufukonen.com\/tr\/wp-content\/uploads\/Kamera_Mikrofon_Tek_Kanal_02-1140x1216.jpg 1140w, https:\/\/www.ufukonen.com\/tr\/wp-content\/uploads\/Kamera_Mikrofon_Tek_Kanal_02-552x589.jpg 552w, https:\/\/www.ufukonen.com\/tr\/wp-content\/uploads\/Kamera_Mikrofon_Tek_Kanal_02.jpg 1212w\" sizes=\"(max-width: 960px) 100vw, 960px\" \/><\/figure>\n\n\n\n<p><strong>2. Ad\u0131m<\/strong><\/p>\n\n\n\n<p>Kameran\u0131n men\u00fcs\u00fcne girin. Ana men\u00fc i\u00e7inde &#8220;audio&#8221;, &#8220;audio settings&#8221; veya &#8220;audio set&#8221; gibi bir men\u00fc olmas\u0131 laz\u0131m. Bu alt men\u00fcden giri\u015f ayar\u0131n\u0131 se\u00e7in (&#8220;channel input&#8221;, &#8220;input select&#8221;, &#8220;ch input select&#8221; vb.).<\/p>\n\n\n\n<p><strong>3. Ad\u0131m<\/strong><\/p>\n\n\n\n<p>Her iki kanal\u0131n giri\u015fini de Input 1 olarak ayarlay\u0131n.<\/p>\n\n\n\n<figure class=\"wp-block-image size-large\"><img loading=\"lazy\" width=\"1024\" height=\"165\" src=\"https:\/\/www.ufukonen.com\/tr\/wp-content\/uploads\/Kamera_Mikrofon_Tek_Kanal_03-1024x165.png\" alt=\"\" class=\"wp-image-6430\" srcset=\"https:\/\/www.ufukonen.com\/tr\/wp-content\/uploads\/Kamera_Mikrofon_Tek_Kanal_03-1024x165.png 1024w, https:\/\/www.ufukonen.com\/tr\/wp-content\/uploads\/Kamera_Mikrofon_Tek_Kanal_03-300x48.png 300w, https:\/\/www.ufukonen.com\/tr\/wp-content\/uploads\/Kamera_Mikrofon_Tek_Kanal_03-768x124.png 768w, https:\/\/www.ufukonen.com\/tr\/wp-content\/uploads\/Kamera_Mikrofon_Tek_Kanal_03-1536x248.png 1536w, https:\/\/www.ufukonen.com\/tr\/wp-content\/uploads\/Kamera_Mikrofon_Tek_Kanal_03-1140x184.png 1140w, https:\/\/www.ufukonen.com\/tr\/wp-content\/uploads\/Kamera_Mikrofon_Tek_Kanal_03-552x89.png 552w, https:\/\/www.ufukonen.com\/tr\/wp-content\/uploads\/Kamera_Mikrofon_Tek_Kanal_03.png 1700w\" sizes=\"(max-width: 1024px) 100vw, 1024px\" \/><\/figure>\n\n\n\n<h3>\u0130\u015flem Tamam!<\/h3>\n\n\n\n<p>Art\u0131k Input 1&#8217;e tak\u0131l\u0131 olan mikrofonumuzdan gelen ses, &#8216;stereo&#8217; dosya i\u00e7inde hem sa\u011f hem de sol kanallara kaydediliyor olacak.<\/p>\n\n\n\n<div style=\"height:50px\" aria-hidden=\"true\" class=\"wp-block-spacer\"><\/div>\n\n\n\n<p>Teknik terimler i\u00e7in <a href=\"http:\/\/www.ufukonen.com\/tr\/ses-kayit-muzik-teknolojisi-terimler-sozluk.html\">m\u00fczik teknolojisi, m\u00fczik prod\u00fcksiyonu ve ses kay\u0131t terimleri s\u00f6zl\u00fc\u011f\u00fcne<\/a> g\u00f6z atabilirsiniz.<\/p>\n\n\n\n<p>Benzer payla\u015f\u0131mlar i\u00e7in beni <a rel=\"noreferrer noopener\" href=\"https:\/\/www.facebook.com\/ufukonen.skmt\/\" target=\"_blank\">Facebook<\/a>, <a rel=\"noreferrer noopener\" aria-label=\"Instagram (opens in a new tab)\" href=\"https:\/\/www.instagram.com\/ufukonen\/\" target=\"_blank\">Instagram<\/a> ve <a rel=\"noreferrer noopener\" href=\"https:\/\/twitter.com\/UfukOnen\" target=\"_blank\">Twitter<\/a>&#8216;da takip edebilir, haberler i\u00e7in <a rel=\"noreferrer noopener\" href=\"http:\/\/ufukonen.com\/tr\/ses-kayit-muzik-teknolojisi-terimler-sozluk.html\" target=\"_blank\">mesaj listeme \u00fcye olabilirsiniz<\/a>. Te\u015fekk\u00fcrler.<\/p>\n\n\n\n<p>Ba\u015fl\u0131k foto\u011fraf\u0131: <a href=\"https:\/\/pixabay.com\/users\/josepmonter-1007570\/?utm_source=link-attribution&amp;utm_medium=referral&amp;utm_campaign=image&amp;utm_content=1598620\" target=\"_blank\" rel=\"noreferrer noopener\">Josep Monter Martinez<\/a> | <a href=\"https:\/\/pixabay.com\/?utm_source=link-attribution&amp;utm_medium=referral&amp;utm_campaign=image&amp;utm_content=1598620\" target=\"_blank\" rel=\"noreferrer noopener\">Pixabay<\/a><\/p>\n\n\n\n<p>\u00a9 2021 Ufuk \u00d6nen. Her hakk\u0131 sakl\u0131d\u0131r. \u0130zinsiz kullan\u0131lamaz.<\/p>\n","protected":false},"excerpt":{"rendered":"<p class=\"post-excerpt\">&#8220;Kameraya XLR giri\u015fi \u00fczerinden mikrofon ba\u011fl\u0131yorum ama ses sadece tek taraftan geliyor, sesin her iki taraftan da gelmesi i\u00e7in nas\u0131l&#8230;<\/p>\n","protected":false},"author":2,"featured_media":6433,"comment_status":"closed","ping_status":"open","sticky":false,"template":"","format":"standard","meta":{"_mi_skip_tracking":false,"spay_email":"","jetpack_publicize_message":"","jetpack_is_tweetstorm":false,"jetpack_publicize_feature_enabled":true},"categories":[18],"tags":[],"jetpack_featured_media_url":"https:\/\/www.ufukonen.com\/tr\/wp-content\/uploads\/Kamera_Mikrofon_Tek_Kanal_00_Header_v3.jpg","jetpack_publicize_connections":[],"jetpack_shortlink":"https:\/\/wp.me\/p3rjsG-1FE","jetpack_sharing_enabled":true,"jetpack-related-posts":[{"id":4251,"url":"https:\/\/www.ufukonen.com\/tr\/mikrofon-line-seviye-fark.html","url_meta":{"origin":6426,"position":0},"title":"Mikrofon ve Line Seviyeleri Aras\u0131ndaki Fark","date":"October 22, 2018","format":false,"excerpt":"Mikrofon ve line ba\u011flant\u0131lar\u0131 bazen kafa kar\u0131\u015ft\u0131r\u0131c\u0131 olabiliyor. Baz\u0131lar\u0131 bu ba\u011flant\u0131lar\u0131n sadece konnekt\u00f6rlerle ilgili oldu\u011funu san\u0131yor. XLR konnekt\u00f6rlerin sadece mikrofon, 1\/4\" konnekt\u00f6rlerin ise sadece line ba\u011flant\u0131lar i\u00e7in kullan\u0131ld\u0131\u011f\u0131n\u0131 d\u00fc\u015f\u00fcnenleri, hatta mikrofon ve line aras\u0131 ba\u011flant\u0131lar i\u00e7in XLR-1\/4\" \u00e7evirici kablo kullanmaya \u00e7al\u0131\u015fanlar\u0131 bile g\u00f6rd\u00fcm. \u00d6ncelikle hemen belirteyim, \"1\/4\u2033 ve XLR Konnekt\u00f6rler:\u2026","rel":"","context":"In &quot;Ses ve M\u00fczik Teknolojileri&quot;","img":{"alt_text":"","src":"https:\/\/i0.wp.com\/www.ufukonen.com\/tr\/wp-content\/uploads\/Mikrofon_Line_Seviyeleri_Arasindaki_Fark.jpg?resize=350%2C200&ssl=1","width":350,"height":200},"classes":[]},{"id":2634,"url":"https:\/\/www.ufukonen.com\/tr\/mikrofonlama-teknikleri-3-1-kurali.html","url_meta":{"origin":6426,"position":1},"title":"Mikrofonlama Teknikleri &#8211; 3:1 Kural\u0131","date":"August 29, 2016","format":false,"excerpt":"\u00a0 \u0130ki mikrofon ile kay\u0131t yaparken, faz problemlerini en aza indirgemek i\u00e7in iki mikrofon aras\u0131ndaki uzakl\u0131k, mikrofonlar\u0131n ses kaynaklar\u0131na olan uzakl\u0131klar\u0131ndan en az \u00fc\u00e7 kat\u0131 fazla olmal\u0131d\u0131r. Bu, 3:1 kural\u0131 olarak adland\u0131r\u0131lmaktad\u0131r. \u00d6rnek olarak birinci enstr\u00fcman\u0131n 20 cm uza\u011f\u0131nda bir mikrofon, ikinci enstr\u00fcman\u0131n ise yine 20 cm uza\u011f\u0131nda olmak \u00fczere\u2026","rel":"","context":"In &quot;M\u00fczik Prod\u00fcksiyonu&quot;","img":{"alt_text":"","src":"https:\/\/i0.wp.com\/www.ufukonen.com\/tr\/wp-content\/uploads\/microphone_charcoal_s.jpg?resize=350%2C200&ssl=1","width":350,"height":200},"classes":[]},{"id":4032,"url":"https:\/\/www.ufukonen.com\/tr\/decca-tree.html","url_meta":{"origin":6426,"position":2},"title":"Decca Tree Stereo Mikrofonlama Tekni\u011fi","date":"July 16, 2018","format":false,"excerpt":"\u0130ki mikrofonun aralar\u0131nda belli bir mesafe b\u0131rak\u0131larak ses kayna\u011f\u0131n\u0131n \u00f6n\u00fcne yerle\u015ftirildi\u011fi stereo mikrofonlama tekni\u011fine AB veya 'spaced pair' ad\u0131 verilir. Spaced pair, T\u00fcrk\u00e7ede aralar\u0131nda mesafe olan \u00e7ift anlam\u0131na gelmektedir. Bu isim, bu teknikte iki mikrofonun birbirleri aras\u0131nda mesafe bulunmas\u0131 sebebi ile verilmi\u015ftir. Mikrofonlar\u0131n birbirlerine olan uzakl\u0131\u011f\u0131 kaydedilen ses kayna\u011f\u0131na ve\u2026","rel":"","context":"In &quot;M\u00fczik Prod\u00fcksiyonu&quot;","img":{"alt_text":"","src":"https:\/\/i0.wp.com\/www.ufukonen.com\/tr\/wp-content\/uploads\/decca_tree_io-vector_deccatree_1280x720.jpg?resize=350%2C200&ssl=1","width":350,"height":200},"classes":[]},{"id":6245,"url":"https:\/\/www.ufukonen.com\/tr\/cloudlifter-dinamik-ribbon-mikrofon.html","url_meta":{"origin":6426,"position":3},"title":"Cloudlifter: Dinamik ve Ribbon Mikrofonlar i\u00e7in 25 dB Kazan\u00e7!","date":"December 14, 2020","format":false,"excerpt":"Ses kart\u0131n\u0131z\u0131n giri\u015fine bir dinamik veya ribbon mikrofon takt\u0131n\u0131z. DAW i\u00e7inde bir kanal a\u00e7\u0131p kayda haz\u0131r hale getirdiniz. Sinyali kontrol etti\u011finizde seviyenin \u00e7ok d\u00fc\u015f\u00fck oldu\u011funu g\u00f6rd\u00fcn\u00fcz. Ses kart\u0131n\u0131n \u00fczerindeki gain kontrol\u00fcn\u00fc daha y\u00fcksek bir de\u011fere getirdiniz. Seviye hala d\u00fc\u015f\u00fck! Gain ayar\u0131n\u0131 biraz daha y\u00fckselttiniz\u2026 Biraz daha\u2026 Gain neredeyse son noktada\u2026","rel":"","context":"In &quot;Ses ve M\u00fczik Teknolojileri&quot;","img":{"alt_text":"","src":"https:\/\/i0.wp.com\/www.ufukonen.com\/tr\/wp-content\/uploads\/Cloudlifter_00_Header.jpg?resize=350%2C200&ssl=1","width":350,"height":200},"classes":[]},{"id":3955,"url":"https:\/\/www.ufukonen.com\/tr\/bruce-swedien-ile-vokal-kaydi-uzerine.html","url_meta":{"origin":6426,"position":4},"title":"Bruce Swedien ile Vokal Kayd\u0131 \u00dczerine","date":"June 4, 2018","format":false,"excerpt":"Bruce Swedien denince ilk akla gelen Michael Jackson'\u0131n Thriller alb\u00fcm\u00fc oluyor ama Swedien'\u0131n kariyeri asl\u0131nda daha bir\u00e7ok ba\u015far\u0131 ile dolu. Swedien, ses kay\u0131t ve miks m\u00fchendisi olarak Quincy Jones, Paul McCartney, Count Basie, Duke Ellington, Santana, Jennifer Lopez gibi sanat\u00e7\u0131larla \u00e7al\u0131\u015fm\u0131\u015f. On \u00fc\u00e7 defa Grammy \u00f6d\u00fcl\u00fcne aday g\u00f6sterilmi\u015f, be\u015fini kazanm\u0131\u015f.\u2026","rel":"","context":"In &quot;M\u00fczik Prod\u00fcksiyonu&quot;","img":{"alt_text":"","src":"https:\/\/i0.wp.com\/www.ufukonen.com\/tr\/wp-content\/uploads\/BruceSwedien_PhotoCredit_MrBonzai_1280x720.jpg?resize=350%2C200&ssl=1","width":350,"height":200},"classes":[]},{"id":7152,"url":"https:\/\/www.ufukonen.com\/tr\/ilk-mikrofonunu-alacaklar-tavsiye.html","url_meta":{"origin":6426,"position":5},"title":"\u0130lk Mikrofonunu Alacaklar \u0130\u00e7in Tavsiye","date":"January 17, 2022","format":false,"excerpt":"\"\u0130lk mikrofonumu alaca\u011f\u0131m, ne tavsiye edersiniz?\" \"Mikrofon al\u0131rken hangi \u00f6zelliklere dikkat etmeliyim?\" \"Bu i\u015fe yeni ba\u015fl\u0131yorum, nas\u0131l bir mikrofon almal\u0131y\u0131m?\" Bug\u00fcne kadar bir\u00e7ok ki\u015fi e-posta ve sosyal medya arac\u0131l\u0131\u011f\u0131 ile ya da y\u00fcz y\u00fcze g\u00f6r\u00fc\u015ft\u00fc\u011f\u00fcm\u00fczde s\u00f6zl\u00fc olarak bana bu sorular\u0131 sordular. \u0130lk mikrofonunu alacaklara bug\u00fcne kadar gerek yaz\u0131l\u0131 gerek s\u00f6zl\u00fc\u2026","rel":"","context":"In &quot;Ses ve M\u00fczik Teknolojileri&quot;","img":{"alt_text":"","src":"https:\/\/i0.wp.com\/www.ufukonen.com\/tr\/wp-content\/uploads\/Ilk_Mikrofon_00_Header.jpg?resize=350%2C200&ssl=1","width":350,"height":200},"classes":[]}],"_links":{"self":[{"href":"https:\/\/www.ufukonen.com\/tr\/wp-json\/wp\/v2\/posts\/6426"}],"collection":[{"href":"https:\/\/www.ufukonen.com\/tr\/wp-json\/wp\/v2\/posts"}],"about":[{"href":"https:\/\/www.ufukonen.com\/tr\/wp-json\/wp\/v2\/types\/post"}],"author":[{"embeddable":true,"href":"https:\/\/www.ufukonen.com\/tr\/wp-json\/wp\/v2\/users\/2"}],"replies":[{"embeddable":true,"href":"https:\/\/www.ufukonen.com\/tr\/wp-json\/wp\/v2\/comments?post=6426"}],"version-history":[{"count":4,"href":"https:\/\/www.ufukonen.com\/tr\/wp-json\/wp\/v2\/posts\/6426\/revisions"}],"predecessor-version":[{"id":6434,"href":"https:\/\/www.ufukonen.com\/tr\/wp-json\/wp\/v2\/posts\/6426\/revisions\/6434"}],"wp:featuredmedia":[{"embeddable":true,"href":"https:\/\/www.ufukonen.com\/tr\/wp-json\/wp\/v2\/media\/6433"}],"wp:attachment":[{"href":"https:\/\/www.ufukonen.com\/tr\/wp-json\/wp\/v2\/media?parent=6426"}],"wp:term":[{"taxonomy":"category","embeddable":true,"href":"https:\/\/www.ufukonen.com\/tr\/wp-json\/wp\/v2\/categories?post=6426"},{"taxonomy":"post_tag","embeddable":true,"href":"https:\/\/www.ufukonen.com\/tr\/wp-json\/wp\/v2\/tags?post=6426"}],"curies":[{"name":"wp","href":"https:\/\/api.w.org\/{rel}","templated":true}]}}