{"id":6435,"date":"2021-03-08T01:00:00","date_gmt":"2021-03-07T22:00:00","guid":{"rendered":"https:\/\/www.ufukonen.com\/tr\/?p=6435"},"modified":"2021-03-29T00:48:20","modified_gmt":"2021-03-28T21:48:20","slug":"cift-reverb-kullanimi","status":"publish","type":"post","link":"https:\/\/www.ufukonen.com\/tr\/cift-reverb-kullanimi.html","title":{"rendered":"\u00c7ift Reverb Kullan\u0131m\u0131: Bir T\u00fcyo"},"content":{"rendered":"\n<p>Bu yaz\u0131mda sizlerle \u00e7ift reverb kullan\u0131m\u0131 ile ilgili bir t\u00fcyo payla\u015fmak istiyorum. Bu, daha \u00e7ok hem d\u00fczenleme hem de tempo a\u00e7\u0131s\u0131ndan bo\u015f alan bulunan par\u00e7alarda kullan\u0131labilecek bir t\u00fcyo.<\/p>\n\n\n\n<p>Herhangi bir sese stereo reverb ekledi\u011fimizde geni\u015f bir etki elde ediyoruz. A\u015fa\u011f\u0131daki \u00f6rnekte trampete Pro Tools&#8217;un stok plug-in&#8217;i D-Verb ile reverb ekledim. Sinyali trampet kanal\u0131ndan reverb kanal\u0131na send y\u00f6ntemi ile g\u00f6nderdim. Ayarlar ekran g\u00f6r\u00fcnt\u00fcs\u00fcnde g\u00f6r\u00fcld\u00fc\u011f\u00fc gibi. Reverb (decay) s\u00fcresi 5.3 saniye.<\/p>\n\n\n\n<figure class=\"wp-block-image size-large\"><img loading=\"lazy\" width=\"908\" height=\"748\" src=\"https:\/\/www.ufukonen.com\/tr\/wp-content\/uploads\/Cift_Reverb_Kullanimi_Bir_Tuyo_01.jpg\" alt=\"\" class=\"wp-image-6437\" srcset=\"https:\/\/www.ufukonen.com\/tr\/wp-content\/uploads\/Cift_Reverb_Kullanimi_Bir_Tuyo_01.jpg 908w, https:\/\/www.ufukonen.com\/tr\/wp-content\/uploads\/Cift_Reverb_Kullanimi_Bir_Tuyo_01-300x247.jpg 300w, https:\/\/www.ufukonen.com\/tr\/wp-content\/uploads\/Cift_Reverb_Kullanimi_Bir_Tuyo_01-768x633.jpg 768w, https:\/\/www.ufukonen.com\/tr\/wp-content\/uploads\/Cift_Reverb_Kullanimi_Bir_Tuyo_01-552x455.jpg 552w\" sizes=\"(max-width: 908px) 100vw, 908px\" \/><\/figure>\n\n\n\n<p>Sonucu ses dosyas\u0131n\u0131n \u00fczerine t\u0131klayarak dinleyebilirsiniz.<\/p>\n\n\n\n<figure class=\"wp-block-audio\"><audio controls src=\"https:\/\/www.ufukonen.com\/tr\/wp-content\/uploads\/Cift_Reverb_1_Stereo.mp3\"><\/audio><\/figure>\n\n\n\n<div style=\"height:25px\" aria-hidden=\"true\" class=\"wp-block-spacer\"><\/div>\n\n\n\n<p>\u015eimdi basit bir y\u00f6ntem ile stereo ama reverb s\u00fcresi ilerledik\u00e7e gittik\u00e7e daralan, monoya d\u00f6nen bir reverb efekti olu\u015fturaca\u011f\u0131m.<\/p>\n\n\n\n<p>\u0130lk ad\u0131m olarak reverb s\u00fcresini k\u0131saltmakla ba\u015flad\u0131m. Ekran g\u00f6r\u00fcnt\u00fcs\u00fcnde de g\u00f6rebilece\u011finiz gibi reverb s\u00fcresini 2.6 saniyeye d\u00fc\u015f\u00fcrd\u00fcm.<\/p>\n\n\n\n<figure class=\"wp-block-image size-large\"><img loading=\"lazy\" width=\"908\" height=\"748\" src=\"https:\/\/www.ufukonen.com\/tr\/wp-content\/uploads\/Cift_Reverb_Kullanimi_Bir_Tuyo_02.jpg\" alt=\"\" class=\"wp-image-6439\" srcset=\"https:\/\/www.ufukonen.com\/tr\/wp-content\/uploads\/Cift_Reverb_Kullanimi_Bir_Tuyo_02.jpg 908w, https:\/\/www.ufukonen.com\/tr\/wp-content\/uploads\/Cift_Reverb_Kullanimi_Bir_Tuyo_02-300x247.jpg 300w, https:\/\/www.ufukonen.com\/tr\/wp-content\/uploads\/Cift_Reverb_Kullanimi_Bir_Tuyo_02-768x633.jpg 768w, https:\/\/www.ufukonen.com\/tr\/wp-content\/uploads\/Cift_Reverb_Kullanimi_Bir_Tuyo_02-552x455.jpg 552w\" sizes=\"(max-width: 908px) 100vw, 908px\" \/><\/figure>\n\n\n\n<div style=\"height:25px\" aria-hidden=\"true\" class=\"wp-block-spacer\"><\/div>\n\n\n\n<p>Bir sonraki ad\u0131m olarak ikinci bir D-Verb plug-in&#8217;i a\u00e7t\u0131m. Burada dikkat edilmesi gerken \u00f6nemli bir nokta var: ikinci a\u00e7t\u0131\u011f\u0131m bu reverb stereo de\u011fil, mono! Bu mono reverb&#8217;\u00fcn ayarlar\u0131 decay time hari\u00e7 stereo reverb ile ayn\u0131. Mono olan\u0131n reverb s\u00fcresi 5.3 saniye.<\/p>\n\n\n\n<figure class=\"wp-block-image size-large\"><img loading=\"lazy\" width=\"908\" height=\"748\" src=\"https:\/\/www.ufukonen.com\/tr\/wp-content\/uploads\/Cift_Reverb_Kullanimi_Bir_Tuyo_03.jpg\" alt=\"\" class=\"wp-image-6440\" srcset=\"https:\/\/www.ufukonen.com\/tr\/wp-content\/uploads\/Cift_Reverb_Kullanimi_Bir_Tuyo_03.jpg 908w, https:\/\/www.ufukonen.com\/tr\/wp-content\/uploads\/Cift_Reverb_Kullanimi_Bir_Tuyo_03-300x247.jpg 300w, https:\/\/www.ufukonen.com\/tr\/wp-content\/uploads\/Cift_Reverb_Kullanimi_Bir_Tuyo_03-768x633.jpg 768w, https:\/\/www.ufukonen.com\/tr\/wp-content\/uploads\/Cift_Reverb_Kullanimi_Bir_Tuyo_03-552x455.jpg 552w\" sizes=\"(max-width: 908px) 100vw, 908px\" \/><\/figure>\n\n\n\n<p>Sonu\u00e7 olarak iki reverb a\u00e7m\u0131\u015f olduk:<\/p>\n\n\n\n<ol><li>Stereo reverb &#8211; 2.6 saniye<\/li><li>Mono reverb &#8211; 5.3 saniye<\/li><\/ol>\n\n\n\n<p>Trampeti ayn\u0131 anda her ikisine birden g\u00f6nderdi\u011fimizde stereo geni\u015fli\u011fe sahip ancak uzad\u0131k\u00e7a daralan, orta noktaya do\u011fru kaybolan bir reverb elde ediyoruz.<\/p>\n\n\n\n<p>Sonucu a\u015fa\u011f\u0131daki ses dosyas\u0131n\u0131n \u00fczerine t\u0131klayarak dinleyebilirsiniz.<\/p>\n\n\n\n<figure class=\"wp-block-audio\"><audio controls src=\"https:\/\/www.ufukonen.com\/tr\/wp-content\/uploads\/Cift_Reverb_2_MonoStereo.mp3\"><\/audio><\/figure>\n\n\n\n<div style=\"height:25px\" aria-hidden=\"true\" class=\"wp-block-spacer\"><\/div>\n\n\n\n<p>Yaz\u0131n\u0131n ba\u015f\u0131nda payla\u015ft\u0131\u011f\u0131m &#8220;normal&#8221; ya da &#8220;standart&#8221; stereo reverb ile uzad\u0131k\u00e7a daralan stereo reverb aras\u0131nda olduk\u00e7a b\u00fcy\u00fck bir fark var. Bu, her zaman uygulanabilecek bir teknik de\u011fil ama yeri gelip kullan\u0131ld\u0131\u011f\u0131nda ger\u00e7ekten etkili sonu\u00e7lar veriyor. Akl\u0131n\u0131zda bulunsun.<\/p>\n\n\n\n<div style=\"height:50px\" aria-hidden=\"true\" class=\"wp-block-spacer\"><\/div>\n\n\n\n<p>Teknik terimler i\u00e7in <a href=\"http:\/\/www.ufukonen.com\/tr\/ses-kayit-muzik-teknolojisi-terimler-sozluk.html\">m\u00fczik teknolojisi, m\u00fczik prod\u00fcksiyonu ve ses kay\u0131t terimleri s\u00f6zl\u00fc\u011f\u00fcne<\/a> g\u00f6z atabilirsiniz.<\/p>\n\n\n\n<p>Benzer payla\u015f\u0131mlar i\u00e7in beni <a rel=\"noreferrer noopener\" href=\"https:\/\/www.facebook.com\/ufukonen.skmt\/\" target=\"_blank\">Facebook<\/a>, <a rel=\"noreferrer noopener\" aria-label=\"Instagram (opens in a new tab)\" href=\"https:\/\/www.instagram.com\/ufukonen\/\" target=\"_blank\">Instagram<\/a> ve <a rel=\"noreferrer noopener\" href=\"https:\/\/twitter.com\/UfukOnen\" target=\"_blank\">Twitter<\/a>&#8216;da takip edebilir, haberler i\u00e7in <a rel=\"noreferrer noopener\" href=\"http:\/\/ufukonen.com\/tr\/ses-kayit-muzik-teknolojisi-terimler-sozluk.html\" target=\"_blank\">mesaj listeme \u00fcye olabilirsiniz<\/a>. Te\u015fekk\u00fcrler.<\/p>\n\n\n\n<p>Ba\u015fl\u0131k foto\u011fraf\u0131: <a href=\"https:\/\/unsplash.com\/@gritte?utm_source=unsplash&amp;utm_medium=referral&amp;utm_content=creditCopyText\" target=\"_blank\" rel=\"noreferrer noopener\">Gritte<\/a> | <a href=\"https:\/\/unsplash.com\/?utm_source=unsplash&amp;utm_medium=referral&amp;utm_content=creditCopyText\" target=\"_blank\" rel=\"noreferrer noopener\">Unsplash<\/a><\/p>\n\n\n\n<p>\u00a9 2021 Ufuk \u00d6nen. Her hakk\u0131 sakl\u0131d\u0131r. \u0130zinsiz kullan\u0131lamaz.<\/p>\n","protected":false},"excerpt":{"rendered":"<p class=\"post-excerpt\">Bu yaz\u0131mda sizlerle \u00e7ift reverb kullan\u0131m\u0131 ile ilgili bir t\u00fcyo payla\u015fmak istiyorum. Bu, daha \u00e7ok hem d\u00fczenleme hem de tempo&#8230;<\/p>\n","protected":false},"author":2,"featured_media":6444,"comment_status":"closed","ping_status":"open","sticky":false,"template":"","format":"standard","meta":{"_mi_skip_tracking":false,"spay_email":"","jetpack_publicize_message":"","jetpack_is_tweetstorm":false,"jetpack_publicize_feature_enabled":true},"categories":[16],"tags":[],"jetpack_featured_media_url":"https:\/\/www.ufukonen.com\/tr\/wp-content\/uploads\/Cift_Reverb_Kullanimi_Bir_Tuyo_00_Header.jpg","jetpack_publicize_connections":[],"jetpack_shortlink":"https:\/\/wp.me\/p3rjsG-1FN","jetpack_sharing_enabled":true,"jetpack-related-posts":[{"id":6157,"url":"https:\/\/www.ufukonen.com\/tr\/trampet-reverb-bir-tuyo.html","url_meta":{"origin":6435,"position":0},"title":"Trampet ve Reverb: Bir T\u00fcyo","date":"November 2, 2020","format":false,"excerpt":"Bir\u00e7ok mikste en y\u00fcksek seviyeli \u00f6gelerden biri trampet oluyor. Kendi seviyesi oldu\u011fu kadar reverb seviyesi de olduk\u00e7a y\u00fcksek oluyor. Bu durumda trampet i\u00e7in kulland\u0131\u011f\u0131n\u0131z reverb'\u00fcn miksi \u00e7amurlu bir hale getirmesini ve kar\u0131\u015f\u0131kl\u0131\u011fa yol a\u00e7mas\u0131n\u0131 \u00f6nlemek \u00e7ok \u00f6nemli bir hale geliyor. Bu noktada kulland\u0131\u011f\u0131n\u0131z reverb program\u0131n\u0131n reverb s\u00fcresi (reverb time) devreye\u2026","rel":"","context":"In &quot;M\u00fczik Prod\u00fcksiyonu&quot;","img":{"alt_text":"","src":"https:\/\/i0.wp.com\/www.ufukonen.com\/tr\/wp-content\/uploads\/Trampet_Reverb_Bir_Tuyo_0_Header.jpg?resize=350%2C200&ssl=1","width":350,"height":200},"classes":[]},{"id":7435,"url":"https:\/\/www.ufukonen.com\/tr\/kuru-efektli-sinyal-kontrast-reverb-tuyo.html","url_meta":{"origin":6435,"position":1},"title":"Kuru ve Efektli Sinyal Aras\u0131nda Kontrast Yaratmak \u0130\u00e7in Bir Reverb T\u00fcyosu","date":"June 20, 2022","format":false,"excerpt":"Bu yaz\u0131mda uygulamas\u0131 \u00e7ok basit ama do\u011fru yerde kullan\u0131ld\u0131\u011f\u0131nda olduk\u00e7a etkili olan bir reverb t\u00fcyosu payla\u015fmak istiyorum. Laf\u0131 uzatmadan hemen t\u00fcyoya ge\u00e7eyim. Reverb kanal\u0131nda pitch shifter kullan\u0131n! Evet, t\u00fcyo bu kadar basit. Reverb plug-in'ini insert etti\u011finiz aux ya da efekt kanal\u0131 \u00fczerine reverb'den \u00f6nce bir pitch shifter plug-in'i insert edin.\u2026","rel":"","context":"In &quot;M\u00fczik Prod\u00fcksiyonu&quot;","img":{"alt_text":"","src":"https:\/\/i0.wp.com\/www.ufukonen.com\/tr\/wp-content\/uploads\/Kuru_Efekt_Kontrast_Reverb_00_Header.jpg?resize=350%2C200&ssl=1","width":350,"height":200},"classes":[]},{"id":4913,"url":"https:\/\/www.ufukonen.com\/tr\/reverb-delay-birlikte-kullanirken.html","url_meta":{"origin":6435,"position":2},"title":"Reverb ve Delay Efektlerini Birlikte Kullan\u0131rken&#8230;","date":"July 15, 2019","format":false,"excerpt":"Reverb ve delay, m\u00fczik prod\u00fcksiyonunda s\u00fcrekli kulland\u0131\u011f\u0131m\u0131z iki efekt. Yerine g\u00f6re, baz\u0131 enstr\u00fcmanlar i\u00e7in sadece reverb, baz\u0131 enstr\u00fcmanlar i\u00e7in sadece delay, di\u011ferleri i\u00e7in ise ayn\u0131 anda hem reverb hem de delay kullan\u0131yoruz. Reverb ve delay'i birlikte kullan\u0131rken tercih etti\u011fimiz sinyal ak\u0131\u015f\u0131n\u0131n ald\u0131\u011f\u0131m\u0131z sonu\u00e7 \u00fczerinde bir etkisi oluyor. Bu etki bazen\u2026","rel":"","context":"In &quot;M\u00fczik Prod\u00fcksiyonu&quot;","img":{"alt_text":"","src":"https:\/\/i0.wp.com\/www.ufukonen.com\/tr\/wp-content\/uploads\/Reverb_Delay_Birlikte_Kullanirken_1280x720.jpg?resize=350%2C200&ssl=1","width":350,"height":200},"classes":[]},{"id":5129,"url":"https:\/\/www.ufukonen.com\/tr\/eq-kullanimi-birkac-tavsiye-2.html","url_meta":{"origin":6435,"position":3},"title":"EQ Kullan\u0131m\u0131: Birka\u00e7 Tavsiye (2. B\u00f6l\u00fcm)","date":"October 21, 2019","format":false,"excerpt":"Ge\u00e7ti\u011fimiz y\u0131l yay\u0131mlad\u0131\u011f\u0131m \"EQ Kullan\u0131m\u0131: Birka\u00e7 Tavsiye\" ba\u015fl\u0131kl\u0131 yaz\u0131 baya\u011f\u0131 bir ilgi g\u00f6rd\u00fc. Ard\u0131ndan EQ ile ilgili \u00e7e\u015fitli sorular geldi. Ben de o sorular\u0131 da g\u00f6z \u00f6n\u00fcne alarak bu ba\u015fl\u0131\u011f\u0131 bir yaz\u0131 dizisine \u00e7evirme karar\u0131 ald\u0131m. Birinci b\u00f6l\u00fcm\u00fc okumad\u0131ysan\u0131z yaz\u0131ya bu linkten ula\u015fabilirsiniz. \u00dc\u00e7\u00fcnc\u00fc b\u00f6l\u00fcm i\u00e7in buraya t\u0131klay\u0131n\u0131z. Monit\u00f6r Seviyeleri\u2026","rel":"","context":"In &quot;M\u00fczik Prod\u00fcksiyonu&quot;","img":{"alt_text":"","src":"https:\/\/i0.wp.com\/www.ufukonen.com\/tr\/wp-content\/uploads\/EQ_Kullanimi_Birkac_Tavsiye_1080.jpg?resize=350%2C200&ssl=1","width":350,"height":200},"classes":[]},{"id":6447,"url":"https:\/\/www.ufukonen.com\/tr\/vokal-miksi-rehber-2.html","url_meta":{"origin":6435,"position":4},"title":"Vokal Miksi i\u00e7in Mini Rehber (2. B\u00f6l\u00fcm)","date":"March 22, 2021","format":false,"excerpt":"Bu yaz\u0131mda vokal miksi i\u00e7in kullanabilece\u011finiz sekiz ba\u015fl\u0131ktan olu\u015fan bir mini rehber haz\u0131rlad\u0131m. Her ba\u015fl\u0131\u011f\u0131n alt\u0131nda ilgili yaz\u0131lar\u0131n linklerini ekledim. \u0130lk olarak 22 Mart 2021'de yay\u0131nlanm\u0131\u015f olan bu mini rehber, 8 A\u011fustos 2022, 28 Kas\u0131m 2022, 20 Mart 2023 ve 7 A\u011fustos 2025 tarihlerinde g\u00fcncellenmi\u015ftir. Filtre ve EQKompres\u00f6rEQDe-esserSidechain Kompres\u00f6r Kullan\u0131m\u0131Saturation,\u2026","rel":"","context":"In &quot;M\u00fczik Prod\u00fcksiyonu&quot;","img":{"alt_text":"","src":"https:\/\/i0.wp.com\/www.ufukonen.com\/tr\/wp-content\/uploads\/Vokal_Miksi_Mini_Rehber_00_Header.jpg?resize=350%2C200&ssl=1","width":350,"height":200},"classes":[]},{"id":3637,"url":"https:\/\/www.ufukonen.com\/tr\/muzik-produksiyonlarinda-reverb-kullanimi.html","url_meta":{"origin":6435,"position":5},"title":"M\u00fczik Prod\u00fcksiyonlar\u0131nda Reverb Kullan\u0131m\u0131","date":"January 22, 2018","format":false,"excerpt":"\u00a0 M\u00fczik prod\u00fcksiyonlarda reverb kullan\u0131m\u0131n\u0131 be\u015f farkl\u0131 ama\u00e7 alt\u0131nda ele alabiliriz. \u00a0 1- Kay\u0131tl\u0131 sesi belirli bir akustik ortamdaym\u0131\u015f gibi duyurmak amac\u0131yla. Kay\u0131t yaparken enstr\u00fcman\u0131n veya ses kayna\u011f\u0131n\u0131n bulundu\u011fu mekan\u0131n akusti\u011fi yeteri kadar iyi olmayabilir veya akustik, hedeflenen ses i\u00e7in uygun olmayabilir. Bu sebeplerden dolay\u0131 miks s\u0131ras\u0131nda mekan akusti\u011fi, reverb\u2026","rel":"","context":"In &quot;M\u00fczik Prod\u00fcksiyonu&quot;","img":{"alt_text":"","src":"https:\/\/i0.wp.com\/www.ufukonen.com\/tr\/wp-content\/uploads\/Muzik_Produksiyonlarinda_Reverb.jpg?resize=350%2C200&ssl=1","width":350,"height":200},"classes":[]}],"_links":{"self":[{"href":"https:\/\/www.ufukonen.com\/tr\/wp-json\/wp\/v2\/posts\/6435"}],"collection":[{"href":"https:\/\/www.ufukonen.com\/tr\/wp-json\/wp\/v2\/posts"}],"about":[{"href":"https:\/\/www.ufukonen.com\/tr\/wp-json\/wp\/v2\/types\/post"}],"author":[{"embeddable":true,"href":"https:\/\/www.ufukonen.com\/tr\/wp-json\/wp\/v2\/users\/2"}],"replies":[{"embeddable":true,"href":"https:\/\/www.ufukonen.com\/tr\/wp-json\/wp\/v2\/comments?post=6435"}],"version-history":[{"count":4,"href":"https:\/\/www.ufukonen.com\/tr\/wp-json\/wp\/v2\/posts\/6435\/revisions"}],"predecessor-version":[{"id":6477,"href":"https:\/\/www.ufukonen.com\/tr\/wp-json\/wp\/v2\/posts\/6435\/revisions\/6477"}],"wp:featuredmedia":[{"embeddable":true,"href":"https:\/\/www.ufukonen.com\/tr\/wp-json\/wp\/v2\/media\/6444"}],"wp:attachment":[{"href":"https:\/\/www.ufukonen.com\/tr\/wp-json\/wp\/v2\/media?parent=6435"}],"wp:term":[{"taxonomy":"category","embeddable":true,"href":"https:\/\/www.ufukonen.com\/tr\/wp-json\/wp\/v2\/categories?post=6435"},{"taxonomy":"post_tag","embeddable":true,"href":"https:\/\/www.ufukonen.com\/tr\/wp-json\/wp\/v2\/tags?post=6435"}],"curies":[{"name":"wp","href":"https:\/\/api.w.org\/{rel}","templated":true}]}}