{"id":6445,"date":"2021-03-15T01:00:00","date_gmt":"2021-03-14T22:00:00","guid":{"rendered":"https:\/\/www.ufukonen.com\/tr\/?p=6445"},"modified":"2025-08-07T15:19:29","modified_gmt":"2025-08-07T12:19:29","slug":"vokal-miksi-rehber-1","status":"publish","type":"post","link":"https:\/\/www.ufukonen.com\/tr\/vokal-miksi-rehber-1.html","title":{"rendered":"Vokal Miksi i\u00e7in Mini Rehber (1. B\u00f6l\u00fcm)"},"content":{"rendered":"\n<p>Bu yaz\u0131mda vokal miksi i\u00e7in kullanabilece\u011finiz sekiz ba\u015fl\u0131ktan olu\u015fan bir mini rehber haz\u0131rlad\u0131m. Her ba\u015fl\u0131\u011f\u0131n alt\u0131nda ilgili yaz\u0131lar\u0131n linklerini ekledim.<\/p>\n\n\n\n<p>\u0130lk olarak 22 Mart 2021&#8217;de yay\u0131nlanm\u0131\u015f olan bu mini rehber, 8 A\u011fustos 2022, 28 Kas\u0131m 2022, 20 Mart 2023 ve 7 A\u011fustos 2025 tarihlerinde g\u00fcncellenmi\u015ftir.<\/p>\n\n\n\n<ol><li>Filtre ve EQ<\/li><li>Kompres\u00f6r<\/li><li>EQ<\/li><li>De-esser<\/li><li>Sidechain Kompres\u00f6r Kullan\u0131m\u0131<\/li><li>Saturation, Distortion ve Di\u011fer Efektler<\/li><li>Paralel \u0130\u015flemciler ve \u0130\u015flemler<\/li><li>Reverb ve Delay<\/li><\/ol>\n\n\n\n<p>Ba\u015fl\u0131yoruz\u2026<\/p>\n\n\n\n<div style=\"height:25px\" aria-hidden=\"true\" class=\"wp-block-spacer\"><\/div>\n\n\n\n<h3>1. Filtre ve EQ<\/h3>\n\n\n\n<p>\u0130lk olarak, ihtiya\u00e7 duymad\u0131\u011f\u0131m\u0131z veya faydas\u0131ndan \u00e7ok zarar\u0131 olan frekanslardan kurtularak ba\u015flayabiliriz. Kayda ve soliste ba\u011fl\u0131 olarak 50 ile 100 Hz aras\u0131nda bir nokta belirleyip, bu nokta alt\u0131nda kalan frekanslar\u0131 low cut filtre ile kesebiliriz.<\/p>\n\n\n\n<p>Daha sonra sinyaldeki problemli frekanslar\u0131 tespit edip, bir parametrik EQ ile seviyelerini azaltabiliriz. Bu i\u015flem i\u00e7in sweeping tekni\u011fini kullanabiliriz.<\/p>\n\n\n\n<figure class=\"wp-block-image size-large\"><a href=\"https:\/\/www.ufukonen.com\/tr\/eq-sweeping.html\" target=\"_blank\" rel=\"noopener noreferrer\"><img loading=\"lazy\" width=\"1024\" height=\"640\" src=\"https:\/\/www.ufukonen.com\/tr\/wp-content\/uploads\/EQ_Kullaniminda_Sweeping_Teknigi-1024x640.jpg\" alt=\"\" class=\"wp-image-2191\" srcset=\"https:\/\/www.ufukonen.com\/tr\/wp-content\/uploads\/EQ_Kullaniminda_Sweeping_Teknigi-1024x640.jpg 1024w, https:\/\/www.ufukonen.com\/tr\/wp-content\/uploads\/EQ_Kullaniminda_Sweeping_Teknigi-300x188.jpg 300w, https:\/\/www.ufukonen.com\/tr\/wp-content\/uploads\/EQ_Kullaniminda_Sweeping_Teknigi.jpg 1280w\" sizes=\"(max-width: 1024px) 100vw, 1024px\" \/><\/a><figcaption>Video: <a rel=\"noreferrer noopener\" href=\"https:\/\/www.ufukonen.com\/tr\/eq-sweeping.html\" target=\"_blank\">EQ Kullan\u0131m\u0131nda Sweeping Tekni\u011fi<\/a><\/figcaption><\/figure>\n\n\n\n<div style=\"height:20px\" aria-hidden=\"true\" class=\"wp-block-spacer\"><\/div>\n\n\n\n<p>Unutmay\u0131n, parametrik EQ ile \u00e7al\u0131\u015f\u0131rken, keserken ve azalt\u0131rken (cut) y\u00fcksek Q de\u011feri, a\u00e7arken (boost) ise d\u00fc\u015f\u00fck Q de\u011feri genelde daha iyi sonu\u00e7 verir.<\/p>\n\n\n\n<figure class=\"wp-block-image size-large\"><a href=\"https:\/\/www.ufukonen.com\/tr\/eq-bandwidth-q-parametreleri.html\" target=\"_blank\" rel=\"noopener noreferrer\"><img loading=\"lazy\" width=\"1024\" height=\"576\" src=\"https:\/\/www.ufukonen.com\/tr\/wp-content\/uploads\/EQ_Bandwidth_Q_-_FabFilter_ProQ3_MOD-3-1024x576.jpg\" alt=\"\" class=\"wp-image-5489\" srcset=\"https:\/\/www.ufukonen.com\/tr\/wp-content\/uploads\/EQ_Bandwidth_Q_-_FabFilter_ProQ3_MOD-3-1024x576.jpg 1024w, https:\/\/www.ufukonen.com\/tr\/wp-content\/uploads\/EQ_Bandwidth_Q_-_FabFilter_ProQ3_MOD-3-300x169.jpg 300w, https:\/\/www.ufukonen.com\/tr\/wp-content\/uploads\/EQ_Bandwidth_Q_-_FabFilter_ProQ3_MOD-3-768x432.jpg 768w, https:\/\/www.ufukonen.com\/tr\/wp-content\/uploads\/EQ_Bandwidth_Q_-_FabFilter_ProQ3_MOD-3-1536x864.jpg 1536w, https:\/\/www.ufukonen.com\/tr\/wp-content\/uploads\/EQ_Bandwidth_Q_-_FabFilter_ProQ3_MOD-3.jpg 1920w\" sizes=\"(max-width: 1024px) 100vw, 1024px\" \/><\/a><figcaption>Yaz\u0131: <a rel=\"noreferrer noopener\" href=\"https:\/\/www.ufukonen.com\/tr\/eq-bandwidth-q-parametreleri.html\" target=\"_blank\">EQ \u00dczerindeki Bandwidth ve Q Parametreleri<\/a><\/figcaption><\/figure>\n\n\n\n<div style=\"height:20px\" aria-hidden=\"true\" class=\"wp-block-spacer\"><\/div>\n\n\n\n<figure class=\"wp-block-image size-large\"><a href=\"https:\/\/www.ufukonen.com\/tr\/parametrik-eq-oktav-q-tablo.html\" target=\"_blank\" rel=\"noopener noreferrer\"><img loading=\"lazy\" width=\"1024\" height=\"576\" src=\"https:\/\/www.ufukonen.com\/tr\/wp-content\/uploads\/Parametrik_EQ_Oktav_Q_Tablo_Header-1024x576.jpg\" alt=\"\" class=\"wp-image-6085\" srcset=\"https:\/\/www.ufukonen.com\/tr\/wp-content\/uploads\/Parametrik_EQ_Oktav_Q_Tablo_Header-1024x576.jpg 1024w, https:\/\/www.ufukonen.com\/tr\/wp-content\/uploads\/Parametrik_EQ_Oktav_Q_Tablo_Header-300x169.jpg 300w, https:\/\/www.ufukonen.com\/tr\/wp-content\/uploads\/Parametrik_EQ_Oktav_Q_Tablo_Header-768x432.jpg 768w, https:\/\/www.ufukonen.com\/tr\/wp-content\/uploads\/Parametrik_EQ_Oktav_Q_Tablo_Header-1536x864.jpg 1536w, https:\/\/www.ufukonen.com\/tr\/wp-content\/uploads\/Parametrik_EQ_Oktav_Q_Tablo_Header-1140x641.jpg 1140w, https:\/\/www.ufukonen.com\/tr\/wp-content\/uploads\/Parametrik_EQ_Oktav_Q_Tablo_Header-552x311.jpg 552w, https:\/\/www.ufukonen.com\/tr\/wp-content\/uploads\/Parametrik_EQ_Oktav_Q_Tablo_Header.jpg 1920w\" sizes=\"(max-width: 1024px) 100vw, 1024px\" \/><\/a><figcaption>Yaz\u0131: <a rel=\"noreferrer noopener\" href=\"https:\/\/www.ufukonen.com\/tr\/parametrik-eq-oktav-q-tablo.html\" target=\"_blank\">Parametrik EQ \u00dczerindeki Oktav ve Q De\u011ferlerinin Kar\u015f\u0131la\u015ft\u0131rmal\u0131 Tablosu<\/a><\/figcaption><\/figure>\n\n\n\n<div style=\"height:20px\" aria-hidden=\"true\" class=\"wp-block-spacer\"><\/div>\n\n\n\n<figure class=\"wp-block-image size-large\"><a href=\"https:\/\/www.ufukonen.com\/tr\/eq-kullanimi-birkac-tavsiye.html\" target=\"_blank\" rel=\"noopener noreferrer\"><img loading=\"lazy\" width=\"1024\" height=\"576\" src=\"https:\/\/www.ufukonen.com\/tr\/wp-content\/uploads\/EQ_Kullanimi_Birkac_Tavsiye_1080-1024x576.jpg\" alt=\"\" class=\"wp-image-5138\" srcset=\"https:\/\/www.ufukonen.com\/tr\/wp-content\/uploads\/EQ_Kullanimi_Birkac_Tavsiye_1080-1024x576.jpg 1024w, https:\/\/www.ufukonen.com\/tr\/wp-content\/uploads\/EQ_Kullanimi_Birkac_Tavsiye_1080-300x169.jpg 300w, https:\/\/www.ufukonen.com\/tr\/wp-content\/uploads\/EQ_Kullanimi_Birkac_Tavsiye_1080-768x432.jpg 768w, https:\/\/www.ufukonen.com\/tr\/wp-content\/uploads\/EQ_Kullanimi_Birkac_Tavsiye_1080.jpg 1920w\" sizes=\"(max-width: 1024px) 100vw, 1024px\" \/><\/a><figcaption>Yaz\u0131: <a rel=\"noreferrer noopener\" href=\"https:\/\/www.ufukonen.com\/tr\/eq-kullanimi-birkac-tavsiye.html\" target=\"_blank\">EQ Kullan\u0131m\u0131: Birka\u00e7 Tavsiye<\/a><\/figcaption><\/figure>\n\n\n\n<div style=\"height:20px\" aria-hidden=\"true\" class=\"wp-block-spacer\"><\/div>\n\n\n\n<figure class=\"wp-block-image size-large\"><a href=\"https:\/\/www.ufukonen.com\/tr\/vokalde-eq-kullanimi.html\" target=\"_blank\" rel=\"noopener\"><img loading=\"lazy\" width=\"1024\" height=\"576\" src=\"https:\/\/www.ufukonen.com\/tr\/wp-content\/uploads\/Vokalde_EQ_Kullanimi_00_Header-1024x576.jpg\" alt=\"\" class=\"wp-image-8544\" srcset=\"https:\/\/www.ufukonen.com\/tr\/wp-content\/uploads\/Vokalde_EQ_Kullanimi_00_Header-1024x576.jpg 1024w, https:\/\/www.ufukonen.com\/tr\/wp-content\/uploads\/Vokalde_EQ_Kullanimi_00_Header-300x169.jpg 300w, https:\/\/www.ufukonen.com\/tr\/wp-content\/uploads\/Vokalde_EQ_Kullanimi_00_Header-768x432.jpg 768w, https:\/\/www.ufukonen.com\/tr\/wp-content\/uploads\/Vokalde_EQ_Kullanimi_00_Header-1536x864.jpg 1536w, https:\/\/www.ufukonen.com\/tr\/wp-content\/uploads\/Vokalde_EQ_Kullanimi_00_Header-1140x641.jpg 1140w, https:\/\/www.ufukonen.com\/tr\/wp-content\/uploads\/Vokalde_EQ_Kullanimi_00_Header-552x311.jpg 552w, https:\/\/www.ufukonen.com\/tr\/wp-content\/uploads\/Vokalde_EQ_Kullanimi_00_Header.jpg 1920w\" sizes=\"(max-width: 1024px) 100vw, 1024px\" \/><\/a><figcaption>Yaz\u0131: <a href=\"https:\/\/www.ufukonen.com\/tr\/vokalde-eq-kullanimi.html\" data-type=\"post\" data-id=\"8522\" target=\"_blank\" rel=\"noreferrer noopener\">Vokalde EQ Kullan\u0131m\u0131: Modern, Profesyonel ve Temiz Bir Ses \u0130\u00e7in \u0130pu\u00e7lar\u0131<\/a><\/figcaption><\/figure>\n\n\n\n<div style=\"height:25px\" aria-hidden=\"true\" class=\"wp-block-spacer\"><\/div>\n\n\n\n<h3>2. Kompres\u00f6r<\/h3>\n\n\n\n<p>Kompres\u00f6r, vokal miksinin &#8220;olmazsa olmaz&#8221;lar\u0131ndan birisidir. Vokali miksin i\u00e7ine yerle\u015ftirip, par\u00e7a boyunca stabil bir \u015fekilde tutabilmek kompres\u00f6r ve otomasyon sayesinde m\u00fcmk\u00fcn oluyor.<\/p>\n\n\n\n<p>4:1 oran, h\u0131zl\u0131 (k\u0131sa) attack s\u00fcresi ve orta uzunlukta bir release s\u00fcresi ba\u015flang\u0131\u00e7 ayarlar\u0131 olarak gayet uygun.<\/p>\n\n\n\n<p>Attack ve release s\u00fcreleri ger\u00e7ekten \u00e7ok kritik parametreler. Bunlar\u0131 ayarlarken \u00e7ok dikkatli olmak gerekiyor.<\/p>\n\n\n\n<p>Attack s\u00fcresini k\u0131sa tuttu\u011fumuzda kompres\u00f6r sessiz harfleri yakalar ve azalt\u0131r. Bunun sonucunda vokal daha yumu\u015fak ve daha az agresif bir hale gelir. Di\u011fer yandan, attack s\u00fcresini uzun tuttu\u011fumuzda ise vokal daha sert ve belirgin bir hale gelir. Bu se\u00e7im par\u00e7aya ve vokal tarz\u0131na g\u00f6re yap\u0131lmal\u0131d\u0131r. Biri di\u011ferinden daha iyidir demek do\u011fru olmaz.<\/p>\n\n\n\n<p>Release s\u00fcresini k\u0131sa tuttu\u011fumuzda detaylar, kelime aralar\u0131ndaki sesler ve kelimelerin sonlar\u0131 daha belirgin bir hale gelir. Release s\u00fcresini uzun tuttu\u011fumuzda ise vokal daha yumu\u015fak ve do\u011fal bir hale gelir. Attack s\u00fcresinde oldu\u011fu gibi release s\u00fcresinde de se\u00e7im yine par\u00e7aya ve vokal tarz\u0131na g\u00f6re yap\u0131lmal\u0131d\u0131r.<\/p>\n\n\n\n<figure class=\"wp-block-image size-large\"><a href=\"https:\/\/www.ufukonen.com\/tr\/kompresor-attack-suresi-gorsel.html\" target=\"_blank\" rel=\"noopener noreferrer\"><img loading=\"lazy\" width=\"1024\" height=\"576\" src=\"https:\/\/www.ufukonen.com\/tr\/wp-content\/uploads\/Attack_Header_b_1280x720_rfs-1024x576.jpg\" alt=\"\" class=\"wp-image-4800\" srcset=\"https:\/\/www.ufukonen.com\/tr\/wp-content\/uploads\/Attack_Header_b_1280x720_rfs-1024x576.jpg 1024w, https:\/\/www.ufukonen.com\/tr\/wp-content\/uploads\/Attack_Header_b_1280x720_rfs-300x169.jpg 300w, https:\/\/www.ufukonen.com\/tr\/wp-content\/uploads\/Attack_Header_b_1280x720_rfs-768x432.jpg 768w, https:\/\/www.ufukonen.com\/tr\/wp-content\/uploads\/Attack_Header_b_1280x720_rfs.jpg 1280w\" sizes=\"(max-width: 1024px) 100vw, 1024px\" \/><\/a><figcaption>Yaz\u0131: <a rel=\"noreferrer noopener\" href=\"https:\/\/www.ufukonen.com\/tr\/kompresor-attack-suresi-gorsel.html\" target=\"_blank\">Kompres\u00f6r Attack S\u00fcresinin Sese Etkisini G\u00f6rselle\u015ftirecek Olursak\u2026<\/a><\/figcaption><\/figure>\n\n\n\n<div style=\"height:20px\" aria-hidden=\"true\" class=\"wp-block-spacer\"><\/div>\n\n\n\n<p>Threshold parametresi, ba\u015flang\u0131\u00e7 olarak, gain reduction (azaltma) ortalama 3-6 dB aras\u0131nda olacak \u015fekilde ayarlanabilir. Dinamik aral\u0131\u011f\u0131 daha daraltmak, vokali daha kontroll\u00fc ve &#8220;s\u0131k\u0131\u015f\u0131k&#8221; bir hale getirmek istersek threshold parametresini gain reduction ortalama 7-10 dB civar\u0131nda olacak \u015fekilde ayarlayabiliriz.<\/p>\n\n\n\n<figure class=\"wp-block-image size-large\"><a href=\"https:\/\/www.ufukonen.com\/tr\/kompresor-threshold-ratio-gain-reduction.html\" target=\"_blank\" rel=\"noopener noreferrer\"><img loading=\"lazy\" width=\"1024\" height=\"576\" src=\"https:\/\/www.ufukonen.com\/tr\/wp-content\/uploads\/Kompresor_Threshold_Ratio_Gain_Reduction-1024x576.jpg\" alt=\"\" class=\"wp-image-6018\" srcset=\"https:\/\/www.ufukonen.com\/tr\/wp-content\/uploads\/Kompresor_Threshold_Ratio_Gain_Reduction-1024x576.jpg 1024w, https:\/\/www.ufukonen.com\/tr\/wp-content\/uploads\/Kompresor_Threshold_Ratio_Gain_Reduction-300x169.jpg 300w, https:\/\/www.ufukonen.com\/tr\/wp-content\/uploads\/Kompresor_Threshold_Ratio_Gain_Reduction-768x432.jpg 768w, https:\/\/www.ufukonen.com\/tr\/wp-content\/uploads\/Kompresor_Threshold_Ratio_Gain_Reduction-1536x864.jpg 1536w, https:\/\/www.ufukonen.com\/tr\/wp-content\/uploads\/Kompresor_Threshold_Ratio_Gain_Reduction-1140x641.jpg 1140w, https:\/\/www.ufukonen.com\/tr\/wp-content\/uploads\/Kompresor_Threshold_Ratio_Gain_Reduction-552x311.jpg 552w, https:\/\/www.ufukonen.com\/tr\/wp-content\/uploads\/Kompresor_Threshold_Ratio_Gain_Reduction.jpg 1920w\" sizes=\"(max-width: 1024px) 100vw, 1024px\" \/><\/a><figcaption>Yaz\u0131: <a rel=\"noreferrer noopener\" href=\"https:\/\/www.ufukonen.com\/tr\/kompresor-threshold-ratio-gain-reduction.html\" target=\"_blank\">Kompres\u00f6r Kullan\u0131m\u0131nda Threshold, Ratio ve Gain Reduction \u0130li\u015fkisi<\/a><\/figcaption><\/figure>\n\n\n\n<div style=\"height:20px\" aria-hidden=\"true\" class=\"wp-block-spacer\"><\/div>\n\n\n\n<figure class=\"wp-block-image size-large\"><a href=\"https:\/\/www.ufukonen.com\/tr\/kompresorde-negatif-oran.html\" target=\"_blank\" rel=\"noopener noreferrer\"><img loading=\"lazy\" width=\"1024\" height=\"576\" src=\"https:\/\/www.ufukonen.com\/tr\/wp-content\/uploads\/Kompresorde_Negatif_Oran_00_Header-1024x576.jpg\" alt=\"\" class=\"wp-image-6422\" srcset=\"https:\/\/www.ufukonen.com\/tr\/wp-content\/uploads\/Kompresorde_Negatif_Oran_00_Header-1024x576.jpg 1024w, https:\/\/www.ufukonen.com\/tr\/wp-content\/uploads\/Kompresorde_Negatif_Oran_00_Header-300x169.jpg 300w, https:\/\/www.ufukonen.com\/tr\/wp-content\/uploads\/Kompresorde_Negatif_Oran_00_Header-768x432.jpg 768w, https:\/\/www.ufukonen.com\/tr\/wp-content\/uploads\/Kompresorde_Negatif_Oran_00_Header-1536x864.jpg 1536w, https:\/\/www.ufukonen.com\/tr\/wp-content\/uploads\/Kompresorde_Negatif_Oran_00_Header-1140x641.jpg 1140w, https:\/\/www.ufukonen.com\/tr\/wp-content\/uploads\/Kompresorde_Negatif_Oran_00_Header-552x311.jpg 552w, https:\/\/www.ufukonen.com\/tr\/wp-content\/uploads\/Kompresorde_Negatif_Oran_00_Header.jpg 1920w\" sizes=\"(max-width: 1024px) 100vw, 1024px\" \/><\/a><figcaption>Yaz\u0131: <a rel=\"noreferrer noopener\" href=\"https:\/\/www.ufukonen.com\/tr\/kompresorde-negatif-oran.html\" target=\"_blank\">Kompres\u00f6rde Negatif Oran<\/a><\/figcaption><\/figure>\n\n\n\n<div style=\"height:20px\" aria-hidden=\"true\" class=\"wp-block-spacer\"><\/div>\n\n\n\n<p>Mikste vokalin seviyesini ayarl\u0131yoruz, genel olarak kula\u011fa iyi geliyor ama yer yer d\u00fc\u015f\u00fck kal\u0131yor veya zaman zaman y\u00fcksek geliyor ve miksin d\u0131\u015f\u0131na \u00e7\u0131k\u0131yormu\u015f gibi duyuluyor\u2026 \u00dcstelik bu durum kompres\u00f6r kulland\u0131\u011f\u0131m\u0131z halde oluyor\u2026 Kompres\u00f6r\u00fcn amac\u0131 zaten bu seviye farklar\u0131n\u0131 ortadan kald\u0131rmak de\u011fil miydi?<\/p>\n\n\n\n<p>Dinamik alan kontrol\u00fc ile ilgili her \u015feyi sadece kompres\u00f6rden beklemek her zaman \u00e7ok isabeti bir karar olmayabilir. Vol\u00fcm ve clip gain otomasyonunun kompres\u00f6r\u00fcn \u00fczerinden b\u00fcy\u00fck bir y\u00fck\u00fc alaca\u011f\u0131n\u0131 ve kompres\u00f6r\u00fcn \u00e7ok daha rahat \u00e7al\u0131\u015fmas\u0131n\u0131 sa\u011flayaca\u011f\u0131n\u0131 unutmamak laz\u0131m. Otomasyon ve gain staging sayesinde kompres\u00f6r kullan\u0131m\u0131n\u0131 (kompres\u00f6r\u00fcn sese etkisini) asgari d\u00fczeye \u00e7ekebiliriz.<\/p>\n\n\n\n<figure class=\"wp-block-image size-large\"><a href=\"https:\/\/www.ufukonen.com\/tr\/vokali-miksin-icine-nasil-oturtabiliriz.html\" target=\"_blank\" rel=\"noopener\"><img loading=\"lazy\" width=\"1024\" height=\"576\" src=\"https:\/\/www.ufukonen.com\/tr\/wp-content\/uploads\/Vokali_Miksin_Icine_Nasil_Oturtabiliriz_00_Header-2-1024x576.jpg\" alt=\"\" class=\"wp-image-7746\" srcset=\"https:\/\/www.ufukonen.com\/tr\/wp-content\/uploads\/Vokali_Miksin_Icine_Nasil_Oturtabiliriz_00_Header-2-1024x576.jpg 1024w, https:\/\/www.ufukonen.com\/tr\/wp-content\/uploads\/Vokali_Miksin_Icine_Nasil_Oturtabiliriz_00_Header-2-300x169.jpg 300w, https:\/\/www.ufukonen.com\/tr\/wp-content\/uploads\/Vokali_Miksin_Icine_Nasil_Oturtabiliriz_00_Header-2-768x432.jpg 768w, https:\/\/www.ufukonen.com\/tr\/wp-content\/uploads\/Vokali_Miksin_Icine_Nasil_Oturtabiliriz_00_Header-2-1536x864.jpg 1536w, https:\/\/www.ufukonen.com\/tr\/wp-content\/uploads\/Vokali_Miksin_Icine_Nasil_Oturtabiliriz_00_Header-2-1140x641.jpg 1140w, https:\/\/www.ufukonen.com\/tr\/wp-content\/uploads\/Vokali_Miksin_Icine_Nasil_Oturtabiliriz_00_Header-2-552x311.jpg 552w, https:\/\/www.ufukonen.com\/tr\/wp-content\/uploads\/Vokali_Miksin_Icine_Nasil_Oturtabiliriz_00_Header-2.jpg 1920w\" sizes=\"(max-width: 1024px) 100vw, 1024px\" \/><\/a><figcaption>Yaz\u0131: <a href=\"https:\/\/www.ufukonen.com\/tr\/vokali-miksin-icine-nasil-oturtabiliriz.html\" data-type=\"post\" data-id=\"7735\" target=\"_blank\" rel=\"noreferrer noopener\">Vokali Miksin \u0130\u00e7ine Nas\u0131l Oturtabiliriz?<\/a><\/figcaption><\/figure>\n\n\n\n<div style=\"height:20px\" aria-hidden=\"true\" class=\"wp-block-spacer\"><\/div>\n\n\n\n<figure class=\"wp-block-image size-large\"><a href=\"https:\/\/www.ufukonen.com\/tr\/clip-gain-ve-gain-staging.html\" target=\"_blank\" rel=\"noopener noreferrer\"><img loading=\"lazy\" width=\"1024\" height=\"576\" src=\"https:\/\/www.ufukonen.com\/tr\/wp-content\/uploads\/Clip_Gain_Volum_Otomasyon_Gain_Staging_720-1024x576.jpg\" alt=\"\" class=\"wp-image-5206\" srcset=\"https:\/\/www.ufukonen.com\/tr\/wp-content\/uploads\/Clip_Gain_Volum_Otomasyon_Gain_Staging_720-1024x576.jpg 1024w, https:\/\/www.ufukonen.com\/tr\/wp-content\/uploads\/Clip_Gain_Volum_Otomasyon_Gain_Staging_720-300x169.jpg 300w, https:\/\/www.ufukonen.com\/tr\/wp-content\/uploads\/Clip_Gain_Volum_Otomasyon_Gain_Staging_720-768x432.jpg 768w, https:\/\/www.ufukonen.com\/tr\/wp-content\/uploads\/Clip_Gain_Volum_Otomasyon_Gain_Staging_720.jpg 1280w\" sizes=\"(max-width: 1024px) 100vw, 1024px\" \/><\/a><figcaption>Yaz\u0131: <a rel=\"noreferrer noopener\" href=\"https:\/\/www.ufukonen.com\/tr\/clip-gain-ve-gain-staging.html\" target=\"_blank\">Clip Gain ile Vol\u00fcm Otomasyonu Aras\u0131ndaki Fark ve Gain Staging<\/a><\/figcaption><\/figure>\n\n\n\n<div style=\"height:20px\" aria-hidden=\"true\" class=\"wp-block-spacer\"><\/div>\n\n\n\n<figure class=\"wp-block-image size-large\"><a href=\"https:\/\/www.ufukonen.com\/tr\/riding-the-fader-1.html\" target=\"_blank\" rel=\"noopener noreferrer\"><img loading=\"lazy\" width=\"1024\" height=\"576\" src=\"https:\/\/www.ufukonen.com\/tr\/wp-content\/uploads\/Riding_the_Fader_Header_1_720-1024x576.jpg\" alt=\"\" class=\"wp-image-5258\" srcset=\"https:\/\/www.ufukonen.com\/tr\/wp-content\/uploads\/Riding_the_Fader_Header_1_720-1024x576.jpg 1024w, https:\/\/www.ufukonen.com\/tr\/wp-content\/uploads\/Riding_the_Fader_Header_1_720-300x169.jpg 300w, https:\/\/www.ufukonen.com\/tr\/wp-content\/uploads\/Riding_the_Fader_Header_1_720-768x432.jpg 768w, https:\/\/www.ufukonen.com\/tr\/wp-content\/uploads\/Riding_the_Fader_Header_1_720.jpg 1280w\" sizes=\"(max-width: 1024px) 100vw, 1024px\" \/><\/a><figcaption>Yaz\u0131: <a rel=\"noreferrer noopener\" href=\"https:\/\/www.ufukonen.com\/tr\/riding-the-fader-1.html\" target=\"_blank\">Riding the Fader ve Kompres\u00f6r Kullan\u0131m\u0131 (1. B\u00f6l\u00fcm)<\/a><\/figcaption><\/figure>\n\n\n\n<div style=\"height:20px\" aria-hidden=\"true\" class=\"wp-block-spacer\"><\/div>\n\n\n\n<p>Baz\u0131 durumlarda kompres\u00f6r\u00fc yaln\u0131zca sese renk katmak i\u00e7in kulland\u0131\u011f\u0131m\u0131z da olur. Bazen de hem seviye kontrol\u00fc hem de renk katmak i\u00e7in kullanmak isteriz ama bunlar i\u00e7in farkl\u0131 kompres\u00f6rler kullan\u0131r\u0131z. Arka arkaya birden fazla kompres\u00f6r kullanma tekni\u011fi seri kompres\u00f6r kullan\u0131m\u0131 olarak adland\u0131r\u0131l\u0131r. Bu, olduk\u00e7a yayg\u0131n olarak kullan\u0131lan bir tekniktir.<\/p>\n\n\n\n<figure class=\"wp-block-image size-large\"><a href=\"https:\/\/www.ufukonen.com\/tr\/kompresor-teknikleri-2-seri.html\" target=\"_blank\" rel=\"noopener noreferrer\"><img loading=\"lazy\" width=\"1024\" height=\"576\" src=\"https:\/\/www.ufukonen.com\/tr\/wp-content\/uploads\/Kompresor_Teknikleri_00_Header-1024x576.jpg\" alt=\"\" class=\"wp-image-5423\" srcset=\"https:\/\/www.ufukonen.com\/tr\/wp-content\/uploads\/Kompresor_Teknikleri_00_Header-1024x576.jpg 1024w, https:\/\/www.ufukonen.com\/tr\/wp-content\/uploads\/Kompresor_Teknikleri_00_Header-300x169.jpg 300w, https:\/\/www.ufukonen.com\/tr\/wp-content\/uploads\/Kompresor_Teknikleri_00_Header-768x432.jpg 768w, https:\/\/www.ufukonen.com\/tr\/wp-content\/uploads\/Kompresor_Teknikleri_00_Header-1536x864.jpg 1536w, https:\/\/www.ufukonen.com\/tr\/wp-content\/uploads\/Kompresor_Teknikleri_00_Header.jpg 1920w\" sizes=\"(max-width: 1024px) 100vw, 1024px\" \/><\/a><figcaption>Yaz\u0131: <a rel=\"noreferrer noopener\" href=\"https:\/\/www.ufukonen.com\/tr\/kompresor-teknikleri-2-seri.html\" target=\"_blank\">Kompres\u00f6r Teknikleri \u2013 2. B\u00f6l\u00fcm: Seri Kompres\u00f6r Kullan\u0131m\u0131<\/a><\/figcaption><\/figure>\n\n\n\n<div style=\"height:20px\" aria-hidden=\"true\" class=\"wp-block-spacer\"><\/div>\n\n\n\n<p>Yukar\u0131dakilere ek olarak, a\u015fa\u011f\u0131da payla\u015ft\u0131\u011f\u0131m yaz\u0131lardan da faydalanabilirsiniz.<\/p>\n\n\n\n<figure class=\"wp-block-image size-large\"><a href=\"https:\/\/www.ufukonen.com\/tr\/lookahead-ozelligi.html\" target=\"_blank\" rel=\"noopener noreferrer\"><img loading=\"lazy\" width=\"1024\" height=\"576\" src=\"https:\/\/www.ufukonen.com\/tr\/wp-content\/uploads\/Lookahead_Ozelligi-1024x576.jpg\" alt=\"\" class=\"wp-image-4654\" srcset=\"https:\/\/www.ufukonen.com\/tr\/wp-content\/uploads\/Lookahead_Ozelligi-1024x576.jpg 1024w, https:\/\/www.ufukonen.com\/tr\/wp-content\/uploads\/Lookahead_Ozelligi-300x169.jpg 300w, https:\/\/www.ufukonen.com\/tr\/wp-content\/uploads\/Lookahead_Ozelligi-768x432.jpg 768w, https:\/\/www.ufukonen.com\/tr\/wp-content\/uploads\/Lookahead_Ozelligi.jpg 1920w\" sizes=\"(max-width: 1024px) 100vw, 1024px\" \/><\/a><figcaption>Yaz\u0131: <a rel=\"noreferrer noopener\" href=\"https:\/\/www.ufukonen.com\/tr\/lookahead-ozelligi.html\" target=\"_blank\">Kompres\u00f6r \/ Limiter Lookahead \u00d6zelli\u011fi<\/a><\/figcaption><\/figure>\n\n\n\n<div style=\"height:20px\" aria-hidden=\"true\" class=\"wp-block-spacer\"><\/div>\n\n\n\n<figure class=\"wp-block-image size-large\"><a href=\"https:\/\/www.ufukonen.com\/tr\/lookahead-ozelligi-manuel.html\" target=\"_blank\" rel=\"noopener noreferrer\"><img loading=\"lazy\" width=\"1024\" height=\"576\" src=\"https:\/\/www.ufukonen.com\/tr\/wp-content\/uploads\/Lookahead_Ozelligi_Manuel-1024x576.jpg\" alt=\"\" class=\"wp-image-4680\" srcset=\"https:\/\/www.ufukonen.com\/tr\/wp-content\/uploads\/Lookahead_Ozelligi_Manuel-1024x576.jpg 1024w, https:\/\/www.ufukonen.com\/tr\/wp-content\/uploads\/Lookahead_Ozelligi_Manuel-300x169.jpg 300w, https:\/\/www.ufukonen.com\/tr\/wp-content\/uploads\/Lookahead_Ozelligi_Manuel-768x432.jpg 768w, https:\/\/www.ufukonen.com\/tr\/wp-content\/uploads\/Lookahead_Ozelligi_Manuel.jpg 1920w\" sizes=\"(max-width: 1024px) 100vw, 1024px\" \/><\/a><figcaption>Yaz\u0131: <a rel=\"noreferrer noopener\" href=\"https:\/\/www.ufukonen.com\/tr\/lookahead-ozelligi-manuel.html\" target=\"_blank\">Peki Ya Kullanmak \u0130stedi\u011fimiz Kompres\u00f6r \u00dczerinde Lookahead \u00d6zelli\u011fi Yoksa?<\/a><\/figcaption><\/figure>\n\n\n\n<div style=\"height:20px\" aria-hidden=\"true\" class=\"wp-block-spacer\"><\/div>\n\n\n\n<figure class=\"wp-block-image size-large\"><a href=\"https:\/\/www.ufukonen.com\/tr\/multiband-kompresor.html\" target=\"_blank\" rel=\"noopener noreferrer\"><img loading=\"lazy\" width=\"800\" height=\"426\" src=\"https:\/\/www.ufukonen.com\/tr\/wp-content\/uploads\/Multiband_Kompresor_800px.jpg\" alt=\"\" class=\"wp-image-3058\" srcset=\"https:\/\/www.ufukonen.com\/tr\/wp-content\/uploads\/Multiband_Kompresor_800px.jpg 800w, https:\/\/www.ufukonen.com\/tr\/wp-content\/uploads\/Multiband_Kompresor_800px-300x160.jpg 300w, https:\/\/www.ufukonen.com\/tr\/wp-content\/uploads\/Multiband_Kompresor_800px-768x409.jpg 768w\" sizes=\"(max-width: 800px) 100vw, 800px\" \/><\/a><figcaption>Yaz\u0131: <a rel=\"noreferrer noopener\" href=\"https:\/\/www.ufukonen.com\/tr\/multiband-kompresor.html\" target=\"_blank\">Multiband Kompres\u00f6r<\/a><\/figcaption><\/figure>\n\n\n\n<div style=\"height:25px\" aria-hidden=\"true\" class=\"wp-block-spacer\"><\/div>\n\n\n\n<h3>3. EQ<\/h3>\n\n\n\n<p>Vokalin tonunu \u015fekilendirmek, sinyalde vurgulamak frekanslar\u0131 \u00f6ne \u00e7\u0131kartmak, istemediklerimizi de azaltmak i\u00e7in kompres\u00f6rden sonra bir EQ kullanabiliriz.<\/p>\n\n\n\n<p>Her ne kadar ilk ad\u0131mda i\u015fe yaramayan alt frekanslar\u0131 kesmi\u015f olsak da bu noktada alt frekans b\u00f6lgesini tekrar kontrol etmekte fayda var \u00e7\u00fcnk\u00fc bazen kompres\u00f6r kesilmi\u015f ya da azalt\u0131lm\u0131\u015f frekanslar\u0131n seviyesini y\u00fckseltebiliyor. E\u011fer sorun varsa bu ad\u0131mda da yine bir low cut filtre kullanabiliriz.<\/p>\n\n\n\n<p>300 Hz\u20131 kHz aras\u0131 insan sesinin en yo\u011fun oldu\u011fu aral\u0131kt\u0131r. Bu aral\u0131\u011fa \u00f6zellikle dikkat etmek gerekir. 300-500 Hz civar\u0131 sesi \u00e7amurlu hale getiriyor olabilir ancak bu aral\u0131\u011f\u0131 temizlerken vokalin deyim yerindeyse i\u00e7ini bo\u015faltmamaya \u00f6zen g\u00f6stermek laz\u0131m.<\/p>\n\n\n\n<p>Vokal i\u00e7in di\u011fer \u00f6nemli bir aral\u0131k da 2-4 kHz aras\u0131d\u0131r. Bu aral\u0131kta t\u00fcm sesli ve sessiz harfler bar\u0131n\u0131r. Bu aral\u0131k bir yandan \u00f6nemli bir yere di\u011fer yandan da kulak yorucu bir etkiye sahip oldu\u011fu i\u00e7in bu b\u00f6lgeyi EQ ile vurgulamak yerine \u00e7eli\u015fen enstr\u00fcman kanallar\u0131nda 3 kHz civar\u0131n\u0131 biraz azaltmak daha isabetli bir se\u00e7im olur.<\/p>\n\n\n\n<p>5 kHz civar\u0131 \u2018presence\u2019 (varl\u0131k) ve \u2018definition\u2019 (tan\u0131m) a\u00e7\u0131s\u0131ndan \u00e7ok \u00f6nemlidir.<\/p>\n\n\n\n<p>Parlakl\u0131k, a\u00e7\u0131kl\u0131k ve ferahl\u0131k i\u00e7in 8 kHz ya da 10 kHz \u00fczerindeki b\u00f6lgeyi bir shelf EQ yard\u0131m\u0131 ile biraz y\u00fckseltebiliriz.<\/p>\n\n\n\n<figure class=\"wp-block-image size-large\"><a href=\"https:\/\/www.ufukonen.com\/tr\/frekans-araliklari.html\" target=\"_blank\" rel=\"noopener noreferrer\"><img loading=\"lazy\" width=\"1024\" height=\"576\" src=\"https:\/\/www.ufukonen.com\/tr\/wp-content\/uploads\/Frekans_Araliklari_2019_1280x720-1024x576.jpg\" alt=\"\" class=\"wp-image-5314\" srcset=\"https:\/\/www.ufukonen.com\/tr\/wp-content\/uploads\/Frekans_Araliklari_2019_1280x720-1024x576.jpg 1024w, https:\/\/www.ufukonen.com\/tr\/wp-content\/uploads\/Frekans_Araliklari_2019_1280x720-300x169.jpg 300w, https:\/\/www.ufukonen.com\/tr\/wp-content\/uploads\/Frekans_Araliklari_2019_1280x720-768x432.jpg 768w, https:\/\/www.ufukonen.com\/tr\/wp-content\/uploads\/Frekans_Araliklari_2019_1280x720.jpg 1280w\" sizes=\"(max-width: 1024px) 100vw, 1024px\" \/><\/a><figcaption>Yaz\u0131 ve ses \u00f6rnekleri: <a rel=\"noreferrer noopener\" href=\"https:\/\/www.ufukonen.com\/tr\/frekans-araliklari.html\" target=\"_blank\">Frekans Aral\u0131klar\u0131<\/a><\/figcaption><\/figure>\n\n\n\n<div style=\"height:20px\" aria-hidden=\"true\" class=\"wp-block-spacer\"><\/div>\n\n\n\n<p>Peki, \u00f6nce kompres\u00f6r m\u00fc, yoksa EQ mu? Bu, miks ile ilgili olarak hem vokal hem de enstr\u00fcmanlar i\u00e7in hep sorulan ve tart\u0131\u015f\u0131lan klasik bir konu. Tek bir cevab\u0131 yok.&nbsp;Cevap hem duruma g\u00f6re hem de miksi yapan ki\u015finin teknik ve estetik yakla\u015f\u0131m\u0131na g\u00f6re de\u011fi\u015fiyor.<\/p>\n\n\n\n<figure class=\"wp-block-image size-large\"><a href=\"https:\/\/www.ufukonen.com\/tr\/kompresor-eq-kullaniminda-siralama.html\" target=\"_blank\" rel=\"noopener\"><img loading=\"lazy\" width=\"1024\" height=\"576\" src=\"https:\/\/www.ufukonen.com\/tr\/wp-content\/uploads\/Kompresor_EQ_Once_Hangisi_720-1024x576.jpg\" alt=\"\" class=\"wp-image-3899\" srcset=\"https:\/\/www.ufukonen.com\/tr\/wp-content\/uploads\/Kompresor_EQ_Once_Hangisi_720-1024x576.jpg 1024w, https:\/\/www.ufukonen.com\/tr\/wp-content\/uploads\/Kompresor_EQ_Once_Hangisi_720-300x169.jpg 300w, https:\/\/www.ufukonen.com\/tr\/wp-content\/uploads\/Kompresor_EQ_Once_Hangisi_720-768x432.jpg 768w, https:\/\/www.ufukonen.com\/tr\/wp-content\/uploads\/Kompresor_EQ_Once_Hangisi_720.jpg 1280w\" sizes=\"(max-width: 1024px) 100vw, 1024px\" \/><\/a><figcaption>Yaz\u0131: <a href=\"https:\/\/www.ufukonen.com\/tr\/kompresor-eq-kullaniminda-siralama.html\" data-type=\"post\" data-id=\"3896\" target=\"_blank\" rel=\"noreferrer noopener\">\u00d6nce Kompres\u00f6r m\u00fc, Yoksa EQ mu? Kompres\u00f6r ve EQ Kullan\u0131m\u0131nda S\u0131ralama Nas\u0131l Olmal\u0131?<\/a><\/figcaption><\/figure>\n\n\n\n<div style=\"height:25px\" aria-hidden=\"true\" class=\"wp-block-spacer\"><\/div>\n\n\n\n<h3><a href=\"https:\/\/www.ufukonen.com\/tr\/vokal-miksi-rehber-2.html\">2. b\u00f6l\u00fcm i\u00e7in t\u0131klay\u0131n\u0131z <\/a><\/h3>\n\n\n\n<div style=\"height:50px\" aria-hidden=\"true\" class=\"wp-block-spacer\"><\/div>\n\n\n\n<p>Teknik terimler i\u00e7in <a href=\"http:\/\/www.ufukonen.com\/tr\/ses-kayit-muzik-teknolojisi-terimler-sozluk.html\">m\u00fczik teknolojisi, m\u00fczik prod\u00fcksiyonu ve ses kay\u0131t terimleri s\u00f6zl\u00fc\u011f\u00fcne<\/a> g\u00f6z atabilirsiniz.<\/p>\n\n\n\n<p>Benzer payla\u015f\u0131mlar i\u00e7in beni <a rel=\"noreferrer noopener\" href=\"https:\/\/www.facebook.com\/ufukonen.skmt\/\" target=\"_blank\">Facebook<\/a>, <a rel=\"noreferrer noopener\" aria-label=\"Instagram (opens in a new tab)\" href=\"https:\/\/www.instagram.com\/ufukonen\/\" target=\"_blank\">Instagram<\/a> ve <a rel=\"noreferrer noopener\" href=\"https:\/\/twitter.com\/UfukOnen\" target=\"_blank\">Twitter<\/a>&#8216;da takip edebilir, haberler i\u00e7in <a rel=\"noreferrer noopener\" href=\"http:\/\/ufukonen.com\/tr\/ses-kayit-muzik-teknolojisi-terimler-sozluk.html\" target=\"_blank\">mesaj listeme \u00fcye olabilirsiniz<\/a>. Te\u015fekk\u00fcrler.<\/p>\n\n\n\n<p>Ba\u015fl\u0131k foto\u011fraf\u0131: <a href=\"https:\/\/unsplash.com\/@leowieling?utm_source=unsplash&amp;utm_medium=referral&amp;utm_content=creditCopyText\" target=\"_blank\" rel=\"noreferrer noopener\">Leo Wieling<\/a> | <a href=\"https:\/\/unsplash.com\/s\/photos\/microphone-studio?utm_source=unsplash&amp;utm_medium=referral&amp;utm_content=creditCopyText\" target=\"_blank\" rel=\"noreferrer noopener\">Unsplash<\/a><\/p>\n\n\n\n<p>\u00a9 2021-2025 Ufuk \u00d6nen. Her hakk\u0131 sakl\u0131d\u0131r. \u0130zinsiz kullan\u0131lamaz.<\/p>\n","protected":false},"excerpt":{"rendered":"<p class=\"post-excerpt\">Bu yaz\u0131mda vokal miksi i\u00e7in kullanabilece\u011finiz sekiz ba\u015fl\u0131ktan olu\u015fan bir mini rehber haz\u0131rlad\u0131m. Her ba\u015fl\u0131\u011f\u0131n alt\u0131nda ilgili yaz\u0131lar\u0131n linklerini ekledim&#8230;.<\/p>\n","protected":false},"author":2,"featured_media":6449,"comment_status":"closed","ping_status":"open","sticky":true,"template":"","format":"standard","meta":{"_mi_skip_tracking":false,"spay_email":"","jetpack_publicize_message":"","jetpack_is_tweetstorm":false,"jetpack_publicize_feature_enabled":true},"categories":[16],"tags":[],"jetpack_featured_media_url":"https:\/\/www.ufukonen.com\/tr\/wp-content\/uploads\/Vokal_Miksi_Mini_Rehber_00_Header.jpg","jetpack_publicize_connections":[],"jetpack_shortlink":"https:\/\/wp.me\/p3rjsG-1FX","jetpack_sharing_enabled":true,"jetpack-related-posts":[{"id":6447,"url":"https:\/\/www.ufukonen.com\/tr\/vokal-miksi-rehber-2.html","url_meta":{"origin":6445,"position":0},"title":"Vokal Miksi i\u00e7in Mini Rehber (2. B\u00f6l\u00fcm)","date":"March 22, 2021","format":false,"excerpt":"Bu yaz\u0131mda vokal miksi i\u00e7in kullanabilece\u011finiz sekiz ba\u015fl\u0131ktan olu\u015fan bir mini rehber haz\u0131rlad\u0131m. Her ba\u015fl\u0131\u011f\u0131n alt\u0131nda ilgili yaz\u0131lar\u0131n linklerini ekledim. \u0130lk olarak 22 Mart 2021'de yay\u0131nlanm\u0131\u015f olan bu mini rehber, 8 A\u011fustos 2022, 28 Kas\u0131m 2022, 20 Mart 2023 ve 7 A\u011fustos 2025 tarihlerinde g\u00fcncellenmi\u015ftir. Filtre ve EQKompres\u00f6rEQDe-esserSidechain Kompres\u00f6r Kullan\u0131m\u0131Saturation,\u2026","rel":"","context":"In &quot;M\u00fczik Prod\u00fcksiyonu&quot;","img":{"alt_text":"","src":"https:\/\/i0.wp.com\/www.ufukonen.com\/tr\/wp-content\/uploads\/Vokal_Miksi_Mini_Rehber_00_Header.jpg?resize=350%2C200&ssl=1","width":350,"height":200},"classes":[]},{"id":7673,"url":"https:\/\/www.ufukonen.com\/tr\/de-esser-mini-rehber.html","url_meta":{"origin":6445,"position":1},"title":"De-Esser: Mini Rehber","date":"October 24, 2022","format":false,"excerpt":"De-esser \u00fczerine daha \u00f6nce yazd\u0131\u011f\u0131m yaz\u0131lar\u0131 tek bir \u00e7at\u0131 alt\u0131nda toplay\u0131p bir mini rehber olu\u015fturdum. Linkleri ve a\u00e7\u0131klamalar\u0131 a\u015fa\u011f\u0131ya ekliyorum. De-esser'\u0131n \u00e7al\u0131\u015fma prensibi, \u00fczerindeki parametrelerin i\u015flevleri gibi temel bilgileri Ses Kay\u0131t ve M\u00fczik Teknolojileri adl\u0131 kitab\u0131mda bulabilirsiniz. \u0130yi okumalar! De-esser Nedir ve Nas\u0131l Kullan\u0131l\u0131r? S, \u015f, c, \u00e7, j, z\u2026","rel":"","context":"In &quot;Ses ve M\u00fczik Teknolojileri&quot;","img":{"alt_text":"","src":"https:\/\/i0.wp.com\/www.ufukonen.com\/tr\/wp-content\/uploads\/De_Esser_Mini_Rehber_00_Header.jpg?resize=350%2C200&ssl=1","width":350,"height":200},"classes":[]},{"id":4234,"url":"https:\/\/www.ufukonen.com\/tr\/vokal-kaydi-birkac-tavsiye.html","url_meta":{"origin":6445,"position":2},"title":"Vokal Kayd\u0131: Birka\u00e7 Tavsiye","date":"October 8, 2018","format":false,"excerpt":"Bu yaz\u0131mda vokal kayd\u0131 ile ilgili birka\u00e7 tavsiyede bulunmak istiyorum. Ses Kay\u0131t ve M\u00fczik Teknolojileri (SKMT) adl\u0131 kitab\u0131mda vokal kayd\u0131 ile daha detayl\u0131 bilgiler bulabilirsiniz. Yine konu ile ilgili olarak, \"Bruce Swedien ile Vokal Kayd\u0131 \u00dczerine\" ba\u015fl\u0131kl\u0131 blog yaz\u0131m\u0131 okuyabilirsiniz. Mikrofon Se\u00e7imi Vokal kay\u0131tlar\u0131 i\u00e7in mikrofon se\u00e7erken ilk tercih genelde\u2026","rel":"","context":"In &quot;M\u00fczik Prod\u00fcksiyonu&quot;","img":{"alt_text":"","src":"https:\/\/i0.wp.com\/www.ufukonen.com\/tr\/wp-content\/uploads\/Vokal_Kaydi_Birkac_Tavsiye.jpg?resize=350%2C200&ssl=1","width":350,"height":200},"classes":[]},{"id":8191,"url":"https:\/\/www.ufukonen.com\/tr\/2023-en-cok-okunan.html","url_meta":{"origin":6445,"position":3},"title":"2023 Y\u0131l\u0131nda En \u00c7ok Okunan Blog Yaz\u0131lar\u0131m","date":"December 27, 2023","format":false,"excerpt":"Blog yaz\u0131lar\u0131m\u0131 takip edenler bilirler, her senenin sonunda o y\u0131l en \u00e7ok okunan blog yaz\u0131lar\u0131m\u0131 liste haline getirip okuyucular\u0131mla payla\u015f\u0131r\u0131m. 2023 i\u00e7in de farkl\u0131 bir durum yok. Liste haz\u0131r ancak listeden \u00f6nce bu y\u0131l beni mesleki a\u00e7\u0131dan en \u00e7ok heyecanland\u0131ran geli\u015fmeyi payla\u015fmak istiyorum. 2023 y\u0131l\u0131nda beni en \u00e7ok heyecanland\u0131ran geli\u015fme,\u2026","rel":"","context":"In &quot;M\u00fczik End\u00fcstrisi&quot;","img":{"alt_text":"","src":"https:\/\/i0.wp.com\/www.ufukonen.com\/tr\/wp-content\/uploads\/2023_En_Cok_Okunan_00_Header.jpg?resize=350%2C200&ssl=1","width":350,"height":200},"classes":[]},{"id":8272,"url":"https:\/\/www.ufukonen.com\/tr\/miks-referans-parca-karsilastirirken.html","url_meta":{"origin":6445,"position":4},"title":"Miksinizi Referans Par\u00e7a \u0130le Kar\u015f\u0131la\u015ft\u0131r\u0131rken Dikkat Etmeniz Gereken 4 Nokta","date":"February 5, 2024","format":false,"excerpt":"Yapt\u0131\u011f\u0131m\u0131z miksi referans ald\u0131\u011f\u0131m\u0131z bir par\u00e7a ile kar\u015f\u0131la\u015ft\u0131rmak hepimizin s\u0131kl\u0131kla uygulad\u0131\u011f\u0131 bir y\u00f6ntem. Peki, bunu yaparken nelere dikkat etmeliyiz? Bu yaz\u0131mda miksinizi referans par\u00e7a ile kar\u015f\u0131la\u015ft\u0131r\u0131rken dikkat etmeniz gereken d\u00f6rt noktay\u0131 sizlerle payla\u015fmak istiyorum. 1- Vokal Amat\u00f6r ve profesyonel miksleri birbirlerinden ay\u0131ran en belirgin farklardan biri vokalin miksteki yeridir. Amat\u00f6r\u2026","rel":"","context":"In &quot;M\u00fczik Prod\u00fcksiyonu&quot;","img":{"alt_text":"","src":"https:\/\/i0.wp.com\/www.ufukonen.com\/tr\/wp-content\/uploads\/Miks_Referans_Parca_Karsilastirirken_00_Header.jpg?resize=350%2C200&ssl=1","width":350,"height":200},"classes":[]},{"id":7446,"url":"https:\/\/www.ufukonen.com\/tr\/kompresor-mini-rehber.html","url_meta":{"origin":6445,"position":5},"title":"Kompres\u00f6r: Mini Rehber","date":"June 27, 2022","format":false,"excerpt":"Kompres\u00f6r \u00fczerine daha \u00f6nce yazd\u0131\u011f\u0131m yaz\u0131lar\u0131 tek bir \u00e7at\u0131 alt\u0131nda toplay\u0131p bir mini rehber olu\u015fturdum. Linkleri ve a\u00e7\u0131klamalar\u0131 a\u015fa\u011f\u0131ya ekliyorum. Kompres\u00f6r\u00fcn \u00e7al\u0131\u015fma prensibi, \u00fczerindeki parametrelerin i\u015flevleri gibi temel bilgileri Ses Kay\u0131t ve M\u00fczik Teknolojileri adl\u0131 kitab\u0131mda bulabilirsiniz. \u0130yi okumalar! Kompres\u00f6r Attack S\u00fcresinin Sese Etkisini G\u00f6rselle\u015ftirecek Olursak\u2026 Attack s\u00fcresi, kompres\u00f6r \u00fczerindeki\u2026","rel":"","context":"In &quot;M\u00fczik Prod\u00fcksiyonu&quot;","img":{"alt_text":"","src":"https:\/\/i0.wp.com\/www.ufukonen.com\/tr\/wp-content\/uploads\/Kompresor_Mini_Rehber_00_Header.jpg?resize=350%2C200&ssl=1","width":350,"height":200},"classes":[]}],"_links":{"self":[{"href":"https:\/\/www.ufukonen.com\/tr\/wp-json\/wp\/v2\/posts\/6445"}],"collection":[{"href":"https:\/\/www.ufukonen.com\/tr\/wp-json\/wp\/v2\/posts"}],"about":[{"href":"https:\/\/www.ufukonen.com\/tr\/wp-json\/wp\/v2\/types\/post"}],"author":[{"embeddable":true,"href":"https:\/\/www.ufukonen.com\/tr\/wp-json\/wp\/v2\/users\/2"}],"replies":[{"embeddable":true,"href":"https:\/\/www.ufukonen.com\/tr\/wp-json\/wp\/v2\/comments?post=6445"}],"version-history":[{"count":34,"href":"https:\/\/www.ufukonen.com\/tr\/wp-json\/wp\/v2\/posts\/6445\/revisions"}],"predecessor-version":[{"id":8583,"href":"https:\/\/www.ufukonen.com\/tr\/wp-json\/wp\/v2\/posts\/6445\/revisions\/8583"}],"wp:featuredmedia":[{"embeddable":true,"href":"https:\/\/www.ufukonen.com\/tr\/wp-json\/wp\/v2\/media\/6449"}],"wp:attachment":[{"href":"https:\/\/www.ufukonen.com\/tr\/wp-json\/wp\/v2\/media?parent=6445"}],"wp:term":[{"taxonomy":"category","embeddable":true,"href":"https:\/\/www.ufukonen.com\/tr\/wp-json\/wp\/v2\/categories?post=6445"},{"taxonomy":"post_tag","embeddable":true,"href":"https:\/\/www.ufukonen.com\/tr\/wp-json\/wp\/v2\/tags?post=6445"}],"curies":[{"name":"wp","href":"https:\/\/api.w.org\/{rel}","templated":true}]}}