{"id":6447,"date":"2021-03-22T01:00:00","date_gmt":"2021-03-21T22:00:00","guid":{"rendered":"https:\/\/www.ufukonen.com\/tr\/?p=6447"},"modified":"2025-08-07T15:21:20","modified_gmt":"2025-08-07T12:21:20","slug":"vokal-miksi-rehber-2","status":"publish","type":"post","link":"https:\/\/www.ufukonen.com\/tr\/vokal-miksi-rehber-2.html","title":{"rendered":"Vokal Miksi i\u00e7in Mini Rehber (2. B\u00f6l\u00fcm)"},"content":{"rendered":"\n<p>Bu yaz\u0131mda vokal miksi i\u00e7in kullanabilece\u011finiz sekiz ba\u015fl\u0131ktan olu\u015fan bir mini rehber haz\u0131rlad\u0131m. Her ba\u015fl\u0131\u011f\u0131n alt\u0131nda ilgili yaz\u0131lar\u0131n linklerini ekledim.<\/p>\n\n\n\n<p>\u0130lk olarak 22 Mart 2021&#8217;de yay\u0131nlanm\u0131\u015f olan bu mini rehber, 8 A\u011fustos 2022, 28 Kas\u0131m 2022, 20 Mart 2023 ve <strong>7 A\u011fustos 2025<\/strong> tarihlerinde g\u00fcncellenmi\u015ftir.<\/p>\n\n\n\n<ol><li>Filtre ve EQ<\/li><li>Kompres\u00f6r<\/li><li>EQ<\/li><li>De-esser<\/li><li>Sidechain Kompres\u00f6r Kullan\u0131m\u0131<\/li><li>Saturation, Distortion ve Di\u011fer Efektler<\/li><li>Paralel \u0130\u015flemciler ve \u0130\u015flemler<\/li><li>Reverb ve Delay<\/li><\/ol>\n\n\n\n<p>Birinci b\u00f6l\u00fcmde ilk \u00fc\u00e7 ba\u015fl\u0131\u011f\u0131 ele alm\u0131\u015ft\u0131m, bu b\u00f6l\u00fcmde di\u011fer d\u00f6rt ba\u015fl\u0131k ile devam ediyorum. Birinci b\u00f6l\u00fcm\u00fc okumak i\u00e7in <a href=\"https:\/\/www.ufukonen.com\/tr\/vokal-miksi-rehber-1.html\">buraya t\u0131klay\u0131n\u0131z<\/a>.<\/p>\n\n\n\n<div style=\"height:25px\" aria-hidden=\"true\" class=\"wp-block-spacer\"><\/div>\n\n\n\n<h3>4. De-esser<\/h3>\n\n\n\n<p>S, \u015f, c, \u00e7, j, z gibi \u00fcns\u00fczlerin a\u015f\u0131r\u0131 vurgulanmas\u0131yla ortaya \u00e7\u0131kan ve genelde istenmeyen ve \u201ckulak t\u0131rmalay\u0131c\u0131\u201d olarak nitelendirelen sesler sibilans olarak adland\u0131r\u0131l\u0131r.<\/p>\n\n\n\n<p>Sibilans probleminin miktar\u0131 di\u015f yap\u0131s\u0131 ve benzeri sebeplerden dolay\u0131 ki\u015fiden ki\u015fiye de\u011fi\u015febilmektedir, ancak bu problem \u00fczerinde etkili olan di\u011fer fakt\u00f6rler de vard\u0131r. Bunlardan biri ve belki de g\u00fcn\u00fcm\u00fczde sibilans\u0131n en s\u0131k g\u00f6r\u00fclen sebeplerinden olan\u0131, vokal kanallar\u0131nda kay\u0131t veya miks s\u0131ras\u0131nda \u00fcst frekanslar\u0131n art\u0131r\u0131lmas\u0131d\u0131r. \u00dcst frekanslar\u0131n art\u0131r\u0131lmas\u0131 vokalin mikste \u00f6ne \u00e7\u0131kmas\u0131n\u0131 ve dinleyiciye yak\u0131n gelmesini sa\u011flar, ancak ayn\u0131 zamanda istenmeyen sibilant sesleri de belirginle\u015ftirir.<\/p>\n\n\n\n<p>Sibilans sorununu azaltmak i\u00e7in de-essing tekni\u011fi ile 5-10 kHz aras\u0131ndaki b\u00f6lgeye m\u00fcdahale edebiliriz. De-esser&#8217;\u0131n hedef frekans\u0131n\u0131 elimizdeki vokal kayd\u0131na g\u00f6re belirlememiz gerekir.<\/p>\n\n\n\n<figure class=\"wp-block-image size-large\"><a href=\"https:\/\/www.ufukonen.com\/tr\/de-esser-nedir-nasil-kullanilir.html\" target=\"_blank\" rel=\"noopener noreferrer\"><img loading=\"lazy\" width=\"1024\" height=\"576\" src=\"https:\/\/www.ufukonen.com\/tr\/wp-content\/uploads\/De-esser_Header-1024x576.jpg\" alt=\"\" class=\"wp-image-5999\" srcset=\"https:\/\/www.ufukonen.com\/tr\/wp-content\/uploads\/De-esser_Header-1024x576.jpg 1024w, https:\/\/www.ufukonen.com\/tr\/wp-content\/uploads\/De-esser_Header-300x169.jpg 300w, https:\/\/www.ufukonen.com\/tr\/wp-content\/uploads\/De-esser_Header-768x432.jpg 768w, https:\/\/www.ufukonen.com\/tr\/wp-content\/uploads\/De-esser_Header-1536x864.jpg 1536w, https:\/\/www.ufukonen.com\/tr\/wp-content\/uploads\/De-esser_Header-1140x641.jpg 1140w, https:\/\/www.ufukonen.com\/tr\/wp-content\/uploads\/De-esser_Header-552x311.jpg 552w, https:\/\/www.ufukonen.com\/tr\/wp-content\/uploads\/De-esser_Header.jpg 1920w\" sizes=\"(max-width: 1024px) 100vw, 1024px\" \/><\/a><figcaption>Yaz\u0131: <a rel=\"noreferrer noopener\" href=\"https:\/\/www.ufukonen.com\/tr\/de-esser-nedir-nasil-kullanilir.html\" target=\"_blank\">De-esser Nedir ve Nas\u0131l Kullan\u0131l\u0131r?<\/a><\/figcaption><\/figure>\n\n\n\n<div style=\"height:20px\" aria-hidden=\"true\" class=\"wp-block-spacer\"><\/div>\n\n\n\n<p>De-esser \u00fczerinde iki farkl\u0131 \u00e7al\u0131\u015fma se\u00e7ene\u011fi bulunur: Wide-band ve split-band. Bu se\u00e7ene\u011fe bazen dikkat edilmez ama asl\u0131nda g\u00f6z ard\u0131 edilmeyecek kadar \u00f6nemlidir.<\/p>\n\n\n\n<figure class=\"wp-block-image size-large\"><a href=\"https:\/\/www.ufukonen.com\/tr\/deesser-wideband-splitband.html\" target=\"_blank\" rel=\"noopener\"><img loading=\"lazy\" width=\"1024\" height=\"576\" src=\"https:\/\/www.ufukonen.com\/tr\/wp-content\/uploads\/Deesser_Wideband_Splitband_00_Header-1024x576.jpg\" alt=\"\" class=\"wp-image-7292\" srcset=\"https:\/\/www.ufukonen.com\/tr\/wp-content\/uploads\/Deesser_Wideband_Splitband_00_Header-1024x576.jpg 1024w, https:\/\/www.ufukonen.com\/tr\/wp-content\/uploads\/Deesser_Wideband_Splitband_00_Header-300x169.jpg 300w, https:\/\/www.ufukonen.com\/tr\/wp-content\/uploads\/Deesser_Wideband_Splitband_00_Header-768x432.jpg 768w, https:\/\/www.ufukonen.com\/tr\/wp-content\/uploads\/Deesser_Wideband_Splitband_00_Header-1536x864.jpg 1536w, https:\/\/www.ufukonen.com\/tr\/wp-content\/uploads\/Deesser_Wideband_Splitband_00_Header-1140x641.jpg 1140w, https:\/\/www.ufukonen.com\/tr\/wp-content\/uploads\/Deesser_Wideband_Splitband_00_Header-552x311.jpg 552w, https:\/\/www.ufukonen.com\/tr\/wp-content\/uploads\/Deesser_Wideband_Splitband_00_Header.jpg 1920w\" sizes=\"(max-width: 1024px) 100vw, 1024px\" \/><\/a><figcaption>Yaz\u0131: <a href=\"https:\/\/www.ufukonen.com\/tr\/deesser-wideband-splitband.html\" data-type=\"post\" data-id=\"7279\" target=\"_blank\" rel=\"noreferrer noopener\">De-Esser: Wide-Band ve Split-Band Aras\u0131ndaki Fark<\/a><\/figcaption><\/figure>\n\n\n\n<div style=\"height:25px\" aria-hidden=\"true\" class=\"wp-block-spacer\"><\/div>\n\n\n\n<h3>5. Sidechain Kompres\u00f6r Kullan\u0131m\u0131<\/h3>\n\n\n\n<p>Sidechain, kompres\u00f6r\u00fcn \u00fczerinde bulunan bir kontrol devresidir. Bu devre, sidechain giri\u015findeki sinyale g\u00f6re kompres\u00f6r\u00fcn ne zaman hangi kapasitede \u00e7al\u0131\u015faca\u011f\u0131n\u0131 kontrol eder.<\/p>\n\n\n\n<p>Sidechain, ilk \u00f6nceleri, ducking tekni\u011fi olarak adland\u0131r\u0131lan, radyo istasyonlar\u0131nda anons ve konu\u015fmalar s\u0131ras\u0131nda m\u00fczi\u011fi otomatik olarak k\u0131sma i\u015flemi i\u00e7in noise gate \u00fcnitelerinde kullan\u0131lmaya ba\u015flanm\u0131\u015ft\u0131. M\u00fczik, DJ konu\u015furken bir gate arac\u0131l\u0131\u011f\u0131 ile otomatik olarak k\u0131s\u0131l\u0131r, DJ\u2019in konu\u015fmas\u0131 bitti\u011finde de normal seviyesine geri d\u00f6nerdi. Ducking radyolarda hala kullan\u0131lan bir teknik.<\/p>\n\n\n\n<p>Tabii sidechain kullan\u0131m\u0131 sadece radyo programlar\u0131ndaki anons\/m\u00fczik dengesini ayarlamakla k\u0131s\u0131tl\u0131 de\u011fil. Vokal miksi de dahil olmak \u00fczere m\u00fczik prod\u00fcksiyonlar\u0131nda da s\u0131kl\u0131kla kullan\u0131l\u0131yor.<\/p>\n\n\n\n<figure class=\"wp-block-image size-large\"><a href=\"https:\/\/www.ufukonen.com\/tr\/kompresor-teknikleri-3-sidechain.html\" target=\"_blank\" rel=\"noopener\"><img loading=\"lazy\" width=\"1024\" height=\"576\" src=\"https:\/\/www.ufukonen.com\/tr\/wp-content\/uploads\/Kompresor_Teknikleri_00_Header-1024x576.jpg\" alt=\"\" class=\"wp-image-5423\" srcset=\"https:\/\/www.ufukonen.com\/tr\/wp-content\/uploads\/Kompresor_Teknikleri_00_Header-1024x576.jpg 1024w, https:\/\/www.ufukonen.com\/tr\/wp-content\/uploads\/Kompresor_Teknikleri_00_Header-300x169.jpg 300w, https:\/\/www.ufukonen.com\/tr\/wp-content\/uploads\/Kompresor_Teknikleri_00_Header-768x432.jpg 768w, https:\/\/www.ufukonen.com\/tr\/wp-content\/uploads\/Kompresor_Teknikleri_00_Header-1536x864.jpg 1536w, https:\/\/www.ufukonen.com\/tr\/wp-content\/uploads\/Kompresor_Teknikleri_00_Header.jpg 1920w\" sizes=\"(max-width: 1024px) 100vw, 1024px\" \/><\/a><figcaption>Yaz\u0131: <a href=\"https:\/\/www.ufukonen.com\/tr\/kompresor-teknikleri-3-sidechain.html\" data-type=\"post\" data-id=\"5419\" target=\"_blank\" rel=\"noreferrer noopener\">Kompres\u00f6r Teknikleri \u2013 3. B\u00f6l\u00fcm: Sidechain Kompres\u00f6r Kullan\u0131m\u0131<\/a><\/figcaption><\/figure>\n\n\n\n<div style=\"height:20px\" aria-hidden=\"true\" class=\"wp-block-spacer\"><\/div>\n\n\n\n<p>Sidechain kompres\u00f6r ve ducking tekniklerinin&nbsp;yapt\u0131klar\u0131 i\u015fler birbirlerine benziyor ama bu iki teknik t\u0131pat\u0131p ayn\u0131 de\u011fil. Aralar\u0131nda bir fark var.<\/p>\n\n\n\n<figure class=\"wp-block-image size-large\"><a href=\"https:\/\/www.ufukonen.com\/tr\/sidechain-kompresor-ducking.html\" target=\"_blank\" rel=\"noopener\"><img loading=\"lazy\" width=\"1024\" height=\"576\" src=\"https:\/\/www.ufukonen.com\/tr\/wp-content\/uploads\/Sidechain_Kompresor_Ducking_00_Header-1024x576.jpg\" alt=\"\" class=\"wp-image-7274\" srcset=\"https:\/\/www.ufukonen.com\/tr\/wp-content\/uploads\/Sidechain_Kompresor_Ducking_00_Header-1024x576.jpg 1024w, https:\/\/www.ufukonen.com\/tr\/wp-content\/uploads\/Sidechain_Kompresor_Ducking_00_Header-300x169.jpg 300w, https:\/\/www.ufukonen.com\/tr\/wp-content\/uploads\/Sidechain_Kompresor_Ducking_00_Header-768x432.jpg 768w, https:\/\/www.ufukonen.com\/tr\/wp-content\/uploads\/Sidechain_Kompresor_Ducking_00_Header-1536x864.jpg 1536w, https:\/\/www.ufukonen.com\/tr\/wp-content\/uploads\/Sidechain_Kompresor_Ducking_00_Header-1140x641.jpg 1140w, https:\/\/www.ufukonen.com\/tr\/wp-content\/uploads\/Sidechain_Kompresor_Ducking_00_Header-552x311.jpg 552w, https:\/\/www.ufukonen.com\/tr\/wp-content\/uploads\/Sidechain_Kompresor_Ducking_00_Header.jpg 1920w\" sizes=\"(max-width: 1024px) 100vw, 1024px\" \/><\/a><figcaption>Yaz\u0131: <a href=\"https:\/\/www.ufukonen.com\/tr\/sidechain-kompresor-ducking.html\" data-type=\"post\" data-id=\"7267\" target=\"_blank\" rel=\"noreferrer noopener\">Sidechain Kompres\u00f6r ve Ducking Teknikleri Aras\u0131ndaki Fark<\/a><\/figcaption><\/figure>\n\n\n\n<div style=\"height:25px\" aria-hidden=\"true\" class=\"wp-block-spacer\"><\/div>\n\n\n\n<h3>6. Saturation, Distortion ve Di\u011fer Efektler<\/h3>\n\n\n\n<p>Saturation terimini kula\u011fa ho\u015f gelen harmoniklerin olu\u015ftu\u011fu k\u00fc\u00e7\u00fck bozulmalar (distortion) olarak tan\u0131mlayabiliriz. Analog kay\u0131t zamanlar\u0131nda sinyal bir\u00e7ok defa saturation&#8217;a u\u011fruyordu: Mikrofon pre-amplifikat\u00f6rlerinin i\u00e7inde (\u00f6zellikle t\u00fcpl\u00fc mikrofon pre-amplifikat\u00f6rlerde), analog mikserlerin i\u00e7inde, analog bantlarda\u2026<\/p>\n\n\n\n<p>Dijital daha steril oldu\u011fu i\u00e7in bu k\u00fc\u00e7\u00fck bozulmalar olmuyor. Tabii bu, kula\u011f\u0131m\u0131za ho\u015f gelen, sinyalin harmonik i\u00e7eri\u011fini zanginle\u015ftiren ve sese s\u0131cakl\u0131k katan bu k\u00fc\u00e7\u00fck bozulmalardan mahrum kalaca\u011f\u0131m\u0131z anlam\u0131na gelmiyor. Saturation, distortion, analog bant em\u00fclasyon ve benzeri plug-in&#8217;ler arac\u0131l\u0131\u011f\u0131 vokal kanal\u0131n\u0131n harmonik i\u00e7eri\u011fini zenginle\u015ftirmek m\u00fcmk\u00fcn.<\/p>\n\n\n\n<figure class=\"wp-block-image size-large\"><a href=\"https:\/\/www.ufukonen.com\/tr\/analog-bant-emulasyon-plugin-1.html\" target=\"_blank\" rel=\"noopener noreferrer\"><img loading=\"lazy\" width=\"924\" height=\"520\" src=\"https:\/\/www.ufukonen.com\/tr\/wp-content\/uploads\/Analog_Bant_Emulasyon.jpg\" alt=\"\" class=\"wp-image-4903\" srcset=\"https:\/\/www.ufukonen.com\/tr\/wp-content\/uploads\/Analog_Bant_Emulasyon.jpg 924w, https:\/\/www.ufukonen.com\/tr\/wp-content\/uploads\/Analog_Bant_Emulasyon-300x169.jpg 300w, https:\/\/www.ufukonen.com\/tr\/wp-content\/uploads\/Analog_Bant_Emulasyon-768x432.jpg 768w\" sizes=\"(max-width: 924px) 100vw, 924px\" \/><\/a><figcaption>Yaz\u0131: <a rel=\"noreferrer noopener\" href=\"https:\/\/www.ufukonen.com\/tr\/analog-bant-emulasyon-plugin-1.html\" target=\"_blank\">Analog Bant Em\u00fclasyon Plug-in\u2019leri<\/a><\/figcaption><\/figure>\n\n\n\n<div style=\"height:20px\" aria-hidden=\"true\" class=\"wp-block-spacer\"><\/div>\n\n\n\n<p>\u00dccretsiz plug-in&#8217;ler i\u00e7in a\u015fa\u011f\u0131daki linkleri g\u00f6z atabilirsiniz.<\/p>\n\n\n\n<figure class=\"wp-block-image size-large\"><a href=\"https:\/\/www.ufukonen.com\/tr\/ucretsiz-pluginler-03.html\" target=\"_blank\" rel=\"noopener noreferrer\"><img loading=\"lazy\" width=\"600\" height=\"600\" src=\"https:\/\/www.ufukonen.com\/tr\/wp-content\/uploads\/Ucretsiz_Pluginler_03s.jpg\" alt=\"\" class=\"wp-image-2433\" srcset=\"https:\/\/www.ufukonen.com\/tr\/wp-content\/uploads\/Ucretsiz_Pluginler_03s.jpg 600w, https:\/\/www.ufukonen.com\/tr\/wp-content\/uploads\/Ucretsiz_Pluginler_03s-150x150.jpg 150w, https:\/\/www.ufukonen.com\/tr\/wp-content\/uploads\/Ucretsiz_Pluginler_03s-300x300.jpg 300w\" sizes=\"(max-width: 600px) 100vw, 600px\" \/><\/a><figcaption>Yaz\u0131: <a rel=\"noreferrer noopener\" href=\"https:\/\/www.ufukonen.com\/tr\/ucretsiz-pluginler-03.html\" target=\"_blank\">\u00dccretsiz Plug-in\u2019ler (03)<\/a><\/figcaption><\/figure>\n\n\n\n<div style=\"height:20px\" aria-hidden=\"true\" class=\"wp-block-spacer\"><\/div>\n\n\n\n<figure class=\"wp-block-image size-large\"><a href=\"https:\/\/www.ufukonen.com\/tr\/ucretsiz-pluginler-05.html\" target=\"_blank\" rel=\"noopener noreferrer\"><img loading=\"lazy\" width=\"600\" height=\"600\" src=\"https:\/\/www.ufukonen.com\/tr\/wp-content\/uploads\/Ucretsiz_Pluginler_05s.jpg\" alt=\"\" class=\"wp-image-2602\" srcset=\"https:\/\/www.ufukonen.com\/tr\/wp-content\/uploads\/Ucretsiz_Pluginler_05s.jpg 600w, https:\/\/www.ufukonen.com\/tr\/wp-content\/uploads\/Ucretsiz_Pluginler_05s-150x150.jpg 150w, https:\/\/www.ufukonen.com\/tr\/wp-content\/uploads\/Ucretsiz_Pluginler_05s-300x300.jpg 300w\" sizes=\"(max-width: 600px) 100vw, 600px\" \/><\/a><figcaption>Yaz\u0131: <a rel=\"noreferrer noopener\" href=\"https:\/\/www.ufukonen.com\/tr\/ucretsiz-pluginler-05.html\" target=\"_blank\">\u00dccretsiz Plug-in\u2019ler (05)<\/a><\/figcaption><\/figure>\n\n\n\n<div style=\"height:20px\" aria-hidden=\"true\" class=\"wp-block-spacer\"><\/div>\n\n\n\n<figure class=\"wp-block-image size-large\"><a href=\"https:\/\/www.ufukonen.com\/tr\/ucretsiz-pluginler-09.html\" target=\"_blank\" rel=\"noopener noreferrer\"><img loading=\"lazy\" width=\"600\" height=\"600\" src=\"https:\/\/www.ufukonen.com\/tr\/wp-content\/uploads\/Ucretsiz_Pluginler_09s.jpg\" alt=\"\" class=\"wp-image-3102\" srcset=\"https:\/\/www.ufukonen.com\/tr\/wp-content\/uploads\/Ucretsiz_Pluginler_09s.jpg 600w, https:\/\/www.ufukonen.com\/tr\/wp-content\/uploads\/Ucretsiz_Pluginler_09s-150x150.jpg 150w, https:\/\/www.ufukonen.com\/tr\/wp-content\/uploads\/Ucretsiz_Pluginler_09s-300x300.jpg 300w\" sizes=\"(max-width: 600px) 100vw, 600px\" \/><\/a><figcaption>Yaz\u0131: <a rel=\"noreferrer noopener\" href=\"https:\/\/www.ufukonen.com\/tr\/ucretsiz-pluginler-09.html\" target=\"_blank\">\u00dccretsiz Plug-in\u2019ler (09)<\/a><\/figcaption><\/figure>\n\n\n\n<div style=\"height:25px\" aria-hidden=\"true\" class=\"wp-block-spacer\"><\/div>\n\n\n\n<h3>7. Paralel \u0130\u015flemciler ve \u0130\u015flemler<\/h3>\n\n\n\n<p>Saturation i\u015fini bir ad\u0131m daha ileri g\u00f6t\u00fcrmek isterseniz vokali paralel kanalda i\u015fleyebilirsiniz. Nas\u0131l oldu\u011funu a\u015fa\u011f\u0131da linkini verdi\u011fim yaz\u0131da anlatt\u0131m.<\/p>\n\n\n\n<figure class=\"wp-block-image size-large\"><a href=\"https:\/\/www.ufukonen.com\/tr\/mikste-vokali-one-cikartmak.html\" target=\"_blank\" rel=\"noopener noreferrer\"><img loading=\"lazy\" width=\"1024\" height=\"576\" src=\"https:\/\/www.ufukonen.com\/tr\/wp-content\/uploads\/Mikste_Vokali_One_Cikartmak_00_Header-1024x576.jpg\" alt=\"\" class=\"wp-image-6357\" srcset=\"https:\/\/www.ufukonen.com\/tr\/wp-content\/uploads\/Mikste_Vokali_One_Cikartmak_00_Header-1024x576.jpg 1024w, https:\/\/www.ufukonen.com\/tr\/wp-content\/uploads\/Mikste_Vokali_One_Cikartmak_00_Header-300x169.jpg 300w, https:\/\/www.ufukonen.com\/tr\/wp-content\/uploads\/Mikste_Vokali_One_Cikartmak_00_Header-768x432.jpg 768w, https:\/\/www.ufukonen.com\/tr\/wp-content\/uploads\/Mikste_Vokali_One_Cikartmak_00_Header-1536x864.jpg 1536w, https:\/\/www.ufukonen.com\/tr\/wp-content\/uploads\/Mikste_Vokali_One_Cikartmak_00_Header-1140x641.jpg 1140w, https:\/\/www.ufukonen.com\/tr\/wp-content\/uploads\/Mikste_Vokali_One_Cikartmak_00_Header-552x311.jpg 552w, https:\/\/www.ufukonen.com\/tr\/wp-content\/uploads\/Mikste_Vokali_One_Cikartmak_00_Header.jpg 1920w\" sizes=\"(max-width: 1024px) 100vw, 1024px\" \/><\/a><figcaption>Yaz\u0131 ve ses \u00f6rnekleri: <a rel=\"noreferrer noopener\" href=\"https:\/\/www.ufukonen.com\/tr\/mikste-vokali-one-cikartmak.html\" target=\"_blank\">Mikste Vokali \u00d6ne \u00c7\u0131kartmak \u0130\u00e7in Bir Teknik<\/a><\/figcaption><\/figure>\n\n\n\n<div style=\"height:20px\" aria-hidden=\"true\" class=\"wp-block-spacer\"><\/div>\n\n\n\n<p>Yine bir paralel i\u015flem tekni\u011fi ile vokale &#8220;hava&#8221; ve &#8220;parlakl\u0131k&#8221; katabilirsiniz. Bu basit ama \u00e7ok etkili tekni\u011fi nas\u0131l uygulayabilece\u011finizi a\u015fa\u011f\u0131da linkini verdi\u011fim yaz\u0131da anlatt\u0131m.<\/p>\n\n\n\n<figure class=\"wp-block-image size-large\"><a href=\"https:\/\/www.ufukonen.com\/tr\/vokal-hava-parlaklik.html\" target=\"_blank\" rel=\"noopener\"><img loading=\"lazy\" width=\"1024\" height=\"576\" src=\"https:\/\/www.ufukonen.com\/tr\/wp-content\/uploads\/Vokal_Hava_Parlaklik_00_Header-1024x576.jpg\" alt=\"\" class=\"wp-image-7528\" srcset=\"https:\/\/www.ufukonen.com\/tr\/wp-content\/uploads\/Vokal_Hava_Parlaklik_00_Header-1024x576.jpg 1024w, https:\/\/www.ufukonen.com\/tr\/wp-content\/uploads\/Vokal_Hava_Parlaklik_00_Header-300x169.jpg 300w, https:\/\/www.ufukonen.com\/tr\/wp-content\/uploads\/Vokal_Hava_Parlaklik_00_Header-768x432.jpg 768w, https:\/\/www.ufukonen.com\/tr\/wp-content\/uploads\/Vokal_Hava_Parlaklik_00_Header-1536x864.jpg 1536w, https:\/\/www.ufukonen.com\/tr\/wp-content\/uploads\/Vokal_Hava_Parlaklik_00_Header-1140x641.jpg 1140w, https:\/\/www.ufukonen.com\/tr\/wp-content\/uploads\/Vokal_Hava_Parlaklik_00_Header-552x311.jpg 552w, https:\/\/www.ufukonen.com\/tr\/wp-content\/uploads\/Vokal_Hava_Parlaklik_00_Header.jpg 1920w\" sizes=\"(max-width: 1024px) 100vw, 1024px\" \/><\/a><figcaption>Yaz\u0131 ve ses \u00f6rnekleri: <a href=\"https:\/\/www.ufukonen.com\/tr\/vokal-hava-parlaklik.html\" data-type=\"post\" data-id=\"7515\" target=\"_blank\" rel=\"noreferrer noopener\">Vokale \u201cHava\u201d ve \u201cParlakl\u0131k\u201d Katmak \u0130\u00e7in Bir Teknik<\/a><\/figcaption><\/figure>\n\n\n\n<div style=\"height:25px\" aria-hidden=\"true\" class=\"wp-block-spacer\"><\/div>\n\n\n\n<p>Tabii standart paralel kompres\u00f6r tekni\u011fini de her zaman akl\u0131m\u0131z\u0131n bir k\u00f6\u015fesinde bulundurmak gerekir.<\/p>\n\n\n\n<figure class=\"wp-block-image size-large\"><a href=\"https:\/\/www.ufukonen.com\/tr\/kompresor-teknikleri-1-paralel.html\" target=\"_blank\" rel=\"noopener noreferrer\"><img loading=\"lazy\" width=\"1024\" height=\"576\" src=\"https:\/\/www.ufukonen.com\/tr\/wp-content\/uploads\/Kompresor_Teknikleri_00_Header-1024x576.jpg\" alt=\"\" class=\"wp-image-5423\" srcset=\"https:\/\/www.ufukonen.com\/tr\/wp-content\/uploads\/Kompresor_Teknikleri_00_Header-1024x576.jpg 1024w, https:\/\/www.ufukonen.com\/tr\/wp-content\/uploads\/Kompresor_Teknikleri_00_Header-300x169.jpg 300w, https:\/\/www.ufukonen.com\/tr\/wp-content\/uploads\/Kompresor_Teknikleri_00_Header-768x432.jpg 768w, https:\/\/www.ufukonen.com\/tr\/wp-content\/uploads\/Kompresor_Teknikleri_00_Header-1536x864.jpg 1536w, https:\/\/www.ufukonen.com\/tr\/wp-content\/uploads\/Kompresor_Teknikleri_00_Header.jpg 1920w\" sizes=\"(max-width: 1024px) 100vw, 1024px\" \/><\/a><figcaption>Yaz\u0131: <a rel=\"noreferrer noopener\" href=\"https:\/\/www.ufukonen.com\/tr\/kompresor-teknikleri-1-paralel.html\" target=\"_blank\">Kompres\u00f6r Teknikleri \u2013 1. B\u00f6l\u00fcm: Paralel Kompres\u00f6r Kullan\u0131m\u0131<\/a><\/figcaption><\/figure>\n\n\n\n<div style=\"height:20px\" aria-hidden=\"true\" class=\"wp-block-spacer\"><\/div>\n\n\n\n<p>Andrew Scheps&#8217;in rear buss tekni\u011fini de unutmamak laz\u0131m!<\/p>\n\n\n\n<figure class=\"wp-block-image size-large\"><a href=\"https:\/\/www.ufukonen.com\/tr\/andrew-scheps-ve-rear-buss-teknigi.html\" target=\"_blank\" rel=\"noopener noreferrer\"><img loading=\"lazy\" width=\"1024\" height=\"576\" src=\"https:\/\/www.ufukonen.com\/tr\/wp-content\/uploads\/Andrew_Scheps_1280x720-1024x576.jpg\" alt=\"\" class=\"wp-image-3848\" srcset=\"https:\/\/www.ufukonen.com\/tr\/wp-content\/uploads\/Andrew_Scheps_1280x720-1024x576.jpg 1024w, https:\/\/www.ufukonen.com\/tr\/wp-content\/uploads\/Andrew_Scheps_1280x720-300x169.jpg 300w, https:\/\/www.ufukonen.com\/tr\/wp-content\/uploads\/Andrew_Scheps_1280x720-768x432.jpg 768w, https:\/\/www.ufukonen.com\/tr\/wp-content\/uploads\/Andrew_Scheps_1280x720.jpg 1280w\" sizes=\"(max-width: 1024px) 100vw, 1024px\" \/><\/a><figcaption>Yaz\u0131: <a rel=\"noreferrer noopener\" href=\"https:\/\/www.ufukonen.com\/tr\/andrew-scheps-ve-rear-buss-teknigi.html\" target=\"_blank\">Andrew Scheps ve Rear Buss Tekni\u011fi<\/a><\/figcaption><\/figure>\n\n\n\n<div style=\"height:25px\" aria-hidden=\"true\" class=\"wp-block-spacer\"><\/div>\n\n\n\n<h3>8. Reverb ve Delay<\/h3>\n\n\n\n<p>Vokal kayd\u0131n\u0131 i\u015fledikten sonra s\u0131ra reverb ve delay kullanarak vokal i\u00e7in alan ve derinlik olu\u015fturmaya geldi.<\/p>\n\n\n\n<p>Akl\u0131m\u0131z\u0131n bir k\u00f6\u015fesinde her zaman bulunmas\u0131 gereken birka\u00e7 nokta:<\/p>\n\n\n\n<p>Reverb ve delay efektlerini send y\u00f6ntemi ile kullanman\u0131n bir\u00e7ok avantaj\u0131 vard\u0131r. Farkl\u0131 bir ama\u00e7 yoksa, reverb ve delay insert olarak de\u011fil send y\u00f6ntemi ile kullan\u0131lmal\u0131d\u0131r.<\/p>\n\n\n\n<figure class=\"wp-block-image size-large\"><a href=\"https:\/\/www.ufukonen.com\/tr\/plug-inlerin-insert-ve-send-olarak-kullanimlari.html\" target=\"_blank\" rel=\"noopener noreferrer\"><img loading=\"lazy\" width=\"1024\" height=\"605\" src=\"https:\/\/www.ufukonen.com\/tr\/wp-content\/uploads\/Onen-Send-Insert-Sekil-07-1024x605.jpg\" alt=\"\" class=\"wp-image-759\" srcset=\"https:\/\/www.ufukonen.com\/tr\/wp-content\/uploads\/Onen-Send-Insert-Sekil-07-1024x605.jpg 1024w, https:\/\/www.ufukonen.com\/tr\/wp-content\/uploads\/Onen-Send-Insert-Sekil-07-300x177.jpg 300w, https:\/\/www.ufukonen.com\/tr\/wp-content\/uploads\/Onen-Send-Insert-Sekil-07.jpg 1671w\" sizes=\"(max-width: 1024px) 100vw, 1024px\" \/><\/a><figcaption>Yaz\u0131: <a rel=\"noreferrer noopener\" href=\"https:\/\/www.ufukonen.com\/tr\/plug-inlerin-insert-ve-send-olarak-kullanimlari.html\" target=\"_blank\">Plug-in\u2019lerin \u2018Insert\u2019 ve \u2018Send\u2019 Olarak Kullan\u0131mlar\u0131<\/a><\/figcaption><\/figure>\n\n\n\n<div style=\"height:20px\" aria-hidden=\"true\" class=\"wp-block-spacer\"><\/div>\n\n\n\n<p>Reverb ve delay genelde par\u00e7an\u0131n temposuna g\u00f6re ayarlan\u0131r. &#8220;Genelde&#8221; diyorum \u00e7\u00fcnk\u00fc m\u00fczik prod\u00fcksiyonlar\u0131nda hi\u00e7bir zaman kesin kurallar yoktur. Bazen farkl\u0131 yakla\u015f\u0131mlar \u00e7ok iyi sonu\u00e7lar verebilir. Reverb s\u00fcresi ile birlikte pre-delay s\u00fcresi de \u00e7ok \u00f6nemlidir.<\/p>\n\n\n\n<figure class=\"wp-block-image size-large\"><a href=\"https:\/\/www.ufukonen.com\/tr\/reverb-decay-pre-delay.html\" target=\"_blank\" rel=\"noopener noreferrer\"><img loading=\"lazy\" width=\"1024\" height=\"576\" src=\"https:\/\/www.ufukonen.com\/tr\/wp-content\/uploads\/Reverb_Decay_Pre-Delay-1024x576.jpg\" alt=\"\" class=\"wp-image-3642\" srcset=\"https:\/\/www.ufukonen.com\/tr\/wp-content\/uploads\/Reverb_Decay_Pre-Delay-1024x576.jpg 1024w, https:\/\/www.ufukonen.com\/tr\/wp-content\/uploads\/Reverb_Decay_Pre-Delay-300x169.jpg 300w, https:\/\/www.ufukonen.com\/tr\/wp-content\/uploads\/Reverb_Decay_Pre-Delay-768x432.jpg 768w, https:\/\/www.ufukonen.com\/tr\/wp-content\/uploads\/Reverb_Decay_Pre-Delay.jpg 1920w\" sizes=\"(max-width: 1024px) 100vw, 1024px\" \/><\/a><figcaption>Yaz\u0131: <a rel=\"noreferrer noopener\" href=\"https:\/\/www.ufukonen.com\/tr\/reverb-decay-pre-delay.html\" target=\"_blank\">Reverb \u00dczerindeki Decay ve Pre-Delay Parametrelerinin Ayarlanmas\u0131<\/a><\/figcaption><\/figure>\n\n\n\n<div style=\"height:20px\" aria-hidden=\"true\" class=\"wp-block-spacer\"><\/div>\n\n\n\n<p>Uzun reverb s\u00fcreleri sesi daha b\u00fcy\u00fck bir alana yerle\u015ftirir, ses kayna\u011f\u0131n\u0131 bizden uzakla\u015ft\u0131r\u0131r. 1 saniyeden k\u0131sa reverb s\u00fcreleri ise sesi daha b\u00fcy\u00fck hale getirir.<\/p>\n\n\n\n<p>Stereo reverb ve delay geni\u015flik, mono reverb ve delay ise derinlik a\u00e7\u0131s\u0131ndan \u00f6nemlidir.<\/p>\n\n\n\n<p>Reverb ve delay d\u00f6n\u00fc\u015flerini EQ ile tonlayabilirsiniz (hatta tonlamal\u0131s\u0131n\u0131z)!<\/p>\n\n\n\n<figure class=\"wp-block-image size-large\"><a href=\"https:\/\/www.ufukonen.com\/tr\/eq-kullanimi-birkac-tavsiye-2.html\" target=\"_blank\" rel=\"noopener noreferrer\"><img loading=\"lazy\" width=\"1024\" height=\"576\" src=\"https:\/\/www.ufukonen.com\/tr\/wp-content\/uploads\/EQ_Kullanimi_Birkac_Tavsiye_1080-1024x576.jpg\" alt=\"\" class=\"wp-image-5138\" srcset=\"https:\/\/www.ufukonen.com\/tr\/wp-content\/uploads\/EQ_Kullanimi_Birkac_Tavsiye_1080-1024x576.jpg 1024w, https:\/\/www.ufukonen.com\/tr\/wp-content\/uploads\/EQ_Kullanimi_Birkac_Tavsiye_1080-300x169.jpg 300w, https:\/\/www.ufukonen.com\/tr\/wp-content\/uploads\/EQ_Kullanimi_Birkac_Tavsiye_1080-768x432.jpg 768w, https:\/\/www.ufukonen.com\/tr\/wp-content\/uploads\/EQ_Kullanimi_Birkac_Tavsiye_1080.jpg 1920w\" sizes=\"(max-width: 1024px) 100vw, 1024px\" \/><\/a><figcaption>Yaz\u0131: <a rel=\"noreferrer noopener\" href=\"https:\/\/www.ufukonen.com\/tr\/eq-kullanimi-birkac-tavsiye-2.html\" target=\"_blank\">EQ Kullan\u0131m\u0131: Birka\u00e7 Tavsiye (2. B\u00f6l\u00fcm)<\/a><\/figcaption><\/figure>\n\n\n\n<div style=\"height:20px\" aria-hidden=\"true\" class=\"wp-block-spacer\"><\/div>\n\n\n\n<p>Reverb ve delay kullan\u0131rken bu ikisini ayr\u0131 ayr\u0131 de\u011fil de birlikte d\u00fc\u015f\u00fcnmek \u00e7ok daha isabetli olur.<\/p>\n\n\n\n<figure class=\"wp-block-image size-large\"><a href=\"https:\/\/www.ufukonen.com\/tr\/reverb-delay-birlikte-kullanirken.html\" target=\"_blank\" rel=\"noopener noreferrer\"><img loading=\"lazy\" width=\"1024\" height=\"576\" src=\"https:\/\/www.ufukonen.com\/tr\/wp-content\/uploads\/Reverb_Delay_Birlikte_Kullanirken_1280x720-1024x576.jpg\" alt=\"\" class=\"wp-image-4920\" srcset=\"https:\/\/www.ufukonen.com\/tr\/wp-content\/uploads\/Reverb_Delay_Birlikte_Kullanirken_1280x720-1024x576.jpg 1024w, https:\/\/www.ufukonen.com\/tr\/wp-content\/uploads\/Reverb_Delay_Birlikte_Kullanirken_1280x720-300x169.jpg 300w, https:\/\/www.ufukonen.com\/tr\/wp-content\/uploads\/Reverb_Delay_Birlikte_Kullanirken_1280x720-768x432.jpg 768w, https:\/\/www.ufukonen.com\/tr\/wp-content\/uploads\/Reverb_Delay_Birlikte_Kullanirken_1280x720.jpg 1280w\" sizes=\"(max-width: 1024px) 100vw, 1024px\" \/><\/a><figcaption>Yaz\u0131: <a rel=\"noreferrer noopener\" href=\"https:\/\/www.ufukonen.com\/tr\/reverb-delay-birlikte-kullanirken.html\" target=\"_blank\">Reverb ve Delay Efektlerini Birlikte Kullan\u0131rken\u2026<\/a><\/figcaption><\/figure>\n\n\n\n<div style=\"height:20px\" aria-hidden=\"true\" class=\"wp-block-spacer\"><\/div>\n\n\n\n<p>Vokalde hangi \u00e7e\u015fit reverb kullan\u0131laca\u011f\u0131 konusunda bir kural yok elbette ama plate reverb genelde ilk tercihlerdendir.<\/p>\n\n\n\n<figure class=\"wp-block-image size-large\"><a href=\"https:\/\/www.ufukonen.com\/tr\/plate-reverb.html\" target=\"_blank\" rel=\"noopener noreferrer\"><img loading=\"lazy\" width=\"800\" height=\"550\" src=\"https:\/\/www.ufukonen.com\/tr\/wp-content\/uploads\/Plate_Reverb_WavesAbbeyRoad_rfs.jpg\" alt=\"\" class=\"wp-image-5166\" srcset=\"https:\/\/www.ufukonen.com\/tr\/wp-content\/uploads\/Plate_Reverb_WavesAbbeyRoad_rfs.jpg 800w, https:\/\/www.ufukonen.com\/tr\/wp-content\/uploads\/Plate_Reverb_WavesAbbeyRoad_rfs-300x206.jpg 300w, https:\/\/www.ufukonen.com\/tr\/wp-content\/uploads\/Plate_Reverb_WavesAbbeyRoad_rfs-768x528.jpg 768w\" sizes=\"(max-width: 800px) 100vw, 800px\" \/><\/a><figcaption>Yaz\u0131: <a rel=\"noreferrer noopener\" href=\"https:\/\/www.ufukonen.com\/tr\/plate-reverb.html\" target=\"_blank\">Plate Reverb<\/a><\/figcaption><\/figure>\n\n\n\n<div style=\"height:20px\" aria-hidden=\"true\" class=\"wp-block-spacer\"><\/div>\n\n\n\n<h2>Son Olarak&#8230;<\/h2>\n\n\n\n<p>Son olarak, &#8220;<a href=\"https:\/\/www.ufukonen.com\/tr\/ilk-mikrofonunu-alacaklar-tavsiye.html\" data-type=\"post\" data-id=\"7152\" target=\"_blank\" rel=\"noreferrer noopener\">\u0130lk Mikrofonunu Alacaklar \u0130\u00e7in Tavsiye<\/a>&#8221; ve e\u011fer bu yaz\u0131n\u0131n birinci b\u00f6l\u00fcm\u00fcnde g\u00f6zden ka\u00e7t\u0131ysa, &#8220;<a rel=\"noreferrer noopener\" href=\"https:\/\/www.ufukonen.com\/tr\/vokali-miksin-icine-nasil-oturtabiliriz.html\" data-type=\"post\" data-id=\"7735\" target=\"_blank\">Vokali Miksin \u0130\u00e7ine Nas\u0131l Oturtabiliriz?<\/a>&#8221; ba\u015fl\u0131kl\u0131 yaz\u0131lar\u0131m\u0131 okuman\u0131z\u0131 tavsiye ederim.<\/p>\n\n\n\n<figure class=\"wp-block-image size-large\"><a href=\"https:\/\/www.ufukonen.com\/tr\/ilk-mikrofonunu-alacaklar-tavsiye.html\" target=\"_blank\" rel=\"noopener\"><img loading=\"lazy\" width=\"1024\" height=\"576\" src=\"https:\/\/www.ufukonen.com\/tr\/wp-content\/uploads\/Ilk_Mikrofon_00_Header-1024x576.jpg\" alt=\"\" class=\"wp-image-7160\" srcset=\"https:\/\/www.ufukonen.com\/tr\/wp-content\/uploads\/Ilk_Mikrofon_00_Header-1024x576.jpg 1024w, https:\/\/www.ufukonen.com\/tr\/wp-content\/uploads\/Ilk_Mikrofon_00_Header-300x169.jpg 300w, https:\/\/www.ufukonen.com\/tr\/wp-content\/uploads\/Ilk_Mikrofon_00_Header-768x432.jpg 768w, https:\/\/www.ufukonen.com\/tr\/wp-content\/uploads\/Ilk_Mikrofon_00_Header-1536x864.jpg 1536w, https:\/\/www.ufukonen.com\/tr\/wp-content\/uploads\/Ilk_Mikrofon_00_Header-1140x641.jpg 1140w, https:\/\/www.ufukonen.com\/tr\/wp-content\/uploads\/Ilk_Mikrofon_00_Header-552x311.jpg 552w, https:\/\/www.ufukonen.com\/tr\/wp-content\/uploads\/Ilk_Mikrofon_00_Header.jpg 1920w\" sizes=\"(max-width: 1024px) 100vw, 1024px\" \/><\/a><figcaption>Yaz\u0131: <a rel=\"noreferrer noopener\" href=\"https:\/\/www.ufukonen.com\/tr\/ilk-mikrofonunu-alacaklar-tavsiye.html\" data-type=\"post\" data-id=\"7152\" target=\"_blank\">\u0130lk Mikrofonunu Alacaklar \u0130\u00e7in Tavsiye<\/a><\/figcaption><\/figure>\n\n\n\n<div style=\"height:20px\" aria-hidden=\"true\" class=\"wp-block-spacer\"><\/div>\n\n\n\n<figure class=\"wp-block-image size-large\"><a href=\"https:\/\/www.ufukonen.com\/tr\/vokali-miksin-icine-nasil-oturtabiliriz.html\" target=\"_blank\" rel=\"noopener\"><img loading=\"lazy\" width=\"1024\" height=\"576\" src=\"https:\/\/www.ufukonen.com\/tr\/wp-content\/uploads\/Vokali_Miksin_Icine_Nasil_Oturtabiliriz_00_Header-2-1024x576.jpg\" alt=\"\" class=\"wp-image-7746\" srcset=\"https:\/\/www.ufukonen.com\/tr\/wp-content\/uploads\/Vokali_Miksin_Icine_Nasil_Oturtabiliriz_00_Header-2-1024x576.jpg 1024w, https:\/\/www.ufukonen.com\/tr\/wp-content\/uploads\/Vokali_Miksin_Icine_Nasil_Oturtabiliriz_00_Header-2-300x169.jpg 300w, https:\/\/www.ufukonen.com\/tr\/wp-content\/uploads\/Vokali_Miksin_Icine_Nasil_Oturtabiliriz_00_Header-2-768x432.jpg 768w, https:\/\/www.ufukonen.com\/tr\/wp-content\/uploads\/Vokali_Miksin_Icine_Nasil_Oturtabiliriz_00_Header-2-1536x864.jpg 1536w, https:\/\/www.ufukonen.com\/tr\/wp-content\/uploads\/Vokali_Miksin_Icine_Nasil_Oturtabiliriz_00_Header-2-1140x641.jpg 1140w, https:\/\/www.ufukonen.com\/tr\/wp-content\/uploads\/Vokali_Miksin_Icine_Nasil_Oturtabiliriz_00_Header-2-552x311.jpg 552w, https:\/\/www.ufukonen.com\/tr\/wp-content\/uploads\/Vokali_Miksin_Icine_Nasil_Oturtabiliriz_00_Header-2.jpg 1920w\" sizes=\"(max-width: 1024px) 100vw, 1024px\" \/><\/a><figcaption>Yaz\u0131: <a rel=\"noreferrer noopener\" href=\"https:\/\/www.ufukonen.com\/tr\/vokali-miksin-icine-nasil-oturtabiliriz.html\" data-type=\"post\" data-id=\"7735\" target=\"_blank\">Vokali Miksin \u0130\u00e7ine Nas\u0131l Oturtabiliriz?<\/a><\/figcaption><\/figure>\n\n\n\n<p>Vokal miksi i\u00e7in haz\u0131rlam\u0131\u015f oldu\u011fum bu mini rehberin faydal\u0131 olmas\u0131n\u0131 umuyorum. Bu rehbere eklenmesinin yararl\u0131 olaca\u011f\u0131n\u0131 d\u00fc\u015f\u00fcnd\u00fc\u011f\u00fcn\u00fcz noktalar varsa l\u00fctfen bana mesaj yaz\u0131n. E-posta adresimi <a rel=\"noreferrer noopener\" href=\"https:\/\/www.ufukonen.com\/tr\/ufuk-onen.html\" target=\"_blank\">bu sayfan\u0131n alt\u0131nda<\/a> bulabilirsiniz.<\/p>\n\n\n\n<div style=\"height:100px\" aria-hidden=\"true\" class=\"wp-block-spacer\"><\/div>\n\n\n\n<p>Teknik terimler i\u00e7in <a href=\"http:\/\/www.ufukonen.com\/tr\/ses-kayit-muzik-teknolojisi-terimler-sozluk.html\">m\u00fczik teknolojisi, m\u00fczik prod\u00fcksiyonu ve ses kay\u0131t terimleri s\u00f6zl\u00fc\u011f\u00fcne<\/a> g\u00f6z atabilirsiniz.<\/p>\n\n\n\n<p>Benzer payla\u015f\u0131mlar i\u00e7in beni <a rel=\"noreferrer noopener\" href=\"https:\/\/www.facebook.com\/ufukonen.skmt\/\" target=\"_blank\">Facebook<\/a>, <a rel=\"noreferrer noopener\" href=\"https:\/\/www.instagram.com\/ufukonen\/\" target=\"_blank\">Instagram<\/a> ve <a rel=\"noreferrer noopener\" href=\"https:\/\/twitter.com\/UfukOnen\" target=\"_blank\">Twitter<\/a>&#8216;da takip edebilir, haberler i\u00e7in <a rel=\"noreferrer noopener\" href=\"http:\/\/ufukonen.com\/tr\/ses-kayit-muzik-teknolojisi-terimler-sozluk.html\" target=\"_blank\">mesaj listeme \u00fcye olabilirsiniz<\/a>. Te\u015fekk\u00fcrler.<\/p>\n\n\n\n<p>Ba\u015fl\u0131k foto\u011fraf\u0131: <a rel=\"noreferrer noopener\" href=\"https:\/\/unsplash.com\/@leowieling?utm_source=unsplash&amp;utm_medium=referral&amp;utm_content=creditCopyText\" target=\"_blank\">Leo Wieling<\/a> | <a rel=\"noreferrer noopener\" href=\"https:\/\/unsplash.com\/s\/photos\/microphone-studio?utm_source=unsplash&amp;utm_medium=referral&amp;utm_content=creditCopyText\" target=\"_blank\">Unsplash<\/a><\/p>\n\n\n\n<p>\u00a9 2021-2025 Ufuk \u00d6nen. Her hakk\u0131 sakl\u0131d\u0131r. \u0130zinsiz kullan\u0131lamaz.<\/p>\n","protected":false},"excerpt":{"rendered":"<p class=\"post-excerpt\">Bu yaz\u0131mda vokal miksi i\u00e7in kullanabilece\u011finiz sekiz ba\u015fl\u0131ktan olu\u015fan bir mini rehber haz\u0131rlad\u0131m. Her ba\u015fl\u0131\u011f\u0131n alt\u0131nda ilgili yaz\u0131lar\u0131n linklerini ekledim&#8230;.<\/p>\n","protected":false},"author":2,"featured_media":6449,"comment_status":"closed","ping_status":"open","sticky":false,"template":"","format":"standard","meta":{"_mi_skip_tracking":false,"spay_email":"","jetpack_publicize_message":"","jetpack_is_tweetstorm":false,"jetpack_publicize_feature_enabled":true},"categories":[16],"tags":[],"jetpack_featured_media_url":"https:\/\/www.ufukonen.com\/tr\/wp-content\/uploads\/Vokal_Miksi_Mini_Rehber_00_Header.jpg","jetpack_publicize_connections":[],"jetpack_shortlink":"https:\/\/wp.me\/p3rjsG-1FZ","jetpack_sharing_enabled":true,"jetpack-related-posts":[{"id":6445,"url":"https:\/\/www.ufukonen.com\/tr\/vokal-miksi-rehber-1.html","url_meta":{"origin":6447,"position":0},"title":"Vokal Miksi i\u00e7in Mini Rehber (1. B\u00f6l\u00fcm)","date":"March 15, 2021","format":false,"excerpt":"Bu yaz\u0131mda vokal miksi i\u00e7in kullanabilece\u011finiz sekiz ba\u015fl\u0131ktan olu\u015fan bir mini rehber haz\u0131rlad\u0131m. Her ba\u015fl\u0131\u011f\u0131n alt\u0131nda ilgili yaz\u0131lar\u0131n linklerini ekledim. \u0130lk olarak 22 Mart 2021'de yay\u0131nlanm\u0131\u015f olan bu mini rehber, 8 A\u011fustos 2022, 28 Kas\u0131m 2022, 20 Mart 2023 ve 7 A\u011fustos 2025 tarihlerinde g\u00fcncellenmi\u015ftir. Filtre ve EQKompres\u00f6rEQDe-esserSidechain Kompres\u00f6r Kullan\u0131m\u0131Saturation,\u2026","rel":"","context":"In &quot;M\u00fczik Prod\u00fcksiyonu&quot;","img":{"alt_text":"","src":"https:\/\/i0.wp.com\/www.ufukonen.com\/tr\/wp-content\/uploads\/Vokal_Miksi_Mini_Rehber_00_Header.jpg?resize=350%2C200&ssl=1","width":350,"height":200},"classes":[]},{"id":7673,"url":"https:\/\/www.ufukonen.com\/tr\/de-esser-mini-rehber.html","url_meta":{"origin":6447,"position":1},"title":"De-Esser: Mini Rehber","date":"October 24, 2022","format":false,"excerpt":"De-esser \u00fczerine daha \u00f6nce yazd\u0131\u011f\u0131m yaz\u0131lar\u0131 tek bir \u00e7at\u0131 alt\u0131nda toplay\u0131p bir mini rehber olu\u015fturdum. Linkleri ve a\u00e7\u0131klamalar\u0131 a\u015fa\u011f\u0131ya ekliyorum. De-esser'\u0131n \u00e7al\u0131\u015fma prensibi, \u00fczerindeki parametrelerin i\u015flevleri gibi temel bilgileri Ses Kay\u0131t ve M\u00fczik Teknolojileri adl\u0131 kitab\u0131mda bulabilirsiniz. \u0130yi okumalar! De-esser Nedir ve Nas\u0131l Kullan\u0131l\u0131r? S, \u015f, c, \u00e7, j, z\u2026","rel":"","context":"In &quot;Ses ve M\u00fczik Teknolojileri&quot;","img":{"alt_text":"","src":"https:\/\/i0.wp.com\/www.ufukonen.com\/tr\/wp-content\/uploads\/De_Esser_Mini_Rehber_00_Header.jpg?resize=350%2C200&ssl=1","width":350,"height":200},"classes":[]},{"id":8272,"url":"https:\/\/www.ufukonen.com\/tr\/miks-referans-parca-karsilastirirken.html","url_meta":{"origin":6447,"position":2},"title":"Miksinizi Referans Par\u00e7a \u0130le Kar\u015f\u0131la\u015ft\u0131r\u0131rken Dikkat Etmeniz Gereken 4 Nokta","date":"February 5, 2024","format":false,"excerpt":"Yapt\u0131\u011f\u0131m\u0131z miksi referans ald\u0131\u011f\u0131m\u0131z bir par\u00e7a ile kar\u015f\u0131la\u015ft\u0131rmak hepimizin s\u0131kl\u0131kla uygulad\u0131\u011f\u0131 bir y\u00f6ntem. Peki, bunu yaparken nelere dikkat etmeliyiz? Bu yaz\u0131mda miksinizi referans par\u00e7a ile kar\u015f\u0131la\u015ft\u0131r\u0131rken dikkat etmeniz gereken d\u00f6rt noktay\u0131 sizlerle payla\u015fmak istiyorum. 1- Vokal Amat\u00f6r ve profesyonel miksleri birbirlerinden ay\u0131ran en belirgin farklardan biri vokalin miksteki yeridir. Amat\u00f6r\u2026","rel":"","context":"In &quot;M\u00fczik Prod\u00fcksiyonu&quot;","img":{"alt_text":"","src":"https:\/\/i0.wp.com\/www.ufukonen.com\/tr\/wp-content\/uploads\/Miks_Referans_Parca_Karsilastirirken_00_Header.jpg?resize=350%2C200&ssl=1","width":350,"height":200},"classes":[]},{"id":8191,"url":"https:\/\/www.ufukonen.com\/tr\/2023-en-cok-okunan.html","url_meta":{"origin":6447,"position":3},"title":"2023 Y\u0131l\u0131nda En \u00c7ok Okunan Blog Yaz\u0131lar\u0131m","date":"December 27, 2023","format":false,"excerpt":"Blog yaz\u0131lar\u0131m\u0131 takip edenler bilirler, her senenin sonunda o y\u0131l en \u00e7ok okunan blog yaz\u0131lar\u0131m\u0131 liste haline getirip okuyucular\u0131mla payla\u015f\u0131r\u0131m. 2023 i\u00e7in de farkl\u0131 bir durum yok. Liste haz\u0131r ancak listeden \u00f6nce bu y\u0131l beni mesleki a\u00e7\u0131dan en \u00e7ok heyecanland\u0131ran geli\u015fmeyi payla\u015fmak istiyorum. 2023 y\u0131l\u0131nda beni en \u00e7ok heyecanland\u0131ran geli\u015fme,\u2026","rel":"","context":"In &quot;M\u00fczik End\u00fcstrisi&quot;","img":{"alt_text":"","src":"https:\/\/i0.wp.com\/www.ufukonen.com\/tr\/wp-content\/uploads\/2023_En_Cok_Okunan_00_Header.jpg?resize=350%2C200&ssl=1","width":350,"height":200},"classes":[]},{"id":7446,"url":"https:\/\/www.ufukonen.com\/tr\/kompresor-mini-rehber.html","url_meta":{"origin":6447,"position":4},"title":"Kompres\u00f6r: Mini Rehber","date":"June 27, 2022","format":false,"excerpt":"Kompres\u00f6r \u00fczerine daha \u00f6nce yazd\u0131\u011f\u0131m yaz\u0131lar\u0131 tek bir \u00e7at\u0131 alt\u0131nda toplay\u0131p bir mini rehber olu\u015fturdum. Linkleri ve a\u00e7\u0131klamalar\u0131 a\u015fa\u011f\u0131ya ekliyorum. Kompres\u00f6r\u00fcn \u00e7al\u0131\u015fma prensibi, \u00fczerindeki parametrelerin i\u015flevleri gibi temel bilgileri Ses Kay\u0131t ve M\u00fczik Teknolojileri adl\u0131 kitab\u0131mda bulabilirsiniz. \u0130yi okumalar! Kompres\u00f6r Attack S\u00fcresinin Sese Etkisini G\u00f6rselle\u015ftirecek Olursak\u2026 Attack s\u00fcresi, kompres\u00f6r \u00fczerindeki\u2026","rel":"","context":"In &quot;M\u00fczik Prod\u00fcksiyonu&quot;","img":{"alt_text":"","src":"https:\/\/i0.wp.com\/www.ufukonen.com\/tr\/wp-content\/uploads\/Kompresor_Mini_Rehber_00_Header.jpg?resize=350%2C200&ssl=1","width":350,"height":200},"classes":[]},{"id":4234,"url":"https:\/\/www.ufukonen.com\/tr\/vokal-kaydi-birkac-tavsiye.html","url_meta":{"origin":6447,"position":5},"title":"Vokal Kayd\u0131: Birka\u00e7 Tavsiye","date":"October 8, 2018","format":false,"excerpt":"Bu yaz\u0131mda vokal kayd\u0131 ile ilgili birka\u00e7 tavsiyede bulunmak istiyorum. Ses Kay\u0131t ve M\u00fczik Teknolojileri (SKMT) adl\u0131 kitab\u0131mda vokal kayd\u0131 ile daha detayl\u0131 bilgiler bulabilirsiniz. Yine konu ile ilgili olarak, \"Bruce Swedien ile Vokal Kayd\u0131 \u00dczerine\" ba\u015fl\u0131kl\u0131 blog yaz\u0131m\u0131 okuyabilirsiniz. Mikrofon Se\u00e7imi Vokal kay\u0131tlar\u0131 i\u00e7in mikrofon se\u00e7erken ilk tercih genelde\u2026","rel":"","context":"In &quot;M\u00fczik Prod\u00fcksiyonu&quot;","img":{"alt_text":"","src":"https:\/\/i0.wp.com\/www.ufukonen.com\/tr\/wp-content\/uploads\/Vokal_Kaydi_Birkac_Tavsiye.jpg?resize=350%2C200&ssl=1","width":350,"height":200},"classes":[]}],"_links":{"self":[{"href":"https:\/\/www.ufukonen.com\/tr\/wp-json\/wp\/v2\/posts\/6447"}],"collection":[{"href":"https:\/\/www.ufukonen.com\/tr\/wp-json\/wp\/v2\/posts"}],"about":[{"href":"https:\/\/www.ufukonen.com\/tr\/wp-json\/wp\/v2\/types\/post"}],"author":[{"embeddable":true,"href":"https:\/\/www.ufukonen.com\/tr\/wp-json\/wp\/v2\/users\/2"}],"replies":[{"embeddable":true,"href":"https:\/\/www.ufukonen.com\/tr\/wp-json\/wp\/v2\/comments?post=6447"}],"version-history":[{"count":37,"href":"https:\/\/www.ufukonen.com\/tr\/wp-json\/wp\/v2\/posts\/6447\/revisions"}],"predecessor-version":[{"id":8584,"href":"https:\/\/www.ufukonen.com\/tr\/wp-json\/wp\/v2\/posts\/6447\/revisions\/8584"}],"wp:featuredmedia":[{"embeddable":true,"href":"https:\/\/www.ufukonen.com\/tr\/wp-json\/wp\/v2\/media\/6449"}],"wp:attachment":[{"href":"https:\/\/www.ufukonen.com\/tr\/wp-json\/wp\/v2\/media?parent=6447"}],"wp:term":[{"taxonomy":"category","embeddable":true,"href":"https:\/\/www.ufukonen.com\/tr\/wp-json\/wp\/v2\/categories?post=6447"},{"taxonomy":"post_tag","embeddable":true,"href":"https:\/\/www.ufukonen.com\/tr\/wp-json\/wp\/v2\/tags?post=6447"}],"curies":[{"name":"wp","href":"https:\/\/api.w.org\/{rel}","templated":true}]}}