{"id":6493,"date":"2021-04-05T01:00:00","date_gmt":"2021-04-04T22:00:00","guid":{"rendered":"https:\/\/www.ufukonen.com\/tr\/?p=6493"},"modified":"2021-05-10T00:59:37","modified_gmt":"2021-05-09T21:59:37","slug":"her-plugin-gereken-ozellikler","status":"publish","type":"post","link":"https:\/\/www.ufukonen.com\/tr\/her-plugin-gereken-ozellikler.html","title":{"rendered":"Her Plug-in&#8217;de Olmas\u0131 Gereken \u00d6zellikler"},"content":{"rendered":"\n<p>T\u00fcm plug-in&#8217;lerde bulunmas\u0131 gerekti\u011fini d\u00fc\u015f\u00fcnd\u00fc\u011f\u00fcm iki \u00f6zellik var. Bunlar\u0131 yeri geldik\u00e7e firmalarla payla\u015f\u0131yorum. Buradan sizlerle de payla\u015fmak istiyorum. E\u011fer eksikli\u011fini duydu\u011funuz ba\u015fka \u00f6zellikler varsa l\u00fctfen bana <a href=\"mailto:skmt@ufukonen.com\">e-posta<\/a>, <a href=\"https:\/\/www.instagram.com\/ufukonen\/\" target=\"_blank\" rel=\"noreferrer noopener\">Instagram<\/a> veya <a href=\"https:\/\/www.facebook.com\/ufukonen.skmt\" target=\"_blank\" rel=\"noreferrer noopener\">Facebook<\/a> \u00fczerinden yaz\u0131n.<\/p>\n\n\n\n<div style=\"height:25px\" aria-hidden=\"true\" class=\"wp-block-spacer\"><\/div>\n\n\n\n<h3>#1<\/h3>\n\n\n\n<p>2021 y\u0131l\u0131nda hala baz\u0131 plug-in&#8217;lerin pencelerinin boyutlar\u0131n\u0131 ayarlayam\u0131yoruz ve bu beni ger\u00e7ekten \u00e7ok rahats\u0131z ediyor! Tamam, be\u015f y\u0131l \u00f6ncesine g\u00f6re durum \u00e7ok daha iyi. Bir\u00e7ok firma plug-in&#8217;lerinin aray\u00fcz tasar\u0131mlar\u0131n\u0131 g\u00fcncelledi, pencerelerin boyutlar\u0131n\u0131 ayarlanabilir hale getirdi ama maalesef hala baz\u0131 firmalar bu i\u015fi yapmad\u0131. Art\u0131k pencereleri &#8220;resizeable&#8221; olmayan yani boyutlar\u0131 kullan\u0131c\u0131 taraf\u0131ndan ayarlanamayan plug-in&#8217;ler g\u00f6rmek istemiyoruz!<\/p>\n\n\n\n<p>Hatta i\u015fi bir ad\u0131m daha ileri g\u00f6t\u00fcrmek istiyorum\u2026 Pencerelerin &#8220;resizeable&#8221; olmas\u0131n\u0131n yan\u0131 s\u0131ra &#8220;responsive&#8221; olmas\u0131n\u0131 da istiyorum. Boyutunu de\u011fi\u015ftirmek i\u00e7in bir kenar\u0131ndan \u00e7ekti\u011fimizde pencerenin sadece b\u00fcy\u00fckl\u00fc\u011f\u00fc de\u011fil, en\/boy oran\u0131 ve i\u00e7indeki \u00f6gelerin yerle\u015fimi de de\u011fi\u015fmeli. B\u00f6yle olursa ekran alan\u0131n\u0131 \u00e7ok daha verimli bir \u015fekilde kullanabiliriz. Ekran alan\u0131 i\u00e7in \u0130ngilizcede &#8220;screen estate&#8221; terimi kullan\u0131l\u0131yor. 2021 y\u0131l\u0131nda kalabal\u0131k projeler ile bo\u011fu\u015furken &#8220;screen estate&#8221; neredeyse &#8220;real estate&#8221; (gayrimenkul) kadar k\u0131ymetli oluyor!<\/p>\n\n\n\n<figure class=\"wp-block-image size-large\"><img loading=\"lazy\" width=\"704\" height=\"848\" src=\"https:\/\/www.ufukonen.com\/tr\/wp-content\/uploads\/Her_Plug-inde_Olmasi_Gereken_Ozellikler_01_Fabfilter-Pro-Q-fullscreen.jpg\" alt=\"\" class=\"wp-image-6496\" srcset=\"https:\/\/www.ufukonen.com\/tr\/wp-content\/uploads\/Her_Plug-inde_Olmasi_Gereken_Ozellikler_01_Fabfilter-Pro-Q-fullscreen.jpg 704w, https:\/\/www.ufukonen.com\/tr\/wp-content\/uploads\/Her_Plug-inde_Olmasi_Gereken_Ozellikler_01_Fabfilter-Pro-Q-fullscreen-249x300.jpg 249w, https:\/\/www.ufukonen.com\/tr\/wp-content\/uploads\/Her_Plug-inde_Olmasi_Gereken_Ozellikler_01_Fabfilter-Pro-Q-fullscreen-552x665.jpg 552w\" sizes=\"(max-width: 704px) 100vw, 704px\" \/><figcaption>Fabfilter plug-in&#8217;lerinin pencereleri responsive de\u011fil ama boyutlar\u0131 ayarlanabiliyor ve tam ekran olarak kullan\u0131labiliyor.<\/figcaption><\/figure>\n\n\n\n<div style=\"height:25px\" aria-hidden=\"true\" class=\"wp-block-spacer\"><\/div>\n\n\n\n<h3>#2<\/h3>\n\n\n\n<p>Bir par\u00e7a \u00fczerinde \u00e7al\u0131\u015f\u0131yorsunuz. Bir kanalda birka\u00e7 frekans noktas\u0131 tespit edip (mesela 150 Hz, 5 kHz, 12 kHz) bunlar\u0131 birka\u00e7 dB y\u00fckselttiniz. Ayarlar\u0131 tamamlad\u0131n\u0131z. Ses kula\u011f\u0131n\u0131za gayet iyi geliyor. Plug-in \u00fczerindeki bypass butonu ile plug-in\u2019i devre d\u0131\u015f\u0131 b\u0131rakt\u0131n\u0131z. Sesi EQ olmadan dinlediniz. Sonra bypass konumunu iptal edip sesi, yapt\u0131\u011f\u0131n\u0131z EQ ayarlar\u0131 ile tekrar dinlediniz. Di\u011fer bir deyi\u015fle A\/B kar\u015f\u0131la\u015ft\u0131rmas\u0131 yapt\u0131n\u0131z. A\/B kar\u015f\u0131la\u015ft\u0131rmas\u0131 sonucunda EQ\u2019nun sesi daha dolu ve net bir hale getirdi\u011fine karar verdiniz.<\/p>\n\n\n\n<p>Peki, ger\u00e7ekten \u00f6yle mi? EQ ger\u00e7ekten sinyali daha iyi bir hale mi getirdi? Yoksa EQ ile frekanslar\u0131 a\u00e7t\u0131\u011f\u0131n\u0131zda sinyal seviyesi y\u00fckseldi\u011fi i\u00e7in siz sesin daha iyi oldu\u011funu mu d\u00fc\u015f\u00fcn\u00fcyorsunuz, \u00f6yle mi alg\u0131l\u0131yorsunuz?<\/p>\n\n\n\n<p>Bu \u015f\u00fcpheyi gidermenin basit bir yolu var: level matching (seviye e\u015fitleme)! Yaz\u0131lar\u0131m\u0131 takip edenler hat\u0131rayacaklard\u0131r, &#8220;<a href=\"https:\/\/www.ufukonen.com\/tr\/level-matching.html\" target=\"_blank\" rel=\"noreferrer noopener\">Level Matching: Seviye E\u015fitlemenin \u00d6nemi<\/a>&#8221; ba\u015fl\u0131kl\u0131 bir makale yay\u0131mlam\u0131\u015ft\u0131m. Bu makalemde level matching&#8217;in neden \u00f6nemli oldu\u011funu ve nas\u0131l yap\u0131ld\u0131\u011f\u0131n\u0131 anlatm\u0131\u015ft\u0131m.<\/p>\n\n\n\n<p>Seviye e\u015fitleme i\u015flemini manuel olarak yapabilece\u011finiz gibi bu i\u015f i\u00e7in \u00f6zel olarak \u00fcretilmi\u015f bir plug-in de kullanabilirsiniz.<\/p>\n\n\n\n<p>Peki, 2021 y\u0131l\u0131nda hala bunlarla u\u011fra\u015fmal\u0131 m\u0131y\u0131z?<\/p>\n\n\n\n<p>Bence art\u0131k b\u00fct\u00fcn EQ, kompres\u00f6r ve benzeri plug-in&#8217;lerinin \u00fczerinde level matching \/ seviye e\u015fitleme \u00f6zelli\u011fi bulunmal\u0131.<\/p>\n\n\n\n<p>Baz\u0131 firmalar ise plug-in\u2019lerine bu \u00f6zelli\u011fi eklemeye ba\u015flad\u0131lar. \u00d6rnek olarak Izotope Ozone 9 \u00fczerinde Gain Match ad\u0131nda seviye e\u015fitleme \u00f6zelli\u011fi bulunuyor. Ayn\u0131 \u015feyi di\u011fer firmalardan da bekliyorum.<\/p>\n\n\n\n<p>T\u00fcm plug-in&#8217;lerde olmas\u0131 gerekti\u011fini d\u00fc\u015f\u00fcnd\u00fc\u011f\u00fcm iki \u00f6zelli\u011fi sizlerle payla\u015ft\u0131m. E\u011fer sizin de eksikli\u011fini duydu\u011funuz \u00f6zellikler varsa l\u00fctfen bana <a href=\"mailto:skmt@ufukonen.com\">e-posta<\/a>, <a rel=\"noreferrer noopener\" href=\"https:\/\/www.instagram.com\/ufukonen\/\" target=\"_blank\">Instagram<\/a> veya <a rel=\"noreferrer noopener\" href=\"https:\/\/www.facebook.com\/ufukonen.skmt\" target=\"_blank\">Facebook<\/a> \u00fczerinden yaz\u0131n.<\/p>\n\n\n\n<div style=\"height:50px\" aria-hidden=\"true\" class=\"wp-block-spacer\"><\/div>\n\n\n\n<p>Teknik terimler i\u00e7in <a href=\"http:\/\/www.ufukonen.com\/tr\/ses-kayit-muzik-teknolojisi-terimler-sozluk.html\">m\u00fczik teknolojisi, m\u00fczik prod\u00fcksiyonu ve ses kay\u0131t terimleri s\u00f6zl\u00fc\u011f\u00fcne<\/a> g\u00f6z atabilirsiniz.<\/p>\n\n\n\n<p>Benzer payla\u015f\u0131mlar i\u00e7in beni <a rel=\"noreferrer noopener\" href=\"https:\/\/www.facebook.com\/ufukonen.skmt\/\" target=\"_blank\">Facebook<\/a>, <a href=\"https:\/\/www.instagram.com\/ufukonen\/\" target=\"_blank\" rel=\"noreferrer noopener\" aria-label=\"Instagram (opens in a new tab)\">Instagram<\/a> ve <a rel=\"noreferrer noopener\" href=\"https:\/\/twitter.com\/UfukOnen\" target=\"_blank\">Twitter<\/a>&#8216;da takip edebilir, haberler i\u00e7in <a rel=\"noreferrer noopener\" href=\"http:\/\/ufukonen.com\/tr\/ses-kayit-muzik-teknolojisi-terimler-sozluk.html\" target=\"_blank\">mesaj listeme \u00fcye olabilirsiniz<\/a>. Te\u015fekk\u00fcrler.<\/p>\n\n\n\n<p>\u00a9 2021 Ufuk \u00d6nen. Her hakk\u0131 sakl\u0131d\u0131r. \u0130zinsiz kullan\u0131lamaz.<\/p>\n","protected":false},"excerpt":{"rendered":"<p class=\"post-excerpt\">T\u00fcm plug-in&#8217;lerde bulunmas\u0131 gerekti\u011fini d\u00fc\u015f\u00fcnd\u00fc\u011f\u00fcm iki \u00f6zellik var. Bunlar\u0131 yeri geldik\u00e7e firmalarla payla\u015f\u0131yorum. Buradan sizlerle de payla\u015fmak istiyorum. E\u011fer eksikli\u011fini&#8230;<\/p>\n","protected":false},"author":2,"featured_media":6504,"comment_status":"closed","ping_status":"closed","sticky":false,"template":"","format":"standard","meta":{"_mi_skip_tracking":false,"spay_email":"","jetpack_publicize_message":"","jetpack_is_tweetstorm":false,"jetpack_publicize_feature_enabled":true},"categories":[18],"tags":[],"jetpack_featured_media_url":"https:\/\/www.ufukonen.com\/tr\/wp-content\/uploads\/Her_Plug-inde_Olmasi_Gereken_Ozellikler_00_Header_2.jpg","jetpack_publicize_connections":[],"jetpack_shortlink":"https:\/\/wp.me\/p3rjsG-1GJ","jetpack_sharing_enabled":true,"jetpack-related-posts":[{"id":5068,"url":"https:\/\/www.ufukonen.com\/tr\/mono-uyumluluk-kontrol.html","url_meta":{"origin":6493,"position":0},"title":"Mono Uyumlulu\u011funu Nas\u0131l Kontrol Ederiz?","date":"September 23, 2019","format":false,"excerpt":"\"Mono Uyumlulu\u011fu Ger\u00e7ekten \u00d6nemli mi?\" ba\u015fl\u0131kl\u0131 yaz\u0131mda bu konudaki fikirlerimi aktarm\u0131\u015ft\u0131m. Yaz\u0131da da belirtti\u011fim \u00fczere, cep telefonu ve tablet gibi cihazlarla kablosuz ba\u011flant\u0131 y\u00f6ntemi ile kullan\u0131lan hoparl\u00f6rler son y\u0131llarda m\u00fcthi\u015f derece pop\u00fcler hale geldi. Hatta IKEA bile Sonos ile i\u015f birli\u011fi yap\u0131p kitap raf\u0131 ve masa lambas\u0131 gibi \u015fekillerde kablosuz\u2026","rel":"","context":"In &quot;Ses ve M\u00fczik Teknolojileri&quot;","img":{"alt_text":"","src":"https:\/\/i0.wp.com\/www.ufukonen.com\/tr\/wp-content\/uploads\/Mono_Kontrol_720.jpg?resize=350%2C200&ssl=1","width":350,"height":200},"classes":[]},{"id":6913,"url":"https:\/\/www.ufukonen.com\/tr\/split-eq-stereo-genisletme.html","url_meta":{"origin":6493,"position":1},"title":"Split EQ Tekni\u011fi \u0130le Stereo Geni\u015fletme","date":"October 4, 2021","format":false,"excerpt":"Bu yaz\u0131mda, stereo kanallar\u0131 biraz daha geni\u015f duyurabilmek i\u00e7in kulland\u0131\u011f\u0131m basit bir EQ tekni\u011fini sizlerle payla\u015fmak istiyorum. Split EQ olarak adland\u0131r\u0131lan bu tekni\u011fi uygulamak i\u00e7in stereo sinyalin sol ve sa\u011f kanallar\u0131na birbirlerinden ba\u011f\u0131ms\u0131z olarak m\u00fcdahale edebilmemiz gerekiyor. Bunun i\u00e7in de EQ plug-in'ini multichannel de\u011fil, multi-mono olarak kullanmaya ihtiya\u00e7 duyuyoruz. Plug-in'lerin\u2026","rel":"","context":"In &quot;M\u00fczik Prod\u00fcksiyonu&quot;","img":{"alt_text":"","src":"https:\/\/i0.wp.com\/www.ufukonen.com\/tr\/wp-content\/uploads\/Split_EQ_Stereo_Genisletme_00_Header.jpg?resize=350%2C200&ssl=1","width":350,"height":200},"classes":[]},{"id":7004,"url":"https:\/\/www.ufukonen.com\/tr\/tal-noisemaker.html","url_meta":{"origin":6493,"position":2},"title":"Yeniden Ke\u015ffetti\u011fim Bir Plug-in: TAL-NoiseMaker","date":"November 22, 2021","format":false,"excerpt":"Production Expert ekibi olarak zaman zaman kolektif makaleler yaz\u0131yoruz. 12 Kas\u0131m 2021 tarihinde sahip olup hi\u00e7 kullanmad\u0131\u011f\u0131m\u0131z ve sonradan \"yeniden ke\u015ffetti\u011fimiz\" plug-in'ler ile ilgili \"We Try Those Plugins We Never Use\u2026 Was It Worth It?\" ba\u015fl\u0131kl\u0131 bir yaz\u0131 yay\u0131mlad\u0131k. O yaz\u0131da payla\u015ft\u0131\u011f\u0131m plug-in'i ve hikayesini burada sizlerle de payla\u015fmak istiyorum.\u2026","rel":"","context":"In &quot;Ses ve M\u00fczik Teknolojileri&quot;","img":{"alt_text":"","src":"https:\/\/i0.wp.com\/www.ufukonen.com\/tr\/wp-content\/uploads\/TAL-NoiseMaker.jpg?resize=350%2C200&ssl=1","width":350,"height":200},"classes":[]},{"id":7866,"url":"https:\/\/www.ufukonen.com\/tr\/mikste-frekans-cakismasi.html","url_meta":{"origin":6493,"position":3},"title":"Mikste Frekans \u00c7ak\u0131\u015fmalar\u0131n\u0131 \u00d6nlemenin 8 Yolu","date":"January 2, 2023","format":false,"excerpt":"Bu yaz\u0131mda sizlerle mikste frekans \u00e7ak\u0131\u015fmalar\u0131n\u0131 \u00f6nlemek i\u00e7in sekiz y\u00f6ntem payla\u015fmak istiyorum. Y\u00f6ntemlere ge\u00e7meden \u00f6nce frekans \u00e7ak\u0131\u015fmas\u0131n\u0131n k\u0131sa bir tan\u0131m\u0131 ile ba\u015flayal\u0131m. Frekans Maskelemesi \/ \u00c7ak\u0131\u015fmas\u0131 Miks yapan herkesin ba\u015f\u0131na gelmi\u015ftir\u2026 Bazen iki enstr\u00fcman miksin i\u00e7inde kendilerine yer bulmak i\u00e7in birbirleriyle adeta sava\u015fa tutu\u015furlar. Bu sava\u015f\u0131n arkas\u0131ndaki sebep, \u0130ngilizcedeki terimiyle\u2026","rel":"","context":"In &quot;Ses ve M\u00fczik Teknolojileri&quot;","img":{"alt_text":"","src":"https:\/\/i0.wp.com\/www.ufukonen.com\/tr\/wp-content\/uploads\/Mikste_Frekans_Cakismasi_00_Header.jpg?resize=350%2C200&ssl=1","width":350,"height":200},"classes":[]},{"id":7657,"url":"https:\/\/www.ufukonen.com\/tr\/ucretsiz-pluginler-30.html","url_meta":{"origin":6493,"position":4},"title":"\u00dccretsiz Plug-in&#8217;ler (30)","date":"October 31, 2022","format":false,"excerpt":"\u00dccretsiz Plug-in'ler Serisi 30:\u00a0Xtressor NUKE (Kiive Audio),\u00a0Supercharger (Native Instruments),\u00a0 T-Puncher Free (Techivation),\u00a0Ro-Gold (Black Rooster Audio). Xtressor NUKE (Kiive Audio) Xtressor, plug-in'in isminden ve aray\u00fcz tasar\u0131m\u0131ndan da tahmin edebilece\u011finiz gibi, Distressor benzeri bir kompres\u00f6r. Distressor\u2019\u0131 davuldan bas gitara, gitardan klavyeye kadar her enstr\u00fcmanda kullanmak m\u00fcmk\u00fcn. Vokalde paralel kompres\u00f6r olarak kullan\u0131ld\u0131\u011f\u0131nda da\u2026","rel":"","context":"In &quot;Ses ve M\u00fczik Teknolojileri&quot;","img":{"alt_text":"","src":"https:\/\/i0.wp.com\/www.ufukonen.com\/tr\/wp-content\/uploads\/Ucretsiz_Pluginler_30s.jpg?resize=350%2C200&ssl=1","width":350,"height":200},"classes":[]},{"id":4895,"url":"https:\/\/www.ufukonen.com\/tr\/analog-bant-emulasyon-plugin-2.html","url_meta":{"origin":6493,"position":5},"title":"Analog Bant Em\u00fclasyon Plug-in&#8217;leri (2. B\u00f6l\u00fcm)","date":"July 8, 2019","format":false,"excerpt":"Yaz\u0131n\u0131n birinci b\u00f6l\u00fcm\u00fcnde analog bant kay\u0131t teknolojisi ile ilgili temel bilgiler payla\u015fm\u0131\u015ft\u0131m (birinci b\u00f6l\u00fcm\u00fc okumak i\u00e7in t\u0131klay\u0131n\u0131z). Analog bant em\u00fclasyon plug-in'lerini (deyim yerindeyse) \"hakk\u0131yla kullanabilmek\" i\u00e7in bu bilgilerin gerekli oldu\u011funu d\u00fc\u015f\u00fcn\u00fcyorum. Yaz\u0131n\u0131n birinci b\u00f6l\u00fcm\u00fcne buraya t\u0131klayarak ula\u015fabiliriz. Yaz\u0131n\u0131n ikinci b\u00f6l\u00fcm\u00fcnde plug-in parametreleri ve kullan\u0131mlar\u0131 ile ilgili bilgilerle devam ediyorum. Plug-in\u2026","rel":"","context":"In &quot;Ses ve M\u00fczik Teknolojileri&quot;","img":{"alt_text":"","src":"https:\/\/i0.wp.com\/www.ufukonen.com\/tr\/wp-content\/uploads\/Analog_Bant_Emulasyon.jpg?resize=350%2C200&ssl=1","width":350,"height":200},"classes":[]}],"_links":{"self":[{"href":"https:\/\/www.ufukonen.com\/tr\/wp-json\/wp\/v2\/posts\/6493"}],"collection":[{"href":"https:\/\/www.ufukonen.com\/tr\/wp-json\/wp\/v2\/posts"}],"about":[{"href":"https:\/\/www.ufukonen.com\/tr\/wp-json\/wp\/v2\/types\/post"}],"author":[{"embeddable":true,"href":"https:\/\/www.ufukonen.com\/tr\/wp-json\/wp\/v2\/users\/2"}],"replies":[{"embeddable":true,"href":"https:\/\/www.ufukonen.com\/tr\/wp-json\/wp\/v2\/comments?post=6493"}],"version-history":[{"count":3,"href":"https:\/\/www.ufukonen.com\/tr\/wp-json\/wp\/v2\/posts\/6493\/revisions"}],"predecessor-version":[{"id":6498,"href":"https:\/\/www.ufukonen.com\/tr\/wp-json\/wp\/v2\/posts\/6493\/revisions\/6498"}],"wp:featuredmedia":[{"embeddable":true,"href":"https:\/\/www.ufukonen.com\/tr\/wp-json\/wp\/v2\/media\/6504"}],"wp:attachment":[{"href":"https:\/\/www.ufukonen.com\/tr\/wp-json\/wp\/v2\/media?parent=6493"}],"wp:term":[{"taxonomy":"category","embeddable":true,"href":"https:\/\/www.ufukonen.com\/tr\/wp-json\/wp\/v2\/categories?post=6493"},{"taxonomy":"post_tag","embeddable":true,"href":"https:\/\/www.ufukonen.com\/tr\/wp-json\/wp\/v2\/tags?post=6493"}],"curies":[{"name":"wp","href":"https:\/\/api.w.org\/{rel}","templated":true}]}}