{"id":6509,"date":"2021-04-26T01:00:00","date_gmt":"2021-04-25T22:00:00","guid":{"rendered":"https:\/\/www.ufukonen.com\/tr\/?p=6509"},"modified":"2021-05-10T01:00:25","modified_gmt":"2021-05-09T22:00:25","slug":"sidechain-multiband-kompresor","status":"publish","type":"post","link":"https:\/\/www.ufukonen.com\/tr\/sidechain-multiband-kompresor.html","title":{"rendered":"Sidechain Multiband Kompres\u00f6r Kullan\u0131m\u0131"},"content":{"rendered":"\n<p>Sidechain kompres\u00f6r tekni\u011finin ne oldu\u011funu ve nas\u0131l yap\u0131ld\u0131\u011f\u0131n\u0131 &#8220;<a href=\"https:\/\/www.ufukonen.com\/tr\/kompresor-teknikleri-3-sidechain.html\" target=\"_blank\" rel=\"noreferrer noopener\">Kompres\u00f6r Teknikleri \u2013 3. B\u00f6l\u00fcm: Sidechain Kompres\u00f6r Kullan\u0131m\u0131<\/a>&#8221; ba\u015fl\u0131kl\u0131 yaz\u0131mda anlatm\u0131\u015ft\u0131m. O yaz\u0131da da belirtti\u011fim gibi, her ne kadar sidechain deyince akla ilk gelen kick ve bas olsa da bu teknik bir \u00e7ok miks m\u00fchendisi taraf\u0131ndan farkl\u0131 enstr\u00fcmanlar i\u00e7in de kullan\u0131l\u0131yor.<\/p>\n\n\n\n<p>\u00d6rnek olarak gitarlar\u0131n \u00e7ok yo\u011fun oldu\u011fu bir par\u00e7ada vokale yer a\u00e7mak i\u00e7in gitarlar\u0131 gruplay\u0131p, gitar grubunu vokalin oldu\u011fu yerlerde sidechain tekni\u011fi ile biraz a\u015fa\u011f\u0131ya \u00e7ekmek m\u00fcmk\u00fcn.<\/p>\n\n\n\n<p>Peki bunu yapt\u0131\u011f\u0131n\u0131zda gitarlar\u0131n a\u011f\u0131rl\u0131\u011f\u0131nda bir azalma olursa ne yapmak laz\u0131m?<\/p>\n\n\n\n<p>Ba\u015fka bir \u015fekilde ifade edecek olursak, vokal varken gitarlar\u0131n &#8220;bir t\u0131k&#8221; azalmas\u0131n\u0131 istiyorsunuz ama bu azaltmay\u0131 sadece orta ve \u00fcst-orta frekanslarda yapmak, alt-orta frekanslar\u0131 bu azaltman\u0131n d\u0131\u015f\u0131nda tutarak gitarlar\u0131n g\u00f6vdesini ve a\u011f\u0131rl\u0131\u011f\u0131n\u0131 korumak istiyorsunuz. Bunun i\u00e7in ne yapmak laz\u0131m?<\/p>\n\n\n\n<p>\u00c7\u00f6z\u00fcm: sidechain multiband kompres\u00f6r tekni\u011fi.<\/p>\n\n\n\n<p>Basit\u00e7e a\u00e7\u0131klayacak olursak, sidechain i\u00e7in kulland\u0131\u011f\u0131n\u0131z standart kompres\u00f6r yerine multiband kompres\u00f6r kullanman\u0131z gerekiyor.<\/p>\n\n\n\n<p>Buradaki p\u00fcf noktas\u0131, multiband kompres\u00f6r \u00fczerinde alt ve alt-ortaya etki eden aral\u0131klar\u0131 &#8216;bypass&#8217; konumuna almak.<\/p>\n\n\n\n<p>A\u015fa\u011f\u0131da \u00f6rnek olarak Waves C6 plug-in&#8217;inden bir ekran g\u00f6r\u00fcnt\u00fcs\u00fc payla\u015f\u0131yorum. Bu tekni\u011fi ayn\u0131 \u015fekilde di\u011fer multiband kompres\u00f6r plug-in&#8217;leri ile de uygulayabilirsiniz.<\/p>\n\n\n\n<figure class=\"wp-block-image size-large\"><a href=\"https:\/\/www.ufukonen.com\/tr\/wp-content\/uploads\/Sidechain_Multiband_Kompresor_Kullanimi_01_Waves_C6.jpg\" target=\"_blank\" rel=\"noopener noreferrer\"><img loading=\"lazy\" width=\"1024\" height=\"825\" src=\"https:\/\/www.ufukonen.com\/tr\/wp-content\/uploads\/Sidechain_Multiband_Kompresor_Kullanimi_01_Waves_C6-1024x825.jpg\" alt=\"\" class=\"wp-image-6511\" srcset=\"https:\/\/www.ufukonen.com\/tr\/wp-content\/uploads\/Sidechain_Multiband_Kompresor_Kullanimi_01_Waves_C6-1024x825.jpg 1024w, https:\/\/www.ufukonen.com\/tr\/wp-content\/uploads\/Sidechain_Multiband_Kompresor_Kullanimi_01_Waves_C6-300x242.jpg 300w, https:\/\/www.ufukonen.com\/tr\/wp-content\/uploads\/Sidechain_Multiband_Kompresor_Kullanimi_01_Waves_C6-768x619.jpg 768w, https:\/\/www.ufukonen.com\/tr\/wp-content\/uploads\/Sidechain_Multiband_Kompresor_Kullanimi_01_Waves_C6-1140x918.jpg 1140w, https:\/\/www.ufukonen.com\/tr\/wp-content\/uploads\/Sidechain_Multiband_Kompresor_Kullanimi_01_Waves_C6-552x445.jpg 552w, https:\/\/www.ufukonen.com\/tr\/wp-content\/uploads\/Sidechain_Multiband_Kompresor_Kullanimi_01_Waves_C6.jpg 1198w\" sizes=\"(max-width: 1024px) 100vw, 1024px\" \/><\/a><\/figure>\n\n\n\n<p>Yukar\u0131daki \u00f6rnekte gitarlar\u0131n a\u011f\u0131rl\u0131\u011f\u0131n\u0131 korumak ad\u0131na Waves C6 \u00fczerinde alt ve alt-orta frekans aral\u0131klar\u0131n\u0131 bypass konumuna ald\u0131m. Tabii farkl\u0131 durumlarda ve farkl\u0131 enstr\u00fcmanlarda, farkl\u0131 frekans aral\u0131klar\u0131n\u0131 bypass konumuna almak gerekebilir.<\/p>\n\n\n\n<p>Mutlaka deneyin!<\/p>\n\n\n\n<div style=\"height:50px\" aria-hidden=\"true\" class=\"wp-block-spacer\"><\/div>\n\n\n\n<p>Teknik terimler i\u00e7in <a href=\"http:\/\/www.ufukonen.com\/tr\/ses-kayit-muzik-teknolojisi-terimler-sozluk.html\">m\u00fczik teknolojisi, m\u00fczik prod\u00fcksiyonu ve ses kay\u0131t terimleri s\u00f6zl\u00fc\u011f\u00fcne<\/a> g\u00f6z atabilirsiniz.<\/p>\n\n\n\n<p>Benzer payla\u015f\u0131mlar i\u00e7in beni <a rel=\"noreferrer noopener\" href=\"https:\/\/www.facebook.com\/ufukonen.skmt\/\" target=\"_blank\">Facebook<\/a>, <a href=\"https:\/\/www.instagram.com\/ufukonen\/\" target=\"_blank\" rel=\"noreferrer noopener\" aria-label=\"Instagram (opens in a new tab)\">Instagram<\/a> ve <a rel=\"noreferrer noopener\" href=\"https:\/\/twitter.com\/UfukOnen\" target=\"_blank\">Twitter<\/a>&#8216;da takip edebilir, haberler i\u00e7in <a rel=\"noreferrer noopener\" href=\"http:\/\/ufukonen.com\/tr\/ses-kayit-muzik-teknolojisi-terimler-sozluk.html\" target=\"_blank\">mesaj listeme \u00fcye olabilirsiniz<\/a>. Te\u015fekk\u00fcrler.<\/p>\n\n\n\n<p>\u00a9 2021 Ufuk \u00d6nen. Her hakk\u0131 sakl\u0131d\u0131r. \u0130zinsiz kullan\u0131lamaz.<\/p>\n","protected":false},"excerpt":{"rendered":"<p class=\"post-excerpt\">Sidechain kompres\u00f6r tekni\u011finin ne oldu\u011funu ve nas\u0131l yap\u0131ld\u0131\u011f\u0131n\u0131 &#8220;Kompres\u00f6r Teknikleri \u2013 3. B\u00f6l\u00fcm: Sidechain Kompres\u00f6r Kullan\u0131m\u0131&#8221; ba\u015fl\u0131kl\u0131 yaz\u0131mda anlatm\u0131\u015ft\u0131m. O&#8230;<\/p>\n","protected":false},"author":2,"featured_media":6512,"comment_status":"closed","ping_status":"closed","sticky":false,"template":"","format":"standard","meta":{"_mi_skip_tracking":false,"spay_email":"","jetpack_publicize_message":"","jetpack_is_tweetstorm":false,"jetpack_publicize_feature_enabled":true},"categories":[16],"tags":[],"jetpack_featured_media_url":"https:\/\/www.ufukonen.com\/tr\/wp-content\/uploads\/Sidechain_Multiband_Kompresor_Kullanimi_00_Header.jpg","jetpack_publicize_connections":[],"jetpack_shortlink":"https:\/\/wp.me\/p3rjsG-1GZ","jetpack_sharing_enabled":true,"jetpack-related-posts":[{"id":5419,"url":"https:\/\/www.ufukonen.com\/tr\/kompresor-teknikleri-3-sidechain.html","url_meta":{"origin":6509,"position":0},"title":"Kompres\u00f6r Teknikleri &#8211; 3. B\u00f6l\u00fcm: Sidechain Kompres\u00f6r Kullan\u0131m\u0131","date":"February 10, 2020","format":false,"excerpt":"Bu yaz\u0131 dizisi \u00fc\u00e7 b\u00f6l\u00fcmden olu\u015fmaktad\u0131r. \u015eu anda okumakta oldu\u011funuz \u00fc\u00e7\u00fcnc\u00fc b\u00f6l\u00fcm sidechain kompres\u00f6r kullan\u0131m\u0131 \u00fczerine. Di\u011fer iki b\u00f6l\u00fcme a\u015fa\u011f\u0131daki linklerden ula\u015fabilirsiniz: Kompres\u00f6r Teknikleri - 1. B\u00f6l\u00fcm: Paralel Kompres\u00f6r Kullan\u0131m\u0131 Kompres\u00f6r Teknikleri - 2. B\u00f6l\u00fcm: Seri Kompres\u00f6r Kullan\u0131m\u0131 Bu teknikleri DAW i\u00e7inde nas\u0131l uygulayaca\u011f\u0131n\u0131z\u0131 Pro Tools ve Studio One ekran\u2026","rel":"","context":"In &quot;M\u00fczik Prod\u00fcksiyonu&quot;","img":{"alt_text":"","src":"https:\/\/i0.wp.com\/www.ufukonen.com\/tr\/wp-content\/uploads\/Kompresor_Teknikleri_00_Header.jpg?resize=350%2C200&ssl=1","width":350,"height":200},"classes":[]},{"id":7446,"url":"https:\/\/www.ufukonen.com\/tr\/kompresor-mini-rehber.html","url_meta":{"origin":6509,"position":1},"title":"Kompres\u00f6r: Mini Rehber","date":"June 27, 2022","format":false,"excerpt":"Kompres\u00f6r \u00fczerine daha \u00f6nce yazd\u0131\u011f\u0131m yaz\u0131lar\u0131 tek bir \u00e7at\u0131 alt\u0131nda toplay\u0131p bir mini rehber olu\u015fturdum. Linkleri ve a\u00e7\u0131klamalar\u0131 a\u015fa\u011f\u0131ya ekliyorum. Kompres\u00f6r\u00fcn \u00e7al\u0131\u015fma prensibi, \u00fczerindeki parametrelerin i\u015flevleri gibi temel bilgileri Ses Kay\u0131t ve M\u00fczik Teknolojileri adl\u0131 kitab\u0131mda bulabilirsiniz. \u0130yi okumalar! Kompres\u00f6r Attack S\u00fcresinin Sese Etkisini G\u00f6rselle\u015ftirecek Olursak\u2026 Attack s\u00fcresi, kompres\u00f6r \u00fczerindeki\u2026","rel":"","context":"In &quot;M\u00fczik Prod\u00fcksiyonu&quot;","img":{"alt_text":"","src":"https:\/\/i0.wp.com\/www.ufukonen.com\/tr\/wp-content\/uploads\/Kompresor_Mini_Rehber_00_Header.jpg?resize=350%2C200&ssl=1","width":350,"height":200},"classes":[]},{"id":7267,"url":"https:\/\/www.ufukonen.com\/tr\/sidechain-kompresor-ducking.html","url_meta":{"origin":6509,"position":2},"title":"Sidechain Kompres\u00f6r ve Ducking Teknikleri Aras\u0131ndaki Fark","date":"March 14, 2022","format":false,"excerpt":"Sidechain kompres\u00f6r ve ducking tekniklerinin genelde ayn\u0131 \u015feyler olduklar\u0131 d\u00fc\u015f\u00fcn\u00fcl\u00fcyor. Asl\u0131nda bu \u00e7ok da \u015fa\u015f\u0131rt\u0131c\u0131 de\u011fil. Yapt\u0131klar\u0131 i\u015fler birbirlerine benziyor. Her iki teknikte de bir sinyalin seviyesi, ba\u015fka bir sinyale ba\u011fl\u0131 olarak azalt\u0131l\u0131yor. \u00d6rnek olarak radyo programlar\u0131nda m\u00fczi\u011fin seviyesinin DJ konu\u015furken otomatik olarak k\u0131s\u0131lmas\u0131, DJ\u2019in konu\u015fmas\u0131 bitti\u011finde de normal seviyesine\u2026","rel":"","context":"In &quot;Ses ve M\u00fczik Teknolojileri&quot;","img":{"alt_text":"","src":"https:\/\/i0.wp.com\/www.ufukonen.com\/tr\/wp-content\/uploads\/Sidechain_Kompresor_Ducking_00_Header.jpg?resize=350%2C200&ssl=1","width":350,"height":200},"classes":[]},{"id":7866,"url":"https:\/\/www.ufukonen.com\/tr\/mikste-frekans-cakismasi.html","url_meta":{"origin":6509,"position":3},"title":"Mikste Frekans \u00c7ak\u0131\u015fmalar\u0131n\u0131 \u00d6nlemenin 8 Yolu","date":"January 2, 2023","format":false,"excerpt":"Bu yaz\u0131mda sizlerle mikste frekans \u00e7ak\u0131\u015fmalar\u0131n\u0131 \u00f6nlemek i\u00e7in sekiz y\u00f6ntem payla\u015fmak istiyorum. Y\u00f6ntemlere ge\u00e7meden \u00f6nce frekans \u00e7ak\u0131\u015fmas\u0131n\u0131n k\u0131sa bir tan\u0131m\u0131 ile ba\u015flayal\u0131m. Frekans Maskelemesi \/ \u00c7ak\u0131\u015fmas\u0131 Miks yapan herkesin ba\u015f\u0131na gelmi\u015ftir\u2026 Bazen iki enstr\u00fcman miksin i\u00e7inde kendilerine yer bulmak i\u00e7in birbirleriyle adeta sava\u015fa tutu\u015furlar. Bu sava\u015f\u0131n arkas\u0131ndaki sebep, \u0130ngilizcedeki terimiyle\u2026","rel":"","context":"In &quot;Ses ve M\u00fczik Teknolojileri&quot;","img":{"alt_text":"","src":"https:\/\/i0.wp.com\/www.ufukonen.com\/tr\/wp-content\/uploads\/Mikste_Frekans_Cakismasi_00_Header.jpg?resize=350%2C200&ssl=1","width":350,"height":200},"classes":[]},{"id":6732,"url":"https:\/\/www.ufukonen.com\/tr\/davul-miksi-kompresor-tuyo.html","url_meta":{"origin":6509,"position":4},"title":"Davul Miksi ve Kompres\u00f6r: Bir T\u00fcyo","date":"July 12, 2021","format":false,"excerpt":"Bas seslerin yo\u011fun, alt frekanslar\u0131n seviye olarak y\u00fcksek oldu\u011fu sinyallere kompres\u00f6r uygulad\u0131\u011f\u0131n\u0131zda kompres\u00f6r bu frekanslara g\u00f6re \u00e7al\u0131\u015f\u0131r. Ancak kompres\u00f6r her ne kadar alt frekanslara g\u00f6re tepki verse ve \u00e7al\u0131\u015fsa da etkisi t\u00fcm sinyal \u00fczerinde olur. Davul ve Kompres\u00f6r Davul, bu bahsetti\u011fim durum i\u00e7in verilebilecek en g\u00fczel \u00f6rneklerden biridir. Neredeyse en\u2026","rel":"","context":"In &quot;M\u00fczik Prod\u00fcksiyonu&quot;","img":{"alt_text":"","src":"https:\/\/i0.wp.com\/www.ufukonen.com\/tr\/wp-content\/uploads\/Davul_Alt_Miksi_Kompresor_00_Header.jpg?resize=350%2C200&ssl=1","width":350,"height":200},"classes":[]},{"id":6869,"url":"https:\/\/www.ufukonen.com\/tr\/miks-alt-frekans-dengesi-tavsiyeler.html","url_meta":{"origin":6509,"position":5},"title":"Mikste Sa\u011flam Bir Alt Frekans Dengesi Yakalamak \u0130\u00e7in Tavsiyeler","date":"September 20, 2021","format":false,"excerpt":"Mikste sa\u011flam bir alt frekans ya da di\u011fer bir deyi\u015fle s\u0131k\u0131 bir bas dengesi yakalamak \u00f6zellikle miks yapmaya yeni ba\u015flayanlar\u0131n en \u00e7ok zorland\u0131klar\u0131 noktalardan bir tanesi. Tecr\u00fcbe eden herkesin bildi\u011fi gibi vurucu ve s\u0131k\u0131 bir bas dengesi, EQ ile enstr\u00fcmanlar\u0131n alt frekans seviyelerini bol bol art\u0131rmakla olmuyor. Hatta tam tersine,\u2026","rel":"","context":"In &quot;Ses ve M\u00fczik Teknolojileri&quot;","img":{"alt_text":"","src":"https:\/\/i0.wp.com\/www.ufukonen.com\/tr\/wp-content\/uploads\/Miks_Alt_Frekans_Dengesi_Tavsiyeler_00_Header.jpg?resize=350%2C200&ssl=1","width":350,"height":200},"classes":[]}],"_links":{"self":[{"href":"https:\/\/www.ufukonen.com\/tr\/wp-json\/wp\/v2\/posts\/6509"}],"collection":[{"href":"https:\/\/www.ufukonen.com\/tr\/wp-json\/wp\/v2\/posts"}],"about":[{"href":"https:\/\/www.ufukonen.com\/tr\/wp-json\/wp\/v2\/types\/post"}],"author":[{"embeddable":true,"href":"https:\/\/www.ufukonen.com\/tr\/wp-json\/wp\/v2\/users\/2"}],"replies":[{"embeddable":true,"href":"https:\/\/www.ufukonen.com\/tr\/wp-json\/wp\/v2\/comments?post=6509"}],"version-history":[{"count":2,"href":"https:\/\/www.ufukonen.com\/tr\/wp-json\/wp\/v2\/posts\/6509\/revisions"}],"predecessor-version":[{"id":6513,"href":"https:\/\/www.ufukonen.com\/tr\/wp-json\/wp\/v2\/posts\/6509\/revisions\/6513"}],"wp:featuredmedia":[{"embeddable":true,"href":"https:\/\/www.ufukonen.com\/tr\/wp-json\/wp\/v2\/media\/6512"}],"wp:attachment":[{"href":"https:\/\/www.ufukonen.com\/tr\/wp-json\/wp\/v2\/media?parent=6509"}],"wp:term":[{"taxonomy":"category","embeddable":true,"href":"https:\/\/www.ufukonen.com\/tr\/wp-json\/wp\/v2\/categories?post=6509"},{"taxonomy":"post_tag","embeddable":true,"href":"https:\/\/www.ufukonen.com\/tr\/wp-json\/wp\/v2\/tags?post=6509"}],"curies":[{"name":"wp","href":"https:\/\/api.w.org\/{rel}","templated":true}]}}