{"id":6674,"date":"2021-06-14T01:00:00","date_gmt":"2021-06-13T22:00:00","guid":{"rendered":"https:\/\/www.ufukonen.com\/tr\/?p=6674"},"modified":"2021-07-12T01:01:55","modified_gmt":"2021-07-11T22:01:55","slug":"mid-side-sinyal-isleme","status":"publish","type":"post","link":"https:\/\/www.ufukonen.com\/tr\/mid-side-sinyal-isleme.html","title":{"rendered":"Mid\/Side (M\/S) Sinyal \u0130\u015fleme Y\u00f6ntemi"},"content":{"rendered":"\n<p>Mid\/Side processing (ya da k\u0131sa ad\u0131yla M\/S processing), M\/S mikrofonlama tekni\u011finden ilham alarak geli\u015ftirilmi\u015f bir sinyal i\u015fleme y\u00f6ntemi (M\/S mikrofonlama tekni\u011fi ile ilgili yaz\u0131m\u0131 buraya t\u0131klayarak okuyabilirsiniz). Bu y\u00f6ntem, \u00e7al\u0131\u015fma prensibi olarak stereodan farkl\u0131. Hemen k\u0131saca aradaki fark\u0131 anlatay\u0131m.<\/p>\n\n\n\n<div style=\"height:25px\" aria-hidden=\"true\" class=\"wp-block-spacer\"><\/div>\n\n\n\n<h3>Stereo ve M\/S \u0130\u015fleme Aras\u0131ndaki Fark<\/h3>\n\n\n\n<p>Stereo, sol ve sa\u011f olmak \u00fczere iki kanaldan olu\u015fur. Herhangi bir plug-in veya iki kanall\u0131 bir hardware sinyal i\u015flemci (\u00f6rnek olarak EQ veya kompres\u00f6r) ile stereo sinyal \u00fczerinde i\u015flem yapabilirsiniz.<\/p>\n\n\n\n<figure class=\"wp-block-image size-large\"><img loading=\"lazy\" width=\"1024\" height=\"384\" src=\"https:\/\/www.ufukonen.com\/tr\/wp-content\/uploads\/MidSide_Sinyal_Isleme_01-1024x384.png\" alt=\"\" class=\"wp-image-6677\" srcset=\"https:\/\/www.ufukonen.com\/tr\/wp-content\/uploads\/MidSide_Sinyal_Isleme_01-1024x384.png 1024w, https:\/\/www.ufukonen.com\/tr\/wp-content\/uploads\/MidSide_Sinyal_Isleme_01-300x113.png 300w, https:\/\/www.ufukonen.com\/tr\/wp-content\/uploads\/MidSide_Sinyal_Isleme_01-768x288.png 768w, https:\/\/www.ufukonen.com\/tr\/wp-content\/uploads\/MidSide_Sinyal_Isleme_01-1140x428.png 1140w, https:\/\/www.ufukonen.com\/tr\/wp-content\/uploads\/MidSide_Sinyal_Isleme_01-552x207.png 552w, https:\/\/www.ufukonen.com\/tr\/wp-content\/uploads\/MidSide_Sinyal_Isleme_01.png 1280w\" sizes=\"(max-width: 1024px) 100vw, 1024px\" \/><\/figure>\n\n\n\n<p>M\/S i\u015fleme y\u00f6nteminde ise stereo sinyal sol ve sa\u011f olarak de\u011fil, Mid (M) ve Side (S) (yani orta ve yan) olarak ikiye b\u00f6l\u00fcn\u00fcr. M\/S i\u015fleme kabiliyetine sahip EQ ve kompres\u00f6r gibi bir i\u015flemci ile orta ve yan sinyaller \u00fczerinde birbirlerinden ba\u011f\u0131ms\u0131z olarak i\u015flem yapabilirsiniz.<\/p>\n\n\n\n<figure class=\"wp-block-image size-large\"><img loading=\"lazy\" width=\"1024\" height=\"384\" src=\"https:\/\/www.ufukonen.com\/tr\/wp-content\/uploads\/MidSide_Sinyal_Isleme_02-1024x384.png\" alt=\"\" class=\"wp-image-6678\" srcset=\"https:\/\/www.ufukonen.com\/tr\/wp-content\/uploads\/MidSide_Sinyal_Isleme_02-1024x384.png 1024w, https:\/\/www.ufukonen.com\/tr\/wp-content\/uploads\/MidSide_Sinyal_Isleme_02-300x113.png 300w, https:\/\/www.ufukonen.com\/tr\/wp-content\/uploads\/MidSide_Sinyal_Isleme_02-768x288.png 768w, https:\/\/www.ufukonen.com\/tr\/wp-content\/uploads\/MidSide_Sinyal_Isleme_02-1140x428.png 1140w, https:\/\/www.ufukonen.com\/tr\/wp-content\/uploads\/MidSide_Sinyal_Isleme_02-552x207.png 552w, https:\/\/www.ufukonen.com\/tr\/wp-content\/uploads\/MidSide_Sinyal_Isleme_02.png 1280w\" sizes=\"(max-width: 1024px) 100vw, 1024px\" \/><\/figure>\n\n\n\n<div style=\"height:25px\" aria-hidden=\"true\" class=\"wp-block-spacer\"><\/div>\n\n\n\n<h3>Mid ve Side: Ayr\u0131 Ayr\u0131 Dinleyin!<\/h3>\n\n\n\n<p>M\/S y\u00f6nteminde sinyalin orta ve yan olarak ikiye b\u00f6l\u00fcnd\u00fc\u011f\u00fcn\u00fc belirttim. Peki, bu iki sinyali ayr\u0131 ayr\u0131 dinledi\u011fimizde neler duyar\u0131z? Bu sorunun cevab\u0131 elbette mikse g\u00f6re de\u011fi\u015fir ama genel olarak orta sinyalde a\u011f\u0131rl\u0131kl\u0131 olarak vokal, bas, davul gibi sesler ve bunun yan\u0131 s\u0131ra orta noktaya yak\u0131n olarak yerle\u015ftirilmi\u015f di\u011fer enstr\u00fcmanlar; yan sinyalde ise a\u011f\u0131rl\u0131kl\u0131 olarak reverb gibi efektler ile sol ve sa\u011f taraflara yak\u0131n olarak yerle\u015ftirilmi\u015f enstr\u00fcmanlar bulunur.<\/p>\n\n\n\n<p>Asl\u0131nda uzun uzun anlatmaya gerek yok. Hemen Brainworx bx_solo adl\u0131 plug-in&#8217;i indirin (AAX, VST, AU), master kanala insert edin ve kendiniz dinleyin. Left, Right, Mid, Side solo dinleme yapman\u0131za imkan tan\u0131yan bu \u00fccretsiz plug-in&#8217;in indirme linkini <a href=\"https:\/\/www.ufukonen.com\/tr\/ucretsiz-pluginler-18.html\" target=\"_blank\" rel=\"noreferrer noopener\">burada bulabilirsiniz<\/a>.<\/p>\n\n\n\n<figure class=\"wp-block-image size-large\"><a href=\"https:\/\/www.ufukonen.com\/tr\/ucretsiz-pluginler-18.html\" target=\"_blank\" rel=\"noopener noreferrer\"><img loading=\"lazy\" width=\"800\" height=\"198\" src=\"https:\/\/www.ufukonen.com\/tr\/wp-content\/uploads\/Brainworx_bx_solo.jpg\" alt=\"\" class=\"wp-image-5063\" srcset=\"https:\/\/www.ufukonen.com\/tr\/wp-content\/uploads\/Brainworx_bx_solo.jpg 800w, https:\/\/www.ufukonen.com\/tr\/wp-content\/uploads\/Brainworx_bx_solo-300x74.jpg 300w, https:\/\/www.ufukonen.com\/tr\/wp-content\/uploads\/Brainworx_bx_solo-768x190.jpg 768w\" sizes=\"(max-width: 800px) 100vw, 800px\" \/><\/a><\/figure>\n\n\n\n<div style=\"height:25px\" aria-hidden=\"true\" class=\"wp-block-spacer\"><\/div>\n\n\n\n<h3>Ne \u0130\u015fe Yarar?<\/h3>\n\n\n\n<p>Tamam, sinyali orta ve yan olarak ikiye b\u00f6ld\u00fck\u2026 Peki bu ne i\u015fe yarar? Nerede kullanabiliriz?<\/p>\n\n\n\n<p>M\/S i\u015fleme tekni\u011fini mikste stereo kaydedilmi\u015f enstr\u00fcmanlar \u00fczerinde kullanabilirsiniz. \u00d6rnek olarak, orta sinyali yan sinyale g\u00f6re biraz daha y\u00fcksek tutarak enstr\u00fcman\u0131n belirginli\u011fini &#8216;bir t\u0131k&#8217; art\u0131rabilir ya da sadece yan sinyale EQ uygulayarak enstr\u00fcman\u0131n geni\u015fli\u011fini biraz daha parlak hale getirebilirsiniz.<\/p>\n\n\n\n<p>M\/S tekni\u011fi \u00f6zellikle mastering m\u00fchendisleri taraf\u0131ndan s\u0131kl\u0131kla kullan\u0131lan bir teknik. Mastering m\u00fchendisleri, gerekli g\u00f6rd\u00fcklerinde, EQ ve kompres\u00f6r\u00fc do\u011frudan stereo miks \u00fczerine uygulamak yerine orta ve yan sinyallere ayr\u0131 ayr\u0131 uyguluyorlar. Bu, onlara \u00e7ok fazla esneklik sa\u011fl\u0131yor. \u00d6rnek olarak, kick, snare gibi seslerin bulundu\u011fu orta sinyali kompres\u00f6rle s\u0131k\u0131\u015ft\u0131r\u0131p dolgun bir hale getirirken, yan sinyali biraz daha serbest b\u0131rak\u0131p kayd\u0131n geni\u015fli\u011finin azalmas\u0131n\u0131 engelliyorlar.<\/p>\n\n\n\n<div style=\"height:25px\" aria-hidden=\"true\" class=\"wp-block-spacer\"><\/div>\n\n\n\n<h3>Dinleyin ve Kar\u015f\u0131la\u015ft\u0131r\u0131n!<\/h3>\n\n\n\n<p>Yukar\u0131da bahsetti\u011fim Brainworx bx_solo adl\u0131 plug-in&#8217;i indirin, DAW&#8217;\u0131n\u0131z\u0131n i\u00e7ine farkl\u0131 farkl\u0131 par\u00e7alar al\u0131n ve bunlar\u0131 orta ve yan sinyaller olarak ayr\u0131 ayr\u0131 dinleyin. Orta ve yan sinyaller aras\u0131nda neler farkl\u0131, neler ortak, bunlar\u0131 not al\u0131n ve par\u00e7alar aras\u0131nda kar\u015f\u0131la\u015ft\u0131rmalar yap\u0131n. E\u011fer bu, M\/S ile ilk kar\u015f\u0131la\u015fman\u0131z olacaksa, emin olun sizin i\u00e7in olduk\u00e7a ilgin\u00e7 bir deneyim olacak!<\/p>\n\n\n\n<div style=\"height:75px\" aria-hidden=\"true\" class=\"wp-block-spacer\"><\/div>\n\n\n\n<p>Teknik terimler i\u00e7in <a href=\"http:\/\/www.ufukonen.com\/tr\/ses-kayit-muzik-teknolojisi-terimler-sozluk.html\">m\u00fczik teknolojisi, m\u00fczik prod\u00fcksiyonu ve ses kay\u0131t terimleri s\u00f6zl\u00fc\u011f\u00fcne<\/a> g\u00f6z atabilirsiniz.<\/p>\n\n\n\n<p>Benzer payla\u015f\u0131mlar i\u00e7in beni <a rel=\"noreferrer noopener\" href=\"https:\/\/www.facebook.com\/ufukonen.skmt\/\" target=\"_blank\">Facebook<\/a>, <a rel=\"noreferrer noopener\" aria-label=\"Instagram (opens in a new tab)\" href=\"https:\/\/www.instagram.com\/ufukonen\/\" target=\"_blank\">Instagram<\/a> ve <a rel=\"noreferrer noopener\" href=\"https:\/\/twitter.com\/UfukOnen\" target=\"_blank\">Twitter<\/a>&#8216;da takip edebilir, haberler i\u00e7in <a rel=\"noreferrer noopener\" href=\"http:\/\/ufukonen.com\/tr\/ses-kayit-muzik-teknolojisi-terimler-sozluk.html\" target=\"_blank\">mesaj listeme \u00fcye olabilirsiniz<\/a>. Te\u015fekk\u00fcrler.<\/p>\n\n\n\n<p>Ba\u015fl\u0131k foto\u011fraf\u0131:\u00a0<a rel=\"noreferrer noopener\" href=\"https:\/\/unsplash.com\/@sjobjio?utm_source=unsplash&amp;utm_medium=referral&amp;utm_content=creditCopyText\" target=\"_blank\">SJ Objio<\/a>\u00a0|\u00a0<a rel=\"noreferrer noopener\" href=\"https:\/\/unsplash.com\/?utm_source=unsplash&amp;utm_medium=referral&amp;utm_content=creditCopyText\" target=\"_blank\">Unsplash<\/a><\/p>\n\n\n\n<p>Stereo ve Mid\/Side \u00e7izimleri: Ufuk \u00d6nen<\/p>\n\n\n\n<p>\u00a9 2021 Ufuk \u00d6nen. Her hakk\u0131 sakl\u0131d\u0131r. \u0130zinsiz kullan\u0131lamaz.<\/p>\n","protected":false},"excerpt":{"rendered":"<p class=\"post-excerpt\">Mid\/Side processing (ya da k\u0131sa ad\u0131yla M\/S processing), M\/S mikrofonlama tekni\u011finden ilham alarak geli\u015ftirilmi\u015f bir sinyal i\u015fleme y\u00f6ntemi (M\/S mikrofonlama&#8230;<\/p>\n","protected":false},"author":2,"featured_media":6681,"comment_status":"closed","ping_status":"open","sticky":false,"template":"","format":"standard","meta":{"_mi_skip_tracking":false,"spay_email":"","jetpack_publicize_message":"","jetpack_is_tweetstorm":false,"jetpack_publicize_feature_enabled":true},"categories":[18],"tags":[],"jetpack_featured_media_url":"https:\/\/www.ufukonen.com\/tr\/wp-content\/uploads\/MidSide_Sinyal_Isleme_00_Header.jpg","jetpack_publicize_connections":[],"jetpack_shortlink":"https:\/\/wp.me\/p3rjsG-1JE","jetpack_sharing_enabled":true,"jetpack-related-posts":[{"id":6684,"url":"https:\/\/www.ufukonen.com\/tr\/waves-studiorack-mid-side.html","url_meta":{"origin":6674,"position":0},"title":"Waves StudioRack ile T\u00fcm Plug-in&#8217;lerle Mid\/Side \u00c7al\u0131\u015f\u0131n","date":"June 21, 2021","format":false,"excerpt":"M\/S sinyal i\u015fleme yapabilmek i\u00e7in kulland\u0131\u011f\u0131n\u0131z plug-in'in Mid\/Side i\u015flem \u00f6zelli\u011fine sahip olmas\u0131 gerekiyor. E\u011fer bu \u00f6zellik yoksa o plug-in'i sadece standart stereo olarak kullanabiliyorsunuz. Peki, bu standart stereo plug-in'ler ile M\/S sinyal i\u015fleme yapman\u0131n bir yolu yok mu? E\u011fer Waves plug-in'lerini kullan\u0131yorsan\u0131z var. \u00dccretsiz olarak indirebilece\u011finiz StudioRack plug-in chainer sayesinde\u2026","rel":"","context":"In &quot;Ses ve M\u00fczik Teknolojileri&quot;","img":{"alt_text":"","src":"https:\/\/i0.wp.com\/www.ufukonen.com\/tr\/wp-content\/uploads\/Waves_StudioRack_MidSide_00_Header.jpg?resize=350%2C200&ssl=1","width":350,"height":200},"classes":[]},{"id":6799,"url":"https:\/\/www.ufukonen.com\/tr\/ucretsiz-pluginler-25.html","url_meta":{"origin":6674,"position":1},"title":"\u00dccretsiz Plug-in&#8217;ler (25)","date":"August 16, 2021","format":false,"excerpt":"\u00dccretsiz plug-in'ler serisi 25: GSat+ (TBProAudio), Warmy EP1A (Kiive Audio), M-Gate Multi (Mogwai Audio), Midside Matrix (Goodhertz). GSat+ (TBProAudio) GSat+, \u00fc\u00e7 farkl\u0131 lamba karakteri sunan bir sat\u00fcrasyon plug-in'i. \u00dczerinde sinyali stereo (ST), left (L), right (R), mid (M) ve side (S) olmak \u00fczere farkl\u0131 konumlarda dinlemenize imkan tan\u0131yan bir de\u2026","rel":"","context":"In &quot;Ses ve M\u00fczik Teknolojileri&quot;","img":{"alt_text":"","src":"https:\/\/i0.wp.com\/www.ufukonen.com\/tr\/wp-content\/uploads\/Ucretsiz_Pluginler_25s.jpg?resize=350%2C200&ssl=1","width":350,"height":200},"classes":[]},{"id":6656,"url":"https:\/\/www.ufukonen.com\/tr\/ms-mikrofonlama-teknigi.html","url_meta":{"origin":6674,"position":2},"title":"M\/S Mikrofonlama Tekni\u011fi","date":"June 7, 2021","format":false,"excerpt":"M\/S, 1934 y\u0131l\u0131nda Alan Blumlein taraf\u0131ndan icat edilmi\u015f ve patenti al\u0131nm\u0131\u015f bir stereo mikrofonlama tekni\u011fidir. M\/S'in a\u00e7\u0131l\u0131m\u0131 \"orta\" ve \"yan\" anlam\u0131na gelen \"Mid\" ve \"Side\"d\u0131r. Orijinal olarak bir ses kayna\u011f\u0131 ve bu ses kayna\u011f\u0131ndan \u00e7evreye yay\u0131lan sesleri de kaydetmek i\u00e7in kullan\u0131ld\u0131\u011f\u0131ndan dolay\u0131 bu teknik eskiden bazen \"Mid\" ve \"Surround\" olarak\u2026","rel":"","context":"In &quot;M\u00fczik Prod\u00fcksiyonu&quot;","img":{"alt_text":"","src":"https:\/\/i0.wp.com\/www.ufukonen.com\/tr\/wp-content\/uploads\/MS_Mikrofonlama_00_Header_.jpg?resize=350%2C200&ssl=1","width":350,"height":200},"classes":[]},{"id":4162,"url":"https:\/\/www.ufukonen.com\/tr\/vca-subgroup-fark.html","url_meta":{"origin":6674,"position":3},"title":"VCA ile Subgroup Aras\u0131ndaki Fark","date":"September 10, 2018","format":false,"excerpt":"\u00a0 VCA (Voltage Controlled Amplifier) ve subgroup \u00e7o\u011fu zaman birbirleri ile kar\u0131\u015ft\u0131r\u0131l\u0131yor. Hatta bazen ikisinin ayn\u0131 \u015fey oldu\u011fu d\u00fc\u015f\u00fcn\u00fcl\u00fcyor. Yapt\u0131klar\u0131 i\u015f benzer ama \u00e7al\u0131\u015fma prensipleri farkl\u0131 ve bu farkl\u0131l\u0131k bazen kullan\u0131m a\u00e7\u0131s\u0131ndan \u00f6nemli olabiliyor. \u00a0 VCA VCA, se\u00e7ti\u011finiz bir grup kanal\u0131n seviyesini tek bir fader ile azaltmak veya art\u0131rmak i\u00e7in\u2026","rel":"","context":"In &quot;Ses ve M\u00fczik Teknolojileri&quot;","img":{"alt_text":"","src":"https:\/\/i0.wp.com\/www.ufukonen.com\/tr\/wp-content\/uploads\/VCA_Subgroup_Fark.jpg?resize=350%2C200&ssl=1","width":350,"height":200},"classes":[]},{"id":254,"url":"https:\/\/www.ufukonen.com\/tr\/plug-inlerin-insert-ve-send-olarak-kullanimlari.html","url_meta":{"origin":6674,"position":4},"title":"Plug-in&#8217;lerin &#8216;Insert&#8217; ve &#8216;Send&#8217; Olarak Kullan\u0131mlar\u0131","date":"November 16, 2012","format":false,"excerpt":"Analog mikserler ve \u0130ngilizce'de 'outboard gear' olarak adland\u0131r\u0131lan 'hardware' ses i\u015flemci ve efekt \u00fcniteleri i\u00e7in \u015f\u00f6yle bir prensip vard\u0131r: Kompres\u00f6r, equalizer, noise gate gibi ses i\u015flemciler mikserde herhangi bir kanala 'insert' noktas\u0131 arac\u0131l\u0131\u011f\u0131 ile ba\u011flan\u0131r; reverb, delay gibi efektler i\u00e7in ise 'send' y\u00f6ntemi kullan\u0131l\u0131r. Kompres\u00f6r ve equalizer gibi sinyal i\u015flemciler\u2026","rel":"","context":"In &quot;M\u00fczik Prod\u00fcksiyonu&quot;","img":{"alt_text":"","src":"https:\/\/i0.wp.com\/www.ufukonen.com\/tr\/wp-content\/uploads\/Onen-Send-Insert-Sekil-07.jpg?resize=350%2C200&ssl=1","width":350,"height":200},"classes":[]},{"id":7023,"url":"https:\/\/www.ufukonen.com\/tr\/eventide-spliteq.html","url_meta":{"origin":6674,"position":5},"title":"Eventide SplitEQ &#8211; Oyunun Kurallar\u0131 De\u011fi\u015fiyor mu?","date":"December 6, 2021","format":false,"excerpt":"Eventide, 50 y\u0131ll\u0131k k\u00f6kl\u00fc ve inovatif bir firma. 70'li, 80'li ve 90'l\u0131 y\u0131llarda \u00fcrettikleri delay ve phaser gibi efekt \u00fcnitelerini y\u00fczlerce st\u00fcdyoda g\u00f6rmek m\u00fcmk\u00fcnd\u00fc. \u0130simleri ile \u00f6zde\u015fle\u015fen Harmonizer\u00ae ve Ultra-Harmonizer\u00ae ile ses teknolojisi d\u00fcnyas\u0131nda adeta oyunun kurallar\u0131n\u0131 de\u011fi\u015ftirdiler. Eventide, hardware cihaz tasarlay\u0131p \u00fcretmeye devam ediyor ama 2000'li y\u0131llar\u0131n ba\u015f\u0131ndan bu\u2026","rel":"","context":"In &quot;Ses ve M\u00fczik Teknolojileri&quot;","img":{"alt_text":"","src":"https:\/\/i0.wp.com\/www.ufukonen.com\/tr\/wp-content\/uploads\/Eventide_SplitEQ_00_Header.jpg?resize=350%2C200&ssl=1","width":350,"height":200},"classes":[]}],"_links":{"self":[{"href":"https:\/\/www.ufukonen.com\/tr\/wp-json\/wp\/v2\/posts\/6674"}],"collection":[{"href":"https:\/\/www.ufukonen.com\/tr\/wp-json\/wp\/v2\/posts"}],"about":[{"href":"https:\/\/www.ufukonen.com\/tr\/wp-json\/wp\/v2\/types\/post"}],"author":[{"embeddable":true,"href":"https:\/\/www.ufukonen.com\/tr\/wp-json\/wp\/v2\/users\/2"}],"replies":[{"embeddable":true,"href":"https:\/\/www.ufukonen.com\/tr\/wp-json\/wp\/v2\/comments?post=6674"}],"version-history":[{"count":6,"href":"https:\/\/www.ufukonen.com\/tr\/wp-json\/wp\/v2\/posts\/6674\/revisions"}],"predecessor-version":[{"id":6683,"href":"https:\/\/www.ufukonen.com\/tr\/wp-json\/wp\/v2\/posts\/6674\/revisions\/6683"}],"wp:featuredmedia":[{"embeddable":true,"href":"https:\/\/www.ufukonen.com\/tr\/wp-json\/wp\/v2\/media\/6681"}],"wp:attachment":[{"href":"https:\/\/www.ufukonen.com\/tr\/wp-json\/wp\/v2\/media?parent=6674"}],"wp:term":[{"taxonomy":"category","embeddable":true,"href":"https:\/\/www.ufukonen.com\/tr\/wp-json\/wp\/v2\/categories?post=6674"},{"taxonomy":"post_tag","embeddable":true,"href":"https:\/\/www.ufukonen.com\/tr\/wp-json\/wp\/v2\/tags?post=6674"}],"curies":[{"name":"wp","href":"https:\/\/api.w.org\/{rel}","templated":true}]}}