{"id":6747,"date":"2021-07-19T01:00:00","date_gmt":"2021-07-18T22:00:00","guid":{"rendered":"https:\/\/www.ufukonen.com\/tr\/?p=6747"},"modified":"2021-08-02T01:08:23","modified_gmt":"2021-08-01T22:08:23","slug":"waves-studiorack-multiband","status":"publish","type":"post","link":"https:\/\/www.ufukonen.com\/tr\/waves-studiorack-multiband.html","title":{"rendered":"Waves StudioRack ile T\u00fcm Plug-in&#8217;lerle Multiband \u00c7al\u0131\u015f\u0131n"},"content":{"rendered":"\n<p>Blog yaz\u0131lar\u0131m\u0131 takip edenler hat\u0131rlayacaklard\u0131r, \u00fccretsiz olarak indirebilece\u011finiz StudioRack adl\u0131 plug-in sayesinde t\u00fcm Waves plug-in&#8217;leri ile Mid\/Side \u00e7al\u0131\u015fman\u0131n m\u00fcmk\u00fcn oldu\u011funu yazm\u0131\u015f ve bunun nas\u0131l yap\u0131ld\u0131\u011f\u0131n\u0131 a\u00e7\u0131klam\u0131\u015ft\u0131m. Linkleri a\u015fa\u011f\u0131ya kopyal\u0131yorum:<\/p>\n\n\n\n<ul><li>&#8220;<a href=\"https:\/\/www.ufukonen.com\/tr\/waves-studiorack-mid-side.html\" target=\"_blank\" rel=\"noreferrer noopener\">Waves StudioRack ile T\u00fcm Plug-in&#8217;lerle Mid\/Side \u00c7al\u0131\u015f\u0131n<\/a>&#8220;<\/li><li><a href=\"https:\/\/www.waves.com\/plugins\/studiorack#introducing-the-new-studiorack-plugin-chainer\" target=\"_blank\" rel=\"noreferrer noopener\">Waves StudioRack<\/a> (bilgi ve indirme linki)<\/li><\/ul>\n\n\n\n<p>StudioRack sadece Mid\/Side de\u011fil, ayn\u0131 zamanda multiband \u00f6zelli\u011fi de sunuyor. Dolay\u0131s\u0131yla StudioRack sayesinde t\u00fcm Waves plug-in&#8217;lerini multiband olarak da kullanmak m\u00fcmk\u00fcn.<\/p>\n\n\n\n<p>Hemen nas\u0131l yap\u0131ld\u0131\u011f\u0131na bakal\u0131m\u2026<\/p>\n\n\n\n<p>Waves StudioRack plug-in\u2019ini master ya da multiband sinyal i\u015fleme yapmak istedi\u011finiz herhangi bir kanala insert edin.<\/p>\n\n\n\n<p>Rack b\u00f6l\u00fcm\u00fcnde \u00fcst s\u0131raya t\u0131klayarak \u201cMultiband Split\u201d opsiyonunu se\u00e7in.<\/p>\n\n\n\n<figure class=\"wp-block-image size-large\"><a href=\"https:\/\/www.ufukonen.com\/tr\/wp-content\/uploads\/Waves_StudioRack_Multiband_01.jpg\" target=\"_blank\" rel=\"noopener noreferrer\"><img loading=\"lazy\" width=\"1024\" height=\"710\" src=\"https:\/\/www.ufukonen.com\/tr\/wp-content\/uploads\/Waves_StudioRack_Multiband_01-1024x710.jpg\" alt=\"\" class=\"wp-image-6751\" srcset=\"https:\/\/www.ufukonen.com\/tr\/wp-content\/uploads\/Waves_StudioRack_Multiband_01-1024x710.jpg 1024w, https:\/\/www.ufukonen.com\/tr\/wp-content\/uploads\/Waves_StudioRack_Multiband_01-300x208.jpg 300w, https:\/\/www.ufukonen.com\/tr\/wp-content\/uploads\/Waves_StudioRack_Multiband_01-768x533.jpg 768w, https:\/\/www.ufukonen.com\/tr\/wp-content\/uploads\/Waves_StudioRack_Multiband_01-1140x791.jpg 1140w, https:\/\/www.ufukonen.com\/tr\/wp-content\/uploads\/Waves_StudioRack_Multiband_01-552x383.jpg 552w, https:\/\/www.ufukonen.com\/tr\/wp-content\/uploads\/Waves_StudioRack_Multiband_01.jpg 1280w\" sizes=\"(max-width: 1024px) 100vw, 1024px\" \/><\/a><\/figure>\n\n\n\n<p>Sinyali multiband i\u015flem i\u00e7in b\u00f6lm\u00fc\u015f olduk. Plug-in \u00fczerindeki art\u0131 ve eksi butonlar\u0131n\u0131 kullanarak sinyali en az iki, en \u00e7ok be\u015f olacak \u015fekilde istedi\u011finiz say\u0131da frekans aral\u0131\u011f\u0131na b\u00f6lebiliyorsunuz. Crossover frekanslar\u0131n\u0131 da yine istedi\u011finiz gibi ayarlayabiliyorsunuz. Ben bu \u00f6rnek i\u00e7in sinyali \u00fc\u00e7e b\u00f6ld\u00fcm, crossover frekanslar\u0131n\u0131 da 120 Hz ve 2.5 kHz olarak ayarlad\u0131m.<\/p>\n\n\n\n<figure class=\"wp-block-image size-large\"><a href=\"https:\/\/www.ufukonen.com\/tr\/wp-content\/uploads\/Waves_StudioRack_Multiband_02.jpg\" target=\"_blank\" rel=\"noopener noreferrer\"><img loading=\"lazy\" width=\"1024\" height=\"705\" src=\"https:\/\/www.ufukonen.com\/tr\/wp-content\/uploads\/Waves_StudioRack_Multiband_02-1024x705.jpg\" alt=\"\" class=\"wp-image-6752\" srcset=\"https:\/\/www.ufukonen.com\/tr\/wp-content\/uploads\/Waves_StudioRack_Multiband_02-1024x705.jpg 1024w, https:\/\/www.ufukonen.com\/tr\/wp-content\/uploads\/Waves_StudioRack_Multiband_02-300x206.jpg 300w, https:\/\/www.ufukonen.com\/tr\/wp-content\/uploads\/Waves_StudioRack_Multiband_02-768x529.jpg 768w, https:\/\/www.ufukonen.com\/tr\/wp-content\/uploads\/Waves_StudioRack_Multiband_02-1140x785.jpg 1140w, https:\/\/www.ufukonen.com\/tr\/wp-content\/uploads\/Waves_StudioRack_Multiband_02-552x380.jpg 552w, https:\/\/www.ufukonen.com\/tr\/wp-content\/uploads\/Waves_StudioRack_Multiband_02.jpg 1280w\" sizes=\"(max-width: 1024px) 100vw, 1024px\" \/><\/a><\/figure>\n\n\n\n<p>Rack i\u00e7indeki insert noktalar\u0131na kullanmak istedi\u011finiz plug-in\u2019leri yerle\u015ftirin.<\/p>\n\n\n\n<figure class=\"wp-block-image size-large\"><a href=\"https:\/\/www.ufukonen.com\/tr\/wp-content\/uploads\/Waves_StudioRack_Multiband_03.jpg\" target=\"_blank\" rel=\"noopener noreferrer\"><img loading=\"lazy\" width=\"1024\" height=\"705\" src=\"https:\/\/www.ufukonen.com\/tr\/wp-content\/uploads\/Waves_StudioRack_Multiband_03-1024x705.jpg\" alt=\"\" class=\"wp-image-6753\" srcset=\"https:\/\/www.ufukonen.com\/tr\/wp-content\/uploads\/Waves_StudioRack_Multiband_03-1024x705.jpg 1024w, https:\/\/www.ufukonen.com\/tr\/wp-content\/uploads\/Waves_StudioRack_Multiband_03-300x206.jpg 300w, https:\/\/www.ufukonen.com\/tr\/wp-content\/uploads\/Waves_StudioRack_Multiband_03-768x529.jpg 768w, https:\/\/www.ufukonen.com\/tr\/wp-content\/uploads\/Waves_StudioRack_Multiband_03-1140x785.jpg 1140w, https:\/\/www.ufukonen.com\/tr\/wp-content\/uploads\/Waves_StudioRack_Multiband_03-552x380.jpg 552w, https:\/\/www.ufukonen.com\/tr\/wp-content\/uploads\/Waves_StudioRack_Multiband_03.jpg 1280w\" sizes=\"(max-width: 1024px) 100vw, 1024px\" \/><\/a><\/figure>\n\n\n\n<p>\u0130\u015flem tamam!<\/p>\n\n\n\n<p>Her frekans aral\u0131\u011f\u0131 i\u00e7in farkl\u0131 plug-in kullanabilece\u011finiz gibi ayn\u0131 plug-in ile frekans aral\u0131klar\u0131 \u00fczerinde ayr\u0131 ayr\u0131 sinyal i\u015fleme yapabilirsiniz.<\/p>\n\n\n\n<div style=\"height:50px\" aria-hidden=\"true\" class=\"wp-block-spacer\"><\/div>\n\n\n\n<p>Teknik terimler i\u00e7in <a href=\"http:\/\/www.ufukonen.com\/tr\/ses-kayit-muzik-teknolojisi-terimler-sozluk.html\">m\u00fczik teknolojisi, m\u00fczik prod\u00fcksiyonu ve ses kay\u0131t terimleri s\u00f6zl\u00fc\u011f\u00fcne<\/a> g\u00f6z atabilirsiniz.<\/p>\n\n\n\n<p>Benzer payla\u015f\u0131mlar i\u00e7in beni <a rel=\"noreferrer noopener\" href=\"https:\/\/www.facebook.com\/ufukonen.skmt\/\" target=\"_blank\">Facebook<\/a>, <a href=\"https:\/\/www.instagram.com\/ufukonen\/\" target=\"_blank\" rel=\"noreferrer noopener\" aria-label=\"Instagram (opens in a new tab)\">Instagram<\/a> ve <a rel=\"noreferrer noopener\" href=\"https:\/\/twitter.com\/UfukOnen\" target=\"_blank\">Twitter<\/a>&#8216;da takip edebilir, haberler i\u00e7in <a rel=\"noreferrer noopener\" href=\"http:\/\/ufukonen.com\/tr\/ses-kayit-muzik-teknolojisi-terimler-sozluk.html\" target=\"_blank\">mesaj listeme \u00fcye olabilirsiniz<\/a>. Te\u015fekk\u00fcrler.<\/p>\n\n\n\n<p>\u00a9 2021 Ufuk \u00d6nen. Her hakk\u0131 sakl\u0131d\u0131r. \u0130zinsiz kullan\u0131lamaz.<\/p>\n","protected":false},"excerpt":{"rendered":"<p class=\"post-excerpt\">Blog yaz\u0131lar\u0131m\u0131 takip edenler hat\u0131rlayacaklard\u0131r, \u00fccretsiz olarak indirebilece\u011finiz StudioRack adl\u0131 plug-in sayesinde t\u00fcm Waves plug-in&#8217;leri ile Mid\/Side \u00e7al\u0131\u015fman\u0131n m\u00fcmk\u00fcn oldu\u011funu&#8230;<\/p>\n","protected":false},"author":2,"featured_media":6750,"comment_status":"closed","ping_status":"open","sticky":false,"template":"","format":"standard","meta":{"_mi_skip_tracking":false,"spay_email":"","jetpack_publicize_message":"","jetpack_is_tweetstorm":false,"jetpack_publicize_feature_enabled":true},"categories":[18],"tags":[],"jetpack_featured_media_url":"https:\/\/www.ufukonen.com\/tr\/wp-content\/uploads\/Waves_StudioRack_Multiband_00_Header.jpg","jetpack_publicize_connections":[],"jetpack_shortlink":"https:\/\/wp.me\/p3rjsG-1KP","jetpack_sharing_enabled":true,"jetpack-related-posts":[{"id":7633,"url":"https:\/\/www.ufukonen.com\/tr\/waves-studiorack-vst3.html","url_meta":{"origin":6747,"position":0},"title":"Waves StudioRack Art\u0131k T\u00fcm VST3 Plug-in&#8217;lerini Destekliyor!","date":"October 10, 2022","format":false,"excerpt":"Waves StudioRack, 'utility' kategorisinde en be\u011fendi\u011fim plug-in'lerden biridir. Bir\u00e7ok nedeni var\u2026 Birincisi, bir Waves kullan\u0131c\u0131s\u0131 olarak StudioRack sayesinde Waves plug-in'lerimden diledi\u011fim gibi plug-in zincirleri olu\u015fturabiliyorum. \u0130kincisi, istedi\u011fim herhangi bir Waves plug-in'ini (plug-in'in kendisi desteklemese bile) hem multiband hem de mid\/side olarak kullanabiliyorum. \u00dc\u00e7\u00fcnc\u00fcs\u00fc de, StudioRack \u00fccretsiz. \u0130lgili yaz\u0131lar: Waves StudioRack\u2026","rel":"","context":"Similar post","img":{"alt_text":"","src":"https:\/\/i0.wp.com\/www.ufukonen.com\/tr\/wp-content\/uploads\/Waves_StudioRack_VST_00_Header.jpg?resize=350%2C200&ssl=1","width":350,"height":200},"classes":[]},{"id":7281,"url":"https:\/\/www.ufukonen.com\/tr\/kulak-tirmalamayan-tizler.html","url_meta":{"origin":6747,"position":1},"title":"Kulak T\u0131rmalamayan Tizler Elde Etmek \u0130\u00e7in 5 \u0130\u015flemci","date":"April 4, 2022","format":false,"excerpt":"\u00c7al\u0131\u015ft\u0131\u011f\u0131m\u0131z par\u00e7ada kulak t\u0131rmalayan tizler var. Standart EQ ile sorunu \u00e7\u00f6zemiyoruz. Ne yapmal\u0131y\u0131z? Bu yaz\u0131mda kulak t\u0131rmalamayan tizler elde etmek i\u00e7in be\u015f i\u015flemci \u00f6nerisinde bulunmak istiyorum. 1\/ Dinamik EQ \"Dinamik EQ\" ba\u015fl\u0131kl\u0131 makalem i\u00e7in t\u0131klay\u0131n\u0131z Dinamik EQ'nun \u00e7al\u0131\u015fma prensibini ve dinamik EQ ile multiband kompres\u00f6r\u00fcn aras\u0131ndaki fark\u0131 anlatt\u0131\u011f\u0131m yaz\u0131m\u0131 buraya\u2026","rel":"","context":"In &quot;M\u00fczik Prod\u00fcksiyonu&quot;","img":{"alt_text":"","src":"https:\/\/i0.wp.com\/www.ufukonen.com\/tr\/wp-content\/uploads\/Kulak_Tirmalamayan_Tizler_00_Header.jpg?resize=350%2C200&ssl=1","width":350,"height":200},"classes":[]},{"id":6684,"url":"https:\/\/www.ufukonen.com\/tr\/waves-studiorack-mid-side.html","url_meta":{"origin":6747,"position":2},"title":"Waves StudioRack ile T\u00fcm Plug-in&#8217;lerle Mid\/Side \u00c7al\u0131\u015f\u0131n","date":"June 21, 2021","format":false,"excerpt":"M\/S sinyal i\u015fleme yapabilmek i\u00e7in kulland\u0131\u011f\u0131n\u0131z plug-in'in Mid\/Side i\u015flem \u00f6zelli\u011fine sahip olmas\u0131 gerekiyor. E\u011fer bu \u00f6zellik yoksa o plug-in'i sadece standart stereo olarak kullanabiliyorsunuz. Peki, bu standart stereo plug-in'ler ile M\/S sinyal i\u015fleme yapman\u0131n bir yolu yok mu? E\u011fer Waves plug-in'lerini kullan\u0131yorsan\u0131z var. \u00dccretsiz olarak indirebilece\u011finiz StudioRack plug-in chainer sayesinde\u2026","rel":"","context":"In &quot;Ses ve M\u00fczik Teknolojileri&quot;","img":{"alt_text":"","src":"https:\/\/i0.wp.com\/www.ufukonen.com\/tr\/wp-content\/uploads\/Waves_StudioRack_MidSide_00_Header.jpg?resize=350%2C200&ssl=1","width":350,"height":200},"classes":[]},{"id":6509,"url":"https:\/\/www.ufukonen.com\/tr\/sidechain-multiband-kompresor.html","url_meta":{"origin":6747,"position":3},"title":"Sidechain Multiband Kompres\u00f6r Kullan\u0131m\u0131","date":"April 26, 2021","format":false,"excerpt":"Sidechain kompres\u00f6r tekni\u011finin ne oldu\u011funu ve nas\u0131l yap\u0131ld\u0131\u011f\u0131n\u0131 \"Kompres\u00f6r Teknikleri \u2013 3. B\u00f6l\u00fcm: Sidechain Kompres\u00f6r Kullan\u0131m\u0131\" ba\u015fl\u0131kl\u0131 yaz\u0131mda anlatm\u0131\u015ft\u0131m. O yaz\u0131da da belirtti\u011fim gibi, her ne kadar sidechain deyince akla ilk gelen kick ve bas olsa da bu teknik bir \u00e7ok miks m\u00fchendisi taraf\u0131ndan farkl\u0131 enstr\u00fcmanlar i\u00e7in de kullan\u0131l\u0131yor. \u00d6rnek\u2026","rel":"","context":"In &quot;M\u00fczik Prod\u00fcksiyonu&quot;","img":{"alt_text":"","src":"https:\/\/i0.wp.com\/www.ufukonen.com\/tr\/wp-content\/uploads\/Sidechain_Multiband_Kompresor_Kullanimi_00_Header.jpg?resize=350%2C200&ssl=1","width":350,"height":200},"classes":[]},{"id":5216,"url":"https:\/\/www.ufukonen.com\/tr\/convolution-reverb-onerileri.html","url_meta":{"origin":6747,"position":4},"title":"Convolution Reverb Plug-in \u00d6nerileri","date":"November 25, 2019","format":false,"excerpt":"\u0130lk yay\u0131n tarihi 25 Kas\u0131m 2019 olan bu yaz\u0131 29 Mart 2021 tarihinde g\u00fcncellenmi\u015ftir. Bu yaz\u0131mda be\u011fendi\u011fim ve kulland\u0131\u011f\u0131m convolution reverb plug-in'lerini sizlerle payla\u015fmak istiyorum. Altiverb (Audio Ease) Convolution reverb dedi\u011fimizde benim akl\u0131ma gelen ilk isimlerden biri Audio Ease firmas\u0131 taraf\u0131ndan geli\u015ftirilen Altiverb. Audio Ease, 2000'li y\u0131llar\u0131n ba\u015f\u0131ndan beri d\u00fcnyan\u0131n\u2026","rel":"","context":"In &quot;Ses ve M\u00fczik Teknolojileri&quot;","img":{"alt_text":"","src":"https:\/\/i0.wp.com\/www.ufukonen.com\/tr\/wp-content\/uploads\/Convolution_Reverb_Plugin_Onerileri_720.jpg?resize=350%2C200&ssl=1","width":350,"height":200},"classes":[]},{"id":6515,"url":"https:\/\/www.ufukonen.com\/tr\/phantom-trigger-sidechain.html","url_meta":{"origin":6747,"position":5},"title":"Phantom Trigger Sidechain Tekni\u011fi","date":"April 12, 2021","format":false,"excerpt":"Sidechain kompres\u00f6r tekni\u011finde kanaldaki kompres\u00f6r\u00fc, sidechain kap\u0131s\u0131 arac\u0131l\u0131\u011f\u0131 ile ba\u015fka kanaldaki bir sinyal ile kontrol edebiliyoruz. Sidechain kompres\u00f6r tekni\u011finin ne oldu\u011funu ve nas\u0131l yap\u0131ld\u0131\u011f\u0131n\u0131 \"Kompres\u00f6r Teknikleri \u2013 3. B\u00f6l\u00fcm: Sidechain Kompres\u00f6r Kullan\u0131m\u0131\" ba\u015fl\u0131kl\u0131 yaz\u0131mda anlatm\u0131\u015ft\u0131m. Sidechain tekni\u011fi tamam! Peki, bu phantom trigger sidechain tekni\u011fi nedir? \"Phantom\", \"hayalet\" demek. Phantom trigger\u2026","rel":"","context":"In &quot;M\u00fczik Prod\u00fcksiyonu&quot;","img":{"alt_text":"","src":"https:\/\/i0.wp.com\/www.ufukonen.com\/tr\/wp-content\/uploads\/Phantom_Trigger_Sidechain_Teknigi_00_Header.jpg?resize=350%2C200&ssl=1","width":350,"height":200},"classes":[]}],"_links":{"self":[{"href":"https:\/\/www.ufukonen.com\/tr\/wp-json\/wp\/v2\/posts\/6747"}],"collection":[{"href":"https:\/\/www.ufukonen.com\/tr\/wp-json\/wp\/v2\/posts"}],"about":[{"href":"https:\/\/www.ufukonen.com\/tr\/wp-json\/wp\/v2\/types\/post"}],"author":[{"embeddable":true,"href":"https:\/\/www.ufukonen.com\/tr\/wp-json\/wp\/v2\/users\/2"}],"replies":[{"embeddable":true,"href":"https:\/\/www.ufukonen.com\/tr\/wp-json\/wp\/v2\/comments?post=6747"}],"version-history":[{"count":3,"href":"https:\/\/www.ufukonen.com\/tr\/wp-json\/wp\/v2\/posts\/6747\/revisions"}],"predecessor-version":[{"id":6754,"href":"https:\/\/www.ufukonen.com\/tr\/wp-json\/wp\/v2\/posts\/6747\/revisions\/6754"}],"wp:featuredmedia":[{"embeddable":true,"href":"https:\/\/www.ufukonen.com\/tr\/wp-json\/wp\/v2\/media\/6750"}],"wp:attachment":[{"href":"https:\/\/www.ufukonen.com\/tr\/wp-json\/wp\/v2\/media?parent=6747"}],"wp:term":[{"taxonomy":"category","embeddable":true,"href":"https:\/\/www.ufukonen.com\/tr\/wp-json\/wp\/v2\/categories?post=6747"},{"taxonomy":"post_tag","embeddable":true,"href":"https:\/\/www.ufukonen.com\/tr\/wp-json\/wp\/v2\/tags?post=6747"}],"curies":[{"name":"wp","href":"https:\/\/api.w.org\/{rel}","templated":true}]}}