{"id":6755,"date":"2021-07-26T01:00:00","date_gmt":"2021-07-25T22:00:00","guid":{"rendered":"https:\/\/www.ufukonen.com\/tr\/?p=6755"},"modified":"2021-08-23T01:08:27","modified_gmt":"2021-08-22T22:08:27","slug":"vokal-ucretsiz-pitch-correction","status":"publish","type":"post","link":"https:\/\/www.ufukonen.com\/tr\/vokal-ucretsiz-pitch-correction.html","title":{"rendered":"Vokal \u0130\u00e7in \u00dccretsiz Pitch Correction Plug-in Tavsiyesi"},"content":{"rendered":"\n<p>Celemony Melodyne, Antares Auto-Tune, Waves Tune ve di\u011ferleri\u2026 Piyasada vokal i\u00e7in pitch correction ama\u00e7l\u0131 olarak kullanabilece\u011finiz bir\u00e7ok plug-in var. Baz\u0131lar\u0131n\u0131n fiyatlar\u0131 olduk\u00e7a y\u00fcksek. E\u011fer \u00fccretsiz bir alternatif ar\u0131yorsan\u0131z a\u015fa\u011f\u0131da payla\u015ft\u0131\u011f\u0131m iki plug-in ilginizi \u00e7ekebilir.<\/p>\n\n\n\n<div style=\"height:20px\" aria-hidden=\"true\" class=\"wp-block-spacer\"><\/div>\n\n\n\n<h3>Graillon 2 (Auburn Sounds)<\/h3>\n\n\n\n<figure class=\"wp-block-image size-large\"><img loading=\"lazy\" width=\"800\" height=\"766\" src=\"https:\/\/www.ufukonen.com\/tr\/wp-content\/uploads\/Vokal_Ucretsiz_Pitch_Correction_Plugin_01.jpg\" alt=\"\" class=\"wp-image-6760\" srcset=\"https:\/\/www.ufukonen.com\/tr\/wp-content\/uploads\/Vokal_Ucretsiz_Pitch_Correction_Plugin_01.jpg 800w, https:\/\/www.ufukonen.com\/tr\/wp-content\/uploads\/Vokal_Ucretsiz_Pitch_Correction_Plugin_01-300x287.jpg 300w, https:\/\/www.ufukonen.com\/tr\/wp-content\/uploads\/Vokal_Ucretsiz_Pitch_Correction_Plugin_01-768x735.jpg 768w, https:\/\/www.ufukonen.com\/tr\/wp-content\/uploads\/Vokal_Ucretsiz_Pitch_Correction_Plugin_01-552x529.jpg 552w\" sizes=\"(max-width: 800px) 100vw, 800px\" \/><\/figure>\n\n\n\n<p>Graillon, vokaller i\u00e7in geli\u015ftirilmi\u015f bir pitch shift ve pitch correction plug-in&#8217;i. Kullan\u0131m\u0131 olduk\u00e7a basit. &#8220;Correction&#8221; mod\u00fcl\u00fcndeki &#8216;enable&#8217; kontrol\u00fc ile d\u00fczeltme fonksiyonunu aktif hale getiriyorsunuz. Daha sonra bu mod\u00fcldeki en \u00f6nemli kontrollerden biri olan &#8216;smooth&#8217; parametresini ayarl\u0131yorsunuz. Bu parametre pitch correction h\u0131z\u0131n\u0131 kontrol ediyor. &#8216;Fast&#8217; konumuna yakla\u015ft\u0131k\u00e7a ses do\u011fall\u0131ktan uzakla\u015f\u0131yor, robotik bir hale gelmeye ba\u015fl\u0131yor (orijinal Auto-Tune plug-in&#8217;inindeki &#8216;Retune Speed&#8217; parametresinde oldu\u011fu gibi).<\/p>\n\n\n\n<p>Graillon&#8217;\u0131n \u00fczerinde &#8220;Pitch Tracking&#8221; mod\u00fcl\u00fc bulunan bir de \u00fccretli versiyonu var. &#8220;Pitch Tracking&#8221; mod\u00fcl\u00fc ile sesin tonunu de\u011fi\u015ftirmek, g\u0131rtlak sesleri eklemek ve grup vokaller \u00fcretmek m\u00fcmk\u00fcn.<\/p>\n\n\n\n<p>Mac: AU, AAX, VST | Win: AAX, VST | \u0130ndirmek i\u00e7in <a href=\"https:\/\/www.auburnsounds.com\/products\/Graillon.html\" target=\"_blank\" rel=\"noreferrer noopener\">t\u0131klay\u0131n\u0131z<\/a>. <\/p>\n\n\n\n<div style=\"height:25px\" aria-hidden=\"true\" class=\"wp-block-spacer\"><\/div>\n\n\n\n<h3>MAutoPitch (MeldaProduction)<\/h3>\n\n\n\n<figure class=\"wp-block-image size-large\"><img loading=\"lazy\" width=\"800\" height=\"450\" src=\"https:\/\/www.ufukonen.com\/tr\/wp-content\/uploads\/Vokal_Ucretsiz_Pitch_Correction_Plugin_02.jpg\" alt=\"\" class=\"wp-image-6761\" srcset=\"https:\/\/www.ufukonen.com\/tr\/wp-content\/uploads\/Vokal_Ucretsiz_Pitch_Correction_Plugin_02.jpg 800w, https:\/\/www.ufukonen.com\/tr\/wp-content\/uploads\/Vokal_Ucretsiz_Pitch_Correction_Plugin_02-300x169.jpg 300w, https:\/\/www.ufukonen.com\/tr\/wp-content\/uploads\/Vokal_Ucretsiz_Pitch_Correction_Plugin_02-768x432.jpg 768w, https:\/\/www.ufukonen.com\/tr\/wp-content\/uploads\/Vokal_Ucretsiz_Pitch_Correction_Plugin_02-552x311.jpg 552w\" sizes=\"(max-width: 800px) 100vw, 800px\" \/><\/figure>\n\n\n\n<p>MAutoPitch, Melda Production taraf\u0131ndan \u00fccretsiz olarak da\u011f\u0131t\u0131lan MFreeFXBundle paketi i\u00e7inde gelen bir pitch correction plug-in&#8217;i. Pitch correction i\u00e7in gerekli olan t\u00fcm standart \u00f6zelliklere sahip. Buna ek olarak formant kayd\u0131rmas\u0131 ve stereo geni\u015fletme de yapabiliyor.<\/p>\n\n\n\n<p>Formant frekanslar\u0131n ne oldu\u011funu merak ediyorsan\u0131z &#8220;<a href=\"https:\/\/www.ufukonen.com\/tr\/formant-frekanslar-ve-pitch-shifting.html\" target=\"_blank\" rel=\"noreferrer noopener\">Formant Frekanslar ve Pitch Shifting<\/a>&#8221; ba\u015fl\u0131kl\u0131 yaz\u0131m\u0131 okuman\u0131z\u0131 \u00f6neririm.<\/p>\n\n\n\n<p>MFreeFXBundle i\u00e7inde 37 plug-in bulunuyor. Paketin bir de \u00fccretli versiyonu var, baz\u0131 ek \u00f6zellikle sunuyor. Ben ilk \u00f6nce \u00fccretsiz versiyonunu indirmi\u015ftim, daha sonra memnun kal\u0131nca \u00fccretli versiyonunu sat\u0131n ald\u0131m.<\/p>\n\n\n\n<p>Mac: AU, AAX, VST | Win: AAX, VST | Paket i\u00e7indeki plug-in&#8217;lerin listesini g\u00f6rmek ve paketi indirmek i\u00e7in <a href=\"https:\/\/www.meldaproduction.com\/MFreeFxBundle\" target=\"_blank\" rel=\"noreferrer noopener\">t\u0131klay\u0131n\u0131z<\/a>. <\/p>\n\n\n\n<div style=\"height:100px\" aria-hidden=\"true\" class=\"wp-block-spacer\"><\/div>\n\n\n\n<p>Teknik terimler i\u00e7in <a href=\"http:\/\/www.ufukonen.com\/tr\/ses-kayit-muzik-teknolojisi-terimler-sozluk.html\">m\u00fczik teknolojisi, m\u00fczik prod\u00fcksiyonu ve ses kay\u0131t terimleri s\u00f6zl\u00fc\u011f\u00fcne<\/a> g\u00f6z atabilirsiniz.<\/p>\n\n\n\n<p>Benzer payla\u015f\u0131mlar i\u00e7in beni <a rel=\"noreferrer noopener\" href=\"https:\/\/www.facebook.com\/ufukonen.skmt\/\" target=\"_blank\">Facebook<\/a>, <a rel=\"noreferrer noopener\" aria-label=\"Instagram (opens in a new tab)\" href=\"https:\/\/www.instagram.com\/ufukonen\/\" target=\"_blank\">Instagram<\/a> ve <a rel=\"noreferrer noopener\" href=\"https:\/\/twitter.com\/UfukOnen\" target=\"_blank\">Twitter<\/a>&#8216;da takip edebilir, haberler i\u00e7in <a rel=\"noreferrer noopener\" href=\"http:\/\/ufukonen.com\/tr\/ses-kayit-muzik-teknolojisi-terimler-sozluk.html\" target=\"_blank\">mesaj listeme \u00fcye olabilirsiniz<\/a>. Te\u015fekk\u00fcrler.<\/p>\n\n\n\n<p>Ba\u015fl\u0131k foto\u011fraf\u0131:&nbsp;<a rel=\"noreferrer noopener\" href=\"https:\/\/www.pexels.com\/@brett-sayles?utm_content=attributionCopyText&amp;utm_medium=referral&amp;utm_source=pexels\" target=\"_blank\">Brett Sayles<\/a>&nbsp;|&nbsp;<a rel=\"noreferrer noopener\" href=\"https:\/\/www.pexels.com\/photo\/man-recording-song-in-music-studio-4174917\/?utm_content=attributionCopyText&amp;utm_medium=referral&amp;utm_source=pexels\" target=\"_blank\">Pexels<\/a><\/p>\n\n\n\n<p>\u00a9 2021 Ufuk \u00d6nen. Her hakk\u0131 sakl\u0131d\u0131r. \u0130zinsiz kullan\u0131lamaz.<\/p>\n","protected":false},"excerpt":{"rendered":"<p class=\"post-excerpt\">Celemony Melodyne, Antares Auto-Tune, Waves Tune ve di\u011ferleri\u2026 Piyasada vokal i\u00e7in pitch correction ama\u00e7l\u0131 olarak kullanabilece\u011finiz bir\u00e7ok plug-in var. Baz\u0131lar\u0131n\u0131n&#8230;<\/p>\n","protected":false},"author":2,"featured_media":6759,"comment_status":"closed","ping_status":"open","sticky":false,"template":"","format":"standard","meta":{"_mi_skip_tracking":false,"spay_email":"","jetpack_publicize_message":"","jetpack_is_tweetstorm":false,"jetpack_publicize_feature_enabled":true},"categories":[18],"tags":[],"jetpack_featured_media_url":"https:\/\/www.ufukonen.com\/tr\/wp-content\/uploads\/Vokal_Ucretsiz_Pitch_Correction_Plugin_00_Header.jpg","jetpack_publicize_connections":[],"jetpack_shortlink":"https:\/\/wp.me\/p3rjsG-1KX","jetpack_sharing_enabled":true,"jetpack-related-posts":[{"id":7601,"url":"https:\/\/www.ufukonen.com\/tr\/harika-ucretsiz-plugin-setleri.html","url_meta":{"origin":6755,"position":0},"title":"Bilgisayar\u0131n\u0131zda Olmas\u0131 Gereken Harika ve \u00dccretsiz 3 Plug-in Seti","date":"September 12, 2022","format":false,"excerpt":"Bu yaz\u0131mda sizlerle m\u00fczik teknoloji ile u\u011fra\u015fan herkesin bilgisayar\u0131nda mutlaka olmas\u0131 gerekti\u011fini d\u00fc\u015f\u00fcnd\u00fc\u011f\u00fcm \u00fc\u00e7 \u00fccretsiz plug-in setini payla\u015fmak istiyorum. Bu setlerden veya setlerin i\u00e7indeki plug-in'lerden blog yaz\u0131lar\u0131mda zaman zaman bahsetmi\u015ftim. Setler yak\u0131n tarihte g\u00fcncellenince derli toplu tek bir yaz\u0131da payla\u015fman\u0131n faydal\u0131 olaca\u011f\u0131n\u0131 d\u00fc\u015f\u00fcnd\u00fcm. MeldaProduction MFreeFXBundle \u0130ngilizcede \"too good to be\u2026","rel":"","context":"In &quot;Ses ve M\u00fczik Teknolojileri&quot;","img":{"alt_text":"","src":"https:\/\/i0.wp.com\/www.ufukonen.com\/tr\/wp-content\/uploads\/Harika_Plugin_Seti_00_Header.jpg?resize=350%2C200&ssl=1","width":350,"height":200},"classes":[]},{"id":7480,"url":"https:\/\/www.ufukonen.com\/tr\/doubler-pluginleri.html","url_meta":{"origin":6755,"position":1},"title":"Doubler Plug-in&#8217;leri","date":"July 4, 2022","format":false,"excerpt":"Bir sesi veya enstr\u00fcman\u0131 daha zengin ya da daha hacimli duyurmak i\u00e7in birden fazla defa kaydetmek ve bu kanallar\u0131 mikste \u00fcst\u00fc \u00fcste kullanmak y\u0131llardan beri s\u0131kl\u0131kla uygulanan bir teknik. Buna 'doubling' ad\u0131 veriliyor. Doubling, \u00e7e\u015fitli sebeplerden dolay\u0131, her zaman m\u00fcmk\u00fcn olam\u0131yor. Bazen vokalist ya da enstr\u00fcman\u0131 \u00e7alan m\u00fczisyen ilk kaydetti\u011fi\u2026","rel":"","context":"In &quot;Ses ve M\u00fczik Teknolojileri&quot;","img":{"alt_text":"","src":"https:\/\/i0.wp.com\/www.ufukonen.com\/tr\/wp-content\/uploads\/Doubler_Pluginleri_00_Header.jpg?resize=350%2C200&ssl=1","width":350,"height":200},"classes":[]},{"id":2698,"url":"https:\/\/www.ufukonen.com\/tr\/ucretsiz-pluginler-06.html","url_meta":{"origin":6755,"position":2},"title":"\u00dccretsiz Plug-in&#8217;ler (06)","date":"August 8, 2016","format":false,"excerpt":"\u00dccretsiz\u00a0plug-in'ler serisi 6: The Monster\u00a0(Slate Digital), OldSkoolVerb\u00a0(Voxengo), Width Knob\u00a0(Boz Digital Labs), Limited-Z\u00a0(LVC-Audio). The Monster\u00a0(Slate Digital) Steven slate'den yeni bir \u00fccretsiz plug-in: The Monster Extreme Dynamic Compressor. The Monster, 'vintage' FET limiter cihazlar\u0131n\u0131n t\u00fcm d\u00fc\u011fmelerinin bas\u0131l\u0131 oldu\u011fu durumu sim\u00fcle ediyor. Plug-in'in ismi de burada geliyor. The Monster'\u0131n \u00fczerinde bulunan High Frequency\u2026","rel":"","context":"In &quot;Ses ve M\u00fczik Teknolojileri&quot;","img":{"alt_text":"","src":"https:\/\/i0.wp.com\/www.ufukonen.com\/tr\/wp-content\/uploads\/Ucretsiz_Pluginler_06s.jpg?resize=350%2C200&ssl=1","width":350,"height":200},"classes":[]},{"id":2963,"url":"https:\/\/www.ufukonen.com\/tr\/dio-holy-diver-vokal-kanallari.html","url_meta":{"origin":6755,"position":3},"title":"Dio &#8220;Holy Diver&#8221; Vokal Kanallar\u0131","date":"February 13, 2017","format":false,"excerpt":"Ronnie James Dio (1942-2010), bana ve daha bir\u00e7oklar\u0131na g\u00f6re, hard rock ve heavy metal d\u00fcnyas\u0131n\u0131n gelmi\u015f ge\u00e7mi\u015f en \u00f6nemli solistlerinden biridir. Rainbow ile Ritchie Blackmore's Rainbow, Rising, Long Live Rock'n'Roll; Black Sabbath ile Heaven and Hell, Mob Rules; soyad\u0131n\u0131 ta\u015f\u0131yan Dio adl\u0131 grubu ile Holy Diver, The Last in Line\u2026","rel":"","context":"In &quot;M\u00fczik&quot;","img":{"alt_text":"","src":"https:\/\/i0.wp.com\/www.ufukonen.com\/tr\/wp-content\/uploads\/Dio_Heaven-N-Hell_2009-06-11_Chicago_Photoby_Adam-Bielawski_horizontal.jpg?resize=350%2C200&ssl=1","width":350,"height":200},"classes":[]},{"id":7515,"url":"https:\/\/www.ufukonen.com\/tr\/vokal-hava-parlaklik.html","url_meta":{"origin":6755,"position":4},"title":"Vokale &#8220;Hava&#8221; ve &#8220;Parlakl\u0131k&#8221; Katmak \u0130\u00e7in Bir Teknik","date":"August 1, 2022","format":false,"excerpt":"Bu yaz\u0131mda sizlerle vokale \"hava\" ve \"parlakl\u0131k\" katmak i\u00e7in i\u00e7in basit ama olduk\u00e7a etkili bir teknik payla\u015fmak istiyorum. Bu teknik bana ait de\u011fil. F. Reid Shippen taraf\u0131ndan \u00e7ekilen bir videoda kar\u015f\u0131ma \u00e7\u0131kt\u0131. Videoyu buraya t\u0131klayarak izleyebilirsiniz. Shippen, bu tekni\u011fi Izotope Nectar kullanarak uyguluyor. Ben Pro Tools ile birlikte gelen plug-in'leri\u2026","rel":"","context":"In &quot;M\u00fczik Prod\u00fcksiyonu&quot;","img":{"alt_text":"","src":"https:\/\/i0.wp.com\/www.ufukonen.com\/tr\/wp-content\/uploads\/Vokal_Hava_Parlaklik_00_Header.jpg?resize=350%2C200&ssl=1","width":350,"height":200},"classes":[]},{"id":7281,"url":"https:\/\/www.ufukonen.com\/tr\/kulak-tirmalamayan-tizler.html","url_meta":{"origin":6755,"position":5},"title":"Kulak T\u0131rmalamayan Tizler Elde Etmek \u0130\u00e7in 5 \u0130\u015flemci","date":"April 4, 2022","format":false,"excerpt":"\u00c7al\u0131\u015ft\u0131\u011f\u0131m\u0131z par\u00e7ada kulak t\u0131rmalayan tizler var. Standart EQ ile sorunu \u00e7\u00f6zemiyoruz. Ne yapmal\u0131y\u0131z? Bu yaz\u0131mda kulak t\u0131rmalamayan tizler elde etmek i\u00e7in be\u015f i\u015flemci \u00f6nerisinde bulunmak istiyorum. 1\/ Dinamik EQ \"Dinamik EQ\" ba\u015fl\u0131kl\u0131 makalem i\u00e7in t\u0131klay\u0131n\u0131z Dinamik EQ'nun \u00e7al\u0131\u015fma prensibini ve dinamik EQ ile multiband kompres\u00f6r\u00fcn aras\u0131ndaki fark\u0131 anlatt\u0131\u011f\u0131m yaz\u0131m\u0131 buraya\u2026","rel":"","context":"In &quot;M\u00fczik Prod\u00fcksiyonu&quot;","img":{"alt_text":"","src":"https:\/\/i0.wp.com\/www.ufukonen.com\/tr\/wp-content\/uploads\/Kulak_Tirmalamayan_Tizler_00_Header.jpg?resize=350%2C200&ssl=1","width":350,"height":200},"classes":[]}],"_links":{"self":[{"href":"https:\/\/www.ufukonen.com\/tr\/wp-json\/wp\/v2\/posts\/6755"}],"collection":[{"href":"https:\/\/www.ufukonen.com\/tr\/wp-json\/wp\/v2\/posts"}],"about":[{"href":"https:\/\/www.ufukonen.com\/tr\/wp-json\/wp\/v2\/types\/post"}],"author":[{"embeddable":true,"href":"https:\/\/www.ufukonen.com\/tr\/wp-json\/wp\/v2\/users\/2"}],"replies":[{"embeddable":true,"href":"https:\/\/www.ufukonen.com\/tr\/wp-json\/wp\/v2\/comments?post=6755"}],"version-history":[{"count":5,"href":"https:\/\/www.ufukonen.com\/tr\/wp-json\/wp\/v2\/posts\/6755\/revisions"}],"predecessor-version":[{"id":6784,"href":"https:\/\/www.ufukonen.com\/tr\/wp-json\/wp\/v2\/posts\/6755\/revisions\/6784"}],"wp:featuredmedia":[{"embeddable":true,"href":"https:\/\/www.ufukonen.com\/tr\/wp-json\/wp\/v2\/media\/6759"}],"wp:attachment":[{"href":"https:\/\/www.ufukonen.com\/tr\/wp-json\/wp\/v2\/media?parent=6755"}],"wp:term":[{"taxonomy":"category","embeddable":true,"href":"https:\/\/www.ufukonen.com\/tr\/wp-json\/wp\/v2\/categories?post=6755"},{"taxonomy":"post_tag","embeddable":true,"href":"https:\/\/www.ufukonen.com\/tr\/wp-json\/wp\/v2\/tags?post=6755"}],"curies":[{"name":"wp","href":"https:\/\/api.w.org\/{rel}","templated":true}]}}