{"id":6763,"date":"2021-08-02T01:00:00","date_gmt":"2021-08-01T22:00:00","guid":{"rendered":"https:\/\/www.ufukonen.com\/tr\/?p=6763"},"modified":"2021-10-28T20:19:48","modified_gmt":"2021-10-28T17:19:48","slug":"noise-gate-tavsiye","status":"publish","type":"post","link":"https:\/\/www.ufukonen.com\/tr\/noise-gate-tavsiye.html","title":{"rendered":"Noise Gate Kullan\u0131m\u0131 \u0130\u00e7in Bir Tavsiye"},"content":{"rendered":"\n<p>Dinamik i\u015flemciler ailesinden olan noise gate&#8217;in \u00e7al\u0131\u015fma prensibi gayet basit: Threshold seviyesi \u00fczerindeki sinyaller hi\u00e7bir de\u011fi\u015fikli\u011fe u\u011framadan gate \u00fczerinden ge\u00e7ip gidiyor. Threshold seviyesi alt\u0131nda kalan veya threshold seviyesi alt\u0131na d\u00fc\u015fen sinyaller ise kullan\u0131c\u0131n\u0131n ayarlad\u0131\u011f\u0131 attack, hold, release ve floor \/ range parametreleri do\u011frultusunda kesiliyor ya da azalt\u0131l\u0131yor.<\/p>\n\n\n\n<p>G\u00f6rd\u00fc\u011f\u00fcm kadar\u0131yla gate ayar\u0131 yap\u0131l\u0131rken daha \u00e7ok threshold, attack, hold ve release parametreleri \u00fczerinde duruluyor. \u00d6zellikle ses ve m\u00fczik teknolojileri \u00fczerine \u00e7al\u0131\u015fmaya yeni ba\u015flayanlar floor \/ range parametresine fazla dikkat etmiyor.<\/p>\n\n\n\n<figure class=\"wp-block-image size-large\"><img loading=\"lazy\" width=\"800\" height=\"593\" src=\"https:\/\/www.ufukonen.com\/tr\/wp-content\/uploads\/Noise_Gate_Tavsiye_01.jpg\" alt=\"\" class=\"wp-image-6767\" srcset=\"https:\/\/www.ufukonen.com\/tr\/wp-content\/uploads\/Noise_Gate_Tavsiye_01.jpg 800w, https:\/\/www.ufukonen.com\/tr\/wp-content\/uploads\/Noise_Gate_Tavsiye_01-300x222.jpg 300w, https:\/\/www.ufukonen.com\/tr\/wp-content\/uploads\/Noise_Gate_Tavsiye_01-768x569.jpg 768w, https:\/\/www.ufukonen.com\/tr\/wp-content\/uploads\/Noise_Gate_Tavsiye_01-552x409.jpg 552w\" sizes=\"(max-width: 800px) 100vw, 800px\" \/><\/figure>\n\n\n\n<div style=\"height:20px\" aria-hidden=\"true\" class=\"wp-block-spacer\"><\/div>\n\n\n\n<h3>Floor \/ Range Parametresi<\/h3>\n\n\n\n<p>&#8216;Floor&#8217; ve &#8216;range&#8217;, her ikisi de ayn\u0131 parametre. Baz\u0131 firmalar &#8216;floor&#8217;, di\u011ferleri ise &#8216;range&#8217; terimini kullan\u0131yor. Hatta ba\u015fka terimler kullananlar da var. \u00d6rnek olarak, Waves C1 Gate &#8216;floor&#8217;; Pro Tools i\u00e7indeki stok gate plug-in&#8217;i &#8216;range&#8217;; Logic Pro i\u00e7indeki stok noise gate plug-in&#8217;i ise &#8216;reduction&#8217; terimini kullan\u0131yor. Bu parametre, threshold seviyesi alt\u0131nda kalan sinyalin ne kadar azalt\u0131laca\u011f\u0131n\u0131 kontrol ediyor. Birim olarak dB kullan\u0131l\u0131yor.<\/p>\n\n\n\n<figure class=\"wp-block-image size-large\"><img loading=\"lazy\" width=\"800\" height=\"541\" src=\"https:\/\/www.ufukonen.com\/tr\/wp-content\/uploads\/Noise_Gate_Tavsiye_02.jpg\" alt=\"\" class=\"wp-image-6768\" srcset=\"https:\/\/www.ufukonen.com\/tr\/wp-content\/uploads\/Noise_Gate_Tavsiye_02.jpg 800w, https:\/\/www.ufukonen.com\/tr\/wp-content\/uploads\/Noise_Gate_Tavsiye_02-300x203.jpg 300w, https:\/\/www.ufukonen.com\/tr\/wp-content\/uploads\/Noise_Gate_Tavsiye_02-768x519.jpg 768w, https:\/\/www.ufukonen.com\/tr\/wp-content\/uploads\/Noise_Gate_Tavsiye_02-552x373.jpg 552w\" sizes=\"(max-width: 800px) 100vw, 800px\" \/><\/figure>\n\n\n\n<p>Bir\u00e7ok yeni kullan\u0131c\u0131 bu parametreyi gate (kap\u0131) tam kapanacak \u015fekilde ayarl\u0131yor. Bu parametrenin otomatik olarak bu \u015fekilde (sinyal threshold seviyesinin alt\u0131na d\u00fc\u015ft\u00fc\u011f\u00fcnde kap\u0131 tam olarak kapanacak, di\u011fer bir deyi\u015fe sinyal tam olarak kesilecek \u015fekilde) ayarlanmas\u0131 bence b\u00fcy\u00fck bir hata!<\/p>\n\n\n\n<p>Evet, baz\u0131 durumlarda kap\u0131n\u0131n tam olarak kapanmas\u0131n\u0131, sinyalin tamamen kesilmesini istiyoruz.<\/p>\n\n\n\n<p>Ancak baz\u0131 durumlarda (hatta bir\u00e7ok durumda) ise sesin do\u011fall\u0131\u011f\u0131n\u0131n ya da b\u00fct\u00fcnl\u00fc\u011f\u00fcn\u00fcn korunmas\u0131 amac\u0131yla sinyalin tamamen kesilmesini de\u011fil, azalt\u0131lmas\u0131n\u0131 istiyoruz.<\/p>\n\n\n\n<figure class=\"wp-block-image size-large\"><img loading=\"lazy\" width=\"800\" height=\"356\" src=\"https:\/\/www.ufukonen.com\/tr\/wp-content\/uploads\/Noise_Gate_Tavsiye_03.jpg\" alt=\"\" class=\"wp-image-6769\" srcset=\"https:\/\/www.ufukonen.com\/tr\/wp-content\/uploads\/Noise_Gate_Tavsiye_03.jpg 800w, https:\/\/www.ufukonen.com\/tr\/wp-content\/uploads\/Noise_Gate_Tavsiye_03-300x134.jpg 300w, https:\/\/www.ufukonen.com\/tr\/wp-content\/uploads\/Noise_Gate_Tavsiye_03-768x342.jpg 768w, https:\/\/www.ufukonen.com\/tr\/wp-content\/uploads\/Noise_Gate_Tavsiye_03-552x246.jpg 552w\" sizes=\"(max-width: 800px) 100vw, 800px\" \/><\/figure>\n\n\n\n<div style=\"height:20px\" aria-hidden=\"true\" class=\"wp-block-spacer\"><\/div>\n\n\n\n<h3>Bir \u00d6rnek<\/h3>\n\n\n\n<p>\u00d6rnek olarak, bir akustik davul kayd\u0131nda tom kanal\u0131 \u00fczerinde noise gate kulland\u0131\u011f\u0131n\u0131z\u0131 d\u00fc\u015f\u00fcnelim. E\u011fer floor \/ range parametresini kap\u0131 tom vuru\u015flar\u0131 aras\u0131nda tam olarak kapacak \u015fekilde ayarlarsan\u0131z, davulun tom mikrofonlar\u0131 taraf\u0131ndan kaydedilen genel sesi tom vuru\u015flar\u0131 s\u0131ras\u0131nda mikse girer, tom vuru\u015flar\u0131 olmad\u0131\u011f\u0131 yerlerde ise tamamen kesilir. Bu &#8220;gel-git&#8221; davulun genel duyumu \u00fczerinde rahats\u0131z edici bir etki olu\u015fturur.<\/p>\n\n\n\n<p>B\u00f6yle bir durumda yap\u0131lmas\u0131 gereken, tom kanal\u0131 \u00fczerindeki noise gate&#8217;i floor \/ range parametresi ile kap\u0131 tam kapanmayacak, sinyal threshold alt\u0131na d\u00fc\u015ft\u00fc\u011f\u00fcnde 6-12 dB azalt\u0131lacak \u015fekilde ayarlamakt\u0131r. Bu sayede hem tom vuru\u015flar\u0131n\u0131 mikrofona gelen di\u011fer seslerden biraz da olsa izole etmi\u015f hem de davulun duyumunun b\u00fct\u00fcnl\u00fc\u011f\u00fcn\u00fc korumu\u015f olursunuz.<\/p>\n\n\n\n<div style=\"height:20px\" aria-hidden=\"true\" class=\"wp-block-spacer\"><\/div>\n\n\n\n<h3>Sonu\u00e7 Olarak\u2026<\/h3>\n\n\n\n<p>Floor \/ range parametresini mutlaka dikkate al\u0131n. Bu parametreyi otomatik olarak kap\u0131 olarak kapanacak \u015fekilde de\u011fil, sinyalin ve genel olarak miksin durumuna g\u00f6re ayarlay\u0131n. Bazen threshold seviyesi alt\u0131nda kap\u0131y\u0131 tam olarak kapatman\u0131z, sinyali tamamen kesmeniz gerekebilir. Di\u011fer yandan, baz\u0131 durumda ise kap\u0131y\u0131 tamamen kapatmak yerine azaltma uygulamak daha isabetli bir se\u00e7im olabilir.<\/p>\n\n\n\n<p>Tecr\u00fcbelerime dayanarak \u00e7o\u011fu durumda kap\u0131y\u0131 tam kapatmak yerine azaltma uygulaman\u0131n \u00e7ok daha iyi sonu\u00e7 verdi\u011fini s\u00f6yleyebilirim.<\/p>\n\n\n\n<p>Ne kadar azaltma uygulamak gerekir? Bu sorunun kesin bir cevab\u0131 yok. Her durum farkl\u0131. Rehberlik etmesi a\u00e7\u0131s\u0131ndan, 6-12 dB azaltma ile ba\u015flay\u0131p sonra ince ayar yapman\u0131z\u0131 tavsiye ederim.<\/p>\n\n\n\n<div style=\"height:50px\" aria-hidden=\"true\" class=\"wp-block-spacer\"><\/div>\n\n\n\n<p>Teknik terimler i\u00e7in <a href=\"http:\/\/www.ufukonen.com\/tr\/ses-kayit-muzik-teknolojisi-terimler-sozluk.html\">m\u00fczik teknolojisi, m\u00fczik prod\u00fcksiyonu ve ses kay\u0131t terimleri s\u00f6zl\u00fc\u011f\u00fcne<\/a> g\u00f6z atabilirsiniz.<\/p>\n\n\n\n<p>Benzer payla\u015f\u0131mlar i\u00e7in beni <a rel=\"noreferrer noopener\" href=\"https:\/\/www.facebook.com\/ufukonen.skmt\/\" target=\"_blank\">Facebook<\/a>, <a rel=\"noreferrer noopener\" aria-label=\"Instagram (opens in a new tab)\" href=\"https:\/\/www.instagram.com\/ufukonen\/\" target=\"_blank\">Instagram<\/a> ve <a rel=\"noreferrer noopener\" href=\"https:\/\/twitter.com\/UfukOnen\" target=\"_blank\">Twitter<\/a>&#8216;da takip edebilir, haberler i\u00e7in <a rel=\"noreferrer noopener\" href=\"http:\/\/ufukonen.com\/tr\/ses-kayit-muzik-teknolojisi-terimler-sozluk.html\" target=\"_blank\">mesaj listeme \u00fcye olabilirsiniz<\/a>. Te\u015fekk\u00fcrler.<\/p>\n\n\n\n<p>Ba\u015fl\u0131k foto\u011fraf\u0131: Mikael Altemark |&nbsp;<a href=\"https:\/\/en.wikipedia.org\/wiki\/File:Drawmer_DS201_Dual_Noise_Gate-Ducker_-_left_half,_angled_(2015-02-01_by_mikael_altemark).jpg\" target=\"_blank\" rel=\"noreferrer noopener\">Wikimedia Commons<\/a><\/p>\n\n\n\n<p>\u00a9 2021 Ufuk \u00d6nen. Her hakk\u0131 sakl\u0131d\u0131r. \u0130zinsiz kullan\u0131lamaz.<\/p>\n","protected":false},"excerpt":{"rendered":"<p class=\"post-excerpt\">Dinamik i\u015flemciler ailesinden olan noise gate&#8217;in \u00e7al\u0131\u015fma prensibi gayet basit: Threshold seviyesi \u00fczerindeki sinyaller hi\u00e7bir de\u011fi\u015fikli\u011fe u\u011framadan gate \u00fczerinden ge\u00e7ip&#8230;<\/p>\n","protected":false},"author":2,"featured_media":6765,"comment_status":"closed","ping_status":"open","sticky":false,"template":"","format":"standard","meta":{"_mi_skip_tracking":false,"spay_email":"","jetpack_publicize_message":"","jetpack_is_tweetstorm":false,"jetpack_publicize_feature_enabled":true},"categories":[16],"tags":[],"jetpack_featured_media_url":"https:\/\/www.ufukonen.com\/tr\/wp-content\/uploads\/Noise_Gate_Tavsiye_00_Header.jpg","jetpack_publicize_connections":[],"jetpack_shortlink":"https:\/\/wp.me\/p3rjsG-1L5","jetpack_sharing_enabled":true,"jetpack-related-posts":[{"id":7267,"url":"https:\/\/www.ufukonen.com\/tr\/sidechain-kompresor-ducking.html","url_meta":{"origin":6763,"position":0},"title":"Sidechain Kompres\u00f6r ve Ducking Teknikleri Aras\u0131ndaki Fark","date":"March 14, 2022","format":false,"excerpt":"Sidechain kompres\u00f6r ve ducking tekniklerinin genelde ayn\u0131 \u015feyler olduklar\u0131 d\u00fc\u015f\u00fcn\u00fcl\u00fcyor. Asl\u0131nda bu \u00e7ok da \u015fa\u015f\u0131rt\u0131c\u0131 de\u011fil. Yapt\u0131klar\u0131 i\u015fler birbirlerine benziyor. Her iki teknikte de bir sinyalin seviyesi, ba\u015fka bir sinyale ba\u011fl\u0131 olarak azalt\u0131l\u0131yor. \u00d6rnek olarak radyo programlar\u0131nda m\u00fczi\u011fin seviyesinin DJ konu\u015furken otomatik olarak k\u0131s\u0131lmas\u0131, DJ\u2019in konu\u015fmas\u0131 bitti\u011finde de normal seviyesine\u2026","rel":"","context":"In &quot;Ses ve M\u00fczik Teknolojileri&quot;","img":{"alt_text":"","src":"https:\/\/i0.wp.com\/www.ufukonen.com\/tr\/wp-content\/uploads\/Sidechain_Kompresor_Ducking_00_Header.jpg?resize=350%2C200&ssl=1","width":350,"height":200},"classes":[]},{"id":6799,"url":"https:\/\/www.ufukonen.com\/tr\/ucretsiz-pluginler-25.html","url_meta":{"origin":6763,"position":1},"title":"\u00dccretsiz Plug-in&#8217;ler (25)","date":"August 16, 2021","format":false,"excerpt":"\u00dccretsiz plug-in'ler serisi 25: GSat+ (TBProAudio), Warmy EP1A (Kiive Audio), M-Gate Multi (Mogwai Audio), Midside Matrix (Goodhertz). GSat+ (TBProAudio) GSat+, \u00fc\u00e7 farkl\u0131 lamba karakteri sunan bir sat\u00fcrasyon plug-in'i. \u00dczerinde sinyali stereo (ST), left (L), right (R), mid (M) ve side (S) olmak \u00fczere farkl\u0131 konumlarda dinlemenize imkan tan\u0131yan bir de\u2026","rel":"","context":"In &quot;Ses ve M\u00fczik Teknolojileri&quot;","img":{"alt_text":"","src":"https:\/\/i0.wp.com\/www.ufukonen.com\/tr\/wp-content\/uploads\/Ucretsiz_Pluginler_25s.jpg?resize=350%2C200&ssl=1","width":350,"height":200},"classes":[]},{"id":6410,"url":"https:\/\/www.ufukonen.com\/tr\/kompresorde-negatif-oran.html","url_meta":{"origin":6763,"position":2},"title":"Kompres\u00f6rde Negatif Oran","date":"February 22, 2021","format":false,"excerpt":"Kompres\u00f6r \u00fczerindeki oran parametresi, sinyal seviyesi \u00fczerinde ne kadar azaltma (gain reduction) uygulanaca\u011f\u0131n\u0131 kontrol etmek i\u00e7in kullan\u0131l\u0131r. Standart kompres\u00f6rlerde bu oran hep pozitif say\u0131d\u0131r. \u00d6rnek olarak, 1:1 oran\u0131 giri\u015f ve \u00e7\u0131k\u0131\u015f\u0131n e\u015fit oldu\u011fu, di\u011fer bir deyi\u015fle sinyalin seviyesine azaltma uygulanmad\u0131\u011f\u0131 anlam\u0131na gelmektedir. Ba\u015fka bir \u00f6rnek olarak, 4:1 oran\u0131, giri\u015f sinyali\u2026","rel":"","context":"In &quot;Ses ve M\u00fczik Teknolojileri&quot;","img":{"alt_text":"","src":"https:\/\/i0.wp.com\/www.ufukonen.com\/tr\/wp-content\/uploads\/Kompresorde_Negatif_Oran_00_Header.jpg?resize=350%2C200&ssl=1","width":350,"height":200},"classes":[]},{"id":4219,"url":"https:\/\/www.ufukonen.com\/tr\/studyo-monitorleri-nasil-kalibre-edilir.html","url_meta":{"origin":6763,"position":3},"title":"St\u00fcdyo Monit\u00f6rleri Nas\u0131l Kalibre Edilir?","date":"October 1, 2018","format":false,"excerpt":"Bu yaz\u0131mda st\u00fcdyo monit\u00f6rlerinizin kalibrasyonunu kolayca nas\u0131l yapabilece\u011finizi anlatmak istiyorum. Uygulamaya ge\u00e7meden \u00f6nce teorik bilgilere ve ihtiya\u00e7 duyaca\u011f\u0131n\u0131z donan\u0131m ve yaz\u0131l\u0131mlara bir g\u00f6z atal\u0131m. \u00a0 \u00c7al\u0131\u015fma seviyesi Analog cihazlar zamanlar\u0131nda normal \u00e7al\u0131\u015fma seviyesi 0 VU idi. Tabii profesyonel cihazlardaki 0 VU ile yar\u0131-profesyonel ve ev tipi cihazlardaki 0 VU voltaj\u2026","rel":"","context":"In &quot;Ses ve M\u00fczik Teknolojileri&quot;","img":{"alt_text":"","src":"https:\/\/i0.wp.com\/www.ufukonen.com\/tr\/wp-content\/uploads\/Studyo_Monitorleri_Kalibrasyon.jpg?resize=350%2C200&ssl=1","width":350,"height":200},"classes":[]},{"id":7446,"url":"https:\/\/www.ufukonen.com\/tr\/kompresor-mini-rehber.html","url_meta":{"origin":6763,"position":4},"title":"Kompres\u00f6r: Mini Rehber","date":"June 27, 2022","format":false,"excerpt":"Kompres\u00f6r \u00fczerine daha \u00f6nce yazd\u0131\u011f\u0131m yaz\u0131lar\u0131 tek bir \u00e7at\u0131 alt\u0131nda toplay\u0131p bir mini rehber olu\u015fturdum. Linkleri ve a\u00e7\u0131klamalar\u0131 a\u015fa\u011f\u0131ya ekliyorum. Kompres\u00f6r\u00fcn \u00e7al\u0131\u015fma prensibi, \u00fczerindeki parametrelerin i\u015flevleri gibi temel bilgileri Ses Kay\u0131t ve M\u00fczik Teknolojileri adl\u0131 kitab\u0131mda bulabilirsiniz. \u0130yi okumalar! Kompres\u00f6r Attack S\u00fcresinin Sese Etkisini G\u00f6rselle\u015ftirecek Olursak\u2026 Attack s\u00fcresi, kompres\u00f6r \u00fczerindeki\u2026","rel":"","context":"In &quot;M\u00fczik Prod\u00fcksiyonu&quot;","img":{"alt_text":"","src":"https:\/\/i0.wp.com\/www.ufukonen.com\/tr\/wp-content\/uploads\/Kompresor_Mini_Rehber_00_Header.jpg?resize=350%2C200&ssl=1","width":350,"height":200},"classes":[]},{"id":4787,"url":"https:\/\/www.ufukonen.com\/tr\/kompresor-attack-suresi-gorsel.html","url_meta":{"origin":6763,"position":5},"title":"Kompres\u00f6r Attack S\u00fcresinin Sese Etkisini G\u00f6rselle\u015ftirecek Olursak&#8230;","date":"May 20, 2019","format":false,"excerpt":"Attack s\u00fcresi, kompres\u00f6r \u00fczerindeki en kritik parametreleriden biridir. Sinyal seviyesi threshold seviyesini ge\u00e7ti\u011finde kompres\u00f6r\u00fcn devreye girip hangi s\u00fcrede sinyali \u00fczerindeki ayarlara g\u00f6re tam olarak s\u0131k\u0131\u015ft\u0131raca\u011f\u0131n\u0131 belirler. Milisaniye (ms, msec) cinsinden ifade edilir. Attack s\u00fcresinin en kritik parametrelerden biri olmas\u0131n\u0131n sebebleri, bir yandan kompres\u00f6r\u00fcn nas\u0131l bir h\u0131zda tepki verece\u011fini belirlemesi, bir\u2026","rel":"","context":"In &quot;Ses ve M\u00fczik Teknolojileri&quot;","img":{"alt_text":"","src":"https:\/\/i0.wp.com\/www.ufukonen.com\/tr\/wp-content\/uploads\/Attack_Header_b_1280x720_rfs.jpg?resize=350%2C200&ssl=1","width":350,"height":200},"classes":[]}],"_links":{"self":[{"href":"https:\/\/www.ufukonen.com\/tr\/wp-json\/wp\/v2\/posts\/6763"}],"collection":[{"href":"https:\/\/www.ufukonen.com\/tr\/wp-json\/wp\/v2\/posts"}],"about":[{"href":"https:\/\/www.ufukonen.com\/tr\/wp-json\/wp\/v2\/types\/post"}],"author":[{"embeddable":true,"href":"https:\/\/www.ufukonen.com\/tr\/wp-json\/wp\/v2\/users\/2"}],"replies":[{"embeddable":true,"href":"https:\/\/www.ufukonen.com\/tr\/wp-json\/wp\/v2\/comments?post=6763"}],"version-history":[{"count":7,"href":"https:\/\/www.ufukonen.com\/tr\/wp-json\/wp\/v2\/posts\/6763\/revisions"}],"predecessor-version":[{"id":6792,"href":"https:\/\/www.ufukonen.com\/tr\/wp-json\/wp\/v2\/posts\/6763\/revisions\/6792"}],"wp:featuredmedia":[{"embeddable":true,"href":"https:\/\/www.ufukonen.com\/tr\/wp-json\/wp\/v2\/media\/6765"}],"wp:attachment":[{"href":"https:\/\/www.ufukonen.com\/tr\/wp-json\/wp\/v2\/media?parent=6763"}],"wp:term":[{"taxonomy":"category","embeddable":true,"href":"https:\/\/www.ufukonen.com\/tr\/wp-json\/wp\/v2\/categories?post=6763"},{"taxonomy":"post_tag","embeddable":true,"href":"https:\/\/www.ufukonen.com\/tr\/wp-json\/wp\/v2\/tags?post=6763"}],"curies":[{"name":"wp","href":"https:\/\/api.w.org\/{rel}","templated":true}]}}