{"id":6771,"date":"2021-08-09T01:00:00","date_gmt":"2021-08-08T22:00:00","guid":{"rendered":"https:\/\/www.ufukonen.com\/tr\/?p=6771"},"modified":"2021-10-15T23:05:25","modified_gmt":"2021-10-15T20:05:25","slug":"mikrofon-pozisyon-etkisi","status":"publish","type":"post","link":"https:\/\/www.ufukonen.com\/tr\/mikrofon-pozisyon-etkisi.html","title":{"rendered":"Kullan\u0131m \u015eekli El Tipi Mikrofonlar\u0131n Frekans Cevab\u0131n\u0131 Nas\u0131l Etkiliyor?"},"content":{"rendered":"\n<p>D\u00fcnyan\u0131n en prestijli mikrofon firmalar\u0131ndan <strong><a rel=\"noreferrer noopener\" href=\"https:\/\/www.dpamicrophones.com\" target=\"_blank\">DPA<\/a><\/strong>, tutu\u015f pozisyonlar\u0131n\u0131n el tipi mikrofonlar\u0131n frekans cevab\u0131 \u00fczerindeki etkileri ile ilgili bir ara\u015ft\u0131rma yapm\u0131\u015f. Ara\u015ft\u0131rman\u0131n sonucunu da poster haline getirmi\u015fler. Posterin y\u00fcksek \u00e7\u00f6z\u00fcn\u00fcrl\u00fckl\u00fc PDF dosyas\u0131n\u0131n linkini yaz\u0131n\u0131n sonunda payla\u015f\u0131yorum.<\/p>\n\n\n\n<p>Bu arada, daha \u00f6nce yine bu konu ile ilgili olarak benzer bir ara\u015ft\u0131rma payla\u015fm\u0131\u015ft\u0131m. Linki buraya ekliyorum: &#8220;<a href=\"https:\/\/www.ufukonen.com\/tr\/mikrofon-yon-el-kafa-etkisi.html\" target=\"_blank\" rel=\"noreferrer noopener\">Solistlerin Ellerinin ve Kafalar\u0131n\u0131n Mikrofonlar\u0131n Y\u00f6n Hassasiyetleri ve Duyumlar\u0131 \u00dczerindeki Etkileri<\/a>&#8220;<\/p>\n\n\n\n<p>Gelelim DPA&#8217;in ara\u015ft\u0131rmas\u0131na\u2026<\/p>\n\n\n\n<div style=\"height:20px\" aria-hidden=\"true\" class=\"wp-block-spacer\"><\/div>\n\n\n\n<h3>Metodoloji<\/h3>\n\n\n\n<p>DPA m\u00fchendisleri bu ara\u015ft\u0131rma i\u00e7in be\u015f tutu\u015f pozisyonu belirlemi\u015fler. Her pozisyon i\u00e7in \u00fc\u00e7 farkl\u0131 ki\u015fiye mikrofonu ilk \u00f6nce sa\u011f, sonra da sol elle tutturup alt\u0131\u015far \u00f6l\u00e7\u00fcm yapm\u0131\u015flar.<\/p>\n\n\n\n<p>A\u015fa\u011f\u0131daki grafiklerdeki farkl\u0131 renklerdeki noktal\u0131 \u00e7izgiler m\u00fcnferit \u00f6l\u00e7\u00fcmlerin sonu\u00e7lar\u0131n\u0131, kal\u0131n k\u0131rm\u0131z\u0131 \u00e7izgi ise bu alt\u0131 \u00f6l\u00e7\u00fcm\u00fcn ortalama sonucunu g\u00f6steriyor.<\/p>\n\n\n\n<p>K\u0131rm\u0131z\u0131 \u00e7izginin d\u00fcz olmas\u0131 mikrofonun tutu\u015f pozisyonun mikrofonun orijinal frekans cevab\u0131 \u00fczerinde etkisi olmad\u0131\u011f\u0131n\u0131 ifade ediyor.<\/p>\n\n\n\n<p>\u015eimdi pozisyonlar\u0131 ve sonu\u00e7lar\u0131 tek tek inceleyelim.<\/p>\n\n\n\n<div style=\"height:20px\" aria-hidden=\"true\" class=\"wp-block-spacer\"><\/div>\n\n\n\n<h3>Pozisyon 1<\/h3>\n\n\n\n<figure class=\"wp-block-image size-large\"><img loading=\"lazy\" width=\"1024\" height=\"1008\" src=\"https:\/\/www.ufukonen.com\/tr\/wp-content\/uploads\/El_Tipi_Mikrofon_Frekans-_Cevap_01-1024x1008.jpg\" alt=\"\" class=\"wp-image-6777\" srcset=\"https:\/\/www.ufukonen.com\/tr\/wp-content\/uploads\/El_Tipi_Mikrofon_Frekans-_Cevap_01-1024x1008.jpg 1024w, https:\/\/www.ufukonen.com\/tr\/wp-content\/uploads\/El_Tipi_Mikrofon_Frekans-_Cevap_01-300x295.jpg 300w, https:\/\/www.ufukonen.com\/tr\/wp-content\/uploads\/El_Tipi_Mikrofon_Frekans-_Cevap_01-768x756.jpg 768w, https:\/\/www.ufukonen.com\/tr\/wp-content\/uploads\/El_Tipi_Mikrofon_Frekans-_Cevap_01-1140x1122.jpg 1140w, https:\/\/www.ufukonen.com\/tr\/wp-content\/uploads\/El_Tipi_Mikrofon_Frekans-_Cevap_01-552x543.jpg 552w, https:\/\/www.ufukonen.com\/tr\/wp-content\/uploads\/El_Tipi_Mikrofon_Frekans-_Cevap_01.jpg 1280w\" sizes=\"(max-width: 1024px) 100vw, 1024px\" \/><\/figure>\n\n\n\n<p>Bu pozisyonda konu\u015fmac\u0131lar mikrofonu alt k\u0131sm\u0131na yak\u0131n bir yerden tutuyor. Grafi\u011fi inceledi\u011fimizde bu pozisyonun mikrofonun frekans cevab\u0131 \u00fczerinde fazla bir etkisi olmad\u0131\u011f\u0131n\u0131 g\u00f6r\u00fcyoruz. 3 kHz civar\u0131nda k\u00fc\u00e7\u00fck sapmalar olsa da bunlar muhtemelen duyulmayacak seviyede.<\/p>\n\n\n\n<div style=\"height:20px\" aria-hidden=\"true\" class=\"wp-block-spacer\"><\/div>\n\n\n\n<h3>Pozisyon 2<\/h3>\n\n\n\n<figure class=\"wp-block-image size-large\"><img loading=\"lazy\" width=\"1024\" height=\"1010\" src=\"https:\/\/www.ufukonen.com\/tr\/wp-content\/uploads\/El_Tipi_Mikrofon_Frekans-_Cevap_02-1024x1010.jpg\" alt=\"\" class=\"wp-image-6778\" srcset=\"https:\/\/www.ufukonen.com\/tr\/wp-content\/uploads\/El_Tipi_Mikrofon_Frekans-_Cevap_02-1024x1010.jpg 1024w, https:\/\/www.ufukonen.com\/tr\/wp-content\/uploads\/El_Tipi_Mikrofon_Frekans-_Cevap_02-300x296.jpg 300w, https:\/\/www.ufukonen.com\/tr\/wp-content\/uploads\/El_Tipi_Mikrofon_Frekans-_Cevap_02-768x758.jpg 768w, https:\/\/www.ufukonen.com\/tr\/wp-content\/uploads\/El_Tipi_Mikrofon_Frekans-_Cevap_02-1140x1125.jpg 1140w, https:\/\/www.ufukonen.com\/tr\/wp-content\/uploads\/El_Tipi_Mikrofon_Frekans-_Cevap_02-552x545.jpg 552w, https:\/\/www.ufukonen.com\/tr\/wp-content\/uploads\/El_Tipi_Mikrofon_Frekans-_Cevap_02.jpg 1280w\" sizes=\"(max-width: 1024px) 100vw, 1024px\" \/><\/figure>\n\n\n\n<p>Bu pozisyonda konu\u015fmac\u0131lar mikrofonu ba\u015f k\u0131sm\u0131na yak\u0131n bir yerden tutuyor. Bu pozisyonu standart el pozisyonu olarak adland\u0131rabiliriz; bir\u00e7ok ki\u015fi el tipi mikrofonlar\u0131 bu pozisyonda tutmay\u0131 tercih ediyor.<\/p>\n\n\n\n<p>Grafi\u011fe bakt\u0131\u011f\u0131m\u0131zda t\u0131pk\u0131 ilk pozisyonda oldu\u011fu gibi bu pozisyonda da mikrofonun frekans cevab\u0131nda b\u00fcy\u00fck bir de\u011fi\u015fiklik olmad\u0131\u011f\u0131n\u0131 g\u00f6r\u00fcyoruz. K\u0131rm\u0131z\u0131 \u00e7izgide yer yer k\u00fc\u00e7\u00fck sapmalar var, bu saplamalar ilk birinci pozisyona g\u00f6re biraz daha fazla, kritik dinlemede muhtemelen duyulabilir ancak yine de ciddi bir etki s\u00f6z konusu de\u011fil.<\/p>\n\n\n\n<div style=\"height:20px\" aria-hidden=\"true\" class=\"wp-block-spacer\"><\/div>\n\n\n\n<h3>Pozisyon 3<\/h3>\n\n\n\n<figure class=\"wp-block-image size-large\"><img loading=\"lazy\" width=\"968\" height=\"1024\" src=\"https:\/\/www.ufukonen.com\/tr\/wp-content\/uploads\/El_Tipi_Mikrofon_Frekans-_Cevap_03-968x1024.jpg\" alt=\"\" class=\"wp-image-6779\" srcset=\"https:\/\/www.ufukonen.com\/tr\/wp-content\/uploads\/El_Tipi_Mikrofon_Frekans-_Cevap_03-968x1024.jpg 968w, https:\/\/www.ufukonen.com\/tr\/wp-content\/uploads\/El_Tipi_Mikrofon_Frekans-_Cevap_03-284x300.jpg 284w, https:\/\/www.ufukonen.com\/tr\/wp-content\/uploads\/El_Tipi_Mikrofon_Frekans-_Cevap_03-768x812.jpg 768w, https:\/\/www.ufukonen.com\/tr\/wp-content\/uploads\/El_Tipi_Mikrofon_Frekans-_Cevap_03-1140x1206.jpg 1140w, https:\/\/www.ufukonen.com\/tr\/wp-content\/uploads\/El_Tipi_Mikrofon_Frekans-_Cevap_03-552x584.jpg 552w, https:\/\/www.ufukonen.com\/tr\/wp-content\/uploads\/El_Tipi_Mikrofon_Frekans-_Cevap_03.jpg 1280w\" sizes=\"(max-width: 968px) 100vw, 968px\" \/><\/figure>\n\n\n\n<p>Bu pozisyonda konu\u015fmac\u0131lar mikrofonun ba\u015f k\u0131sm\u0131n\u0131n arkas\u0131n\u0131 ve yanlar\u0131n\u0131 elleriye kapat\u0131yorlar. DPA bu pozisyonu &#8216;cupping&#8217; olarak adland\u0131rm\u0131\u015f. &#8220;<a href=\"https:\/\/www.ufukonen.com\/tr\/mikrofon-yon-el-kafa-etkisi.html\" target=\"_blank\" rel=\"noreferrer noopener\">Solistlerin Ellerinin ve Kafalar\u0131n\u0131n Mikrofonlar\u0131n Y\u00f6n Hassasiyetleri ve Duyumlar\u0131 \u00dczerindeki Etkileri<\/a>&#8221; ba\u015fl\u0131kl\u0131 yaz\u0131mda inceledi\u011fim ara\u015ft\u0131rmada benzer pozisyonlar &#8216;rap&#8217; ve &#8216;rap seal&#8217; olarak adland\u0131r\u0131lm\u0131\u015ft\u0131.<\/p>\n\n\n\n<p>Grafi\u011fi inceledi\u011fimizde bu pozisyonun mikrofonun frekans cevab\u0131 \u00fczerinde ciddi bir etkisi oldu\u011funu g\u00f6r\u00fcyoruz. G\u00f6z\u00fcm\u00fcze ilk \u00e7arpan 2 kHz civar\u0131nda 9 dB&#8217;lik rezonans oluyor. \u00dcst frekanslara do\u011fru ilerledik\u00e7e \u00e7izgide dalgalanmalar g\u00f6r\u00fcyoruz. 10 kHz civar\u0131nda bir rezonans daha olu\u015fuyor.<\/p>\n\n\n\n<p>Bu rezonanslar ve dalgalanmalar mikrofonun tonu \u00fczerinde ciddi bir etkiye sahip olacak kadar g\u00fc\u00e7l\u00fc. Ek olarak, 2 kHz civar\u0131ndaki rezonans da sahnede feedback yaratacak kadar ciddi bir durumda.<\/p>\n\n\n\n<div style=\"height:20px\" aria-hidden=\"true\" class=\"wp-block-spacer\"><\/div>\n\n\n\n<h3>Pozisyon 4<\/h3>\n\n\n\n<figure class=\"wp-block-image size-large\"><img loading=\"lazy\" width=\"1024\" height=\"1024\" src=\"https:\/\/www.ufukonen.com\/tr\/wp-content\/uploads\/El_Tipi_Mikrofon_Frekans-_Cevap_04-1024x1024.jpg\" alt=\"\" class=\"wp-image-6780\" srcset=\"https:\/\/www.ufukonen.com\/tr\/wp-content\/uploads\/El_Tipi_Mikrofon_Frekans-_Cevap_04-1024x1024.jpg 1024w, https:\/\/www.ufukonen.com\/tr\/wp-content\/uploads\/El_Tipi_Mikrofon_Frekans-_Cevap_04-300x300.jpg 300w, https:\/\/www.ufukonen.com\/tr\/wp-content\/uploads\/El_Tipi_Mikrofon_Frekans-_Cevap_04-150x150.jpg 150w, https:\/\/www.ufukonen.com\/tr\/wp-content\/uploads\/El_Tipi_Mikrofon_Frekans-_Cevap_04-768x769.jpg 768w, https:\/\/www.ufukonen.com\/tr\/wp-content\/uploads\/El_Tipi_Mikrofon_Frekans-_Cevap_04-1140x1141.jpg 1140w, https:\/\/www.ufukonen.com\/tr\/wp-content\/uploads\/El_Tipi_Mikrofon_Frekans-_Cevap_04-552x552.jpg 552w, https:\/\/www.ufukonen.com\/tr\/wp-content\/uploads\/El_Tipi_Mikrofon_Frekans-_Cevap_04.jpg 1280w\" sizes=\"(max-width: 1024px) 100vw, 1024px\" \/><\/figure>\n\n\n\n<p>Bu pozisyonda konu\u015fmac\u0131lar mikrofonun ba\u015f k\u0131sm\u0131n\u0131n arkas\u0131n\u0131n yar\u0131s\u0131n\u0131 elleriyle kapat\u0131yorlar ve ba\u015f parmaklar\u0131n\u0131 da mikrofonun \u00f6n k\u0131sm\u0131n\u0131 yerle\u015ftiriyorlar. Bir \u00f6ncekinde oldu\u011fu gibi bu pozisyonda da 2 kHz civar\u0131nda bir rezonans olu\u015fuyor ama bir \u00f6nceki pozisyonda oldu\u011fu kadar y\u00fcksek bir de\u011ferde de\u011fil. Ek olarak bir de 6 kHz civar\u0131nda bir d\u00fc\u015f\u00fc\u015f g\u00f6r\u00fcyoruz.<\/p>\n\n\n\n<div style=\"height:20px\" aria-hidden=\"true\" class=\"wp-block-spacer\"><\/div>\n\n\n\n<h3>Pozisyon 5<\/h3>\n\n\n\n<figure class=\"wp-block-image size-large\"><img loading=\"lazy\" width=\"1024\" height=\"1021\" src=\"https:\/\/www.ufukonen.com\/tr\/wp-content\/uploads\/El_Tipi_Mikrofon_Frekans-_Cevap_05-1024x1021.jpg\" alt=\"\" class=\"wp-image-6781\" srcset=\"https:\/\/www.ufukonen.com\/tr\/wp-content\/uploads\/El_Tipi_Mikrofon_Frekans-_Cevap_05-1024x1021.jpg 1024w, https:\/\/www.ufukonen.com\/tr\/wp-content\/uploads\/El_Tipi_Mikrofon_Frekans-_Cevap_05-300x300.jpg 300w, https:\/\/www.ufukonen.com\/tr\/wp-content\/uploads\/El_Tipi_Mikrofon_Frekans-_Cevap_05-150x150.jpg 150w, https:\/\/www.ufukonen.com\/tr\/wp-content\/uploads\/El_Tipi_Mikrofon_Frekans-_Cevap_05-768x766.jpg 768w, https:\/\/www.ufukonen.com\/tr\/wp-content\/uploads\/El_Tipi_Mikrofon_Frekans-_Cevap_05-1140x1136.jpg 1140w, https:\/\/www.ufukonen.com\/tr\/wp-content\/uploads\/El_Tipi_Mikrofon_Frekans-_Cevap_05-552x550.jpg 552w, https:\/\/www.ufukonen.com\/tr\/wp-content\/uploads\/El_Tipi_Mikrofon_Frekans-_Cevap_05.jpg 1280w\" sizes=\"(max-width: 1024px) 100vw, 1024px\" \/><\/figure>\n\n\n\n<p>Bu pozisyonda konu\u015fmac\u0131lar mikrofonun elleriyle ba\u015f k\u0131sm\u0131n\u0131n tamam\u0131n\u0131 kapat\u0131yor. Grafi\u011fi inceledi\u011fimizde di\u011fer pozisyonlara g\u00f6re rezonanslar\u0131n say\u0131lar\u0131n\u0131n artm\u0131\u015f olmas\u0131 ve genel olarak 1 kHz \u00fczerindeki dengesizlik hemen dikkatimizi \u00e7ekiyor. 2 kHz ve 4 kHz civar\u0131nda ciddi rezonans noktalar\u0131 olu\u015fuyor, 6 kHz civar\u0131nda ise olduk\u00e7a sert bir d\u00fc\u015f\u00fc\u015f g\u00f6r\u00fcyoruz. Bu rezonanslar\u0131n ve dalgalanmalar\u0131n mikrofonun tonu \u00fczerinde \u00f6nemli bir etkiye sahip oldu\u011fu \u00e7ok a\u00e7\u0131k.<\/p>\n\n\n\n<div style=\"height:20px\" aria-hidden=\"true\" class=\"wp-block-spacer\"><\/div>\n\n\n\n<h3>Sonu\u00e7<\/h3>\n\n\n\n<p>\u00d6l\u00e7\u00fcm sonu\u00e7lar\u0131na bakt\u0131\u011f\u0131m\u0131zda birinci ve ikinci pozisyonlar\u0131n mikrofonun frekans cevab\u0131 \u00fczerinde b\u00fcy\u00fck bir etki yapmad\u0131\u011f\u0131n\u0131 g\u00f6r\u00fcyoruz. Bu da asl\u0131nda hi\u00e7 \u015fa\u015f\u0131rt\u0131c\u0131 bir durum de\u011fil \u00e7\u00fcnk\u00fc el tipi mikrofonlar zaten bu pozisyonlarda kullan\u0131lmak \u00fczere tasarlan\u0131yorlar.<\/p>\n\n\n\n<p>\u00dc\u00e7\u00fcnc\u00fc, d\u00f6rd\u00fcnc\u00fc ve be\u015finci pozisyonlar\u0131n mikrofonun frekans cevab\u0131 \u00fczerinde ciddi etkileri oldu\u011funu g\u00f6r\u00fcyoruz. Bu etkiler standart uygulamalar i\u00e7in olumsuz olabilecek etkiler. Di\u011fer yandan, rap vokalleri ve beatboxing gibi uygulamalarda bu pozisyonlara ba\u011fl\u0131 olarak de\u011fi\u015fen mikrofon frekans cevaplar\u0131 bu uygulamalar\u0131n sound&#8217;lar\u0131n\u0131n adeta bir par\u00e7as\u0131 haline gelmi\u015f. Bu sebepten dolay\u0131 bu t\u00fcrlerde ve uygulamalarda bunun olumsuz bir \u015fey oldu\u011funu s\u00f6ylemek isabetli olmaz.<\/p>\n\n\n\n<p>DPA firmas\u0131n\u0131n haz\u0131lad\u0131\u011f\u0131 posteri buradaki linkten indirebilirsiniz: &#8220;<a href=\"https:\/\/www.dpamicrophones.com\/DPA\/media\/DPA-PDFs\/dpa-handheld-positions-poster-A2-nocropmarks.pdf\" target=\"_blank\" rel=\"noreferrer noopener\">Grab Your Mic But Watch Your Grip<\/a>&#8220;<\/p>\n\n\n\n<div style=\"height:50px\" aria-hidden=\"true\" class=\"wp-block-spacer\"><\/div>\n\n\n\n<p>Teknik terimler i\u00e7in <a href=\"http:\/\/www.ufukonen.com\/tr\/ses-kayit-muzik-teknolojisi-terimler-sozluk.html\">m\u00fczik teknolojisi, m\u00fczik prod\u00fcksiyonu ve ses kay\u0131t terimleri s\u00f6zl\u00fc\u011f\u00fcne<\/a> g\u00f6z atabilirsiniz.<\/p>\n\n\n\n<p>Benzer payla\u015f\u0131mlar i\u00e7in beni <a rel=\"noreferrer noopener\" href=\"https:\/\/www.facebook.com\/ufukonen.skmt\/\" target=\"_blank\">Facebook<\/a>, <a rel=\"noreferrer noopener\" aria-label=\"Instagram (opens in a new tab)\" href=\"https:\/\/www.instagram.com\/ufukonen\/\" target=\"_blank\">Instagram<\/a> ve <a rel=\"noreferrer noopener\" href=\"https:\/\/twitter.com\/UfukOnen\" target=\"_blank\">Twitter<\/a>&#8216;da takip edebilir, haberler i\u00e7in <a rel=\"noreferrer noopener\" href=\"http:\/\/ufukonen.com\/tr\/ses-kayit-muzik-teknolojisi-terimler-sozluk.html\" target=\"_blank\">mesaj listeme \u00fcye olabilirsiniz<\/a>. Te\u015fekk\u00fcrler.<\/p>\n\n\n\n<p>Ba\u015fl\u0131k foto\u011fraf\u0131: <a href=\"https:\/\/unsplash.com\/@hannahmgibbs?utm_source=unsplash&amp;utm_medium=referral&amp;utm_content=creditCopyText\" target=\"_blank\" rel=\"noreferrer noopener\">Hannah Gibbs<\/a>&nbsp;|&nbsp;<a href=\"https:\/\/unsplash.com\/?utm_source=unsplash&amp;utm_medium=referral&amp;utm_content=creditCopyText\" target=\"_blank\" rel=\"noreferrer noopener\">Unsplash<\/a><\/p>\n\n\n\n<p>\u00a9 2021 Ufuk \u00d6nen. Her hakk\u0131 sakl\u0131d\u0131r. \u0130zinsiz kullan\u0131lamaz.<\/p>\n","protected":false},"excerpt":{"rendered":"<p class=\"post-excerpt\">D\u00fcnyan\u0131n en prestijli mikrofon firmalar\u0131ndan DPA, tutu\u015f pozisyonlar\u0131n\u0131n el tipi mikrofonlar\u0131n frekans cevab\u0131 \u00fczerindeki etkileri ile ilgili bir ara\u015ft\u0131rma yapm\u0131\u015f&#8230;.<\/p>\n","protected":false},"author":2,"featured_media":6776,"comment_status":"closed","ping_status":"open","sticky":false,"template":"","format":"standard","meta":{"_mi_skip_tracking":false,"spay_email":"","jetpack_publicize_message":"","jetpack_is_tweetstorm":false,"jetpack_publicize_feature_enabled":true},"categories":[18],"tags":[],"jetpack_featured_media_url":"https:\/\/www.ufukonen.com\/tr\/wp-content\/uploads\/El_Tipi_Mikrofon_Frekans-_Cevap_00_Header.jpg","jetpack_publicize_connections":[],"jetpack_shortlink":"https:\/\/wp.me\/p3rjsG-1Ld","jetpack_sharing_enabled":true,"jetpack-related-posts":[{"id":3995,"url":"https:\/\/www.ufukonen.com\/tr\/ribbon-mikrofonlar-ve-royer-labs.html","url_meta":{"origin":6771,"position":0},"title":"Ribbon Mikrofonlar ve Royer Labs","date":"July 2, 2018","format":false,"excerpt":"1920'lerin ba\u015f\u0131nda Dr. Schottky ev Dr. Gerlach taraf\u0131ndan icat edilen ribbon mikrofonlar, 1930'lar\u0131n ba\u015f\u0131nda RCA taraf\u0131ndan ticari olarak \u00fcretilmeye ve sat\u0131lmaya ba\u015fland\u0131. O y\u0131llarda condenser mikrofonlar, frekans cevab\u0131 olarak ribbon mikrofonlar\u0131n kalitesini yakalayam\u0131yordu. Gelmi\u015f ge\u00e7mi\u015f en \u00fcnl\u00fc ribbon mikrofonlardan biri Dr. Harry F. Olson taraf\u0131ndan tasarlanan ve 1932 y\u0131l\u0131nda \u00fcretilen\u2026","rel":"","context":"In &quot;Ses ve M\u00fczik Teknolojileri&quot;","img":{"alt_text":"","src":"https:\/\/i0.wp.com\/www.ufukonen.com\/tr\/wp-content\/uploads\/Royer_R-122_Active_Ribbon_Microphone_1280x720.jpg?resize=350%2C200&ssl=1","width":350,"height":200},"classes":[]},{"id":5881,"url":"https:\/\/www.ufukonen.com\/tr\/mikrofon-yon-el-kafa-etkisi.html","url_meta":{"origin":6771,"position":1},"title":"Solistlerin Ellerinin ve Kafalar\u0131n\u0131n Mikrofonlar\u0131n Y\u00f6n Hassasiyetleri ve Duyumlar\u0131 \u00dczerindeki Etkileri","date":"June 15, 2020","format":false,"excerpt":"Audio Engineering Society'nin 2-5 Haziran 2020 tarihleri aras\u0131nda ger\u00e7ekle\u015fen Virtual Vienna konferans\u0131nda Neumann firmas\u0131ndan Martin Schneider'\u0131n sunumu izledim. Schneider, sunumunda, solistlerin ellerinin ve kafalar\u0131n\u0131n cardioid ve super-cardioid mikrofonlar\u0131n y\u00f6n hassasiyetleri ve duyumlar\u0131 \u00fczerindeki etkilerinden bahsetti ve yapt\u0131\u011f\u0131 \u00f6l\u00e7\u00fcmleri bizlerle payla\u015ft\u0131. Schneider \u00f6l\u00e7\u00fcmler i\u00e7in 6 farkl\u0131 pozisyon belirlemi\u015f: Serbest pozisyon (mikrofon\u2026","rel":"","context":"In &quot;Ses ve M\u00fczik Teknolojileri&quot;","img":{"alt_text":"","src":"https:\/\/i0.wp.com\/www.ufukonen.com\/tr\/wp-content\/uploads\/mikrofon-yon-00-header.jpg?resize=350%2C200&ssl=1","width":350,"height":200},"classes":[]},{"id":7152,"url":"https:\/\/www.ufukonen.com\/tr\/ilk-mikrofonunu-alacaklar-tavsiye.html","url_meta":{"origin":6771,"position":2},"title":"\u0130lk Mikrofonunu Alacaklar \u0130\u00e7in Tavsiye","date":"January 17, 2022","format":false,"excerpt":"\"\u0130lk mikrofonumu alaca\u011f\u0131m, ne tavsiye edersiniz?\" \"Mikrofon al\u0131rken hangi \u00f6zelliklere dikkat etmeliyim?\" \"Bu i\u015fe yeni ba\u015fl\u0131yorum, nas\u0131l bir mikrofon almal\u0131y\u0131m?\" Bug\u00fcne kadar bir\u00e7ok ki\u015fi e-posta ve sosyal medya arac\u0131l\u0131\u011f\u0131 ile ya da y\u00fcz y\u00fcze g\u00f6r\u00fc\u015ft\u00fc\u011f\u00fcm\u00fczde s\u00f6zl\u00fc olarak bana bu sorular\u0131 sordular. \u0130lk mikrofonunu alacaklara bug\u00fcne kadar gerek yaz\u0131l\u0131 gerek s\u00f6zl\u00fc\u2026","rel":"","context":"In &quot;Ses ve M\u00fczik Teknolojileri&quot;","img":{"alt_text":"","src":"https:\/\/i0.wp.com\/www.ufukonen.com\/tr\/wp-content\/uploads\/Ilk_Mikrofon_00_Header.jpg?resize=350%2C200&ssl=1","width":350,"height":200},"classes":[]},{"id":5482,"url":"https:\/\/www.ufukonen.com\/tr\/eq-bandwidth-q-parametreleri.html","url_meta":{"origin":6771,"position":3},"title":"EQ \u00dczerindeki Bandwidth ve Q Parametreleri","date":"March 2, 2020","format":false,"excerpt":"Bandwidth ve Q\u2026 EQ kullan\u0131rken bu iki terimin ne oldu\u011funu ve \u00f6zellikle parametrik EQ ile \u00e7al\u0131\u015f\u0131rken kar\u015f\u0131m\u0131za \u00e7\u0131kan bu parametrelerin ne i\u015fe yarad\u0131\u011f\u0131n\u0131 mutlaka bilmek gerekiyor. Bandwidth Bandwidth genellikle oktav (octave) cinsinden ifade ediliyor. A\u015fa\u011f\u0131daki grafikte 1 kHz\u2019de +12 dB\u2019e ayarlanm\u0131\u015f 6 dB\/oktav slope\u2019a sahip bir parametrik EQ grafi\u011fi g\u00f6r\u00fcyorsunuz.\u2026","rel":"","context":"In &quot;Ses ve M\u00fczik Teknolojileri&quot;","img":{"alt_text":"","src":"https:\/\/i0.wp.com\/www.ufukonen.com\/tr\/wp-content\/uploads\/EQ_Bandwidth_Q_-_FabFilter_ProQ3_MOD-3.jpg?resize=350%2C200&ssl=1","width":350,"height":200},"classes":[]},{"id":6078,"url":"https:\/\/www.ufukonen.com\/tr\/parametrik-eq-oktav-q-tablo.html","url_meta":{"origin":6771,"position":4},"title":"Parametrik EQ \u00dczerindeki Oktav ve Q De\u011ferlerinin Kar\u015f\u0131la\u015ft\u0131rmal\u0131 Tablosu","date":"September 28, 2020","format":false,"excerpt":"Parametrik EQ\u2019nun etkili oldu\u011fu frekans aral\u0131\u011f\u0131n\u0131n geni\u015fli\u011fi oktav veya Q cinsinden ifade edilir. Blog yaz\u0131lar\u0131m\u0131 takip edenler hat\u0131rlayacakt\u0131r, daha \u00f6nce bu konu ile ilgili olarak \"EQ \u00dczerindeki Bandwidth ve Q Parametreleri\" ba\u015fl\u0131kl\u0131 bir yaz\u0131 yay\u0131nlam\u0131\u015ft\u0131m. Modern EQ'lar \u00fczerinde art\u0131k genellikle oktav yerine Q de\u011feri kullan\u0131lmaya ba\u015fland\u0131. E\u011fer frekans aral\u0131\u011f\u0131n\u0131 oktav\u2026","rel":"","context":"In &quot;Ses ve M\u00fczik Teknolojileri&quot;","img":{"alt_text":"","src":"https:\/\/i0.wp.com\/www.ufukonen.com\/tr\/wp-content\/uploads\/Parametrik_EQ_Oktav_Q_Tablo_Header.jpg?resize=350%2C200&ssl=1","width":350,"height":200},"classes":[]},{"id":3804,"url":"https:\/\/www.ufukonen.com\/tr\/proximity-effect.html","url_meta":{"origin":6771,"position":5},"title":"Proximity Effect","date":"April 16, 2018","format":false,"excerpt":"Cardioid ve bidirectional (figure-of-8) mikrofonlar ses kayna\u011f\u0131na yakla\u015ft\u0131k\u00e7a, \u00f6zellikle 5 cm ve daha k\u0131sa mesafelerde, alt frekanslar\u0131 daha fazla \u00fcretmeye, vurgulamaya ba\u015flar. Buna \"proximity effect\" ad\u0131 verilir. T\u00fcrk\u00e7eye \"yak\u0131nl\u0131k etkisi\" olarak \u00e7evirebiliriz. Proximity effect \u00f6zellikle 200 Hz alt\u0131nda kar\u015f\u0131m\u0131za \u00e7\u0131kar. A\u015fa\u011f\u0131daki grafikte cardioid bir mikrofonun frekans cevap e\u011frisinin 80 Hz\u2026","rel":"","context":"In &quot;Ses ve M\u00fczik Teknolojileri&quot;","img":{"alt_text":"","src":"https:\/\/i0.wp.com\/www.ufukonen.com\/tr\/wp-content\/uploads\/Proximity_Effect.jpg?resize=350%2C200&ssl=1","width":350,"height":200},"classes":[]}],"_links":{"self":[{"href":"https:\/\/www.ufukonen.com\/tr\/wp-json\/wp\/v2\/posts\/6771"}],"collection":[{"href":"https:\/\/www.ufukonen.com\/tr\/wp-json\/wp\/v2\/posts"}],"about":[{"href":"https:\/\/www.ufukonen.com\/tr\/wp-json\/wp\/v2\/types\/post"}],"author":[{"embeddable":true,"href":"https:\/\/www.ufukonen.com\/tr\/wp-json\/wp\/v2\/users\/2"}],"replies":[{"embeddable":true,"href":"https:\/\/www.ufukonen.com\/tr\/wp-json\/wp\/v2\/comments?post=6771"}],"version-history":[{"count":7,"href":"https:\/\/www.ufukonen.com\/tr\/wp-json\/wp\/v2\/posts\/6771\/revisions"}],"predecessor-version":[{"id":6785,"href":"https:\/\/www.ufukonen.com\/tr\/wp-json\/wp\/v2\/posts\/6771\/revisions\/6785"}],"wp:featuredmedia":[{"embeddable":true,"href":"https:\/\/www.ufukonen.com\/tr\/wp-json\/wp\/v2\/media\/6776"}],"wp:attachment":[{"href":"https:\/\/www.ufukonen.com\/tr\/wp-json\/wp\/v2\/media?parent=6771"}],"wp:term":[{"taxonomy":"category","embeddable":true,"href":"https:\/\/www.ufukonen.com\/tr\/wp-json\/wp\/v2\/categories?post=6771"},{"taxonomy":"post_tag","embeddable":true,"href":"https:\/\/www.ufukonen.com\/tr\/wp-json\/wp\/v2\/tags?post=6771"}],"curies":[{"name":"wp","href":"https:\/\/api.w.org\/{rel}","templated":true}]}}