{"id":6814,"date":"2021-09-06T01:00:00","date_gmt":"2021-09-05T22:00:00","guid":{"rendered":"https:\/\/www.ufukonen.com\/tr\/?p=6814"},"modified":"2023-01-30T01:07:42","modified_gmt":"2023-01-29T22:07:42","slug":"kulak-cinlamasi-tinnitus","status":"publish","type":"post","link":"https:\/\/www.ufukonen.com\/tr\/kulak-cinlamasi-tinnitus.html","title":{"rendered":"Kulak \u00c7\u0131nlamas\u0131 (Tinnitus) ve Korunma Y\u00f6ntemleri"},"content":{"rendered":"\n<p>Tinnitus terimini belki duymam\u0131\u015f olabilirsiniz ama ne oldu\u011funu biliyorsunuzdur. Tinnitus genelde \u201ckulak \u00e7\u0131nlamas\u0131\u201d olarak ifade ediliyor. Kulak \u00e7\u0131nlamas\u0131n\u0131 hemen hemen herkes hayat\u0131nda en az birka\u00e7 defa deneyimlemi\u015ftir. \u00c7ok y\u00fcksek sesli bir konserde zaman ge\u00e7irdikten sonra eve gitti\u011finizde kulaklar\u0131n\u0131zda y\u00fcksek frekansl\u0131 bir \u00e7\u0131nlama duyars\u0131n\u0131z. Bu \u00e7\u0131nlama \u00e7o\u011fu zaman sadece birka\u00e7 saat s\u00fcrer. Genelde sabah uyand\u0131\u011f\u0131n\u0131zda ge\u00e7ip gitmi\u015f olur.<\/p>\n\n\n\n<p>Bu \u00e7\u0131nlaman\u0131n k\u0131sa bir s\u00fcre i\u00e7inde ge\u00e7medi\u011fini, hatta s\u00fcrekli olarak devam etti\u011fini ve \u00e7\u0131nlama seviyesinin gittik\u00e7e y\u00fckseldi\u011fini d\u00fc\u015f\u00fcn\u00fcn\u2026<\/p>\n\n\n\n<p>\u0130leri d\u00fczey tinnitus b\u00f6yle bir \u015fey!\u00a0<\/p>\n\n\n\n<p>\u00c7\u0131nlama, sadece duyumu maskelemekle kalm\u0131yor, hastay\u0131 psikolojik olarak da \u00e7ok y\u0131prat\u0131yor. S\u00fcrekli bu \u00e7\u0131nlama ile ya\u015famak, hatta bu sebepten dolay\u0131 uyuyamamak ger\u00e7ekten \u00e7ok zor bir durum!<\/p>\n\n\n\n<div style=\"height:20px\" aria-hidden=\"true\" class=\"wp-block-spacer\"><\/div>\n\n\n\n<h3><strong>Tinnitus Nedir? Sebepleri Nelerdir?<\/strong><\/h3>\n\n\n\n<p>Kulak \u00e7\u0131nlamas\u0131, t\u0131pta hastan\u0131n herhangi bir ses veya uyaran olmadan bir ses alg\u0131lamas\u0131 olarak tan\u0131mlan\u0131yor. \u00c7\u0131nlama genelde \u00fcst frekans a\u011f\u0131rl\u0131kl\u0131 oluyor ancak u\u011fultu ve makine g\u00fcr\u00fclt\u00fcs\u00fc gibi alt frekanslar\u0131n yo\u011fun oldu\u011fu \u015fekillerde de ortaya \u00e7\u0131kabiliyor. Kulak \u00e7\u0131nlamas\u0131 bir\u00e7ok sebepten ileri gelebiliyor ve ortaya \u00e7\u0131kma olas\u0131l\u0131\u011f\u0131 ya\u015f ilerledik\u00e7e art\u0131yor.<\/p>\n\n\n\n<p>Kulak \u00e7\u0131nlamas\u0131n\u0131n arkas\u0131nda her ne kadar bir\u00e7ok anatomik ve fonksiyonel sebepler bulunma ihtimali olsa da gen\u00e7lerde ve orta ya\u015fl\u0131lardaki kulak \u00e7\u0131nlamalar\u0131 genelde y\u00fcksek sese maruz kalma nedeni ile ortaya \u00e7\u0131k\u0131yor.\u00a0<\/p>\n\n\n\n<p>Tahmin edebilece\u011finiz gibi \u00f6zellikle m\u00fczisyenler ve ses m\u00fchendisleri b\u00fcy\u00fck risk alt\u0131nda!<\/p>\n\n\n\n<p>Sahne ve konser salonlar\u0131 ger\u00e7ekten \u00e7ok riskli ortamlar.<\/p>\n\n\n\n<figure class=\"wp-block-image size-large\"><img loading=\"lazy\" width=\"1024\" height=\"576\" src=\"https:\/\/www.ufukonen.com\/tr\/wp-content\/uploads\/Kulak_Cinlamasi_Tinnitus_01-1024x576.jpg\" alt=\"\" class=\"wp-image-6819\" srcset=\"https:\/\/www.ufukonen.com\/tr\/wp-content\/uploads\/Kulak_Cinlamasi_Tinnitus_01-1024x576.jpg 1024w, https:\/\/www.ufukonen.com\/tr\/wp-content\/uploads\/Kulak_Cinlamasi_Tinnitus_01-300x169.jpg 300w, https:\/\/www.ufukonen.com\/tr\/wp-content\/uploads\/Kulak_Cinlamasi_Tinnitus_01-768x432.jpg 768w, https:\/\/www.ufukonen.com\/tr\/wp-content\/uploads\/Kulak_Cinlamasi_Tinnitus_01-1140x641.jpg 1140w, https:\/\/www.ufukonen.com\/tr\/wp-content\/uploads\/Kulak_Cinlamasi_Tinnitus_01-552x311.jpg 552w, https:\/\/www.ufukonen.com\/tr\/wp-content\/uploads\/Kulak_Cinlamasi_Tinnitus_01.jpg 1280w\" sizes=\"(max-width: 1024px) 100vw, 1024px\" \/><\/figure>\n\n\n\n<p>Di\u011fer \u00f6nemli bir tehdit unsuru da kulakl\u0131klar. Ev st\u00fcdyolar\u0131n\u0131n ezici \u00e7o\u011funlu\u011fu akustik d\u00fczenleme ve ses izolasyonu a\u00e7\u0131s\u0131ndan yetersiz oldu\u011fu i\u00e7in evde m\u00fczik ve m\u00fczik prod\u00fcksiyonu yapanlar aras\u0131nda kulakl\u0131k kullan\u0131m\u0131 \u00e7ok yayg\u0131n. Bir\u00e7ok ki\u015fi, fark\u0131nda olarak veya olmayarak, saatler boyunca \u00e7ok y\u00fcksek ses seviyesi ile dinleme yap\u0131yor. Bu, uzun vadede kulak sa\u011fl\u0131\u011f\u0131 i\u00e7in \u00e7ok tehlikeli bir durum.<\/p>\n\n\n\n<p>Kulakl\u0131k, sadece evde m\u00fczik ve m\u00fczik prod\u00fcksiyonu yapanlar i\u00e7in de\u011fil, ayn\u0131 zamanda t\u00fcketiciler i\u00e7in de \u00f6nemli bir tehdit. \u0130nsanlar saatler boyunca cep telefonlar\u0131na ba\u011fl\u0131 kulak i\u00e7i kulakl\u0131klarla \u00e7ok y\u00fckse seviyelerde m\u00fczik dinliyorlar.<\/p>\n\n\n\n<p>Az \u00f6nce de belirtti\u011fim gibi, kulak \u00e7\u0131nlamalar\u0131 anatomik veya fonksiyonel sebeplerden kaynaklanabiliyor. Ancak \u00f6zellikle m\u00fczisyenler ve ses profesyonelleri i\u00e7in kulak \u00e7\u0131nlamas\u0131n\u0131n ba\u015fl\u0131ca sebeplerinden biri (kulakl\u0131k olmadan veya kulakl\u0131k arac\u0131l\u0131\u011f\u0131 ile) uzun saatler y\u00fcksek seviyeli sese maruz kalmak.<\/p>\n\n\n\n<div style=\"height:20px\" aria-hidden=\"true\" class=\"wp-block-spacer\"><\/div>\n\n\n\n<h3><strong>Tinnitus Tedavisi<\/strong><\/h3>\n\n\n\n<p>\u0130\u015fin bu k\u0131sm\u0131 doktorlar\u0131 ilgilendiriyor ama benim bildi\u011fim kadar\u0131yla tinnitus i\u00e7in kesin sonu\u00e7 veren bir tedavi yok. Tinnitus Retraining Therapy (TRT) ad\u0131 verilen yeni say\u0131labilecek bir tedavi y\u00f6ntemi var ancak \u015fu anda hen\u00fcz %100 sonu\u00e7 vermedi\u011fi s\u00f6yleniyor. Kulak \u00e7\u0131nlamas\u0131 \u015fikayeti olan hastalar\u0131 rahatlatmak i\u00e7in genelde (\u00e7\u0131nlamay\u0131 maskelesin diye) m\u00fczik ya da do\u011fa sesleri dinleme gibi y\u00f6ntemler \u00f6neriliyor.\u00a0<\/p>\n\n\n\n<div style=\"height:25px\" aria-hidden=\"true\" class=\"wp-block-spacer\"><\/div>\n\n\n\n<h3><strong>Kulaklar\u0131m\u0131za Sahip \u00c7\u0131kal\u0131m!<\/strong><\/h3>\n\n\n\n<p>Tinnitus ve di\u011fer i\u015fitme sorunlar\u0131n\u0131n (en az\u0131ndan \u015fimdilik) kesin tedavileri olmad\u0131\u011f\u0131n\u0131 g\u00f6z \u00f6n\u00fcne ald\u0131\u011f\u0131m\u0131zda, kulaklar\u0131m\u0131z\u0131 koruman\u0131n ne kadar \u00f6nemli oldu\u011fu ger\u00e7e\u011fi bir kez daha \u00f6n\u00fcm\u00fcze \u00e7\u0131k\u0131yor.\u00a0<br>Kulaklar\u0131m\u0131za sahip \u00e7\u0131kmam\u0131z gerekiyor!<\/p>\n\n\n\n<p>Peki ama nas\u0131l?<\/p>\n\n\n\n<p>Birka\u00e7 tavsiyede bulunmak istiyorum&#8230;<\/p>\n\n\n\n<div style=\"height:25px\" aria-hidden=\"true\" class=\"wp-block-spacer\"><\/div>\n\n\n\n<h3><strong>1: Kulakl\u0131k Kullan\u0131rken Dikkatli Olun!<\/strong><\/h3>\n\n\n\n<p>\u00d6ncelikle, kulakl\u0131k kullan\u0131m\u0131nda \u00e7ok dikkatli olmam\u0131z, kulakl\u0131kla dinleme yaparken seviyenin y\u00fcksek olmamas\u0131na \u00f6zen g\u00f6stermemiz gerekiyor.\u00a0<\/p>\n\n\n\n<p>&#8220;Y\u00fcksek seviye&#8221; g\u00f6receli bir tan\u0131mlama. Kulakl\u0131\u011f\u0131n kula\u011f\u0131m\u0131z \u00fczerinde ka\u00e7 dB SPL ses bas\u0131nc\u0131 olu\u015fturdu\u011funu \u00f6l\u00e7mek de zor. Peki ne yapmak laz\u0131m?\u00a0<br>Genel kural olarak \u015funu uygulayabilirsiniz: Kulakl\u0131kla dinleme yaparken \u00e7evrenizdeki konu\u015fmalar\u0131 veya 50-60 dB SPL civar\u0131ndaki sesleri rahat\u00e7a duyam\u0131yorsan\u0131z kulakl\u0131\u011f\u0131n seviyesi y\u00fcksek demektir.<\/p>\n\n\n\n<p>\u00d6zellikle uzun s\u00fcreli kulakl\u0131k kullan\u0131mlar\u0131 i\u00e7in bu kural\u0131 uygulaman\u0131z\u0131 \u015fiddetle tavsiye ederim.<\/p>\n\n\n\n<div style=\"height:20px\" aria-hidden=\"true\" class=\"wp-block-spacer\"><\/div>\n\n\n\n<h3><strong>2: Ortamdaki Ses Seviyesine Dikkat Edin!<\/strong><\/h3>\n\n\n\n<p>Bulundu\u011fumuz ortamdaki ses seviyesine dikkat etmeyi bir al\u0131\u015fkanl\u0131k haline getirmek bence \u00e7ok \u00f6nemli. Telefonunuza ses bas\u0131n\u00e7 seviyesini \u00f6l\u00e7en bir uygulama indirip, gitti\u011finiz her yerde ortamdaki ses seviyesini \u00f6l\u00e7menizi tavsiye ederim. Zaten bir s\u00fcre sonra ses bas\u0131n\u00e7 seviyesini \u00f6l\u00e7meden de iyi k\u00f6t\u00fc tahmin edebilir duruma gelirsiniz.<\/p>\n\n\n\n<p>\u00dccretsiz bir uygulama fazlas\u0131yla i\u015finizi g\u00f6recektir. Ben Decibel X kullan\u0131yorum. \u0130lk \u00f6nce \u00fccretsiz s\u00fcr\u00fcm\u00fcn\u00fc indirmi\u015ftim, sonra be\u011fenince sat\u0131n ald\u0131m. Bilgi i\u00e7in <a rel=\"noreferrer noopener\" href=\"https:\/\/www.ufukonen.com\/tr\/iphone-icin-ucretsiz-ses-uygulamasi.html\" target=\"_blank\">buraya t\u0131klayabilirsiniz<\/a>.\u00a0<\/p>\n\n\n\n<p>Alternatif olarak, e\u011fer Apple Watch kullan\u0131yorsan\u0131z, saatin bir aray\u00fcz\u00fcne Noise app ekleyip bulundu\u011funuz ortamdaki ses bas\u0131n\u00e7 seviyesini h\u0131zl\u0131ca kontrol edebilirsiniz. \u00c7ok hassas bir \u00f6l\u00e7\u00fcm pe\u015finde olmad\u0131\u011f\u0131m\u0131z i\u00e7in bence bu \u00e7ok pratik bir y\u00f6ntem.\u00a0<\/p>\n\n\n\n<figure class=\"wp-block-image size-large\"><img loading=\"lazy\" width=\"1024\" height=\"576\" src=\"https:\/\/www.ufukonen.com\/tr\/wp-content\/uploads\/Kulak_Cinlamasi_Tinnitus_02-1024x576.jpg\" alt=\"\" class=\"wp-image-6820\" srcset=\"https:\/\/www.ufukonen.com\/tr\/wp-content\/uploads\/Kulak_Cinlamasi_Tinnitus_02-1024x576.jpg 1024w, https:\/\/www.ufukonen.com\/tr\/wp-content\/uploads\/Kulak_Cinlamasi_Tinnitus_02-300x169.jpg 300w, https:\/\/www.ufukonen.com\/tr\/wp-content\/uploads\/Kulak_Cinlamasi_Tinnitus_02-768x432.jpg 768w, https:\/\/www.ufukonen.com\/tr\/wp-content\/uploads\/Kulak_Cinlamasi_Tinnitus_02-1140x641.jpg 1140w, https:\/\/www.ufukonen.com\/tr\/wp-content\/uploads\/Kulak_Cinlamasi_Tinnitus_02-552x311.jpg 552w, https:\/\/www.ufukonen.com\/tr\/wp-content\/uploads\/Kulak_Cinlamasi_Tinnitus_02.jpg 1280w\" sizes=\"(max-width: 1024px) 100vw, 1024px\" \/><\/figure>\n\n\n\n<p>S\u0131n\u0131r ne olmal\u0131? Bununla ilgili farkl\u0131 \u00fclkelerin belirlemi\u015f oldu\u011fu farkl\u0131 de\u011ferler var. Kabaca, e\u011fer ortamdaki ses bas\u0131n\u00e7 seviyesi 90 dB SPL&#8217;den fazla ise (A Weighting), bak\u0131n\u0131z bir sonraki (3 numaral\u0131) madde.<\/p>\n\n\n\n<div style=\"height:20px\" aria-hidden=\"true\" class=\"wp-block-spacer\"><\/div>\n\n\n\n<h3><strong>3: Kulak T\u0131kac\u0131 Kullan\u0131n!<\/strong><\/h3>\n\n\n\n<p>E\u011fer g\u00fcr\u00fclt\u00fcl\u00fc bir ortamdaysan\u0131z kulak t\u0131kac\u0131 kullan\u0131n.<br>\u00d6zellikle canl\u0131 m\u00fczik alan\u0131nda \u00e7al\u0131\u015fan m\u00fczisyen ve ses m\u00fchendislerinin mutlaka ama mutlaka kulak t\u0131kac\u0131 kullanmas\u0131 gerekiyor!<\/p>\n\n\n\n<figure class=\"wp-block-image size-large\"><img loading=\"lazy\" width=\"1024\" height=\"748\" src=\"https:\/\/www.ufukonen.com\/tr\/wp-content\/uploads\/Kulak_Cinlamasi_Tinnitus_03-1024x748.jpg\" alt=\"\" class=\"wp-image-6821\" srcset=\"https:\/\/www.ufukonen.com\/tr\/wp-content\/uploads\/Kulak_Cinlamasi_Tinnitus_03-1024x748.jpg 1024w, https:\/\/www.ufukonen.com\/tr\/wp-content\/uploads\/Kulak_Cinlamasi_Tinnitus_03-300x219.jpg 300w, https:\/\/www.ufukonen.com\/tr\/wp-content\/uploads\/Kulak_Cinlamasi_Tinnitus_03-768x561.jpg 768w, https:\/\/www.ufukonen.com\/tr\/wp-content\/uploads\/Kulak_Cinlamasi_Tinnitus_03-1140x833.jpg 1140w, https:\/\/www.ufukonen.com\/tr\/wp-content\/uploads\/Kulak_Cinlamasi_Tinnitus_03-552x403.jpg 552w, https:\/\/www.ufukonen.com\/tr\/wp-content\/uploads\/Kulak_Cinlamasi_Tinnitus_03.jpg 1280w\" sizes=\"(max-width: 1024px) 100vw, 1024px\" \/><figcaption>Etymotic Research ER20XS<\/figcaption><\/figure>\n\n\n\n<p>Eskiden kulak t\u0131kac\u0131 dedi\u011finizde fabrika ve benzeri yerlerde kullan\u0131lan end\u00fcstriyel tip kulak t\u0131ka\u00e7lar\u0131 akla geliyordu. Bu tip t\u0131ka\u00e7lar koruma sa\u011fl\u0131yor ancak m\u00fczik yaparken bunlar\u0131 kullanmak \u00e7ok rahats\u0131z edici \u00e7\u00fcnk\u00fc sesleri \u00e7ok bo\u011fuk duyuyorsunuz. Bunun sebebi, bu tip t\u0131ka\u00e7lar\u0131n \u00fcst ve orta frekanslar\u0131n ses bas\u0131nc\u0131n\u0131 daha \u00e7ok, alt-orta ve alt frekanslar\u0131n ses bas\u0131nc\u0131n\u0131 ise daha az d\u00fc\u015f\u00fcrmesi.<\/p>\n\n\n\n<p>Art\u0131k m\u00fczisyen ve ses m\u00fchendisleri i\u00e7in \u00f6zel olarak \u00fcretilmi\u015f kulak t\u0131ka\u00e7lar\u0131 var. Bunlar ses bas\u0131nc\u0131n\u0131 frekans dengesini fazla bozmadan, m\u00fcmk\u00fcn oldu\u011funca e\u015fit bir \u015fekilde azalt\u0131yor. Ben bu tip kulak t\u0131ka\u00e7lar\u0131ndan kullan\u0131yorum ve olduk\u00e7a memnunum. Bu t\u0131ka\u00e7lar di\u011ferlerine g\u00f6re biraz daha pahal\u0131 ama konu kulak ve duyum olunca bence kesinlikle de\u011fer!<\/p>\n\n\n\n<figure class=\"wp-block-image size-large\"><img loading=\"lazy\" width=\"867\" height=\"358\" src=\"https:\/\/www.ufukonen.com\/tr\/wp-content\/uploads\/Kulak_Cinlamasi_Tinnitus_04.jpg\" alt=\"\" class=\"wp-image-6822\" srcset=\"https:\/\/www.ufukonen.com\/tr\/wp-content\/uploads\/Kulak_Cinlamasi_Tinnitus_04.jpg 867w, https:\/\/www.ufukonen.com\/tr\/wp-content\/uploads\/Kulak_Cinlamasi_Tinnitus_04-300x124.jpg 300w, https:\/\/www.ufukonen.com\/tr\/wp-content\/uploads\/Kulak_Cinlamasi_Tinnitus_04-768x317.jpg 768w, https:\/\/www.ufukonen.com\/tr\/wp-content\/uploads\/Kulak_Cinlamasi_Tinnitus_04-552x228.jpg 552w\" sizes=\"(max-width: 867px) 100vw, 867px\" \/><figcaption>Earos One<\/figcaption><\/figure>\n\n\n\n<p>A\u015fa\u011f\u0131da kulak t\u0131ka\u00e7lar\u0131 ile ilgili olarak birka\u00e7 ba\u011flant\u0131 payla\u015f\u0131yorum. Bunlar\u0131n yan\u0131 s\u0131ra daha bir\u00e7ok marka ve model var.<\/p>\n\n\n\n<ul><li><a rel=\"noreferrer noopener\" href=\"https:\/\/www.etymotic.com\/passive-hearing-protection\/\" target=\"_blank\">Etymotic Research<\/a><\/li><li><a rel=\"noreferrer noopener\" href=\"https:\/\/www.discovervibes.com\" target=\"_blank\">Vibes<\/a><\/li><li><a rel=\"noreferrer noopener\" href=\"https:\/\/earos.com\" target=\"_blank\">Earos<\/a><\/li><li><a rel=\"noreferrer noopener\" href=\"https:\/\/www.minuendo.com\" target=\"_blank\">Minuendo<\/a><\/li><li><a rel=\"noreferrer noopener\" href=\"https:\/\/hearos.com\/collections\/music\" target=\"_blank\">Hearos<\/a><\/li><li><a rel=\"noreferrer noopener\" href=\"https:\/\/vicfirth.zildjian.com\/gear\/accessories\/hearing-protection\/vic-ear-plugs.html\" target=\"_blank\">Vic Firth\u00a0<\/a><\/li><li><a rel=\"noreferrer noopener\" href=\"https:\/\/www.fender.com\/en\/accessories\/miscellaneous\/musician-series-black-ear-plugs\/0990542000.html\" target=\"_blank\">Fender<\/a><\/li><\/ul>\n\n\n\n<div style=\"height:20px\" aria-hidden=\"true\" class=\"wp-block-spacer\"><\/div>\n\n\n\n<h3>Sonu\u00e7 Olarak&#8230;<\/h3>\n\n\n\n<p>Kulaklar\u0131m\u0131z\u0131 korumam\u0131z\u0131n ne kadar \u00f6nemli oldu\u011funun bir defa daha alt\u0131n\u0131 \u00e7izmek istiyorum.\u00a0<br>Kulakl\u0131kla dinleme yaparken \u00e7ok dikkatli olmak gerekiyor. Ses seviyesinin fazla olmamas\u0131na ve kulakl\u0131\u011f\u0131 aral\u0131ks\u0131z olarak uzun saatler kullanmamaya \u00f6zen g\u00f6stermek gerekiyor.<\/p>\n\n\n\n<p>Ses alan\u0131nda \u00e7al\u0131\u015fanlar\u0131n, \u00f6zellikle canl\u0131 m\u00fczik alan\u0131nda \u00e7al\u0131\u015fan m\u00fczisyen ve ses m\u00fchendislerinin, mutlaka ama mutlaka kulak t\u0131kac\u0131 kullanmas\u0131 gerekiyor!<\/p>\n\n\n\n<p>Yukar\u0131da da belirtti\u011fim gibi, m\u00fczisyen ve ses m\u00fchendisleri i\u00e7in \u00f6zel olarak \u00fcretilmi\u015f kulak t\u0131ka\u00e7lar\u0131 ses \u015fiddetini frekans dengesini fazla bozmadan azalt\u0131yor. Dolay\u0131s\u0131yla kulak t\u0131ka\u00e7lar\u0131 art\u0131k eskisi gibi sesi bo\u011fuk bir hale getirip rahats\u0131zl\u0131k vermiyor. Mutlaka bir \u00e7ift edinin ve her zaman yan\u0131n\u0131zda ta\u015f\u0131y\u0131n.<\/p>\n\n\n\n<div style=\"height:50px\" aria-hidden=\"true\" class=\"wp-block-spacer\"><\/div>\n\n\n\n<p>Teknik terimler i\u00e7in <a href=\"http:\/\/www.ufukonen.com\/tr\/ses-kayit-muzik-teknolojisi-terimler-sozluk.html\">m\u00fczik teknolojisi, m\u00fczik prod\u00fcksiyonu ve ses kay\u0131t terimleri s\u00f6zl\u00fc\u011f\u00fcne<\/a> g\u00f6z atabilirsiniz.<\/p>\n\n\n\n<p>Benzer payla\u015f\u0131mlar i\u00e7in beni <a rel=\"noreferrer noopener\" href=\"https:\/\/www.facebook.com\/ufukonen.skmt\/\" target=\"_blank\">Facebook<\/a>, <a rel=\"noreferrer noopener\" aria-label=\"Instagram (opens in a new tab)\" href=\"https:\/\/www.instagram.com\/ufukonen\/\" target=\"_blank\">Instagram<\/a> ve <a rel=\"noreferrer noopener\" href=\"https:\/\/twitter.com\/UfukOnen\" target=\"_blank\">Twitter<\/a>&#8216;da takip edebilir, haberler i\u00e7in <a rel=\"noreferrer noopener\" href=\"http:\/\/ufukonen.com\/tr\/ses-kayit-muzik-teknolojisi-terimler-sozluk.html\" target=\"_blank\">mesaj listeme \u00fcye olabilirsiniz<\/a>. Te\u015fekk\u00fcrler.<\/p>\n\n\n\n<p>Ba\u015fl\u0131k foto\u011fraf\u0131\u00a0<a rel=\"noreferrer noopener\" href=\"https:\/\/unsplash.com\/@kellysikkema?utm_source=unsplash&amp;utm_medium=referral&amp;utm_content=creditCopyText\" target=\"_blank\">Kelly Sikkema<\/a>\u00a0|\u00a0<a rel=\"noreferrer noopener\" href=\"https:\/\/unsplash.com\/?utm_source=unsplash&amp;utm_medium=referral&amp;utm_content=creditCopyText\" target=\"_blank\">Unsplash<\/a><\/p>\n\n\n\n<p>Konser foto\u011fraf\u0131 <a href=\"https:\/\/unsplash.com\/@lesliedelmoral?utm_source=unsplash&amp;utm_medium=referral&amp;utm_content=creditCopyText\" target=\"_blank\" rel=\"noreferrer noopener\">Leslie del Moral<\/a>\u00a0|\u00a0<a href=\"https:\/\/unsplash.com\/s\/photos\/concert-stage?utm_source=unsplash&amp;utm_medium=referral&amp;utm_content=creditCopyText\" target=\"_blank\" rel=\"noreferrer noopener\">Unsplash<\/a><\/p>\n\n\n\n<p>\u00a9 2021 Ufuk \u00d6nen. Her hakk\u0131 sakl\u0131d\u0131r. \u0130zinsiz kullan\u0131lamaz.<\/p>\n","protected":false},"excerpt":{"rendered":"<p class=\"post-excerpt\">Tinnitus terimini belki duymam\u0131\u015f olabilirsiniz ama ne oldu\u011funu biliyorsunuzdur. Tinnitus genelde \u201ckulak \u00e7\u0131nlamas\u0131\u201d olarak ifade ediliyor. Kulak \u00e7\u0131nlamas\u0131n\u0131 hemen hemen&#8230;<\/p>\n","protected":false},"author":2,"featured_media":6818,"comment_status":"closed","ping_status":"open","sticky":false,"template":"","format":"standard","meta":{"_mi_skip_tracking":false,"spay_email":"","jetpack_publicize_message":"","jetpack_is_tweetstorm":false,"jetpack_publicize_feature_enabled":true},"categories":[20],"tags":[],"jetpack_featured_media_url":"https:\/\/www.ufukonen.com\/tr\/wp-content\/uploads\/Kulak_Cinlamasi_Tinnitus_00_Header.jpg","jetpack_publicize_connections":[],"jetpack_shortlink":"https:\/\/wp.me\/p3rjsG-1LU","jetpack_sharing_enabled":true,"jetpack-related-posts":[{"id":5452,"url":"https:\/\/www.ufukonen.com\/tr\/tinnitus-ve-t-minus-app.html","url_meta":{"origin":6814,"position":0},"title":"Tinnitus ve T-Minus App","date":"February 24, 2020","format":false,"excerpt":"T-Minus, m\u00fczisyen ve prod\u00fckt\u00f6r Rupert Brown taraf\u0131ndan geli\u015ftirilmi\u015f, tinnitus semptomlar\u0131 ile ba\u015fa \u00e7\u0131kmaya yard\u0131mc\u0131 olan bir 'app'. Brown'\u0131n bu program\u0131 geli\u015ftirmesinin ard\u0131ndaki sebep, yani \u00e7\u0131k\u0131\u015f noktas\u0131, asl\u0131nda kendisinin 30 y\u0131ldan beri tinnitus ile sava\u015f\u0131yor olmas\u0131. Tinnitus Nedir? Tinnitus terimini belki duymam\u0131\u015f olabilirsiniz ama ne oldu\u011funu biliyorsunuzdur. Tinnitus genelde \"kulak \u00e7\u0131nlamas\u0131\"\u2026","rel":"","context":"In &quot;Ses ve M\u00fczik Teknolojileri&quot;","img":{"alt_text":"","src":"https:\/\/i0.wp.com\/www.ufukonen.com\/tr\/wp-content\/uploads\/Tinnitus_00_Header_Alt.jpg?resize=350%2C200&ssl=1","width":350,"height":200},"classes":[]},{"id":8191,"url":"https:\/\/www.ufukonen.com\/tr\/2023-en-cok-okunan.html","url_meta":{"origin":6814,"position":1},"title":"2023 Y\u0131l\u0131nda En \u00c7ok Okunan Blog Yaz\u0131lar\u0131m","date":"December 27, 2023","format":false,"excerpt":"Blog yaz\u0131lar\u0131m\u0131 takip edenler bilirler, her senenin sonunda o y\u0131l en \u00e7ok okunan blog yaz\u0131lar\u0131m\u0131 liste haline getirip okuyucular\u0131mla payla\u015f\u0131r\u0131m. 2023 i\u00e7in de farkl\u0131 bir durum yok. Liste haz\u0131r ancak listeden \u00f6nce bu y\u0131l beni mesleki a\u00e7\u0131dan en \u00e7ok heyecanland\u0131ran geli\u015fmeyi payla\u015fmak istiyorum. 2023 y\u0131l\u0131nda beni en \u00e7ok heyecanland\u0131ran geli\u015fme,\u2026","rel":"","context":"In &quot;M\u00fczik End\u00fcstrisi&quot;","img":{"alt_text":"","src":"https:\/\/i0.wp.com\/www.ufukonen.com\/tr\/wp-content\/uploads\/2023_En_Cok_Okunan_00_Header.jpg?resize=350%2C200&ssl=1","width":350,"height":200},"classes":[]},{"id":2240,"url":"https:\/\/www.ufukonen.com\/tr\/mekanlarin-akustik-ozelliklerinin-sese-etkisi-video.html","url_meta":{"origin":6814,"position":2},"title":"Mekanlar\u0131n Akustik \u00d6zelliklerinin Sese Etkisi (video)","date":"December 20, 2015","format":false,"excerpt":"Reverberation (T\u00fcrk\u00e7edeki kar\u015f\u0131l\u0131\u011f\u0131 ile 'yans\u0131ma', 'yank\u0131lanma', '\u00e7\u0131nlama', 'aksetme'), hayat\u0131m\u0131zda hemen hemen her saniye kar\u015f\u0131la\u015ft\u0131\u011f\u0131m\u0131z, duydu\u011fumuz bir akustik olu\u015fumdur.\u00a0Reverberation, sesin bir mekandaki binlerce tekrar\u0131 ve rastgele olu\u015fan yans\u0131malardan meydana gelir. Akustik olarak bunu \u00fc\u00e7e b\u00f6lebiliriz: [1] sesin kendisi (ses kayna\u011f\u0131ndan do\u011frudan gelen ses dalgalar\u0131); [2] \u0130ngilizcede early reflections olarak adland\u0131r\u0131lan ilk\u2026","rel":"","context":"In &quot;Ses ve M\u00fczik Teknolojileri&quot;","img":{"alt_text":"","src":"https:\/\/i0.wp.com\/www.ufukonen.com\/tr\/wp-content\/uploads\/IETR_Lab_Rennes_Manuamador_800x533.jpg?resize=350%2C200&ssl=1","width":350,"height":200},"classes":[]},{"id":7280,"url":"https:\/\/www.ufukonen.com\/tr\/deesser-sadece-vokal-kanalinda-mi-kullanilir.html","url_meta":{"origin":6814,"position":3},"title":"De-Esser Sadece Vokal Kanal\u0131nda m\u0131 Kullan\u0131l\u0131r?","date":"March 28, 2022","format":false,"excerpt":"Bir\u00e7ok insan de-esser'\u0131n sadece vokal kanallar\u0131nda kullan\u0131ld\u0131\u011f\u0131n\u0131 d\u00fc\u015f\u00fcn\u00fcyor. De-esser dedi\u011fimizde ilk akla gelenin vokal olmas\u0131 normal ancak de-esser kullan\u0131m\u0131 sadece vokal ile s\u0131n\u0131rl\u0131 de\u011fil. De-esser'\u0131 farkl\u0131 ama\u00e7larla kullanmak m\u00fcmk\u00fcn. \u00d6rneklere ge\u00e7meden \u00f6nce, e\u011fer daha \u00f6nce okumad\u0131ysan\u0131z, de-essing ve sibilans \u00fczerine yazd\u0131\u011f\u0131m \"De-esser Nedir ve Nas\u0131l Kullan\u0131l\u0131r?\" ba\u015fl\u0131kl\u0131 makalemi okuman\u0131z\u0131 tavsiye\u2026","rel":"","context":"In &quot;M\u00fczik Prod\u00fcksiyonu&quot;","img":{"alt_text":"","src":"https:\/\/i0.wp.com\/www.ufukonen.com\/tr\/wp-content\/uploads\/Deesser_Sadece_Vokal_Kanalinda_mi_00_Header.jpg?resize=350%2C200&ssl=1","width":350,"height":200},"classes":[]},{"id":3065,"url":"https:\/\/www.ufukonen.com\/tr\/dinamik-eq.html","url_meta":{"origin":6814,"position":4},"title":"Dinamik EQ","date":"June 5, 2017","format":false,"excerpt":"EQ, \u00f6zellikle parametrik EQ, \u00e7ok g\u00fc\u00e7l\u00fc fakat statik bir ses i\u015fleme arac\u0131d\u0131r. G\u00fc\u00e7l\u00fcd\u00fcr \u00e7\u00fcnk\u00fc frekans, kazan\u00e7 ve Q parametrelerini kullanarak sesi istedi\u011finiz gibi \u015fekillendirmenize imkan tan\u0131r. Statik bir sinyal i\u015fleme arac\u0131d\u0131r \u00e7\u00fcnk\u00fc giri\u015f sinyalindeki de\u011fi\u015fiklikleri hesaba katmadan sesi ayn\u0131 \u015fekilde i\u015fler. EQ'nun statik olmas\u0131, her zaman de\u011filse de baz\u0131 durumlarda\u2026","rel":"","context":"In &quot;Ses ve M\u00fczik Teknolojileri&quot;","img":{"alt_text":"","src":"https:\/\/i0.wp.com\/www.ufukonen.com\/tr\/wp-content\/uploads\/DynamicEQ_Onen_1280px.jpg?resize=350%2C200&ssl=1","width":350,"height":200},"classes":[]},{"id":87,"url":"https:\/\/www.ufukonen.com\/tr\/monitor-sistemine-subwoofer-eklerken-nelere-dikkat-etmeliyiz.html","url_meta":{"origin":6814,"position":5},"title":"Monit\u00f6r Sistemine Subwoofer Eklerken Nelere Dikkat Etmeliyiz?","date":"June 2, 2012","format":false,"excerpt":"\"Referans Monit\u00f6rleri ve Subwoofer\" ba\u015fl\u0131kl\u0131 yaz\u0131mda\u00a0monit\u00f6r sistemimize subwoofer ekleme karar\u0131 almadan \u00f6nce dikkat etmemiz gereken iki \u00f6nemli nokta oldu\u011fundan bahsetmi\u015ftim. Bunlardan birincisi, kullan\u0131lan yak\u0131n alan monit\u00f6rlerin frekans \u00fcretme aral\u0131klar\u0131yd\u0131. Kulland\u0131\u011f\u0131m\u0131z referans monit\u00f6rler bas sesleri, di\u011fer bir deyi\u015fle alt frekanslar\u0131, yeterince \u00fcretebiliyor mu, \u00fcretemiyor mu? \"Yeterince\", asl\u0131nda, dinleme seviyemize (vol\u00fcm y\u00fcksekli\u011fine)\u2026","rel":"","context":"In &quot;Ses ve M\u00fczik Teknolojileri&quot;","img":{"alt_text":"","src":"https:\/\/i0.wp.com\/www.ufukonen.com\/tr\/wp-content\/uploads\/JBLLSR4312SP-.jpg?resize=350%2C200&ssl=1","width":350,"height":200},"classes":[]}],"_links":{"self":[{"href":"https:\/\/www.ufukonen.com\/tr\/wp-json\/wp\/v2\/posts\/6814"}],"collection":[{"href":"https:\/\/www.ufukonen.com\/tr\/wp-json\/wp\/v2\/posts"}],"about":[{"href":"https:\/\/www.ufukonen.com\/tr\/wp-json\/wp\/v2\/types\/post"}],"author":[{"embeddable":true,"href":"https:\/\/www.ufukonen.com\/tr\/wp-json\/wp\/v2\/users\/2"}],"replies":[{"embeddable":true,"href":"https:\/\/www.ufukonen.com\/tr\/wp-json\/wp\/v2\/comments?post=6814"}],"version-history":[{"count":6,"href":"https:\/\/www.ufukonen.com\/tr\/wp-json\/wp\/v2\/posts\/6814\/revisions"}],"predecessor-version":[{"id":6825,"href":"https:\/\/www.ufukonen.com\/tr\/wp-json\/wp\/v2\/posts\/6814\/revisions\/6825"}],"wp:featuredmedia":[{"embeddable":true,"href":"https:\/\/www.ufukonen.com\/tr\/wp-json\/wp\/v2\/media\/6818"}],"wp:attachment":[{"href":"https:\/\/www.ufukonen.com\/tr\/wp-json\/wp\/v2\/media?parent=6814"}],"wp:term":[{"taxonomy":"category","embeddable":true,"href":"https:\/\/www.ufukonen.com\/tr\/wp-json\/wp\/v2\/categories?post=6814"},{"taxonomy":"post_tag","embeddable":true,"href":"https:\/\/www.ufukonen.com\/tr\/wp-json\/wp\/v2\/tags?post=6814"}],"curies":[{"name":"wp","href":"https:\/\/api.w.org\/{rel}","templated":true}]}}