{"id":6836,"date":"2021-08-23T01:00:00","date_gmt":"2021-08-22T22:00:00","guid":{"rendered":"https:\/\/www.ufukonen.com\/tr\/?p=6836"},"modified":"2021-10-15T23:05:36","modified_gmt":"2021-10-15T20:05:36","slug":"daw-latency","status":"publish","type":"post","link":"https:\/\/www.ufukonen.com\/tr\/daw-latency.html","title":{"rendered":"DAW ve Latency"},"content":{"rendered":"\n<p>Bilgisayar tabanl\u0131 ve di\u011fer dijital sistemlerde sinyalin sisteme giri\u015finde ve \u00e7\u0131k\u0131\u015f\u0131nda gecikme olu\u015fur. Bu gecikmeye \u0130ngilizcede &#8216;latency&#8217; ad\u0131 verilir. Latency, milisaniye (ms) cinsinden ifade edilir.<\/p>\n\n\n\n<div style=\"height:20px\" aria-hidden=\"true\" class=\"wp-block-spacer\"><\/div>\n\n\n\n<h3>Latency Neden \u00d6nemlidir?<\/h3>\n\n\n\n<p>Latency \u00f6nemlidir \u00e7\u00fcnk\u00fc kay\u0131t yaparken kaydetmekte oldu\u011funuz sinyali ne kadar ge\u00e7 duyaca\u011f\u0131n\u0131z ile do\u011frudan ilgilidir. 10 milisaniye alt\u0131ndaki gecikmeler fark edilmeyebilir ya da fark edilse bile tolere edilebilir. 10 milisaniye \u00fczerindeki gecikmeler ise problem olu\u015fturmaya ba\u015flar.<\/p>\n\n\n\n<p>\u00d6rnek olarak gitar kayd\u0131 yapt\u0131\u011f\u0131n\u0131z\u0131 ve sisteminizde 40 milisaniye latency oldu\u011funu d\u00fc\u015f\u00fcnelim. Bu, gitarda bast\u0131\u011f\u0131n\u0131z her notay\u0131 DAW i\u00e7inden d\u00f6nen (kulakl\u0131k veya monit\u00f6r ile dinlemekte oldu\u011funuz) sinyalde 40 milisaniye ge\u00e7 duyaca\u011f\u0131n\u0131z anlam\u0131na gelmektedir. B\u00f6yle bir konfig\u00fcrasyon ile kay\u0131t yapmak m\u00fcmk\u00fcn de\u011fil. Belki m\u00fcmk\u00fcn olabilir ama hi\u00e7 sa\u011fl\u0131kl\u0131 de\u011fil.<\/p>\n\n\n\n<p>Peki ne yapmak gerekiyor?<\/p>\n\n\n\n<p>Ne yapmak gerekti\u011fini anlataca\u011f\u0131m ancak ondan \u00f6nce sistemdeki gecikmenin nas\u0131l hesapland\u0131\u011f\u0131n\u0131 a\u00e7\u0131klayay\u0131m.<\/p>\n\n\n\n<div style=\"height:20px\" aria-hidden=\"true\" class=\"wp-block-spacer\"><\/div>\n\n\n\n<h3>Latency Form\u00fcl\u00fc<\/h3>\n\n\n\n<p>Sistemdeki gecikmeyi milisaniye cinsinden hesaplamak i\u00e7in \u015fu form\u00fcl\u00fc kullanabiliriz:<\/p>\n\n\n\n<blockquote class=\"wp-block-quote\"><p>Latency (ms) = Buffer Size \/ Sample Rate [kHz]<\/p><\/blockquote>\n\n\n\n<p>Burada dikkat edilmesi gereken nokta, gecikmenin hem analog giri\u015ften bilgisayara hem de bilgisayardan analog \u00e7\u0131k\u0131\u015fa giderken tekrarlanmas\u0131d\u0131r. Bu durumda form\u00fcl ile elde etti\u011fimiz de\u011feri iki ile \u00e7arpmam\u0131z gerekiyor:<\/p>\n\n\n\n<blockquote class=\"wp-block-quote\"><p>Latency (ms) = (Buffer Size \/ Sample Rate [kHz]) x 2<\/p><\/blockquote>\n\n\n\n<div style=\"height:20px\" aria-hidden=\"true\" class=\"wp-block-spacer\"><\/div>\n\n\n\n<p>\u00d6rnek olarak 48 kHz sample rate ve 1024 buffer b\u00fcy\u00fckl\u00fc\u011f\u00fc ile \u00e7al\u0131\u015f\u0131rken sistemdeki toplam gecikmeyi milisaniye de\u011ferinden hesaplayal\u0131m:<\/p>\n\n\n\n<p>Latency = (1024 \/ 48) x 2 = 42.67 ms<\/p>\n\n\n\n<div style=\"height:20px\" aria-hidden=\"true\" class=\"wp-block-spacer\"><\/div>\n\n\n\n<p>Bir ba\u015fka \u00f6rnek olarak 44.1 kHz sample rate ve 256 buffer b\u00fcy\u00fckl\u00fc\u011f\u00fc ile \u00e7al\u0131\u015f\u0131rken sistemdeki toplam gecikmeyi hesaplayal\u0131m:<\/p>\n\n\n\n<p>Latency = (256 \/ 44.1) x 2 = 11.60 ms<\/p>\n\n\n\n<div style=\"height:20px\" aria-hidden=\"true\" class=\"wp-block-spacer\"><\/div>\n\n\n\n<p>Di\u011fer bir \u00f6rnek olarak 96 kHz sample rate ve 128 buffer b\u00fcy\u00fckl\u00fc\u011f\u00fc ile \u00e7al\u0131\u015fan bir sistemdeki toplam gecikmeyi hesaplayal\u0131m:<\/p>\n\n\n\n<p>Latency = (128 \/ 96) x 2 = 2.67 ms<\/p>\n\n\n\n<div style=\"height:20px\" aria-hidden=\"true\" class=\"wp-block-spacer\"><\/div>\n\n\n\n<h3>Akl\u0131n\u0131zda Bulunsun<\/h3>\n\n\n\n<p>\u00d6rneklerde de g\u00f6r\u00fcld\u00fc\u011f\u00fc gibi buffer de\u011feri k\u00fc\u00e7\u00fcld\u00fc\u011f\u00fcnde ve sample rate b\u00fcy\u00fcd\u00fc\u011f\u00fcnde sistemdeki gecikme olduk\u00e7a k\u00fc\u00e7\u00fck de\u011ferlere iniyor:<\/p>\n\n\n\n<ul><li>Buffer de\u011feri b\u00fcy\u00fcd\u00fck\u00e7e gecikme artar.<\/li><li>Sample rate b\u00fcy\u00fcd\u00fck\u00e7e gecikme azal\u0131r.<\/li><\/ul>\n\n\n\n<p>Gecikmeyi azaltmak i\u00e7in sistemin buffer de\u011ferini k\u00fc\u00e7\u00fcltebiliriz ama fakat bu da sistemin genel performans\u0131n\u0131 d\u00fc\u015f\u00fcrecektir. Her zaman her yerde oldu\u011fu gibi burada da bir denge, bir pazarl\u0131k s\u00f6z konusu.<\/p>\n\n\n\n<div style=\"height:20px\" aria-hidden=\"true\" class=\"wp-block-spacer\"><\/div>\n\n\n\n<h3>Latency \u0130\u00e7in \u00c7\u00f6z\u00fcm<\/h3>\n\n\n\n<p>\u015eimdi gelelim sistemde kay\u0131t yapan m\u00fczisyenin performans\u0131n\u0131 etkileyecek kadar bir gecikme varsa bunu nas\u0131l \u00e7\u00f6zece\u011fimize\u2026<\/p>\n\n\n\n<p>Birinci yol, buffer de\u011ferini k\u00fc\u00e7\u00fclterek sistemdeki gecikmeyi 10 milisaniye alt\u0131na indirmeye \u00e7al\u0131\u015fmak. Maalesef bu her zaman m\u00fcmk\u00fcn olmuyor. Her bilgisayar, \u00f6zelikle de \u00e7ok plug-in kullan\u0131lan par\u00e7alarda, d\u00fc\u015f\u00fck buffer de\u011ferleri ile \u00e7al\u0131\u015fam\u0131yor, hata veriyor.<\/p>\n\n\n\n<figure class=\"wp-block-image size-large\"><a href=\"https:\/\/www.ufukonen.com\/tr\/wp-content\/uploads\/DAW_Latency_01.jpg\" target=\"_blank\" rel=\"noopener noreferrer\"><img loading=\"lazy\" width=\"1024\" height=\"264\" src=\"https:\/\/www.ufukonen.com\/tr\/wp-content\/uploads\/DAW_Latency_01-1024x264.jpg\" alt=\"\" class=\"wp-image-6840\" srcset=\"https:\/\/www.ufukonen.com\/tr\/wp-content\/uploads\/DAW_Latency_01-1024x264.jpg 1024w, https:\/\/www.ufukonen.com\/tr\/wp-content\/uploads\/DAW_Latency_01-300x77.jpg 300w, https:\/\/www.ufukonen.com\/tr\/wp-content\/uploads\/DAW_Latency_01-768x198.jpg 768w, https:\/\/www.ufukonen.com\/tr\/wp-content\/uploads\/DAW_Latency_01-1536x396.jpg 1536w, https:\/\/www.ufukonen.com\/tr\/wp-content\/uploads\/DAW_Latency_01-1140x294.jpg 1140w, https:\/\/www.ufukonen.com\/tr\/wp-content\/uploads\/DAW_Latency_01-552x142.jpg 552w, https:\/\/www.ufukonen.com\/tr\/wp-content\/uploads\/DAW_Latency_01.jpg 1920w\" sizes=\"(max-width: 1024px) 100vw, 1024px\" \/><\/a><figcaption>PreSonus Studio 24c. &#8220;Mixer&#8221; parametresi kaydetmekte oldu\u011funuz sinyal ile DAW i\u00e7inden gelen kanallar\u0131n dengesini kontrol etmek i\u00e7in kullan\u0131l\u0131yor. G\u00f6rseli \u00fczerine t\u0131klayarak b\u00fcy\u00fctebilrsiniz.<\/figcaption><\/figure>\n\n\n\n<p>\u0130kinci yol, e\u011fer varsa ses kart\u0131n\u0131n \u00fczerinde bulunan ve &#8220;zero latency monitoring&#8221; ya da &#8220;input monitoring&#8221; olarak adland\u0131r\u0131lan \u00f6zelli\u011fi kullanmak. Bu \u00f6zelli\u011fe sahip ses kartlar\u0131 kaydetmekte oldu\u011funuz sinyali ses kart\u0131n\u0131n giri\u015fi \u00fczerinden (bilgisayara girmeden \u00f6nce) dinletiyor. B\u00f6ylelikle kaydetmekte oldu\u011funuz sinyali gecikmeli olarak duyman\u0131z\u0131 \u00f6nlemi\u015f oluyor. Bu \u00f6zellik art\u0131k bir\u00e7ok modern ses kart\u0131nda mevcut.<\/p>\n\n\n\n<div style=\"height:20px\" aria-hidden=\"true\" class=\"wp-block-spacer\"><\/div>\n\n\n\n<h3>Son Olarak, \u0130ki \u00d6nemli Nokta\u2026<\/h3>\n\n\n\n<p>Yaz\u0131m\u0131n sonunda \u00f6nemli iki noktaya de\u011finmek istiyorum.<\/p>\n\n\n\n<p>Gecikme s\u00fcresini yukar\u0131daki form\u00fcl\u00fc kullanarak hesaplayabilirsiniz ancak hesaplad\u0131\u011f\u0131n\u0131z de\u011fere ek olarak ses kart\u0131n\u0131n \u00fczerindeki A\/D ve D\/A \u00e7evrimcilerin de sisteme 3-5 milisaniye civar\u0131nda ek bir gecikme kataca\u011f\u0131n\u0131 unutmamak gerekiyor.<\/p>\n\n\n\n<p>Latency, kay\u0131t s\u0131ras\u0131nda m\u00fczisyenin \u00e7ald\u0131\u011f\u0131n\u0131 monit\u00f6r etmesi, gecikmesiz duymas\u0131 a\u00e7\u0131s\u0131ndan \u00f6nemlidir. Sistemdeki gecikmenin miks s\u0131ras\u0131nda fazla bir \u00f6nemi yoktur. Bu sebepten dolay\u0131 miks s\u0131ras\u0131nda, sistemi rahatlatmak ad\u0131na, buffer ayar\u0131n\u0131 1028 gibi y\u00fcksek bir de\u011fere \u00e7ekebilirsiniz.<\/p>\n\n\n\n<p>Buffer boyutlar\u0131na g\u00f6re farkl\u0131 sample rate de\u011ferlerinde gecikme s\u00fcrelerini g\u00f6steren tabloyu <a href=\"https:\/\/www.ufukonen.com\/tr\/ses-kayit-ve-muzik-teknolojileri.html\" target=\"_blank\" rel=\"noreferrer noopener\"><em>Ses Ka<\/em>y<em>\u0131t ve M\u00fczik Teknolojileri<\/em><\/a><em> <\/em>adl\u0131 kitab\u0131m\u0131n\u0131n sonunda (Ek 11) bulabilirsiniz.<\/p>\n\n\n\n<div style=\"height:50px\" aria-hidden=\"true\" class=\"wp-block-spacer\"><\/div>\n\n\n\n<p>Teknik terimler i\u00e7in <a href=\"http:\/\/www.ufukonen.com\/tr\/ses-kayit-muzik-teknolojisi-terimler-sozluk.html\">m\u00fczik teknolojisi, m\u00fczik prod\u00fcksiyonu ve ses kay\u0131t terimleri s\u00f6zl\u00fc\u011f\u00fcne<\/a> g\u00f6z atabilirsiniz.<\/p>\n\n\n\n<p>Benzer payla\u015f\u0131mlar i\u00e7in beni <a rel=\"noreferrer noopener\" href=\"https:\/\/www.facebook.com\/ufukonen.skmt\/\" target=\"_blank\">Facebook<\/a>, <a rel=\"noreferrer noopener\" aria-label=\"Instagram (opens in a new tab)\" href=\"https:\/\/www.instagram.com\/ufukonen\/\" target=\"_blank\">Instagram<\/a> ve <a rel=\"noreferrer noopener\" href=\"https:\/\/twitter.com\/UfukOnen\" target=\"_blank\">Twitter<\/a>&#8216;da takip edebilir, haberler i\u00e7in <a rel=\"noreferrer noopener\" href=\"http:\/\/ufukonen.com\/tr\/ses-kayit-muzik-teknolojisi-terimler-sozluk.html\" target=\"_blank\">mesaj listeme \u00fcye olabilirsiniz<\/a>. Te\u015fekk\u00fcrler.<\/p>\n\n\n\n<p>Ba\u015fl\u0131k foto\u011fraf\u0131:&nbsp;<a rel=\"noreferrer noopener\" href=\"https:\/\/unsplash.com\/@llane_a?utm_source=unsplash&amp;utm_medium=referral&amp;utm_content=creditCopyText\" target=\"_blank\">Amin Asbaghipour<\/a>&nbsp;|&nbsp;<a rel=\"noreferrer noopener\" href=\"https:\/\/unsplash.com\/photos\/EaZdLOxkcpI?utm_source=unsplash&amp;utm_medium=referral&amp;utm_content=creditCopyText\" target=\"_blank\">Unsplash<\/a><\/p>\n\n\n\n<p>Presonus Studio 24C foto\u011fraf\u0131 PreSonus firmas\u0131n\u0131n web sitesinden al\u0131nm\u0131\u015ft\u0131r.<\/p>\n\n\n\n<p>\u00a9 2021 Ufuk \u00d6nen. Her hakk\u0131 sakl\u0131d\u0131r. \u0130zinsiz kullan\u0131lamaz.<\/p>\n","protected":false},"excerpt":{"rendered":"<p class=\"post-excerpt\">Bilgisayar tabanl\u0131 ve di\u011fer dijital sistemlerde sinyalin sisteme giri\u015finde ve \u00e7\u0131k\u0131\u015f\u0131nda gecikme olu\u015fur. Bu gecikmeye \u0130ngilizcede &#8216;latency&#8217; ad\u0131 verilir. Latency,&#8230;<\/p>\n","protected":false},"author":2,"featured_media":6838,"comment_status":"closed","ping_status":"open","sticky":false,"template":"","format":"standard","meta":{"_mi_skip_tracking":false,"spay_email":"","jetpack_publicize_message":"","jetpack_is_tweetstorm":false,"jetpack_publicize_feature_enabled":true},"categories":[18],"tags":[],"jetpack_featured_media_url":"https:\/\/www.ufukonen.com\/tr\/wp-content\/uploads\/DAW_Latency_00_Header.jpg","jetpack_publicize_connections":[],"jetpack_shortlink":"https:\/\/wp.me\/p3rjsG-1Mg","jetpack_sharing_enabled":true,"jetpack-related-posts":[{"id":7951,"url":"https:\/\/www.ufukonen.com\/tr\/buffer-latency.html","url_meta":{"origin":6836,"position":0},"title":"Buffer Boyutlar\u0131 ve Latency S\u00fcreleri","date":"January 30, 2023","format":false,"excerpt":"\"DAW ve Latency\" ba\u015fl\u0131kl\u0131 yaz\u0131mda 'latency' yani bilgisayar tabanl\u0131 ve di\u011fer dijital sistemlerde gecikmenin neden kaynakland\u0131\u011f\u0131n\u0131, bu gecikmeye neden dikkat etmemiz gerekti\u011fini, gecikmeyi nas\u0131l hesaplayabilece\u011fimizi anlatm\u0131\u015ft\u0131m. Buna ek olarak gecikmeye kar\u015f\u0131 \u00e7\u00f6z\u00fcm \u00f6nerilerinde bulunmu\u015ftum. Bu yaz\u0131m\u0131 o makalenin devam\u0131 ya da eki gibi d\u00fc\u015f\u00fcnebilirsiniz. Bu yaz\u0131mda sizlerle buffer boyutlar\u0131na ve\u2026","rel":"","context":"In &quot;Ses ve M\u00fczik Teknolojileri&quot;","img":{"alt_text":"","src":"https:\/\/i0.wp.com\/www.ufukonen.com\/tr\/wp-content\/uploads\/Buffer_Boyutlari_ve_Latency_Sureleri_00_Header.jpg?resize=350%2C200&ssl=1","width":350,"height":200},"classes":[]},{"id":5579,"url":"https:\/\/www.ufukonen.com\/tr\/chorus-flanger-phaser.html","url_meta":{"origin":6836,"position":1},"title":"Chorus, Flanger ve Phaser: \u00dc\u00e7 Temel Mod\u00fclasyon Efekti Aras\u0131ndaki Fark","date":"April 13, 2020","format":false,"excerpt":"Chorus, flanger ve phaser\u2026 Hem kay\u0131t ve miks m\u00fchendisleri, hem de gitaristler ve klavyeciler taraf\u0131ndan kullan\u0131lan \u00fc\u00e7 mod\u00fclasyon efekti. Bu \u00fc\u00e7 efekt bazen birbirleri ile kar\u0131\u015ft\u0131r\u0131labiliyor. Hatta bu \u00fc\u00e7 efektin ayn\u0131 oldu\u011funu sananlar da \u00e7\u0131k\u0131yor. Her ne kadar birbirleri ile yak\u0131n ve benzer olsalar da asl\u0131nda chorus, flanger ve phaser\u2026","rel":"","context":"In &quot;Ses ve M\u00fczik Teknolojileri&quot;","img":{"alt_text":"","src":"https:\/\/i0.wp.com\/www.ufukonen.com\/tr\/wp-content\/uploads\/Chorus_Flanger_Phaser_00_Header.jpg?resize=350%2C200&ssl=1","width":350,"height":200},"classes":[]},{"id":4645,"url":"https:\/\/www.ufukonen.com\/tr\/lookahead-ozelligi.html","url_meta":{"origin":6836,"position":2},"title":"Kompres\u00f6r \/ Limiter Lookahead \u00d6zelli\u011fi","date":"March 25, 2019","format":false,"excerpt":"Kompres\u00f6r veya limiter \u00fczerindeki attack parametresini ne kadar k\u0131sa bir s\u00fcreye ayarlarsak ayarlayal\u0131m, bazen sinyaldeki \u00e7ok h\u0131zl\u0131 y\u00fckselmeler, di\u011fer bir deyi\u015fle ani olarak olu\u015fan peak noktalar\u0131, kompres\u00f6r veya limiter'a yakalanmadan \"ka\u00e7abiliyor\".\u00a0Baz\u0131 kompres\u00f6r ve limiter'lar\u0131n \u00fczerinde bulunan lookahead \u00f6zelli\u011fi ile bu ka\u00e7aklar\u0131 \u00f6nlemek m\u00fcmk\u00fcn olabiliyor. Lookahead \u00d6zelli\u011fi Nedir? Lookahead (veya 'look-ahead')\u2026","rel":"","context":"In &quot;Ses ve M\u00fczik Teknolojileri&quot;","img":{"alt_text":"","src":"https:\/\/i0.wp.com\/www.ufukonen.com\/tr\/wp-content\/uploads\/Lookahead_Ozelligi.jpg?resize=350%2C200&ssl=1","width":350,"height":200},"classes":[]},{"id":7572,"url":"https:\/\/www.ufukonen.com\/tr\/vokal-kaydinda-kulaklik-reverb-delay.html","url_meta":{"origin":6836,"position":3},"title":"Vokal Kayd\u0131nda Kulakl\u0131k \u0130\u00e7in Reverb ve Delay Kullan\u0131m\u0131","date":"September 5, 2022","format":false,"excerpt":"\"DAW ve Latency\" ba\u015fl\u0131kl\u0131 yaz\u0131mda kay\u0131t yapan m\u00fczisyenin kendini kulakl\u0131kta gecikmeli duymamas\u0131 i\u00e7in \u00e7\u00f6z\u00fcm yollar\u0131ndan birinin ses kart\u0131n\u0131n \u00fczerinde bulunan \"zero latency monitoring\" ya da \"input monitoring\" olarak adland\u0131r\u0131lan \u00f6zelli\u011fini kullanmak oldu\u011funu yazm\u0131\u015ft\u0131m. Diyelim ki zero latency monitoring \u00f6zelli\u011fini kullanarak vokal kayd\u0131 yap\u0131yorsunuz ve vokalist kulakl\u0131\u011f\u0131na reverb istedi\u2026. E\u011fer ses\u2026","rel":"","context":"In &quot;M\u00fczik Prod\u00fcksiyonu&quot;","img":{"alt_text":"","src":"https:\/\/i0.wp.com\/www.ufukonen.com\/tr\/wp-content\/uploads\/Vokal_Kaydi_Kulaklik_Reverb_Delay_00_Header.jpg?resize=350%2C200&ssl=1","width":350,"height":200},"classes":[]},{"id":3639,"url":"https:\/\/www.ufukonen.com\/tr\/reverb-decay-pre-delay.html","url_meta":{"origin":6836,"position":4},"title":"Reverb \u00dczerindeki Decay ve Pre-Delay Parametrelerinin Ayarlanmas\u0131","date":"February 5, 2018","format":false,"excerpt":"Reverb \u00fczerindeki decay ve pre-delay parametreleri par\u00e7an\u0131n temposuna g\u00f6re ayarlan\u0131rsa reverb'\u00fcn sesi \u00e7amurlu bir hale getirmeden ve mikste kar\u0131\u015f\u0131kl\u0131k yaratmadan m\u00fczi\u011fin i\u00e7ine oturmas\u0131 \u00e7ok daha kolay olur. Profesyonel miks m\u00fchendisleri mikslerinde reverb kullan\u0131rken \u00f6zellikle bu iki parametreye \u00e7ok dikkat ederler. \u00a0 Decay Decay parametresini par\u00e7an\u0131n temposuna g\u00f6re ayarlaman\u0131n iki yolu\u2026","rel":"","context":"In &quot;M\u00fczik Prod\u00fcksiyonu&quot;","img":{"alt_text":"","src":"https:\/\/i0.wp.com\/www.ufukonen.com\/tr\/wp-content\/uploads\/Reverb_Decay_Pre-Delay.jpg?resize=350%2C200&ssl=1","width":350,"height":200},"classes":[]},{"id":6157,"url":"https:\/\/www.ufukonen.com\/tr\/trampet-reverb-bir-tuyo.html","url_meta":{"origin":6836,"position":5},"title":"Trampet ve Reverb: Bir T\u00fcyo","date":"November 2, 2020","format":false,"excerpt":"Bir\u00e7ok mikste en y\u00fcksek seviyeli \u00f6gelerden biri trampet oluyor. Kendi seviyesi oldu\u011fu kadar reverb seviyesi de olduk\u00e7a y\u00fcksek oluyor. Bu durumda trampet i\u00e7in kulland\u0131\u011f\u0131n\u0131z reverb'\u00fcn miksi \u00e7amurlu bir hale getirmesini ve kar\u0131\u015f\u0131kl\u0131\u011fa yol a\u00e7mas\u0131n\u0131 \u00f6nlemek \u00e7ok \u00f6nemli bir hale geliyor. Bu noktada kulland\u0131\u011f\u0131n\u0131z reverb program\u0131n\u0131n reverb s\u00fcresi (reverb time) devreye\u2026","rel":"","context":"In &quot;M\u00fczik Prod\u00fcksiyonu&quot;","img":{"alt_text":"","src":"https:\/\/i0.wp.com\/www.ufukonen.com\/tr\/wp-content\/uploads\/Trampet_Reverb_Bir_Tuyo_0_Header.jpg?resize=350%2C200&ssl=1","width":350,"height":200},"classes":[]}],"_links":{"self":[{"href":"https:\/\/www.ufukonen.com\/tr\/wp-json\/wp\/v2\/posts\/6836"}],"collection":[{"href":"https:\/\/www.ufukonen.com\/tr\/wp-json\/wp\/v2\/posts"}],"about":[{"href":"https:\/\/www.ufukonen.com\/tr\/wp-json\/wp\/v2\/types\/post"}],"author":[{"embeddable":true,"href":"https:\/\/www.ufukonen.com\/tr\/wp-json\/wp\/v2\/users\/2"}],"replies":[{"embeddable":true,"href":"https:\/\/www.ufukonen.com\/tr\/wp-json\/wp\/v2\/comments?post=6836"}],"version-history":[{"count":6,"href":"https:\/\/www.ufukonen.com\/tr\/wp-json\/wp\/v2\/posts\/6836\/revisions"}],"predecessor-version":[{"id":6863,"href":"https:\/\/www.ufukonen.com\/tr\/wp-json\/wp\/v2\/posts\/6836\/revisions\/6863"}],"wp:featuredmedia":[{"embeddable":true,"href":"https:\/\/www.ufukonen.com\/tr\/wp-json\/wp\/v2\/media\/6838"}],"wp:attachment":[{"href":"https:\/\/www.ufukonen.com\/tr\/wp-json\/wp\/v2\/media?parent=6836"}],"wp:term":[{"taxonomy":"category","embeddable":true,"href":"https:\/\/www.ufukonen.com\/tr\/wp-json\/wp\/v2\/categories?post=6836"},{"taxonomy":"post_tag","embeddable":true,"href":"https:\/\/www.ufukonen.com\/tr\/wp-json\/wp\/v2\/tags?post=6836"}],"curies":[{"name":"wp","href":"https:\/\/api.w.org\/{rel}","templated":true}]}}