{"id":6844,"date":"2021-09-13T01:00:00","date_gmt":"2021-09-12T22:00:00","guid":{"rendered":"https:\/\/www.ufukonen.com\/tr\/?p=6844"},"modified":"2022-10-21T22:27:20","modified_gmt":"2022-10-21T19:27:20","slug":"favori-kompresor-plugin","status":"publish","type":"post","link":"https:\/\/www.ufukonen.com\/tr\/favori-kompresor-plugin.html","title":{"rendered":"Favori Kompres\u00f6r Plug-in&#8217;lerim"},"content":{"rendered":"\n<p>Bu yaz\u0131mda sizlerle en be\u011fendi\u011fim kompres\u00f6r plug-in&#8217;lerini payla\u015fmak istiyorum. Ba\u015flamadan \u00f6nce alt\u0131n\u0131 \u00e7izmek istedi\u011fim bir nokta var: Bu bir &#8220;en iyi kompres\u00f6r plug-in&#8217;leri listesi&#8221; de\u011fil. Bu, benim be\u011fendi\u011fim plug-in&#8217;lerden olu\u015fan tamamen \u015fahsi bir liste. Buradakilerin en iyi oldu\u011fu gibi bir iddiam yok. Di\u011fer yandan, bunun geli\u015fig\u00fczel haz\u0131rlanm\u0131\u015f bir liste olmad\u0131\u011f\u0131n\u0131, bu se\u00e7imleri y\u0131llar\u0131n tecr\u00fcbesi ile yapt\u0131\u011f\u0131m\u0131 da belirtmek isterim.<\/p>\n\n\n\n<p>\u015eimdi gelelim listeye\u2026<\/p>\n\n\n\n<div style=\"height:20px\" aria-hidden=\"true\" class=\"wp-block-spacer\"><\/div>\n\n\n\n<h3>DAW \u0130\u00e7indeki Stok Kompres\u00f6r Plug-in&#8217;i<\/h3>\n\n\n\n<figure class=\"wp-block-image size-large\"><img loading=\"lazy\" width=\"1024\" height=\"765\" src=\"https:\/\/www.ufukonen.com\/tr\/wp-content\/uploads\/Davul_Alt_Miksi_Kompresor_01-1024x765.jpg\" alt=\"\" class=\"wp-image-6735\" srcset=\"https:\/\/www.ufukonen.com\/tr\/wp-content\/uploads\/Davul_Alt_Miksi_Kompresor_01-1024x765.jpg 1024w, https:\/\/www.ufukonen.com\/tr\/wp-content\/uploads\/Davul_Alt_Miksi_Kompresor_01-300x224.jpg 300w, https:\/\/www.ufukonen.com\/tr\/wp-content\/uploads\/Davul_Alt_Miksi_Kompresor_01-768x573.jpg 768w, https:\/\/www.ufukonen.com\/tr\/wp-content\/uploads\/Davul_Alt_Miksi_Kompresor_01-552x412.jpg 552w, https:\/\/www.ufukonen.com\/tr\/wp-content\/uploads\/Davul_Alt_Miksi_Kompresor_01.jpg 1050w\" sizes=\"(max-width: 1024px) 100vw, 1024px\" \/><\/figure>\n\n\n\n<p>Her DAW&#8217;\u0131n i\u00e7inde en az bir adet stok kompres\u00f6r plug-in&#8217;i bulunuyor ve g\u00f6rd\u00fc\u011f\u00fcm kadar\u0131yla bunlar\u0131n hemen hemen hepsi olduk\u00e7a iyi plug-in&#8217;ler. Benim DAW tercihim Pro Tools. Y\u0131llardan beri Pro Tools ile birlikte gelen kompres\u00f6r plug-in&#8217;ini kullan\u0131yorum, \u00e7ok da memnunum. \u00dczerinde detayl\u0131 ayar yapmak i\u00e7in ihtiyac\u0131m olan t\u00fcm parametreler var. Sidechain \u00f6zelli\u011fi de mevcut. Sidechain kap\u0131s\u0131na ba\u011fl\u0131 filtre de var. Yaz\u0131lar\u0131m\u0131 takip edenler bilirler, sidechain uygulamalar\u0131na ve tekniklerine b\u00fcy\u00fck \u00f6nem veririm. G\u00f6z atmak isterseniz <a rel=\"noreferrer noopener\" href=\"https:\/\/www.ufukonen.com\/tr\/?s=sidechain\" target=\"_blank\">buraya t\u0131klay\u0131n<\/a>. <\/p>\n\n\n\n<p>T\u00fcm bu \u00f6zellikleri masaya yat\u0131r\u0131nca Pro Tools&#8217;un stok kompres\u00f6r plug-in&#8217;i Dyn3 benim i\u00e7in y\u0131llardan beri cazip bir se\u00e7enek olmaya devam ediyor.<\/p>\n\n\n\n<figure class=\"wp-block-image size-large\"><img loading=\"lazy\" width=\"1024\" height=\"721\" src=\"https:\/\/www.ufukonen.com\/tr\/wp-content\/uploads\/Davul_Alt_Miksi_Kompresor_02-1024x721.jpg\" alt=\"\" class=\"wp-image-6736\" srcset=\"https:\/\/www.ufukonen.com\/tr\/wp-content\/uploads\/Davul_Alt_Miksi_Kompresor_02-1024x721.jpg 1024w, https:\/\/www.ufukonen.com\/tr\/wp-content\/uploads\/Davul_Alt_Miksi_Kompresor_02-300x211.jpg 300w, https:\/\/www.ufukonen.com\/tr\/wp-content\/uploads\/Davul_Alt_Miksi_Kompresor_02-768x541.jpg 768w, https:\/\/www.ufukonen.com\/tr\/wp-content\/uploads\/Davul_Alt_Miksi_Kompresor_02-552x389.jpg 552w, https:\/\/www.ufukonen.com\/tr\/wp-content\/uploads\/Davul_Alt_Miksi_Kompresor_02.jpg 1050w\" sizes=\"(max-width: 1024px) 100vw, 1024px\" \/><\/figure>\n\n\n\n<p>Pro Tools&#8217;un yan\u0131 s\u0131ra ba\u015fka DAW&#8217;lar da kullan\u0131yorum. Kulland\u0131\u011f\u0131m bu di\u011fer DAW&#8217;lar\u0131n ba\u015f\u0131nda ise Logic Pro geliyor. T\u0131pk\u0131 Pro Tools&#8217;ta oldu\u011fu gibi Logic Pro i\u00e7inde de gayet ba\u015far\u0131l\u0131 bir stok kompres\u00f6r plug-in&#8217;i var. \u00dczerinde detayl\u0131 ayar yapman\u0131z\u0131 sa\u011flayacak her parametre mevcut. Sidechain kap\u0131s\u0131 da var. T\u00fcm bunlara ek olarak, VCA, FET ve Opto gibi farkl\u0131 kompresyon tipleri de sunuyor.<\/p>\n\n\n\n<div style=\"height:25px\" aria-hidden=\"true\" class=\"wp-block-spacer\"><\/div>\n\n\n\n<h3>Waves Renaissance Compressor<\/h3>\n\n\n\n<figure class=\"wp-block-image size-large\"><img loading=\"lazy\" width=\"700\" height=\"1024\" src=\"https:\/\/www.ufukonen.com\/tr\/wp-content\/uploads\/Waves_Renaissance_Compressor-700x1024.jpg\" alt=\"\" class=\"wp-image-6853\" srcset=\"https:\/\/www.ufukonen.com\/tr\/wp-content\/uploads\/Waves_Renaissance_Compressor-700x1024.jpg 700w, https:\/\/www.ufukonen.com\/tr\/wp-content\/uploads\/Waves_Renaissance_Compressor-205x300.jpg 205w, https:\/\/www.ufukonen.com\/tr\/wp-content\/uploads\/Waves_Renaissance_Compressor-768x1124.jpg 768w, https:\/\/www.ufukonen.com\/tr\/wp-content\/uploads\/Waves_Renaissance_Compressor-1050x1536.jpg 1050w, https:\/\/www.ufukonen.com\/tr\/wp-content\/uploads\/Waves_Renaissance_Compressor-552x808.jpg 552w, https:\/\/www.ufukonen.com\/tr\/wp-content\/uploads\/Waves_Renaissance_Compressor.jpg 1106w\" sizes=\"(max-width: 700px) 100vw, 700px\" \/><\/figure>\n\n\n\n<p>Tam bir klasik\u2026 Hala \u00e7ok severek kullan\u0131yorum. Kullan\u0131m\u0131 \u00e7ok pratik. Vokal ve enstr\u00fcmanlar i\u00e7in kolayca harika sonu\u00e7lar alabiliyorsunuz. Y\u00fczlerce hit par\u00e7an\u0131n miksinde kullan\u0131lm\u0131\u015f olmas\u0131 bo\u015fa de\u011fil. Aray\u00fcz\u00fc \u00e7ok eski kalm\u0131\u015ft\u0131, neyse ki Waves 2019 y\u0131l\u0131nda tasar\u0131m\u0131 yeniledi. Waves&#8217;in sitesinden s\u0131k\u0131 bir indirim yakalay\u0131p olduk\u00e7a hesapl\u0131 bir fiyata edinebilirsiniz.<\/p>\n\n\n\n<p>Link: <a href=\"https:\/\/www.waves.com\/plugins\/renaissance-compressor\" target=\"_blank\" rel=\"noreferrer noopener\">Waves Renaissance Compressor <\/a><\/p>\n\n\n\n<div style=\"height:25px\" aria-hidden=\"true\" class=\"wp-block-spacer\"><\/div>\n\n\n\n<h3>Klanghelm MJUC Jr.<\/h3>\n\n\n\n<figure class=\"wp-block-image size-large\"><img loading=\"lazy\" width=\"773\" height=\"318\" src=\"https:\/\/www.ufukonen.com\/tr\/wp-content\/uploads\/MJUCjr.jpg\" alt=\"\" class=\"wp-image-2273\" srcset=\"https:\/\/www.ufukonen.com\/tr\/wp-content\/uploads\/MJUCjr.jpg 773w, https:\/\/www.ufukonen.com\/tr\/wp-content\/uploads\/MJUCjr-300x123.jpg 300w\" sizes=\"(max-width: 773px) 100vw, 773px\" \/><\/figure>\n\n\n\n<p>Bu kompres\u00f6r\u00fcn tasar\u0131m\u0131 \u201cvariable-mu\u201d olarak adland\u0131r\u0131lan de\u011fi\u015fken kazan\u00e7l\u0131 t\u00fcpl\u00fc analog kompres\u00f6rlere dayan\u0131yor. \u201cVariable\u201d, \u201cde\u011fi\u015fken\u201d; \u201cmu\u201d ise hi-fi dilinde \u201ckazan\u00e7\u201d anlam\u0131na geliyor. T\u00fcpl\u00fc kompres\u00f6rler, sinyale kendilerine \u00f6zg\u00fc bozulma ya da renk katmalar\u0131ndan dolay\u0131 tercih ediliyorlar. En \u00fcnl\u00fc de\u011fi\u015fken kazan\u00e7l\u0131 t\u00fcpl\u00fc kompres\u00f6rler aras\u0131nda Manley Variable Mu, Fairchild 660 ve Fairchild 670\u2019i sayabiliriz.<\/p>\n\n\n\n<p>Variable-Mu, Manley Labs firmas\u0131 \u00fczerine kay\u0131tl\u0131 bir marka oldu\u011fu i\u00e7in Klanghelm, MJUC jr. kompres\u00f6r\u00fcn\u00fc \u201cvariable tube compressor\u201d olarak s\u0131n\u0131fland\u0131rm\u0131\u015f.<\/p>\n\n\n\n<p>Kalitesini ve fiyat\u0131n\u0131 (\u00fccretsiz oldu\u011funu) g\u00f6z \u00f6n\u00fcne ald\u0131\u011f\u0131m\u0131zda fiyat \/ performans a\u00e7\u0131s\u0131ndan daha iyisini bulmak olduk\u00e7a zor!<\/p>\n\n\n\n<p>Link: <a href=\"https:\/\/klanghelm.com\/contents\/products\/MJUCjr.php\">Klanghelm MJUC Jr.<\/a><\/p>\n\n\n\n<p>MJUC Jr.&#8217;\u0131n bir de &#8216;junior&#8217; olmayan ek \u00f6zelliklere sahip bir modeli var. Fiyat\u0131 da olduk\u00e7a uygun. G\u00f6z atman\u0131z\u0131 tavsiye ederim.<\/p>\n\n\n\n<p>Link: <a href=\"https:\/\/klanghelm.com\/contents\/products\/MJUC.html\" target=\"_blank\" rel=\"noreferrer noopener\">Klanghelm MJUC<\/a><\/p>\n\n\n\n<div style=\"height:25px\" aria-hidden=\"true\" class=\"wp-block-spacer\"><\/div>\n\n\n\n<h3>Waves CLA Classic Compressors<\/h3>\n\n\n\n<figure class=\"wp-block-image size-large\"><img loading=\"lazy\" width=\"1024\" height=\"427\" src=\"https:\/\/www.ufukonen.com\/tr\/wp-content\/uploads\/1176_All_Button_Mode_03-1024x427.jpg\" alt=\"\" class=\"wp-image-6832\" srcset=\"https:\/\/www.ufukonen.com\/tr\/wp-content\/uploads\/1176_All_Button_Mode_03-1024x427.jpg 1024w, https:\/\/www.ufukonen.com\/tr\/wp-content\/uploads\/1176_All_Button_Mode_03-300x125.jpg 300w, https:\/\/www.ufukonen.com\/tr\/wp-content\/uploads\/1176_All_Button_Mode_03-768x320.jpg 768w, https:\/\/www.ufukonen.com\/tr\/wp-content\/uploads\/1176_All_Button_Mode_03-1536x640.jpg 1536w, https:\/\/www.ufukonen.com\/tr\/wp-content\/uploads\/1176_All_Button_Mode_03-1140x475.jpg 1140w, https:\/\/www.ufukonen.com\/tr\/wp-content\/uploads\/1176_All_Button_Mode_03-552x230.jpg 552w, https:\/\/www.ufukonen.com\/tr\/wp-content\/uploads\/1176_All_Button_Mode_03.jpg 1920w\" sizes=\"(max-width: 1024px) 100vw, 1024px\" \/><\/figure>\n\n\n\n<p>CLA Classic Compressors, Waves&#8217;in Chris Lord-Alge imzal\u0131 klasik kompres\u00f6r plug-in&#8217;lerinden olu\u015fan bir paket. Paketin i\u00e7inde \u00fc\u00e7 plug-in var: CLA-2A, CLA-3A ve CLA-76.<\/p>\n\n\n\n<figure class=\"wp-block-image size-large\"><img loading=\"lazy\" width=\"1024\" height=\"483\" src=\"https:\/\/www.ufukonen.com\/tr\/wp-content\/uploads\/Waves_CLA-2A-1024x483.jpg\" alt=\"\" class=\"wp-image-6854\" srcset=\"https:\/\/www.ufukonen.com\/tr\/wp-content\/uploads\/Waves_CLA-2A-1024x483.jpg 1024w, https:\/\/www.ufukonen.com\/tr\/wp-content\/uploads\/Waves_CLA-2A-300x142.jpg 300w, https:\/\/www.ufukonen.com\/tr\/wp-content\/uploads\/Waves_CLA-2A-768x362.jpg 768w, https:\/\/www.ufukonen.com\/tr\/wp-content\/uploads\/Waves_CLA-2A-1536x725.jpg 1536w, https:\/\/www.ufukonen.com\/tr\/wp-content\/uploads\/Waves_CLA-2A-1140x538.jpg 1140w, https:\/\/www.ufukonen.com\/tr\/wp-content\/uploads\/Waves_CLA-2A-552x260.jpg 552w, https:\/\/www.ufukonen.com\/tr\/wp-content\/uploads\/Waves_CLA-2A.jpg 1920w\" sizes=\"(max-width: 1024px) 100vw, 1024px\" \/><\/figure>\n\n\n\n<p>CLA-2A, efsane Teletronix LA-2A&#8217;den modellenmi\u015f lambal\u0131 \u00e7\u0131k\u0131\u015fa sahip elektro-optik bir kompres\u00f6r. LA-2A, kompres\u00f6r fonksiyonunun yan\u0131 s\u0131ra sinyale katt\u0131\u011f\u0131 s\u0131cakl\u0131k ve ton sebebi ile y\u0131llar boyunca say\u0131s\u0131z par\u00e7an\u0131n vokal, gitar ve bas gitar kanallar\u0131nda kullan\u0131ld\u0131, kullan\u0131lmaya da devam ediyor.<\/p>\n\n\n\n<figure class=\"wp-block-image size-large\"><img loading=\"lazy\" width=\"1024\" height=\"691\" src=\"https:\/\/www.ufukonen.com\/tr\/wp-content\/uploads\/Waves_CLA-3A-1024x691.jpg\" alt=\"\" class=\"wp-image-6855\" srcset=\"https:\/\/www.ufukonen.com\/tr\/wp-content\/uploads\/Waves_CLA-3A-1024x691.jpg 1024w, https:\/\/www.ufukonen.com\/tr\/wp-content\/uploads\/Waves_CLA-3A-300x203.jpg 300w, https:\/\/www.ufukonen.com\/tr\/wp-content\/uploads\/Waves_CLA-3A-768x518.jpg 768w, https:\/\/www.ufukonen.com\/tr\/wp-content\/uploads\/Waves_CLA-3A-1140x770.jpg 1140w, https:\/\/www.ufukonen.com\/tr\/wp-content\/uploads\/Waves_CLA-3A-552x373.jpg 552w, https:\/\/www.ufukonen.com\/tr\/wp-content\/uploads\/Waves_CLA-3A.jpg 1280w\" sizes=\"(max-width: 1024px) 100vw, 1024px\" \/><\/figure>\n\n\n\n<p>CLA-3A, 1970&#8217;li y\u0131llar\u0131n transist\u00f6rl\u00fc kompres\u00f6rleri \u00fczerinden modellenmi\u015f bir plug-in. Tepki s\u00fcresi CLA-2A&#8217;e g\u00f6re daha h\u0131zl\u0131. Sinyale az miktarda armonik bozulma (harmonic distortion) kat\u0131yor, bu da bu kompres\u00f6r\u00fcn adeta imzas\u0131 olmu\u015f durumda. Bas gitarda harika sonu\u00e7lar veriyor.<\/p>\n\n\n\n<figure class=\"wp-block-image size-large\"><img loading=\"lazy\" width=\"1024\" height=\"422\" src=\"https:\/\/www.ufukonen.com\/tr\/wp-content\/uploads\/Waves_CLA-76_Blacky-1024x422.jpg\" alt=\"\" class=\"wp-image-6856\" srcset=\"https:\/\/www.ufukonen.com\/tr\/wp-content\/uploads\/Waves_CLA-76_Blacky-1024x422.jpg 1024w, https:\/\/www.ufukonen.com\/tr\/wp-content\/uploads\/Waves_CLA-76_Blacky-300x124.jpg 300w, https:\/\/www.ufukonen.com\/tr\/wp-content\/uploads\/Waves_CLA-76_Blacky-768x317.jpg 768w, https:\/\/www.ufukonen.com\/tr\/wp-content\/uploads\/Waves_CLA-76_Blacky-1536x634.jpg 1536w, https:\/\/www.ufukonen.com\/tr\/wp-content\/uploads\/Waves_CLA-76_Blacky-1140x470.jpg 1140w, https:\/\/www.ufukonen.com\/tr\/wp-content\/uploads\/Waves_CLA-76_Blacky-552x228.jpg 552w, https:\/\/www.ufukonen.com\/tr\/wp-content\/uploads\/Waves_CLA-76_Blacky.jpg 1920w\" sizes=\"(max-width: 1024px) 100vw, 1024px\" \/><\/figure>\n\n\n\n<p>CLA-76, gelmi\u015f ge\u00e7mi\u015f en \u00fcnl\u00fc kompres\u00f6rlerden biri olan Urei 1176 \u00fczerinden modellenmi\u015f bir plug-in. 1176, FET tasar\u0131m\u0131 sayesinde \u00e7ok h\u0131zl\u0131 attack s\u00fcresine sahip. Bu sebepten dolay\u0131 davul ve vurmal\u0131 \u00e7alg\u0131lar i\u00e7in ideal bir kompres\u00f6r. CLA-76 paketi i\u00e7inde iki farkl\u0131 model bulunuyor: &#8220;Blacky&#8221; ve &#8220;Bluey&#8221;. Blacky biraz daha yumu\u015fak bir tepkiye sahip, bir de dip g\u00fcr\u00fclt\u00fcs\u00fc daha az. Bluey ise, deyim yerindeyse, biraz daha &#8220;k\u00f6\u015feli&#8221; bir ses sahip.<\/p>\n\n\n\n<p>Waves, CLA-76&#8217;y\u0131 modellerken Urei 1176&#8217;\u0131n en kendine has \u00f6zelliklerinden biri olan &#8216;All-Button Mode&#8217;du da dahil etmi\u015f. All-Button Mode nedir diye merak ediyorsan\u0131z <a href=\"https:\/\/www.ufukonen.com\/tr\/1176-all-button-mode.html\" target=\"_blank\" rel=\"noreferrer noopener\">buraya t\u0131klayabilirsiniz<\/a>.<\/p>\n\n\n\n<p>Link: <a href=\"https:\/\/www.waves.com\/bundles\/cla-classic-compressors\" target=\"_blank\" rel=\"noreferrer noopener\">Waves CLA Classic Compressors<\/a><\/p>\n\n\n\n<div style=\"height:25px\" aria-hidden=\"true\" class=\"wp-block-spacer\"><\/div>\n\n\n\n<h3>Waves MV2<\/h3>\n\n\n\n<figure class=\"wp-block-image size-large\"><img loading=\"lazy\" width=\"947\" height=\"1024\" src=\"https:\/\/www.ufukonen.com\/tr\/wp-content\/uploads\/Waves_MV2-947x1024.jpg\" alt=\"\" class=\"wp-image-6857\" srcset=\"https:\/\/www.ufukonen.com\/tr\/wp-content\/uploads\/Waves_MV2-947x1024.jpg 947w, https:\/\/www.ufukonen.com\/tr\/wp-content\/uploads\/Waves_MV2-277x300.jpg 277w, https:\/\/www.ufukonen.com\/tr\/wp-content\/uploads\/Waves_MV2-768x831.jpg 768w, https:\/\/www.ufukonen.com\/tr\/wp-content\/uploads\/Waves_MV2-552x597.jpg 552w, https:\/\/www.ufukonen.com\/tr\/wp-content\/uploads\/Waves_MV2.jpg 1089w\" sizes=\"(max-width: 947px) 100vw, 947px\" \/><\/figure>\n\n\n\n<p>Bu plug-in&#8217;de iki farkl\u0131 kompres\u00f6r varm\u0131\u015f gibi d\u00fc\u015f\u00fcnebilirsiniz: Low level kompres\u00f6r ve high level kompres\u00f6r. Low level olana bir &#8220;upward compressor&#8221; olarak yakla\u015fabilirsiniz. Sinyal threshold seviyesinin alt\u0131na d\u00fc\u015ft\u00fc\u011f\u00fcnde seviyeyi y\u00fckseltiyor. High level olan ise standart bir kompres\u00f6r. Sinyal threshold seviyesinin \u00fczerine \u00e7\u0131kt\u0131\u011f\u0131nda seviyeyi azalt\u0131yor.<\/p>\n\n\n\n<p>MV2 genelde g\u00f6zden ka\u00e7an bir plug-in&#8217;dir. E\u011fer sizin de g\u00f6z\u00fcn\u00fcden ka\u00e7t\u0131ysa denemenizi mutlaka tavsiye ederim.<\/p>\n\n\n\n<p>Link: <a href=\"https:\/\/www.waves.com\/plugins\/mv2\" target=\"_blank\" rel=\"noreferrer noopener\">Waves MV2<\/a><\/p>\n\n\n\n<div style=\"height:25px\" aria-hidden=\"true\" class=\"wp-block-spacer\"><\/div>\n\n\n\n<h3>Tokyo Dawn Labs TDR Kotelnikov<\/h3>\n\n\n\n<figure class=\"wp-block-image size-large\"><img loading=\"lazy\" width=\"601\" height=\"252\" src=\"https:\/\/www.ufukonen.com\/tr\/wp-content\/uploads\/Kotelnikov.jpg\" alt=\"\" class=\"wp-image-2382\" srcset=\"https:\/\/www.ufukonen.com\/tr\/wp-content\/uploads\/Kotelnikov.jpg 601w, https:\/\/www.ufukonen.com\/tr\/wp-content\/uploads\/Kotelnikov-300x126.jpg 300w\" sizes=\"(max-width: 601px) 100vw, 601px\" \/><\/figure>\n\n\n\n<p>&#8220;<a href=\"https:\/\/www.ufukonen.com\/tr\/ucretsiz-pluginler.html\" target=\"_blank\" rel=\"noreferrer noopener\">\u00dccretsiz Plug-in&#8217;ler<\/a>&#8221; ad\u0131n\u0131 verdi\u011fim seriyi takip edenler bilir, bu plug-in&#8217;i 2016 y\u0131l\u0131nda, serinin ikinci yaz\u0131s\u0131nda payla\u015fm\u0131\u015ft\u0131m.<\/p>\n\n\n\n<p>TDR Kotelnikov stereo bus \u00fczerinde kullanmaya uygun bir mastering kompres\u00f6r\u00fc. \u201cProudly digital\u201d (\u201cgururla dijital\u201d) konsepti ile tasarlanm\u0131\u015f, daha \u00f6nce varolan analog bir cihaz\u0131 em\u00fcle etmek yerine dijital platformda orijinal olarak geli\u015ftirilmi\u015f bir plug-in. H\u0131zl\u0131 bir \u015fekilde iyi sonu\u00e7lar elde etmek m\u00fcmk\u00fcn. \u2018Delta preview\u2019 modu ile s\u0131k\u0131\u015ft\u0131r\u0131lm\u0131\u015f ve s\u0131k\u0131\u015ft\u0131r\u0131lmam\u0131\u015f sinyal aras\u0131ndaki fark\u0131 inceleyebiliyorsunuz. Peak ve RMS i\u00e7in iki ayr\u0131 release parametresi var.<\/p>\n\n\n\n<p>T\u0131pk\u0131 MJUC Jr. gibi, TDR Kotelnikov&#8217;un kalitesini ve fiyat\u0131n\u0131 (\u00fccretsiz oldu\u011funu) g\u00f6z \u00f6n\u00fcne ald\u0131\u011f\u0131m\u0131zda fiyat \/ performans a\u00e7\u0131s\u0131ndan daha iyisini bulmak olduk\u00e7a zor!<\/p>\n\n\n\n<p>Link: <a href=\"https:\/\/www.tokyodawn.net\/tdr-kotelnikov\/\" target=\"_blank\" rel=\"noreferrer noopener\">Tokyo Dawn Labs TDR Kotelnikov<\/a><\/p>\n\n\n\n<p>TDR Kotelnikov&#8217;un bir de ek \u00f6zelliklere sahip GE (Gentlemen&#8217;s Edition) adl\u0131 bir versiyonu var.<\/p>\n\n\n\n<p>Link: <a href=\"https:\/\/www.tokyodawn.net\/tdr-kotelnikov-ge\/\" target=\"_blank\" rel=\"noreferrer noopener\">Tokyo Dawn Labs TDR Kotelnikov GE<\/a><\/p>\n\n\n\n<div style=\"height:25px\" aria-hidden=\"true\" class=\"wp-block-spacer\"><\/div>\n\n\n\n<h3>FabFilter Pro-C 2<\/h3>\n\n\n\n<figure class=\"wp-block-image size-large\"><img loading=\"lazy\" width=\"1024\" height=\"844\" src=\"https:\/\/www.ufukonen.com\/tr\/wp-content\/uploads\/FabFilter_ProC2-1024x844.jpg\" alt=\"\" class=\"wp-image-6858\" srcset=\"https:\/\/www.ufukonen.com\/tr\/wp-content\/uploads\/FabFilter_ProC2-1024x844.jpg 1024w, https:\/\/www.ufukonen.com\/tr\/wp-content\/uploads\/FabFilter_ProC2-300x247.jpg 300w, https:\/\/www.ufukonen.com\/tr\/wp-content\/uploads\/FabFilter_ProC2-768x633.jpg 768w, https:\/\/www.ufukonen.com\/tr\/wp-content\/uploads\/FabFilter_ProC2-1536x1266.jpg 1536w, https:\/\/www.ufukonen.com\/tr\/wp-content\/uploads\/FabFilter_ProC2-1140x940.jpg 1140w, https:\/\/www.ufukonen.com\/tr\/wp-content\/uploads\/FabFilter_ProC2-552x455.jpg 552w, https:\/\/www.ufukonen.com\/tr\/wp-content\/uploads\/FabFilter_ProC2.jpg 1680w\" sizes=\"(max-width: 1024px) 100vw, 1024px\" \/><\/figure>\n\n\n\n<p>\u0130\u00e7inde her \u00f6zellik olan modern bir kompres\u00f6r ar\u0131yorsan\u0131z Fabfilter Pro-C 2 tam size g\u00f6re: 8 farkl\u0131 kompres\u00f6r algoritmas\u0131, lookahead gain reduction, stereo link control, mid-side processing, sidechain, 4x oversampling ve di\u011ferleri\u2026<\/p>\n\n\n\n<p>Bu arada hemen belirteyim, bende bu plug-in yok. Listeye eklememin sebebi ise bu plug-in&#8217;e bir e\u011fitimci g\u00f6z\u00fcyle bak\u0131yor olmam. Yeni ba\u015flayanlar i\u00e7in kompres\u00f6r\u00fcn tam olarak ne yapt\u0131\u011f\u0131 anlamak olduk\u00e7a zor oluyor. Pro-C 2 kompresyon i\u015flemini \u00e7ok ba\u015far\u0131l\u0131 bir \u015fekilde g\u00f6rselle\u015ftiriyor. \u00d6\u011frencilerime Pro-C 2&#8217;nin demosunu indirip \u00e7e\u015fitli sinyaller \u00fczerinde denemeler yapmalar\u0131n\u0131 ve bu denemelerin sonu\u00e7lar\u0131n\u0131 Pro-C penceresinden g\u00f6rsel olarak takip etmelerini tavsiye ediyorum. Esas olan elbette kompres\u00f6r\u00fcn etkisini duyabilmek, g\u00f6rmek de\u011fil, ancak g\u00f6rsel destek \u00e7ok yard\u0131mc\u0131 oluyor.<\/p>\n\n\n\n<p>Link: <a href=\"https:\/\/www.fabfilter.com\/products\/pro-c-2-compressor-plug-in\" target=\"_blank\" rel=\"noreferrer noopener\">FabFilter Pro-C 2<\/a><\/p>\n\n\n\n<div style=\"height:25px\" aria-hidden=\"true\" class=\"wp-block-spacer\"><\/div>\n\n\n\n<h3>Universal Audio Empirical Labs EL8 Distressor<\/h3>\n\n\n\n<figure class=\"wp-block-image size-large\"><img loading=\"lazy\" width=\"1024\" height=\"366\" src=\"https:\/\/www.ufukonen.com\/tr\/wp-content\/uploads\/UniversalAudio_Distressor-1024x366.jpg\" alt=\"\" class=\"wp-image-6859\" srcset=\"https:\/\/www.ufukonen.com\/tr\/wp-content\/uploads\/UniversalAudio_Distressor-1024x366.jpg 1024w, https:\/\/www.ufukonen.com\/tr\/wp-content\/uploads\/UniversalAudio_Distressor-300x107.jpg 300w, https:\/\/www.ufukonen.com\/tr\/wp-content\/uploads\/UniversalAudio_Distressor-768x274.jpg 768w, https:\/\/www.ufukonen.com\/tr\/wp-content\/uploads\/UniversalAudio_Distressor-1536x549.jpg 1536w, https:\/\/www.ufukonen.com\/tr\/wp-content\/uploads\/UniversalAudio_Distressor-1140x407.jpg 1140w, https:\/\/www.ufukonen.com\/tr\/wp-content\/uploads\/UniversalAudio_Distressor-552x197.jpg 552w, https:\/\/www.ufukonen.com\/tr\/wp-content\/uploads\/UniversalAudio_Distressor.jpg 1920w\" sizes=\"(max-width: 1024px) 100vw, 1024px\" \/><\/figure>\n\n\n\n<p>Empirical Labs EL8 Distressor, 90&#8217;l\u0131 y\u0131llar\u0131n efsane kompres\u00f6rlerindendir. Sinyali kendine \u00f6zg\u00fc bir \u015fekilde bozar! Burada &#8220;bozma&#8221; kelimesini gayet pozitif anlamda kullan\u0131yorum. Distressor&#8217;\u0131n yapt\u0131\u011f\u0131 bu bozulma sadece sinyale distortion eklemek kadar basit bir \u015fey de\u011fil. Bu bozulma sesin hem &#8220;\u0131s\u0131r\u0131c\u0131&#8221; hale gelmesini hem de \u00f6ne f\u0131rlamas\u0131n\u0131 sa\u011fl\u0131yor.<\/p>\n\n\n\n<p>Distressor&#8217;\u0131 davuldan bas gitara, gitardan klavyeye kadar her enstr\u00fcmanda kullanmak m\u00fcmk\u00fcn. Vokalde paralel kompres\u00f6r olarak kullan\u0131ld\u0131\u011f\u0131nda da ger\u00e7ekten m\u00fcthi\u015f sonu\u00e7lar veriyor. 90&#8217;l\u0131 y\u0131llarda ilk dinledi\u011fimde ger\u00e7ekten \u00e7ok etkilenmi\u015ftim. Bence hala da \u00e7ok etkileyici.<\/p>\n\n\n\n<p>Distressor, Empirical Labs firmas\u0131 taraf\u0131ndan hardware \u00fcnite olarak hala \u00fcretiliyor. Distressor&#8217;\u0131n Empirical firmas\u0131n\u0131n onay\u0131 ile Universal Audio taraf\u0131ndan \u00fcretilmi\u015f bir de plug-in versiyonu var. Pahal\u0131 bir plug-in ama b\u00fct\u00e7eniz varsa \u015fiddetle tavsiye ederim. Linkteki ses \u00f6rneklerini mutlaka dinleyin.<\/p>\n\n\n\n<p>Link: <a href=\"https:\/\/www.uaudio.com\/uad-plugins\/compressors-limiters\/empirical-labs-el8-distressor-compressor.html\" target=\"_blank\" rel=\"noreferrer noopener\">Universal Audio Empirical Labs EL8 Distressor <\/a><\/p>\n\n\n\n<div style=\"height:50px\" aria-hidden=\"true\" class=\"wp-block-spacer\"><\/div>\n\n\n\n<p>Teknik terimler i\u00e7in <a href=\"http:\/\/www.ufukonen.com\/tr\/ses-kayit-muzik-teknolojisi-terimler-sozluk.html\">m\u00fczik teknolojisi, m\u00fczik prod\u00fcksiyonu ve ses kay\u0131t terimleri s\u00f6zl\u00fc\u011f\u00fcne<\/a> g\u00f6z atabilirsiniz.<\/p>\n\n\n\n<p>Benzer payla\u015f\u0131mlar i\u00e7in beni <a rel=\"noreferrer noopener\" href=\"https:\/\/www.facebook.com\/ufukonen.skmt\/\" target=\"_blank\">Facebook<\/a>, <a href=\"https:\/\/www.instagram.com\/ufukonen\/\" target=\"_blank\" rel=\"noreferrer noopener\" aria-label=\"Instagram (opens in a new tab)\">Instagram<\/a> ve <a rel=\"noreferrer noopener\" href=\"https:\/\/twitter.com\/UfukOnen\" target=\"_blank\">Twitter<\/a>&#8216;da takip edebilir, haberler i\u00e7in <a rel=\"noreferrer noopener\" href=\"http:\/\/ufukonen.com\/tr\/ses-kayit-muzik-teknolojisi-terimler-sozluk.html\" target=\"_blank\">mesaj listeme \u00fcye olabilirsiniz<\/a>. Te\u015fekk\u00fcrler.<\/p>\n\n\n\n<p>\u00a9 2021 Ufuk \u00d6nen. Her hakk\u0131 sakl\u0131d\u0131r. \u0130zinsiz kullan\u0131lamaz.<\/p>\n","protected":false},"excerpt":{"rendered":"<p class=\"post-excerpt\">Bu yaz\u0131mda sizlerle en be\u011fendi\u011fim kompres\u00f6r plug-in&#8217;lerini payla\u015fmak istiyorum. Ba\u015flamadan \u00f6nce alt\u0131n\u0131 \u00e7izmek istedi\u011fim bir nokta var: Bu bir &#8220;en&#8230;<\/p>\n","protected":false},"author":2,"featured_media":6860,"comment_status":"closed","ping_status":"open","sticky":false,"template":"","format":"standard","meta":{"_mi_skip_tracking":false,"spay_email":"","jetpack_publicize_message":"","jetpack_is_tweetstorm":false,"jetpack_publicize_feature_enabled":true},"categories":[18],"tags":[],"jetpack_featured_media_url":"https:\/\/www.ufukonen.com\/tr\/wp-content\/uploads\/Favori_Kompressor_Pluginlerim_00_Header.jpg","jetpack_publicize_connections":[],"jetpack_shortlink":"https:\/\/wp.me\/p3rjsG-1Mo","jetpack_sharing_enabled":true,"jetpack-related-posts":[{"id":7446,"url":"https:\/\/www.ufukonen.com\/tr\/kompresor-mini-rehber.html","url_meta":{"origin":6844,"position":0},"title":"Kompres\u00f6r: Mini Rehber","date":"June 27, 2022","format":false,"excerpt":"Kompres\u00f6r \u00fczerine daha \u00f6nce yazd\u0131\u011f\u0131m yaz\u0131lar\u0131 tek bir \u00e7at\u0131 alt\u0131nda toplay\u0131p bir mini rehber olu\u015fturdum. Linkleri ve a\u00e7\u0131klamalar\u0131 a\u015fa\u011f\u0131ya ekliyorum. Kompres\u00f6r\u00fcn \u00e7al\u0131\u015fma prensibi, \u00fczerindeki parametrelerin i\u015flevleri gibi temel bilgileri Ses Kay\u0131t ve M\u00fczik Teknolojileri adl\u0131 kitab\u0131mda bulabilirsiniz. \u0130yi okumalar! Kompres\u00f6r Attack S\u00fcresinin Sese Etkisini G\u00f6rselle\u015ftirecek Olursak\u2026 Attack s\u00fcresi, kompres\u00f6r \u00fczerindeki\u2026","rel":"","context":"In &quot;M\u00fczik Prod\u00fcksiyonu&quot;","img":{"alt_text":"","src":"https:\/\/i0.wp.com\/www.ufukonen.com\/tr\/wp-content\/uploads\/Kompresor_Mini_Rehber_00_Header.jpg?resize=350%2C200&ssl=1","width":350,"height":200},"classes":[]},{"id":5417,"url":"https:\/\/www.ufukonen.com\/tr\/kompresor-teknikleri-1-paralel.html","url_meta":{"origin":6844,"position":1},"title":"Kompres\u00f6r Teknikleri &#8211; 1. B\u00f6l\u00fcm: Paralel Kompres\u00f6r Kullan\u0131m\u0131","date":"January 27, 2020","format":false,"excerpt":"\u00dc\u00e7 b\u00f6l\u00fcml\u00fck bu yaz\u0131 dizisinde sizlerle s\u0131kl\u0131kla kullan\u0131lan \u00fc\u00e7 kompres\u00f6r tekni\u011fini payla\u015fmak istiyorum: Paralel, seri ve sidechain. \u015eu anda okumakta oldu\u011funuz ilk b\u00f6l\u00fcm paralel kompres\u00f6r kullan\u0131m\u0131 \u00fczerine. Di\u011fer iki b\u00f6l\u00fcme a\u015fa\u011f\u0131daki linklerden ula\u015fabilirsiniz: Kompres\u00f6r Teknikleri - 2. B\u00f6l\u00fcm: Seri Kompres\u00f6r Kullan\u0131m\u0131 Kompres\u00f6r Teknikleri - 3. B\u00f6l\u00fcm: Sidechain Kompres\u00f6r Kullan\u0131m\u0131 Bu\u2026","rel":"","context":"In &quot;M\u00fczik Prod\u00fcksiyonu&quot;","img":{"alt_text":"","src":"https:\/\/i0.wp.com\/www.ufukonen.com\/tr\/wp-content\/uploads\/Kompresor_Teknikleri_00_Header.jpg?resize=350%2C200&ssl=1","width":350,"height":200},"classes":[]},{"id":5235,"url":"https:\/\/www.ufukonen.com\/tr\/riding-the-fader-3.html","url_meta":{"origin":6844,"position":2},"title":"Riding the Fader ve Kompres\u00f6r Kullan\u0131m\u0131 (3. B\u00f6l\u00fcm)","date":"December 16, 2019","format":false,"excerpt":"Bu yaz\u0131 dizisi \u00fc\u00e7 b\u00f6l\u00fcmden olu\u015fmaktad\u0131r. Birinci b\u00f6l\u00fcm i\u00e7in t\u0131klay\u0131n\u0131z. \u0130kinci b\u00f6l\u00fcm i\u00e7in t\u0131klay\u0131n\u0131z. Aradaki Fark Yayg\u0131n kullan\u0131m \u015fekliyle kompres\u00f6r\u00fc fader \u00f6ncesine yerle\u015ftirdi\u011finizde asl\u0131nda riding the fader ile yapt\u0131\u011f\u0131n\u0131z i\u015fi daha kolayla\u015ft\u0131rm\u0131\u015f oluyorsunuz \u00e7\u00fcnk\u00fc seviye ayarlamalar\u0131n\u0131n bir k\u0131sm\u0131n\u0131, hatta belki b\u00fcy\u00fck bir k\u0131sm\u0131n\u0131, kompres\u00f6r yap\u0131yor oluyor. Di\u011fer yandan, bu \u015fekilde\u2026","rel":"","context":"In &quot;M\u00fczik Prod\u00fcksiyonu&quot;","img":{"alt_text":"","src":"https:\/\/i0.wp.com\/www.ufukonen.com\/tr\/wp-content\/uploads\/Riding_the_Fader_Header_3_720.jpg?resize=350%2C200&ssl=1","width":350,"height":200},"classes":[]},{"id":8136,"url":"https:\/\/www.ufukonen.com\/tr\/kompresor-kullaniminda-yapilan-7-yanlis.html","url_meta":{"origin":6844,"position":3},"title":"Kompres\u00f6r Kullan\u0131m\u0131nda Yap\u0131lan 7 Yanl\u0131\u015f","date":"November 13, 2023","format":false,"excerpt":"Bu yaz\u0131mda sizlerle \u00f6zellikle m\u00fczik prod\u00fcksiyonuna yeni ba\u015flayanlar\u0131n kompres\u00f6r kullan\u0131m\u0131nda s\u0131kl\u0131kla yapt\u0131\u011f\u0131 yedi yanl\u0131\u015f\u0131 payla\u015faca\u011f\u0131m. Bu yanl\u0131\u015flardan birini veya birka\u00e7\u0131n\u0131 siz de yap\u0131yor olabilirsiniz. Yap\u0131yorsan\u0131z sorun de\u011fil. Yanl\u0131\u015flar\u0131 d\u00fczeltmek o kadar da zor de\u011fil. \u00d6nemli olan yanl\u0131\u015f\u0131n yanl\u0131\u015f oldu\u011funu tespit edebilmek.\u00a0 Hemen ba\u015flayal\u0131m... 1. Ezberden veya Otomatik Olarak Kompres\u00f6r Kullanmak\u00a0\u2026","rel":"","context":"In &quot;M\u00fczik Prod\u00fcksiyonu&quot;","img":{"alt_text":"","src":"https:\/\/i0.wp.com\/www.ufukonen.com\/tr\/wp-content\/uploads\/Kompresor_Kullanirken_Yapilan_7_Yanlis_00_Header.jpg?resize=350%2C200&ssl=1","width":350,"height":200},"classes":[]},{"id":5418,"url":"https:\/\/www.ufukonen.com\/tr\/kompresor-teknikleri-2-seri.html","url_meta":{"origin":6844,"position":4},"title":"Kompres\u00f6r Teknikleri &#8211; 2. B\u00f6l\u00fcm: Seri Kompres\u00f6r Kullan\u0131m\u0131","date":"February 3, 2020","format":false,"excerpt":"Bu yaz\u0131 dizisi \u00fc\u00e7 b\u00f6l\u00fcmden olu\u015fmaktad\u0131r. \u015eu anda okumakta oldu\u011funuz ikinci b\u00f6l\u00fcm seri kompres\u00f6r kullan\u0131m\u0131 \u00fczerine. Di\u011fer iki b\u00f6l\u00fcme a\u015fa\u011f\u0131daki linklerden ula\u015fabilirsiniz: Kompres\u00f6r Teknikleri - 1. B\u00f6l\u00fcm: Paralel Kompres\u00f6r Kullan\u0131m\u0131Kompres\u00f6r Teknikleri - 3. B\u00f6l\u00fcm: Sidechain Kompres\u00f6r Kullan\u0131m\u0131 Bu teknikleri DAW i\u00e7inde nas\u0131l uygulayaca\u011f\u0131n\u0131z\u0131 Pro Tools ve Studio One ekran g\u00f6r\u00fcnt\u00fcleri\u2026","rel":"","context":"In &quot;M\u00fczik Prod\u00fcksiyonu&quot;","img":{"alt_text":"","src":"https:\/\/i0.wp.com\/www.ufukonen.com\/tr\/wp-content\/uploads\/Kompresor_Teknikleri_00_Header.jpg?resize=350%2C200&ssl=1","width":350,"height":200},"classes":[]},{"id":7267,"url":"https:\/\/www.ufukonen.com\/tr\/sidechain-kompresor-ducking.html","url_meta":{"origin":6844,"position":5},"title":"Sidechain Kompres\u00f6r ve Ducking Teknikleri Aras\u0131ndaki Fark","date":"March 14, 2022","format":false,"excerpt":"Sidechain kompres\u00f6r ve ducking tekniklerinin genelde ayn\u0131 \u015feyler olduklar\u0131 d\u00fc\u015f\u00fcn\u00fcl\u00fcyor. Asl\u0131nda bu \u00e7ok da \u015fa\u015f\u0131rt\u0131c\u0131 de\u011fil. Yapt\u0131klar\u0131 i\u015fler birbirlerine benziyor. Her iki teknikte de bir sinyalin seviyesi, ba\u015fka bir sinyale ba\u011fl\u0131 olarak azalt\u0131l\u0131yor. \u00d6rnek olarak radyo programlar\u0131nda m\u00fczi\u011fin seviyesinin DJ konu\u015furken otomatik olarak k\u0131s\u0131lmas\u0131, DJ\u2019in konu\u015fmas\u0131 bitti\u011finde de normal seviyesine\u2026","rel":"","context":"In &quot;Ses ve M\u00fczik Teknolojileri&quot;","img":{"alt_text":"","src":"https:\/\/i0.wp.com\/www.ufukonen.com\/tr\/wp-content\/uploads\/Sidechain_Kompresor_Ducking_00_Header.jpg?resize=350%2C200&ssl=1","width":350,"height":200},"classes":[]}],"_links":{"self":[{"href":"https:\/\/www.ufukonen.com\/tr\/wp-json\/wp\/v2\/posts\/6844"}],"collection":[{"href":"https:\/\/www.ufukonen.com\/tr\/wp-json\/wp\/v2\/posts"}],"about":[{"href":"https:\/\/www.ufukonen.com\/tr\/wp-json\/wp\/v2\/types\/post"}],"author":[{"embeddable":true,"href":"https:\/\/www.ufukonen.com\/tr\/wp-json\/wp\/v2\/users\/2"}],"replies":[{"embeddable":true,"href":"https:\/\/www.ufukonen.com\/tr\/wp-json\/wp\/v2\/comments?post=6844"}],"version-history":[{"count":8,"href":"https:\/\/www.ufukonen.com\/tr\/wp-json\/wp\/v2\/posts\/6844\/revisions"}],"predecessor-version":[{"id":7660,"href":"https:\/\/www.ufukonen.com\/tr\/wp-json\/wp\/v2\/posts\/6844\/revisions\/7660"}],"wp:featuredmedia":[{"embeddable":true,"href":"https:\/\/www.ufukonen.com\/tr\/wp-json\/wp\/v2\/media\/6860"}],"wp:attachment":[{"href":"https:\/\/www.ufukonen.com\/tr\/wp-json\/wp\/v2\/media?parent=6844"}],"wp:term":[{"taxonomy":"category","embeddable":true,"href":"https:\/\/www.ufukonen.com\/tr\/wp-json\/wp\/v2\/categories?post=6844"},{"taxonomy":"post_tag","embeddable":true,"href":"https:\/\/www.ufukonen.com\/tr\/wp-json\/wp\/v2\/tags?post=6844"}],"curies":[{"name":"wp","href":"https:\/\/api.w.org\/{rel}","templated":true}]}}