{"id":6887,"date":"2021-09-27T01:00:00","date_gmt":"2021-09-26T22:00:00","guid":{"rendered":"https:\/\/www.ufukonen.com\/tr\/?p=6887"},"modified":"2021-10-15T23:06:07","modified_gmt":"2021-10-15T20:06:07","slug":"multichannel-multimono-plugin","status":"publish","type":"post","link":"https:\/\/www.ufukonen.com\/tr\/multichannel-multimono-plugin.html","title":{"rendered":"Multichannel ve Multi-Mono Plug-in Kullan\u0131mlar\u0131 Aras\u0131ndaki Fark"},"content":{"rendered":"\n<p>Plug-in&#8217;ler, stereo kanallarda bir\u00e7ok ki\u015fi taraf\u0131ndan genelde multichannel olarak kullan\u0131l\u0131yor. Bu, baz\u0131lar\u0131 taraf\u0131ndan bilin\u00e7li olarak yap\u0131lan bir se\u00e7im ancak di\u011ferleri ise multi-mono ad\u0131 verilen ba\u015fka bir se\u00e7enek daha oldu\u011funun fark\u0131nda de\u011fil. Di\u011fer se\u00e7ene\u011fin fark\u0131na varanlarda ise ilk ba\u015fta bir kafa kar\u0131\u015f\u0131kl\u0131\u011f\u0131 oluyor. Multichannel ve multi-mono aras\u0131nda ne fark oldu\u011funu soruyorlar.<\/p>\n\n\n\n<div style=\"height:25px\" aria-hidden=\"true\" class=\"wp-block-spacer\"><\/div>\n\n\n\n<h3>Multichannel<\/h3>\n\n\n\n<p>Multichannel kullan\u0131mda plug-in \u00fczerinde yapt\u0131\u011f\u0131n\u0131z ayarlar hem sol hem de sa\u011f kanal\u0131 etkiliyor. \u00d6rnek olarak, stereo kanala insert etti\u011finiz bir EQ plug-in&#8217;i ile 325 Hz&#8217;i 3 dB azalt\u0131p, 8 kHz&#8217;i 2 dB art\u0131rd\u0131\u011f\u0131n\u0131zda hem sol hem de sa\u011f kanaldaki sinyalde 325 Hz&#8217;i 3 dB azalt\u0131p, 8 kHz&#8217;i 2 dB art\u0131rm\u0131\u015f oluyorsunuz. Sol ve sa\u011f kanallara ayr\u0131 ayr\u0131 m\u00fcdahale etme \u015fans\u0131n\u0131z olmuyor.<\/p>\n\n\n\n<div style=\"height:25px\" aria-hidden=\"true\" class=\"wp-block-spacer\"><\/div>\n\n\n\n<h3>Multi-Mono<\/h3>\n\n\n\n<p>Multi-mono plug-in kullan\u0131m\u0131nda stereo kanala insert etti\u011finiz plug-in ile sol ve sa\u011f kanallar \u00fczerinde ayr\u0131 ayr\u0131 i\u015flem yapabiliyorsunuz. Bu, sadece stereo i\u00e7in de\u011fil, daha fazla say\u0131da kanal bar\u0131nd\u0131ran 5.1 veya 7.1 surround kanal gruplar\u0131 i\u00e7in de ge\u00e7erli.<\/p>\n\n\n\n<p>\u00d6rnek olarak, stereo kanala insert etti\u011finiz multi-mono modda \u00e7al\u0131\u015fan bir EQ plug-in&#8217;i ile sol kanalda 325 Hz&#8217;i 3 dB azalt\u0131p, 8 kHz&#8217;i 2 dB art\u0131r\u0131rken sa\u011f kanalda ihtiyaca g\u00f6re 325 Hz&#8217;i belki biraz daha az k\u0131s\u0131p, 8 kHz&#8217;i yine 2 dB art\u0131rmak m\u00fcmk\u00fcn.<\/p>\n\n\n\n<p>Tabii frekanslar\u0131n ayn\u0131 olmas\u0131 gerekmiyor. Sol ve sa\u011f kanallara yapt\u0131\u011f\u0131n\u0131z m\u00fcdahaleler birbirlerinden tamamen ba\u011f\u0131ms\u0131z olabiliyor. Bir \u00f6nceki \u00f6rne\u011fimizden devam edecek olursak, se\u00e7ti\u011finiz frekanslar sol tarafta 325 Hz ile 8 kHz, sa\u011f tarafta ise 325 Hz, 870 Hz ve 7.4 kHz olabilir.<\/p>\n\n\n\n<p>Multi-mono, gain veya trim i\u00e7in kulland\u0131\u011f\u0131m\u0131z plug-in&#8217;ler&#8217;de de \u00e7ok i\u015fe yar\u0131yor. \u00d6rnek olarak, orta dengesi hafif kaym\u0131\u015f stereo bir kanalda sa\u011f tarafa hi\u00e7 dokunmadan sol taraf\u0131 1 dB azaltmak m\u00fcmk\u00fcn olabiliyor.<\/p>\n\n\n\n<p>K\u0131saca \u00f6zetleyecek olursak, stereo kanala insert etti\u011fimiz multi-mono plug-in asl\u0131nda iki ba\u011f\u0131ms\u0131z mono plug-in olarak \u00e7al\u0131\u015f\u0131yor.<\/p>\n\n\n\n<div style=\"height:25px\" aria-hidden=\"true\" class=\"wp-block-spacer\"><\/div>\n\n\n\n<h3>Pro Tools ve Multi-Mono<\/h3>\n\n\n\n<p>Multi-mono, Pro Tools ile yayg\u0131nla\u015fan bir plug-in kullan\u0131m \u015fekli. Daha sonra baz\u0131 di\u011fer DAW&#8217;lara da bu \u00f6zellik eklendi. \u015eimdi ilk \u00f6nce Pro Tools, sonra da birka\u00e7 farkl\u0131 DAW i\u00e7inde multi-mono plug-in kullan\u0131m\u0131n\u0131n nas\u0131l uyguland\u0131\u011f\u0131n\u0131 inceleyelim.<\/p>\n\n\n\n<p>\u0130lk olarak, kullanmak istedi\u011finiz plug-in&#8217;i multichannel listesinden de\u011fil, multi-mono listesinden se\u00e7erek i\u015fe ba\u015flamak gerekiyor.<\/p>\n\n\n\n<figure class=\"wp-block-image size-large\"><img loading=\"lazy\" width=\"989\" height=\"1024\" src=\"https:\/\/www.ufukonen.com\/tr\/wp-content\/uploads\/Multichannel_MultiMono_Plugin_10-989x1024.jpg\" alt=\"\" class=\"wp-image-6890\" srcset=\"https:\/\/www.ufukonen.com\/tr\/wp-content\/uploads\/Multichannel_MultiMono_Plugin_10-989x1024.jpg 989w, https:\/\/www.ufukonen.com\/tr\/wp-content\/uploads\/Multichannel_MultiMono_Plugin_10-290x300.jpg 290w, https:\/\/www.ufukonen.com\/tr\/wp-content\/uploads\/Multichannel_MultiMono_Plugin_10-768x795.jpg 768w, https:\/\/www.ufukonen.com\/tr\/wp-content\/uploads\/Multichannel_MultiMono_Plugin_10-552x572.jpg 552w, https:\/\/www.ufukonen.com\/tr\/wp-content\/uploads\/Multichannel_MultiMono_Plugin_10.jpg 1131w\" sizes=\"(max-width: 989px) 100vw, 989px\" \/><\/figure>\n\n\n\n<p>Multi-mono olarak insert edilen plug-in&#8217;in sol ve sa\u011f kanallar\u0131 birbirine ba\u011fl\u0131 oluyor.<\/p>\n\n\n\n<figure class=\"wp-block-image size-large\"><img loading=\"lazy\" width=\"1024\" height=\"708\" src=\"https:\/\/www.ufukonen.com\/tr\/wp-content\/uploads\/Multichannel_MultiMono_Plugin_11-1024x708.jpg\" alt=\"\" class=\"wp-image-6891\" srcset=\"https:\/\/www.ufukonen.com\/tr\/wp-content\/uploads\/Multichannel_MultiMono_Plugin_11-1024x708.jpg 1024w, https:\/\/www.ufukonen.com\/tr\/wp-content\/uploads\/Multichannel_MultiMono_Plugin_11-300x207.jpg 300w, https:\/\/www.ufukonen.com\/tr\/wp-content\/uploads\/Multichannel_MultiMono_Plugin_11-768x531.jpg 768w, https:\/\/www.ufukonen.com\/tr\/wp-content\/uploads\/Multichannel_MultiMono_Plugin_11-1140x788.jpg 1140w, https:\/\/www.ufukonen.com\/tr\/wp-content\/uploads\/Multichannel_MultiMono_Plugin_11-552x382.jpg 552w, https:\/\/www.ufukonen.com\/tr\/wp-content\/uploads\/Multichannel_MultiMono_Plugin_11.jpg 1280w\" sizes=\"(max-width: 1024px) 100vw, 1024px\" \/><\/figure>\n\n\n\n<p>Bir sonraki ad\u0131m olarak \u00fczerinde zincir simgesi olan butona t\u0131klayarak sol ve sa\u011f kanallar aras\u0131ndaki ba\u011f\u0131 kopartman\u0131z gerekiyor. Bunu yapt\u0131ktan sonra sol ve sa\u011f kanallar i\u00e7in farkl\u0131 ayarlar yapmak m\u00fcmk\u00fcn oluyor.<\/p>\n\n\n\n<figure class=\"wp-block-image size-large\"><img loading=\"lazy\" width=\"1024\" height=\"708\" src=\"https:\/\/www.ufukonen.com\/tr\/wp-content\/uploads\/Multichannel_MultiMono_Plugin_12-1024x708.jpg\" alt=\"\" class=\"wp-image-6892\" srcset=\"https:\/\/www.ufukonen.com\/tr\/wp-content\/uploads\/Multichannel_MultiMono_Plugin_12-1024x708.jpg 1024w, https:\/\/www.ufukonen.com\/tr\/wp-content\/uploads\/Multichannel_MultiMono_Plugin_12-300x207.jpg 300w, https:\/\/www.ufukonen.com\/tr\/wp-content\/uploads\/Multichannel_MultiMono_Plugin_12-768x531.jpg 768w, https:\/\/www.ufukonen.com\/tr\/wp-content\/uploads\/Multichannel_MultiMono_Plugin_12-1140x788.jpg 1140w, https:\/\/www.ufukonen.com\/tr\/wp-content\/uploads\/Multichannel_MultiMono_Plugin_12-552x382.jpg 552w, https:\/\/www.ufukonen.com\/tr\/wp-content\/uploads\/Multichannel_MultiMono_Plugin_12.jpg 1280w\" sizes=\"(max-width: 1024px) 100vw, 1024px\" \/><\/figure>\n\n\n\n<p>Ayar yapmak istedi\u011finiz kanal\u0131 plug-in \u00fczerinde bulunan men\u00fcden se\u00e7ebiliyorsunuz (Left veya Right).<\/p>\n\n\n\n<figure class=\"wp-block-image size-large\"><img loading=\"lazy\" width=\"1024\" height=\"708\" src=\"https:\/\/www.ufukonen.com\/tr\/wp-content\/uploads\/Multichannel_MultiMono_Plugin_13-1024x708.jpg\" alt=\"\" class=\"wp-image-6893\" srcset=\"https:\/\/www.ufukonen.com\/tr\/wp-content\/uploads\/Multichannel_MultiMono_Plugin_13-1024x708.jpg 1024w, https:\/\/www.ufukonen.com\/tr\/wp-content\/uploads\/Multichannel_MultiMono_Plugin_13-300x207.jpg 300w, https:\/\/www.ufukonen.com\/tr\/wp-content\/uploads\/Multichannel_MultiMono_Plugin_13-768x531.jpg 768w, https:\/\/www.ufukonen.com\/tr\/wp-content\/uploads\/Multichannel_MultiMono_Plugin_13-1140x788.jpg 1140w, https:\/\/www.ufukonen.com\/tr\/wp-content\/uploads\/Multichannel_MultiMono_Plugin_13-552x382.jpg 552w, https:\/\/www.ufukonen.com\/tr\/wp-content\/uploads\/Multichannel_MultiMono_Plugin_13.jpg 1280w\" sizes=\"(max-width: 1024px) 100vw, 1024px\" \/><\/figure>\n\n\n\n<p>A\u015fa\u011f\u0131daki ekran g\u00f6r\u00fcnt\u00fclerinde g\u00f6rebilece\u011finiz gibi, sol ve sa\u011f kanallar\u0131n ayarlar\u0131 art\u0131k birbirlerinden farkl\u0131.<\/p>\n\n\n\n<figure class=\"wp-block-image size-large\"><img loading=\"lazy\" width=\"1024\" height=\"706\" src=\"https:\/\/www.ufukonen.com\/tr\/wp-content\/uploads\/Multichannel_MultiMono_Plugin_14-1024x706.jpg\" alt=\"\" class=\"wp-image-6894\" srcset=\"https:\/\/www.ufukonen.com\/tr\/wp-content\/uploads\/Multichannel_MultiMono_Plugin_14-1024x706.jpg 1024w, https:\/\/www.ufukonen.com\/tr\/wp-content\/uploads\/Multichannel_MultiMono_Plugin_14-300x207.jpg 300w, https:\/\/www.ufukonen.com\/tr\/wp-content\/uploads\/Multichannel_MultiMono_Plugin_14-768x529.jpg 768w, https:\/\/www.ufukonen.com\/tr\/wp-content\/uploads\/Multichannel_MultiMono_Plugin_14-1140x786.jpg 1140w, https:\/\/www.ufukonen.com\/tr\/wp-content\/uploads\/Multichannel_MultiMono_Plugin_14-552x380.jpg 552w, https:\/\/www.ufukonen.com\/tr\/wp-content\/uploads\/Multichannel_MultiMono_Plugin_14.jpg 1280w\" sizes=\"(max-width: 1024px) 100vw, 1024px\" \/><\/figure>\n\n\n\n<figure class=\"wp-block-image size-large\"><img loading=\"lazy\" width=\"1024\" height=\"709\" src=\"https:\/\/www.ufukonen.com\/tr\/wp-content\/uploads\/Multichannel_MultiMono_Plugin_15-1024x709.jpg\" alt=\"\" class=\"wp-image-6895\" srcset=\"https:\/\/www.ufukonen.com\/tr\/wp-content\/uploads\/Multichannel_MultiMono_Plugin_15-1024x709.jpg 1024w, https:\/\/www.ufukonen.com\/tr\/wp-content\/uploads\/Multichannel_MultiMono_Plugin_15-300x208.jpg 300w, https:\/\/www.ufukonen.com\/tr\/wp-content\/uploads\/Multichannel_MultiMono_Plugin_15-768x532.jpg 768w, https:\/\/www.ufukonen.com\/tr\/wp-content\/uploads\/Multichannel_MultiMono_Plugin_15-1140x789.jpg 1140w, https:\/\/www.ufukonen.com\/tr\/wp-content\/uploads\/Multichannel_MultiMono_Plugin_15-552x382.jpg 552w, https:\/\/www.ufukonen.com\/tr\/wp-content\/uploads\/Multichannel_MultiMono_Plugin_15.jpg 1280w\" sizes=\"(max-width: 1024px) 100vw, 1024px\" \/><\/figure>\n\n\n\n<p>Sol ve sa\u011f kanallar\u0131n ayarlar\u0131 ayn\u0131 anda alt alta veya yan yana g\u00f6rmek isterseniz Option tu\u015funu bas\u0131l\u0131 tutup kanal se\u00e7im men\u00fcs\u00fcne (L veya R) t\u0131klaman\u0131z yeterli.<\/p>\n\n\n\n<figure class=\"wp-block-image size-large\"><img loading=\"lazy\" width=\"711\" height=\"1024\" src=\"https:\/\/www.ufukonen.com\/tr\/wp-content\/uploads\/Multichannel_MultiMono_Plugin_16-711x1024.jpg\" alt=\"\" class=\"wp-image-6896\" srcset=\"https:\/\/www.ufukonen.com\/tr\/wp-content\/uploads\/Multichannel_MultiMono_Plugin_16-711x1024.jpg 711w, https:\/\/www.ufukonen.com\/tr\/wp-content\/uploads\/Multichannel_MultiMono_Plugin_16-208x300.jpg 208w, https:\/\/www.ufukonen.com\/tr\/wp-content\/uploads\/Multichannel_MultiMono_Plugin_16-768x1106.jpg 768w, https:\/\/www.ufukonen.com\/tr\/wp-content\/uploads\/Multichannel_MultiMono_Plugin_16-1067x1536.jpg 1067w, https:\/\/www.ufukonen.com\/tr\/wp-content\/uploads\/Multichannel_MultiMono_Plugin_16-1140x1641.jpg 1140w, https:\/\/www.ufukonen.com\/tr\/wp-content\/uploads\/Multichannel_MultiMono_Plugin_16-552x795.jpg 552w, https:\/\/www.ufukonen.com\/tr\/wp-content\/uploads\/Multichannel_MultiMono_Plugin_16.jpg 1280w\" sizes=\"(max-width: 711px) 100vw, 711px\" \/><\/figure>\n\n\n\n<div style=\"height:25px\" aria-hidden=\"true\" class=\"wp-block-spacer\"><\/div>\n\n\n\n<h3>Logic Pro<\/h3>\n\n\n\n<p>Logic Pro i\u00e7inde multi-mono plug-in kullan\u0131m\u0131 Pro Tools ile hemen hemen ayn\u0131.<\/p>\n\n\n\n<p>\u0130lk ad\u0131m olarak yapman\u0131z gereken, insert etmek istedi\u011finiz plug-in&#8217;i se\u00e7erken stereo de\u011fil, dual mono se\u00e7ene\u011fini i\u015faretlemek.<\/p>\n\n\n\n<figure class=\"wp-block-image size-large\"><img loading=\"lazy\" width=\"630\" height=\"501\" src=\"https:\/\/www.ufukonen.com\/tr\/wp-content\/uploads\/Multichannel_MultiMono_Plugin_20.jpg\" alt=\"\" class=\"wp-image-6898\" srcset=\"https:\/\/www.ufukonen.com\/tr\/wp-content\/uploads\/Multichannel_MultiMono_Plugin_20.jpg 630w, https:\/\/www.ufukonen.com\/tr\/wp-content\/uploads\/Multichannel_MultiMono_Plugin_20-300x239.jpg 300w, https:\/\/www.ufukonen.com\/tr\/wp-content\/uploads\/Multichannel_MultiMono_Plugin_20-552x439.jpg 552w\" sizes=\"(max-width: 630px) 100vw, 630px\" \/><\/figure>\n\n\n\n<p>Daha sonra a\u00e7\u0131lan plug-in penceresi \u00fczerinde zincir simgesi olan butona t\u0131klayarak sol ve sa\u011f kanallar aras\u0131ndaki ba\u011f\u0131 kopart\u0131yorsunuz.<\/p>\n\n\n\n<figure class=\"wp-block-image size-large\"><img loading=\"lazy\" width=\"1024\" height=\"532\" src=\"https:\/\/www.ufukonen.com\/tr\/wp-content\/uploads\/Multichannel_MultiMono_Plugin_21-1024x532.jpg\" alt=\"\" class=\"wp-image-6899\" srcset=\"https:\/\/www.ufukonen.com\/tr\/wp-content\/uploads\/Multichannel_MultiMono_Plugin_21-1024x532.jpg 1024w, https:\/\/www.ufukonen.com\/tr\/wp-content\/uploads\/Multichannel_MultiMono_Plugin_21-300x156.jpg 300w, https:\/\/www.ufukonen.com\/tr\/wp-content\/uploads\/Multichannel_MultiMono_Plugin_21-768x399.jpg 768w, https:\/\/www.ufukonen.com\/tr\/wp-content\/uploads\/Multichannel_MultiMono_Plugin_21-1140x592.jpg 1140w, https:\/\/www.ufukonen.com\/tr\/wp-content\/uploads\/Multichannel_MultiMono_Plugin_21-552x287.jpg 552w, https:\/\/www.ufukonen.com\/tr\/wp-content\/uploads\/Multichannel_MultiMono_Plugin_21.jpg 1280w\" sizes=\"(max-width: 1024px) 100vw, 1024px\" \/><\/figure>\n\n\n\n<p>Art\u0131k sol ve sa\u011f kanallar birbirlerinden ba\u011f\u0131ms\u0131z hale geldi. \u00dczerinde \u00e7al\u0131\u015fmak istedi\u011finiz kanal\u0131 L veya R butonuna t\u0131klayarak se\u00e7ip, istedi\u011finiz ayarlar\u0131 yapabiliyorsunuz.<\/p>\n\n\n\n<figure class=\"wp-block-image size-large\"><img loading=\"lazy\" width=\"1024\" height=\"532\" src=\"https:\/\/www.ufukonen.com\/tr\/wp-content\/uploads\/Multichannel_MultiMono_Plugin_22-1024x532.jpg\" alt=\"\" class=\"wp-image-6900\" srcset=\"https:\/\/www.ufukonen.com\/tr\/wp-content\/uploads\/Multichannel_MultiMono_Plugin_22-1024x532.jpg 1024w, https:\/\/www.ufukonen.com\/tr\/wp-content\/uploads\/Multichannel_MultiMono_Plugin_22-300x156.jpg 300w, https:\/\/www.ufukonen.com\/tr\/wp-content\/uploads\/Multichannel_MultiMono_Plugin_22-768x399.jpg 768w, https:\/\/www.ufukonen.com\/tr\/wp-content\/uploads\/Multichannel_MultiMono_Plugin_22-1140x592.jpg 1140w, https:\/\/www.ufukonen.com\/tr\/wp-content\/uploads\/Multichannel_MultiMono_Plugin_22-552x287.jpg 552w, https:\/\/www.ufukonen.com\/tr\/wp-content\/uploads\/Multichannel_MultiMono_Plugin_22.jpg 1280w\" sizes=\"(max-width: 1024px) 100vw, 1024px\" \/><\/figure>\n\n\n\n<figure class=\"wp-block-image size-large\"><img loading=\"lazy\" width=\"1024\" height=\"532\" src=\"https:\/\/www.ufukonen.com\/tr\/wp-content\/uploads\/Multichannel_MultiMono_Plugin_23-1024x532.jpg\" alt=\"\" class=\"wp-image-6901\" srcset=\"https:\/\/www.ufukonen.com\/tr\/wp-content\/uploads\/Multichannel_MultiMono_Plugin_23-1024x532.jpg 1024w, https:\/\/www.ufukonen.com\/tr\/wp-content\/uploads\/Multichannel_MultiMono_Plugin_23-300x156.jpg 300w, https:\/\/www.ufukonen.com\/tr\/wp-content\/uploads\/Multichannel_MultiMono_Plugin_23-768x399.jpg 768w, https:\/\/www.ufukonen.com\/tr\/wp-content\/uploads\/Multichannel_MultiMono_Plugin_23-1140x592.jpg 1140w, https:\/\/www.ufukonen.com\/tr\/wp-content\/uploads\/Multichannel_MultiMono_Plugin_23-552x287.jpg 552w, https:\/\/www.ufukonen.com\/tr\/wp-content\/uploads\/Multichannel_MultiMono_Plugin_23.jpg 1280w\" sizes=\"(max-width: 1024px) 100vw, 1024px\" \/><\/figure>\n\n\n\n<div style=\"height:25px\" aria-hidden=\"true\" class=\"wp-block-spacer\"><\/div>\n\n\n\n<h3>Studio One<\/h3>\n\n\n\n<p>Studio One i\u00e7inde plug-in&#8217;leri multi-mono kullanmak m\u00fcmk\u00fcn ama y\u00f6ntem biraz farkl\u0131.<\/p>\n\n\n\n<p>\u0130lk \u00f6nce stereo kanal\u0131n edit\u00f6r penceresini a\u00e7\u0131p, bu pencere i\u00e7inde sinyal ak\u0131\u015f alan\u0131na alan\u0131na bir splitter eklemeniz gerekiyor.<\/p>\n\n\n\n<figure class=\"wp-block-image size-large\"><img loading=\"lazy\" width=\"1024\" height=\"438\" src=\"https:\/\/www.ufukonen.com\/tr\/wp-content\/uploads\/Multichannel_MultiMono_Plugin_30-1024x438.jpg\" alt=\"\" class=\"wp-image-6902\" srcset=\"https:\/\/www.ufukonen.com\/tr\/wp-content\/uploads\/Multichannel_MultiMono_Plugin_30-1024x438.jpg 1024w, https:\/\/www.ufukonen.com\/tr\/wp-content\/uploads\/Multichannel_MultiMono_Plugin_30-300x128.jpg 300w, https:\/\/www.ufukonen.com\/tr\/wp-content\/uploads\/Multichannel_MultiMono_Plugin_30-768x328.jpg 768w, https:\/\/www.ufukonen.com\/tr\/wp-content\/uploads\/Multichannel_MultiMono_Plugin_30-1140x487.jpg 1140w, https:\/\/www.ufukonen.com\/tr\/wp-content\/uploads\/Multichannel_MultiMono_Plugin_30-552x236.jpg 552w, https:\/\/www.ufukonen.com\/tr\/wp-content\/uploads\/Multichannel_MultiMono_Plugin_30.jpg 1280w\" sizes=\"(max-width: 1024px) 100vw, 1024px\" \/><\/figure>\n\n\n\n<p>Bir sonraki ad\u0131m olarak Split Mode b\u00f6l\u00fcm\u00fcnde Channel Split opsiyonunu se\u00e7iyorsunuz.<\/p>\n\n\n\n<figure class=\"wp-block-image size-large\"><img loading=\"lazy\" width=\"1024\" height=\"438\" src=\"https:\/\/www.ufukonen.com\/tr\/wp-content\/uploads\/Multichannel_MultiMono_Plugin_31-1024x438.jpg\" alt=\"\" class=\"wp-image-6903\" srcset=\"https:\/\/www.ufukonen.com\/tr\/wp-content\/uploads\/Multichannel_MultiMono_Plugin_31-1024x438.jpg 1024w, https:\/\/www.ufukonen.com\/tr\/wp-content\/uploads\/Multichannel_MultiMono_Plugin_31-300x128.jpg 300w, https:\/\/www.ufukonen.com\/tr\/wp-content\/uploads\/Multichannel_MultiMono_Plugin_31-768x328.jpg 768w, https:\/\/www.ufukonen.com\/tr\/wp-content\/uploads\/Multichannel_MultiMono_Plugin_31-1140x487.jpg 1140w, https:\/\/www.ufukonen.com\/tr\/wp-content\/uploads\/Multichannel_MultiMono_Plugin_31-552x236.jpg 552w, https:\/\/www.ufukonen.com\/tr\/wp-content\/uploads\/Multichannel_MultiMono_Plugin_31.jpg 1280w\" sizes=\"(max-width: 1024px) 100vw, 1024px\" \/><\/figure>\n\n\n\n<p>Son olarak, kullanmak istedi\u011finiz plug-in&#8217;den biri sol di\u011feri de sa\u011f kanal i\u00e7in toplam iki tane insert ediyorsunuz.<\/p>\n\n\n\n<figure class=\"wp-block-image size-large\"><img loading=\"lazy\" width=\"1024\" height=\"438\" src=\"https:\/\/www.ufukonen.com\/tr\/wp-content\/uploads\/Multichannel_MultiMono_Plugin_32-1024x438.jpg\" alt=\"\" class=\"wp-image-6904\" srcset=\"https:\/\/www.ufukonen.com\/tr\/wp-content\/uploads\/Multichannel_MultiMono_Plugin_32-1024x438.jpg 1024w, https:\/\/www.ufukonen.com\/tr\/wp-content\/uploads\/Multichannel_MultiMono_Plugin_32-300x128.jpg 300w, https:\/\/www.ufukonen.com\/tr\/wp-content\/uploads\/Multichannel_MultiMono_Plugin_32-768x329.jpg 768w, https:\/\/www.ufukonen.com\/tr\/wp-content\/uploads\/Multichannel_MultiMono_Plugin_32-1140x488.jpg 1140w, https:\/\/www.ufukonen.com\/tr\/wp-content\/uploads\/Multichannel_MultiMono_Plugin_32-552x236.jpg 552w, https:\/\/www.ufukonen.com\/tr\/wp-content\/uploads\/Multichannel_MultiMono_Plugin_32.jpg 1280w\" sizes=\"(max-width: 1024px) 100vw, 1024px\" \/><\/figure>\n\n\n\n<p>\u0130\u015flem tamam!<\/p>\n\n\n\n<figure class=\"wp-block-image size-large\"><img loading=\"lazy\" width=\"1024\" height=\"650\" src=\"https:\/\/www.ufukonen.com\/tr\/wp-content\/uploads\/Multichannel_MultiMono_Plugin_33-1024x650.jpg\" alt=\"\" class=\"wp-image-6905\" srcset=\"https:\/\/www.ufukonen.com\/tr\/wp-content\/uploads\/Multichannel_MultiMono_Plugin_33-1024x650.jpg 1024w, https:\/\/www.ufukonen.com\/tr\/wp-content\/uploads\/Multichannel_MultiMono_Plugin_33-300x190.jpg 300w, https:\/\/www.ufukonen.com\/tr\/wp-content\/uploads\/Multichannel_MultiMono_Plugin_33-768x487.jpg 768w, https:\/\/www.ufukonen.com\/tr\/wp-content\/uploads\/Multichannel_MultiMono_Plugin_33-1140x723.jpg 1140w, https:\/\/www.ufukonen.com\/tr\/wp-content\/uploads\/Multichannel_MultiMono_Plugin_33-552x350.jpg 552w, https:\/\/www.ufukonen.com\/tr\/wp-content\/uploads\/Multichannel_MultiMono_Plugin_33.jpg 1280w\" sizes=\"(max-width: 1024px) 100vw, 1024px\" \/><\/figure>\n\n\n\n<div style=\"height:25px\" aria-hidden=\"true\" class=\"wp-block-spacer\"><\/div>\n\n\n\n<h3>Alternatif Olarak\u2026<\/h3>\n\n\n\n<p>E\u011fer multi-mono plug-in kullan\u0131m \u00f6zelli\u011fi olmayan ya da bu \u00f6zelli\u011fin uygulanmas\u0131 zor olan bir DAW kullan\u0131yorsan\u0131z bu durumda alternatif olarak kendi i\u00e7inde multi-mono \u00f6zelli\u011fe sahip olan bir plug-in kullanabilirsiniz.<\/p>\n\n\n\n<p>\u00d6rnek olarak, Waves Renaissance EQ i\u00e7inde bu \u00f6zellik bulunuyor. Sa\u011f alttaki zincir simgesine t\u0131klayarak sol ve sa\u011f kanallar aras\u0131ndaki ba\u011f\u0131 k\u0131r\u0131p, bu kanallar \u00fczerinde ayr\u0131 ayr\u0131 i\u015flem yapabiliyorsunuz.<\/p>\n\n\n\n<figure class=\"wp-block-image size-large\"><img loading=\"lazy\" width=\"1024\" height=\"895\" src=\"https:\/\/www.ufukonen.com\/tr\/wp-content\/uploads\/Multichannel_MultiMono_Plugin_40-1024x895.jpg\" alt=\"\" class=\"wp-image-6906\" srcset=\"https:\/\/www.ufukonen.com\/tr\/wp-content\/uploads\/Multichannel_MultiMono_Plugin_40-1024x895.jpg 1024w, https:\/\/www.ufukonen.com\/tr\/wp-content\/uploads\/Multichannel_MultiMono_Plugin_40-300x262.jpg 300w, https:\/\/www.ufukonen.com\/tr\/wp-content\/uploads\/Multichannel_MultiMono_Plugin_40-768x671.jpg 768w, https:\/\/www.ufukonen.com\/tr\/wp-content\/uploads\/Multichannel_MultiMono_Plugin_40-1140x997.jpg 1140w, https:\/\/www.ufukonen.com\/tr\/wp-content\/uploads\/Multichannel_MultiMono_Plugin_40-552x483.jpg 552w, https:\/\/www.ufukonen.com\/tr\/wp-content\/uploads\/Multichannel_MultiMono_Plugin_40.jpg 1280w\" sizes=\"(max-width: 1024px) 100vw, 1024px\" \/><\/figure>\n\n\n\n<p>Waves Renaissance EQ&#8217;nun bir di\u011fer harika \u00f6zelli\u011fi ise sol ve sa\u011f kanallar\u0131n EQ e\u011frilerini farkl\u0131 renklerdeki \u00e7izgilerle ayn\u0131 pencerede g\u00f6stermesi. Yukar\u0131daki ekran g\u00f6r\u00fcnt\u00fcs\u00fcnde sar\u0131 \u00e7izgi sol, k\u0131rm\u0131z\u0131 \u00e7izgi ise sa\u011f kanal\u0131n EQ e\u011frisini g\u00f6steriyor.<\/p>\n\n\n\n<div style=\"height:25px\" aria-hidden=\"true\" class=\"wp-block-spacer\"><\/div>\n\n\n\n<h3>Sonu\u00e7<\/h3>\n\n\n\n<p>Multi-mono plug-in kullan\u0131m\u0131 her zaman olmasa da baz\u0131 durumlarda ger\u00e7ekten \u00e7ok i\u015fe yarayan bir \u00f6zellik. Ben yukar\u0131daki \u00f6rnekleri hep EQ \u00fczerinden verdim ancak bu y\u00f6ntemi limiter gibi dinamik i\u015flemciler ile daha bir\u00e7ok farkl\u0131 plug-in ile kullanmak m\u00fcmk\u00fcn.<\/p>\n\n\n\n<p>Mutlaka deneyin!<\/p>\n\n\n\n<div style=\"height:50px\" aria-hidden=\"true\" class=\"wp-block-spacer\"><\/div>\n\n\n\n<p>Teknik terimler i\u00e7in <a href=\"http:\/\/www.ufukonen.com\/tr\/ses-kayit-muzik-teknolojisi-terimler-sozluk.html\">m\u00fczik teknolojisi, m\u00fczik prod\u00fcksiyonu ve ses kay\u0131t terimleri s\u00f6zl\u00fc\u011f\u00fcne<\/a> g\u00f6z atabilirsiniz.<\/p>\n\n\n\n<p>Benzer payla\u015f\u0131mlar i\u00e7in beni <a rel=\"noreferrer noopener\" href=\"https:\/\/www.facebook.com\/ufukonen.skmt\/\" target=\"_blank\">Facebook<\/a>, <a href=\"https:\/\/www.instagram.com\/ufukonen\/\" target=\"_blank\" rel=\"noreferrer noopener\" aria-label=\"Instagram (opens in a new tab)\">Instagram<\/a> ve <a rel=\"noreferrer noopener\" href=\"https:\/\/twitter.com\/UfukOnen\" target=\"_blank\">Twitter<\/a>&#8216;da takip edebilir, haberler i\u00e7in <a rel=\"noreferrer noopener\" href=\"http:\/\/ufukonen.com\/tr\/ses-kayit-muzik-teknolojisi-terimler-sozluk.html\" target=\"_blank\">mesaj listeme \u00fcye olabilirsiniz<\/a>. Te\u015fekk\u00fcrler.<\/p>\n\n\n\n<p>\u00a9 2021 Ufuk \u00d6nen. Her hakk\u0131 sakl\u0131d\u0131r. \u0130zinsiz kullan\u0131lamaz.<\/p>\n","protected":false},"excerpt":{"rendered":"<p class=\"post-excerpt\">Plug-in&#8217;ler, stereo kanallarda bir\u00e7ok ki\u015fi taraf\u0131ndan genelde multichannel olarak kullan\u0131l\u0131yor. Bu, baz\u0131lar\u0131 taraf\u0131ndan bilin\u00e7li olarak yap\u0131lan bir se\u00e7im ancak di\u011ferleri&#8230;<\/p>\n","protected":false},"author":2,"featured_media":6907,"comment_status":"closed","ping_status":"open","sticky":false,"template":"","format":"standard","meta":{"_mi_skip_tracking":false,"spay_email":"","jetpack_publicize_message":"","jetpack_is_tweetstorm":false,"jetpack_publicize_feature_enabled":true},"categories":[18],"tags":[],"jetpack_featured_media_url":"https:\/\/www.ufukonen.com\/tr\/wp-content\/uploads\/Multichannel_MultiMono_Plugin_00_Header.jpg","jetpack_publicize_connections":[],"jetpack_shortlink":"https:\/\/wp.me\/p3rjsG-1N5","jetpack_sharing_enabled":true,"jetpack-related-posts":[{"id":6913,"url":"https:\/\/www.ufukonen.com\/tr\/split-eq-stereo-genisletme.html","url_meta":{"origin":6887,"position":0},"title":"Split EQ Tekni\u011fi \u0130le Stereo Geni\u015fletme","date":"October 4, 2021","format":false,"excerpt":"Bu yaz\u0131mda, stereo kanallar\u0131 biraz daha geni\u015f duyurabilmek i\u00e7in kulland\u0131\u011f\u0131m basit bir EQ tekni\u011fini sizlerle payla\u015fmak istiyorum. Split EQ olarak adland\u0131r\u0131lan bu tekni\u011fi uygulamak i\u00e7in stereo sinyalin sol ve sa\u011f kanallar\u0131na birbirlerinden ba\u011f\u0131ms\u0131z olarak m\u00fcdahale edebilmemiz gerekiyor. Bunun i\u00e7in de EQ plug-in'ini multichannel de\u011fil, multi-mono olarak kullanmaya ihtiya\u00e7 duyuyoruz. Plug-in'lerin\u2026","rel":"","context":"In &quot;M\u00fczik Prod\u00fcksiyonu&quot;","img":{"alt_text":"","src":"https:\/\/i0.wp.com\/www.ufukonen.com\/tr\/wp-content\/uploads\/Split_EQ_Stereo_Genisletme_00_Header.jpg?resize=350%2C200&ssl=1","width":350,"height":200},"classes":[]},{"id":5569,"url":"https:\/\/www.ufukonen.com\/tr\/mono-stereo-simulasyon.html","url_meta":{"origin":6887,"position":1},"title":"Mono Kanallar\u0131 Geni\u015f Duyurmak \u0130\u00e7in Bir Y\u00f6ntem","date":"April 6, 2020","format":false,"excerpt":"Y\u0131llardan beri tan\u0131t\u0131m filmi, belgesel, radyo program\u0131 ve podcast gibi g\u00f6r\u00fcnt\u00fcl\u00fc ve g\u00f6r\u00fcnt\u00fcs\u00fcz medya i\u00e7in ses tasar\u0131m\u0131 ve ses miksi yap\u0131yorum. \u00dczerinde \u00e7al\u0131\u015fmam i\u00e7in proje paketini g\u00f6nderirken prod\u00fcksiyon s\u0131ras\u0131nda kaydetmi\u015f ya da projede kullanmak \u00fczere \u00e7e\u015fitli kaynaklardan edinmi\u015f olduklar\u0131 ses dosyalar\u0131n\u0131 da g\u00f6nderiyorlar. Tahmin edebilece\u011finiz gibi, bu ses dosyalar\u0131n\u0131n formatlar\u0131\u2026","rel":"","context":"In &quot;M\u00fczik Prod\u00fcksiyonu&quot;","img":{"alt_text":"","src":"https:\/\/i0.wp.com\/www.ufukonen.com\/tr\/wp-content\/uploads\/Mono_Genisletme_0_Header.jpg?resize=350%2C200&ssl=1","width":350,"height":200},"classes":[]},{"id":6111,"url":"https:\/\/www.ufukonen.com\/tr\/stereo-pan-stereo-denge-fark.html","url_meta":{"origin":6887,"position":2},"title":"Stereo Pan ve Stereo Denge Kontrol\u00fc Aras\u0131ndaki Fark","date":"October 19, 2020","format":false,"excerpt":"DAW i\u00e7indeki mikserlerde hem stereo hem de mono kanallar i\u00e7in pan kontrol d\u00fc\u011fmesi bulunur. Mono kanallar i\u00e7in pan i\u015fleyi\u015fi b\u00fct\u00fcn DAW ve mikser i\u00e7in ayn\u0131d\u0131r: Pan ayar\u0131n\u0131 sola yat\u0131r\u0131rsan\u0131z ses sol hoparl\u00f6rden, sa\u011fa yat\u0131r\u0131rsan\u0131z ses sa\u011f hoparl\u00f6rden gelir. Tabii tam sol veya tam sa\u011fa yat\u0131rmak zorunda de\u011filsiniz. \u00d6rnek olarak, sesi\u2026","rel":"","context":"In &quot;Ses ve M\u00fczik Teknolojileri&quot;","img":{"alt_text":"","src":"https:\/\/i0.wp.com\/www.ufukonen.com\/tr\/wp-content\/uploads\/StereoPan_StereoDenge_00_Header.jpg?resize=350%2C200&ssl=1","width":350,"height":200},"classes":[]},{"id":3541,"url":"https:\/\/www.ufukonen.com\/tr\/pan-kurallari.html","url_meta":{"origin":6887,"position":3},"title":"Pan Kurallar\u0131","date":"December 11, 2017","format":false,"excerpt":"Stereo \u00e7\u0131k\u0131\u015fa g\u00f6nderdi\u011fimiz bir mono sinyali sol veya sa\u011f kanala yat\u0131r\u0131rken (stereo panorama i\u00e7inde bir noktaya yerle\u015ftirirken) asl\u0131nda yapt\u0131\u011f\u0131m\u0131z i\u015f o sinyalin sol ve sa\u011f kanaldaki seviyelerini ayarlamakt\u0131r. Kula\u011fa olduk\u00e7a basite gelen bu i\u015flem prensip olarak o kadar da basit de\u011fil \u00e7\u00fcnk\u00fc bunu yapman\u0131n farkl\u0131 y\u00f6ntemleri var. Bu y\u00f6ntemler \u0130ngilizce'de\u2026","rel":"","context":"In &quot;Ses ve M\u00fczik Teknolojileri&quot;","img":{"alt_text":"","src":"https:\/\/i0.wp.com\/www.ufukonen.com\/tr\/wp-content\/uploads\/Pan_Kurallari_1024x576.jpg?resize=350%2C200&ssl=1","width":350,"height":200},"classes":[]},{"id":3376,"url":"https:\/\/www.ufukonen.com\/tr\/sanal-gerceklik-icin-ses-ambisonics-format-b-2-bolum.html","url_meta":{"origin":6887,"position":4},"title":"Sanal Ger\u00e7eklik \u0130\u00e7in Ses: Ambisonics Format-B (2. B\u00f6l\u00fcm)","date":"November 6, 2017","format":false,"excerpt":"Bu yaz\u0131 iki b\u00f6l\u00fcmden olu\u015fmaktad\u0131r. \u0130lk b\u00f6l\u00fcm i\u00e7in t\u0131klay\u0131n\u0131z. Birinci b\u00f6l\u00fcmde \"Ambisonics Nedir?\", \"Ambisonics B-Format\", \"Dinleme Alan\u0131 A\u00e7\u0131s\u0131ndan Ambisonics ile Stereo ve Standart Surround Sistemler Aras\u0131ndaki Fark\", \"Kanal ve Hoparl\u00f6r Say\u0131s\u0131 A\u00e7\u0131s\u0131ndan Ambisonics ile Stereo ve Standart Surround Sistemler Aras\u0131ndaki Fark\" ve \"Neden Ambisonics Format-B?\" ba\u015fl\u0131klar\u0131 ile Ambisonics B-Format'\u0131 incelemeye\u2026","rel":"","context":"In &quot;Ses ve M\u00fczik Teknolojileri&quot;","img":{"alt_text":"","src":"https:\/\/i0.wp.com\/www.ufukonen.com\/tr\/wp-content\/uploads\/Ambisonics_Virtual_Reality_2_720x405.jpg?resize=350%2C200&ssl=1","width":350,"height":200},"classes":[]},{"id":5057,"url":"https:\/\/www.ufukonen.com\/tr\/ucretsiz-pluginler-18.html","url_meta":{"origin":6887,"position":5},"title":"\u00dccretsiz Plug-in&#8217;ler (18)","date":"September 16, 2019","format":false,"excerpt":"\u00dccretsiz\u00a0plug-in'ler serisi 18: StereoTool v3 (Flux), Corellometer (Voxengo), bx_solo (Brainworx), \u00a0Free Ranger (SPL). StereoTool v3 (Flux) StereoTool v3, bir faz ve korelasyon g\u00f6sterge plug-in'i. Sinyalin stereo geni\u015fli\u011fini inceleyebilir, sinyalde faz problemi olup olmad\u0131\u011f\u0131n\u0131 ve sinyalin mono uyumlulu\u011funu kontrol edebilirsiniz. Plug-in \u00fczerinde sa\u011f ve sol kanallar i\u00e7in ayr\u0131 seviye ve pan\u2026","rel":"","context":"In &quot;Ses ve M\u00fczik Teknolojileri&quot;","img":{"alt_text":"","src":"https:\/\/i0.wp.com\/www.ufukonen.com\/tr\/wp-content\/uploads\/Ucretsiz_Pluginler_18.jpg?resize=350%2C200&ssl=1","width":350,"height":200},"classes":[]}],"_links":{"self":[{"href":"https:\/\/www.ufukonen.com\/tr\/wp-json\/wp\/v2\/posts\/6887"}],"collection":[{"href":"https:\/\/www.ufukonen.com\/tr\/wp-json\/wp\/v2\/posts"}],"about":[{"href":"https:\/\/www.ufukonen.com\/tr\/wp-json\/wp\/v2\/types\/post"}],"author":[{"embeddable":true,"href":"https:\/\/www.ufukonen.com\/tr\/wp-json\/wp\/v2\/users\/2"}],"replies":[{"embeddable":true,"href":"https:\/\/www.ufukonen.com\/tr\/wp-json\/wp\/v2\/comments?post=6887"}],"version-history":[{"count":4,"href":"https:\/\/www.ufukonen.com\/tr\/wp-json\/wp\/v2\/posts\/6887\/revisions"}],"predecessor-version":[{"id":6908,"href":"https:\/\/www.ufukonen.com\/tr\/wp-json\/wp\/v2\/posts\/6887\/revisions\/6908"}],"wp:featuredmedia":[{"embeddable":true,"href":"https:\/\/www.ufukonen.com\/tr\/wp-json\/wp\/v2\/media\/6907"}],"wp:attachment":[{"href":"https:\/\/www.ufukonen.com\/tr\/wp-json\/wp\/v2\/media?parent=6887"}],"wp:term":[{"taxonomy":"category","embeddable":true,"href":"https:\/\/www.ufukonen.com\/tr\/wp-json\/wp\/v2\/categories?post=6887"},{"taxonomy":"post_tag","embeddable":true,"href":"https:\/\/www.ufukonen.com\/tr\/wp-json\/wp\/v2\/tags?post=6887"}],"curies":[{"name":"wp","href":"https:\/\/api.w.org\/{rel}","templated":true}]}}