{"id":6913,"date":"2021-10-04T01:00:00","date_gmt":"2021-10-03T22:00:00","guid":{"rendered":"https:\/\/www.ufukonen.com\/tr\/?p=6913"},"modified":"2025-06-08T00:09:07","modified_gmt":"2025-06-07T21:09:07","slug":"split-eq-stereo-genisletme","status":"publish","type":"post","link":"https:\/\/www.ufukonen.com\/tr\/split-eq-stereo-genisletme.html","title":{"rendered":"Split EQ Tekni\u011fi \u0130le Stereo Geni\u015fletme"},"content":{"rendered":"\n<p>Bu yaz\u0131mda, stereo kanallar\u0131 biraz daha geni\u015f duyurabilmek i\u00e7in kulland\u0131\u011f\u0131m basit bir EQ tekni\u011fini sizlerle payla\u015fmak istiyorum. Split EQ olarak adland\u0131r\u0131lan bu tekni\u011fi uygulamak i\u00e7in stereo sinyalin sol ve sa\u011f kanallar\u0131na birbirlerinden ba\u011f\u0131ms\u0131z olarak m\u00fcdahale edebilmemiz gerekiyor. Bunun i\u00e7in de EQ plug-in&#8217;ini multichannel de\u011fil, multi-mono olarak kullanmaya ihtiya\u00e7 duyuyoruz.<\/p>\n\n\n\n<p>Plug-in&#8217;lerin multi-mono olarak nas\u0131l kullan\u0131ld\u0131klar\u0131n\u0131 &#8220;<a href=\"https:\/\/www.ufukonen.com\/tr\/multichannel-multimono-plugin.html\" target=\"_blank\" rel=\"noreferrer noopener\">Multichannel ve Multi-Mono Plug-in Kullan\u0131mlar\u0131 Aras\u0131ndaki Fark<\/a>&#8221; ba\u015fl\u0131kl\u0131 yaz\u0131mda a\u00e7\u0131klam\u0131\u015ft\u0131m.<\/p>\n\n\n\n<figure class=\"wp-block-image size-large\"><a href=\"https:\/\/www.ufukonen.com\/tr\/multichannel-multimono-plugin.html\" target=\"_blank\" rel=\"noopener noreferrer\"><img loading=\"lazy\" width=\"1024\" height=\"576\" src=\"https:\/\/www.ufukonen.com\/tr\/wp-content\/uploads\/Multichannel_MultiMono_Plugin_00_Header-1024x576.jpg\" alt=\"\" class=\"wp-image-6907\" srcset=\"https:\/\/www.ufukonen.com\/tr\/wp-content\/uploads\/Multichannel_MultiMono_Plugin_00_Header-1024x576.jpg 1024w, https:\/\/www.ufukonen.com\/tr\/wp-content\/uploads\/Multichannel_MultiMono_Plugin_00_Header-300x169.jpg 300w, https:\/\/www.ufukonen.com\/tr\/wp-content\/uploads\/Multichannel_MultiMono_Plugin_00_Header-768x432.jpg 768w, https:\/\/www.ufukonen.com\/tr\/wp-content\/uploads\/Multichannel_MultiMono_Plugin_00_Header-1536x864.jpg 1536w, https:\/\/www.ufukonen.com\/tr\/wp-content\/uploads\/Multichannel_MultiMono_Plugin_00_Header-1140x641.jpg 1140w, https:\/\/www.ufukonen.com\/tr\/wp-content\/uploads\/Multichannel_MultiMono_Plugin_00_Header-552x311.jpg 552w, https:\/\/www.ufukonen.com\/tr\/wp-content\/uploads\/Multichannel_MultiMono_Plugin_00_Header.jpg 1920w\" sizes=\"(max-width: 1024px) 100vw, 1024px\" \/><\/a><figcaption><a href=\"https:\/\/www.ufukonen.com\/tr\/multichannel-multimono-plugin.html\" target=\"_blank\" rel=\"noreferrer noopener\">Multichannel ve Multi-Mono Plug-in Kullan\u0131mlar\u0131 Aras\u0131ndaki Fark<\/a><\/figcaption><\/figure>\n\n\n\n<div style=\"height:20px\" aria-hidden=\"true\" class=\"wp-block-spacer\"><\/div>\n\n\n\n<h3>Split EQ Tekni\u011fi<\/h3>\n\n\n\n<p>Split EQ tekni\u011fi ile stereo geni\u015fletme yapmak i\u00e7in ilk olarak stereo kanala bir EQ plug-in&#8217;i insert etmek ve onu multi-mono konuma al\u0131p, sol ve sa\u011f taraf aras\u0131ndaki ba\u011flant\u0131y\u0131 kesmek gerekiyor. Bu noktadan sonra plug-in, sol ve sa\u011f kanallar \u00fczerinde ayr\u0131 ayr\u0131 i\u015flem yapabilir hale geliyor.<\/p>\n\n\n\n<figure class=\"wp-block-image size-large\"><img loading=\"lazy\" width=\"1024\" height=\"708\" src=\"https:\/\/www.ufukonen.com\/tr\/wp-content\/uploads\/Multichannel_MultiMono_Plugin_11-1024x708.jpg\" alt=\"\" class=\"wp-image-6891\" srcset=\"https:\/\/www.ufukonen.com\/tr\/wp-content\/uploads\/Multichannel_MultiMono_Plugin_11-1024x708.jpg 1024w, https:\/\/www.ufukonen.com\/tr\/wp-content\/uploads\/Multichannel_MultiMono_Plugin_11-300x207.jpg 300w, https:\/\/www.ufukonen.com\/tr\/wp-content\/uploads\/Multichannel_MultiMono_Plugin_11-768x531.jpg 768w, https:\/\/www.ufukonen.com\/tr\/wp-content\/uploads\/Multichannel_MultiMono_Plugin_11-1140x788.jpg 1140w, https:\/\/www.ufukonen.com\/tr\/wp-content\/uploads\/Multichannel_MultiMono_Plugin_11-552x382.jpg 552w, https:\/\/www.ufukonen.com\/tr\/wp-content\/uploads\/Multichannel_MultiMono_Plugin_11.jpg 1280w\" sizes=\"(max-width: 1024px) 100vw, 1024px\" \/><\/figure>\n\n\n\n<p>Alternatif olarak, e\u011fer multi-mono plug-in kullan\u0131m \u00f6zelli\u011fi olmayan ya da bu \u00f6zelli\u011fin uygulanmas\u0131 zor olan bir DAW ile \u00e7al\u0131\u015f\u0131yorsan\u0131z bu durumda kendi i\u00e7inde multi-mono \u00f6zelli\u011fe sahip olan bir plug-in kullanabilirsiniz.<\/p>\n\n\n\n<p>Bu yaz\u0131da \u00f6rnek olarak kullanmak i\u00e7in ben Waves Renaissance EQ plug-in&#8217;ini se\u00e7tim. Sebebi, hem bu plug-in i\u00e7inde multi-mono \u00f6zelli\u011finin bulunmas\u0131 hem de sol ve sa\u011f kanallar\u0131n EQ e\u011frilerini farkl\u0131 renklerdeki \u00e7izgilerle ayn\u0131 pencerede g\u00f6stermesi.<\/p>\n\n\n\n<p>Plug-in haz\u0131r\u2026 \u015eimdi gelelim split EQ tekni\u011fi ile stereo kanallar\u0131n nas\u0131l geni\u015fletildi\u011fine\u2026<\/p>\n\n\n\n<div style=\"height:20px\" aria-hidden=\"true\" class=\"wp-block-spacer\"><\/div>\n\n\n\n<h3>Split EQ ve Stereo Geni\u015fletme<\/h3>\n\n\n\n<p>Split EQ tekni\u011fi ile stereo kanal\u0131 daha geni\u015f duyurmak i\u00e7in tek yapman\u0131z gereken, bir kanala EQ uygulay\u0131p, di\u011fer kanala ise o e\u011frinin tersini uygulamak.<\/p>\n\n\n\n<figure class=\"wp-block-image size-large\"><img loading=\"lazy\" width=\"1024\" height=\"905\" src=\"https:\/\/www.ufukonen.com\/tr\/wp-content\/uploads\/Split_EQ_Stereo_Genisletme_01-1024x905.jpg\" alt=\"\" class=\"wp-image-6917\" srcset=\"https:\/\/www.ufukonen.com\/tr\/wp-content\/uploads\/Split_EQ_Stereo_Genisletme_01-1024x905.jpg 1024w, https:\/\/www.ufukonen.com\/tr\/wp-content\/uploads\/Split_EQ_Stereo_Genisletme_01-300x265.jpg 300w, https:\/\/www.ufukonen.com\/tr\/wp-content\/uploads\/Split_EQ_Stereo_Genisletme_01-768x679.jpg 768w, https:\/\/www.ufukonen.com\/tr\/wp-content\/uploads\/Split_EQ_Stereo_Genisletme_01-1140x1007.jpg 1140w, https:\/\/www.ufukonen.com\/tr\/wp-content\/uploads\/Split_EQ_Stereo_Genisletme_01-552x488.jpg 552w, https:\/\/www.ufukonen.com\/tr\/wp-content\/uploads\/Split_EQ_Stereo_Genisletme_01.jpg 1280w\" sizes=\"(max-width: 1024px) 100vw, 1024px\" \/><\/figure>\n\n\n\n<p>Yukar\u0131daki \u00f6rnekte sol kanalda 5 kHz \u00fczerini shelf EQ ile 6 dB y\u00fckselttim. Sa\u011f kanalda ise tam tersini yapt\u0131m. 5 kHz \u00fczerini yine shelf EQ ile 6 dB azaltt\u0131m.<\/p>\n\n\n\n<p>Sar\u0131 \u00e7izgi sol, k\u0131rm\u0131z\u0131 \u00e7izgi ise sa\u011f kanal\u0131n EQ e\u011frisini g\u00f6steriyor.<\/p>\n\n\n\n<p>Bu kadar basit!<\/p>\n\n\n\n<div style=\"height:20px\" aria-hidden=\"true\" class=\"wp-block-spacer\"><\/div>\n\n\n\n<h3>Mono Uyumlulu\u011fu!<\/h3>\n\n\n\n<p>Sol ve sa\u011f kanaldaki ayarlar\u0131n birbirleri ile tam olarak ters olmas\u0131 gerekmiyor. Burada dikkat edilmesi gereken nokta, sinyal monoya d\u00f6n\u00fc\u015ft\u00fcr\u00fcld\u00fc\u011f\u00fcnde faz kayb\u0131 olup olmad\u0131\u011f\u0131.<\/p>\n\n\n\n<p>&#8220;<a href=\"https:\/\/www.ufukonen.com\/tr\/mono-uyumlulugu-onemli-mi.html\" data-type=\"post\" data-id=\"5042\" target=\"_blank\" rel=\"noreferrer noopener\">Mono Uyumlulu\u011fu Ger\u00e7ekten \u00d6nemli mi?<\/a>&#8221; ba\u015fl\u0131kl\u0131 yaz\u0131mda da bahsetti\u011fim gibi, bug\u00fcn pop\u00fcler olarak kullan\u0131lan, baz\u0131 insanlar i\u00e7in neredeyse tek m\u00fczik dinleme arac\u0131 haline gelen kablosuz hoparl\u00f6rlerin b\u00fcy\u00fck \u00e7o\u011funlu\u011fu mono. \u0130\u015fte bu sebepten dolay\u0131 mono uyumlulu\u011fu bug\u00fcn hala (hatta 10-15 sene \u00f6ncesine g\u00f6re muhtemelen \u00e7ok daha) \u00f6nemli!<\/p>\n\n\n\n<p>Mono uyumlulu\u011funun kontrol\u00fc i\u00e7in &#8220;<a href=\"https:\/\/www.ufukonen.com\/tr\/mono-uyumluluk-kontrol.html\" data-type=\"post\" data-id=\"5068\" target=\"_blank\" rel=\"noreferrer noopener\">Mono Uyumlulu\u011funu Nas\u0131l Kontrol Ederiz?<\/a>&#8221; ba\u015fl\u0131kl\u0131 yaz\u0131m\u0131 okuyabilirsiniz.<\/p>\n\n\n\n<div style=\"height:20px\" aria-hidden=\"true\" class=\"wp-block-spacer\"><\/div>\n\n\n\n<h3>Sonu\u00e7<\/h3>\n\n\n\n<p>Basit bir EQ tekni\u011fi ile elde etti\u011fimiz bu y\u00f6ntem, \u00f6zellikle stereo duyum \u00fczerinde \u00e7ok belirgin de\u011fil de daha &#8220;ince&#8221; bir geni\u015fleme etkisi istedi\u011fimiz durumlarda ger\u00e7ekten \u00e7ok i\u015fe yar\u0131yor. Mutlaka deneyin!<\/p>\n\n\n\n<div style=\"height:50px\" aria-hidden=\"true\" class=\"wp-block-spacer\"><\/div>\n\n\n\n<p>Teknik terimler i\u00e7in <a href=\"http:\/\/www.ufukonen.com\/tr\/ses-kayit-muzik-teknolojisi-terimler-sozluk.html\">m\u00fczik teknolojisi, m\u00fczik prod\u00fcksiyonu ve ses kay\u0131t terimleri s\u00f6zl\u00fc\u011f\u00fcne<\/a> g\u00f6z atabilirsiniz.<\/p>\n\n\n\n<p>Benzer payla\u015f\u0131mlar i\u00e7in beni <a rel=\"noreferrer noopener\" href=\"https:\/\/www.facebook.com\/ufukonen.skmt\/\" target=\"_blank\">Facebook<\/a>, <a rel=\"noreferrer noopener\" aria-label=\"Instagram (opens in a new tab)\" href=\"https:\/\/www.instagram.com\/ufukonen\/\" target=\"_blank\">Instagram<\/a> ve <a rel=\"noreferrer noopener\" href=\"https:\/\/twitter.com\/UfukOnen\" target=\"_blank\">Twitter<\/a>&#8216;da takip edebilir, haberler i\u00e7in <a rel=\"noreferrer noopener\" href=\"http:\/\/ufukonen.com\/tr\/ses-kayit-muzik-teknolojisi-terimler-sozluk.html\" target=\"_blank\">mesaj listeme \u00fcye olabilirsiniz<\/a>. Te\u015fekk\u00fcrler.<\/p>\n\n\n\n<p>Ba\u015fl\u0131k foto\u011fraf\u0131: <a href=\"https:\/\/www.pexels.com\/@jerva?utm_content=attributionCopyText&amp;utm_medium=referral&amp;utm_source=pexels\" target=\"_blank\" rel=\"noreferrer noopener\">Jerson Vargas<\/a>&nbsp;|&nbsp;<a href=\"https:\/\/www.pexels.com\/photo\/internet-technology-blur-music-4765390\/?utm_content=attributionCopyText&amp;utm_medium=referral&amp;utm_source=pexels\" target=\"_blank\" rel=\"noreferrer noopener\">Pexels<\/a><\/p>\n\n\n\n<p>\u00a9 2021 Ufuk \u00d6nen. Her hakk\u0131 sakl\u0131d\u0131r. \u0130zinsiz kullan\u0131lamaz.<\/p>\n","protected":false},"excerpt":{"rendered":"<p class=\"post-excerpt\">Bu yaz\u0131mda, stereo kanallar\u0131 biraz daha geni\u015f duyurabilmek i\u00e7in kulland\u0131\u011f\u0131m basit bir EQ tekni\u011fini sizlerle payla\u015fmak istiyorum. Split EQ olarak&#8230;<\/p>\n","protected":false},"author":2,"featured_media":6918,"comment_status":"closed","ping_status":"open","sticky":false,"template":"","format":"standard","meta":{"_mi_skip_tracking":false,"spay_email":"","jetpack_publicize_message":"","jetpack_is_tweetstorm":false,"jetpack_publicize_feature_enabled":true},"categories":[16],"tags":[],"jetpack_featured_media_url":"https:\/\/www.ufukonen.com\/tr\/wp-content\/uploads\/Split_EQ_Stereo_Genisletme_00_Header.jpg","jetpack_publicize_connections":[],"jetpack_shortlink":"https:\/\/wp.me\/p3rjsG-1Nv","jetpack_sharing_enabled":true,"jetpack-related-posts":[{"id":6887,"url":"https:\/\/www.ufukonen.com\/tr\/multichannel-multimono-plugin.html","url_meta":{"origin":6913,"position":0},"title":"Multichannel ve Multi-Mono Plug-in Kullan\u0131mlar\u0131 Aras\u0131ndaki Fark","date":"September 27, 2021","format":false,"excerpt":"Plug-in'ler, stereo kanallarda bir\u00e7ok ki\u015fi taraf\u0131ndan genelde multichannel olarak kullan\u0131l\u0131yor. Bu, baz\u0131lar\u0131 taraf\u0131ndan bilin\u00e7li olarak yap\u0131lan bir se\u00e7im ancak di\u011ferleri ise multi-mono ad\u0131 verilen ba\u015fka bir se\u00e7enek daha oldu\u011funun fark\u0131nda de\u011fil. Di\u011fer se\u00e7ene\u011fin fark\u0131na varanlarda ise ilk ba\u015fta bir kafa kar\u0131\u015f\u0131kl\u0131\u011f\u0131 oluyor. Multichannel ve multi-mono aras\u0131nda ne fark oldu\u011funu soruyorlar.\u2026","rel":"","context":"In &quot;Ses ve M\u00fczik Teknolojileri&quot;","img":{"alt_text":"","src":"https:\/\/i0.wp.com\/www.ufukonen.com\/tr\/wp-content\/uploads\/Multichannel_MultiMono_Plugin_00_Header.jpg?resize=350%2C200&ssl=1","width":350,"height":200},"classes":[]},{"id":7023,"url":"https:\/\/www.ufukonen.com\/tr\/eventide-spliteq.html","url_meta":{"origin":6913,"position":1},"title":"Eventide SplitEQ &#8211; Oyunun Kurallar\u0131 De\u011fi\u015fiyor mu?","date":"December 6, 2021","format":false,"excerpt":"Eventide, 50 y\u0131ll\u0131k k\u00f6kl\u00fc ve inovatif bir firma. 70'li, 80'li ve 90'l\u0131 y\u0131llarda \u00fcrettikleri delay ve phaser gibi efekt \u00fcnitelerini y\u00fczlerce st\u00fcdyoda g\u00f6rmek m\u00fcmk\u00fcnd\u00fc. \u0130simleri ile \u00f6zde\u015fle\u015fen Harmonizer\u00ae ve Ultra-Harmonizer\u00ae ile ses teknolojisi d\u00fcnyas\u0131nda adeta oyunun kurallar\u0131n\u0131 de\u011fi\u015ftirdiler. Eventide, hardware cihaz tasarlay\u0131p \u00fcretmeye devam ediyor ama 2000'li y\u0131llar\u0131n ba\u015f\u0131ndan bu\u2026","rel":"","context":"In &quot;Ses ve M\u00fczik Teknolojileri&quot;","img":{"alt_text":"","src":"https:\/\/i0.wp.com\/www.ufukonen.com\/tr\/wp-content\/uploads\/Eventide_SplitEQ_00_Header.jpg?resize=350%2C200&ssl=1","width":350,"height":200},"classes":[]},{"id":5057,"url":"https:\/\/www.ufukonen.com\/tr\/ucretsiz-pluginler-18.html","url_meta":{"origin":6913,"position":2},"title":"\u00dccretsiz Plug-in&#8217;ler (18)","date":"September 16, 2019","format":false,"excerpt":"\u00dccretsiz\u00a0plug-in'ler serisi 18: StereoTool v3 (Flux), Corellometer (Voxengo), bx_solo (Brainworx), \u00a0Free Ranger (SPL). StereoTool v3 (Flux) StereoTool v3, bir faz ve korelasyon g\u00f6sterge plug-in'i. Sinyalin stereo geni\u015fli\u011fini inceleyebilir, sinyalde faz problemi olup olmad\u0131\u011f\u0131n\u0131 ve sinyalin mono uyumlulu\u011funu kontrol edebilirsiniz. Plug-in \u00fczerinde sa\u011f ve sol kanallar i\u00e7in ayr\u0131 seviye ve pan\u2026","rel":"","context":"In &quot;Ses ve M\u00fczik Teknolojileri&quot;","img":{"alt_text":"","src":"https:\/\/i0.wp.com\/www.ufukonen.com\/tr\/wp-content\/uploads\/Ucretsiz_Pluginler_18.jpg?resize=350%2C200&ssl=1","width":350,"height":200},"classes":[]},{"id":5068,"url":"https:\/\/www.ufukonen.com\/tr\/mono-uyumluluk-kontrol.html","url_meta":{"origin":6913,"position":3},"title":"Mono Uyumlulu\u011funu Nas\u0131l Kontrol Ederiz?","date":"September 23, 2019","format":false,"excerpt":"\"Mono Uyumlulu\u011fu Ger\u00e7ekten \u00d6nemli mi?\" ba\u015fl\u0131kl\u0131 yaz\u0131mda bu konudaki fikirlerimi aktarm\u0131\u015ft\u0131m. Yaz\u0131da da belirtti\u011fim \u00fczere, cep telefonu ve tablet gibi cihazlarla kablosuz ba\u011flant\u0131 y\u00f6ntemi ile kullan\u0131lan hoparl\u00f6rler son y\u0131llarda m\u00fcthi\u015f derece pop\u00fcler hale geldi. Hatta IKEA bile Sonos ile i\u015f birli\u011fi yap\u0131p kitap raf\u0131 ve masa lambas\u0131 gibi \u015fekillerde kablosuz\u2026","rel":"","context":"In &quot;Ses ve M\u00fczik Teknolojileri&quot;","img":{"alt_text":"","src":"https:\/\/i0.wp.com\/www.ufukonen.com\/tr\/wp-content\/uploads\/Mono_Kontrol_720.jpg?resize=350%2C200&ssl=1","width":350,"height":200},"classes":[]},{"id":6447,"url":"https:\/\/www.ufukonen.com\/tr\/vokal-miksi-rehber-2.html","url_meta":{"origin":6913,"position":4},"title":"Vokal Miksi i\u00e7in Mini Rehber (2. B\u00f6l\u00fcm)","date":"March 22, 2021","format":false,"excerpt":"Bu yaz\u0131mda vokal miksi i\u00e7in kullanabilece\u011finiz sekiz ba\u015fl\u0131ktan olu\u015fan bir mini rehber haz\u0131rlad\u0131m. Her ba\u015fl\u0131\u011f\u0131n alt\u0131nda ilgili yaz\u0131lar\u0131n linklerini ekledim. \u0130lk olarak 22 Mart 2021'de yay\u0131nlanm\u0131\u015f olan bu mini rehber, 8 A\u011fustos 2022, 28 Kas\u0131m 2022, 20 Mart 2023 ve 7 A\u011fustos 2025 tarihlerinde g\u00fcncellenmi\u015ftir. Filtre ve EQKompres\u00f6rEQDe-esserSidechain Kompres\u00f6r Kullan\u0131m\u0131Saturation,\u2026","rel":"","context":"In &quot;M\u00fczik Prod\u00fcksiyonu&quot;","img":{"alt_text":"","src":"https:\/\/i0.wp.com\/www.ufukonen.com\/tr\/wp-content\/uploads\/Vokal_Miksi_Mini_Rehber_00_Header.jpg?resize=350%2C200&ssl=1","width":350,"height":200},"classes":[]},{"id":6674,"url":"https:\/\/www.ufukonen.com\/tr\/mid-side-sinyal-isleme.html","url_meta":{"origin":6913,"position":5},"title":"Mid\/Side (M\/S) Sinyal \u0130\u015fleme Y\u00f6ntemi","date":"June 14, 2021","format":false,"excerpt":"Mid\/Side processing (ya da k\u0131sa ad\u0131yla M\/S processing), M\/S mikrofonlama tekni\u011finden ilham alarak geli\u015ftirilmi\u015f bir sinyal i\u015fleme y\u00f6ntemi (M\/S mikrofonlama tekni\u011fi ile ilgili yaz\u0131m\u0131 buraya t\u0131klayarak okuyabilirsiniz). Bu y\u00f6ntem, \u00e7al\u0131\u015fma prensibi olarak stereodan farkl\u0131. Hemen k\u0131saca aradaki fark\u0131 anlatay\u0131m. Stereo ve M\/S \u0130\u015fleme Aras\u0131ndaki Fark Stereo, sol ve sa\u011f olmak\u2026","rel":"","context":"In &quot;Ses ve M\u00fczik Teknolojileri&quot;","img":{"alt_text":"","src":"https:\/\/i0.wp.com\/www.ufukonen.com\/tr\/wp-content\/uploads\/MidSide_Sinyal_Isleme_00_Header.jpg?resize=350%2C200&ssl=1","width":350,"height":200},"classes":[]}],"_links":{"self":[{"href":"https:\/\/www.ufukonen.com\/tr\/wp-json\/wp\/v2\/posts\/6913"}],"collection":[{"href":"https:\/\/www.ufukonen.com\/tr\/wp-json\/wp\/v2\/posts"}],"about":[{"href":"https:\/\/www.ufukonen.com\/tr\/wp-json\/wp\/v2\/types\/post"}],"author":[{"embeddable":true,"href":"https:\/\/www.ufukonen.com\/tr\/wp-json\/wp\/v2\/users\/2"}],"replies":[{"embeddable":true,"href":"https:\/\/www.ufukonen.com\/tr\/wp-json\/wp\/v2\/comments?post=6913"}],"version-history":[{"count":6,"href":"https:\/\/www.ufukonen.com\/tr\/wp-json\/wp\/v2\/posts\/6913\/revisions"}],"predecessor-version":[{"id":8553,"href":"https:\/\/www.ufukonen.com\/tr\/wp-json\/wp\/v2\/posts\/6913\/revisions\/8553"}],"wp:featuredmedia":[{"embeddable":true,"href":"https:\/\/www.ufukonen.com\/tr\/wp-json\/wp\/v2\/media\/6918"}],"wp:attachment":[{"href":"https:\/\/www.ufukonen.com\/tr\/wp-json\/wp\/v2\/media?parent=6913"}],"wp:term":[{"taxonomy":"category","embeddable":true,"href":"https:\/\/www.ufukonen.com\/tr\/wp-json\/wp\/v2\/categories?post=6913"},{"taxonomy":"post_tag","embeddable":true,"href":"https:\/\/www.ufukonen.com\/tr\/wp-json\/wp\/v2\/tags?post=6913"}],"curies":[{"name":"wp","href":"https:\/\/api.w.org\/{rel}","templated":true}]}}