{"id":6941,"date":"2021-10-18T01:00:00","date_gmt":"2021-10-17T22:00:00","guid":{"rendered":"https:\/\/www.ufukonen.com\/tr\/?p=6941"},"modified":"2021-10-28T20:20:16","modified_gmt":"2021-10-28T17:20:16","slug":"tilt-eq","status":"publish","type":"post","link":"https:\/\/www.ufukonen.com\/tr\/tilt-eq.html","title":{"rendered":"Tilt EQ"},"content":{"rendered":"\n<p>Sinyalde sorunlu bir frekans ya da frekans aral\u0131\u011f\u0131 tespit etti\u011fimizde ilk akl\u0131m\u0131za gelen, parametrik EQ ile o aral\u0131\u011f\u0131 kesmek ya da azaltmak oluyor. Amac\u0131m\u0131z sinyalin genel frekans dengesini koruyarak sadece problemli frekanslara m\u00fcdahale etmek oldu\u011fu i\u00e7in parametrik EQ ile m\u00fcmk\u00fcn oldu\u011funca dar bir alanda \u00e7al\u0131\u015fmaya \u00f6zen g\u00f6steriyoruz. Di\u011fer bir deyi\u015fle dar bir &#8216;bandwidth&#8217; ya da y\u00fcksek bir Q de\u011feri kullan\u0131yoruz. Konu ile ilgili olarak &#8220;<a href=\"https:\/\/www.ufukonen.com\/tr\/eq-bandwidth-q-parametreleri.html\" target=\"_blank\" rel=\"noreferrer noopener\">EQ \u00dczerindeki Bandwidth ve Q Parametreleri<\/a>&#8221; ba\u015fl\u0131kl\u0131 yaz\u0131m\u0131 okuyabilirsiniz.<\/p>\n\n\n\n<p>Kesin bir kural olmamakla birlikte, parametrik EQ ile \u00e7al\u0131\u015f\u0131rken, keserken ve azalt\u0131rken (cut) y\u00fcksek Q de\u011feri, a\u00e7arken (boost) ise d\u00fc\u015f\u00fck Q de\u011feri genelde daha iyi sonu\u00e7 verir.<\/p>\n\n\n\n<p>Her ne kadar dar veya geni\u015f kessek ya da a\u00e7sak da, parametrik EQ ile i\u015flem yaparken her durumda sinyalin frekans dengesi \u00fczerinde (ama az, ama \u00e7ok) de\u011fi\u015fiklik yapm\u0131\u015f oluyoruz.<\/p>\n\n\n\n<p>Peki, frekans dengesine dokunmadan sinyalde sadece estetik ama\u00e7l\u0131 olarak baz\u0131 de\u011fi\u015fiklikler yapmak istesek? \u00d6rnek olarak tonu biraz daha koyu ya da parlak bir hale getirmek istesek? M\u00fcmk\u00fcn m\u00fcd\u00fcr?<\/p>\n\n\n\n<p>\u0130\u015fte burada tilt EQ devreye giriyor!<\/p>\n\n\n\n<div style=\"height:25px\" aria-hidden=\"true\" class=\"wp-block-spacer\"><\/div>\n\n\n\n<h3>Tilt EQ: \u00c7al\u0131\u015fma Prensibi<\/h3>\n\n\n\n<p>Tilt EQ&#8217;yu \u00e7al\u0131\u015fma prensibi olarak tahterevalliye benzetebiliriz. Tilt EQ \u00fczerinde bir adet frekans (cut-off) noktas\u0131 bulunur. Bu cut-off noktas\u0131n\u0131n sa\u011f taraf\u0131n\u0131 yukar\u0131 \u00e7ekersek sol taraf\u0131 a\u015fa\u011f\u0131ya iner; sol taraf\u0131n\u0131 yukar\u0131 \u00e7ekersek, bu sefere de sa\u011f taraf\u0131 a\u015fa\u011f\u0131ya iner.<\/p>\n\n\n\n<p>G\u00f6z\u00fcn\u00fczde kolayca canlans\u0131n diye a\u015fa\u011f\u0131da HOFA 4U+ DynamicTiltEQ plug-in&#8217;inden bir ekran g\u00f6r\u00fcnt\u00fcs\u00fc payla\u015f\u0131yorum.<\/p>\n\n\n\n<figure class=\"wp-block-image size-large\"><img loading=\"lazy\" width=\"1024\" height=\"449\" src=\"https:\/\/www.ufukonen.com\/tr\/wp-content\/uploads\/TiltEQ_01-1024x449.jpg\" alt=\"\" class=\"wp-image-6943\" srcset=\"https:\/\/www.ufukonen.com\/tr\/wp-content\/uploads\/TiltEQ_01-1024x449.jpg 1024w, https:\/\/www.ufukonen.com\/tr\/wp-content\/uploads\/TiltEQ_01-300x131.jpg 300w, https:\/\/www.ufukonen.com\/tr\/wp-content\/uploads\/TiltEQ_01-768x336.jpg 768w, https:\/\/www.ufukonen.com\/tr\/wp-content\/uploads\/TiltEQ_01-1536x673.jpg 1536w, https:\/\/www.ufukonen.com\/tr\/wp-content\/uploads\/TiltEQ_01-1140x499.jpg 1140w, https:\/\/www.ufukonen.com\/tr\/wp-content\/uploads\/TiltEQ_01-552x242.jpg 552w, https:\/\/www.ufukonen.com\/tr\/wp-content\/uploads\/TiltEQ_01.jpg 1920w\" sizes=\"(max-width: 1024px) 100vw, 1024px\" \/><\/figure>\n\n\n\n<div style=\"height:25px\" aria-hidden=\"true\" class=\"wp-block-spacer\"><\/div>\n\n\n\n<h3>Neden \u00d6nemli?<\/h3>\n\n\n\n<p>Tilt EQ&#8217;nun sundu\u011fu en \u00f6nemli \u00f6zellik, frekans dengesini koruyarak sinyalin tonunu daha koyu ya da parlak hale getirebilmesi. Tilt EQ sayesinde EQ ve frekans dengesi ile u\u011fra\u015fmadan sinyalin tonu \u00fczerinde k\u00fc\u00e7\u00fck de\u011fi\u015fiklikler yapmak gerekten \u00e7ok basit.<\/p>\n\n\n\n<div style=\"height:25px\" aria-hidden=\"true\" class=\"wp-block-spacer\"><\/div>\n\n\n\n<h3>\u00dccretsiz Plug-in&#8217;ler<\/h3>\n\n\n\n<p>Yukar\u0131da ekran g\u00f6r\u00fcnt\u00fcs\u00fcn\u00fc payla\u015ft\u0131\u011f\u0131m HOFA 4U+ DynamicTiltEQ plug-in&#8217;inin \u00fccretsiz olan k\u0131s\u0131tl\u0131 bir versiyonu var. \u00dccretsiz olan s\u00fcr\u00fcmde sadece tilt EQ var; \u00fccretli s\u00fcr\u00fcm de ise dinamik EQ \u00f6zelli\u011fini de devreye alabiliyorsunuz. \u0130ndirme linki i\u00e7in <a href=\"https:\/\/www.ufukonen.com\/tr\/ucretsiz-pluginler-12.html\" target=\"_blank\" rel=\"noreferrer noopener\">buraya t\u0131klay\u0131n<\/a>.<\/p>\n\n\n\n<p>Alternatif olarak TBProAudio&#8217;nun STilt v2 adl\u0131 plug-in&#8217;ini deneyebilirsiniz. \u00dccretsiz indirme linki i\u00e7in <a href=\"https:\/\/www.ufukonen.com\/tr\/ucretsiz-pluginler-23.html\" target=\"_blank\" rel=\"noreferrer noopener\">buraya t\u0131klay\u0131n<\/a>.<\/p>\n\n\n\n<figure class=\"wp-block-image size-large\"><img loading=\"lazy\" width=\"841\" height=\"800\" src=\"https:\/\/www.ufukonen.com\/tr\/wp-content\/uploads\/TBProAudio_sTiltv2.jpg\" alt=\"\" class=\"wp-image-6405\" srcset=\"https:\/\/www.ufukonen.com\/tr\/wp-content\/uploads\/TBProAudio_sTiltv2.jpg 841w, https:\/\/www.ufukonen.com\/tr\/wp-content\/uploads\/TBProAudio_sTiltv2-300x285.jpg 300w, https:\/\/www.ufukonen.com\/tr\/wp-content\/uploads\/TBProAudio_sTiltv2-768x731.jpg 768w, https:\/\/www.ufukonen.com\/tr\/wp-content\/uploads\/TBProAudio_sTiltv2-552x525.jpg 552w\" sizes=\"(max-width: 841px) 100vw, 841px\" \/><\/figure>\n\n\n\n<div style=\"height:25px\" aria-hidden=\"true\" class=\"wp-block-spacer\"><\/div>\n\n\n\n<h3>\u00dccretli Plug-in&#8217;ler<\/h3>\n\n\n\n<p>Piyasada bir\u00e7ok tilt EQ plug-in&#8217;i mevcut. Bunlardan baz\u0131lar\u0131:<\/p>\n\n\n\n<ul><li><a rel=\"noreferrer noopener\" href=\"https:\/\/www.softube.com\/tilt\" target=\"_blank\">Tonelux Tilt <\/a>(Softube) <\/li><li><a rel=\"noreferrer noopener\" href=\"https:\/\/www.audiothing.net\/effects\/things-tilt\/\" target=\"_blank\">Things &#8211; Flip EQ<\/a> (AudioThing) <\/li><li><a rel=\"noreferrer noopener\" href=\"https:\/\/www.bozdigitallabs.com\/product\/t-bone\/\" target=\"_blank\">T-Bone<\/a> (Boz Digital Labs) <\/li><li><a href=\"https:\/\/venomode.com\/pivot\" target=\"_blank\" rel=\"noreferrer noopener\">Pivot<\/a> (Venomode)<\/li><\/ul>\n\n\n\n<figure class=\"wp-block-image size-large\"><img loading=\"lazy\" width=\"857\" height=\"253\" src=\"https:\/\/www.ufukonen.com\/tr\/wp-content\/uploads\/TiltEQ_03.jpg\" alt=\"\" class=\"wp-image-6947\" srcset=\"https:\/\/www.ufukonen.com\/tr\/wp-content\/uploads\/TiltEQ_03.jpg 857w, https:\/\/www.ufukonen.com\/tr\/wp-content\/uploads\/TiltEQ_03-300x89.jpg 300w, https:\/\/www.ufukonen.com\/tr\/wp-content\/uploads\/TiltEQ_03-768x227.jpg 768w, https:\/\/www.ufukonen.com\/tr\/wp-content\/uploads\/TiltEQ_03-552x163.jpg 552w\" sizes=\"(max-width: 857px) 100vw, 857px\" \/><\/figure>\n\n\n\n<p>Tabii FabFilter Pro-Q 3 \u00fczerinde tilt EQ \u00f6zelli\u011fi da olmas\u0131 pek \u015fa\u015f\u0131rt\u0131c\u0131 de\u011fil san\u0131r\u0131m.<\/p>\n\n\n\n<figure class=\"wp-block-image size-large\"><img loading=\"lazy\" width=\"1024\" height=\"615\" src=\"https:\/\/www.ufukonen.com\/tr\/wp-content\/uploads\/TiltEQ_02-1024x615.jpg\" alt=\"\" class=\"wp-image-6944\" srcset=\"https:\/\/www.ufukonen.com\/tr\/wp-content\/uploads\/TiltEQ_02-1024x615.jpg 1024w, https:\/\/www.ufukonen.com\/tr\/wp-content\/uploads\/TiltEQ_02-300x180.jpg 300w, https:\/\/www.ufukonen.com\/tr\/wp-content\/uploads\/TiltEQ_02-768x461.jpg 768w, https:\/\/www.ufukonen.com\/tr\/wp-content\/uploads\/TiltEQ_02-1140x685.jpg 1140w, https:\/\/www.ufukonen.com\/tr\/wp-content\/uploads\/TiltEQ_02-552x332.jpg 552w, https:\/\/www.ufukonen.com\/tr\/wp-content\/uploads\/TiltEQ_02.jpg 1280w\" sizes=\"(max-width: 1024px) 100vw, 1024px\" \/><\/figure>\n\n\n\n<div style=\"height:25px\" aria-hidden=\"true\" class=\"wp-block-spacer\"><\/div>\n\n\n\n<h3>Sonu\u00e7 Olarak\u2026<\/h3>\n\n\n\n<p>Tilt EQ sayesinde frekans dengesini koruyarak sinyalin tonunu daha koyu ya da parlak hale getirmek ger\u00e7ekten \u00e7ok pratik. Mutlaka deneyin!<\/p>\n\n\n\n<div style=\"height:50px\" aria-hidden=\"true\" class=\"wp-block-spacer\"><\/div>\n\n\n\n<p>Teknik terimler i\u00e7in <a href=\"http:\/\/www.ufukonen.com\/tr\/ses-kayit-muzik-teknolojisi-terimler-sozluk.html\">m\u00fczik teknolojisi, m\u00fczik prod\u00fcksiyonu ve ses kay\u0131t terimleri s\u00f6zl\u00fc\u011f\u00fcne<\/a> g\u00f6z atabilirsiniz.<\/p>\n\n\n\n<p>Benzer payla\u015f\u0131mlar i\u00e7in beni <a rel=\"noreferrer noopener\" href=\"https:\/\/www.facebook.com\/ufukonen.skmt\/\" target=\"_blank\">Facebook<\/a>, <a href=\"https:\/\/www.instagram.com\/ufukonen\/\" target=\"_blank\" rel=\"noreferrer noopener\" aria-label=\"Instagram (opens in a new tab)\">Instagram<\/a> ve <a rel=\"noreferrer noopener\" href=\"https:\/\/twitter.com\/UfukOnen\" target=\"_blank\">Twitter<\/a>&#8216;da takip edebilir, haberler i\u00e7in <a rel=\"noreferrer noopener\" href=\"http:\/\/ufukonen.com\/tr\/ses-kayit-muzik-teknolojisi-terimler-sozluk.html\" target=\"_blank\">mesaj listeme \u00fcye olabilirsiniz<\/a>. Te\u015fekk\u00fcrler.<\/p>\n\n\n\n<p>\u00a9 2021 Ufuk \u00d6nen. Her hakk\u0131 sakl\u0131d\u0131r. \u0130zinsiz kullan\u0131lamaz.<\/p>\n","protected":false},"excerpt":{"rendered":"<p class=\"post-excerpt\">Sinyalde sorunlu bir frekans ya da frekans aral\u0131\u011f\u0131 tespit etti\u011fimizde ilk akl\u0131m\u0131za gelen, parametrik EQ ile o aral\u0131\u011f\u0131 kesmek ya&#8230;<\/p>\n","protected":false},"author":2,"featured_media":6948,"comment_status":"closed","ping_status":"open","sticky":false,"template":"","format":"standard","meta":{"_mi_skip_tracking":false,"spay_email":"","jetpack_publicize_message":"","jetpack_is_tweetstorm":false,"jetpack_publicize_feature_enabled":true},"categories":[18],"tags":[],"jetpack_featured_media_url":"https:\/\/www.ufukonen.com\/tr\/wp-content\/uploads\/TiltEQ_00_Header.jpg","jetpack_publicize_connections":[],"jetpack_shortlink":"https:\/\/wp.me\/p3rjsG-1NX","jetpack_sharing_enabled":true,"jetpack-related-posts":[{"id":5482,"url":"https:\/\/www.ufukonen.com\/tr\/eq-bandwidth-q-parametreleri.html","url_meta":{"origin":6941,"position":0},"title":"EQ \u00dczerindeki Bandwidth ve Q Parametreleri","date":"March 2, 2020","format":false,"excerpt":"Bandwidth ve Q\u2026 EQ kullan\u0131rken bu iki terimin ne oldu\u011funu ve \u00f6zellikle parametrik EQ ile \u00e7al\u0131\u015f\u0131rken kar\u015f\u0131m\u0131za \u00e7\u0131kan bu parametrelerin ne i\u015fe yarad\u0131\u011f\u0131n\u0131 mutlaka bilmek gerekiyor. Bandwidth Bandwidth genellikle oktav (octave) cinsinden ifade ediliyor. A\u015fa\u011f\u0131daki grafikte 1 kHz\u2019de +12 dB\u2019e ayarlanm\u0131\u015f 6 dB\/oktav slope\u2019a sahip bir parametrik EQ grafi\u011fi g\u00f6r\u00fcyorsunuz.\u2026","rel":"","context":"In &quot;Ses ve M\u00fczik Teknolojileri&quot;","img":{"alt_text":"","src":"https:\/\/i0.wp.com\/www.ufukonen.com\/tr\/wp-content\/uploads\/EQ_Bandwidth_Q_-_FabFilter_ProQ3_MOD-3.jpg?resize=350%2C200&ssl=1","width":350,"height":200},"classes":[]},{"id":3999,"url":"https:\/\/www.ufukonen.com\/tr\/eq-kullanimi-birkac-tavsiye.html","url_meta":{"origin":6941,"position":1},"title":"EQ Kullan\u0131m\u0131: Birka\u00e7 Tavsiye","date":"June 18, 2018","format":false,"excerpt":"Bu yaz\u0131mda EQ kullan\u0131m\u0131 ile ilgili birka\u00e7 tavsiyede bulunmak istiyorum. Ses Kay\u0131t ve M\u00fczik Teknolojisi\u00a0(SKMT) adl\u0131 kitab\u0131mda EQ ile detayl\u0131 bilgiler, Miks \u00dczerine: M\u00fczik Prod\u00fcksiyonlar\u0131nda Miks Teknikleri ve \u00c7e\u015fitli Yakla\u015f\u0131mlar\u00a0(MPMT) adl\u0131 kitab\u0131mda ise EQ kullan\u0131m\u0131 hakk\u0131nda bir\u00e7ok miks m\u00fchendisinin g\u00f6r\u00fc\u015f ve tavsiyelerini\u00a0bulabilirsiniz. Ekim 2019 g\u00fcncelleme:\u00a0Gelen talepleri ve sorular\u0131 g\u00f6z \u00f6n\u00fcne\u2026","rel":"","context":"In &quot;M\u00fczik Prod\u00fcksiyonu&quot;","img":{"alt_text":"","src":"https:\/\/i0.wp.com\/www.ufukonen.com\/tr\/wp-content\/uploads\/EQ_Kullanimi_Birkac_Tavsiye_1080.jpg?resize=350%2C200&ssl=1","width":350,"height":200},"classes":[]},{"id":2184,"url":"https:\/\/www.ufukonen.com\/tr\/eq-sweeping.html","url_meta":{"origin":6941,"position":2},"title":"EQ Kullan\u0131m\u0131nda Sweeping Tekni\u011fi","date":"June 29, 2015","format":false,"excerpt":"https:\/\/www.youtube.com\/watch?v=daxCSWpS2g4 Parametrik veya yar\u0131-parametrik EQ kullan\u0131rken ilk yapman\u0131z gereken, seviyesini artt\u0131rmak (boost) veya azaltmak (attenuate, cut) istedi\u011finiz frekanslar\u0131 bulmakt\u0131r. Bunun en pratik yolu dB kontrol\u00fcn\u00fc olduk\u00e7a a\u00e7\u0131p frekans kontrol\u00fc ile frekans aral\u0131\u011f\u0131n\u0131 taramakt\u0131r. Arad\u0131\u011f\u0131m\u0131z frekans\u0131 bulunca dB kontrol\u00fc ile bu frekans\u0131n seviyesini istedi\u011fimiz kadar azaltabilir veya art\u0131rabiliriz. Parametrik ve yar\u0131-parametrik\u2026","rel":"","context":"In &quot;M\u00fczik Prod\u00fcksiyonu&quot;","img":{"alt_text":"","src":"https:\/\/i0.wp.com\/www.ufukonen.com\/tr\/wp-content\/uploads\/EQ_Kullaniminda_Sweeping_Teknigi.jpg?resize=350%2C200&ssl=1","width":350,"height":200},"classes":[]},{"id":6078,"url":"https:\/\/www.ufukonen.com\/tr\/parametrik-eq-oktav-q-tablo.html","url_meta":{"origin":6941,"position":3},"title":"Parametrik EQ \u00dczerindeki Oktav ve Q De\u011ferlerinin Kar\u015f\u0131la\u015ft\u0131rmal\u0131 Tablosu","date":"September 28, 2020","format":false,"excerpt":"Parametrik EQ\u2019nun etkili oldu\u011fu frekans aral\u0131\u011f\u0131n\u0131n geni\u015fli\u011fi oktav veya Q cinsinden ifade edilir. Blog yaz\u0131lar\u0131m\u0131 takip edenler hat\u0131rlayacakt\u0131r, daha \u00f6nce bu konu ile ilgili olarak \"EQ \u00dczerindeki Bandwidth ve Q Parametreleri\" ba\u015fl\u0131kl\u0131 bir yaz\u0131 yay\u0131nlam\u0131\u015ft\u0131m. Modern EQ'lar \u00fczerinde art\u0131k genellikle oktav yerine Q de\u011feri kullan\u0131lmaya ba\u015fland\u0131. E\u011fer frekans aral\u0131\u011f\u0131n\u0131 oktav\u2026","rel":"","context":"In &quot;Ses ve M\u00fczik Teknolojileri&quot;","img":{"alt_text":"","src":"https:\/\/i0.wp.com\/www.ufukonen.com\/tr\/wp-content\/uploads\/Parametrik_EQ_Oktav_Q_Tablo_Header.jpg?resize=350%2C200&ssl=1","width":350,"height":200},"classes":[]},{"id":6445,"url":"https:\/\/www.ufukonen.com\/tr\/vokal-miksi-rehber-1.html","url_meta":{"origin":6941,"position":4},"title":"Vokal Miksi i\u00e7in Mini Rehber (1. B\u00f6l\u00fcm)","date":"March 15, 2021","format":false,"excerpt":"Bu yaz\u0131mda vokal miksi i\u00e7in kullanabilece\u011finiz sekiz ba\u015fl\u0131ktan olu\u015fan bir mini rehber haz\u0131rlad\u0131m. Her ba\u015fl\u0131\u011f\u0131n alt\u0131nda ilgili yaz\u0131lar\u0131n linklerini ekledim. \u0130lk olarak 22 Mart 2021'de yay\u0131nlanm\u0131\u015f olan bu mini rehber, 8 A\u011fustos 2022, 28 Kas\u0131m 2022, 20 Mart 2023 ve 7 A\u011fustos 2025 tarihlerinde g\u00fcncellenmi\u015ftir. Filtre ve EQKompres\u00f6rEQDe-esserSidechain Kompres\u00f6r Kullan\u0131m\u0131Saturation,\u2026","rel":"","context":"In &quot;M\u00fczik Prod\u00fcksiyonu&quot;","img":{"alt_text":"","src":"https:\/\/i0.wp.com\/www.ufukonen.com\/tr\/wp-content\/uploads\/Vokal_Miksi_Mini_Rehber_00_Header.jpg?resize=350%2C200&ssl=1","width":350,"height":200},"classes":[]},{"id":7643,"url":"https:\/\/www.ufukonen.com\/tr\/5-ucretsiz-eq-plugin.html","url_meta":{"origin":6941,"position":5},"title":"5 \u00dccretsiz EQ Plug-in&#8217;i","date":"October 17, 2022","format":false,"excerpt":"Blog yaz\u0131lar\u0131m\u0131 takip edenler bilir, \"\u00dccretsiz Plug-in'ler Serisi\" ba\u015fl\u0131\u011f\u0131 alt\u0131nda bug\u00fcne kadar bir\u00e7ok plug-in payla\u015ft\u0131m. Bunlar\u0131n i\u00e7inde akl\u0131n\u0131za gelebilecek her t\u00fcr ses i\u015flemci ve efekt vard\u0131\u2026 EQ, kompres\u00f6r, delay, reverb, gate, filtre ve di\u011ferleri. Bu seride payla\u015ft\u0131\u011f\u0131m \u00fccretsiz EQ plug-in'lerinin bir listesini \u00e7\u0131kard\u0131m. Bu liste i\u00e7inden \u015fahsi favorim olan be\u015f\u2026","rel":"","context":"Similar post","img":{"alt_text":"","src":"https:\/\/i0.wp.com\/www.ufukonen.com\/tr\/wp-content\/uploads\/5_Ucretsiz_EQ_Plugin_00_Header.jpg?resize=350%2C200&ssl=1","width":350,"height":200},"classes":[]}],"_links":{"self":[{"href":"https:\/\/www.ufukonen.com\/tr\/wp-json\/wp\/v2\/posts\/6941"}],"collection":[{"href":"https:\/\/www.ufukonen.com\/tr\/wp-json\/wp\/v2\/posts"}],"about":[{"href":"https:\/\/www.ufukonen.com\/tr\/wp-json\/wp\/v2\/types\/post"}],"author":[{"embeddable":true,"href":"https:\/\/www.ufukonen.com\/tr\/wp-json\/wp\/v2\/users\/2"}],"replies":[{"embeddable":true,"href":"https:\/\/www.ufukonen.com\/tr\/wp-json\/wp\/v2\/comments?post=6941"}],"version-history":[{"count":5,"href":"https:\/\/www.ufukonen.com\/tr\/wp-json\/wp\/v2\/posts\/6941\/revisions"}],"predecessor-version":[{"id":6950,"href":"https:\/\/www.ufukonen.com\/tr\/wp-json\/wp\/v2\/posts\/6941\/revisions\/6950"}],"wp:featuredmedia":[{"embeddable":true,"href":"https:\/\/www.ufukonen.com\/tr\/wp-json\/wp\/v2\/media\/6948"}],"wp:attachment":[{"href":"https:\/\/www.ufukonen.com\/tr\/wp-json\/wp\/v2\/media?parent=6941"}],"wp:term":[{"taxonomy":"category","embeddable":true,"href":"https:\/\/www.ufukonen.com\/tr\/wp-json\/wp\/v2\/categories?post=6941"},{"taxonomy":"post_tag","embeddable":true,"href":"https:\/\/www.ufukonen.com\/tr\/wp-json\/wp\/v2\/tags?post=6941"}],"curies":[{"name":"wp","href":"https:\/\/api.w.org\/{rel}","templated":true}]}}