{"id":6954,"date":"2021-10-25T01:00:00","date_gmt":"2021-10-24T22:00:00","guid":{"rendered":"https:\/\/www.ufukonen.com\/tr\/?p=6954"},"modified":"2022-01-22T22:16:19","modified_gmt":"2022-01-22T19:16:19","slug":"aes-151-all-about-stereo-panning","status":"publish","type":"post","link":"https:\/\/www.ufukonen.com\/tr\/aes-151-all-about-stereo-panning.html","title":{"rendered":"AES 151: All About Stereo Panning (Stereo Pan Hakk\u0131nda Her \u015eey)"},"content":{"rendered":"\n<p>Audio Engineering Society (AES) 151. kongresinde &#8220;All About Stereo Panning&#8221; (Stereo Pan Hakk\u0131nda Her \u015eey) ba\u015fl\u0131kl\u0131 bir sunum yapt\u0131m. Sunum, 20 Ekim 2021 \u00c7ar\u015famba g\u00fcn\u00fc teknik program\u0131n a\u00e7\u0131l\u0131\u015f\u0131nda, a\u00e7\u0131l\u0131\u015f seremonisi ile Peter Asher&#8217;\u0131n keynote konu\u015fmas\u0131 aras\u0131nda ger\u00e7ekle\u015fti. \u0130zlenme a\u00e7\u0131s\u0131ndan istesem de daha iyi bir saatte olamazd\u0131. Tabii Peter Asher (James Taylor, Diana Ross, Robin Williams, Ringo Starr, Hans Zimmer, Ed Sheeran, Cher) gibi \u00e7ok b\u00fcy\u00fck bir duayen ile ismimin ayn\u0131 sayfada yaz\u0131lmas\u0131 da tarif edilemez bir mutluluk verdi bana.<\/p>\n\n\n\n<figure class=\"wp-block-image size-large\"><img loading=\"lazy\" width=\"1024\" height=\"548\" src=\"https:\/\/www.ufukonen.com\/tr\/wp-content\/uploads\/AES-151-All-About-Stereo-Panning_01-1024x548.jpg\" alt=\"\" class=\"wp-image-6957\" srcset=\"https:\/\/www.ufukonen.com\/tr\/wp-content\/uploads\/AES-151-All-About-Stereo-Panning_01-1024x548.jpg 1024w, https:\/\/www.ufukonen.com\/tr\/wp-content\/uploads\/AES-151-All-About-Stereo-Panning_01-300x161.jpg 300w, https:\/\/www.ufukonen.com\/tr\/wp-content\/uploads\/AES-151-All-About-Stereo-Panning_01-768x411.jpg 768w, https:\/\/www.ufukonen.com\/tr\/wp-content\/uploads\/AES-151-All-About-Stereo-Panning_01-1140x610.jpg 1140w, https:\/\/www.ufukonen.com\/tr\/wp-content\/uploads\/AES-151-All-About-Stereo-Panning_01-552x295.jpg 552w, https:\/\/www.ufukonen.com\/tr\/wp-content\/uploads\/AES-151-All-About-Stereo-Panning_01.jpg 1280w\" sizes=\"(max-width: 1024px) 100vw, 1024px\" \/><\/figure>\n\n\n\n<p>Sunumumda ilk \u00f6nce stereo pan ve stereo denge (stereo balance) aras\u0131ndaki fark\u0131 anlatt\u0131m ve \u00f6rnekler dinlettim. Daha sonra stereo pan \u00f6zelli\u011fini do\u011frudan desteklemeyen DAW&#8217;lar i\u00e7in ne gibi \u00e7\u00f6z\u00fcmler bulundu\u011fundan bahsettim. Son olarak frekans bazl\u0131 pan (spectral pan) tekni\u011fini a\u00e7\u0131klad\u0131m, kullan\u0131m alanlar\u0131 hakk\u0131nda konu\u015ftum ve \u00e7e\u015fitli \u00f6rnekler dinlettim.<\/p>\n\n\n\n<p>Sunumumu kendi blog&#8217;um ve Production Expert i\u00e7in yazd\u0131\u011f\u0131m makaleler \u00fczerine kurdum. Linkleri a\u015fa\u011f\u0131da payla\u015f\u0131yorum.<\/p>\n\n\n\n<p><strong>Ufuk \u00d6nen ile Ses Kay\u0131t ve M\u00fczik Teknolojileri (T\u00fcrk\u00e7e<\/strong>):<\/p>\n\n\n\n<ul><li><a href=\"https:\/\/www.ufukonen.com\/tr\/stereo-pan-stereo-denge-fark.html\" target=\"_blank\" rel=\"noreferrer noopener\">Stereo Pan ve Stereo Denge Kontrol\u00fc Aras\u0131ndaki Fark<\/a><\/li><li><a href=\"https:\/\/www.ufukonen.com\/tr\/daw-stereo-pan-kontrol.html\" target=\"_blank\" rel=\"noreferrer noopener\">Cubase, Studio One ve Logic \u0130\u00e7in \u201cGer\u00e7ek\u201d Stereo Pan Kontrol\u00fc<\/a><\/li><li><a href=\"https:\/\/www.ufukonen.com\/tr\/spectral-pan.html\" target=\"_blank\" rel=\"noreferrer noopener\">Spectral Pan: Frekans Bazl\u0131 Pan Tekni\u011fi<\/a><\/li><\/ul>\n\n\n\n<p><strong>Production Expert (\u0130ngilizce):<\/strong><\/p>\n\n\n\n<ul><li><a href=\"https:\/\/www.pro-tools-expert.com\/production-expert-1\/the-difference-between-stereo-pan-and-stereo-balance\" target=\"_blank\" rel=\"noreferrer noopener\">The Difference Between Stereo Pan and Stereo Balance<\/a><\/li><li><a href=\"https:\/\/www.pro-tools-expert.com\/production-expert-1\/spectral-pan-frequency-based-panning\" target=\"_blank\" rel=\"noreferrer noopener\">What Is Frequency-Based Panning? Try It Out With A Free Plugin<\/a><\/li><\/ul>\n\n\n\n<p>Sunumda Tuna Gedizlio\u011flu&#8217;nun &#8220;The Change Pt. 2&#8221; adl\u0131 par\u00e7as\u0131n\u0131 da kulland\u0131m. Kendisine bir kez de buradan te\u015fekk\u00fcr ediyorum (Instagram hesab\u0131 i\u00e7in <a href=\"https:\/\/www.instagram.com\/tunagedizlioglu_akustikatolye\/\" target=\"_blank\" rel=\"noreferrer noopener\">buraya t\u0131klayabilirsiniz<\/a>).<\/p>\n\n\n\n<p>Yaz\u0131m\u0131n sonunda a\u015fina olmayanlar i\u00e7in AES (<a href=\"https:\/\/www.aes.org\" target=\"_blank\" rel=\"noreferrer noopener\">Audio Engineering Society<\/a>) hakk\u0131nda biraz bilgi vermek istiyorum.<\/p>\n\n\n\n<p>Audio Engineering Society, 1948 y\u0131l\u0131nda New York\u2019ta kurulmu\u015f, ana faaliyet konusunu ses m\u00fchendisli\u011fi ve ses teknolojileri olan profesyonel bir birlik. \u015eu anda t\u00fcm d\u00fcnyaya 210 \u015fubesi ve toplamda 12 bin \u00fcyesi var. AES, biri Amerika di\u011feri ise Avrupa\u2019da olmak \u00fczere her y\u0131l iki b\u00fcy\u00fck kongre yap\u0131yor. Bu kongreler i\u00e7inde fuarlar da yer al\u0131yor (tabii son iki y\u0131ldan beri pandemi sebebi ile fuarlar ger\u00e7ekle\u015femedi). Bunlar\u0131n yan\u0131 s\u0131ra y\u0131l boyunca konferanslar ile \u015fubelerin d\u00fczenledi\u011fi yerel ve b\u00f6lgesel \u00e7e\u015fitli etkinlikler ger\u00e7ekle\u015ftiriliyor.<\/p>\n\n\n\n<figure class=\"wp-block-image size-large\"><img loading=\"lazy\" width=\"1024\" height=\"910\" src=\"https:\/\/www.ufukonen.com\/tr\/wp-content\/uploads\/2019_Newsletter_AES_NewYork145_Instagram_Stories_1280x1138-1024x910.jpg\" alt=\"\" class=\"wp-image-4454\" srcset=\"https:\/\/www.ufukonen.com\/tr\/wp-content\/uploads\/2019_Newsletter_AES_NewYork145_Instagram_Stories_1280x1138-1024x910.jpg 1024w, https:\/\/www.ufukonen.com\/tr\/wp-content\/uploads\/2019_Newsletter_AES_NewYork145_Instagram_Stories_1280x1138-300x267.jpg 300w, https:\/\/www.ufukonen.com\/tr\/wp-content\/uploads\/2019_Newsletter_AES_NewYork145_Instagram_Stories_1280x1138-768x683.jpg 768w, https:\/\/www.ufukonen.com\/tr\/wp-content\/uploads\/2019_Newsletter_AES_NewYork145_Instagram_Stories_1280x1138.jpg 1280w\" sizes=\"(max-width: 1024px) 100vw, 1024px\" \/><\/figure>\n\n\n\n<p>AES\u2019in 2017 y\u0131l\u0131nda yap\u0131lan se\u00e7imlerde 2017-2019 d\u00f6nemi i\u00e7in aralar\u0131nda Fransa, \u0130talya, \u0130spanya gibi \u00fclkelerin de oldu\u011fu Southern Europe, Middle East, Africa b\u00f6lgesinden sorumlu ba\u015fkan yard\u0131mc\u0131s\u0131 (Vice President, k\u0131saca \u201cVP\u201d) se\u00e7ilmi\u015f ve AES Y\u00f6netim Kurulu&#8217;nda g\u00f6rev yapm\u0131\u015ft\u0131m.<\/p>\n\n\n\n<div style=\"height:50px\" aria-hidden=\"true\" class=\"wp-block-spacer\"><\/div>\n\n\n\n<p>Teknik terimler i\u00e7in <a href=\"http:\/\/www.ufukonen.com\/tr\/ses-kayit-muzik-teknolojisi-terimler-sozluk.html\">m\u00fczik teknolojisi, m\u00fczik prod\u00fcksiyonu ve ses kay\u0131t terimleri s\u00f6zl\u00fc\u011f\u00fcne<\/a> g\u00f6z atabilirsiniz.<\/p>\n\n\n\n<p>Benzer payla\u015f\u0131mlar i\u00e7in beni <a rel=\"noreferrer noopener\" href=\"https:\/\/www.facebook.com\/ufukonen.skmt\/\" target=\"_blank\">Facebook<\/a>, <a href=\"https:\/\/www.instagram.com\/ufukonen\/\" target=\"_blank\" rel=\"noreferrer noopener\" aria-label=\"Instagram (opens in a new tab)\">Instagram<\/a> ve <a rel=\"noreferrer noopener\" href=\"https:\/\/twitter.com\/UfukOnen\" target=\"_blank\">Twitter<\/a>&#8216;da takip edebilir, haberler i\u00e7in <a rel=\"noreferrer noopener\" href=\"http:\/\/ufukonen.com\/tr\/ses-kayit-muzik-teknolojisi-terimler-sozluk.html\" target=\"_blank\">mesaj listeme \u00fcye olabilirsiniz<\/a>. Te\u015fekk\u00fcrler.<\/p>\n\n\n\n<p>\u00a9 2021 Ufuk \u00d6nen. Her hakk\u0131 sakl\u0131d\u0131r. \u0130zinsiz kullan\u0131lamaz.<\/p>\n","protected":false},"excerpt":{"rendered":"<p class=\"post-excerpt\">Audio Engineering Society (AES) 151. kongresinde &#8220;All About Stereo Panning&#8221; (Stereo Pan Hakk\u0131nda Her \u015eey) ba\u015fl\u0131kl\u0131 bir sunum yapt\u0131m. Sunum,&#8230;<\/p>\n","protected":false},"author":2,"featured_media":6956,"comment_status":"closed","ping_status":"open","sticky":false,"template":"","format":"standard","meta":{"_mi_skip_tracking":false,"spay_email":"","jetpack_publicize_message":"","jetpack_is_tweetstorm":false,"jetpack_publicize_feature_enabled":true},"categories":[21,18],"tags":[],"jetpack_featured_media_url":"https:\/\/www.ufukonen.com\/tr\/wp-content\/uploads\/AES-151-All-About-Stereo-Panning_00_Header.jpg","jetpack_publicize_connections":[],"jetpack_shortlink":"https:\/\/wp.me\/p3rjsG-1Oa","jetpack_sharing_enabled":true,"jetpack-related-posts":[{"id":7075,"url":"https:\/\/www.ufukonen.com\/tr\/2021i-kapatirken.html","url_meta":{"origin":6954,"position":0},"title":"2021&#8217;i Kapat\u0131rken&#8230;","date":"December 27, 2021","format":false,"excerpt":"2021 kolay bir y\u0131l de\u011fildi. Bir yandan pandemi, di\u011fer yandan y\u0131l\u0131n son \u00e7eyre\u011findeki ekonomik dalgalanma derken herkes ama az ama \u00e7ok s\u0131k\u0131ld\u0131 ve darald\u0131. Her \u015feye ra\u011fmen, 2022'ye m\u00fcmk\u00fcn oldu\u011funca pozitif bir enerji ile girebilmek ad\u0131na, 2021 y\u0131l\u0131 i\u00e7inde yapt\u0131\u011f\u0131m ve beni mutlu eden i\u015flerin bir \u00f6zetini sizlerle payla\u015fmak istedim.\u2026","rel":"","context":"In &quot;M\u00fczik End\u00fcstrisi&quot;","img":{"alt_text":"","src":"https:\/\/i0.wp.com\/www.ufukonen.com\/tr\/wp-content\/uploads\/2021_Kapatirken_00_Header_2.jpg?resize=350%2C200&ssl=1","width":350,"height":200},"classes":[]},{"id":7335,"url":"https:\/\/www.ufukonen.com\/tr\/stereo-pan-hakkinda-her-sey.html","url_meta":{"origin":6954,"position":1},"title":"Stereo Pan Hakk\u0131nda Her \u015eey","date":"April 18, 2022","format":false,"excerpt":"Panorama, enstr\u00fcman ve seslerin miks i\u00e7indeki pozisyonlar\u0131d\u0131r. Standart bir stereo sistemde sol ve sa\u011f olmak \u00fczere toplam iki hoparl\u00f6r bulunur. Sa\u011f ve sol hoparl\u00f6rlerin birle\u015fimi, ya da di\u011fer bir deyi\u015fle kar\u0131\u015f\u0131m\u0131, orta (center) kanal\u0131 olu\u015fturur. Stereo sistemde sa\u011f ve sol hoparl\u00f6rlerin birle\u015fmesi ile olu\u015fturulan bu orta kanal dinleyici \u00fczerinde sanki\u2026","rel":"","context":"In &quot;Ses ve M\u00fczik Teknolojileri&quot;","img":{"alt_text":"","src":"https:\/\/i0.wp.com\/www.ufukonen.com\/tr\/wp-content\/uploads\/Stereo_Pan_Hakkinda_Her_Sey_00_Header.jpg?resize=350%2C200&ssl=1","width":350,"height":200},"classes":[]},{"id":3759,"url":"https:\/\/www.ufukonen.com\/tr\/mikste-stereo-panorama-ile-ilgili-birkac-not-2-bolum.html","url_meta":{"origin":6954,"position":2},"title":"Mikste Stereo Panorama \u0130le \u0130lgili Birka\u00e7 Not (2. B\u00f6l\u00fcm)","date":"March 26, 2018","format":false,"excerpt":"Yaz\u0131n\u0131n ilk b\u00f6l\u00fcm\u00fcnde modern mikslerin hemen hemen hepsinde kick, trampet, bas gitar ve ana vokallerin stereo panorama i\u00e7inde orta noktaya yerle\u015ftirildi\u011fini s\u00f6ylemi\u015f daha sonra vokal ile bas gitar ve alt frekans a\u011f\u0131rl\u0131kl\u0131 enstr\u00fcmanlar hakk\u0131nda baz\u0131 g\u00f6r\u00fc\u015fler payla\u015fm\u0131\u015ft\u0131m (birinci b\u00f6l\u00fcme buraya t\u0131klayarak ula\u015fabilirsiniz). Yaz\u0131n\u0131n ikinci ve son b\u00f6l\u00fcm\u00fcnde davul, stereo \u00e7\u0131k\u0131\u015fl\u0131\u2026","rel":"","context":"In &quot;M\u00fczik Prod\u00fcksiyonu&quot;","img":{"alt_text":"","src":"https:\/\/i0.wp.com\/www.ufukonen.com\/tr\/wp-content\/uploads\/Mikste_Stereo_Panorama_02.jpg?resize=350%2C200&ssl=1","width":350,"height":200},"classes":[]},{"id":6111,"url":"https:\/\/www.ufukonen.com\/tr\/stereo-pan-stereo-denge-fark.html","url_meta":{"origin":6954,"position":3},"title":"Stereo Pan ve Stereo Denge Kontrol\u00fc Aras\u0131ndaki Fark","date":"October 19, 2020","format":false,"excerpt":"DAW i\u00e7indeki mikserlerde hem stereo hem de mono kanallar i\u00e7in pan kontrol d\u00fc\u011fmesi bulunur. Mono kanallar i\u00e7in pan i\u015fleyi\u015fi b\u00fct\u00fcn DAW ve mikser i\u00e7in ayn\u0131d\u0131r: Pan ayar\u0131n\u0131 sola yat\u0131r\u0131rsan\u0131z ses sol hoparl\u00f6rden, sa\u011fa yat\u0131r\u0131rsan\u0131z ses sa\u011f hoparl\u00f6rden gelir. Tabii tam sol veya tam sa\u011fa yat\u0131rmak zorunda de\u011filsiniz. \u00d6rnek olarak, sesi\u2026","rel":"","context":"In &quot;Ses ve M\u00fczik Teknolojileri&quot;","img":{"alt_text":"","src":"https:\/\/i0.wp.com\/www.ufukonen.com\/tr\/wp-content\/uploads\/StereoPan_StereoDenge_00_Header.jpg?resize=350%2C200&ssl=1","width":350,"height":200},"classes":[]},{"id":6224,"url":"https:\/\/www.ufukonen.com\/tr\/spectral-pan.html","url_meta":{"origin":6954,"position":4},"title":"Spectral Pan: Frekans Bazl\u0131 Pan Tekni\u011fi","date":"November 30, 2020","format":false,"excerpt":"\"Geleneksel\" teknikler kullanarak stereo panorama i\u00e7inde bir sinyalin konumunu ayarlarken frekans i\u00e7eri\u011fi dikkate al\u0131nmaz. \u00d6rnek olarak, mono (tek kanal) bir sinyali stereo panorama i\u00e7inde istedi\u011fimiz bir noktaya pan'lad\u0131\u011f\u0131m\u0131zda sinyalin tamam\u0131n\u0131 (frekans ayr\u0131m\u0131 yapmadan) o noktaya konumland\u0131rm\u0131\u015f oluruz. Bir ba\u015fka \u00f6rnek olarak, stereo (iki kanal) bir sinyali stereo pan ya da\u2026","rel":"","context":"In &quot;Ses ve M\u00fczik Teknolojileri&quot;","img":{"alt_text":"","src":"https:\/\/i0.wp.com\/www.ufukonen.com\/tr\/wp-content\/uploads\/SpectralPan_00_Header.jpg?resize=350%2C200&ssl=1","width":350,"height":200},"classes":[]},{"id":6112,"url":"https:\/\/www.ufukonen.com\/tr\/daw-stereo-pan-kontrol.html","url_meta":{"origin":6954,"position":5},"title":"Cubase, Studio One ve Logic \u0130\u00e7in &#8220;Ger\u00e7ek&#8221; Stereo Pan Kontrol\u00fc","date":"October 26, 2020","format":false,"excerpt":"Baz\u0131 DAW mikserlerinde stereo kanallar i\u00e7in tek bir pan kontrol\u00fc bulunuyor ve bu kontrol \"ger\u00e7ek\" stereo pan de\u011fil de stereo denge ayar\u0131 i\u00e7in kullan\u0131l\u0131yor. Stereo pan ve stereo denge (stereo balance) aras\u0131ndaki farkl\u0131 \"Stereo Pan ve Stereo Denge Kontrol\u00fc Aras\u0131ndaki Fark\" ba\u015fl\u0131kl\u0131 yaz\u0131mda detayl\u0131 olarak a\u00e7\u0131klam\u0131\u015ft\u0131m. Cubase, Studio One ve\u2026","rel":"","context":"In &quot;Ses ve M\u00fczik Teknolojileri&quot;","img":{"alt_text":"","src":"https:\/\/i0.wp.com\/www.ufukonen.com\/tr\/wp-content\/uploads\/DAW_Gercek_Pan_Kontrol_00_Header.jpg?resize=350%2C200&ssl=1","width":350,"height":200},"classes":[]}],"_links":{"self":[{"href":"https:\/\/www.ufukonen.com\/tr\/wp-json\/wp\/v2\/posts\/6954"}],"collection":[{"href":"https:\/\/www.ufukonen.com\/tr\/wp-json\/wp\/v2\/posts"}],"about":[{"href":"https:\/\/www.ufukonen.com\/tr\/wp-json\/wp\/v2\/types\/post"}],"author":[{"embeddable":true,"href":"https:\/\/www.ufukonen.com\/tr\/wp-json\/wp\/v2\/users\/2"}],"replies":[{"embeddable":true,"href":"https:\/\/www.ufukonen.com\/tr\/wp-json\/wp\/v2\/comments?post=6954"}],"version-history":[{"count":5,"href":"https:\/\/www.ufukonen.com\/tr\/wp-json\/wp\/v2\/posts\/6954\/revisions"}],"predecessor-version":[{"id":6961,"href":"https:\/\/www.ufukonen.com\/tr\/wp-json\/wp\/v2\/posts\/6954\/revisions\/6961"}],"wp:featuredmedia":[{"embeddable":true,"href":"https:\/\/www.ufukonen.com\/tr\/wp-json\/wp\/v2\/media\/6956"}],"wp:attachment":[{"href":"https:\/\/www.ufukonen.com\/tr\/wp-json\/wp\/v2\/media?parent=6954"}],"wp:term":[{"taxonomy":"category","embeddable":true,"href":"https:\/\/www.ufukonen.com\/tr\/wp-json\/wp\/v2\/categories?post=6954"},{"taxonomy":"post_tag","embeddable":true,"href":"https:\/\/www.ufukonen.com\/tr\/wp-json\/wp\/v2\/tags?post=6954"}],"curies":[{"name":"wp","href":"https:\/\/api.w.org\/{rel}","templated":true}]}}