{"id":7004,"date":"2021-11-22T01:00:00","date_gmt":"2021-11-21T22:00:00","guid":{"rendered":"https:\/\/www.ufukonen.com\/tr\/?p=7004"},"modified":"2021-12-06T01:04:25","modified_gmt":"2021-12-05T22:04:25","slug":"tal-noisemaker","status":"publish","type":"post","link":"https:\/\/www.ufukonen.com\/tr\/tal-noisemaker.html","title":{"rendered":"Yeniden Ke\u015ffetti\u011fim Bir Plug-in: TAL-NoiseMaker"},"content":{"rendered":"\n<p>Production Expert ekibi olarak zaman zaman kolektif makaleler yaz\u0131yoruz. 12 Kas\u0131m 2021 tarihinde sahip olup hi\u00e7 kullanmad\u0131\u011f\u0131m\u0131z ve sonradan &#8220;yeniden ke\u015ffetti\u011fimiz&#8221; plug-in&#8217;ler ile ilgili &#8220;<a href=\"https:\/\/www.pro-tools-expert.com\/production-expert-1\/we-try-those-plugins-we-never-use-was-it-worth-it\" target=\"_blank\" rel=\"noreferrer noopener\">We Try Those Plugins We Never Use\u2026 Was It Worth It?<\/a>&#8221; ba\u015fl\u0131kl\u0131 bir yaz\u0131 yay\u0131mlad\u0131k. O yaz\u0131da payla\u015ft\u0131\u011f\u0131m plug-in&#8217;i ve hikayesini burada sizlerle de payla\u015fmak istiyorum.<\/p>\n\n\n\n<p>2020 Mart&#8217;ta pandemi t\u00fcm d\u00fcnyay\u0131 h\u0131zl\u0131 ve sert bir bi\u00e7imde adeta ele ge\u00e7irdi\u011finde hepimiz evlere kapand\u0131k. Soka\u011fa \u00e7\u0131kma yasaklar\u0131 ba\u015flad\u0131. Bir\u00e7ok i\u015fletme ile birlikte okullar ve \u00fcniversiteler de kapat\u0131ld\u0131. E\u011fitim, Zoom gibi online platformlara ta\u015f\u0131nd\u0131. Durum b\u00f6yle olunca tabii benim Bilkent \u00dcniversitesi&#8217;nde vermekte oldu\u011fum ses teknolojisi ile ilgili dersler de Zoom&#8217;a al\u0131nd\u0131.<\/p>\n\n\n\n<p>Hat\u0131rlars\u0131n\u0131z, pandeminin ba\u015f\u0131nda internet \u00fczerinden ger\u00e7ek zamanl\u0131 olarak y\u00fcksek kalitede ses aktarmak hem \u00e7ok zordu hem de \u00e7ok pahal\u0131yd\u0131 (\u015fu anda ne kadar kolay ve makul fiyatl\u0131 oldu\u011fu tart\u0131\u015f\u0131l\u0131r ama bu ba\u015fka bir konu).<\/p>\n\n\n\n<p>Bu sebepten dolay\u0131, synthesizer ve ses sentezleme \u00fczerine olan <em>Creative Sound Design and Synthesis<\/em> adl\u0131 dersim i\u00e7in \u00fccretsiz bir synth plug-in&#8217;i kullanmaya karar verdim.<\/p>\n\n\n\n<p>Madem ayn\u0131 st\u00fcdyoda bir araya gelemiyoruz, madem internet \u00fczerinden kaliteli bir \u015fekilde ses aktaram\u0131yoruz, o zaman hepimiz ayn\u0131 plug-in&#8217;i kullan\u0131p, tasarlad\u0131\u011f\u0131m\u0131z preset dosyalar\u0131n\u0131 birbirimizle payla\u015f\u0131r\u0131z diye d\u00fc\u015f\u00fcnd\u00fcm. B\u00f6ylelikle Zoom \u00fczerinden yapt\u0131\u011f\u0131m\u0131z ders s\u0131ras\u0131nda herkes herkesin preset dosyalar\u0131n\u0131 kendi bilgisayar\u0131nda deneyebilir ve yine derste bunlar \u00fczerine tart\u0131\u015fma yap\u0131labilir diye bir fikir y\u00fcr\u00fctt\u00fcm.<\/p>\n\n\n\n<p>Bu plug-in&#8217;i e\u011fitim ama\u00e7l\u0131 kullanaca\u011f\u0131m i\u00e7in \u00fczerinde osilat\u00f6r, LFO, filtre gibi t\u00fcm temel \u00f6gelerin olmas\u0131n\u0131 ve bu bile\u015fenlerin plug-in&#8217;in aray\u00fcz\u00fcnde sade isimlerle etiketlemi\u015f olarak a\u00e7\u0131k\u00e7a g\u00f6r\u00fclebilir olmas\u0131n\u0131 istiyordum.<\/p>\n\n\n\n<p>Ba\u015flad\u0131m ara\u015ft\u0131rmaya\u2026<\/p>\n\n\n\n<p>Bir noktada TAL-NoiseMaker ile kar\u015f\u0131la\u015ft\u0131m. Kar\u015f\u0131la\u015ft\u0131m ve hat\u0131rlad\u0131m! Bu plug-in&#8217;i zaman\u0131nda y\u00fcklemi\u015f ama hi\u00e7 kullanmam\u0131\u015ft\u0131m!<\/p>\n\n\n\n<p>Yeniden ke\u015ffetti\u011fim bu plug-in&#8217;de arad\u0131\u011f\u0131m t\u00fcm \u00f6zellikler vard\u0131!<\/p>\n\n\n\n<p>TAL-NoiseMaker, sanal bir analog synthesizer. Bir synthesizer dersi i\u00e7in ihtiyac\u0131n\u0131z olabilecek her \u015fey \u00fcst\u00fcnde var: \u00dc\u00e7 adet osilat\u00f6r, iki adet LFO, filtre, ring modulator, reverb, delay, portamento\u2026 Bunlar\u0131 aray\u00fczde a\u00e7\u0131k\u00e7a g\u00f6rebiliyorsunuz. Bence bir synthesizer programlama dersinin giri\u015f mod\u00fcllerinde kullanmak i\u00e7in muhte\u015fem bir plug-in!<\/p>\n\n\n\n<p>Plug-in klas\u00f6r\u00fcmde at\u0131l bir \u015fekilde duran bu harika synthesizer&#8217;\u0131 yeniden ke\u015ffetti\u011fim i\u00e7in \u00e7ok mutlu olmu\u015ftum.<\/p>\n\n\n\n<p>Bu y\u00f6ntem i\u015fe yarad\u0131. Ders \u00e7ok ba\u015far\u0131l\u0131 ge\u00e7ti. \u00c7ok iyi sonu\u00e7lar ald\u0131k.<\/p>\n\n\n\n<div style=\"height:25px\" aria-hidden=\"true\" class=\"wp-block-spacer\"><\/div>\n\n\n\n<p>TAL-NoiseMaker&#8217;\u0131 \u00fccretsiz olarak indirmek i\u00e7in <a href=\"https:\/\/tal-software.com\/products\/tal-noisemaker\" target=\"_blank\" rel=\"noreferrer noopener\">buraya t\u0131klay\u0131n<\/a>.<\/p>\n\n\n\n<p>TAL Software firmas\u0131n\u0131n \u00f6nceki yaz\u0131lar\u0131mda payla\u015ft\u0131\u011f\u0131m di\u011fer \u00fccretsiz plug-in&#8217;lerini indirmek i\u00e7in ilgili linklere t\u0131klay\u0131n: <a rel=\"noreferrer noopener\" href=\"https:\/\/www.ufukonen.com\/tr\/ucretsiz-pluginler-26.html\" target=\"_blank\">TAL-Filter-2<\/a> \/ <a rel=\"noreferrer noopener\" href=\"https:\/\/www.ufukonen.com\/tr\/ucretsiz-pluginler-23.html\" target=\"_blank\">TAL-Reverb-4<\/a> \/ <a rel=\"noreferrer noopener\" href=\"https:\/\/www.ufukonen.com\/tr\/ucretsiz-pluginler-14.html\" target=\"_blank\">TAL-Vocoder<\/a><\/p>\n\n\n\n<figure class=\"wp-block-image size-large\"><a href=\"https:\/\/www.ufukonen.com\/tr\/ufuk-onen-ses-muzik-teknolojisi-miks-kitaplar.html\" target=\"_blank\" rel=\"noopener noreferrer\"><img loading=\"lazy\" width=\"1024\" height=\"576\" src=\"https:\/\/www.ufukonen.com\/tr\/wp-content\/uploads\/Onen_STP_2020_color_1280x720-1024x576.jpg\" alt=\"\" class=\"wp-image-5691\" srcset=\"https:\/\/www.ufukonen.com\/tr\/wp-content\/uploads\/Onen_STP_2020_color_1280x720-1024x576.jpg 1024w, https:\/\/www.ufukonen.com\/tr\/wp-content\/uploads\/Onen_STP_2020_color_1280x720-300x169.jpg 300w, https:\/\/www.ufukonen.com\/tr\/wp-content\/uploads\/Onen_STP_2020_color_1280x720-768x432.jpg 768w, https:\/\/www.ufukonen.com\/tr\/wp-content\/uploads\/Onen_STP_2020_color_1280x720.jpg 1280w\" sizes=\"(max-width: 1024px) 100vw, 1024px\" \/><\/a><figcaption><a href=\"https:\/\/www.ufukonen.com\/tr\/ufuk-onen-ses-muzik-teknolojisi-miks-kitaplar.html\" target=\"_blank\" rel=\"noreferrer noopener\">Synthesizer Teknolojileri ve Programlama (kitap)<\/a><\/figcaption><\/figure>\n\n\n\n<div style=\"height:25px\" aria-hidden=\"true\" class=\"wp-block-spacer\"><\/div>\n\n\n\n<p>Teknik terimler i\u00e7in <a href=\"http:\/\/www.ufukonen.com\/tr\/ses-kayit-muzik-teknolojisi-terimler-sozluk.html\">m\u00fczik teknolojisi, m\u00fczik prod\u00fcksiyonu ve ses kay\u0131t terimleri s\u00f6zl\u00fc\u011f\u00fcne<\/a> g\u00f6z atabilirsiniz.<\/p>\n\n\n\n<p>Benzer payla\u015f\u0131mlar i\u00e7in beni <a rel=\"noreferrer noopener\" href=\"https:\/\/www.facebook.com\/ufukonen.skmt\/\" target=\"_blank\">Facebook<\/a>, <a href=\"https:\/\/www.instagram.com\/ufukonen\/\" target=\"_blank\" rel=\"noreferrer noopener\" aria-label=\"Instagram (opens in a new tab)\">Instagram<\/a> ve <a rel=\"noreferrer noopener\" href=\"https:\/\/twitter.com\/UfukOnen\" target=\"_blank\">Twitter<\/a>&#8216;da takip edebilir, haberler i\u00e7in <a rel=\"noreferrer noopener\" href=\"http:\/\/ufukonen.com\/tr\/ses-kayit-muzik-teknolojisi-terimler-sozluk.html\" target=\"_blank\">mesaj listeme \u00fcye olabilirsiniz<\/a>. Te\u015fekk\u00fcrler.<\/p>\n\n\n\n<p>\u00a9 2021 Ufuk \u00d6nen. Her hakk\u0131 sakl\u0131d\u0131r. \u0130zinsiz kullan\u0131lamaz.<\/p>\n","protected":false},"excerpt":{"rendered":"<p class=\"post-excerpt\">Production Expert ekibi olarak zaman zaman kolektif makaleler yaz\u0131yoruz. 12 Kas\u0131m 2021 tarihinde sahip olup hi\u00e7 kullanmad\u0131\u011f\u0131m\u0131z ve sonradan &#8220;yeniden&#8230;<\/p>\n","protected":false},"author":2,"featured_media":7006,"comment_status":"closed","ping_status":"open","sticky":false,"template":"","format":"standard","meta":{"_mi_skip_tracking":false,"spay_email":"","jetpack_publicize_message":"","jetpack_is_tweetstorm":false,"jetpack_publicize_feature_enabled":true},"categories":[18],"tags":[],"jetpack_featured_media_url":"https:\/\/www.ufukonen.com\/tr\/wp-content\/uploads\/TAL-NoiseMaker.jpg","jetpack_publicize_connections":[],"jetpack_shortlink":"https:\/\/wp.me\/p3rjsG-1OY","jetpack_sharing_enabled":true,"jetpack-related-posts":[{"id":7023,"url":"https:\/\/www.ufukonen.com\/tr\/eventide-spliteq.html","url_meta":{"origin":7004,"position":0},"title":"Eventide SplitEQ &#8211; Oyunun Kurallar\u0131 De\u011fi\u015fiyor mu?","date":"December 6, 2021","format":false,"excerpt":"Eventide, 50 y\u0131ll\u0131k k\u00f6kl\u00fc ve inovatif bir firma. 70'li, 80'li ve 90'l\u0131 y\u0131llarda \u00fcrettikleri delay ve phaser gibi efekt \u00fcnitelerini y\u00fczlerce st\u00fcdyoda g\u00f6rmek m\u00fcmk\u00fcnd\u00fc. \u0130simleri ile \u00f6zde\u015fle\u015fen Harmonizer\u00ae ve Ultra-Harmonizer\u00ae ile ses teknolojisi d\u00fcnyas\u0131nda adeta oyunun kurallar\u0131n\u0131 de\u011fi\u015ftirdiler. Eventide, hardware cihaz tasarlay\u0131p \u00fcretmeye devam ediyor ama 2000'li y\u0131llar\u0131n ba\u015f\u0131ndan bu\u2026","rel":"","context":"In &quot;Ses ve M\u00fczik Teknolojileri&quot;","img":{"alt_text":"","src":"https:\/\/i0.wp.com\/www.ufukonen.com\/tr\/wp-content\/uploads\/Eventide_SplitEQ_00_Header.jpg?resize=350%2C200&ssl=1","width":350,"height":200},"classes":[]},{"id":7369,"url":"https:\/\/www.ufukonen.com\/tr\/daw-dosya-paylasimi.html","url_meta":{"origin":7004,"position":1},"title":"Ortak \u00c7al\u0131\u015f\u0131lan Projelerde DAW Dosyas\u0131 Payla\u015f\u0131m\u0131","date":"May 2, 2022","format":false,"excerpt":"G\u00fcn\u00fcm\u00fczde ortak \u00e7al\u0131\u015fma yapmak art\u0131k olduk\u00e7a yayg\u0131n bir hale geldi. Bunda dijital teknolojinin ve internetin sundu\u011fu imkan ve kolayl\u0131klar\u0131n b\u00fcy\u00fck rol\u00fc var. Eskiden, \u00f6zellikle analog bant zamanlar\u0131nda, ortak \u00e7al\u0131\u015fma yapmak ger\u00e7ekten \u00e7ok zordu. Bantlar\u0131 fiziksel olarak ta\u015f\u0131man\u0131z veya g\u00f6ndermeniz gerekiyordu. Bantlar\u0131 ta\u015f\u0131mak hem zor hem de, birebir yedekleme yap\u0131lamad\u0131\u011f\u0131n\u0131 g\u00f6z\u2026","rel":"","context":"In &quot;Ses ve M\u00fczik Teknolojileri&quot;","img":{"alt_text":"","src":"https:\/\/i0.wp.com\/www.ufukonen.com\/tr\/wp-content\/uploads\/DAW_Dosya_Paylasimi_00_Header.jpg?resize=350%2C200&ssl=1","width":350,"height":200},"classes":[]},{"id":4982,"url":"https:\/\/www.ufukonen.com\/tr\/youlean-loudness-meter-2-pro.html","url_meta":{"origin":7004,"position":2},"title":"Youlean Loudness Meter 2 Pro \u0130le \u00c7al\u0131\u015ft\u0131m","date":"August 12, 2019","format":false,"excerpt":"\u00dccretsiz Plug-in'ler serisini takip ediyorsan\u0131z belki hat\u0131rl\u0131yorsunuzdur, 15. b\u00f6l\u00fcmde Youlean Loudness Meter 2 ad\u0131nda bir plug-in payla\u015fm\u0131\u015ft\u0131m. Youlean Loudness Meter 2, LUFS skalas\u0131 kullanarak mono, stereo ve 5.1 surround sinyaller \u00fczerinde \u00f6l\u00e7\u00fcm yapan bir plug-in. Ayn\u0131 zamanda sinyaldeki \u2018true peak\u2019, 'loudness range' ve daha bir\u00e7ok de\u011feri de \u00f6l\u00e7\u00fcyor. \u00dccretsiz versiyonu\u2026","rel":"","context":"In &quot;Ses ve M\u00fczik Teknolojileri&quot;","img":{"alt_text":"","src":"https:\/\/i0.wp.com\/www.ufukonen.com\/tr\/wp-content\/uploads\/Youlean_Loudness_Meter_2_Pro_Header_Comp_720.jpg?resize=350%2C200&ssl=1","width":350,"height":200},"classes":[]},{"id":7505,"url":"https:\/\/www.ufukonen.com\/tr\/dither-ne-zaman-kullanilir.html","url_meta":{"origin":7004,"position":3},"title":"Dither Ne Zaman Kullan\u0131l\u0131r?","date":"July 18, 2022","format":false,"excerpt":"\"POW-r Dither Algoritmalar\u0131\" ba\u015fl\u0131kl\u0131 yaz\u0131m\u0131 okuyanlardan mesaj at\u0131p soranlar oldu: \"Dither ne zaman kullan\u0131l\u0131r?\" \"Export al\u0131rken ya da bounce ederken mutlaka dither kullanmal\u0131 m\u0131y\u0131z?\" Bu sorular \u00fczerine ben bu yaz\u0131y\u0131 yazmaya karar verdim. Mutlaka Dither Kullanmal\u0131 m\u0131y\u0131z? Bu sorunun cevab\u0131 \u00e7ok basit ve net: Hay\u0131r! Her zaman dither kullanmamal\u0131s\u0131n\u0131z! Diyeceksiniz\u2026","rel":"","context":"In &quot;Ses ve M\u00fczik Teknolojileri&quot;","img":{"alt_text":"","src":"https:\/\/i0.wp.com\/www.ufukonen.com\/tr\/wp-content\/uploads\/Dither_Ne_Zaman_Kullanilir_00_Header.jpg?resize=350%2C200&ssl=1","width":350,"height":200},"classes":[]},{"id":6224,"url":"https:\/\/www.ufukonen.com\/tr\/spectral-pan.html","url_meta":{"origin":7004,"position":4},"title":"Spectral Pan: Frekans Bazl\u0131 Pan Tekni\u011fi","date":"November 30, 2020","format":false,"excerpt":"\"Geleneksel\" teknikler kullanarak stereo panorama i\u00e7inde bir sinyalin konumunu ayarlarken frekans i\u00e7eri\u011fi dikkate al\u0131nmaz. \u00d6rnek olarak, mono (tek kanal) bir sinyali stereo panorama i\u00e7inde istedi\u011fimiz bir noktaya pan'lad\u0131\u011f\u0131m\u0131zda sinyalin tamam\u0131n\u0131 (frekans ayr\u0131m\u0131 yapmadan) o noktaya konumland\u0131rm\u0131\u015f oluruz. Bir ba\u015fka \u00f6rnek olarak, stereo (iki kanal) bir sinyali stereo pan ya da\u2026","rel":"","context":"In &quot;Ses ve M\u00fczik Teknolojileri&quot;","img":{"alt_text":"","src":"https:\/\/i0.wp.com\/www.ufukonen.com\/tr\/wp-content\/uploads\/SpectralPan_00_Header.jpg?resize=350%2C200&ssl=1","width":350,"height":200},"classes":[]},{"id":4402,"url":"https:\/\/www.ufukonen.com\/tr\/true-peak-nedir-ve-neden-onemlidir.html","url_meta":{"origin":7004,"position":5},"title":"True Peak Nedir ve Neden \u00d6nemlidir?","date":"December 10, 2018","format":false,"excerpt":"Yak\u0131n zamana kadar dijital ortamda sinyal ile ilgili konu\u015furken 'peak' dedi\u011fimiz zaman asl\u0131nda 'sample peak'ten bahsediyorduk. Son y\u0131llarda, \u00f6zellikle EBU taraf\u0131ndan radyo ve televizyon yay\u0131nlar\u0131n\u0131n ses seviyeleri ile ilgili olarak yap\u0131lan d\u00fczenlemelerden sonra, 'sample peak' ile birlikte bir de 'true peak' terimi g\u00fcnl\u00fck kullan\u0131m\u0131m\u0131za girdi. Her ikisi de 'peak' ancak\u2026","rel":"","context":"In &quot;Ses ve M\u00fczik Teknolojileri&quot;","img":{"alt_text":"","src":"https:\/\/i0.wp.com\/www.ufukonen.com\/tr\/wp-content\/uploads\/True_Peak.jpg?resize=350%2C200&ssl=1","width":350,"height":200},"classes":[]}],"_links":{"self":[{"href":"https:\/\/www.ufukonen.com\/tr\/wp-json\/wp\/v2\/posts\/7004"}],"collection":[{"href":"https:\/\/www.ufukonen.com\/tr\/wp-json\/wp\/v2\/posts"}],"about":[{"href":"https:\/\/www.ufukonen.com\/tr\/wp-json\/wp\/v2\/types\/post"}],"author":[{"embeddable":true,"href":"https:\/\/www.ufukonen.com\/tr\/wp-json\/wp\/v2\/users\/2"}],"replies":[{"embeddable":true,"href":"https:\/\/www.ufukonen.com\/tr\/wp-json\/wp\/v2\/comments?post=7004"}],"version-history":[{"count":1,"href":"https:\/\/www.ufukonen.com\/tr\/wp-json\/wp\/v2\/posts\/7004\/revisions"}],"predecessor-version":[{"id":7005,"href":"https:\/\/www.ufukonen.com\/tr\/wp-json\/wp\/v2\/posts\/7004\/revisions\/7005"}],"wp:featuredmedia":[{"embeddable":true,"href":"https:\/\/www.ufukonen.com\/tr\/wp-json\/wp\/v2\/media\/7006"}],"wp:attachment":[{"href":"https:\/\/www.ufukonen.com\/tr\/wp-json\/wp\/v2\/media?parent=7004"}],"wp:term":[{"taxonomy":"category","embeddable":true,"href":"https:\/\/www.ufukonen.com\/tr\/wp-json\/wp\/v2\/categories?post=7004"},{"taxonomy":"post_tag","embeddable":true,"href":"https:\/\/www.ufukonen.com\/tr\/wp-json\/wp\/v2\/tags?post=7004"}],"curies":[{"name":"wp","href":"https:\/\/api.w.org\/{rel}","templated":true}]}}