{"id":7023,"date":"2021-12-06T01:00:00","date_gmt":"2021-12-05T22:00:00","guid":{"rendered":"https:\/\/www.ufukonen.com\/tr\/?p=7023"},"modified":"2022-01-22T22:16:11","modified_gmt":"2022-01-22T19:16:11","slug":"eventide-spliteq","status":"publish","type":"post","link":"https:\/\/www.ufukonen.com\/tr\/eventide-spliteq.html","title":{"rendered":"Eventide SplitEQ &#8211; Oyunun Kurallar\u0131 De\u011fi\u015fiyor mu?"},"content":{"rendered":"\n<p>Eventide, 50 y\u0131ll\u0131k k\u00f6kl\u00fc ve inovatif bir firma. 70&#8217;li, 80&#8217;li ve 90&#8217;l\u0131 y\u0131llarda \u00fcrettikleri delay ve phaser gibi efekt \u00fcnitelerini y\u00fczlerce st\u00fcdyoda g\u00f6rmek m\u00fcmk\u00fcnd\u00fc. \u0130simleri ile \u00f6zde\u015fle\u015fen Harmonizer\u00ae ve Ultra-Harmonizer\u00ae ile ses teknolojisi d\u00fcnyas\u0131nda adeta oyunun kurallar\u0131n\u0131 de\u011fi\u015ftirdiler.<\/p>\n\n\n\n<p>Eventide, hardware cihaz tasarlay\u0131p \u00fcretmeye devam ediyor ama 2000&#8217;li y\u0131llar\u0131n ba\u015f\u0131ndan bu yana bir yandan da plug-in geli\u015ftiriyor. Ge\u00e7ti\u011fimiz g\u00fcnlerde SplitEQ ad\u0131n\u0131 verdikleri yeni bir plug-in \u00e7\u0131kard\u0131lar.<\/p>\n\n\n\n<p>SplitEQ, \u015fu anda piyasada standart olarak bulunan di\u011fer EQ plug-in&#8217;lerinden ger\u00e7ekten \u00e7ok daha farkl\u0131 bir plug-in.<\/p>\n\n\n\n<div style=\"height:20px\" aria-hidden=\"true\" class=\"wp-block-spacer\"><\/div>\n\n\n\n<h3>Eventide SplitEQ Ne Yapar?<\/h3>\n\n\n\n<p>Plug-in&#8217;e ilk bakt\u0131\u011f\u0131n\u0131zda 8-band parametrik bir EQ g\u00f6r\u00fcyorsunuz. Peki, bu plug-in&#8217;in di\u011fer EQ plug-in&#8217;lerinden fark\u0131 nedir? Sinyali &#8216;transient&#8217; ve &#8216;tonal&#8217; olarak ikiye ay\u0131rmas\u0131 ve bu iki i\u00e7erik \u00fczerinde ayr\u0131 ayr\u0131 i\u015flem yapabilmesi.<\/p>\n\n\n\n<p>\u00dcstelik bunu her band i\u00e7in ayr\u0131 ayr\u0131 yapabiliyor. Di\u011fer bir deyi\u015fle, sinyali 8 farkl\u0131 frekans aral\u0131\u011f\u0131na b\u00f6l\u00fcp, her aral\u0131ktaki &#8216;transient&#8217; ve &#8216;tonal&#8217; i\u00e7erik \u00fczerine ayr\u0131 ayr\u0131 EQ uygulayabiliyorsunuz.<\/p>\n\n\n\n<p>Ek olarak, &#8216;transient&#8217; ve &#8216;tonal&#8217; i\u00e7erikler i\u00e7in birer adet master gain kontrol bulunuyor. \u00d6rnek olarak, sinyalde transient&#8217;lar\u0131 biraz yumu\u015fatmak isterseniz, ba\u015fka hi\u00e7bir \u015fey yapmadan sadece transient master gain kontrol\u00fcn\u00fc azaltman\u0131z yeterli olabiliyor.<\/p>\n\n\n\n<div style=\"height:20px\" aria-hidden=\"true\" class=\"wp-block-spacer\"><\/div>\n\n\n\n<h3>Uygulamalar<\/h3>\n\n\n\n<p>Plug-in&#8217;i ilk a\u00e7t\u0131\u011f\u0131n\u0131zda transient ve tonal i\u00e7erikler ile neler yapabilece\u011finizi \u00f6zetleyen bir ekran geliyor kar\u015f\u0131n\u0131za. Ekran g\u00f6r\u00fcnt\u00fcs\u00fcn\u00fc a\u015fa\u011f\u0131ya ekliyorum. <\/p>\n\n\n\n<figure class=\"wp-block-image size-large\"><img loading=\"lazy\" width=\"1024\" height=\"605\" src=\"https:\/\/www.ufukonen.com\/tr\/wp-content\/uploads\/Eventide_SplitEQ_01-1024x605.jpg\" alt=\"\" class=\"wp-image-7028\" srcset=\"https:\/\/www.ufukonen.com\/tr\/wp-content\/uploads\/Eventide_SplitEQ_01-1024x605.jpg 1024w, https:\/\/www.ufukonen.com\/tr\/wp-content\/uploads\/Eventide_SplitEQ_01-300x177.jpg 300w, https:\/\/www.ufukonen.com\/tr\/wp-content\/uploads\/Eventide_SplitEQ_01-768x454.jpg 768w, https:\/\/www.ufukonen.com\/tr\/wp-content\/uploads\/Eventide_SplitEQ_01-1140x673.jpg 1140w, https:\/\/www.ufukonen.com\/tr\/wp-content\/uploads\/Eventide_SplitEQ_01-552x326.jpg 552w, https:\/\/www.ufukonen.com\/tr\/wp-content\/uploads\/Eventide_SplitEQ_01.jpg 1280w\" sizes=\"(max-width: 1024px) 100vw, 1024px\" \/><\/figure>\n\n\n\n<p>Bu terimlerin bir\u00e7o\u011funu <a rel=\"noreferrer noopener\" href=\"https:\/\/www.ufukonen.com\/tr\/ses-kayit-muzik-teknolojisi-terimler-sozluk.html\" target=\"_blank\">M\u00fczik Teknolojisi M\u00fczik Prod\u00fcksiyonu ve Ses Kay\u0131t Terimleri S\u00f6zl\u00fc\u011f\u00fc<\/a>&#8216;nde bulabilirsiniz.<\/p>\n\n\n\n<div style=\"height:20px\" aria-hidden=\"true\" class=\"wp-block-spacer\"><\/div>\n\n\n\n<h3>Aray\u00fcz ve Ayarlar<\/h3>\n\n\n\n<p>Yaz\u0131n\u0131n ba\u015f\u0131nda da belirtti\u011fim gibi, plug-in&#8217;in aray\u00fcz\u00fc ilk bak\u0131\u015fta standart bir modern parametrik EQ plug-in aray\u00fcz\u00fcne benziyor.<\/p>\n\n\n\n<p>Herhangi bir EQ noktas\u0131 \u00fczerine geldi\u011finizde ye\u015fil ve mavi olarak iki tutma yeri beliriyor.<\/p>\n\n\n\n<figure class=\"wp-block-image size-large\"><img loading=\"lazy\" width=\"1024\" height=\"605\" src=\"https:\/\/www.ufukonen.com\/tr\/wp-content\/uploads\/Eventide_SplitEQ_02-1024x605.jpg\" alt=\"\" class=\"wp-image-7029\" srcset=\"https:\/\/www.ufukonen.com\/tr\/wp-content\/uploads\/Eventide_SplitEQ_02-1024x605.jpg 1024w, https:\/\/www.ufukonen.com\/tr\/wp-content\/uploads\/Eventide_SplitEQ_02-300x177.jpg 300w, https:\/\/www.ufukonen.com\/tr\/wp-content\/uploads\/Eventide_SplitEQ_02-768x454.jpg 768w, https:\/\/www.ufukonen.com\/tr\/wp-content\/uploads\/Eventide_SplitEQ_02-1140x673.jpg 1140w, https:\/\/www.ufukonen.com\/tr\/wp-content\/uploads\/Eventide_SplitEQ_02-552x326.jpg 552w, https:\/\/www.ufukonen.com\/tr\/wp-content\/uploads\/Eventide_SplitEQ_02.jpg 1280w\" sizes=\"(max-width: 1024px) 100vw, 1024px\" \/><\/figure>\n\n\n\n<p>Bu tutma yerlerinden de\u011fil de say\u0131 \u00fczerinden tutup \u00e7ekti\u011finizde standart bir EQ i\u015flemi yapm\u0131\u015f oluyorsunuz.<\/p>\n\n\n\n<figure class=\"wp-block-image size-large\"><img loading=\"lazy\" width=\"1024\" height=\"605\" src=\"https:\/\/www.ufukonen.com\/tr\/wp-content\/uploads\/Eventide_SplitEQ_03-1024x605.jpg\" alt=\"\" class=\"wp-image-7030\" srcset=\"https:\/\/www.ufukonen.com\/tr\/wp-content\/uploads\/Eventide_SplitEQ_03-1024x605.jpg 1024w, https:\/\/www.ufukonen.com\/tr\/wp-content\/uploads\/Eventide_SplitEQ_03-300x177.jpg 300w, https:\/\/www.ufukonen.com\/tr\/wp-content\/uploads\/Eventide_SplitEQ_03-768x454.jpg 768w, https:\/\/www.ufukonen.com\/tr\/wp-content\/uploads\/Eventide_SplitEQ_03-1140x673.jpg 1140w, https:\/\/www.ufukonen.com\/tr\/wp-content\/uploads\/Eventide_SplitEQ_03-552x326.jpg 552w, https:\/\/www.ufukonen.com\/tr\/wp-content\/uploads\/Eventide_SplitEQ_03.jpg 1280w\" sizes=\"(max-width: 1024px) 100vw, 1024px\" \/><\/figure>\n\n\n\n<p>Ye\u015fil ve mavi tutma yerleri \u00fczerinden tutup \u00e7ekti\u011finizde ise transient ve tonal i\u00e7erik \u00fczerinde ayr\u0131 ayr\u0131 i\u015flem yapabiliyorsunuz. Bu, Eventide SplitEQ&#8217;nun bize sundu\u011fu m\u00fcthi\u015f bir \u00f6zellik!<\/p>\n\n\n\n<p>A\u015fa\u011f\u0131daki \u00f6rnekte transient seviyesini -2.6 dB, tonal seviyesini ise +3.8 dB olarak ayarlad\u0131m. Ye\u015fil \u00e7izgi, transient; mavi \u00e7izgi ise tonal \u00e7izgiyi g\u00f6steriyor.<\/p>\n\n\n\n<figure class=\"wp-block-image size-large\"><img loading=\"lazy\" width=\"1024\" height=\"605\" src=\"https:\/\/www.ufukonen.com\/tr\/wp-content\/uploads\/Eventide_SplitEQ_04-1024x605.jpg\" alt=\"\" class=\"wp-image-7031\" srcset=\"https:\/\/www.ufukonen.com\/tr\/wp-content\/uploads\/Eventide_SplitEQ_04-1024x605.jpg 1024w, https:\/\/www.ufukonen.com\/tr\/wp-content\/uploads\/Eventide_SplitEQ_04-300x177.jpg 300w, https:\/\/www.ufukonen.com\/tr\/wp-content\/uploads\/Eventide_SplitEQ_04-768x454.jpg 768w, https:\/\/www.ufukonen.com\/tr\/wp-content\/uploads\/Eventide_SplitEQ_04-1140x673.jpg 1140w, https:\/\/www.ufukonen.com\/tr\/wp-content\/uploads\/Eventide_SplitEQ_04-552x326.jpg 552w, https:\/\/www.ufukonen.com\/tr\/wp-content\/uploads\/Eventide_SplitEQ_04.jpg 1280w\" sizes=\"(max-width: 1024px) 100vw, 1024px\" \/><\/figure>\n\n\n\n<p>Bununla bitmiyor, transient ve tonal e\u011frilerinin Q de\u011ferlerini farkl\u0131 olarak ayarlayabiliyorsunuz. A\u015fa\u011f\u0131daki ekran g\u00f6r\u00fcnt\u00fcs\u00fcnde g\u00f6rebilece\u011finiz gibi Q de\u011ferini transient i\u00e7in 2.8, tonal i\u00e7in 0.8 olarak ayarlad\u0131m. Transient i\u00e7eri\u011fi daha dar bir aral\u0131kla azaltm\u0131\u015f, tonal i\u00e7eri\u011fi ise daha geni\u015f bir aral\u0131kla y\u00fckseltmi\u015f oldum.<\/p>\n\n\n\n<figure class=\"wp-block-image size-large\"><img loading=\"lazy\" width=\"1024\" height=\"605\" src=\"https:\/\/www.ufukonen.com\/tr\/wp-content\/uploads\/Eventide_SplitEQ_05-1024x605.jpg\" alt=\"\" class=\"wp-image-7032\" srcset=\"https:\/\/www.ufukonen.com\/tr\/wp-content\/uploads\/Eventide_SplitEQ_05-1024x605.jpg 1024w, https:\/\/www.ufukonen.com\/tr\/wp-content\/uploads\/Eventide_SplitEQ_05-300x177.jpg 300w, https:\/\/www.ufukonen.com\/tr\/wp-content\/uploads\/Eventide_SplitEQ_05-768x454.jpg 768w, https:\/\/www.ufukonen.com\/tr\/wp-content\/uploads\/Eventide_SplitEQ_05-1140x673.jpg 1140w, https:\/\/www.ufukonen.com\/tr\/wp-content\/uploads\/Eventide_SplitEQ_05-552x326.jpg 552w, https:\/\/www.ufukonen.com\/tr\/wp-content\/uploads\/Eventide_SplitEQ_05.jpg 1280w\" sizes=\"(max-width: 1024px) 100vw, 1024px\" \/><\/figure>\n\n\n\n<div style=\"height:20px\" aria-hidden=\"true\" class=\"wp-block-spacer\"><\/div>\n\n\n\n<h3>Stereo Pan Kontrol\u00fc ve M\/S<\/h3>\n\n\n\n<p>Eventide SplitEQ, sinyalin transient ve tonal i\u00e7eriklerini stereo panorama i\u00e7inde farkl\u0131 yerlere konumland\u0131rman\u0131za da imkan tan\u0131yor. Bunu isterseniz her bir band i\u00e7in ayr\u0131 ayr\u0131, isterseniz de master b\u00f6l\u00fcm i\u00e7inden genel olarak yapabiliyorsunuz.<\/p>\n\n\n\n<figure class=\"wp-block-image size-large\"><img loading=\"lazy\" width=\"1024\" height=\"605\" src=\"https:\/\/www.ufukonen.com\/tr\/wp-content\/uploads\/Eventide_SplitEQ_06-1024x605.jpg\" alt=\"\" class=\"wp-image-7033\" srcset=\"https:\/\/www.ufukonen.com\/tr\/wp-content\/uploads\/Eventide_SplitEQ_06-1024x605.jpg 1024w, https:\/\/www.ufukonen.com\/tr\/wp-content\/uploads\/Eventide_SplitEQ_06-300x177.jpg 300w, https:\/\/www.ufukonen.com\/tr\/wp-content\/uploads\/Eventide_SplitEQ_06-768x454.jpg 768w, https:\/\/www.ufukonen.com\/tr\/wp-content\/uploads\/Eventide_SplitEQ_06-1140x673.jpg 1140w, https:\/\/www.ufukonen.com\/tr\/wp-content\/uploads\/Eventide_SplitEQ_06-552x326.jpg 552w, https:\/\/www.ufukonen.com\/tr\/wp-content\/uploads\/Eventide_SplitEQ_06.jpg 1280w\" sizes=\"(max-width: 1024px) 100vw, 1024px\" \/><\/figure>\n\n\n\n<p>Blog yaz\u0131lar\u0131m\u0131 takip eden hat\u0131rlayacaklard\u0131r, &#8220;<a href=\"https:\/\/www.ufukonen.com\/tr\/split-eq-stereo-genisletme.html\" data-type=\"post\" data-id=\"6913\" target=\"_blank\" rel=\"noreferrer noopener\">Split EQ Tekni\u011fi \u0130le Stereo Geni\u015fletme<\/a>&#8221; ba\u015fl\u0131kl\u0131 bir makale yay\u0131nlam\u0131\u015ft\u0131m. O makalede basit bir EQ tekni\u011fi ile stereo kanallar\u0131 biraz daha geni\u015f duyurabilmek i\u00e7in bir teknik payla\u015fm\u0131\u015ft\u0131m. Bu tekni\u011fin bir benzerini Eventide SplitEQ ile mono kanallarda da uygulamak m\u00fcmk\u00fcn oluyor.<\/p>\n\n\n\n<p>Bu arada, payla\u015ft\u0131\u011f\u0131m Split EQ tekni\u011fi ile Eventide SplitEQ plug-in&#8217;inin isimlerinin neredeyse ayn\u0131 olmas\u0131 tamamen tesad\u00fcf!<\/p>\n\n\n\n<p>Son olarak, e\u011fer stereo bir sinyal \u00fczerinde \u00e7al\u0131\u015f\u0131yorsan\u0131z, stereo pan yerine M\/S kontrol\u00fc de yapabilirsiniz. M\/S ile ilgili olarak &#8220;<a href=\"https:\/\/www.ufukonen.com\/tr\/mid-side-sinyal-isleme.html\" data-type=\"post\" data-id=\"6674\" target=\"_blank\" rel=\"noreferrer noopener\">Mid\/Side (M\/S) Sinyal \u0130\u015fleme Y\u00f6ntemi<\/a>&#8221; ba\u015fl\u0131kl\u0131 yaz\u0131m\u0131 okuyabilirsiniz.<\/p>\n\n\n\n<div style=\"height:20px\" aria-hidden=\"true\" class=\"wp-block-spacer\"><\/div>\n\n\n\n<h3>Sonu\u00e7<\/h3>\n\n\n\n<p>Bence Eventide SplitEQ, 2021 i\u00e7inde \u00e7\u0131kan en inovatif plug-in&#8217;lerden biri. Hen\u00fcz \u00e7ok yeni, derinlemesine tecr\u00fcbe etme f\u0131rsat\u0131m olmad\u0131 ama \u00f6n\u00fcm\u00fczdeki haftalarda mutlaka daha fazla denemeler yapaca\u011f\u0131m.<\/p>\n\n\n\n<p>Eventide, t\u0131pk\u0131 Harmonizer\u00ae ve Ultra-Harmonizer ile yapt\u0131\u011f\u0131 gibi, y\u0131llar sonra yeniden oyunun kural\u0131n\u0131 de\u011fi\u015ftirecekmi\u015f gibi duruyor\u2026 En az\u0131ndan EQ i\u00e7in\u2026<\/p>\n\n\n\n<p>30 g\u00fcnl\u00fck deneme s\u00fcr\u00fcm\u00fcn\u00fc indirmek i\u00e7in <a href=\"https:\/\/www.eventideaudio.com\/plug-ins\/spliteq\/\" target=\"_blank\" rel=\"noreferrer noopener\">buraya t\u0131klayabilirsiniz<\/a> (iLok hesab\u0131n\u0131 \u00fccretsiz a\u00e7abilirsiniz, dongle alman\u0131za gerek yok).<\/p>\n\n\n\n<div style=\"height:50px\" aria-hidden=\"true\" class=\"wp-block-spacer\"><\/div>\n\n\n\n<p>Teknik terimler i\u00e7in <a href=\"http:\/\/www.ufukonen.com\/tr\/ses-kayit-muzik-teknolojisi-terimler-sozluk.html\">m\u00fczik teknolojisi, m\u00fczik prod\u00fcksiyonu ve ses kay\u0131t terimleri s\u00f6zl\u00fc\u011f\u00fcne<\/a> g\u00f6z atabilirsiniz.<\/p>\n\n\n\n<p>Benzer payla\u015f\u0131mlar i\u00e7in beni <a rel=\"noreferrer noopener\" href=\"https:\/\/www.facebook.com\/ufukonen.skmt\/\" target=\"_blank\">Facebook<\/a>, <a href=\"https:\/\/www.instagram.com\/ufukonen\/\" target=\"_blank\" rel=\"noreferrer noopener\" aria-label=\"Instagram (opens in a new tab)\">Instagram<\/a> ve <a rel=\"noreferrer noopener\" href=\"https:\/\/twitter.com\/UfukOnen\" target=\"_blank\">Twitter<\/a>&#8216;da takip edebilir, haberler i\u00e7in <a rel=\"noreferrer noopener\" href=\"http:\/\/ufukonen.com\/tr\/ses-kayit-muzik-teknolojisi-terimler-sozluk.html\" target=\"_blank\">mesaj listeme \u00fcye olabilirsiniz<\/a>. Te\u015fekk\u00fcrler.<\/p>\n\n\n\n<p>\u00a9 2021 Ufuk \u00d6nen. Her hakk\u0131 sakl\u0131d\u0131r. \u0130zinsiz kullan\u0131lamaz.<\/p>\n","protected":false},"excerpt":{"rendered":"<p class=\"post-excerpt\">Eventide, 50 y\u0131ll\u0131k k\u00f6kl\u00fc ve inovatif bir firma. 70&#8217;li, 80&#8217;li ve 90&#8217;l\u0131 y\u0131llarda \u00fcrettikleri delay ve phaser gibi efekt \u00fcnitelerini&#8230;<\/p>\n","protected":false},"author":2,"featured_media":7035,"comment_status":"closed","ping_status":"open","sticky":false,"template":"","format":"standard","meta":{"_mi_skip_tracking":false,"spay_email":"","jetpack_publicize_message":"","jetpack_is_tweetstorm":false,"jetpack_publicize_feature_enabled":true},"categories":[18],"tags":[],"jetpack_featured_media_url":"https:\/\/www.ufukonen.com\/tr\/wp-content\/uploads\/Eventide_SplitEQ_00_Header.jpg","jetpack_publicize_connections":[],"jetpack_shortlink":"https:\/\/wp.me\/p3rjsG-1Ph","jetpack_sharing_enabled":true,"jetpack-related-posts":[{"id":7050,"url":"https:\/\/www.ufukonen.com\/tr\/2021-en-cok-okunan.html","url_meta":{"origin":7023,"position":0},"title":"2021 \u0130\u00e7inde En \u00c7ok Okunan Blog Yaz\u0131lar\u0131m","date":"December 20, 2021","format":false,"excerpt":"2021'i kapat\u0131rken y\u0131l i\u00e7inde en \u00e7ok okunan blog yaz\u0131lar\u0131m\u0131 sizlerle payla\u015fmak istedim. \u0130ki liste haz\u0131rlad\u0131m: 1- En \u00e7ok okunan 2021 tarihli yaz\u0131lar\u0131m. 2- \u00d6nceki y\u0131llarda (2012-2020) yay\u0131nlanm\u0131\u015f olan yaz\u0131lardan 2021 i\u00e7inde en \u00e7ok okunanlar. Yaz\u0131lar\u0131, ba\u015fl\u0131klar\u0131n\u0131n ya da g\u00f6rsellerinin \u00fczerine t\u0131klayarak okuyabilirsiniz. G\u00f6stermi\u015f oldu\u011funuz ilgi i\u00e7in \u00e7ok te\u015fekk\u00fcr ederim! 2022'de\u2026","rel":"","context":"In &quot;M\u00fczik&quot;","img":{"alt_text":"","src":"https:\/\/i0.wp.com\/www.ufukonen.com\/tr\/wp-content\/uploads\/2020-en-cok-okunan_720.jpg?resize=350%2C200&ssl=1","width":350,"height":200},"classes":[]},{"id":7480,"url":"https:\/\/www.ufukonen.com\/tr\/doubler-pluginleri.html","url_meta":{"origin":7023,"position":1},"title":"Doubler Plug-in&#8217;leri","date":"July 4, 2022","format":false,"excerpt":"Bir sesi veya enstr\u00fcman\u0131 daha zengin ya da daha hacimli duyurmak i\u00e7in birden fazla defa kaydetmek ve bu kanallar\u0131 mikste \u00fcst\u00fc \u00fcste kullanmak y\u0131llardan beri s\u0131kl\u0131kla uygulanan bir teknik. Buna 'doubling' ad\u0131 veriliyor. Doubling, \u00e7e\u015fitli sebeplerden dolay\u0131, her zaman m\u00fcmk\u00fcn olam\u0131yor. Bazen vokalist ya da enstr\u00fcman\u0131 \u00e7alan m\u00fczisyen ilk kaydetti\u011fi\u2026","rel":"","context":"In &quot;Ses ve M\u00fczik Teknolojileri&quot;","img":{"alt_text":"","src":"https:\/\/i0.wp.com\/www.ufukonen.com\/tr\/wp-content\/uploads\/Doubler_Pluginleri_00_Header.jpg?resize=350%2C200&ssl=1","width":350,"height":200},"classes":[]},{"id":7643,"url":"https:\/\/www.ufukonen.com\/tr\/5-ucretsiz-eq-plugin.html","url_meta":{"origin":7023,"position":2},"title":"5 \u00dccretsiz EQ Plug-in&#8217;i","date":"October 17, 2022","format":false,"excerpt":"Blog yaz\u0131lar\u0131m\u0131 takip edenler bilir, \"\u00dccretsiz Plug-in'ler Serisi\" ba\u015fl\u0131\u011f\u0131 alt\u0131nda bug\u00fcne kadar bir\u00e7ok plug-in payla\u015ft\u0131m. Bunlar\u0131n i\u00e7inde akl\u0131n\u0131za gelebilecek her t\u00fcr ses i\u015flemci ve efekt vard\u0131\u2026 EQ, kompres\u00f6r, delay, reverb, gate, filtre ve di\u011ferleri. Bu seride payla\u015ft\u0131\u011f\u0131m \u00fccretsiz EQ plug-in'lerinin bir listesini \u00e7\u0131kard\u0131m. Bu liste i\u00e7inden \u015fahsi favorim olan be\u015f\u2026","rel":"","context":"Similar post","img":{"alt_text":"","src":"https:\/\/i0.wp.com\/www.ufukonen.com\/tr\/wp-content\/uploads\/5_Ucretsiz_EQ_Plugin_00_Header.jpg?resize=350%2C200&ssl=1","width":350,"height":200},"classes":[]},{"id":4876,"url":"https:\/\/www.ufukonen.com\/tr\/ucretsiz-pluginler-17.html","url_meta":{"origin":7023,"position":3},"title":"\u00dccretsiz Plug-in&#8217;ler (17)","date":"June 24, 2019","format":false,"excerpt":"\u00dccretsiz\u00a0plug-in'ler serisi 17: Convology XT (Impulse Record \/ Wave Arts), Oscarizor (Sugar Audio), Pitchproof (Aegean Music), \u00a0MIA Thin (MIA Laboratories). Convology XT (Impulse Record \/ Wave Arts) Convology XT (Impulse Record), bir convolution reverb plug-in'i. 70 adet vintage reverb impulse response dosyas\u0131 ile birlikte geliyor. \u0130sterseniz daha sonra farkl\u0131 paketler\u2026","rel":"","context":"In &quot;Ses ve M\u00fczik Teknolojileri&quot;","img":{"alt_text":"","src":"https:\/\/i0.wp.com\/www.ufukonen.com\/tr\/wp-content\/uploads\/Ucretsiz_Pluginler_17s.jpg?resize=350%2C200&ssl=1","width":350,"height":200},"classes":[]},{"id":3229,"url":"https:\/\/www.ufukonen.com\/tr\/ucretsiz-pluginler-11.html","url_meta":{"origin":7023,"position":4},"title":"\u00dccretsiz Plug-in&#8217;ler (11)","date":"September 4, 2017","format":false,"excerpt":"\"\u00dccretsiz Plug-in'ler\" adl\u0131 seriye Kas\u0131m 2015'te ba\u015flam\u0131\u015ft\u0131m. Takip ediyorsan\u0131z biliyorsunuzdur, bu serideki her bir blog yaz\u0131s\u0131nda d\u00f6rt adet \u00fccretsiz plug-in bulunuyor. Bu sefer biraz farkl\u0131. Bu yaz\u0131mda Blue Cat Audio firmas\u0131na ait Freeware Plug-ins Pack II paketini payla\u015f\u0131yorum, i\u00e7inde alt\u0131 adet plug-in var. Bu arada, e\u011fer daha \u00f6nceki payla\u015f\u0131mlar\u0131 incelemediyseniz\u2026","rel":"","context":"In &quot;Ses ve M\u00fczik Teknolojileri&quot;","img":{"alt_text":"","src":"https:\/\/i0.wp.com\/www.ufukonen.com\/tr\/wp-content\/uploads\/Ucretsiz_Pluginler_11s.jpg?resize=350%2C200&ssl=1","width":350,"height":200},"classes":[]},{"id":6025,"url":"https:\/\/www.ufukonen.com\/tr\/fabfilter-pro-q3-eq-match.html","url_meta":{"origin":7023,"position":5},"title":"FabFilter Pro-Q 3 ve EQ Match \u00d6zelli\u011fi","date":"August 31, 2020","format":false,"excerpt":"Bazen elimizdeki bir ses dosyas\u0131n\u0131n genel ton karakteristi\u011fini ya da daha teknik bir terimle frekans spektrumunu ba\u015fka bir ses dosyas\u0131n\u0131n frekans spektrumu ile e\u015fle\u015ftirmeye ihtiya\u00e7 duyar\u0131z. \u00d6rnek olarak, birka\u00e7 g\u00fcne yay\u0131lm\u0131\u015f bir vokal kayd\u0131 yaparken mikrofonu de\u011fi\u015ftirmesek, hatta yerinden k\u0131p\u0131rdatmasak bile solistin, kay\u0131tlar s\u0131ras\u0131nda, mikrofona olan uzakl\u0131\u011f\u0131n\u0131 ve duru\u015f a\u00e7\u0131s\u0131n\u0131\u2026","rel":"","context":"In &quot;Ses ve M\u00fczik Teknolojileri&quot;","img":{"alt_text":"","src":"https:\/\/i0.wp.com\/www.ufukonen.com\/tr\/wp-content\/uploads\/FabFilter_ProQ3_EQ_Match_00_Header.jpg?resize=350%2C200&ssl=1","width":350,"height":200},"classes":[]}],"_links":{"self":[{"href":"https:\/\/www.ufukonen.com\/tr\/wp-json\/wp\/v2\/posts\/7023"}],"collection":[{"href":"https:\/\/www.ufukonen.com\/tr\/wp-json\/wp\/v2\/posts"}],"about":[{"href":"https:\/\/www.ufukonen.com\/tr\/wp-json\/wp\/v2\/types\/post"}],"author":[{"embeddable":true,"href":"https:\/\/www.ufukonen.com\/tr\/wp-json\/wp\/v2\/users\/2"}],"replies":[{"embeddable":true,"href":"https:\/\/www.ufukonen.com\/tr\/wp-json\/wp\/v2\/comments?post=7023"}],"version-history":[{"count":5,"href":"https:\/\/www.ufukonen.com\/tr\/wp-json\/wp\/v2\/posts\/7023\/revisions"}],"predecessor-version":[{"id":7034,"href":"https:\/\/www.ufukonen.com\/tr\/wp-json\/wp\/v2\/posts\/7023\/revisions\/7034"}],"wp:featuredmedia":[{"embeddable":true,"href":"https:\/\/www.ufukonen.com\/tr\/wp-json\/wp\/v2\/media\/7035"}],"wp:attachment":[{"href":"https:\/\/www.ufukonen.com\/tr\/wp-json\/wp\/v2\/media?parent=7023"}],"wp:term":[{"taxonomy":"category","embeddable":true,"href":"https:\/\/www.ufukonen.com\/tr\/wp-json\/wp\/v2\/categories?post=7023"},{"taxonomy":"post_tag","embeddable":true,"href":"https:\/\/www.ufukonen.com\/tr\/wp-json\/wp\/v2\/tags?post=7023"}],"curies":[{"name":"wp","href":"https:\/\/api.w.org\/{rel}","templated":true}]}}