{"id":7037,"date":"2021-12-13T01:00:00","date_gmt":"2021-12-12T22:00:00","guid":{"rendered":"https:\/\/www.ufukonen.com\/tr\/?p=7037"},"modified":"2022-01-22T22:16:04","modified_gmt":"2022-01-22T19:16:04","slug":"logic-pro-normalize-region-gain","status":"publish","type":"post","link":"https:\/\/www.ufukonen.com\/tr\/logic-pro-normalize-region-gain.html","title":{"rendered":"Logic Pro &#8211; &#8216;Normalize Region Gain&#8217; \u00d6zelli\u011fi ile Gain Staging"},"content":{"rendered":"\n<p>Logic Pro i\u00e7inde &#8216;Normalize Region Gain&#8217; ad\u0131nda \u00e7ok g\u00fc\u00e7l\u00fc bir \u00f6zellik var. Ad\u0131ndan da tahmin edebilece\u011finiz gibi bu \u00f6zellik normalization i\u015flemi i\u00e7in kullan\u0131l\u0131yor. Normalization i\u015flemini her DAW i\u00e7inde ya da her audio editor program\u0131 ile yapmak m\u00fcmk\u00fcn ama Logic Pro i\u00e7indeki kullan\u0131c\u0131ya sundu\u011fu se\u00e7eneklerden dolay\u0131 biraz farkl\u0131.<\/p>\n\n\n\n<p>Ba\u015flamadan \u00f6nce iki noktaya de\u011finmek istiyorum. Birincisi, &#8216;Normalize Region Gain&#8217; \u00f6zelli\u011fi non-destructive &#8211; diskteki ses dosyalar\u0131 \u00fczerinde do\u011frudan de\u011fi\u015fiklik yapm\u0131yor. \u0130kincisi de, bu \u00f6zelli\u011fi kullanabilmek i\u00e7in &#8220;Advanced Editing&#8221; se\u00e7ene\u011finin aktif olmas\u0131 gerekiyor. Bu se\u00e7ene\u011fe Preferences &gt; Advanced Tools \u00fczerinden ula\u015fabilirsiniz. Zaten bence ciddi bir i\u015f yapan herkes i\u00e7in buradaki t\u00fcm se\u00e7enekler aktif olmal\u0131.<\/p>\n\n\n\n<figure class=\"wp-block-image size-large\"><img loading=\"lazy\" width=\"1024\" height=\"881\" src=\"https:\/\/www.ufukonen.com\/tr\/wp-content\/uploads\/LogicPro_NormalizeRegionGain_01-1024x881.jpg\" alt=\"\" class=\"wp-image-7041\" srcset=\"https:\/\/www.ufukonen.com\/tr\/wp-content\/uploads\/LogicPro_NormalizeRegionGain_01-1024x881.jpg 1024w, https:\/\/www.ufukonen.com\/tr\/wp-content\/uploads\/LogicPro_NormalizeRegionGain_01-300x258.jpg 300w, https:\/\/www.ufukonen.com\/tr\/wp-content\/uploads\/LogicPro_NormalizeRegionGain_01-768x661.jpg 768w, https:\/\/www.ufukonen.com\/tr\/wp-content\/uploads\/LogicPro_NormalizeRegionGain_01-1140x981.jpg 1140w, https:\/\/www.ufukonen.com\/tr\/wp-content\/uploads\/LogicPro_NormalizeRegionGain_01-552x475.jpg 552w, https:\/\/www.ufukonen.com\/tr\/wp-content\/uploads\/LogicPro_NormalizeRegionGain_01.jpg 1280w\" sizes=\"(max-width: 1024px) 100vw, 1024px\" \/><\/figure>\n\n\n\n<div style=\"height:20px\" aria-hidden=\"true\" class=\"wp-block-spacer\"><\/div>\n\n\n\n<h3>Normalize Region Gain<\/h3>\n\n\n\n<p>\u0130lk \u00f6nce i\u015flem yapmak istedi\u011fimiz kanallar\u0131 ya da kanallardaki region&#8217;lar\u0131 se\u00e7iyoruz. Ben bu \u00f6rne\u011fimiz i\u00e7in par\u00e7adaki b\u00fct\u00fcn kanal ve region&#8217;lar\u0131 se\u00e7tim.<\/p>\n\n\n\n<p>Daha sonra Functions men\u00fcs\u00fcnden &#8220;Normalize Region Gain\u2026&#8221; komutu veriyoruz.<\/p>\n\n\n\n<figure class=\"wp-block-image size-large\"><img loading=\"lazy\" width=\"1024\" height=\"341\" src=\"https:\/\/www.ufukonen.com\/tr\/wp-content\/uploads\/LogicPro_NormalizeRegionGain_02-1024x341.jpg\" alt=\"\" class=\"wp-image-7042\" srcset=\"https:\/\/www.ufukonen.com\/tr\/wp-content\/uploads\/LogicPro_NormalizeRegionGain_02-1024x341.jpg 1024w, https:\/\/www.ufukonen.com\/tr\/wp-content\/uploads\/LogicPro_NormalizeRegionGain_02-300x100.jpg 300w, https:\/\/www.ufukonen.com\/tr\/wp-content\/uploads\/LogicPro_NormalizeRegionGain_02-768x256.jpg 768w, https:\/\/www.ufukonen.com\/tr\/wp-content\/uploads\/LogicPro_NormalizeRegionGain_02-1536x511.jpg 1536w, https:\/\/www.ufukonen.com\/tr\/wp-content\/uploads\/LogicPro_NormalizeRegionGain_02-1140x379.jpg 1140w, https:\/\/www.ufukonen.com\/tr\/wp-content\/uploads\/LogicPro_NormalizeRegionGain_02-552x184.jpg 552w, https:\/\/www.ufukonen.com\/tr\/wp-content\/uploads\/LogicPro_NormalizeRegionGain_02.jpg 1920w\" sizes=\"(max-width: 1024px) 100vw, 1024px\" \/><\/figure>\n\n\n\n<p>Kar\u015f\u0131m\u0131za se\u00e7enekler bulunan bir pencere \u00e7\u0131k\u0131yor.<\/p>\n\n\n\n<figure class=\"wp-block-image size-large\"><img loading=\"lazy\" width=\"1024\" height=\"408\" src=\"https:\/\/www.ufukonen.com\/tr\/wp-content\/uploads\/LogicPro_NormalizeRegionGain_03-1024x408.jpg\" alt=\"\" class=\"wp-image-7043\" srcset=\"https:\/\/www.ufukonen.com\/tr\/wp-content\/uploads\/LogicPro_NormalizeRegionGain_03-1024x408.jpg 1024w, https:\/\/www.ufukonen.com\/tr\/wp-content\/uploads\/LogicPro_NormalizeRegionGain_03-300x120.jpg 300w, https:\/\/www.ufukonen.com\/tr\/wp-content\/uploads\/LogicPro_NormalizeRegionGain_03-768x306.jpg 768w, https:\/\/www.ufukonen.com\/tr\/wp-content\/uploads\/LogicPro_NormalizeRegionGain_03-1140x454.jpg 1140w, https:\/\/www.ufukonen.com\/tr\/wp-content\/uploads\/LogicPro_NormalizeRegionGain_03-552x220.jpg 552w, https:\/\/www.ufukonen.com\/tr\/wp-content\/uploads\/LogicPro_NormalizeRegionGain_03.jpg 1280w\" sizes=\"(max-width: 1024px) 100vw, 1024px\" \/><\/figure>\n\n\n\n<div style=\"height:20px\" aria-hidden=\"true\" class=\"wp-block-spacer\"><\/div>\n\n\n\n<h4>Affect<\/h4>\n\n\n\n<p>Affect (etki) i\u00e7in \u00fc\u00e7 se\u00e7enek g\u00f6r\u00fcyoruz:<\/p>\n\n\n\n<ul><li>Collective Selection<\/li><li>Individual Tracks<\/li><li>Individual Regions<\/li><\/ul>\n\n\n\n<figure class=\"wp-block-image size-large\"><img loading=\"lazy\" width=\"1024\" height=\"408\" src=\"https:\/\/www.ufukonen.com\/tr\/wp-content\/uploads\/LogicPro_NormalizeRegionGain_04-1024x408.jpg\" alt=\"\" class=\"wp-image-7044\" srcset=\"https:\/\/www.ufukonen.com\/tr\/wp-content\/uploads\/LogicPro_NormalizeRegionGain_04-1024x408.jpg 1024w, https:\/\/www.ufukonen.com\/tr\/wp-content\/uploads\/LogicPro_NormalizeRegionGain_04-300x120.jpg 300w, https:\/\/www.ufukonen.com\/tr\/wp-content\/uploads\/LogicPro_NormalizeRegionGain_04-768x306.jpg 768w, https:\/\/www.ufukonen.com\/tr\/wp-content\/uploads\/LogicPro_NormalizeRegionGain_04-1140x454.jpg 1140w, https:\/\/www.ufukonen.com\/tr\/wp-content\/uploads\/LogicPro_NormalizeRegionGain_04-552x220.jpg 552w, https:\/\/www.ufukonen.com\/tr\/wp-content\/uploads\/LogicPro_NormalizeRegionGain_04.jpg 1280w\" sizes=\"(max-width: 1024px) 100vw, 1024px\" \/><\/figure>\n\n\n\n<p><strong>Collective Selection<\/strong> se\u00e7ene\u011finde program, se\u00e7mi\u015f oldu\u011funuz t\u00fcm kanal ve region&#8217;lar\u0131n seviyelerini inceliyor ve en y\u00fcksek seviyeye sahip kanal\u0131 ve region&#8217;\u0131 tespit ediyor. Daha sonra bu en y\u00fcksek nokta hedef seviyeye gelecek \u015fekilde b\u00fct\u00fcn kanal ve region&#8217;lar\u0131n gain ayarlar\u0131n\u0131 e\u015fit bir \u015fekilde azalt\u0131yor veya \u00e7o\u011falt\u0131yor.<\/p>\n\n\n\n<p>Bu i\u015flem t\u00fcm kanal ve region&#8217;lar\u0131n gain seviyelerini e\u015fit miktarda azaltt\u0131\u011f\u0131 veya art\u0131rd\u0131\u011f\u0131 i\u00e7in kanal ve region&#8217;lar\u0131n kendi aralar\u0131ndaki seviye dengesi de\u011fi\u015fmiyor.<\/p>\n\n\n\n<p><strong>Individual Tracks<\/strong> se\u00e7ene\u011finde program, her kanal\u0131n gain de\u011ferini o kanal hedef seviyeyi tutturacak \u015fekilde ayarl\u0131yor. Bu i\u015flemde kanallar\u0131n gain de\u011ferleri birbirlerinden ba\u011f\u0131ms\u0131z bir \u015fekilde ayarland\u0131\u011f\u0131 i\u00e7in kanallar\u0131n kendi aralar\u0131ndaki seviye dengesi de de\u011fi\u015fiyor.<\/p>\n\n\n\n<p><strong>Individual Regions<\/strong> se\u00e7ene\u011finde ise program her region&#8217;\u0131n gain de\u011ferini o region hedef seviyeyi tutturacak \u015fekilde ayarl\u0131yor. Bu i\u015flemde kanal ve region&#8217;lar aras\u0131ndaki t\u00fcm seviye dengeleri de\u011fi\u015fmi\u015f oluyor.<\/p>\n\n\n\n<div style=\"height:20px\" aria-hidden=\"true\" class=\"wp-block-spacer\"><\/div>\n\n\n\n<h4>Algorithm<\/h4>\n\n\n\n<p>Algorithm (algoritma) i\u00e7in kar\u015f\u0131m\u0131za iki se\u00e7enek \u00e7\u0131k\u0131yor:<\/p>\n\n\n\n<ul><li>Peak<\/li><li>Loudness<\/li><\/ul>\n\n\n\n<figure class=\"wp-block-image size-large\"><img loading=\"lazy\" width=\"1024\" height=\"408\" src=\"https:\/\/www.ufukonen.com\/tr\/wp-content\/uploads\/LogicPro_NormalizeRegionGain_05-1024x408.jpg\" alt=\"\" class=\"wp-image-7045\" srcset=\"https:\/\/www.ufukonen.com\/tr\/wp-content\/uploads\/LogicPro_NormalizeRegionGain_05-1024x408.jpg 1024w, https:\/\/www.ufukonen.com\/tr\/wp-content\/uploads\/LogicPro_NormalizeRegionGain_05-300x120.jpg 300w, https:\/\/www.ufukonen.com\/tr\/wp-content\/uploads\/LogicPro_NormalizeRegionGain_05-768x306.jpg 768w, https:\/\/www.ufukonen.com\/tr\/wp-content\/uploads\/LogicPro_NormalizeRegionGain_05-1140x454.jpg 1140w, https:\/\/www.ufukonen.com\/tr\/wp-content\/uploads\/LogicPro_NormalizeRegionGain_05-552x220.jpg 552w, https:\/\/www.ufukonen.com\/tr\/wp-content\/uploads\/LogicPro_NormalizeRegionGain_05.jpg 1280w\" sizes=\"(max-width: 1024px) 100vw, 1024px\" \/><\/figure>\n\n\n\n<p>Peak de\u011feri dB, Loudness de\u011feri ise LUFS cinsinden ifade ediliyor.<\/p>\n\n\n\n<div style=\"height:20px\" aria-hidden=\"true\" class=\"wp-block-spacer\"><\/div>\n\n\n\n<h4>Target Level<\/h4>\n\n\n\n<p>Son se\u00e7enek Target Level (hedef seviye). Bu alana se\u00e7mi\u015f oldu\u011fumuz algoritmaya g\u00f6re dB veya LUFS cinsinden bir de\u011fer giriyoruz. \u00d6rnek olarak peak i\u00e7in -1 dB ya da loudness i\u00e7in -20 LUFS gibi.<\/p>\n\n\n\n<figure class=\"wp-block-image size-large\"><img loading=\"lazy\" width=\"1024\" height=\"408\" src=\"https:\/\/www.ufukonen.com\/tr\/wp-content\/uploads\/LogicPro_NormalizeRegionGain_06-1024x408.jpg\" alt=\"\" class=\"wp-image-7046\" srcset=\"https:\/\/www.ufukonen.com\/tr\/wp-content\/uploads\/LogicPro_NormalizeRegionGain_06-1024x408.jpg 1024w, https:\/\/www.ufukonen.com\/tr\/wp-content\/uploads\/LogicPro_NormalizeRegionGain_06-300x120.jpg 300w, https:\/\/www.ufukonen.com\/tr\/wp-content\/uploads\/LogicPro_NormalizeRegionGain_06-768x306.jpg 768w, https:\/\/www.ufukonen.com\/tr\/wp-content\/uploads\/LogicPro_NormalizeRegionGain_06-1140x454.jpg 1140w, https:\/\/www.ufukonen.com\/tr\/wp-content\/uploads\/LogicPro_NormalizeRegionGain_06-552x220.jpg 552w, https:\/\/www.ufukonen.com\/tr\/wp-content\/uploads\/LogicPro_NormalizeRegionGain_06.jpg 1280w\" sizes=\"(max-width: 1024px) 100vw, 1024px\" \/><\/figure>\n\n\n\n<p>&#8216;Apply&#8217; komutu ile i\u015flem tamamlanm\u0131\u015f oluyor. Bu i\u015flem sonucunda hangi region&#8217;a ne kadar azaltma veya \u00e7o\u011faltma uyguland\u0131\u011f\u0131n\u0131 Inspector penceresinde g\u00f6r\u00fcnt\u00fcleyebilirsiniz.<\/p>\n\n\n\n<figure class=\"wp-block-image size-large\"><img loading=\"lazy\" width=\"1024\" height=\"568\" src=\"https:\/\/www.ufukonen.com\/tr\/wp-content\/uploads\/LogicPro_NormalizeRegionGain_07-1024x568.jpg\" alt=\"\" class=\"wp-image-7047\" srcset=\"https:\/\/www.ufukonen.com\/tr\/wp-content\/uploads\/LogicPro_NormalizeRegionGain_07-1024x568.jpg 1024w, https:\/\/www.ufukonen.com\/tr\/wp-content\/uploads\/LogicPro_NormalizeRegionGain_07-300x166.jpg 300w, https:\/\/www.ufukonen.com\/tr\/wp-content\/uploads\/LogicPro_NormalizeRegionGain_07-768x426.jpg 768w, https:\/\/www.ufukonen.com\/tr\/wp-content\/uploads\/LogicPro_NormalizeRegionGain_07-1140x632.jpg 1140w, https:\/\/www.ufukonen.com\/tr\/wp-content\/uploads\/LogicPro_NormalizeRegionGain_07-552x306.jpg 552w, https:\/\/www.ufukonen.com\/tr\/wp-content\/uploads\/LogicPro_NormalizeRegionGain_07.jpg 1280w\" sizes=\"(max-width: 1024px) 100vw, 1024px\" \/><\/figure>\n\n\n\n<div style=\"height:20px\" aria-hidden=\"true\" class=\"wp-block-spacer\"><\/div>\n\n\n\n<h3>Sonu\u00e7<\/h3>\n\n\n\n<p>Logic Pro i\u00e7indeki &#8216;Normalize Region Gain&#8217; ger\u00e7ekten \u00e7ok g\u00fc\u00e7l\u00fc bir \u00f6zellik. Bir par\u00e7ada bulunan t\u00fcm kanallar\u0131 se\u00e7ip normalize etmek her zaman i\u015fimize yarayabilecek bir \u015fey de\u011fil. Ancak, di\u011fer yandan, analog hardware em\u00fclasyonu yapan plug-in&#8217;lerle \u00e7al\u0131\u015f\u0131rken kanallar\u0131 bu plug-in&#8217;lerin nominal seviyelerine g\u00f6re ayarlamak isterseniz bunu \u00e7ok h\u0131zl\u0131 bir \u015fekilde &#8216;Normalize Region Gain&#8217; \u00f6zelli\u011fi ile yapabilirsiniz.<\/p>\n\n\n\n<p>Benzer bir \u015fekilde, (ister ayn\u0131 kanalda ister farkl\u0131 kanallara yay\u0131lm\u0131\u015f olsun) bir vokal kayd\u0131na ait region&#8217;lar\u0131n kendi i\u00e7lerindeki gain dengesini yine bu \u00f6zellik ile basit\u00e7e kurabilir, sonra gerekirse manuel bir \u015fekilde ince ayarlar yapabilirsiniz.<\/p>\n\n\n\n<div style=\"height:50px\" aria-hidden=\"true\" class=\"wp-block-spacer\"><\/div>\n\n\n\n<p>Teknik terimler i\u00e7in <a href=\"http:\/\/www.ufukonen.com\/tr\/ses-kayit-muzik-teknolojisi-terimler-sozluk.html\">m\u00fczik teknolojisi, m\u00fczik prod\u00fcksiyonu ve ses kay\u0131t terimleri s\u00f6zl\u00fc\u011f\u00fcne<\/a> g\u00f6z atabilirsiniz.<\/p>\n\n\n\n<p>Benzer payla\u015f\u0131mlar i\u00e7in beni <a rel=\"noreferrer noopener\" href=\"https:\/\/www.facebook.com\/ufukonen.skmt\/\" target=\"_blank\">Facebook<\/a>, <a rel=\"noreferrer noopener\" aria-label=\"Instagram (opens in a new tab)\" href=\"https:\/\/www.instagram.com\/ufukonen\/\" target=\"_blank\">Instagram<\/a> ve <a rel=\"noreferrer noopener\" href=\"https:\/\/twitter.com\/UfukOnen\" target=\"_blank\">Twitter<\/a>&#8216;da takip edebilir, haberler i\u00e7in <a rel=\"noreferrer noopener\" href=\"http:\/\/ufukonen.com\/tr\/ses-kayit-muzik-teknolojisi-terimler-sozluk.html\" target=\"_blank\">mesaj listeme \u00fcye olabilirsiniz<\/a>. Te\u015fekk\u00fcrler.<\/p>\n\n\n\n<p>\u00a9 2021 Ufuk \u00d6nen. Her hakk\u0131 sakl\u0131d\u0131r. \u0130zinsiz kullan\u0131lamaz.<\/p>\n","protected":false},"excerpt":{"rendered":"<p class=\"post-excerpt\">Logic Pro i\u00e7inde &#8216;Normalize Region Gain&#8217; ad\u0131nda \u00e7ok g\u00fc\u00e7l\u00fc bir \u00f6zellik var. Ad\u0131ndan da tahmin edebilece\u011finiz gibi bu \u00f6zellik normalization&#8230;<\/p>\n","protected":false},"author":2,"featured_media":7049,"comment_status":"closed","ping_status":"open","sticky":false,"template":"","format":"standard","meta":{"_mi_skip_tracking":false,"spay_email":"","jetpack_publicize_message":"","jetpack_is_tweetstorm":false,"jetpack_publicize_feature_enabled":true},"categories":[18],"tags":[],"jetpack_featured_media_url":"https:\/\/www.ufukonen.com\/tr\/wp-content\/uploads\/LogicPro_NormalizeRegionGain_00_Header.jpg","jetpack_publicize_connections":[],"jetpack_shortlink":"https:\/\/wp.me\/p3rjsG-1Pv","jetpack_sharing_enabled":true,"jetpack-related-posts":[{"id":5633,"url":"https:\/\/www.ufukonen.com\/tr\/tab-to-transients.html","url_meta":{"origin":7037,"position":0},"title":"&#8220;Tab to Transients&#8221; \u00d6zelli\u011fi","date":"May 18, 2020","format":false,"excerpt":"DAW i\u00e7inde davul, gitar, vokal ya da herhangi bir enstr\u00fcman veya ses kanal\u0131 \u00fczerinde \u00e7al\u0131\u015f\u0131rken transient noktalar\u0131n\u0131 g\u00f6rebiliyoruz. Hatta bu kanallar\u0131 kesip bi\u00e7erken (yani kes-yap\u0131\u015ft\u0131r i\u015flemleri ile d\u00fczenlerken) \u00e7o\u011fu zaman transient noktas\u0131n\u0131 g\u00f6z ile saptay\u0131p, imleci m\u00fcmk\u00fcn oldu\u011funca bu noktaya yak\u0131n bir yere yerle\u015ftirip, sonra imleci tam yerine (di\u011fer bir\u2026","rel":"","context":"In &quot;M\u00fczik Prod\u00fcksiyonu&quot;","img":{"alt_text":"","src":"https:\/\/i0.wp.com\/www.ufukonen.com\/tr\/wp-content\/uploads\/Tab_to_Transients_00_Header.jpg?resize=350%2C200&ssl=1","width":350,"height":200},"classes":[]},{"id":6112,"url":"https:\/\/www.ufukonen.com\/tr\/daw-stereo-pan-kontrol.html","url_meta":{"origin":7037,"position":1},"title":"Cubase, Studio One ve Logic \u0130\u00e7in &#8220;Ger\u00e7ek&#8221; Stereo Pan Kontrol\u00fc","date":"October 26, 2020","format":false,"excerpt":"Baz\u0131 DAW mikserlerinde stereo kanallar i\u00e7in tek bir pan kontrol\u00fc bulunuyor ve bu kontrol \"ger\u00e7ek\" stereo pan de\u011fil de stereo denge ayar\u0131 i\u00e7in kullan\u0131l\u0131yor. Stereo pan ve stereo denge (stereo balance) aras\u0131ndaki farkl\u0131 \"Stereo Pan ve Stereo Denge Kontrol\u00fc Aras\u0131ndaki Fark\" ba\u015fl\u0131kl\u0131 yaz\u0131mda detayl\u0131 olarak a\u00e7\u0131klam\u0131\u015ft\u0131m. Cubase, Studio One ve\u2026","rel":"","context":"In &quot;Ses ve M\u00fczik Teknolojileri&quot;","img":{"alt_text":"","src":"https:\/\/i0.wp.com\/www.ufukonen.com\/tr\/wp-content\/uploads\/DAW_Gercek_Pan_Kontrol_00_Header.jpg?resize=350%2C200&ssl=1","width":350,"height":200},"classes":[]},{"id":4662,"url":"https:\/\/www.ufukonen.com\/tr\/lookahead-ozelligi-manuel.html","url_meta":{"origin":7037,"position":2},"title":"Peki Ya Kullanmak \u0130stedi\u011fimiz Kompres\u00f6r \u00dczerinde Lookahead \u00d6zelli\u011fi Yoksa?","date":"April 1, 2019","format":false,"excerpt":"Ge\u00e7ti\u011fimiz hafta payla\u015ft\u0131\u011f\u0131m \"Kompres\u00f6r \/ Limiter Lookahead \u00d6zelli\u011fi\" ba\u015fl\u0131kl\u0131 yaz\u0131dan sonra soranlar oldu: Peki ya kullanmak istedi\u011fimiz kompres\u00f6r, limiter veya de-esser plug-in'i \u00fczerinde lookahead \u00f6zelli\u011fi yoksa? Lookahead \u00f6zelli\u011fi baz\u0131 durumlarda ger\u00e7ekten \u00e7ok faydal\u0131 olabiliyor ama maalesef baz\u0131 plug-in'ler \u00fczerinde bu \u00f6zellik bulunmuyor. Olsun. Problem de\u011fil! Plug-in \u00fczerinde olmada lookahead \u00f6zelli\u011fini\u2026","rel":"","context":"In &quot;Ses ve M\u00fczik Teknolojileri&quot;","img":{"alt_text":"","src":"https:\/\/i0.wp.com\/www.ufukonen.com\/tr\/wp-content\/uploads\/Lookahead_Ozelligi_Manuel.jpg?resize=350%2C200&ssl=1","width":350,"height":200},"classes":[]},{"id":4645,"url":"https:\/\/www.ufukonen.com\/tr\/lookahead-ozelligi.html","url_meta":{"origin":7037,"position":3},"title":"Kompres\u00f6r \/ Limiter Lookahead \u00d6zelli\u011fi","date":"March 25, 2019","format":false,"excerpt":"Kompres\u00f6r veya limiter \u00fczerindeki attack parametresini ne kadar k\u0131sa bir s\u00fcreye ayarlarsak ayarlayal\u0131m, bazen sinyaldeki \u00e7ok h\u0131zl\u0131 y\u00fckselmeler, di\u011fer bir deyi\u015fle ani olarak olu\u015fan peak noktalar\u0131, kompres\u00f6r veya limiter'a yakalanmadan \"ka\u00e7abiliyor\".\u00a0Baz\u0131 kompres\u00f6r ve limiter'lar\u0131n \u00fczerinde bulunan lookahead \u00f6zelli\u011fi ile bu ka\u00e7aklar\u0131 \u00f6nlemek m\u00fcmk\u00fcn olabiliyor. Lookahead \u00d6zelli\u011fi Nedir? Lookahead (veya 'look-ahead')\u2026","rel":"","context":"In &quot;Ses ve M\u00fczik Teknolojileri&quot;","img":{"alt_text":"","src":"https:\/\/i0.wp.com\/www.ufukonen.com\/tr\/wp-content\/uploads\/Lookahead_Ozelligi.jpg?resize=350%2C200&ssl=1","width":350,"height":200},"classes":[]},{"id":6887,"url":"https:\/\/www.ufukonen.com\/tr\/multichannel-multimono-plugin.html","url_meta":{"origin":7037,"position":4},"title":"Multichannel ve Multi-Mono Plug-in Kullan\u0131mlar\u0131 Aras\u0131ndaki Fark","date":"September 27, 2021","format":false,"excerpt":"Plug-in'ler, stereo kanallarda bir\u00e7ok ki\u015fi taraf\u0131ndan genelde multichannel olarak kullan\u0131l\u0131yor. Bu, baz\u0131lar\u0131 taraf\u0131ndan bilin\u00e7li olarak yap\u0131lan bir se\u00e7im ancak di\u011ferleri ise multi-mono ad\u0131 verilen ba\u015fka bir se\u00e7enek daha oldu\u011funun fark\u0131nda de\u011fil. Di\u011fer se\u00e7ene\u011fin fark\u0131na varanlarda ise ilk ba\u015fta bir kafa kar\u0131\u015f\u0131kl\u0131\u011f\u0131 oluyor. Multichannel ve multi-mono aras\u0131nda ne fark oldu\u011funu soruyorlar.\u2026","rel":"","context":"In &quot;Ses ve M\u00fczik Teknolojileri&quot;","img":{"alt_text":"","src":"https:\/\/i0.wp.com\/www.ufukonen.com\/tr\/wp-content\/uploads\/Multichannel_MultiMono_Plugin_00_Header.jpg?resize=350%2C200&ssl=1","width":350,"height":200},"classes":[]},{"id":5419,"url":"https:\/\/www.ufukonen.com\/tr\/kompresor-teknikleri-3-sidechain.html","url_meta":{"origin":7037,"position":5},"title":"Kompres\u00f6r Teknikleri &#8211; 3. B\u00f6l\u00fcm: Sidechain Kompres\u00f6r Kullan\u0131m\u0131","date":"February 10, 2020","format":false,"excerpt":"Bu yaz\u0131 dizisi \u00fc\u00e7 b\u00f6l\u00fcmden olu\u015fmaktad\u0131r. \u015eu anda okumakta oldu\u011funuz \u00fc\u00e7\u00fcnc\u00fc b\u00f6l\u00fcm sidechain kompres\u00f6r kullan\u0131m\u0131 \u00fczerine. Di\u011fer iki b\u00f6l\u00fcme a\u015fa\u011f\u0131daki linklerden ula\u015fabilirsiniz: Kompres\u00f6r Teknikleri - 1. B\u00f6l\u00fcm: Paralel Kompres\u00f6r Kullan\u0131m\u0131 Kompres\u00f6r Teknikleri - 2. B\u00f6l\u00fcm: Seri Kompres\u00f6r Kullan\u0131m\u0131 Bu teknikleri DAW i\u00e7inde nas\u0131l uygulayaca\u011f\u0131n\u0131z\u0131 Pro Tools ve Studio One ekran\u2026","rel":"","context":"In &quot;M\u00fczik Prod\u00fcksiyonu&quot;","img":{"alt_text":"","src":"https:\/\/i0.wp.com\/www.ufukonen.com\/tr\/wp-content\/uploads\/Kompresor_Teknikleri_00_Header.jpg?resize=350%2C200&ssl=1","width":350,"height":200},"classes":[]}],"_links":{"self":[{"href":"https:\/\/www.ufukonen.com\/tr\/wp-json\/wp\/v2\/posts\/7037"}],"collection":[{"href":"https:\/\/www.ufukonen.com\/tr\/wp-json\/wp\/v2\/posts"}],"about":[{"href":"https:\/\/www.ufukonen.com\/tr\/wp-json\/wp\/v2\/types\/post"}],"author":[{"embeddable":true,"href":"https:\/\/www.ufukonen.com\/tr\/wp-json\/wp\/v2\/users\/2"}],"replies":[{"embeddable":true,"href":"https:\/\/www.ufukonen.com\/tr\/wp-json\/wp\/v2\/comments?post=7037"}],"version-history":[{"count":4,"href":"https:\/\/www.ufukonen.com\/tr\/wp-json\/wp\/v2\/posts\/7037\/revisions"}],"predecessor-version":[{"id":7048,"href":"https:\/\/www.ufukonen.com\/tr\/wp-json\/wp\/v2\/posts\/7037\/revisions\/7048"}],"wp:featuredmedia":[{"embeddable":true,"href":"https:\/\/www.ufukonen.com\/tr\/wp-json\/wp\/v2\/media\/7049"}],"wp:attachment":[{"href":"https:\/\/www.ufukonen.com\/tr\/wp-json\/wp\/v2\/media?parent=7037"}],"wp:term":[{"taxonomy":"category","embeddable":true,"href":"https:\/\/www.ufukonen.com\/tr\/wp-json\/wp\/v2\/categories?post=7037"},{"taxonomy":"post_tag","embeddable":true,"href":"https:\/\/www.ufukonen.com\/tr\/wp-json\/wp\/v2\/tags?post=7037"}],"curies":[{"name":"wp","href":"https:\/\/api.w.org\/{rel}","templated":true}]}}