{"id":7075,"date":"2021-12-27T01:00:00","date_gmt":"2021-12-26T22:00:00","guid":{"rendered":"https:\/\/www.ufukonen.com\/tr\/?p=7075"},"modified":"2022-01-22T22:16:31","modified_gmt":"2022-01-22T19:16:31","slug":"2021i-kapatirken","status":"publish","type":"post","link":"https:\/\/www.ufukonen.com\/tr\/2021i-kapatirken.html","title":{"rendered":"2021&#8217;i Kapat\u0131rken&#8230;"},"content":{"rendered":"\n<p>2021 kolay bir y\u0131l de\u011fildi. Bir yandan pandemi, di\u011fer yandan y\u0131l\u0131n son \u00e7eyre\u011findeki ekonomik dalgalanma derken herkes ama az ama \u00e7ok s\u0131k\u0131ld\u0131 ve darald\u0131.<\/p>\n\n\n\n<p>Her \u015feye ra\u011fmen, 2022&#8217;ye m\u00fcmk\u00fcn oldu\u011funca pozitif bir enerji ile girebilmek ad\u0131na, 2021 y\u0131l\u0131 i\u00e7inde yapt\u0131\u011f\u0131m ve beni mutlu eden i\u015flerin bir \u00f6zetini sizlerle payla\u015fmak istedim.<\/p>\n\n\n\n<p>\u00d6ncelikle, blog yaz\u0131lar\u0131ma g\u00f6sterdi\u011finiz ilgiden dolay\u0131 \u00e7ok te\u015fekk\u00fcr ederim! Gelen mesajlardan ve sosyal medyada yap\u0131lan yorumlardan anlad\u0131\u011f\u0131m kadar\u0131yla bu yaz\u0131lar\u0131n bir\u00e7ok insana faydas\u0131 dokunuyor. Blog&#8217;da \u015fu anda 300&#8217;den fazla yaz\u0131 var. 2022&#8217;de de yaz\u0131lara devam etmeyi planl\u0131yorum.<\/p>\n\n\n\n<div style=\"height:25px\" aria-hidden=\"true\" class=\"wp-block-spacer\"><\/div>\n\n\n\n<h3>Production Expert<\/h3>\n\n\n\n<figure class=\"wp-block-image size-full\"><img loading=\"lazy\" width=\"960\" height=\"540\" src=\"https:\/\/www.ufukonen.com\/tr\/wp-content\/uploads\/2021_Kapatirken_ProductionExpert.jpg\" alt=\"\" class=\"wp-image-7085\" srcset=\"https:\/\/www.ufukonen.com\/tr\/wp-content\/uploads\/2021_Kapatirken_ProductionExpert.jpg 960w, https:\/\/www.ufukonen.com\/tr\/wp-content\/uploads\/2021_Kapatirken_ProductionExpert-300x169.jpg 300w, https:\/\/www.ufukonen.com\/tr\/wp-content\/uploads\/2021_Kapatirken_ProductionExpert-768x432.jpg 768w, https:\/\/www.ufukonen.com\/tr\/wp-content\/uploads\/2021_Kapatirken_ProductionExpert-552x311.jpg 552w\" sizes=\"(max-width: 960px) 100vw, 960px\" \/><\/figure>\n\n\n\n<p>2021 y\u0131l\u0131 ba\u015f\u0131nda beni olduk\u00e7a heyecanland\u0131ran bir geli\u015fme oldu: Production Expert ekibine kat\u0131ld\u0131m! Production Expert, ses ve m\u00fczik teknolojileri alanlar\u0131nda d\u00fcnyan\u0131n en sayg\u0131n ve pop\u00fcler sitelerinden birisi. Olduk\u00e7a h\u0131zl\u0131 bir ba\u015flang\u0131\u00e7 yapt\u0131k. 10 makalem yay\u0131nland\u0131, bunun yan\u0131 s\u0131ra alt\u0131 ortak makaleye de katk\u0131da bulundum. Listeyi a\u015fa\u011f\u0131ya ekliyorum. \u0130lginizi \u00e7ekenleri <a rel=\"noreferrer noopener\" href=\"https:\/\/www.pro-tools-expert.com\/production-expert-1?author=5ffd94813c40ee486e54ea48\" target=\"_blank\">Production Expert<\/a> sitesinde okuyabilirsiniz.<\/p>\n\n\n\n<p>Tek yazd\u0131\u011f\u0131m makaleler:<\/p>\n\n\n\n<ul><li>The Difference Between Stereo Pan and Stereo Balance<\/li><li>Decibels &#8211; Here Are 6 Simple Truths to Help Explain dB<\/li><li>What Is Frequency-Based Panning? Try It Out With A Free Plugin<\/li><li>Movie Audio Elements &#8211; The Basics You Need To Know<\/li><li>How To Create A Reverb That Narrows To Mono As It Decays<\/li><li>A Mono Compatible Trick To Widen Mono Tracks<\/li><li>Why Do Music Mixers Choose Different Plugins To Post Mixers?<\/li><li>Add a Little Flavour to Your Sidechain Delays<\/li><li>Audio Cable Adapters You Should Have In Your Tool Box<\/li><li>Is Eventide SplitEQ the Product of 2021?<\/li><\/ul>\n\n\n\n<p>Katk\u0131da bulundu\u011fum makaleler:<\/p>\n\n\n\n<ul><li>If You Have Plugins That Drive You Crazy Then Read This<\/li><li>Audio Plugin Presets &#8211; Love Or Hate? Professionals Discuss<\/li><li>Experts Name Their Preferred Control Surface<\/li><li>Experts Name Their Preferred Studio Monitors<\/li><li>Experts Name Their Favourite Headphones<\/li><li>We Try Those Plugins We Never Use\u2026 Was It Worth It?<\/li><\/ul>\n\n\n\n<div style=\"height:25px\" aria-hidden=\"true\" class=\"wp-block-spacer\"><\/div>\n\n\n\n<h3>DPA<\/h3>\n\n\n\n<figure class=\"wp-block-image size-large\"><img loading=\"lazy\" width=\"1024\" height=\"1024\" src=\"https:\/\/www.ufukonen.com\/tr\/wp-content\/uploads\/2021_Kapatirken_UfukOnen_DPA-1024x1024.jpg\" alt=\"\" class=\"wp-image-7086\" srcset=\"https:\/\/www.ufukonen.com\/tr\/wp-content\/uploads\/2021_Kapatirken_UfukOnen_DPA-1024x1024.jpg 1024w, https:\/\/www.ufukonen.com\/tr\/wp-content\/uploads\/2021_Kapatirken_UfukOnen_DPA-300x300.jpg 300w, https:\/\/www.ufukonen.com\/tr\/wp-content\/uploads\/2021_Kapatirken_UfukOnen_DPA-150x150.jpg 150w, https:\/\/www.ufukonen.com\/tr\/wp-content\/uploads\/2021_Kapatirken_UfukOnen_DPA-768x768.jpg 768w, https:\/\/www.ufukonen.com\/tr\/wp-content\/uploads\/2021_Kapatirken_UfukOnen_DPA-552x552.jpg 552w, https:\/\/www.ufukonen.com\/tr\/wp-content\/uploads\/2021_Kapatirken_UfukOnen_DPA.jpg 1080w\" sizes=\"(max-width: 1024px) 100vw, 1024px\" \/><\/figure>\n\n\n\n<p>2021 i\u00e7inde beni \u00e7ok heyecanlad\u0131ran di\u011fer bir geli\u015fme daha oldu. D\u00fcnyan\u0131n en sayg\u0131n mikrofon firmalar\u0131ndan biri olan DPA&#8217;in \u00e7at\u0131s\u0131 alt\u0131nda bulunan <a href=\"https:\/\/www.dpamicrophones.com\/our-company\/masters-club\/ufuk-onen\" target=\"_blank\" rel=\"noreferrer noopener\">DPA Masters Club<\/a> \u00fcyeli\u011fine se\u00e7ildim. Birlikte \u00e7ok g\u00fczel i\u015fler yapaca\u011f\u0131m\u0131za inan\u0131yorum<\/p>\n\n\n\n<p>Bu arada, evet, NASA&#8217;n\u0131n Mars&#8217;a g\u00f6nderdi\u011fi The Perseverance \u00fczerindeki mikrofonlar ger\u00e7ekten DPA!<\/p>\n\n\n\n<div style=\"height:25px\" aria-hidden=\"true\" class=\"wp-block-spacer\"><\/div>\n\n\n\n<h3>Audio Engineering Society (AES)<\/h3>\n\n\n\n<figure class=\"wp-block-image size-large\"><img loading=\"lazy\" width=\"1024\" height=\"513\" src=\"https:\/\/www.ufukonen.com\/tr\/wp-content\/uploads\/2021_Kapatirken_AES_2021-1024x513.jpg\" alt=\"\" class=\"wp-image-7087\" srcset=\"https:\/\/www.ufukonen.com\/tr\/wp-content\/uploads\/2021_Kapatirken_AES_2021-1024x513.jpg 1024w, https:\/\/www.ufukonen.com\/tr\/wp-content\/uploads\/2021_Kapatirken_AES_2021-300x150.jpg 300w, https:\/\/www.ufukonen.com\/tr\/wp-content\/uploads\/2021_Kapatirken_AES_2021-768x385.jpg 768w, https:\/\/www.ufukonen.com\/tr\/wp-content\/uploads\/2021_Kapatirken_AES_2021-1140x571.jpg 1140w, https:\/\/www.ufukonen.com\/tr\/wp-content\/uploads\/2021_Kapatirken_AES_2021-552x276.jpg 552w, https:\/\/www.ufukonen.com\/tr\/wp-content\/uploads\/2021_Kapatirken_AES_2021.jpg 1200w\" sizes=\"(max-width: 1024px) 100vw, 1024px\" \/><\/figure>\n\n\n\n<p>2021 y\u0131l\u0131 AES faaliyetleri a\u00e7\u0131s\u0131ndan da olduk\u00e7a verimli ge\u00e7ti. Bilmeyenler i\u00e7in \u00e7ok k\u0131sa \u00f6zetleyeyim. <a href=\"https:\/\/www.aes.org\" target=\"_blank\" rel=\"noreferrer noopener\">Audio Engineering Society<\/a> (AES), 1948 y\u0131l\u0131nda New York\u2019ta kurulmu\u015f olan bir birlik. \u015eu anda d\u00fcnyaya yay\u0131lm\u0131\u015f toplamda 12 bin \u00fcyesi var. AES, biri Amerika di\u011feri ise Avrupa\u2019da olmak \u00fczere her y\u0131l iki b\u00fcy\u00fck kongre yap\u0131yor. Bu kongreler i\u00e7inde fuarlar da yer al\u0131yor. Bunlar\u0131n yan\u0131 s\u0131ra y\u0131l boyunca konferanslar ve \u015fubelerin d\u00fczenledi\u011fi \u00e7e\u015fitli yerel etkinlikler ger\u00e7ekle\u015ftiriliyor.<\/p>\n\n\n\n<p>26 May\u0131s 2021&#8217;de AES 150th Convention dahilinde ger\u00e7ekle\u015ftirilen &#8220;Steal My Syllabus&#8221; adl\u0131 panele konuk oldum. Farkl\u0131 \u00fclkelerden gelen kat\u0131l\u0131mc\u0131larla ses teknolojisi derslerimizin i\u00e7eriklerini payla\u015ft\u0131k.<\/p>\n\n\n\n<figure class=\"wp-block-image size-large\"><img loading=\"lazy\" width=\"1024\" height=\"576\" src=\"https:\/\/www.ufukonen.com\/tr\/wp-content\/uploads\/AES-151-All-About-Stereo-Panning_00_Header-1024x576.jpg\" alt=\"\" class=\"wp-image-6956\" srcset=\"https:\/\/www.ufukonen.com\/tr\/wp-content\/uploads\/AES-151-All-About-Stereo-Panning_00_Header-1024x576.jpg 1024w, https:\/\/www.ufukonen.com\/tr\/wp-content\/uploads\/AES-151-All-About-Stereo-Panning_00_Header-300x169.jpg 300w, https:\/\/www.ufukonen.com\/tr\/wp-content\/uploads\/AES-151-All-About-Stereo-Panning_00_Header-768x432.jpg 768w, https:\/\/www.ufukonen.com\/tr\/wp-content\/uploads\/AES-151-All-About-Stereo-Panning_00_Header-1536x864.jpg 1536w, https:\/\/www.ufukonen.com\/tr\/wp-content\/uploads\/AES-151-All-About-Stereo-Panning_00_Header-1140x641.jpg 1140w, https:\/\/www.ufukonen.com\/tr\/wp-content\/uploads\/AES-151-All-About-Stereo-Panning_00_Header-552x311.jpg 552w, https:\/\/www.ufukonen.com\/tr\/wp-content\/uploads\/AES-151-All-About-Stereo-Panning_00_Header.jpg 1920w\" sizes=\"(max-width: 1024px) 100vw, 1024px\" \/><\/figure>\n\n\n\n<p>Daha sonra, AES 151st Convention dahilinde \u201cAll About Stereo Panning\u201d (Stereo Pan Hakk\u0131nda Her \u015eey) ba\u015fl\u0131kl\u0131 bir sunum yapt\u0131m. Sunum, 20 Ekim 2021 \u00c7ar\u015famba g\u00fcn\u00fc teknik program\u0131n a\u00e7\u0131l\u0131\u015f\u0131nda, a\u00e7\u0131l\u0131\u015f seremonisi ile Peter Asher\u2019\u0131n keynote konu\u015fmas\u0131 aras\u0131nda ger\u00e7ekle\u015fti. \u0130zlenme a\u00e7\u0131s\u0131ndan istesem de daha iyi bir saatte olamazd\u0131. Tabii Peter Asher (James Taylor, Diana Ross, Robin Williams, Ringo Starr, Hans Zimmer, Ed Sheeran, Cher) gibi \u00e7ok b\u00fcy\u00fck bir duayen ile ismimin ayn\u0131 sayfada yaz\u0131lmas\u0131 da tarif edilemez bir mutluluk verdi bana.<\/p>\n\n\n\n<p>Sunumumda ilk \u00f6nce stereo pan ve stereo denge (stereo balance) aras\u0131ndaki fark\u0131 anlatt\u0131m ve \u00f6rnekler dinlettim. Daha sonra stereo pan \u00f6zelli\u011fini do\u011frudan desteklemeyen DAW\u2019lar i\u00e7in ne gibi \u00e7\u00f6z\u00fcmler bulundu\u011fundan bahsettim. Son olarak frekans bazl\u0131 pan (spectral pan) tekni\u011fini a\u00e7\u0131klad\u0131m, kullan\u0131m alanlar\u0131 hakk\u0131nda konu\u015ftum ve \u00e7e\u015fitli \u00f6rnekler dinlettim.<\/p>\n\n\n\n<p>Son olarak, 2021 AES Student Recording Competition (t\u00fcm d\u00fcnyadan \u00f6\u011frencilerin kat\u0131ld\u0131\u011f\u0131 kay\u0131t yar\u0131\u015fmas\u0131) i\u00e7in j\u00fcri \u00fcyesi oldum. \u00d6d\u00fcl t\u00f6reni 30 Ekim 2021 tarihinde ger\u00e7ekle\u015ftirildi.<\/p>\n\n\n\n<div style=\"height:25px\" aria-hidden=\"true\" class=\"wp-block-spacer\"><\/div>\n\n\n\n<h3>Di\u011fer Sunumlar ve Konu\u015fmalar<\/h3>\n\n\n\n<figure class=\"wp-block-image size-large\"><img loading=\"lazy\" width=\"1024\" height=\"1024\" src=\"https:\/\/www.ufukonen.com\/tr\/wp-content\/uploads\/2021_Kapatirken_UfukOnen_Etkinlikler_2021-1024x1024.jpg\" alt=\"\" class=\"wp-image-7088\" srcset=\"https:\/\/www.ufukonen.com\/tr\/wp-content\/uploads\/2021_Kapatirken_UfukOnen_Etkinlikler_2021-1024x1024.jpg 1024w, https:\/\/www.ufukonen.com\/tr\/wp-content\/uploads\/2021_Kapatirken_UfukOnen_Etkinlikler_2021-300x300.jpg 300w, https:\/\/www.ufukonen.com\/tr\/wp-content\/uploads\/2021_Kapatirken_UfukOnen_Etkinlikler_2021-150x150.jpg 150w, https:\/\/www.ufukonen.com\/tr\/wp-content\/uploads\/2021_Kapatirken_UfukOnen_Etkinlikler_2021-768x768.jpg 768w, https:\/\/www.ufukonen.com\/tr\/wp-content\/uploads\/2021_Kapatirken_UfukOnen_Etkinlikler_2021-552x552.jpg 552w, https:\/\/www.ufukonen.com\/tr\/wp-content\/uploads\/2021_Kapatirken_UfukOnen_Etkinlikler_2021.jpg 1080w\" sizes=\"(max-width: 1024px) 100vw, 1024px\" \/><\/figure>\n\n\n\n<p>AES etkinliklerinin yan\u0131 s\u0131ra, teknolojinin sundu\u011fu imkanlar\u0131 da kullanarak bir\u00e7ok online etkinli\u011fe konuk oldum. Bu etkinliklerin \u00e7o\u011fu Bilkent, ODT\u00dc, Y\u0131ld\u0131z Teknik ve Ba\u015fkent gibi \u00fcniversitelerin m\u00fczik ve \u00f6\u011frenci topluluklar\u0131 taraf\u0131ndan d\u00fczenlendi.<\/p>\n\n\n\n<p>Online teknolojinin bir g\u00fczel yan\u0131 da etkinliklere sadece o \u00fcniversitenin \u00f6\u011frencilerinin ya da o \u015fehirdeki insanlar\u0131n de\u011fil, ba\u015fka yerlerde bulunan ki\u015filerin de rahat\u00e7a kat\u0131labiliyor olmas\u0131. Bence pandemi s\u00fcrecinden sonra da online etkinlikler devam etmeli.<\/p>\n\n\n\n<div style=\"height:25px\" aria-hidden=\"true\" class=\"wp-block-spacer\"><\/div>\n\n\n\n<h3>Etkinlikler<\/h3>\n\n\n\n<figure class=\"wp-block-image size-large\"><img loading=\"lazy\" width=\"1024\" height=\"1024\" src=\"https:\/\/www.ufukonen.com\/tr\/wp-content\/uploads\/2021_Kapatirken_MakingWaves-1024x1024.jpg\" alt=\"\" class=\"wp-image-7089\" srcset=\"https:\/\/www.ufukonen.com\/tr\/wp-content\/uploads\/2021_Kapatirken_MakingWaves-1024x1024.jpg 1024w, https:\/\/www.ufukonen.com\/tr\/wp-content\/uploads\/2021_Kapatirken_MakingWaves-300x300.jpg 300w, https:\/\/www.ufukonen.com\/tr\/wp-content\/uploads\/2021_Kapatirken_MakingWaves-150x150.jpg 150w, https:\/\/www.ufukonen.com\/tr\/wp-content\/uploads\/2021_Kapatirken_MakingWaves-768x768.jpg 768w, https:\/\/www.ufukonen.com\/tr\/wp-content\/uploads\/2021_Kapatirken_MakingWaves-552x552.jpg 552w, https:\/\/www.ufukonen.com\/tr\/wp-content\/uploads\/2021_Kapatirken_MakingWaves.jpg 1080w\" sizes=\"(max-width: 1024px) 100vw, 1024px\" \/><\/figure>\n\n\n\n<p>Konuk oldu\u011fum etkinliklerin yan\u0131 s\u0131ra iki etkinli\u011fin organizasyonunda yer ald\u0131m. \u0130lk olarak Hollywood&#8217;dan ses tasar\u0131mc\u0131s\u0131 Midge Costin&#8217;i konuk ettik. Daha sonra da online olarak Telefunken mikrofon fabrikas\u0131n\u0131 gezdik. Bize canl\u0131 sunum yapt\u0131lar ve sorular\u0131m\u0131z\u0131 cevaplad\u0131lar.<\/p>\n\n\n\n<figure class=\"wp-block-image size-large\"><img loading=\"lazy\" width=\"1024\" height=\"1024\" src=\"https:\/\/www.ufukonen.com\/tr\/wp-content\/uploads\/2021_Kapatirken_Telefunken-1024x1024.jpg\" alt=\"\" class=\"wp-image-7090\" srcset=\"https:\/\/www.ufukonen.com\/tr\/wp-content\/uploads\/2021_Kapatirken_Telefunken-1024x1024.jpg 1024w, https:\/\/www.ufukonen.com\/tr\/wp-content\/uploads\/2021_Kapatirken_Telefunken-300x300.jpg 300w, https:\/\/www.ufukonen.com\/tr\/wp-content\/uploads\/2021_Kapatirken_Telefunken-150x150.jpg 150w, https:\/\/www.ufukonen.com\/tr\/wp-content\/uploads\/2021_Kapatirken_Telefunken-768x768.jpg 768w, https:\/\/www.ufukonen.com\/tr\/wp-content\/uploads\/2021_Kapatirken_Telefunken-552x552.jpg 552w, https:\/\/www.ufukonen.com\/tr\/wp-content\/uploads\/2021_Kapatirken_Telefunken.jpg 1080w\" sizes=\"(max-width: 1024px) 100vw, 1024px\" \/><\/figure>\n\n\n\n<p>Bunlara ek olarak, yine teknolojiden faydalanarak, bir\u00e7ok farkl\u0131 etkinli\u011fe kat\u0131ld\u0131m. Bunlardan biri de parametrik EQ&#8217;nun mucidi olarak da bilinen Grammy \u00f6d\u00fcll\u00fc George Massenburg ile harika bir s\u00f6yle\u015fiydi. \u00c7ok az say\u0131da ki\u015finin davet edildi\u011fi bu etkinli\u011fin bir par\u00e7as\u0131 olmak beni gerekten \u00e7ok mutlu etti \u00e7\u00fcnk\u00fc Massenburg eskiden beri benim i\u00e7in bizim alan\u0131m\u0131z\u0131n en \u00f6nemli isimlerinden biridir.<\/p>\n\n\n\n<figure class=\"wp-block-image size-large\"><img loading=\"lazy\" width=\"1024\" height=\"584\" src=\"https:\/\/www.ufukonen.com\/tr\/wp-content\/uploads\/2021_Kapatirken_Massenburg-1024x584.jpg\" alt=\"\" class=\"wp-image-7091\" srcset=\"https:\/\/www.ufukonen.com\/tr\/wp-content\/uploads\/2021_Kapatirken_Massenburg-1024x584.jpg 1024w, https:\/\/www.ufukonen.com\/tr\/wp-content\/uploads\/2021_Kapatirken_Massenburg-300x171.jpg 300w, https:\/\/www.ufukonen.com\/tr\/wp-content\/uploads\/2021_Kapatirken_Massenburg-768x438.jpg 768w, https:\/\/www.ufukonen.com\/tr\/wp-content\/uploads\/2021_Kapatirken_Massenburg-1140x650.jpg 1140w, https:\/\/www.ufukonen.com\/tr\/wp-content\/uploads\/2021_Kapatirken_Massenburg-552x315.jpg 552w, https:\/\/www.ufukonen.com\/tr\/wp-content\/uploads\/2021_Kapatirken_Massenburg.jpg 1280w\" sizes=\"(max-width: 1024px) 100vw, 1024px\" \/><\/figure>\n\n\n\n<div style=\"height:25px\" aria-hidden=\"true\" class=\"wp-block-spacer\"><\/div>\n\n\n\n<h3>United Nations IVD2021<\/h3>\n\n\n\n<figure class=\"wp-block-image size-large\"><a href=\"https:\/\/www.instagram.com\/p\/CW_X8TstxFK\/?utm_source=ig_web_copy_link\" target=\"_blank\" rel=\"noopener\"><img loading=\"lazy\" width=\"1024\" height=\"341\" src=\"https:\/\/www.ufukonen.com\/tr\/wp-content\/uploads\/2021_Kapatirken_UnitedNationsIVD2021-1024x341.jpg\" alt=\"\" class=\"wp-image-7094\" srcset=\"https:\/\/www.ufukonen.com\/tr\/wp-content\/uploads\/2021_Kapatirken_UnitedNationsIVD2021-1024x341.jpg 1024w, https:\/\/www.ufukonen.com\/tr\/wp-content\/uploads\/2021_Kapatirken_UnitedNationsIVD2021-300x100.jpg 300w, https:\/\/www.ufukonen.com\/tr\/wp-content\/uploads\/2021_Kapatirken_UnitedNationsIVD2021-768x256.jpg 768w, https:\/\/www.ufukonen.com\/tr\/wp-content\/uploads\/2021_Kapatirken_UnitedNationsIVD2021-1536x512.jpg 1536w, https:\/\/www.ufukonen.com\/tr\/wp-content\/uploads\/2021_Kapatirken_UnitedNationsIVD2021-1140x380.jpg 1140w, https:\/\/www.ufukonen.com\/tr\/wp-content\/uploads\/2021_Kapatirken_UnitedNationsIVD2021-552x184.jpg 552w, https:\/\/www.ufukonen.com\/tr\/wp-content\/uploads\/2021_Kapatirken_UnitedNationsIVD2021.jpg 1920w\" sizes=\"(max-width: 1024px) 100vw, 1024px\" \/><\/a><\/figure>\n\n\n\n<p>Bu y\u0131l beni \u00e7ok heyecanland\u0131ran di\u011fer bir \u015fey de United Nations (Birle\u015fmi\u015f Milletler) taraf\u0131ndan organize edilen IVD (International Volunteers Day &#8211; Uluslararas\u0131 G\u00f6n\u00fcll\u00fcler G\u00fcn\u00fc) 2021 kampanyas\u0131na davet edilmek oldu. Kampanya i\u00e7in yukar\u0131da payla\u015ft\u0131\u011f\u0131m \u00e7al\u0131\u015fmalar\u0131 ger\u00e7ekle\u015ftirdik. G\u00f6rselin \u00fczerine t\u0131klayarak sosyal medya g\u00f6nderisine ula\u015fabilirsiniz.<\/p>\n\n\n\n<div style=\"height:25px\" aria-hidden=\"true\" class=\"wp-block-spacer\"><\/div>\n\n\n\n<h3>Resonance: The Journal of Sound and Culture<\/h3>\n\n\n\n<figure class=\"wp-block-image size-large\"><img loading=\"lazy\" width=\"1024\" height=\"364\" src=\"https:\/\/www.ufukonen.com\/tr\/wp-content\/uploads\/2020_Kapatirken_Resonance-1024x364.jpg\" alt=\"\" class=\"wp-image-6306\" srcset=\"https:\/\/www.ufukonen.com\/tr\/wp-content\/uploads\/2020_Kapatirken_Resonance-1024x364.jpg 1024w, https:\/\/www.ufukonen.com\/tr\/wp-content\/uploads\/2020_Kapatirken_Resonance-300x107.jpg 300w, https:\/\/www.ufukonen.com\/tr\/wp-content\/uploads\/2020_Kapatirken_Resonance-768x273.jpg 768w, https:\/\/www.ufukonen.com\/tr\/wp-content\/uploads\/2020_Kapatirken_Resonance-1140x405.jpg 1140w, https:\/\/www.ufukonen.com\/tr\/wp-content\/uploads\/2020_Kapatirken_Resonance-552x196.jpg 552w, https:\/\/www.ufukonen.com\/tr\/wp-content\/uploads\/2020_Kapatirken_Resonance.jpg 1280w\" sizes=\"(max-width: 1024px) 100vw, 1024px\" \/><\/figure>\n\n\n\n<p><em>Resonance: The Journal of Sound and Culture,<\/em> University of California Press taraf\u0131ndan yay\u0131mlanan, ses ve k\u00fclt\u00fcr \u00fczerine yo\u011funla\u015fan interdisipliner ve uluslararas\u0131 akademik bir dergi.<\/p>\n\n\n\n<p>\u201cThe Voice as a Narrative Element in Documentary Films\u201d ba\u015fl\u0131kl\u0131 makalem Mart ay\u0131nda bu dergide yay\u0131nland\u0131. Bu, benim i\u00e7in bu y\u0131l\u0131n en g\u00fczel geli\u015fmelerinden biri oldu!<\/p>\n\n\n\n<div style=\"height:25px\" aria-hidden=\"true\" class=\"wp-block-spacer\"><\/div>\n\n\n\n<h3>Miks \u00dczerine-2: M\u00fczik Prod\u00fcksiyonlar\u0131nda Miks Teknikleri ve \u00c7e\u015fitli Yakla\u015f\u0131mlar &#8211; 2. Bask\u0131!<\/h3>\n\n\n\n<figure class=\"wp-block-image size-large\"><img loading=\"lazy\" width=\"1024\" height=\"576\" src=\"https:\/\/www.ufukonen.com\/tr\/wp-content\/uploads\/Onen_MPMT-2_2020_color_1280x720-1024x576.jpg\" alt=\"\" class=\"wp-image-5689\" srcset=\"https:\/\/www.ufukonen.com\/tr\/wp-content\/uploads\/Onen_MPMT-2_2020_color_1280x720-1024x576.jpg 1024w, https:\/\/www.ufukonen.com\/tr\/wp-content\/uploads\/Onen_MPMT-2_2020_color_1280x720-300x169.jpg 300w, https:\/\/www.ufukonen.com\/tr\/wp-content\/uploads\/Onen_MPMT-2_2020_color_1280x720-768x432.jpg 768w, https:\/\/www.ufukonen.com\/tr\/wp-content\/uploads\/Onen_MPMT-2_2020_color_1280x720.jpg 1280w\" sizes=\"(max-width: 1024px) 100vw, 1024px\" \/><figcaption>Miks \u00dczerine-2: M\u00fczik Prod\u00fcksiyonlar\u0131nda Miks Teknikleri (kitap)<\/figcaption><\/figure>\n\n\n\n<p>2019 y\u0131l\u0131nda \u00e7\u0131kan <em>Miks \u00dczerine-2: M\u00fczik Prod\u00fcksiyonla<\/em>r\u0131nda Miks Teknikleri ve \u00c7e\u015fitli Yakla\u015f\u0131mlar adl\u0131 kitab\u0131m\u0131n 2. bask\u0131s\u0131 yap\u0131ld\u0131!<\/p>\n\n\n\n<p>Bu arada, yay\u0131nevinden ald\u0131\u011f\u0131m bilgiye g\u00f6re <em>Miks \u00dczerine-1<\/em> adl\u0131 kitab\u0131m\u0131n 3. bask\u0131s\u0131 t\u00fckenmi\u015f. \u00c7ok yak\u0131nda tekrar bas\u0131lacak.<\/p>\n\n\n\n<div style=\"height:25px\" aria-hidden=\"true\" class=\"wp-block-spacer\"><\/div>\n\n\n\n<h3>Waves Audio<\/h3>\n\n\n\n<figure class=\"wp-block-image size-full\"><img loading=\"lazy\" width=\"797\" height=\"465\" src=\"https:\/\/www.ufukonen.com\/tr\/wp-content\/uploads\/waves-logo-white-emblem_only_.jpg\" alt=\"\" class=\"wp-image-5301\" srcset=\"https:\/\/www.ufukonen.com\/tr\/wp-content\/uploads\/waves-logo-white-emblem_only_.jpg 797w, https:\/\/www.ufukonen.com\/tr\/wp-content\/uploads\/waves-logo-white-emblem_only_-300x175.jpg 300w, https:\/\/www.ufukonen.com\/tr\/wp-content\/uploads\/waves-logo-white-emblem_only_-768x448.jpg 768w\" sizes=\"(max-width: 797px) 100vw, 797px\" \/><\/figure>\n\n\n\n<p>D\u00fcnyan\u0131n en b\u00fcy\u00fck plug-in \u00fcreticilerinden olan <a href=\"https:\/\/www.waves.com\" target=\"_blank\" rel=\"noreferrer noopener\">Waves Audio<\/a>\u2019nun d\u00fcnyada 100 civar\u0131nda marka el\u00e7isi bulunuyor. 2017 y\u0131l\u0131nda alm\u0131\u015f oldu\u011fum Waves Brand Ambassador g\u00f6revime 2021 y\u0131l\u0131nda da devam ettim.<\/p>\n\n\n\n<div style=\"height:50px\" aria-hidden=\"true\" class=\"wp-block-spacer\"><\/div>\n\n\n\n<p class=\"has-text-align-center\"><strong><span class=\"has-inline-color has-accent-color\">2022 umar\u0131m hepimiz i\u00e7in \u00e7ok daha g\u00fczel bir sene olur.<\/span><\/strong><\/p>\n\n\n\n<p class=\"has-text-align-center\"><strong><span class=\"has-inline-color has-accent-color\">Herkese sa\u011fl\u0131kl\u0131, mutlu ve ba\u015far\u0131l\u0131 bir y\u0131l diliyorum\u2026<\/span><\/strong><\/p>\n\n\n\n<div style=\"height:50px\" aria-hidden=\"true\" class=\"wp-block-spacer\"><\/div>\n\n\n\n<p>Teknik terimler i\u00e7in <a href=\"http:\/\/www.ufukonen.com\/tr\/ses-kayit-muzik-teknolojisi-terimler-sozluk.html\">m\u00fczik teknolojisi, m\u00fczik prod\u00fcksiyonu ve ses kay\u0131t terimleri s\u00f6zl\u00fc\u011f\u00fcne<\/a> g\u00f6z atabilirsiniz.<\/p>\n\n\n\n<p>Benzer payla\u015f\u0131mlar i\u00e7in beni <a rel=\"noreferrer noopener\" href=\"https:\/\/www.facebook.com\/ufukonen.skmt\/\" target=\"_blank\">Facebook<\/a>, <a href=\"https:\/\/www.instagram.com\/ufukonen\/\" target=\"_blank\" rel=\"noreferrer noopener\" aria-label=\"Instagram (opens in a new tab)\">Instagram<\/a> ve <a rel=\"noreferrer noopener\" href=\"https:\/\/twitter.com\/UfukOnen\" target=\"_blank\">Twitter<\/a>&#8216;da takip edebilir, haberler i\u00e7in <a rel=\"noreferrer noopener\" href=\"http:\/\/ufukonen.com\/tr\/ses-kayit-muzik-teknolojisi-terimler-sozluk.html\" target=\"_blank\">mesaj listeme \u00fcye olabilirsiniz<\/a>. Te\u015fekk\u00fcrler.<\/p>\n\n\n\n<p>\u00a9 2021 Ufuk \u00d6nen. Her hakk\u0131 sakl\u0131d\u0131r. \u0130zinsiz kullan\u0131lamaz.<\/p>\n","protected":false},"excerpt":{"rendered":"<p class=\"post-excerpt\">2021 kolay bir y\u0131l de\u011fildi. Bir yandan pandemi, di\u011fer yandan y\u0131l\u0131n son \u00e7eyre\u011findeki ekonomik dalgalanma derken herkes ama az ama&#8230;<\/p>\n","protected":false},"author":2,"featured_media":7095,"comment_status":"closed","ping_status":"open","sticky":false,"template":"","format":"standard","meta":{"_mi_skip_tracking":false,"spay_email":"","jetpack_publicize_message":"","jetpack_is_tweetstorm":false,"jetpack_publicize_feature_enabled":true},"categories":[17,16,19,18],"tags":[],"jetpack_featured_media_url":"https:\/\/www.ufukonen.com\/tr\/wp-content\/uploads\/2021_Kapatirken_00_Header_2.jpg","jetpack_publicize_connections":[],"jetpack_shortlink":"https:\/\/wp.me\/p3rjsG-1Q7","jetpack_sharing_enabled":true,"jetpack-related-posts":[{"id":7203,"url":"https:\/\/www.ufukonen.com\/tr\/gunumuzde-muzik-uretimi.html","url_meta":{"origin":7075,"position":0},"title":"G\u00fcn\u00fcm\u00fczde M\u00fczik \u00dcretimi Eskiye G\u00f6re Neden Daha \u0130yi, Neden Daha K\u00f6t\u00fc?","date":"January 31, 2022","format":false,"excerpt":"De\u011ferli dostum Bobby Owsinski \"5 Reasons Why Music Creation Today Is Better Than Ever, And 5 Reasons Why It's Not\" ba\u015fl\u0131kl\u0131 bir yaz\u0131 yay\u0131mlad\u0131. Bobby, bu yaz\u0131s\u0131nda, g\u00fcn\u00fcm\u00fczde m\u00fczik \u00fcretimi ile ilgili eskiye g\u00f6re daha iyi ve daha k\u00f6t\u00fc oldu\u011funu d\u00fc\u015f\u00fcnd\u00fc\u011f\u00fc on maddeyi okuyucular\u0131 ile payla\u015f\u0131yor. Ben de bu yaz\u0131mda,\u2026","rel":"","context":"In &quot;M\u00fczik&quot;","img":{"alt_text":"","src":"https:\/\/i0.wp.com\/www.ufukonen.com\/tr\/wp-content\/uploads\/Gunumuzde_Muzik_Uretimi_00_Header.jpg?resize=350%2C200&ssl=1","width":350,"height":200},"classes":[]},{"id":3218,"url":"https:\/\/www.ufukonen.com\/tr\/slayer-raining-blood-davul-kanallari.html","url_meta":{"origin":7075,"position":1},"title":"Slayer &#8220;Raining Blood&#8221; Davul Kanallar\u0131","date":"August 28, 2017","format":false,"excerpt":"Slayer'\u0131n \u00fc\u00e7\u00fcnc\u00fc alb\u00fcm\u00fc Reign in Blood (1986), bir yandan grubun kariyerinde adeta bir d\u00f6n\u00fcm noktas\u0131 olmas\u0131, di\u011fer yandan da Amerikan thrash metal ak\u0131m\u0131n\u0131 \u015fekillendiren alb\u00fcmler aras\u0131nda yer almas\u0131 a\u00e7\u0131s\u0131ndan b\u00fcy\u00fck bir \u00f6neme sahiptir. Reign in Blood'\u0131 1986'da ilk dinledi\u011fimde ger\u00e7ekten \u00e7ok etkilenmi\u015ftim \u00e7\u00fcnk\u00fc alb\u00fcm bir yandan \u00e7ok karanl\u0131k, di\u011fer yandan\u2026","rel":"","context":"In &quot;M\u00fczik&quot;","img":{"alt_text":"","src":"https:\/\/i0.wp.com\/www.ufukonen.com\/tr\/wp-content\/uploads\/Dave_Lombardo_800x450.jpg?resize=350%2C200&ssl=1","width":350,"height":200},"classes":[]},{"id":4850,"url":"https:\/\/www.ufukonen.com\/tr\/billboard-top-songwriters-producers.html","url_meta":{"origin":7075,"position":2},"title":"Billboard Top Songwriters ve Top Producers Listeleri","date":"June 10, 2019","format":false,"excerpt":"Billboard listeleri yak\u0131n zamana kadar \u00f6zellikle Bat\u0131 d\u00fcnyas\u0131ndaki m\u00fczik end\u00fcstrisi a\u00e7\u0131s\u0131ndan \u00e7ok \u00f6nemliydi. Bir single ya da alb\u00fcm\u00fcn listelerde yer almas\u0131 o pla\u011f\u0131n, kasetin veya CD'nin \u00e7ok sat\u0131ld\u0131\u011f\u0131n\u0131 ve o sanat\u00e7\u0131n\u0131n radyolarda s\u0131k s\u0131k \u00e7al\u0131nd\u0131\u011f\u0131n\u0131 g\u00f6steriyordu. Di\u011fer bir deyi\u015fle listede yer almak (en az\u0131ndan o an i\u00e7in) pop\u00fcler olmak anlam\u0131na\u2026","rel":"","context":"In &quot;M\u00fczik End\u00fcstrisi&quot;","img":{"alt_text":"","src":"https:\/\/i0.wp.com\/www.ufukonen.com\/tr\/wp-content\/uploads\/Billboard_Top_Songwriters_Producers.jpg?resize=350%2C200&ssl=1","width":350,"height":200},"classes":[]},{"id":6697,"url":"https:\/\/www.ufukonen.com\/tr\/apple-music-dolby-atmos-uzamsal-ses.html","url_meta":{"origin":7075,"position":3},"title":"Apple Music ve Dolby Atmos Destekli Uzamsal Ses","date":"June 28, 2021","format":false,"excerpt":"Apple, WWDC etkinli\u011finde Apple Music kullan\u0131c\u0131lar\u0131n\u0131n herhangi bir ek \u00fccret \u00f6demeden kay\u0131ps\u0131z ses (lossless audio) ve Dolby Atmos destekli uzamsal ses (spatial audio) \u00f6zelliklerinden yararlanabilece\u011fini duyurmu\u015ftu. Ge\u00e7ti\u011fimiz g\u00fcnlerde bu \u00f6zellikler kullan\u0131c\u0131larla bulu\u015ftu. Tahmin etti\u011fim gibi esas ilgi \u00e7eken kay\u0131ps\u0131z ses de\u011fil, Dolby Atmos destekli uzamsal ses \u00f6zelli\u011fi oldu. Dolby Atmos\u2026","rel":"","context":"In &quot;Ses ve M\u00fczik Teknolojileri&quot;","img":{"alt_text":"","src":"https:\/\/i0.wp.com\/www.ufukonen.com\/tr\/wp-content\/uploads\/Apple_Music_Dolby_Atmos_Uzamsal_Ses_00_Header.jpg?resize=350%2C200&ssl=1","width":350,"height":200},"classes":[]},{"id":7715,"url":"https:\/\/www.ufukonen.com\/tr\/beats-by-girlz-tr-2022.html","url_meta":{"origin":7075,"position":4},"title":"Beats By Girlz T\u00fcrkiye Festivali 2022","date":"November 14, 2022","format":false,"excerpt":"Beats By Girlz T\u00fcrkiye, gen\u00e7 kad\u0131nlar\u0131 destekleyen bir m\u00fczik ve teknoloji giri\u015fimi. 2013 y\u0131l\u0131nda New York'ta temelleri at\u0131lan ve \u015fu anda d\u00fcnyada 30\u2019un \u00fczerinde \u015fehirde faaliyet g\u00f6steren Beats By Girlz kolektifinin bir par\u00e7as\u0131. Beats By Girlz T\u00fcrkiye, bir yandan m\u00fczik teknolojisi odakl\u0131 e\u011fitimler d\u00fczenliyor, di\u011fer yandan da yarat\u0131c\u0131 end\u00fcstrilerde cinsiyet\u2026","rel":"","context":"In &quot;Konferans&quot;","img":{"alt_text":"","src":"https:\/\/i0.wp.com\/www.ufukonen.com\/tr\/wp-content\/uploads\/Beats_By_Girlz_TR_2022_00_Header.jpg?resize=350%2C200&ssl=1","width":350,"height":200},"classes":[]},{"id":6296,"url":"https:\/\/www.ufukonen.com\/tr\/2020yi-kapatirken.html","url_meta":{"origin":7075,"position":5},"title":"2020&#8217;yi Kapat\u0131rken&#8230;","date":"December 28, 2020","format":false,"excerpt":"2020'de ama az ama \u00e7ok herkes \u00fcz\u00fcld\u00fc, s\u0131k\u0131ld\u0131 ve zarar g\u00f6rd\u00fc. 2021'e m\u00fcmk\u00fcn oldu\u011funca pozitif bir enerji ile girebilmek ad\u0131na 2020 i\u00e7inde beni mutlu eden geli\u015fmeleri sizlerle payla\u015fmak istedim. Pandemi ve Dersler Foto\u011fraf ve ekran g\u00f6r\u00fcnt\u00fcleri: Hilal \u015eim\u015fek 17 Mart'ta pandemi sebebiyle Bilkent \u00dcniversitesi'nde dersleri online platforma ta\u015f\u0131d\u0131k. A\u00e7\u0131k\u00e7as\u0131, adaptasyon\u2026","rel":"","context":"In &quot;M\u00fczik End\u00fcstrisi&quot;","img":{"alt_text":"","src":"https:\/\/i0.wp.com\/www.ufukonen.com\/tr\/wp-content\/uploads\/2020_Kapatirken_Header.jpg?resize=350%2C200&ssl=1","width":350,"height":200},"classes":[]}],"_links":{"self":[{"href":"https:\/\/www.ufukonen.com\/tr\/wp-json\/wp\/v2\/posts\/7075"}],"collection":[{"href":"https:\/\/www.ufukonen.com\/tr\/wp-json\/wp\/v2\/posts"}],"about":[{"href":"https:\/\/www.ufukonen.com\/tr\/wp-json\/wp\/v2\/types\/post"}],"author":[{"embeddable":true,"href":"https:\/\/www.ufukonen.com\/tr\/wp-json\/wp\/v2\/users\/2"}],"replies":[{"embeddable":true,"href":"https:\/\/www.ufukonen.com\/tr\/wp-json\/wp\/v2\/comments?post=7075"}],"version-history":[{"count":13,"href":"https:\/\/www.ufukonen.com\/tr\/wp-json\/wp\/v2\/posts\/7075\/revisions"}],"predecessor-version":[{"id":7098,"href":"https:\/\/www.ufukonen.com\/tr\/wp-json\/wp\/v2\/posts\/7075\/revisions\/7098"}],"wp:featuredmedia":[{"embeddable":true,"href":"https:\/\/www.ufukonen.com\/tr\/wp-json\/wp\/v2\/media\/7095"}],"wp:attachment":[{"href":"https:\/\/www.ufukonen.com\/tr\/wp-json\/wp\/v2\/media?parent=7075"}],"wp:term":[{"taxonomy":"category","embeddable":true,"href":"https:\/\/www.ufukonen.com\/tr\/wp-json\/wp\/v2\/categories?post=7075"},{"taxonomy":"post_tag","embeddable":true,"href":"https:\/\/www.ufukonen.com\/tr\/wp-json\/wp\/v2\/tags?post=7075"}],"curies":[{"name":"wp","href":"https:\/\/api.w.org\/{rel}","templated":true}]}}