{"id":7203,"date":"2022-01-31T01:00:00","date_gmt":"2022-01-30T22:00:00","guid":{"rendered":"https:\/\/www.ufukonen.com\/tr\/?p=7203"},"modified":"2022-04-09T23:05:40","modified_gmt":"2022-04-09T20:05:40","slug":"gunumuzde-muzik-uretimi","status":"publish","type":"post","link":"https:\/\/www.ufukonen.com\/tr\/gunumuzde-muzik-uretimi.html","title":{"rendered":"G\u00fcn\u00fcm\u00fczde M\u00fczik \u00dcretimi Eskiye G\u00f6re Neden Daha \u0130yi, Neden Daha K\u00f6t\u00fc?"},"content":{"rendered":"\n<p>De\u011ferli dostum Bobby Owsinski &#8220;<a href=\"https:\/\/bobbyowsinskiblog.com\/5-reasons-why-music-creation-today-is-better-than-ever-and-5-reasons-why-its-not\/\" target=\"_blank\" rel=\"noreferrer noopener\">5 Reasons Why Music Creation Today Is Better Than Ever, And 5 Reasons Why It&#8217;s Not<\/a>&#8221; ba\u015fl\u0131kl\u0131 bir yaz\u0131 yay\u0131mlad\u0131. Bobby, bu yaz\u0131s\u0131nda, g\u00fcn\u00fcm\u00fczde m\u00fczik \u00fcretimi ile ilgili eskiye g\u00f6re daha iyi ve daha k\u00f6t\u00fc oldu\u011funu d\u00fc\u015f\u00fcnd\u00fc\u011f\u00fc on maddeyi okuyucular\u0131 ile payla\u015f\u0131yor. Ben de bu yaz\u0131mda, bu maddeleri kendi yorumlar\u0131m\u0131 da ekleyerek sizlerle payla\u015fmak istiyorum.<\/p>\n\n\n\n<div style=\"height:25px\" aria-hidden=\"true\" class=\"wp-block-spacer\"><\/div>\n\n\n\n<h3>Neden Daha \u0130yi?<\/h3>\n\n\n\n<div style=\"height:25px\" aria-hidden=\"true\" class=\"wp-block-spacer\"><\/div>\n\n\n\n<h4>1\/ M\u00fczik \u00d6\u011frenme Ara\u00e7lar\u0131<\/h4>\n\n\n\n<p>Owsinski, g\u00fcn\u00fcm\u00fczde m\u00fczik e\u011fitimi ara\u00e7lar\u0131n\u0131n ve y\u00f6ntemlerinin eskiye g\u00f6re daha ileri seviyede ve daha bilimsel oldu\u011funu s\u00f6yl\u00fcyor. Kesinlikle kat\u0131l\u0131yorum! Tabii buna bir de \u00f6\u011frenme imkanlar\u0131na ula\u015f\u0131m\u0131n art\u0131k \u00e7ok daha kolay oldu\u011funu eklemek laz\u0131m.<\/p>\n\n\n\n<p>\u00d6rnek olarak, 80&#8217;li y\u0131llarda T\u00fcrkiye&#8217;de elektrogitar \u00f6\u011frenmek ger\u00e7ekten \u00e7ok zordu. Ders almak istedi\u011finizde kar\u015f\u0131n\u0131za \u00e7\u0131kan hocalar\u0131n bir\u00e7o\u011fu size klasik gitar \u00f6\u011fretmeye \u00e7al\u0131\u015f\u0131rd\u0131. Gitar metotlar\u0131 vard\u0131 ancak bunlar da yine klasik gitar i\u00e7in haz\u0131rlanm\u0131\u015f kitaplard\u0131. \u00c7ok iyi hat\u0131rl\u0131yorum, b\u00fcy\u00fck zorluklarla yurtd\u0131\u015f\u0131ndan bir elektrogitar metodu getirtmi\u015ftim. Paketten kasetler de \u00e7\u0131km\u0131\u015ft\u0131. Bu, o zamanlar i\u00e7in ger\u00e7ekten m\u00fcthi\u015f bir \u015feydi! Bug\u00fcn art\u0131k bilgisayar ve internet destekli bir\u00e7ok elektrogitar e\u011fitim paketi var ve bunlara ula\u015fmak, eskiye g\u00f6re, hem daha kolay hem de daha ucuz.<\/p>\n\n\n\n<div style=\"height:25px\" aria-hidden=\"true\" class=\"wp-block-spacer\"><\/div>\n\n\n\n<h4>2\/ Ses Teknolojisi \u00d6\u011frenme Ara\u00e7lar\u0131<\/h4>\n\n\n\n<p>Bat\u0131 \u00fclkelerinde, 80&#8217;li ve daha \u00f6nceki y\u0131llarda, ses ve m\u00fczik teknolojileri e\u011fitimi sadece usta-\u00e7\u0131rak modelinden ibaretti. 90&#8217;l\u0131 y\u0131llarda kitaplar yaz\u0131lmaya ve yava\u015f yava\u015f okullar a\u00e7\u0131lmaya ba\u015flad\u0131. Bobby Owsinski&#8217;nin kay\u0131t ve miks \u00fczerine yay\u0131nlad\u0131\u011f\u0131 kitaplar\u0131n (\u00f6zellikle <a href=\"https:\/\/www.amazon.com\/Mixing-Engineers-Handbook-4th\/dp\/0998503347\/?_encoding=UTF8&amp;pd_rd_w=XppxC&amp;pf_rd_p=6f8f01b9-e98c-4b0d-91cf-a93790267134&amp;pf_rd_r=DEG05VHW7VFSRREBETCD&amp;pd_rd_r=259d8e63-8293-49fc-b464-20b65a1105d7&amp;pd_rd_wg=Qcvk3&amp;ref_=pd_gw_ci_mcx_mr_hp_atf_m\" target=\"_blank\" rel=\"noreferrer noopener\"><em>The Mixing Engineer&#8217;s Handbook<\/em><\/a> ve <em><a href=\"https:\/\/www.amazon.com\/Recording-Engineers-Handbook-4th\/dp\/0998503304\/?_encoding=UTF8&amp;pd_rd_w=XppxC&amp;pf_rd_p=6f8f01b9-e98c-4b0d-91cf-a93790267134&amp;pf_rd_r=DEG05VHW7VFSRREBETCD&amp;pd_rd_r=259d8e63-8293-49fc-b464-20b65a1105d7&amp;pd_rd_wg=Qcvk3&amp;ref_=pd_gw_ci_mcx_mr_hp_atf_m\" target=\"_blank\" rel=\"noreferrer noopener\">The Recording Engineer&#8217;s Handbook<\/a><\/em>) literat\u00fcre katk\u0131s\u0131 ger\u00e7ekten b\u00fcy\u00fckt\u00fcr.<\/p>\n\n\n\n<p>\u015eu anda Bat\u0131 \u00fclkelerinde bu konu \u00fczerine yaz\u0131lm\u0131\u015f y\u00fczlerce kitap, on binlerce makale ve hem akademik hem de mesleki e\u011fitim veren bir\u00e7ok okul var.<\/p>\n\n\n\n<p>80&#8217;li ve 90&#8217;l\u0131 y\u0131llarda T\u00fcrkiye&#8217;de bu i\u015fi \u00f6\u011frenmek i\u00e7in fazla bir se\u00e7ene\u011finiz yoktu. E\u011fer \u00e7ok \u015fansl\u0131ysan\u0131z say\u0131lar\u0131 ger\u00e7ekten \u00e7ok az olan m\u00fczik prod\u00fckt\u00f6rlerinin yan\u0131nda \u00e7al\u0131\u015fabilirdiniz. B\u00f6yle bir ki\u015finin yan\u0131nda \u00e7al\u0131\u015fma \u015fans\u0131n\u0131 yakalayamazsan\u0131z bu i\u015fi \u00f6\u011frenmek hayal gibi bir \u015feydi. Ben \u015fansl\u0131yd\u0131m \u00e7\u00fcnk\u00fc \u00fc\u00e7 y\u0131l M\u00fcjdat Akg\u00fcn ile \u00e7al\u0131\u015ft\u0131m. Ondan \u00e7ok \u015fey \u00f6\u011frendim. Sonra, 1995 y\u0131l\u0131nda, gitar\u0131m\u0131 ald\u0131m, bir s\u0131rt \u00e7antas\u0131na e\u015fyalar\u0131m\u0131 doldurdum ve Los Angeles\u2019a gittim. O zamanlar orada bile bu alanlarda fazla okul se\u00e7ene\u011fi yoktu. Mevcut okullardan birine yaz\u0131ld\u0131m. Okulda asl\u0131nda temel bilgilerimin eksik olmad\u0131\u011f\u0131n\u0131, alt yap\u0131m\u0131n kuvvetli oldu\u011funu g\u00f6rd\u00fcm. Di\u011fer yandan okul ve Los Angeles\u2019ta i\u00e7inde bulundu\u011fum ortam bana b\u00fcy\u00fck prod\u00fcksiyonlar\u0131n nas\u0131l yap\u0131ld\u0131\u011f\u0131n\u0131 g\u00f6rmem a\u00e7\u0131s\u0131ndan \u00e7ok \u015fey katt\u0131. Sadece teknik taraf\u0131ndan bahsetmiyorum\u2026 A\u00e7\u0131k g\u00f6r\u00fc\u015fl\u00fcl\u00fck, farkl\u0131 bak\u0131\u015f a\u00e7\u0131lar\u0131, g\u00fcvenli alandan \u00e7\u0131k\u0131p farkl\u0131 \u015feyler denemek\u2026<\/p>\n\n\n\n<p>2007 y\u0131l\u0131na geldi\u011fimizde T\u00fcrkiye&#8217;de hala bir kaynak kitap yoktu. Bilgilerimi ve tecr\u00fcbelerimi payla\u015fmak, benden sonra gelenlerin bilgiye ula\u015fma konusunda benim \u00e7ekti\u011fim zorluklar\u0131 \u00e7ekmemelerini sa\u011flamak i\u00e7in <em><a href=\"https:\/\/www.ufukonen.com\/tr\/ufuk-onen-ses-muzik-teknolojisi-miks-kitaplar.html\" data-type=\"post\" data-id=\"5725\" target=\"_blank\" rel=\"noreferrer noopener\">Ses Kay\u0131t ve M\u00fczik Teknolojileri<\/a><\/em> adl\u0131 kitab\u0131m\u0131 yazd\u0131m. Bu kitap, ses kay\u0131t ve m\u00fczik prod\u00fcksiyonu ile amat\u00f6r ya da profesyonel u\u011fra\u015fan bir\u00e7ok insan i\u00e7in adeta bir &#8220;ba\u015fucu&#8221; kitab\u0131 haline geldi.<\/p>\n\n\n\n<p>Art\u0131k g\u00fcn\u00fcm\u00fczde durum sadece Bat\u0131 \u00fclkelerinde de\u011fil T\u00fcrkiye&#8217;de de \u00e7ok farkl\u0131. \u00dcniversitelerde m\u00fczik teknolojileri \u00fczerine e\u011fitim veren b\u00f6l\u00fcmler var. Kurslar ve \u00f6zel dersler veren hocalar var. <a href=\"https:\/\/www.youtube.com\/c\/Mixyapofficial\" target=\"_blank\" rel=\"noreferrer noopener\">Emrah \u00c7elik (Mixyap)<\/a>, <a href=\"https:\/\/www.youtube.com\/c\/DorukSomunkiran\" target=\"_blank\" rel=\"noreferrer noopener\">Doruk Somunk\u0131ran<\/a>, <a href=\"https:\/\/www.youtube.com\/c\/UfukBulut\" target=\"_blank\" rel=\"noreferrer noopener\">Ufuk Bulut<\/a>, <a href=\"https:\/\/www.youtube.com\/c\/AliOzanKARCI\" target=\"_blank\" rel=\"noreferrer noopener\">Ali Ozan Karc\u0131<\/a> gibi bilgilerini ve tecr\u00fcbelerini hi\u00e7 sak\u0131nmadan, herkese a\u00e7\u0131k bir \u015fekilde YouTube \u00fczerinden payla\u015fan m\u00fczik insanlar\u0131m\u0131z var.<\/p>\n\n\n\n<p>Uzun laf\u0131n k\u0131sas\u0131, art\u0131k bu i\u015fi \u00f6\u011frenmek, bilgiye ve ba\u015fkalar\u0131n\u0131n tecr\u00fcbelerine ula\u015fmak eskiye g\u00f6re \u00e7ok daha kolay.<\/p>\n\n\n\n<div style=\"height:25px\" aria-hidden=\"true\" class=\"wp-block-spacer\"><\/div>\n\n\n\n<h4>3\/ Ekipman<\/h4>\n\n\n\n<p>Owsinski, g\u00fcn\u00fcm\u00fczde hem m\u00fczik enstr\u00fcmanlar\u0131n\u0131n hem de ses ekipmanlar\u0131n\u0131n fiyat \/ performans a\u00e7\u0131s\u0131ndan eskiye g\u00f6re genel olarak \u00e7ok daha iyi oldu\u011funu s\u00f6yl\u00fcyor. Uzunca bir s\u00fcreden beni m\u00fczik ve m\u00fczik teknolojisi \u00fczerine \u00e7al\u0131\u015fan biri olarak kendisine kat\u0131l\u0131yorum.<\/p>\n\n\n\n<p>80&#8217;lerde ve 90&#8217;larda ucuz enstr\u00fcmanlar ger\u00e7ekten \u00e7ok k\u00f6t\u00fcyd\u00fc. Kullan\u0131lamayacak derecede k\u00f6t\u00fcyd\u00fc. Ayn\u0131 \u015feyi 90&#8217;l\u0131 y\u0131llarda ve 2000&#8217;li y\u0131llar\u0131n ba\u015f\u0131nda ses ekipmanlar\u0131 i\u00e7in de s\u00f6yleyebiliriz (ondan \u00f6nce ucuz ses ekipman\u0131 diye bir kavram yoktu diyebiliriz).<\/p>\n\n\n\n<p>G\u00fcn\u00fcm\u00fczde &#8216;ucuz&#8217; ve &#8216;vasat&#8217; olarak nitelendirdi\u011fimiz enstr\u00fcmanlar ve cihazlar bile art\u0131k i\u015f g\u00f6r\u00fcyor. \u00d6rnek olarak, ses kartlar\u0131n\u0131, mikrofonlar\u0131 ve monit\u00f6rleri d\u00fc\u015f\u00fcn\u00fcn. Fiyat \/ performans a\u00e7\u0131s\u0131ndan 20 sene \u00f6nce b\u00f6yle ekipmanlara sahip olmak m\u00fcmk\u00fcn de\u011fildi. Ba\u015fka bir \u00f6rnek olarak, fiyat\u0131 60 USD olan Reaper ile neler yapabildi\u011finizi d\u00fc\u015f\u00fcn\u00fcn.<\/p>\n\n\n\n<div style=\"height:25px\" aria-hidden=\"true\" class=\"wp-block-spacer\"><\/div>\n\n\n\n<h4>4\/ Modern Prod\u00fcksiyon Teknikleri<\/h4>\n\n\n\n<p>Owsinski, hit par\u00e7alar\u0131n prod\u00fcksiyonlar\u0131n\u0131n eskiden tamamen hissiyatla ve \u015fans eseri ortaya \u00e7\u0131kt\u0131\u011f\u0131n\u0131, g\u00fcn\u00fcm\u00fczde ise art\u0131k bunun \u00f6\u011frenilebilir ve uygulanabilir bir \u015fey oldu\u011funu s\u00f6yl\u00fcyor.<\/p>\n\n\n\n<p>Bence do\u011fru ama bunun iyi bir \u015fey olup olmad\u0131\u011f\u0131ndan emin olam\u0131yorum. \u00d6zellikle son y\u0131llarda pop\u00fcler m\u00fczik prod\u00fcksiyonlar\u0131nda s\u00fcrekli belli form\u00fcllerin uyguland\u0131\u011f\u0131m\u0131 ve bunun da \u00f6zg\u00fcnl\u00fc\u011f\u00fc ve yarat\u0131c\u0131l\u0131\u011f\u0131 k\u0131s\u0131tlad\u0131\u011f\u0131n\u0131 d\u00fc\u015f\u00fcn\u00fcyorum.<\/p>\n\n\n\n<div style=\"height:25px\" aria-hidden=\"true\" class=\"wp-block-spacer\"><\/div>\n\n\n\n<h4>5\/ Da\u011f\u0131t\u0131m Kanallar\u0131<\/h4>\n\n\n\n<p>Owsinski, sanat\u00e7\u0131lar\u0131n kendi m\u00fcziklerini da\u011f\u0131tmalar\u0131n\u0131n daha \u00f6nce hi\u00e7 bu kadar kolay ve ucuz olmad\u0131\u011f\u0131n\u0131 s\u00f6yl\u00fcyor. \u00c7ok hakl\u0131! Eskiden bir sanat\u00e7\u0131n\u0131n kendi imkanlar\u0131 ile plak, CD ve kaset \u00fcretip bunu perakende sat\u0131\u015f yapan m\u00fczik d\u00fckkanlar\u0131na yayg\u0131n olarak da\u011f\u0131tmas\u0131 neredeyse imkans\u0131zd\u0131. &#8220;Yayg\u0131n olarak&#8221; diye \u00f6zellikle belirttim \u00e7\u00fcnk\u00fc s\u0131n\u0131rl\u0131 say\u0131da CD veya kaset \u00fcretip bunlar\u0131 elden veya baz\u0131 m\u00fczik d\u00fckkanlar\u0131 arac\u0131l\u0131\u011f\u0131 ile satmak m\u00fcmk\u00fcnd\u00fc. Tabii bu bile ciddi bir yat\u0131r\u0131m gerektiriyordu.<\/p>\n\n\n\n<p>G\u00fcn\u00fcm\u00fczde \u00e7ok az \u00fccretler kar\u015f\u0131l\u0131\u011f\u0131nda m\u00fczi\u011finizi Spotify, Apple Music ve di\u011fer y\u00fczlerce m\u00fczik platformuna koyman\u0131z m\u00fcmk\u00fcn. En son 2020 y\u0131l\u0131nda g\u00fcncellemi\u015ftim, baz\u0131 bilgiler eski olabilir ama yine konu ile ilgili olarak &#8220;<a href=\"https:\/\/www.ufukonen.com\/tr\/muziginizi-itunes-apple-music-spotify-dijital-platformlara-nasil-dagitabilirsiniz.html\" data-type=\"post\" data-id=\"3877\" target=\"_blank\" rel=\"noreferrer noopener\">M\u00fczi\u011finizi iTunes, Apple Music, Spotify ve Benzeri Dijital Platformlara Nas\u0131l Da\u011f\u0131tabilirsiniz?<\/a>&#8221; ba\u015fl\u0131kl\u0131 yaz\u0131m\u0131 okuyabilirsiniz.<\/p>\n\n\n\n<div style=\"height:50px\" aria-hidden=\"true\" class=\"wp-block-spacer\"><\/div>\n\n\n\n<figure class=\"wp-block-image size-large\"><img loading=\"lazy\" width=\"1024\" height=\"576\" src=\"https:\/\/www.ufukonen.com\/tr\/wp-content\/uploads\/Gunumuzde_Muzik_Uretimi_01-1024x576.jpg\" alt=\"\" class=\"wp-image-7209\" srcset=\"https:\/\/www.ufukonen.com\/tr\/wp-content\/uploads\/Gunumuzde_Muzik_Uretimi_01-1024x576.jpg 1024w, https:\/\/www.ufukonen.com\/tr\/wp-content\/uploads\/Gunumuzde_Muzik_Uretimi_01-300x169.jpg 300w, https:\/\/www.ufukonen.com\/tr\/wp-content\/uploads\/Gunumuzde_Muzik_Uretimi_01-768x432.jpg 768w, https:\/\/www.ufukonen.com\/tr\/wp-content\/uploads\/Gunumuzde_Muzik_Uretimi_01-1140x641.jpg 1140w, https:\/\/www.ufukonen.com\/tr\/wp-content\/uploads\/Gunumuzde_Muzik_Uretimi_01-552x311.jpg 552w, https:\/\/www.ufukonen.com\/tr\/wp-content\/uploads\/Gunumuzde_Muzik_Uretimi_01.jpg 1280w\" sizes=\"(max-width: 1024px) 100vw, 1024px\" \/><\/figure>\n\n\n\n<div style=\"height:25px\" aria-hidden=\"true\" class=\"wp-block-spacer\"><\/div>\n\n\n\n<h3>Neden Daha K\u00f6t\u00fc?<\/h3>\n\n\n\n<div style=\"height:25px\" aria-hidden=\"true\" class=\"wp-block-spacer\"><\/div>\n\n\n\n<h4>1\/ M\u00fczikal Yeterlik<\/h4>\n\n\n\n<p>Owsinski, bu i\u015fe yeni ba\u015flayan baz\u0131 gen\u00e7lerin, teknolojinin sundu\u011fu kolayl\u0131klar sebebi ile m\u00fczikal yeterlik konusunda umursamaz bir tav\u0131r tak\u0131nd\u0131klar\u0131n\u0131 s\u00f6yl\u00fcyor. Owsinski, k\u0131s\u0131tl\u0131 m\u00fczik bilgisi ile iyi m\u00fczik yap\u0131labilece\u011fini, hatta hit par\u00e7alar \u00fcretilebilece\u011fini ama di\u011fer yandan az m\u00fczik bilgisinin yarat\u0131c\u0131l\u0131\u011f\u0131 s\u0131n\u0131rlad\u0131\u011f\u0131n\u0131 ifade ediyor.<\/p>\n\n\n\n<p>Bu konuda ben de ayn\u0131 \u015fekilde d\u00fc\u015f\u00fcn\u00fcyorum. M\u00fczik \u00fcretmek i\u00e7in mutlaka konservatuvara gitmek ya da resmi bir e\u011fitim almak gerekmiyor ama m\u00fczi\u011fi &#8220;bilmek&#8221; gerekiyor.<\/p>\n\n\n\n<p>M\u00fczi\u011fi, m\u00fczikal a\u00e7\u0131ndan bilmek gerekiyor. M\u00fczi\u011fi, prod\u00fcksiyon teknikleri a\u00e7\u0131s\u0131ndan bilmek gerekiyor. M\u00fczik t\u00fcrlerini bilmek gerekiyor. Bir t\u00fcr\u00fcn nas\u0131l ba\u015flay\u0131p nas\u0131l de\u011fi\u015fti\u011fini bilmek gerekiyor. Enstr\u00fcmanlar\u0131 tan\u0131mak gerekiyor. O enstr\u00fcmanlar\u0131 \u00e7almasan\u0131z bile \u00e7alanlar\u0131n nas\u0131l \u00e7ald\u0131\u011f\u0131n\u0131 analiz etmek ve anlamak gerekiyor. Geriye d\u00f6n\u00fcp sizden \u00f6nce neler yap\u0131ld\u0131\u011f\u0131na bakmak gerekiyor. G\u00fcn\u00fcm\u00fczde \u00fcretilen m\u00fczikleri s\u00fcrekli takip edip, inceleyip, modern yakla\u015f\u0131mlar\u0131 \u00f6\u011frenmek gerekiyor.<\/p>\n\n\n\n<p>E\u011fer m\u00fczik ve m\u00fczik prod\u00fcksiyonu konular\u0131nda uzun bir kariyer d\u00fc\u015f\u00fcn\u00fcyorsan\u0131z bunlar\u0131n hepsini yapmak gerekiyor. K\u0131s\u0131tl\u0131 bilgiyle g\u00fcnl\u00fck trendler \u00fczerinden ba\u015far\u0131 ve para kazanabilirsiniz ancak uzun soluklu bir kariyere sahip olamazs\u0131n\u0131z.<\/p>\n\n\n\n<div style=\"height:25px\" aria-hidden=\"true\" class=\"wp-block-spacer\"><\/div>\n\n\n\n<h4>2\/ Grup ve Canl\u0131 Performans Deneyiminin Eksikli\u011fi<\/h4>\n\n\n\n<p>Owsinski, grup i\u015finin \u00e7ok zor oldu\u011funu s\u00f6yl\u00fcyor. Y\u0131llarca bunu deneyimlemi\u015f biri olarak kendisine kat\u0131lmamam elde de\u011fil!<\/p>\n\n\n\n<p>Hem m\u00fczikal a\u00e7\u0131dan hem de kafa yap\u0131s\u0131 olarak uyu\u015fabilece\u011finiz grup elemanlar\u0131 bulacaks\u0131n\u0131z. Her kafadan bir ses \u00e7\u0131karken par\u00e7a \u00fcretmeye \u00e7al\u0131\u015facaks\u0131n\u0131z. Herkesin zaman\u0131n\u0131 uydurup provalar yapacaks\u0131n\u0131z. Prova st\u00fcdyosunda birbirinize gireceksiniz. Par\u00e7alar\u0131n\u0131z\u0131 kaydetmeye gitti\u011finizde kay\u0131t st\u00fcdyosunda yine birbirinize gireceksiniz. Konserler ba\u015flay\u0131nca kulislerde ve \u00f6zellikle yollarda binbir t\u00fcrl\u00fc sebepten dolay\u0131 tart\u0131\u015f\u0131p duracaks\u0131n\u0131z\u2026<\/p>\n\n\n\n<p>E\u011fer bug\u00fcne kadar bir grupta \u00e7ald\u0131ysan\u0131z bunlar\u0131 az ya da \u00e7ok ya\u015fam\u0131\u015fs\u0131n\u0131zd\u0131r.<\/p>\n\n\n\n<p>Bilgisayar\u0131n ba\u015f\u0131nda tek ba\u015f\u0131na m\u00fczik \u00fcretirken bu yazd\u0131klar\u0131mla u\u011fra\u015fman\u0131za gerek kalm\u0131yor.<\/p>\n\n\n\n<p>Di\u011fer yandan, bir grup m\u00fczisyenin bir araya gelip m\u00fczik \u00fcretmesi bamba\u015fka hatta adeta t\u0131ls\u0131ml\u0131 bir \u015fey. E\u011fer grup elemanlar\u0131 aras\u0131nda elektrik yakalarsan\u0131z ortaya m\u00fczikal a\u00e7\u0131dan \u00e7ok zengin i\u015fler \u00e7\u0131kabiliyor. Bug\u00fcne kadar bir\u00e7ok defa ya\u015fad\u0131m. Gitarda par\u00e7a yazars\u0131n\u0131z. St\u00fcdyoya gidersiniz. Bas gitarist hi\u00e7 akl\u0131n\u0131za gelmeyen bir y\u00fcr\u00fcy\u00fc\u015f yazar, davulcu hi\u00e7 akl\u0131n\u0131za gelmeyen bir \u015fekilde \u00e7alar, par\u00e7a birden bamba\u015fka bir yere gider. Par\u00e7an\u0131n gitti\u011fi yer ruhunuza dokunuyorsa bundan daha g\u00fczel bir his olamaz.<\/p>\n\n\n\n<p>Tabii i\u015fin canl\u0131 performans taraf\u0131n\u0131 da unutmamak laz\u0131m. Sahnede par\u00e7alar\u0131n\u0131z\u0131 \u00e7almak, insanlardan birebir ve anl\u0131k tepkiler almak ger\u00e7ekten inan\u0131lmaz bir duygu!<\/p>\n\n\n\n<p>Her ge\u00e7en g\u00fcn grup ve canl\u0131 performans deneyiminden uzakla\u015f\u0131yoruz. Buna \u00fcz\u00fcl\u00fcyorum. Bu arada, beni tan\u0131yanlar bilir. 80&#8217;lerin sonunda ve 90&#8217;lar\u0131n ba\u015f\u0131nda grubumla m\u00fczik yaparken bir yandan da k\u0131s\u0131tl\u0131 teknoloji ve imkanlar ile bilgisayarda m\u00fczik yapmaya \u00e7al\u0131\u015f\u0131yordum. \u015eu anda teknolojinin geldi\u011fi noktadan \u00e7ok memnunum. Bilgisayarlar m\u00fczik ve m\u00fczik prod\u00fcksiyonu yapmay\u0131 \u00e7ok seviyorum. Di\u011fer yandan, grup m\u00fczi\u011finin ve canl\u0131 performans\u0131n ne kadar b\u00fcy\u00fcleyici oldu\u011funu da hi\u00e7bir zaman unutmuyorum.<\/p>\n\n\n\n<div style=\"height:25px\" aria-hidden=\"true\" class=\"wp-block-spacer\"><\/div>\n\n\n\n<h4>3\/ Canl\u0131 \u00c7alacak Yerlerin Azalmas\u0131<\/h4>\n\n\n\n<p>Owsinski, COVID \u00f6ncesinde bile canl\u0131 m\u00fczik yap\u0131lan yerlerin azald\u0131\u011f\u0131ndan bahsetmi\u015f. Bu san\u0131r\u0131m daha \u00e7ok ekonomik durum ya da ticari k\u00e2r ile alakal\u0131 bir durum. G\u00fcn\u00fcm\u00fczde mekanlar 4-5 ki\u015filik gruba para vermek yerine art\u0131k daha \u00e7ok DJ veya elektronik ekipmanla m\u00fczik yapan k\u00fc\u00e7\u00fck ekipleri tercih ediyorlar. Owsinski, canl\u0131 \u00e7al\u0131nan mekanlar\u0131n azalmas\u0131n\u0131n grup m\u00fczi\u011finin gelece\u011fini olumsuz bir \u015fekilde etkiledi\u011fini \u00f6ne s\u00fcr\u00fcyor.<\/p>\n\n\n\n<div style=\"height:25px\" aria-hidden=\"true\" class=\"wp-block-spacer\"><\/div>\n\n\n\n<h4>4\/ Eksik ve Yanl\u0131\u015f Bilgiler<\/h4>\n\n\n\n<p>Owsinski, internette do\u011fru ve faydal\u0131 bilgiler oldu\u011fu gibi en az bir o kadar da eksik ve yanl\u0131\u015f bilgi bulundu\u011funu s\u00f6yl\u00fcyor. Do\u011fru s\u00f6ze ne nedir\u2026 \u00d6zellikle YouTube&#8217;da \u00f6yle videolar var ki\u2026 Kendini uzman gibi g\u00f6stermeye \u00e7al\u0131\u015fan z\u0131rcahiller anlatt\u0131klar\u0131 yalan yanl\u0131\u015f \u015feylerle insanlar\u0131 adeta zehirliyorlar. Yanl\u0131\u015f bilgi, bilgisizlikten daha tehlikelidir.<\/p>\n\n\n\n<p>YouTube videolar\u0131 ile harika bilgiler edinmek m\u00fcmk\u00fcn ancak kayna\u011f\u0131n g\u00fcvenilirli\u011finden emin olmak gerekiyor. Sadece ve sadece uzmanl\u0131\u011f\u0131 ve kariyeri konusunda \u015f\u00fcphe bulunmayan ki\u015filer taraf\u0131ndan verilen bilgilere itibar etmek gerekiyor. Bir videonun \u00e7ok seyredilmi\u015f olmas\u0131, o videoda s\u00f6ylenilenlerin veya g\u00f6sterilenlerin do\u011fru oldu\u011fu anlam\u0131na gelmiyor. Bu hem yerli hem de yabanc\u0131 videolar i\u00e7in ge\u00e7erli.<\/p>\n\n\n\n<div style=\"height:25px\" aria-hidden=\"true\" class=\"wp-block-spacer\"><\/div>\n\n\n\n<h4>5\/ Daha Fazla Rekabet<\/h4>\n\n\n\n<p>Owsinski, her g\u00fcn Spotify&#8217;a 60 bin par\u00e7a, YouTube&#8217;a da 30 bin saatlik video y\u00fcklendi\u011fini s\u00f6yl\u00fcyor. Bu say\u0131lar bize rekabetin ne kadar sert oldu\u011fu konusunda ciddi bir fikir veriyor. G\u00fcn\u00fcm\u00fczde m\u00fczi\u011fi \u00f6\u011frenmek, \u00fcretmek ve da\u011f\u0131tmak imkanlar a\u00e7\u0131s\u0131ndan eskiye g\u00f6re daha kolay. Bu, elbette muhte\u015fem bir \u015fey! Di\u011fer yandan, bu sayede daha fazla ki\u015fi m\u00fczik yap\u0131p \u00fcretiyor ve rekabet de ona g\u00f6re \u00e7ok daha sert bir hale geliyor.<\/p>\n\n\n\n<div style=\"height:50px\" aria-hidden=\"true\" class=\"wp-block-spacer\"><\/div>\n\n\n\n<figure class=\"wp-block-image size-large\"><img loading=\"lazy\" width=\"1024\" height=\"576\" src=\"https:\/\/www.ufukonen.com\/tr\/wp-content\/uploads\/Gunumuzde_Muzik_Uretimi_02-1024x576.jpg\" alt=\"\" class=\"wp-image-7213\" srcset=\"https:\/\/www.ufukonen.com\/tr\/wp-content\/uploads\/Gunumuzde_Muzik_Uretimi_02-1024x576.jpg 1024w, https:\/\/www.ufukonen.com\/tr\/wp-content\/uploads\/Gunumuzde_Muzik_Uretimi_02-300x169.jpg 300w, https:\/\/www.ufukonen.com\/tr\/wp-content\/uploads\/Gunumuzde_Muzik_Uretimi_02-768x432.jpg 768w, https:\/\/www.ufukonen.com\/tr\/wp-content\/uploads\/Gunumuzde_Muzik_Uretimi_02-1140x641.jpg 1140w, https:\/\/www.ufukonen.com\/tr\/wp-content\/uploads\/Gunumuzde_Muzik_Uretimi_02-552x311.jpg 552w, https:\/\/www.ufukonen.com\/tr\/wp-content\/uploads\/Gunumuzde_Muzik_Uretimi_02.jpg 1280w\" sizes=\"(max-width: 1024px) 100vw, 1024px\" \/><\/figure>\n\n\n\n<div style=\"height:25px\" aria-hidden=\"true\" class=\"wp-block-spacer\"><\/div>\n\n\n\n<h3>Sonu\u00e7 Olarak\u2026<\/h3>\n\n\n\n<p>M\u00fczik \u00fcretmenin her zaman birtak\u0131m zorluklar\u0131 oluyor. Zaman ilerledik\u00e7e ve teknoloji geli\u015ftik\u00e7e bu zorluklar\u0131n bir k\u0131sm\u0131 kaybolup gidiyor ama yerine yeni zorluklar ya da olumsuzluklar geliyor.<\/p>\n\n\n\n<p>Di\u011fer yandan, tabloya genel olarak bakacak olursak, g\u00fcn\u00fcm\u00fczde teknoloji sayesinde m\u00fczi\u011fi \u00f6\u011frenmek, \u00fcretmek ve da\u011f\u0131tmak art\u0131k \u00e7ok daha kolay. &#8220;Kolay&#8221; derken asl\u0131nda \u00f6\u011frenimi, \u00fcretimi ve da\u011f\u0131t\u0131m\u0131 sa\u011flayan ara\u00e7lar\u0131n daha fazla ki\u015fiye ula\u015fabiliyor olmas\u0131nda bahsediyorum.<\/p>\n\n\n\n<p>Unutmayal\u0131m ki, m\u00fczik her zaman ama her zaman \u00e7ok fazla \u00e7al\u0131\u015fma, \u00e7ok fazla emek ve \u00e7ok fazla fedakarl\u0131k gerektiriyor. Teknoloji istedi\u011fi kadar ileri gitsin, bunlar olmadan m\u00fczik de olmuyor.<\/p>\n\n\n\n<p>Sa\u011fl\u0131kl\u0131 ve m\u00fczik dolu g\u00fcnler dileklerimle\u2026 &#x1f3b6;<\/p>\n\n\n\n<div style=\"height:50px\" aria-hidden=\"true\" class=\"wp-block-spacer\"><\/div>\n\n\n\n<figure class=\"wp-block-image size-full\"><img loading=\"lazy\" width=\"960\" height=\"540\" src=\"https:\/\/www.ufukonen.com\/tr\/wp-content\/uploads\/Gunumuzde_Muzik_Uretimi_03_Owsinski.jpg\" alt=\"\" class=\"wp-image-7214\" srcset=\"https:\/\/www.ufukonen.com\/tr\/wp-content\/uploads\/Gunumuzde_Muzik_Uretimi_03_Owsinski.jpg 960w, https:\/\/www.ufukonen.com\/tr\/wp-content\/uploads\/Gunumuzde_Muzik_Uretimi_03_Owsinski-300x169.jpg 300w, https:\/\/www.ufukonen.com\/tr\/wp-content\/uploads\/Gunumuzde_Muzik_Uretimi_03_Owsinski-768x432.jpg 768w, https:\/\/www.ufukonen.com\/tr\/wp-content\/uploads\/Gunumuzde_Muzik_Uretimi_03_Owsinski-552x311.jpg 552w\" sizes=\"(max-width: 960px) 100vw, 960px\" \/><figcaption>Bobby Owsinski&#8217;ye Ankara Kalesi&#8217;ni gezdirdikten sonra bir de T\u00fcrk kahvesi \u0131smarlam\u0131\u015ft\u0131k (2012). Soldan sa\u011fa Pieter Verstraete, Bobby Owsinski, Ufuk \u00d6nen, Mustafa Ertan, Teoman Pasinlio\u011flu.<\/figcaption><\/figure>\n\n\n\n<div style=\"height:50px\" aria-hidden=\"true\" class=\"wp-block-spacer\"><\/div>\n\n\n\n<p>Teknik terimler i\u00e7in <a href=\"http:\/\/www.ufukonen.com\/tr\/ses-kayit-muzik-teknolojisi-terimler-sozluk.html\">m\u00fczik teknolojisi, m\u00fczik prod\u00fcksiyonu ve ses kay\u0131t terimleri s\u00f6zl\u00fc\u011f\u00fcne<\/a> g\u00f6z atabilirsiniz.<\/p>\n\n\n\n<p>Benzer payla\u015f\u0131mlar i\u00e7in beni <a rel=\"noreferrer noopener\" href=\"https:\/\/www.facebook.com\/ufukonen.skmt\/\" target=\"_blank\">Facebook<\/a>, <a rel=\"noreferrer noopener\" aria-label=\"Instagram (opens in a new tab)\" href=\"https:\/\/www.instagram.com\/ufukonen\/\" target=\"_blank\">Instagram<\/a> ve <a rel=\"noreferrer noopener\" href=\"https:\/\/twitter.com\/UfukOnen\" target=\"_blank\">Twitter<\/a>&#8216;da takip edebilir, haberler i\u00e7in <a rel=\"noreferrer noopener\" href=\"http:\/\/ufukonen.com\/tr\/ses-kayit-muzik-teknolojisi-terimler-sozluk.html\" target=\"_blank\">mesaj listeme \u00fcye olabilirsiniz<\/a>. Te\u015fekk\u00fcrler.<\/p>\n\n\n\n<p>Ba\u015fl\u0131k foto\u011fraf\u0131: <a href=\"https:\/\/unsplash.com\/@neonbrand?utm_source=unsplash&amp;utm_medium=referral&amp;utm_content=creditCopyText\" target=\"_blank\" rel=\"noreferrer noopener\">NeONBRAND<\/a>\u00a0|\u00a0<a href=\"https:\/\/unsplash.com\/s\/photos\/guitarist-stage?utm_source=unsplash&amp;utm_medium=referral&amp;utm_content=creditCopyText\" target=\"_blank\" rel=\"noreferrer noopener\">Unsplash<\/a><\/p>\n\n\n\n<p>Foto\u011fraf:\u00a0<a href=\"https:\/\/unsplash.com\/@leecampbell?utm_source=unsplash&amp;utm_medium=referral&amp;utm_content=creditCopyText\" target=\"_blank\" rel=\"noreferrer noopener\">Lee Campbell<\/a>\u00a0on\u00a0<a href=\"https:\/\/unsplash.com\/collections\/415470\/instrumental?utm_source=unsplash&amp;utm_medium=referral&amp;utm_content=creditCopyText\" target=\"_blank\" rel=\"noreferrer noopener\">Unsplash<\/a><\/p>\n\n\n\n<p>Foto\u011fraf: <a href=\"https:\/\/pixabay.com\/users\/pexels-2286921\/?utm_source=link-attribution&amp;utm_medium=referral&amp;utm_campaign=image&amp;utm_content=1835431\">Pexels<\/a> | <a href=\"https:\/\/pixabay.com\/?utm_source=link-attribution&amp;utm_medium=referral&amp;utm_campaign=image&amp;utm_content=1835431\">Pixabay<\/a><\/p>\n\n\n\n<p>\u00a9 2022 Ufuk \u00d6nen. Her hakk\u0131 sakl\u0131d\u0131r. \u0130zinsiz kullan\u0131lamaz.<\/p>\n","protected":false},"excerpt":{"rendered":"<p class=\"post-excerpt\">De\u011ferli dostum Bobby Owsinski &#8220;5 Reasons Why Music Creation Today Is Better Than Ever, And 5 Reasons Why It&#8217;s Not&#8221;&#8230;<\/p>\n","protected":false},"author":2,"featured_media":7208,"comment_status":"closed","ping_status":"open","sticky":false,"template":"","format":"standard","meta":{"_mi_skip_tracking":false,"spay_email":"","jetpack_publicize_message":"","jetpack_is_tweetstorm":false,"jetpack_publicize_feature_enabled":true},"categories":[20,16,18],"tags":[],"jetpack_featured_media_url":"https:\/\/www.ufukonen.com\/tr\/wp-content\/uploads\/Gunumuzde_Muzik_Uretimi_00_Header.jpg","jetpack_publicize_connections":[],"jetpack_shortlink":"https:\/\/wp.me\/p3rjsG-1Sb","jetpack_sharing_enabled":true,"jetpack-related-posts":[{"id":7824,"url":"https:\/\/www.ufukonen.com\/tr\/2022-en-cok-okunan-2.html","url_meta":{"origin":7203,"position":0},"title":"2022 \u0130\u00e7inde En \u00c7ok Okunan Blog Yaz\u0131lar\u0131m (2. B\u00f6l\u00fcm)","date":"December 19, 2022","format":false,"excerpt":"2022\u2019yi kapat\u0131rken y\u0131l i\u00e7inde en \u00e7ok okunan blog yaz\u0131lar\u0131m\u0131 sizlerle payla\u015fmak istedim. \u0130ki liste haz\u0131rlad\u0131m: 1- \u00d6nceki y\u0131llarda (2012-2021) yay\u0131nlanm\u0131\u015f olan yaz\u0131lardan 2022 i\u00e7inde en \u00e7ok okunanlar (buraya t\u0131klayarak g\u00f6r\u00fcnt\u00fcleyebilirsiniz). 2- En \u00e7ok okunan 2022 tarihli yaz\u0131lar\u0131m (a\u015fa\u011f\u0131daki liste). Yaz\u0131lar\u0131, ba\u015fl\u0131klar\u0131n\u0131n ya da g\u00f6rsellerinin \u00fczerine t\u0131klayarak okuyabilirsiniz. G\u00f6stermi\u015f oldu\u011funuz ilgi\u2026","rel":"","context":"In &quot;Konferans&quot;","img":{"alt_text":"","src":"https:\/\/i0.wp.com\/www.ufukonen.com\/tr\/wp-content\/uploads\/2022_En_Cok_Okunan_2_00_Header.jpg?resize=350%2C200&ssl=1","width":350,"height":200},"classes":[]},{"id":5027,"url":"https:\/\/www.ufukonen.com\/tr\/profesyonel-muzik-insaninin-10-ozelligi.html","url_meta":{"origin":7203,"position":1},"title":"Profesyonel Bir M\u00fczik \u0130nsan\u0131n\u0131n 10 \u00d6zelli\u011fi","date":"August 26, 2019","format":false,"excerpt":"De\u011ferli dostum Bobby Owsinski \"The 10 Traits of a Music Professional\" ba\u015fl\u0131kl\u0131 bir blog yaz\u0131s\u0131 yay\u0131mlad\u0131. Bobby'nin bu yaz\u0131daki tespitleri o kadar isabetli ki, onun bu yaz\u0131s\u0131nda kendi okuyucular\u0131 ile payla\u015ft\u0131klar\u0131n\u0131 ben de burada sizlerle payla\u015fmak istiyorum. Bobby'nin yaz\u0131s\u0131 asl\u0131nda profesyonel m\u00fczisyenler i\u00e7in yaz\u0131lm\u0131\u015f olsa da, yaz\u0131dakiler bence m\u00fczik \u00fczerine\u2026","rel":"","context":"In &quot;M\u00fczik&quot;","img":{"alt_text":"","src":"https:\/\/i0.wp.com\/www.ufukonen.com\/tr\/wp-content\/uploads\/Profesyonel_Muzik_Insaninin_10_Ozelligi_720.jpg?resize=350%2C200&ssl=1","width":350,"height":200},"classes":[]},{"id":2464,"url":"https:\/\/www.ufukonen.com\/tr\/muzik-endustrisine-bakis-1.html","url_meta":{"origin":7203,"position":2},"title":"M\u00fczik End\u00fcstrisine Bak\u0131\u015f (1. B\u00f6l\u00fcm)","date":"April 22, 2016","format":false,"excerpt":"\"M\u00fczik Prod\u00fcksiyonu i\u00e7in Alternatif Y\u00f6ntemler ve Amanda Palmer \u00d6rne\u011fi\" ba\u015fl\u0131kl\u0131 yaz\u0131m olduk\u00e7a ilgi toplam\u0131\u015ft\u0131. Anla\u015f\u0131lan o ki m\u00fczik prod\u00fcksiyonu, finansman, da\u011f\u0131t\u0131m ve benzeri konularda yeni ve alternatif y\u00f6ntemler bir\u00e7ok m\u00fczisyenin ve m\u00fczik prod\u00fckt\u00f6r\u00fcn\u00fcn ilgisini \u00e7ekiyor. Ba\u015flang\u0131c\u0131ndan sonra uzun y\u0131llar ayn\u0131 \u015fekilde devam edem m\u00fczik end\u00fcstrisinde son 10-15 y\u0131lda b\u00fcy\u00fck de\u011fi\u015fimler\u2026","rel":"","context":"In &quot;M\u00fczik End\u00fcstrisi&quot;","img":{"alt_text":"","src":"https:\/\/i0.wp.com\/www.ufukonen.com\/tr\/wp-content\/uploads\/Muzik_Endustrisine_Bakis_1.jpg?resize=350%2C200&ssl=1","width":350,"height":200},"classes":[]},{"id":3955,"url":"https:\/\/www.ufukonen.com\/tr\/bruce-swedien-ile-vokal-kaydi-uzerine.html","url_meta":{"origin":7203,"position":3},"title":"Bruce Swedien ile Vokal Kayd\u0131 \u00dczerine","date":"June 4, 2018","format":false,"excerpt":"Bruce Swedien denince ilk akla gelen Michael Jackson'\u0131n Thriller alb\u00fcm\u00fc oluyor ama Swedien'\u0131n kariyeri asl\u0131nda daha bir\u00e7ok ba\u015far\u0131 ile dolu. Swedien, ses kay\u0131t ve miks m\u00fchendisi olarak Quincy Jones, Paul McCartney, Count Basie, Duke Ellington, Santana, Jennifer Lopez gibi sanat\u00e7\u0131larla \u00e7al\u0131\u015fm\u0131\u015f. On \u00fc\u00e7 defa Grammy \u00f6d\u00fcl\u00fcne aday g\u00f6sterilmi\u015f, be\u015fini kazanm\u0131\u015f.\u2026","rel":"","context":"In &quot;M\u00fczik Prod\u00fcksiyonu&quot;","img":{"alt_text":"","src":"https:\/\/i0.wp.com\/www.ufukonen.com\/tr\/wp-content\/uploads\/BruceSwedien_PhotoCredit_MrBonzai_1280x720.jpg?resize=350%2C200&ssl=1","width":350,"height":200},"classes":[]},{"id":3700,"url":"https:\/\/www.ufukonen.com\/tr\/headroom-nedir-ve-neden-onemlidir.html","url_meta":{"origin":7203,"position":4},"title":"Headroom Nedir ve Neden \u00d6nemlidir?","date":"February 19, 2018","format":false,"excerpt":"\u00a0 \"Headroom nedir?\" \"Headroom neden \u00f6nemlidir?\" Bu sorular\u0131 cevaplamadan \u00f6nce dinamik alan\u0131n (dynamic range) ne oldu\u011funu iyi anlamak gerekir. \u00a0 Dinamik Alan Dinamik alan, sinyalde g\u00fcr\u00fclt\u00fc e\u015fi\u011fi ile bozulma (distortion) noktas\u0131 aras\u0131nda kalan aland\u0131r. Daha basit bir anlat\u0131mla, dinamik alan, sinyalde m\u00fcmk\u00fcn olan en d\u00fc\u015f\u00fck ve en y\u00fcksek seviyeler aras\u0131ndaki\u2026","rel":"","context":"In &quot;Ses ve M\u00fczik Teknolojileri&quot;","img":{"alt_text":"","src":"https:\/\/i0.wp.com\/www.ufukonen.com\/tr\/wp-content\/uploads\/headroom_1280x720.jpg?resize=350%2C200&ssl=1","width":350,"height":200},"classes":[]},{"id":3211,"url":"https:\/\/www.ufukonen.com\/tr\/studyo-mikrofonlari-neden-ters-asilir.html","url_meta":{"origin":7203,"position":5},"title":"St\u00fcdyo Mikrofonlar\u0131 Neden Ters As\u0131l\u0131r?","date":"August 21, 2017","format":false,"excerpt":"\"St\u00fcdyo mikrofonlar\u0131 neden ters as\u0131l\u0131r?\" Bu soru bana \u00e7ok sorulmu\u015ftur. Ge\u00e7enlerde Bobby Owsinski'nin blog yaz\u0131s\u0131n\u0131 g\u00f6r\u00fcnce bu konuyla ilgili bir yaz\u0131 da ben yazay\u0131m diye d\u00fc\u015f\u00fcnd\u00fcm. St\u00fcdyo mikrofonlar\u0131n\u0131n ters as\u0131lmalar\u0131n\u0131n sebebi eski lambal\u0131 condenser mikrofonlara dayan\u0131yor. Eski mikrofonlarda lambadan \u00e7\u0131kan ve y\u00fckselen \u0131s\u0131 zaman i\u00e7inde mikrofonun diyafram\u0131n\u0131 etkiliyor ve sesin\u2026","rel":"","context":"In &quot;M\u00fczik Prod\u00fcksiyonu&quot;","img":{"alt_text":"","src":"https:\/\/i0.wp.com\/www.ufukonen.com\/tr\/wp-content\/uploads\/mikrofon_ters_800x934.jpg?resize=350%2C200&ssl=1","width":350,"height":200},"classes":[]}],"_links":{"self":[{"href":"https:\/\/www.ufukonen.com\/tr\/wp-json\/wp\/v2\/posts\/7203"}],"collection":[{"href":"https:\/\/www.ufukonen.com\/tr\/wp-json\/wp\/v2\/posts"}],"about":[{"href":"https:\/\/www.ufukonen.com\/tr\/wp-json\/wp\/v2\/types\/post"}],"author":[{"embeddable":true,"href":"https:\/\/www.ufukonen.com\/tr\/wp-json\/wp\/v2\/users\/2"}],"replies":[{"embeddable":true,"href":"https:\/\/www.ufukonen.com\/tr\/wp-json\/wp\/v2\/comments?post=7203"}],"version-history":[{"count":13,"href":"https:\/\/www.ufukonen.com\/tr\/wp-json\/wp\/v2\/posts\/7203\/revisions"}],"predecessor-version":[{"id":7220,"href":"https:\/\/www.ufukonen.com\/tr\/wp-json\/wp\/v2\/posts\/7203\/revisions\/7220"}],"wp:featuredmedia":[{"embeddable":true,"href":"https:\/\/www.ufukonen.com\/tr\/wp-json\/wp\/v2\/media\/7208"}],"wp:attachment":[{"href":"https:\/\/www.ufukonen.com\/tr\/wp-json\/wp\/v2\/media?parent=7203"}],"wp:term":[{"taxonomy":"category","embeddable":true,"href":"https:\/\/www.ufukonen.com\/tr\/wp-json\/wp\/v2\/categories?post=7203"},{"taxonomy":"post_tag","embeddable":true,"href":"https:\/\/www.ufukonen.com\/tr\/wp-json\/wp\/v2\/tags?post=7203"}],"curies":[{"name":"wp","href":"https:\/\/api.w.org\/{rel}","templated":true}]}}