{"id":7279,"date":"2022-03-21T01:00:55","date_gmt":"2022-03-20T22:00:55","guid":{"rendered":"https:\/\/www.ufukonen.com\/tr\/?p=7279"},"modified":"2022-04-09T23:05:56","modified_gmt":"2022-04-09T20:05:56","slug":"deesser-wideband-splitband","status":"publish","type":"post","link":"https:\/\/www.ufukonen.com\/tr\/deesser-wideband-splitband.html","title":{"rendered":"De-Esser: Wide-Band ve Split-Band Aras\u0131ndaki Fark"},"content":{"rendered":"\n<p>De-esser \u00fczerinde iki farkl\u0131 \u00e7al\u0131\u015fma se\u00e7ene\u011fi bulunur: Wide-band ve split-band. Bu se\u00e7ene\u011fe bazen dikkat edilmez ama asl\u0131nda g\u00f6z ard\u0131 edilmeyecek kadar \u00f6nemlidir.<\/p>\n\n\n\n<div style=\"height:25px\" aria-hidden=\"true\" class=\"wp-block-spacer\"><\/div>\n\n\n\n<h3>Wide-Band<\/h3>\n\n\n\n<p>Wide-band \u00e7al\u0131\u015fma modunda de-esser, sibilans yakalad\u0131\u011f\u0131 zaman t\u00fcm sinyalin seviyesini azalt\u0131r. \u00d6rnek olarak, vokal kanal\u0131nda bir de-esser kullan\u0131yorsan\u0131z ve de-esser vokalde 7 kHz civar\u0131nda bir sibilans tespit ederse, t\u00fcm sinyalin seviyesini anl\u0131k olarak azalt\u0131r.<\/p>\n\n\n\n<div style=\"height:25px\" aria-hidden=\"true\" class=\"wp-block-spacer\"><\/div>\n\n\n\n<h3>Split-Band<\/h3>\n\n\n\n<p>Split-band \u00e7al\u0131\u015fma modunda ise de-esser, sibilans yakalad\u0131\u011f\u0131 zaman sadece sibilans frekans\u0131n\u0131n oldu\u011fu b\u00f6lgenin seviyesini azalt\u0131r. Yukar\u0131daki \u00f6rnekten devam edecek olursak, vokal kanal\u0131nda bir de-esser kullan\u0131yorsan\u0131z ve de-esser vokalde 7 kHz civar\u0131nda bir sibilans tespit ederse, sadece 7 kHz ve \u00e7evresini anl\u0131k olarak azalt\u0131r.<\/p>\n\n\n\n<div style=\"height:25px\" aria-hidden=\"true\" class=\"wp-block-spacer\"><\/div>\n\n\n\n<figure class=\"wp-block-image size-large\"><img loading=\"lazy\" width=\"1024\" height=\"694\" src=\"https:\/\/www.ufukonen.com\/tr\/wp-content\/uploads\/Deesser_Wideband_Splitband_01-1024x694.jpg\" alt=\"\" class=\"wp-image-7293\" srcset=\"https:\/\/www.ufukonen.com\/tr\/wp-content\/uploads\/Deesser_Wideband_Splitband_01-1024x694.jpg 1024w, https:\/\/www.ufukonen.com\/tr\/wp-content\/uploads\/Deesser_Wideband_Splitband_01-300x203.jpg 300w, https:\/\/www.ufukonen.com\/tr\/wp-content\/uploads\/Deesser_Wideband_Splitband_01-768x521.jpg 768w, https:\/\/www.ufukonen.com\/tr\/wp-content\/uploads\/Deesser_Wideband_Splitband_01-1140x773.jpg 1140w, https:\/\/www.ufukonen.com\/tr\/wp-content\/uploads\/Deesser_Wideband_Splitband_01-552x374.jpg 552w, https:\/\/www.ufukonen.com\/tr\/wp-content\/uploads\/Deesser_Wideband_Splitband_01.jpg 1280w\" sizes=\"(max-width: 1024px) 100vw, 1024px\" \/><figcaption>Pro Tools i\u00e7indeki stok de-esser plug-in&#8217;i. HF ONLY se\u00e7ene\u011fi aktifken plug-in split-band, de\u011filken wide-band modunda \u00e7al\u0131\u015f\u0131yor.<\/figcaption><\/figure>\n\n\n\n<h3>Hangisi?<\/h3>\n\n\n\n<p>Peki, hangi modu kullanmak laz\u0131m? Bu sorunun kesin bir cevab\u0131 yok, uygulamaya g\u00f6re farkl\u0131l\u0131k g\u00f6steriyor. Baz\u0131 ses m\u00fchendisleri wide-band modunun daha do\u011fal duyuldu\u011funu s\u00f6yl\u00fcyor ve genel olarak bu modu tercih ediyor. Ben split-band modunun sinyale daha detayl\u0131 ve daha kontroll\u00fc bir \u015fekilde m\u00fcdahale etti\u011fini d\u00fc\u015f\u00fcn\u00fcyorum. Bu sebepten dolay\u0131 benim tercihim genelde split-band oluyor.<\/p>\n\n\n\n<div style=\"height:50px\" aria-hidden=\"true\" class=\"wp-block-spacer\"><\/div>\n\n\n\n<p>Teknik terimler i\u00e7in <a href=\"http:\/\/www.ufukonen.com\/tr\/ses-kayit-muzik-teknolojisi-terimler-sozluk.html\">m\u00fczik teknolojisi, m\u00fczik prod\u00fcksiyonu ve ses kay\u0131t terimleri s\u00f6zl\u00fc\u011f\u00fcne<\/a> g\u00f6z atabilirsiniz.<\/p>\n\n\n\n<p>Benzer payla\u015f\u0131mlar i\u00e7in beni <a rel=\"noreferrer noopener\" href=\"https:\/\/www.facebook.com\/ufukonen.skmt\/\" target=\"_blank\">Facebook<\/a>, <a href=\"https:\/\/www.instagram.com\/ufukonen\/\" target=\"_blank\" rel=\"noreferrer noopener\" aria-label=\"Instagram (opens in a new tab)\">Instagram<\/a> ve <a rel=\"noreferrer noopener\" href=\"https:\/\/twitter.com\/UfukOnen\" target=\"_blank\">Twitter<\/a>&#8216;da takip edebilir, haberler i\u00e7in <a rel=\"noreferrer noopener\" href=\"http:\/\/ufukonen.com\/tr\/ses-kayit-muzik-teknolojisi-terimler-sozluk.html\" target=\"_blank\">mesaj listeme \u00fcye olabilirsiniz<\/a>. Te\u015fekk\u00fcrler.<\/p>\n\n\n\n<p>\u00a9 2022 Ufuk \u00d6nen. Her hakk\u0131 sakl\u0131d\u0131r. \u0130zinsiz kullan\u0131lamaz.<\/p>\n","protected":false},"excerpt":{"rendered":"<p class=\"post-excerpt\">De-esser \u00fczerinde iki farkl\u0131 \u00e7al\u0131\u015fma se\u00e7ene\u011fi bulunur: Wide-band ve split-band. Bu se\u00e7ene\u011fe bazen dikkat edilmez ama asl\u0131nda g\u00f6z ard\u0131 edilmeyecek&#8230;<\/p>\n","protected":false},"author":2,"featured_media":7292,"comment_status":"closed","ping_status":"open","sticky":false,"template":"","format":"standard","meta":{"_mi_skip_tracking":false,"spay_email":"","jetpack_publicize_message":"","jetpack_is_tweetstorm":false,"jetpack_publicize_feature_enabled":true},"categories":[18],"tags":[],"jetpack_featured_media_url":"https:\/\/www.ufukonen.com\/tr\/wp-content\/uploads\/Deesser_Wideband_Splitband_00_Header.jpg","jetpack_publicize_connections":[],"jetpack_shortlink":"https:\/\/wp.me\/p3rjsG-1Tp","jetpack_sharing_enabled":true,"jetpack-related-posts":[{"id":7673,"url":"https:\/\/www.ufukonen.com\/tr\/de-esser-mini-rehber.html","url_meta":{"origin":7279,"position":0},"title":"De-Esser: Mini Rehber","date":"October 24, 2022","format":false,"excerpt":"De-esser \u00fczerine daha \u00f6nce yazd\u0131\u011f\u0131m yaz\u0131lar\u0131 tek bir \u00e7at\u0131 alt\u0131nda toplay\u0131p bir mini rehber olu\u015fturdum. Linkleri ve a\u00e7\u0131klamalar\u0131 a\u015fa\u011f\u0131ya ekliyorum. De-esser'\u0131n \u00e7al\u0131\u015fma prensibi, \u00fczerindeki parametrelerin i\u015flevleri gibi temel bilgileri Ses Kay\u0131t ve M\u00fczik Teknolojileri adl\u0131 kitab\u0131mda bulabilirsiniz. \u0130yi okumalar! De-esser Nedir ve Nas\u0131l Kullan\u0131l\u0131r? S, \u015f, c, \u00e7, j, z\u2026","rel":"","context":"In &quot;Ses ve M\u00fczik Teknolojileri&quot;","img":{"alt_text":"","src":"https:\/\/i0.wp.com\/www.ufukonen.com\/tr\/wp-content\/uploads\/De_Esser_Mini_Rehber_00_Header.jpg?resize=350%2C200&ssl=1","width":350,"height":200},"classes":[]},{"id":5997,"url":"https:\/\/www.ufukonen.com\/tr\/de-esser-nedir-nasil-kullanilir.html","url_meta":{"origin":7279,"position":1},"title":"De-esser Nedir ve Nas\u0131l Kullan\u0131l\u0131r?","date":"August 17, 2020","format":false,"excerpt":"De-esser nedir ve nas\u0131l kullan\u0131l\u0131r sorular\u0131n\u0131n cevaplar\u0131na ge\u00e7meden \u00f6nce 'sibilance' (sibilans) \u00fczerine birka\u00e7 sat\u0131r yazmak istiyorum. Sibilans S, \u015f, c, \u00e7, j, z gibi \u00fcns\u00fczlerin a\u015f\u0131r\u0131 vurgulanmas\u0131yla ortaya \u00e7\u0131kan ve genelde istenmeyen ve \"kulak t\u0131rmalay\u0131c\u0131\" olarak nitelendirelen sesler sibilans olarak adland\u0131r\u0131l\u0131r. Sibilans probleminin miktar\u0131 di\u015f yap\u0131s\u0131 ve benzeri sebeplerden dolay\u0131\u2026","rel":"","context":"In &quot;Ses ve M\u00fczik Teknolojileri&quot;","img":{"alt_text":"","src":"https:\/\/i0.wp.com\/www.ufukonen.com\/tr\/wp-content\/uploads\/De-esser_Header.jpg?resize=350%2C200&ssl=1","width":350,"height":200},"classes":[]},{"id":7280,"url":"https:\/\/www.ufukonen.com\/tr\/deesser-sadece-vokal-kanalinda-mi-kullanilir.html","url_meta":{"origin":7279,"position":2},"title":"De-Esser Sadece Vokal Kanal\u0131nda m\u0131 Kullan\u0131l\u0131r?","date":"March 28, 2022","format":false,"excerpt":"Bir\u00e7ok insan de-esser'\u0131n sadece vokal kanallar\u0131nda kullan\u0131ld\u0131\u011f\u0131n\u0131 d\u00fc\u015f\u00fcn\u00fcyor. De-esser dedi\u011fimizde ilk akla gelenin vokal olmas\u0131 normal ancak de-esser kullan\u0131m\u0131 sadece vokal ile s\u0131n\u0131rl\u0131 de\u011fil. De-esser'\u0131 farkl\u0131 ama\u00e7larla kullanmak m\u00fcmk\u00fcn. \u00d6rneklere ge\u00e7meden \u00f6nce, e\u011fer daha \u00f6nce okumad\u0131ysan\u0131z, de-essing ve sibilans \u00fczerine yazd\u0131\u011f\u0131m \"De-esser Nedir ve Nas\u0131l Kullan\u0131l\u0131r?\" ba\u015fl\u0131kl\u0131 makalemi okuman\u0131z\u0131 tavsiye\u2026","rel":"","context":"In &quot;M\u00fczik Prod\u00fcksiyonu&quot;","img":{"alt_text":"","src":"https:\/\/i0.wp.com\/www.ufukonen.com\/tr\/wp-content\/uploads\/Deesser_Sadece_Vokal_Kanalinda_mi_00_Header.jpg?resize=350%2C200&ssl=1","width":350,"height":200},"classes":[]},{"id":6447,"url":"https:\/\/www.ufukonen.com\/tr\/vokal-miksi-rehber-2.html","url_meta":{"origin":7279,"position":3},"title":"Vokal Miksi i\u00e7in Mini Rehber (2. B\u00f6l\u00fcm)","date":"March 22, 2021","format":false,"excerpt":"Bu yaz\u0131mda vokal miksi i\u00e7in kullanabilece\u011finiz sekiz ba\u015fl\u0131ktan olu\u015fan bir mini rehber haz\u0131rlad\u0131m. Her ba\u015fl\u0131\u011f\u0131n alt\u0131nda ilgili yaz\u0131lar\u0131n linklerini ekledim. \u0130lk olarak 22 Mart 2021'de yay\u0131nlanm\u0131\u015f olan bu mini rehber, 8 A\u011fustos 2022, 28 Kas\u0131m 2022, 20 Mart 2023 ve 7 A\u011fustos 2025 tarihlerinde g\u00fcncellenmi\u015ftir. Filtre ve EQKompres\u00f6rEQDe-esserSidechain Kompres\u00f6r Kullan\u0131m\u0131Saturation,\u2026","rel":"","context":"In &quot;M\u00fczik Prod\u00fcksiyonu&quot;","img":{"alt_text":"","src":"https:\/\/i0.wp.com\/www.ufukonen.com\/tr\/wp-content\/uploads\/Vokal_Miksi_Mini_Rehber_00_Header.jpg?resize=350%2C200&ssl=1","width":350,"height":200},"classes":[]},{"id":7281,"url":"https:\/\/www.ufukonen.com\/tr\/kulak-tirmalamayan-tizler.html","url_meta":{"origin":7279,"position":4},"title":"Kulak T\u0131rmalamayan Tizler Elde Etmek \u0130\u00e7in 5 \u0130\u015flemci","date":"April 4, 2022","format":false,"excerpt":"\u00c7al\u0131\u015ft\u0131\u011f\u0131m\u0131z par\u00e7ada kulak t\u0131rmalayan tizler var. Standart EQ ile sorunu \u00e7\u00f6zemiyoruz. Ne yapmal\u0131y\u0131z? Bu yaz\u0131mda kulak t\u0131rmalamayan tizler elde etmek i\u00e7in be\u015f i\u015flemci \u00f6nerisinde bulunmak istiyorum. 1\/ Dinamik EQ \"Dinamik EQ\" ba\u015fl\u0131kl\u0131 makalem i\u00e7in t\u0131klay\u0131n\u0131z Dinamik EQ'nun \u00e7al\u0131\u015fma prensibini ve dinamik EQ ile multiband kompres\u00f6r\u00fcn aras\u0131ndaki fark\u0131 anlatt\u0131\u011f\u0131m yaz\u0131m\u0131 buraya\u2026","rel":"","context":"In &quot;M\u00fczik Prod\u00fcksiyonu&quot;","img":{"alt_text":"","src":"https:\/\/i0.wp.com\/www.ufukonen.com\/tr\/wp-content\/uploads\/Kulak_Tirmalamayan_Tizler_00_Header.jpg?resize=350%2C200&ssl=1","width":350,"height":200},"classes":[]},{"id":2641,"url":"https:\/\/www.ufukonen.com\/tr\/frekans-araliklari.html","url_meta":{"origin":7279,"position":5},"title":"Frekans Aral\u0131klar\u0131","date":"October 16, 2017","format":false,"excerpt":"EQ ve filtrelerle \u00e7al\u0131\u015f\u0131rken frekans aral\u0131klar\u0131n\u0131 tan\u0131mak, bu aral\u0131klarda neler olup bitti\u011fini bilmek \u00e7ok \u00f6nemlidir. \u0130nsan kula\u011f\u0131n\u0131n duydu\u011fu frekans aral\u0131\u011f\u0131 teorik olarak 20 Hz ile 20 kHz olarak kabul edilir. Teorik olarak diyorum \u00e7\u00fcnk\u00fc \u00f6zellikle \u00fcst frekanslar\u0131n duyumu ki\u015fiden ki\u015fiye de\u011fi\u015fiyor. Bunda ya\u015f ve duyum \u00fczerindeki hasarlar da \u00f6nemli rol\u2026","rel":"","context":"In &quot;M\u00fczik Prod\u00fcksiyonu&quot;","img":{"alt_text":"","src":"https:\/\/i0.wp.com\/www.ufukonen.com\/tr\/wp-content\/uploads\/Frekans_Araliklari_2019_1280x720.jpg?resize=350%2C200&ssl=1","width":350,"height":200},"classes":[]}],"_links":{"self":[{"href":"https:\/\/www.ufukonen.com\/tr\/wp-json\/wp\/v2\/posts\/7279"}],"collection":[{"href":"https:\/\/www.ufukonen.com\/tr\/wp-json\/wp\/v2\/posts"}],"about":[{"href":"https:\/\/www.ufukonen.com\/tr\/wp-json\/wp\/v2\/types\/post"}],"author":[{"embeddable":true,"href":"https:\/\/www.ufukonen.com\/tr\/wp-json\/wp\/v2\/users\/2"}],"replies":[{"embeddable":true,"href":"https:\/\/www.ufukonen.com\/tr\/wp-json\/wp\/v2\/comments?post=7279"}],"version-history":[{"count":3,"href":"https:\/\/www.ufukonen.com\/tr\/wp-json\/wp\/v2\/posts\/7279\/revisions"}],"predecessor-version":[{"id":7294,"href":"https:\/\/www.ufukonen.com\/tr\/wp-json\/wp\/v2\/posts\/7279\/revisions\/7294"}],"wp:featuredmedia":[{"embeddable":true,"href":"https:\/\/www.ufukonen.com\/tr\/wp-json\/wp\/v2\/media\/7292"}],"wp:attachment":[{"href":"https:\/\/www.ufukonen.com\/tr\/wp-json\/wp\/v2\/media?parent=7279"}],"wp:term":[{"taxonomy":"category","embeddable":true,"href":"https:\/\/www.ufukonen.com\/tr\/wp-json\/wp\/v2\/categories?post=7279"},{"taxonomy":"post_tag","embeddable":true,"href":"https:\/\/www.ufukonen.com\/tr\/wp-json\/wp\/v2\/tags?post=7279"}],"curies":[{"name":"wp","href":"https:\/\/api.w.org\/{rel}","templated":true}]}}