{"id":7280,"date":"2022-03-28T01:00:00","date_gmt":"2022-03-27T22:00:00","guid":{"rendered":"https:\/\/www.ufukonen.com\/tr\/?p=7280"},"modified":"2022-06-28T00:41:07","modified_gmt":"2022-06-27T21:41:07","slug":"deesser-sadece-vokal-kanalinda-mi-kullanilir","status":"publish","type":"post","link":"https:\/\/www.ufukonen.com\/tr\/deesser-sadece-vokal-kanalinda-mi-kullanilir.html","title":{"rendered":"De-Esser Sadece Vokal Kanal\u0131nda m\u0131 Kullan\u0131l\u0131r?"},"content":{"rendered":"\n<p>Bir\u00e7ok insan de-esser&#8217;\u0131n sadece vokal kanallar\u0131nda kullan\u0131ld\u0131\u011f\u0131n\u0131 d\u00fc\u015f\u00fcn\u00fcyor. De-esser dedi\u011fimizde ilk akla gelenin vokal olmas\u0131 normal ancak de-esser kullan\u0131m\u0131 sadece vokal ile s\u0131n\u0131rl\u0131 de\u011fil. De-esser&#8217;\u0131 farkl\u0131 ama\u00e7larla kullanmak m\u00fcmk\u00fcn.<\/p>\n\n\n\n<p>\u00d6rneklere ge\u00e7meden \u00f6nce, e\u011fer daha \u00f6nce okumad\u0131ysan\u0131z, de-essing ve sibilans \u00fczerine yazd\u0131\u011f\u0131m &#8220;<a href=\"https:\/\/www.ufukonen.com\/tr\/de-esser-nedir-nasil-kullanilir.html\" data-type=\"post\" data-id=\"5997\" target=\"_blank\" rel=\"noreferrer noopener\">De-esser Nedir ve Nas\u0131l Kullan\u0131l\u0131r?<\/a>&#8221; ba\u015fl\u0131kl\u0131 makalemi okuman\u0131z\u0131 tavsiye ederim.<\/p>\n\n\n\n<p>\u015eimdi ge\u00e7elim \u00f6rneklere\u2026<\/p>\n\n\n\n<div style=\"height:25px\" aria-hidden=\"true\" class=\"wp-block-spacer\"><\/div>\n\n\n\n<h3>Gitar<\/h3>\n\n\n\n<p>Elektro-gitar\u0131n \u00fcst mid ve \u00fcst frekanslar\u0131 yer yer \u00e7ok y\u0131rt\u0131c\u0131 olabiliyor. Bu, \u00f6zellikle distortion tonlar\u0131nda kar\u015f\u0131la\u015ft\u0131\u011f\u0131m\u0131z bir durum. Bu arada, &#8216;y\u0131rt\u0131c\u0131&#8217; derken tonun tamam\u0131n\u0131n &#8216;y\u0131rt\u0131c\u0131&#8217; veya &#8216;sert&#8217; olmas\u0131ndan bahsetmiyorum. Kast etti\u011fim, zaman zaman tonun ve gitar sound&#8217;unun i\u00e7inden f\u0131rlayan istenmeyen k\u0131s\u0131mlar.<\/p>\n\n\n\n<p>Bunlar\u0131 bir EQ ile keserseniz tonun tamam\u0131na m\u00fcdahale etmi\u015f olursunuz. Onun yerine bir de-esser kullanarak zaman zaman \u00f6ne \u00e7\u0131kan bu istenmeyen noktalardan kurtulabilir ya da bu noktalar\u0131n seviyelerini azaltabilirsiniz.<\/p>\n\n\n\n<p>Benzer bir uygulamay\u0131 akustik gitarlar i\u00e7in de deneyebilirsiniz.<\/p>\n\n\n\n<p>De-esser&#8217;\u0131 duruma g\u00f6re split-band veya wide-band olarak kullanabilirsiniz. Deneyip karar vermek gerekiyor.<\/p>\n\n\n\n<div style=\"height:25px\" aria-hidden=\"true\" class=\"wp-block-spacer\"><\/div>\n\n\n\n<h3>Ziller<\/h3>\n\n\n\n<p>Hi-hat, crash, ride\u2026 Davul kitinin par\u00e7as\u0131 bu ziller bazen yer yer kula\u011fa \u00e7ok sert ve y\u0131rt\u0131c\u0131 gelebiliyor. T\u0131pk\u0131 gitarda oldu\u011fu gibi, bu sertli\u011fi veya y\u0131rt\u0131c\u0131l\u0131\u011f\u0131 EQ ile azalt\u0131rsan\u0131z davulun genel tonuna m\u00fcdahale etmi\u015f olursunuz. Bu da tabii istemedi\u011fimiz bir \u015fet. B\u00f6yle bir durumda bir de-esser kullanarak yer yer ortaya \u00e7\u0131kan kulak t\u0131rmalay\u0131c\u0131 noktalar\u0131n seviyesini azaltabilirsiniz.<\/p>\n\n\n\n<p>Ziller i\u00e7in de-esser kullan\u0131m\u0131nda genellikle split-band \u00e7ok daha iyi sonu\u00e7 veriyor.<\/p>\n\n\n\n<div style=\"height:25px\" aria-hidden=\"true\" class=\"wp-block-spacer\"><\/div>\n\n\n\n<h3>Synthesizer<\/h3>\n\n\n\n<p>\u00d6zellikle \u00fcst \u00fcste binen dijital synthesizer gruplar\u0131nda \u00fcst frekans dengesi yer yer kulak t\u0131rmal\u0131y\u0131c\u0131 olabiliyor. B\u00f6yle bir durumda bir de-esser yard\u0131m\u0131 ile bu kulak t\u0131rmal\u0131y\u0131c\u0131l\u0131\u011f\u0131 azaltmak m\u00fcmk\u00fcn. 6-7 kHz ve \u00fcst\u00fcnde kalan frekanslar\u0131 dikkatlice dinleyin ve de-esser&#8217;\u0131n frekans ayar\u0131n\u0131 en problemli noktaya g\u00f6re yap\u0131n.<\/p>\n\n\n\n<p>Synthesizer gruplar\u0131 frekans aral\u0131\u011f\u0131 olarak olduk\u00e7a geni\u015f bir alan kaplad\u0131\u011f\u0131ndan de-esser kullan\u0131m\u0131nda genellikle split-band \u00e7ok daha iyi sonu\u00e7 veriyor. Elbette duruma g\u00f6re wide-band modunu da deneyebilirsiniz.<\/p>\n\n\n\n<div style=\"height:25px\" aria-hidden=\"true\" class=\"wp-block-spacer\"><\/div>\n\n\n\n<h3>Efektler<\/h3>\n\n\n\n<p>Herhangi bir kanal i\u00e7in kulland\u0131\u011f\u0131n\u0131z reverb, delay ve benzeri efektler sesteki kulak t\u0131rmal\u0131y\u0131c\u0131 noktalar\u0131 daga belirgin hale getirebilir. Bunun \u00f6nlemek i\u00e7in efektin bulundu\u011fu aux kanal\u0131na, efekt plug-in&#8217;inden hemen \u00f6nce, bir de-esser plug-in&#8217;i insert edebilirsiniz.<\/p>\n\n\n\n<p>De-esser&#8217;\u0131 duruma g\u00f6re split-band veya wide-band olarak kullanabilirsiniz.<\/p>\n\n\n\n<div style=\"height:25px\" aria-hidden=\"true\" class=\"wp-block-spacer\"><\/div>\n\n\n\n<h3>Mastering<\/h3>\n\n\n\n<p>De-esser mastering s\u0131ras\u0131nda mastering m\u00fchendisleri taraf\u0131ndan da kulan\u0131lan bir ara\u00e7. De-esser, mikste yer yer \u00f6ne \u00e7\u0131kan istenmeyen \u00fcst frekans noktalar\u0131n\u0131 azaltarak miksin daha yumu\u015fak ve dolgun bir hale gelmesini sa\u011flayabiliyor. Tabii burada m\u00fcdahale t\u00fcm mikse yap\u0131ld\u0131\u011f\u0131 i\u00e7in bunu yaparken ne yapt\u0131\u011f\u0131n\u0131z\u0131 \u00e7ok iyi bilmek, bilmiyorsan\u0131z da dokunmamakta fayda var.<\/p>\n\n\n\n<div style=\"height:25px\" aria-hidden=\"true\" class=\"wp-block-spacer\"><\/div>\n\n\n\n<h3>Sonu\u00e7<\/h3>\n\n\n\n<p>Sonu\u00e7 olarak, de-esser kullan\u0131m\u0131 sadece vokallerle s\u0131n\u0131rl\u0131 de\u011fil. De-esser kullan\u0131m\u0131 sadece yukar\u0131da verdi\u011fim \u00f6rneklerle de s\u0131n\u0131rl\u0131 de\u011fil. De-esser&#8217;\u0131 daha bir\u00e7ok farkl\u0131 enstr\u00fcman i\u00e7in kullanmak m\u00fcmk\u00fcn. Deneyin!<\/p>\n\n\n\n<div style=\"height:50px\" aria-hidden=\"true\" class=\"wp-block-spacer\"><\/div>\n\n\n\n<p>Teknik terimler i\u00e7in <a href=\"http:\/\/www.ufukonen.com\/tr\/ses-kayit-muzik-teknolojisi-terimler-sozluk.html\">m\u00fczik teknolojisi, m\u00fczik prod\u00fcksiyonu ve ses kay\u0131t terimleri s\u00f6zl\u00fc\u011f\u00fcne<\/a> g\u00f6z atabilirsiniz.<\/p>\n\n\n\n<p>Benzer payla\u015f\u0131mlar i\u00e7in beni <a rel=\"noreferrer noopener\" href=\"https:\/\/www.facebook.com\/ufukonen.skmt\/\" target=\"_blank\">Facebook<\/a>, <a rel=\"noreferrer noopener\" aria-label=\"Instagram (opens in a new tab)\" href=\"https:\/\/www.instagram.com\/ufukonen\/\" target=\"_blank\">Instagram<\/a> ve <a rel=\"noreferrer noopener\" href=\"https:\/\/twitter.com\/UfukOnen\" target=\"_blank\">Twitter<\/a>&#8216;da takip edebilir, haberler i\u00e7in <a rel=\"noreferrer noopener\" href=\"http:\/\/ufukonen.com\/tr\/ses-kayit-muzik-teknolojisi-terimler-sozluk.html\" target=\"_blank\">mesaj listeme \u00fcye olabilirsiniz<\/a>. Te\u015fekk\u00fcrler.<\/p>\n\n\n\n<p>Ba\u015fl\u0131k foto\u011fraf\u0131:\u00a0<a rel=\"noreferrer noopener\" href=\"https:\/\/unsplash.com\/@randomisgood?utm_source=unsplash&amp;utm_medium=referral&amp;utm_content=creditCopyText\" target=\"_blank\">Shawn Sim<\/a>\u00a0|\u00a0<a rel=\"noreferrer noopener\" href=\"https:\/\/unsplash.com\/s\/photos\/drums?utm_source=unsplash&amp;utm_medium=referral&amp;utm_content=creditCopyText\" target=\"_blank\">Unsplash<\/a><\/p>\n\n\n\n<p>\u00a9 2022 Ufuk \u00d6nen. Her hakk\u0131 sakl\u0131d\u0131r. \u0130zinsiz kullan\u0131lamaz.<\/p>\n","protected":false},"excerpt":{"rendered":"<p class=\"post-excerpt\">Bir\u00e7ok insan de-esser&#8217;\u0131n sadece vokal kanallar\u0131nda kullan\u0131ld\u0131\u011f\u0131n\u0131 d\u00fc\u015f\u00fcn\u00fcyor. De-esser dedi\u011fimizde ilk akla gelenin vokal olmas\u0131 normal ancak de-esser kullan\u0131m\u0131 sadece&#8230;<\/p>\n","protected":false},"author":2,"featured_media":7296,"comment_status":"closed","ping_status":"open","sticky":false,"template":"","format":"standard","meta":{"_mi_skip_tracking":false,"spay_email":"","jetpack_publicize_message":"","jetpack_is_tweetstorm":false,"jetpack_publicize_feature_enabled":true},"categories":[16],"tags":[],"jetpack_featured_media_url":"https:\/\/www.ufukonen.com\/tr\/wp-content\/uploads\/Deesser_Sadece_Vokal_Kanalinda_mi_00_Header.jpg","jetpack_publicize_connections":[],"jetpack_shortlink":"https:\/\/wp.me\/p3rjsG-1Tq","jetpack_sharing_enabled":true,"jetpack-related-posts":[{"id":7673,"url":"https:\/\/www.ufukonen.com\/tr\/de-esser-mini-rehber.html","url_meta":{"origin":7280,"position":0},"title":"De-Esser: Mini Rehber","date":"October 24, 2022","format":false,"excerpt":"De-esser \u00fczerine daha \u00f6nce yazd\u0131\u011f\u0131m yaz\u0131lar\u0131 tek bir \u00e7at\u0131 alt\u0131nda toplay\u0131p bir mini rehber olu\u015fturdum. Linkleri ve a\u00e7\u0131klamalar\u0131 a\u015fa\u011f\u0131ya ekliyorum. De-esser'\u0131n \u00e7al\u0131\u015fma prensibi, \u00fczerindeki parametrelerin i\u015flevleri gibi temel bilgileri Ses Kay\u0131t ve M\u00fczik Teknolojileri adl\u0131 kitab\u0131mda bulabilirsiniz. \u0130yi okumalar! De-esser Nedir ve Nas\u0131l Kullan\u0131l\u0131r? S, \u015f, c, \u00e7, j, z\u2026","rel":"","context":"In &quot;Ses ve M\u00fczik Teknolojileri&quot;","img":{"alt_text":"","src":"https:\/\/i0.wp.com\/www.ufukonen.com\/tr\/wp-content\/uploads\/De_Esser_Mini_Rehber_00_Header.jpg?resize=350%2C200&ssl=1","width":350,"height":200},"classes":[]},{"id":7281,"url":"https:\/\/www.ufukonen.com\/tr\/kulak-tirmalamayan-tizler.html","url_meta":{"origin":7280,"position":1},"title":"Kulak T\u0131rmalamayan Tizler Elde Etmek \u0130\u00e7in 5 \u0130\u015flemci","date":"April 4, 2022","format":false,"excerpt":"\u00c7al\u0131\u015ft\u0131\u011f\u0131m\u0131z par\u00e7ada kulak t\u0131rmalayan tizler var. Standart EQ ile sorunu \u00e7\u00f6zemiyoruz. Ne yapmal\u0131y\u0131z? Bu yaz\u0131mda kulak t\u0131rmalamayan tizler elde etmek i\u00e7in be\u015f i\u015flemci \u00f6nerisinde bulunmak istiyorum. 1\/ Dinamik EQ \"Dinamik EQ\" ba\u015fl\u0131kl\u0131 makalem i\u00e7in t\u0131klay\u0131n\u0131z Dinamik EQ'nun \u00e7al\u0131\u015fma prensibini ve dinamik EQ ile multiband kompres\u00f6r\u00fcn aras\u0131ndaki fark\u0131 anlatt\u0131\u011f\u0131m yaz\u0131m\u0131 buraya\u2026","rel":"","context":"In &quot;M\u00fczik Prod\u00fcksiyonu&quot;","img":{"alt_text":"","src":"https:\/\/i0.wp.com\/www.ufukonen.com\/tr\/wp-content\/uploads\/Kulak_Tirmalamayan_Tizler_00_Header.jpg?resize=350%2C200&ssl=1","width":350,"height":200},"classes":[]},{"id":5997,"url":"https:\/\/www.ufukonen.com\/tr\/de-esser-nedir-nasil-kullanilir.html","url_meta":{"origin":7280,"position":2},"title":"De-esser Nedir ve Nas\u0131l Kullan\u0131l\u0131r?","date":"August 17, 2020","format":false,"excerpt":"De-esser nedir ve nas\u0131l kullan\u0131l\u0131r sorular\u0131n\u0131n cevaplar\u0131na ge\u00e7meden \u00f6nce 'sibilance' (sibilans) \u00fczerine birka\u00e7 sat\u0131r yazmak istiyorum. Sibilans S, \u015f, c, \u00e7, j, z gibi \u00fcns\u00fczlerin a\u015f\u0131r\u0131 vurgulanmas\u0131yla ortaya \u00e7\u0131kan ve genelde istenmeyen ve \"kulak t\u0131rmalay\u0131c\u0131\" olarak nitelendirelen sesler sibilans olarak adland\u0131r\u0131l\u0131r. Sibilans probleminin miktar\u0131 di\u015f yap\u0131s\u0131 ve benzeri sebeplerden dolay\u0131\u2026","rel":"","context":"In &quot;Ses ve M\u00fczik Teknolojileri&quot;","img":{"alt_text":"","src":"https:\/\/i0.wp.com\/www.ufukonen.com\/tr\/wp-content\/uploads\/De-esser_Header.jpg?resize=350%2C200&ssl=1","width":350,"height":200},"classes":[]},{"id":7279,"url":"https:\/\/www.ufukonen.com\/tr\/deesser-wideband-splitband.html","url_meta":{"origin":7280,"position":3},"title":"De-Esser: Wide-Band ve Split-Band Aras\u0131ndaki Fark","date":"March 21, 2022","format":false,"excerpt":"De-esser \u00fczerinde iki farkl\u0131 \u00e7al\u0131\u015fma se\u00e7ene\u011fi bulunur: Wide-band ve split-band. Bu se\u00e7ene\u011fe bazen dikkat edilmez ama asl\u0131nda g\u00f6z ard\u0131 edilmeyecek kadar \u00f6nemlidir. Wide-Band Wide-band \u00e7al\u0131\u015fma modunda de-esser, sibilans yakalad\u0131\u011f\u0131 zaman t\u00fcm sinyalin seviyesini azalt\u0131r. \u00d6rnek olarak, vokal kanal\u0131nda bir de-esser kullan\u0131yorsan\u0131z ve de-esser vokalde 7 kHz civar\u0131nda bir sibilans tespit\u2026","rel":"","context":"In &quot;Ses ve M\u00fczik Teknolojileri&quot;","img":{"alt_text":"","src":"https:\/\/i0.wp.com\/www.ufukonen.com\/tr\/wp-content\/uploads\/Deesser_Wideband_Splitband_00_Header.jpg?resize=350%2C200&ssl=1","width":350,"height":200},"classes":[]},{"id":6447,"url":"https:\/\/www.ufukonen.com\/tr\/vokal-miksi-rehber-2.html","url_meta":{"origin":7280,"position":4},"title":"Vokal Miksi i\u00e7in Mini Rehber (2. B\u00f6l\u00fcm)","date":"March 22, 2021","format":false,"excerpt":"Bu yaz\u0131mda vokal miksi i\u00e7in kullanabilece\u011finiz sekiz ba\u015fl\u0131ktan olu\u015fan bir mini rehber haz\u0131rlad\u0131m. Her ba\u015fl\u0131\u011f\u0131n alt\u0131nda ilgili yaz\u0131lar\u0131n linklerini ekledim. \u0130lk olarak 22 Mart 2021'de yay\u0131nlanm\u0131\u015f olan bu mini rehber, 8 A\u011fustos 2022, 28 Kas\u0131m 2022, 20 Mart 2023 ve 7 A\u011fustos 2025 tarihlerinde g\u00fcncellenmi\u015ftir. Filtre ve EQKompres\u00f6rEQDe-esserSidechain Kompres\u00f6r Kullan\u0131m\u0131Saturation,\u2026","rel":"","context":"In &quot;M\u00fczik Prod\u00fcksiyonu&quot;","img":{"alt_text":"","src":"https:\/\/i0.wp.com\/www.ufukonen.com\/tr\/wp-content\/uploads\/Vokal_Miksi_Mini_Rehber_00_Header.jpg?resize=350%2C200&ssl=1","width":350,"height":200},"classes":[]},{"id":8522,"url":"https:\/\/www.ufukonen.com\/tr\/vokalde-eq-kullanimi.html","url_meta":{"origin":7280,"position":5},"title":"Vokalde EQ Kullan\u0131m\u0131: Modern, Profesyonel ve Temiz Bir Ses \u0130\u00e7in \u0130pu\u00e7lar\u0131","date":"April 23, 2025","format":false,"excerpt":"Bana en \u00e7ok sorulan sorulardan biri \u015fu: \"Vokal i\u00e7in EQ ayarlar\u0131n\u0131 nas\u0131l yapmal\u0131y\u0131m?\" Hangi frekanslar\u0131 se\u00e7meli, ne kadar a\u00e7mal\u0131, ne kadar azaltmal\u0131... A\u00e7\u0131k\u00e7as\u0131 m\u00fczik prod\u00fcksiyonuna ilk ba\u015flad\u0131\u011f\u0131mda benim de en \u00e7ok merak etti\u011fim konulardan biri buydu...\u00a0 Benim m\u00fczik prod\u00fcksiyonuna ba\u015flad\u0131\u011f\u0131m zaman internet yoktu. Evet, baya\u011f\u0131 uzun bir zaman \u00f6ncesinden bahsediyoruz!\u2026","rel":"","context":"In &quot;M\u00fczik Prod\u00fcksiyonu&quot;","img":{"alt_text":"","src":"https:\/\/i0.wp.com\/www.ufukonen.com\/tr\/wp-content\/uploads\/Vokalde_EQ_Kullanimi_00_Header.jpg?resize=350%2C200&ssl=1","width":350,"height":200},"classes":[]}],"_links":{"self":[{"href":"https:\/\/www.ufukonen.com\/tr\/wp-json\/wp\/v2\/posts\/7280"}],"collection":[{"href":"https:\/\/www.ufukonen.com\/tr\/wp-json\/wp\/v2\/posts"}],"about":[{"href":"https:\/\/www.ufukonen.com\/tr\/wp-json\/wp\/v2\/types\/post"}],"author":[{"embeddable":true,"href":"https:\/\/www.ufukonen.com\/tr\/wp-json\/wp\/v2\/users\/2"}],"replies":[{"embeddable":true,"href":"https:\/\/www.ufukonen.com\/tr\/wp-json\/wp\/v2\/comments?post=7280"}],"version-history":[{"count":5,"href":"https:\/\/www.ufukonen.com\/tr\/wp-json\/wp\/v2\/posts\/7280\/revisions"}],"predecessor-version":[{"id":7295,"href":"https:\/\/www.ufukonen.com\/tr\/wp-json\/wp\/v2\/posts\/7280\/revisions\/7295"}],"wp:featuredmedia":[{"embeddable":true,"href":"https:\/\/www.ufukonen.com\/tr\/wp-json\/wp\/v2\/media\/7296"}],"wp:attachment":[{"href":"https:\/\/www.ufukonen.com\/tr\/wp-json\/wp\/v2\/media?parent=7280"}],"wp:term":[{"taxonomy":"category","embeddable":true,"href":"https:\/\/www.ufukonen.com\/tr\/wp-json\/wp\/v2\/categories?post=7280"},{"taxonomy":"post_tag","embeddable":true,"href":"https:\/\/www.ufukonen.com\/tr\/wp-json\/wp\/v2\/tags?post=7280"}],"curies":[{"name":"wp","href":"https:\/\/api.w.org\/{rel}","templated":true}]}}