{"id":7281,"date":"2022-04-04T01:00:00","date_gmt":"2022-04-03T22:00:00","guid":{"rendered":"https:\/\/www.ufukonen.com\/tr\/?p=7281"},"modified":"2022-07-01T23:59:27","modified_gmt":"2022-07-01T20:59:27","slug":"kulak-tirmalamayan-tizler","status":"publish","type":"post","link":"https:\/\/www.ufukonen.com\/tr\/kulak-tirmalamayan-tizler.html","title":{"rendered":"Kulak T\u0131rmalamayan Tizler Elde Etmek \u0130\u00e7in 5 \u0130\u015flemci"},"content":{"rendered":"\n<p>\u00c7al\u0131\u015ft\u0131\u011f\u0131m\u0131z par\u00e7ada kulak t\u0131rmalayan tizler var. Standart EQ ile sorunu \u00e7\u00f6zemiyoruz. Ne yapmal\u0131y\u0131z?<\/p>\n\n\n\n<p>Bu yaz\u0131mda kulak t\u0131rmalamayan tizler elde etmek i\u00e7in be\u015f i\u015flemci \u00f6nerisinde bulunmak istiyorum.<\/p>\n\n\n\n<div style=\"height:25px\" aria-hidden=\"true\" class=\"wp-block-spacer\"><\/div>\n\n\n\n<h3>1\/ Dinamik EQ<\/h3>\n\n\n\n<figure class=\"wp-block-image size-large\"><a href=\"https:\/\/www.ufukonen.com\/tr\/dinamik-eq.html\" target=\"_blank\" rel=\"noopener\"><img loading=\"lazy\" width=\"1024\" height=\"768\" src=\"https:\/\/www.ufukonen.com\/tr\/wp-content\/uploads\/DynamicEQ_Onen_1280px-1024x768.jpg\" alt=\"\" class=\"wp-image-3068\" srcset=\"https:\/\/www.ufukonen.com\/tr\/wp-content\/uploads\/DynamicEQ_Onen_1280px-1024x768.jpg 1024w, https:\/\/www.ufukonen.com\/tr\/wp-content\/uploads\/DynamicEQ_Onen_1280px-300x225.jpg 300w, https:\/\/www.ufukonen.com\/tr\/wp-content\/uploads\/DynamicEQ_Onen_1280px-768x576.jpg 768w, https:\/\/www.ufukonen.com\/tr\/wp-content\/uploads\/DynamicEQ_Onen_1280px.jpg 1280w\" sizes=\"(max-width: 1024px) 100vw, 1024px\" \/><\/a><figcaption><a href=\"https:\/\/www.ufukonen.com\/tr\/dinamik-eq.html\" data-type=\"post\" data-id=\"3065\" target=\"_blank\" rel=\"noreferrer noopener\">&#8220;Dinamik EQ&#8221; ba\u015fl\u0131kl\u0131 makalem i\u00e7in t\u0131klay\u0131n\u0131z<\/a><\/figcaption><\/figure>\n\n\n\n<p>Dinamik EQ&#8217;nun \u00e7al\u0131\u015fma prensibini ve dinamik EQ ile multiband kompres\u00f6r\u00fcn aras\u0131ndaki fark\u0131 anlatt\u0131\u011f\u0131m yaz\u0131m\u0131 buraya t\u0131klayarak okuyabilirsiniz: &#8220;<a href=\"https:\/\/www.ufukonen.com\/tr\/dinamik-eq.html\" data-type=\"post\" data-id=\"3065\" target=\"_blank\" rel=\"noreferrer noopener\">Dinamik EQ<\/a>&#8220;<\/p>\n\n\n\n<p>Dinamik EQ ile daha \u00f6nce \u00e7al\u0131\u015fmad\u0131ysan\u0131z ba\u015flang\u0131\u00e7 olarak \u015fu ad\u0131mlar\u0131 takip edebilirsiniz:<\/p>\n\n\n\n<ul><li>Rahats\u0131z eden frekans\u0131 tespit edin.<\/li><li>Orta bir Q de\u011feri ile 2-4 dB aras\u0131nda azaltma uygulay\u0131n.<\/li><li>Attack s\u00fcresini transient&#8217;lar ge\u00e7ecek \u015fekilde fazla h\u0131zl\u0131 olmayan, release s\u00fcresini de h\u0131zl\u0131 veya orta h\u0131zl\u0131 bir de\u011fere ayarlay\u0131n.<\/li><li>Threshold parametresini plug-in sadece ihtiya\u00e7 oldu\u011funda \u00e7al\u0131\u015facak \u015fekilde ayarlay\u0131n.<\/li><li>Ratio parametresini ise m\u00fcmk\u00fcn oldu\u011funca k\u00fc\u00e7\u00fck bir de\u011ferde tutun (bu parametre her dinamik EQ \u00fczerinde olmayabilir).<\/li><\/ul>\n\n\n\n<div style=\"height:25px\" aria-hidden=\"true\" class=\"wp-block-spacer\"><\/div>\n\n\n\n<h3>2\/ Multiband Kompres\u00f6r<\/h3>\n\n\n\n<figure class=\"wp-block-image size-full\"><a href=\"https:\/\/www.ufukonen.com\/tr\/multiband-kompresor.html\" target=\"_blank\" rel=\"noopener\"><img loading=\"lazy\" width=\"800\" height=\"426\" src=\"https:\/\/www.ufukonen.com\/tr\/wp-content\/uploads\/Multiband_Kompresor_800px.jpg\" alt=\"\" class=\"wp-image-3058\" srcset=\"https:\/\/www.ufukonen.com\/tr\/wp-content\/uploads\/Multiband_Kompresor_800px.jpg 800w, https:\/\/www.ufukonen.com\/tr\/wp-content\/uploads\/Multiband_Kompresor_800px-300x160.jpg 300w, https:\/\/www.ufukonen.com\/tr\/wp-content\/uploads\/Multiband_Kompresor_800px-768x409.jpg 768w\" sizes=\"(max-width: 800px) 100vw, 800px\" \/><\/a><figcaption><a href=\"https:\/\/www.ufukonen.com\/tr\/multiband-kompresor.html\" data-type=\"post\" data-id=\"3052\" target=\"_blank\" rel=\"noreferrer noopener\">&#8220;Multiband Kompres\u00f6r&#8221; ba\u015fl\u0131kl\u0131 makalem i\u00e7in t\u0131klay\u0131n\u0131z<\/a><\/figcaption><\/figure>\n\n\n\n<p>Multiband kompres\u00f6r\u00fcn \u00e7al\u0131\u015fma prensibini anlatt\u0131\u011f\u0131m yaz\u0131y\u0131 buraya t\u0131klayarak okuyabilirsiniz: &#8220;<a href=\"https:\/\/www.ufukonen.com\/tr\/multiband-kompresor.html\" data-type=\"post\" data-id=\"3052\" target=\"_blank\" rel=\"noreferrer noopener\">Multiband Kompres\u00f6r<\/a>&#8220;<\/p>\n\n\n\n<p>Multiband kompres\u00f6r ile tizler \u00fczerinde \u00e7ok nazik bir \u015fekilde yumu\u015fatma uygulamak m\u00fcmk\u00fcn olabiliyor. Multiband kompres\u00f6r\u00fc tek bir kanalda kullanmak da m\u00fcmk\u00fcn ama daha \u00e7ok \u0130ngilizcede submix olarak tabir edilen kanal gruplar\u0131nda daha iyi sonu\u00e7 veriyor.<\/p>\n\n\n\n<p>Bu arada, Waves StudioRack ile t\u00fcm plug-in&#8217;lerle multiband \u00e7al\u0131\u015fman\u0131n m\u00fcmk\u00fcn oldu\u011funu hat\u0131rlatay\u0131m: &#8220;<a href=\"https:\/\/www.ufukonen.com\/tr\/waves-studiorack-multiband.html\" data-type=\"post\" data-id=\"6747\" target=\"_blank\" rel=\"noreferrer noopener\">Waves StudioRack ile T\u00fcm Plug-in\u2019lerle Multiband \u00c7al\u0131\u015f\u0131n<\/a>&#8220;<\/p>\n\n\n\n<div style=\"height:25px\" aria-hidden=\"true\" class=\"wp-block-spacer\"><\/div>\n\n\n\n<h3>3\/ De-Esser<\/h3>\n\n\n\n<figure class=\"wp-block-image size-large\"><a href=\"https:\/\/www.ufukonen.com\/tr\/de-esser-nedir-nasil-kullanilir.html\" target=\"_blank\" rel=\"noopener\"><img loading=\"lazy\" width=\"1024\" height=\"576\" src=\"https:\/\/www.ufukonen.com\/tr\/wp-content\/uploads\/De-esser_Header-1024x576.jpg\" alt=\"\" class=\"wp-image-5999\" srcset=\"https:\/\/www.ufukonen.com\/tr\/wp-content\/uploads\/De-esser_Header-1024x576.jpg 1024w, https:\/\/www.ufukonen.com\/tr\/wp-content\/uploads\/De-esser_Header-300x169.jpg 300w, https:\/\/www.ufukonen.com\/tr\/wp-content\/uploads\/De-esser_Header-768x432.jpg 768w, https:\/\/www.ufukonen.com\/tr\/wp-content\/uploads\/De-esser_Header-1536x864.jpg 1536w, https:\/\/www.ufukonen.com\/tr\/wp-content\/uploads\/De-esser_Header-1140x641.jpg 1140w, https:\/\/www.ufukonen.com\/tr\/wp-content\/uploads\/De-esser_Header-552x311.jpg 552w, https:\/\/www.ufukonen.com\/tr\/wp-content\/uploads\/De-esser_Header.jpg 1920w\" sizes=\"(max-width: 1024px) 100vw, 1024px\" \/><\/a><figcaption><a href=\"https:\/\/www.ufukonen.com\/tr\/de-esser-nedir-nasil-kullanilir.html\" data-type=\"post\" data-id=\"5997\" target=\"_blank\" rel=\"noreferrer noopener\">&#8220;De-esser Nedir ve Nas\u0131l Kullan\u0131l\u0131r?&#8221; ba\u015fl\u0131kl\u0131 makalem i\u00e7in t\u0131klay\u0131n\u0131z<\/a><\/figcaption><\/figure>\n\n\n\n<p>De-Esser ile ilgili olarak daha \u00f6nce yazd\u0131\u011f\u0131m yaz\u0131lara a\u015fa\u011f\u0131daki linklerden ula\u015fabilirsiniz:<\/p>\n\n\n\n<ul><li><a rel=\"noreferrer noopener\" href=\"https:\/\/www.ufukonen.com\/tr\/de-esser-nedir-nasil-kullanilir.html\" data-type=\"post\" data-id=\"5997\" target=\"_blank\">De-esser Nedir ve Nas\u0131l Kullan\u0131l\u0131r?<\/a><\/li><li><a href=\"https:\/\/www.ufukonen.com\/tr\/deesser-wideband-splitband.html\" data-type=\"post\" data-id=\"7279\" target=\"_blank\" rel=\"noreferrer noopener\">De-Esser: Wide-Band ve Split-Band Aras\u0131ndaki Fark<\/a><\/li><li><a href=\"https:\/\/www.ufukonen.com\/tr\/deesser-sadece-vokal-kanalinda-mi-kullanilir.html\" data-type=\"post\" data-id=\"7280\" target=\"_blank\" rel=\"noreferrer noopener\">De-Esser Sadece Vokal Kanal\u0131nda m\u0131 Kullan\u0131l\u0131r?<\/a><\/li><\/ul>\n\n\n\n<p>&#8220;De-Esser Sadece Vokal Kanal\u0131nda m\u0131 Kullan\u0131l\u0131r?&#8221; ba\u015fl\u0131kl\u0131 yaz\u0131mda da belirtti\u011fim gibi, de-esser ku\u0131llan\u0131m\u0131 sadece vokallerle s\u0131n\u0131rl\u0131 de\u011fil. De-esser&#8217;\u0131 mikste enstr\u00fcmanlar i\u00e7in, hatta mastering s\u0131ras\u0131nda genel miksin \u00fczerinde bile kullanmak m\u00fcmk\u00fcn.<\/p>\n\n\n\n<div style=\"height:25px\" aria-hidden=\"true\" class=\"wp-block-spacer\"><\/div>\n\n\n\n<h3>4\/ Saturation<\/h3>\n\n\n\n<p>Saturation terimini kula\u011fa ho\u015f gelen harmoniklerin olu\u015ftu\u011fu k\u00fc\u00e7\u00fck bozulmalar (distortion) olarak tan\u0131mlayabiliriz. Analog kay\u0131t zamanlar\u0131nda sinyal bir\u00e7ok defa saturation\u2019a u\u011fruyordu: Mikrofon pre-amplifikat\u00f6rlerinin i\u00e7inde (\u00f6zellikle t\u00fcpl\u00fc mikrofon pre-amplifikat\u00f6rlerde), analog mikserlerin i\u00e7inde, analog bantlarda\u2026<\/p>\n\n\n\n<p>Dijital daha steril oldu\u011fu i\u00e7in bu k\u00fc\u00e7\u00fck bozulmalar olmuyor. Tabii bu, kula\u011f\u0131m\u0131za ho\u015f gelen, sinyalin harmonik i\u00e7eri\u011fini zanginle\u015ftiren ve sese s\u0131cakl\u0131k katan bu k\u00fc\u00e7\u00fck bozulmalardan mahrum kalaca\u011f\u0131m\u0131z anlam\u0131na gelmiyor.<\/p>\n\n\n\n<p>Saturation, analog bant em\u00fclasyon ve benzeri plug-in\u2019ler arac\u0131l\u0131\u011f\u0131 bir yandan sinyalin harmonik i\u00e7eri\u011fini zenginle\u015ftirmek di\u011fer yandan da kulak t\u0131rmalayan tizleri t\u00f6rp\u00fclemek m\u00fcmk\u00fcn.<\/p>\n\n\n\n<figure class=\"wp-block-image\"><a href=\"https:\/\/www.ufukonen.com\/tr\/analog-bant-emulasyon-plugin-1.html\" target=\"_blank\" rel=\"noreferrer noopener\"><img loading=\"lazy\" width=\"924\" height=\"520\" src=\"https:\/\/www.ufukonen.com\/tr\/wp-content\/uploads\/Analog_Bant_Emulasyon.jpg\" alt=\"\" class=\"wp-image-4903\" srcset=\"https:\/\/www.ufukonen.com\/tr\/wp-content\/uploads\/Analog_Bant_Emulasyon.jpg 924w, https:\/\/www.ufukonen.com\/tr\/wp-content\/uploads\/Analog_Bant_Emulasyon-300x169.jpg 300w, https:\/\/www.ufukonen.com\/tr\/wp-content\/uploads\/Analog_Bant_Emulasyon-768x432.jpg 768w\" sizes=\"(max-width: 924px) 100vw, 924px\" \/><\/a><figcaption><a href=\"https:\/\/www.ufukonen.com\/tr\/analog-bant-emulasyon-plugin-2.html\" data-type=\"post\" data-id=\"4895\" target=\"_blank\" rel=\"noreferrer noopener\">\u0130ki b\u00f6l\u00fcmden olu\u015fan&nbsp;&#8220;Analog Bant Em\u00fclasyon Plug-in\u2019leri&#8221; ba\u015fl\u0131kl\u0131 makalem i\u00e7in t\u0131klay\u0131n\u0131z<\/a><\/figcaption><\/figure>\n\n\n\n<div style=\"height:25px\" aria-hidden=\"true\" class=\"wp-block-spacer\"><\/div>\n\n\n\n<p>\u00dccretsiz plug-in\u2019ler i\u00e7in a\u015fa\u011f\u0131daki linkleri g\u00f6z atabilirsiniz.<\/p>\n\n\n\n<div class=\"wp-block-image\"><figure class=\"aligncenter\"><a href=\"https:\/\/www.ufukonen.com\/tr\/ucretsiz-pluginler-03.html\" target=\"_blank\" rel=\"noreferrer noopener\"><img loading=\"lazy\" width=\"600\" height=\"600\" src=\"https:\/\/www.ufukonen.com\/tr\/wp-content\/uploads\/Ucretsiz_Pluginler_03s.jpg\" alt=\"\" class=\"wp-image-2433\" srcset=\"https:\/\/www.ufukonen.com\/tr\/wp-content\/uploads\/Ucretsiz_Pluginler_03s.jpg 600w, https:\/\/www.ufukonen.com\/tr\/wp-content\/uploads\/Ucretsiz_Pluginler_03s-150x150.jpg 150w, https:\/\/www.ufukonen.com\/tr\/wp-content\/uploads\/Ucretsiz_Pluginler_03s-300x300.jpg 300w\" sizes=\"(max-width: 600px) 100vw, 600px\" \/><\/a><figcaption>Yaz\u0131:&nbsp;<a rel=\"noreferrer noopener\" href=\"https:\/\/www.ufukonen.com\/tr\/ucretsiz-pluginler-03.html\" target=\"_blank\">\u00dccretsiz Plug-in\u2019ler (03)<\/a><\/figcaption><\/figure><\/div>\n\n\n\n<div class=\"wp-block-image\"><figure class=\"aligncenter\"><a href=\"https:\/\/www.ufukonen.com\/tr\/ucretsiz-pluginler-05.html\" target=\"_blank\" rel=\"noreferrer noopener\"><img loading=\"lazy\" width=\"600\" height=\"600\" src=\"https:\/\/www.ufukonen.com\/tr\/wp-content\/uploads\/Ucretsiz_Pluginler_05s.jpg\" alt=\"\" class=\"wp-image-2602\" srcset=\"https:\/\/www.ufukonen.com\/tr\/wp-content\/uploads\/Ucretsiz_Pluginler_05s.jpg 600w, https:\/\/www.ufukonen.com\/tr\/wp-content\/uploads\/Ucretsiz_Pluginler_05s-150x150.jpg 150w, https:\/\/www.ufukonen.com\/tr\/wp-content\/uploads\/Ucretsiz_Pluginler_05s-300x300.jpg 300w\" sizes=\"(max-width: 600px) 100vw, 600px\" \/><\/a><figcaption>Yaz\u0131:&nbsp;<a rel=\"noreferrer noopener\" href=\"https:\/\/www.ufukonen.com\/tr\/ucretsiz-pluginler-05.html\" target=\"_blank\">\u00dccretsiz Plug-in\u2019ler (05)<\/a><\/figcaption><\/figure><\/div>\n\n\n\n<div class=\"wp-block-image\"><figure class=\"aligncenter\"><a href=\"https:\/\/www.ufukonen.com\/tr\/ucretsiz-pluginler-09.html\" target=\"_blank\" rel=\"noreferrer noopener\"><img loading=\"lazy\" width=\"600\" height=\"600\" src=\"https:\/\/www.ufukonen.com\/tr\/wp-content\/uploads\/Ucretsiz_Pluginler_09s.jpg\" alt=\"\" class=\"wp-image-3102\" srcset=\"https:\/\/www.ufukonen.com\/tr\/wp-content\/uploads\/Ucretsiz_Pluginler_09s.jpg 600w, https:\/\/www.ufukonen.com\/tr\/wp-content\/uploads\/Ucretsiz_Pluginler_09s-150x150.jpg 150w, https:\/\/www.ufukonen.com\/tr\/wp-content\/uploads\/Ucretsiz_Pluginler_09s-300x300.jpg 300w\" sizes=\"(max-width: 600px) 100vw, 600px\" \/><\/a><figcaption>Yaz\u0131:&nbsp;<a rel=\"noreferrer noopener\" href=\"https:\/\/www.ufukonen.com\/tr\/ucretsiz-pluginler-09.html\" target=\"_blank\">\u00dccretsiz Plug-in\u2019ler (09)<\/a><\/figcaption><\/figure><\/div>\n\n\n\n<div style=\"height:25px\" aria-hidden=\"true\" class=\"wp-block-spacer\"><\/div>\n\n\n\n<h3>5\/ \u00d6zel Plug-in&#8217;ler<\/h3>\n\n\n\n<p>Bu kategorideki en pop\u00fcler plug-in muhtemelen Soothe (Oeksound). Soothe, bir dinamik rezonans bask\u0131lay\u0131c\u0131. Sinyaldeki problemli rezonans noktalar\u0131n\u0131 tespit ediyor ve bunlara azaltma uyguluyor. Vokal, enstr\u00fcman ya da herhangi bir sesteki kulak y\u0131rt\u0131c\u0131 tizleri ve parlakl\u0131\u011f\u0131 azalt\u0131yor.<\/p>\n\n\n\n<figure class=\"wp-block-image size-large\"><img loading=\"lazy\" width=\"1024\" height=\"573\" src=\"https:\/\/www.ufukonen.com\/tr\/wp-content\/uploads\/Kulak_Tirmalamayan_Tizler_01-1024x573.jpg\" alt=\"\" class=\"wp-image-7301\" srcset=\"https:\/\/www.ufukonen.com\/tr\/wp-content\/uploads\/Kulak_Tirmalamayan_Tizler_01-1024x573.jpg 1024w, https:\/\/www.ufukonen.com\/tr\/wp-content\/uploads\/Kulak_Tirmalamayan_Tizler_01-300x168.jpg 300w, https:\/\/www.ufukonen.com\/tr\/wp-content\/uploads\/Kulak_Tirmalamayan_Tizler_01-768x430.jpg 768w, https:\/\/www.ufukonen.com\/tr\/wp-content\/uploads\/Kulak_Tirmalamayan_Tizler_01-1140x638.jpg 1140w, https:\/\/www.ufukonen.com\/tr\/wp-content\/uploads\/Kulak_Tirmalamayan_Tizler_01-552x309.jpg 552w, https:\/\/www.ufukonen.com\/tr\/wp-content\/uploads\/Kulak_Tirmalamayan_Tizler_01.jpg 1280w\" sizes=\"(max-width: 1024px) 100vw, 1024px\" \/><\/figure>\n\n\n\n<div style=\"height:50px\" aria-hidden=\"true\" class=\"wp-block-spacer\"><\/div>\n\n\n\n<p>Teknik terimler i\u00e7in <a href=\"http:\/\/www.ufukonen.com\/tr\/ses-kayit-muzik-teknolojisi-terimler-sozluk.html\">m\u00fczik teknolojisi, m\u00fczik prod\u00fcksiyonu ve ses kay\u0131t terimleri s\u00f6zl\u00fc\u011f\u00fcne<\/a> g\u00f6z atabilirsiniz.<\/p>\n\n\n\n<p>Benzer payla\u015f\u0131mlar i\u00e7in beni <a rel=\"noreferrer noopener\" href=\"https:\/\/www.facebook.com\/ufukonen.skmt\/\" target=\"_blank\">Facebook<\/a>, <a rel=\"noreferrer noopener\" aria-label=\"Instagram (opens in a new tab)\" href=\"https:\/\/www.instagram.com\/ufukonen\/\" target=\"_blank\">Instagram<\/a> ve <a rel=\"noreferrer noopener\" href=\"https:\/\/twitter.com\/UfukOnen\" target=\"_blank\">Twitter<\/a>&#8216;da takip edebilir, haberler i\u00e7in <a rel=\"noreferrer noopener\" href=\"http:\/\/ufukonen.com\/tr\/ses-kayit-muzik-teknolojisi-terimler-sozluk.html\" target=\"_blank\">mesaj listeme \u00fcye olabilirsiniz<\/a>. Te\u015fekk\u00fcrler.<\/p>\n\n\n\n<p>Ba\u015fl\u0131k foto\u011fraf\u0131:&nbsp;<a rel=\"noreferrer noopener\" href=\"https:\/\/unsplash.com\/@rexcuando?utm_source=unsplash&amp;utm_medium=referral&amp;utm_content=creditCopyText\" target=\"_blank\">Eric Nopanen<\/a>&nbsp;|&nbsp;<a rel=\"noreferrer noopener\" href=\"https:\/\/unsplash.com\/?utm_source=unsplash&amp;utm_medium=referral&amp;utm_content=creditCopyText\" target=\"_blank\">Unsplash<\/a><\/p>\n\n\n\n<p>\u00a9 2022 Ufuk \u00d6nen. Her hakk\u0131 sakl\u0131d\u0131r. \u0130zinsiz kullan\u0131lamaz.<\/p>\n","protected":false},"excerpt":{"rendered":"<p class=\"post-excerpt\">\u00c7al\u0131\u015ft\u0131\u011f\u0131m\u0131z par\u00e7ada kulak t\u0131rmalayan tizler var. Standart EQ ile sorunu \u00e7\u00f6zemiyoruz. Ne yapmal\u0131y\u0131z? Bu yaz\u0131mda kulak t\u0131rmalamayan tizler elde etmek&#8230;<\/p>\n","protected":false},"author":2,"featured_media":7299,"comment_status":"closed","ping_status":"open","sticky":false,"template":"","format":"standard","meta":{"_mi_skip_tracking":false,"spay_email":"","jetpack_publicize_message":"","jetpack_is_tweetstorm":false,"jetpack_publicize_feature_enabled":true},"categories":[16],"tags":[],"jetpack_featured_media_url":"https:\/\/www.ufukonen.com\/tr\/wp-content\/uploads\/Kulak_Tirmalamayan_Tizler_00_Header.jpg","jetpack_publicize_connections":[],"jetpack_shortlink":"https:\/\/wp.me\/p3rjsG-1Tr","jetpack_sharing_enabled":true,"jetpack-related-posts":[{"id":3065,"url":"https:\/\/www.ufukonen.com\/tr\/dinamik-eq.html","url_meta":{"origin":7281,"position":0},"title":"Dinamik EQ","date":"June 5, 2017","format":false,"excerpt":"EQ, \u00f6zellikle parametrik EQ, \u00e7ok g\u00fc\u00e7l\u00fc fakat statik bir ses i\u015fleme arac\u0131d\u0131r. G\u00fc\u00e7l\u00fcd\u00fcr \u00e7\u00fcnk\u00fc frekans, kazan\u00e7 ve Q parametrelerini kullanarak sesi istedi\u011finiz gibi \u015fekillendirmenize imkan tan\u0131r. Statik bir sinyal i\u015fleme arac\u0131d\u0131r \u00e7\u00fcnk\u00fc giri\u015f sinyalindeki de\u011fi\u015fiklikleri hesaba katmadan sesi ayn\u0131 \u015fekilde i\u015fler. EQ'nun statik olmas\u0131, her zaman de\u011filse de baz\u0131 durumlarda\u2026","rel":"","context":"In &quot;Ses ve M\u00fczik Teknolojileri&quot;","img":{"alt_text":"","src":"https:\/\/i0.wp.com\/www.ufukonen.com\/tr\/wp-content\/uploads\/DynamicEQ_Onen_1280px.jpg?resize=350%2C200&ssl=1","width":350,"height":200},"classes":[]},{"id":2787,"url":"https:\/\/www.ufukonen.com\/tr\/trainyourears-frekans-ve-eq-odakli-kulak-egitimi-programi.html","url_meta":{"origin":7281,"position":1},"title":"TrainYourEars &#8211; Frekans ve EQ Odakl\u0131 Kulak E\u011fitimi Program\u0131","date":"January 30, 2017","format":false,"excerpt":"\u00a0 TrainYourEars Nedir? \u00a0 TrainYourEars EQ Edition, Mac ve PC i\u00e7in geli\u015ftirilmi\u015f bir kulak e\u011fitim program\u0131. TrainYourEars, nota \u00fczerine kurulmu\u015f m\u00fczik kulak e\u011fitimlerinden farkl\u0131 olarak EQ ve frekanslar \u00fczerine yo\u011funla\u015f\u0131yor. Lokalizasyonuna destek verdi\u011fim TrainYourEars'\u0131n hem Mac hem de Windows versiyonlar\u0131nda T\u00fcrk\u00e7e dil se\u00e7ene\u011fi\u00a0bulunuyor. TrainYourEars, se\u00e7ti\u011finiz m\u00fczik par\u00e7as\u0131na veya bir test\u2026","rel":"","context":"In &quot;Ses ve M\u00fczik Teknolojileri&quot;","img":{"alt_text":"","src":"https:\/\/i0.wp.com\/www.ufukonen.com\/tr\/wp-content\/uploads\/TYE2_box.png?resize=350%2C200&ssl=1","width":350,"height":200},"classes":[]},{"id":7824,"url":"https:\/\/www.ufukonen.com\/tr\/2022-en-cok-okunan-2.html","url_meta":{"origin":7281,"position":2},"title":"2022 \u0130\u00e7inde En \u00c7ok Okunan Blog Yaz\u0131lar\u0131m (2. B\u00f6l\u00fcm)","date":"December 19, 2022","format":false,"excerpt":"2022\u2019yi kapat\u0131rken y\u0131l i\u00e7inde en \u00e7ok okunan blog yaz\u0131lar\u0131m\u0131 sizlerle payla\u015fmak istedim. \u0130ki liste haz\u0131rlad\u0131m: 1- \u00d6nceki y\u0131llarda (2012-2021) yay\u0131nlanm\u0131\u015f olan yaz\u0131lardan 2022 i\u00e7inde en \u00e7ok okunanlar (buraya t\u0131klayarak g\u00f6r\u00fcnt\u00fcleyebilirsiniz). 2- En \u00e7ok okunan 2022 tarihli yaz\u0131lar\u0131m (a\u015fa\u011f\u0131daki liste). Yaz\u0131lar\u0131, ba\u015fl\u0131klar\u0131n\u0131n ya da g\u00f6rsellerinin \u00fczerine t\u0131klayarak okuyabilirsiniz. G\u00f6stermi\u015f oldu\u011funuz ilgi\u2026","rel":"","context":"In &quot;Konferans&quot;","img":{"alt_text":"","src":"https:\/\/i0.wp.com\/www.ufukonen.com\/tr\/wp-content\/uploads\/2022_En_Cok_Okunan_2_00_Header.jpg?resize=350%2C200&ssl=1","width":350,"height":200},"classes":[]},{"id":7866,"url":"https:\/\/www.ufukonen.com\/tr\/mikste-frekans-cakismasi.html","url_meta":{"origin":7281,"position":3},"title":"Mikste Frekans \u00c7ak\u0131\u015fmalar\u0131n\u0131 \u00d6nlemenin 8 Yolu","date":"January 2, 2023","format":false,"excerpt":"Bu yaz\u0131mda sizlerle mikste frekans \u00e7ak\u0131\u015fmalar\u0131n\u0131 \u00f6nlemek i\u00e7in sekiz y\u00f6ntem payla\u015fmak istiyorum. Y\u00f6ntemlere ge\u00e7meden \u00f6nce frekans \u00e7ak\u0131\u015fmas\u0131n\u0131n k\u0131sa bir tan\u0131m\u0131 ile ba\u015flayal\u0131m. Frekans Maskelemesi \/ \u00c7ak\u0131\u015fmas\u0131 Miks yapan herkesin ba\u015f\u0131na gelmi\u015ftir\u2026 Bazen iki enstr\u00fcman miksin i\u00e7inde kendilerine yer bulmak i\u00e7in birbirleriyle adeta sava\u015fa tutu\u015furlar. Bu sava\u015f\u0131n arkas\u0131ndaki sebep, \u0130ngilizcedeki terimiyle\u2026","rel":"","context":"In &quot;Ses ve M\u00fczik Teknolojileri&quot;","img":{"alt_text":"","src":"https:\/\/i0.wp.com\/www.ufukonen.com\/tr\/wp-content\/uploads\/Mikste_Frekans_Cakismasi_00_Header.jpg?resize=350%2C200&ssl=1","width":350,"height":200},"classes":[]},{"id":4061,"url":"https:\/\/www.ufukonen.com\/tr\/stereo-cikis-uzerinde-sinyal-islemci.html","url_meta":{"origin":7281,"position":4},"title":"Stereo \u00c7\u0131k\u0131\u015f (Master Bus) \u00dczerinde Sinyal \u0130\u015flemci Kullan\u0131l\u0131r m\u0131?","date":"July 30, 2018","format":false,"excerpt":"Bu yaz\u0131mda sizinle 'mix bus' veya di\u011fer ad\u0131yla 'master bus' yani stereo \u00e7\u0131k\u0131\u015f \u00fczerinde plug-in ve hardware sinyal i\u015flemci kullan\u0131m\u0131 ile ilgili g\u00f6r\u00fc\u015flerimi payla\u015fmak ve birka\u00e7 tavsiyede bulunmak istiyorum. Yaz\u0131ya \u015fu soru ile ba\u015flamak hi\u00e7 fena bir fikir olmaz san\u0131r\u0131m: \"Stereo \u00e7\u0131k\u0131\u015fta plug-in veya hardware i\u015flemci kullan\u0131l\u0131r m\u0131?\" Bu soru\u2026","rel":"","context":"In &quot;M\u00fczik Prod\u00fcksiyonu&quot;","img":{"alt_text":"","src":"https:\/\/i0.wp.com\/www.ufukonen.com\/tr\/wp-content\/uploads\/Stereo_Cikis_Sinyal_\u0130slemci.jpg?resize=350%2C200&ssl=1","width":350,"height":200},"classes":[]},{"id":7643,"url":"https:\/\/www.ufukonen.com\/tr\/5-ucretsiz-eq-plugin.html","url_meta":{"origin":7281,"position":5},"title":"5 \u00dccretsiz EQ Plug-in&#8217;i","date":"October 17, 2022","format":false,"excerpt":"Blog yaz\u0131lar\u0131m\u0131 takip edenler bilir, \"\u00dccretsiz Plug-in'ler Serisi\" ba\u015fl\u0131\u011f\u0131 alt\u0131nda bug\u00fcne kadar bir\u00e7ok plug-in payla\u015ft\u0131m. Bunlar\u0131n i\u00e7inde akl\u0131n\u0131za gelebilecek her t\u00fcr ses i\u015flemci ve efekt vard\u0131\u2026 EQ, kompres\u00f6r, delay, reverb, gate, filtre ve di\u011ferleri. Bu seride payla\u015ft\u0131\u011f\u0131m \u00fccretsiz EQ plug-in'lerinin bir listesini \u00e7\u0131kard\u0131m. Bu liste i\u00e7inden \u015fahsi favorim olan be\u015f\u2026","rel":"","context":"Similar post","img":{"alt_text":"","src":"https:\/\/i0.wp.com\/www.ufukonen.com\/tr\/wp-content\/uploads\/5_Ucretsiz_EQ_Plugin_00_Header.jpg?resize=350%2C200&ssl=1","width":350,"height":200},"classes":[]}],"_links":{"self":[{"href":"https:\/\/www.ufukonen.com\/tr\/wp-json\/wp\/v2\/posts\/7281"}],"collection":[{"href":"https:\/\/www.ufukonen.com\/tr\/wp-json\/wp\/v2\/posts"}],"about":[{"href":"https:\/\/www.ufukonen.com\/tr\/wp-json\/wp\/v2\/types\/post"}],"author":[{"embeddable":true,"href":"https:\/\/www.ufukonen.com\/tr\/wp-json\/wp\/v2\/users\/2"}],"replies":[{"embeddable":true,"href":"https:\/\/www.ufukonen.com\/tr\/wp-json\/wp\/v2\/comments?post=7281"}],"version-history":[{"count":10,"href":"https:\/\/www.ufukonen.com\/tr\/wp-json\/wp\/v2\/posts\/7281\/revisions"}],"predecessor-version":[{"id":7306,"href":"https:\/\/www.ufukonen.com\/tr\/wp-json\/wp\/v2\/posts\/7281\/revisions\/7306"}],"wp:featuredmedia":[{"embeddable":true,"href":"https:\/\/www.ufukonen.com\/tr\/wp-json\/wp\/v2\/media\/7299"}],"wp:attachment":[{"href":"https:\/\/www.ufukonen.com\/tr\/wp-json\/wp\/v2\/media?parent=7281"}],"wp:term":[{"taxonomy":"category","embeddable":true,"href":"https:\/\/www.ufukonen.com\/tr\/wp-json\/wp\/v2\/categories?post=7281"},{"taxonomy":"post_tag","embeddable":true,"href":"https:\/\/www.ufukonen.com\/tr\/wp-json\/wp\/v2\/tags?post=7281"}],"curies":[{"name":"wp","href":"https:\/\/api.w.org\/{rel}","templated":true}]}}