{"id":7335,"date":"2022-04-18T01:00:00","date_gmt":"2022-04-17T22:00:00","guid":{"rendered":"https:\/\/www.ufukonen.com\/tr\/?p=7335"},"modified":"2022-09-10T14:41:02","modified_gmt":"2022-09-10T11:41:02","slug":"stereo-pan-hakkinda-her-sey","status":"publish","type":"post","link":"https:\/\/www.ufukonen.com\/tr\/stereo-pan-hakkinda-her-sey.html","title":{"rendered":"Stereo Pan Hakk\u0131nda Her \u015eey"},"content":{"rendered":"\n<p>Panorama, enstr\u00fcman ve seslerin miks i\u00e7indeki pozisyonlar\u0131d\u0131r. Standart bir stereo sistemde sol ve sa\u011f olmak \u00fczere toplam iki hoparl\u00f6r bulunur. Sa\u011f ve sol hoparl\u00f6rlerin birle\u015fimi, ya da di\u011fer bir deyi\u015fle kar\u0131\u015f\u0131m\u0131, orta (center) kanal\u0131 olu\u015fturur. Stereo sistemde sa\u011f ve sol hoparl\u00f6rlerin birle\u015fmesi ile olu\u015fturulan bu orta kanal dinleyici \u00fczerinde sanki ortada \u00fc\u00e7\u00fcnc\u00fc bir hoparl\u00f6r varm\u0131\u015f gibi bir izlenim yarat\u0131r. Bu sebepten dolay\u0131 orta kanala phantom (hayalet) center ad\u0131 verilir.<\/p>\n\n\n\n<p>1960\u2019larda, stereonun ilk \u00e7\u0131kt\u0131\u011f\u0131 y\u0131llarda, \u00e7o\u011fu insan stereo ile tam olarak ne yap\u0131lmas\u0131 ve stereonun nas\u0131l kullan\u0131lmas\u0131 gerekti\u011fini hen\u00fcz anlamam\u0131\u015f oldu\u011fundan, bir kanala, \u00f6rnek olarak sa\u011f kanala sadece enstr\u00fcmanlar\u0131, di\u011fer kanala da sadece vokalleri ya da vokallerle beraber bir veya iki enstr\u00fcman\u0131 yat\u0131r\u0131yorlard\u0131. Y\u0131llar ge\u00e7tik\u00e7e tecr\u00fcbe kazan\u0131ld\u0131 ve panoraman\u0131n geni\u015flik ve ferahl\u0131k a\u00e7\u0131s\u0131ndan miks i\u00e7in ne kadar \u00f6nemli oldu\u011fu anla\u015f\u0131ld\u0131.<\/p>\n\n\n\n<p>Bu yaz\u0131mda daha \u00f6nce stereo pan \u00fczerine yazm\u0131\u015f oldu\u011fum makaleleri tek bir \u00e7at\u0131 alt\u0131nda sizlerle payla\u015fmak istiyorum.<\/p>\n\n\n\n<div style=\"height:25px\" aria-hidden=\"true\" class=\"wp-block-spacer\"><\/div>\n\n\n\n<h3><a href=\"https:\/\/www.ufukonen.com\/tr\/pan-kurallari.html\" data-type=\"post\" data-id=\"3541\" target=\"_blank\" rel=\"noreferrer noopener\">Pan Kurallar\u0131<\/a><\/h3>\n\n\n\n<figure class=\"wp-block-image size-large\"><a href=\"https:\/\/www.ufukonen.com\/tr\/pan-kurallari.html\" target=\"_blank\" rel=\"noopener\"><img loading=\"lazy\" width=\"1024\" height=\"576\" src=\"https:\/\/www.ufukonen.com\/tr\/wp-content\/uploads\/Pan_Kurallari_1024x576-1024x576.jpg\" alt=\"\" class=\"wp-image-3542\" srcset=\"https:\/\/www.ufukonen.com\/tr\/wp-content\/uploads\/Pan_Kurallari_1024x576.jpg 1024w, https:\/\/www.ufukonen.com\/tr\/wp-content\/uploads\/Pan_Kurallari_1024x576-300x169.jpg 300w, https:\/\/www.ufukonen.com\/tr\/wp-content\/uploads\/Pan_Kurallari_1024x576-768x432.jpg 768w\" sizes=\"(max-width: 1024px) 100vw, 1024px\" \/><\/a><\/figure>\n\n\n\n<p>Sabit g\u00fc\u00e7 (constant power) prensibi ve pan kurallar\u0131.<\/p>\n\n\n\n<div style=\"height:25px\" aria-hidden=\"true\" class=\"wp-block-spacer\"><\/div>\n\n\n\n<h3><a href=\"https:\/\/www.ufukonen.com\/tr\/stereo-pan-stereo-denge-fark.html\" data-type=\"post\" data-id=\"6111\" target=\"_blank\" rel=\"noreferrer noopener\">Stereo Pan ve Stereo Denge Kontrol\u00fc Aras\u0131ndaki Fark<\/a><\/h3>\n\n\n\n<figure class=\"wp-block-image size-large\"><a href=\"https:\/\/www.ufukonen.com\/tr\/stereo-pan-stereo-denge-fark.html\" target=\"_blank\" rel=\"noopener\"><img loading=\"lazy\" width=\"1024\" height=\"576\" src=\"https:\/\/www.ufukonen.com\/tr\/wp-content\/uploads\/StereoPan_StereoDenge_00_Header-1024x576.jpg\" alt=\"\" class=\"wp-image-6133\" srcset=\"https:\/\/www.ufukonen.com\/tr\/wp-content\/uploads\/StereoPan_StereoDenge_00_Header-1024x576.jpg 1024w, https:\/\/www.ufukonen.com\/tr\/wp-content\/uploads\/StereoPan_StereoDenge_00_Header-300x169.jpg 300w, https:\/\/www.ufukonen.com\/tr\/wp-content\/uploads\/StereoPan_StereoDenge_00_Header-768x432.jpg 768w, https:\/\/www.ufukonen.com\/tr\/wp-content\/uploads\/StereoPan_StereoDenge_00_Header-1536x864.jpg 1536w, https:\/\/www.ufukonen.com\/tr\/wp-content\/uploads\/StereoPan_StereoDenge_00_Header-1140x641.jpg 1140w, https:\/\/www.ufukonen.com\/tr\/wp-content\/uploads\/StereoPan_StereoDenge_00_Header-552x311.jpg 552w, https:\/\/www.ufukonen.com\/tr\/wp-content\/uploads\/StereoPan_StereoDenge_00_Header.jpg 1920w\" sizes=\"(max-width: 1024px) 100vw, 1024px\" \/><\/a><\/figure>\n\n\n\n<p>Mono kanallar i\u00e7in pan i\u015fleyi\u015fi b\u00fct\u00fcn DAW ve mikser i\u00e7in ayn\u0131d\u0131r. Stereo kanallar i\u00e7in durum biraz daha farkl\u0131. Pan kontrol\u00fc baz\u0131 DAW\u2019larda \u201cger\u00e7ek\u201d stereo pan ayar\u0131, di\u011fer DAW\u2019larda ise stereo denge (stereo balance) ayar\u0131 yapmak i\u00e7in kullan\u0131l\u0131yor. Peki, stereo pan ve stereo denge kontrol\u00fc aras\u0131nda ne fark var?<\/p>\n\n\n\n<div style=\"height:25px\" aria-hidden=\"true\" class=\"wp-block-spacer\"><\/div>\n\n\n\n<h3><a href=\"https:\/\/www.ufukonen.com\/tr\/spectral-pan.html\" data-type=\"post\" data-id=\"6224\" target=\"_blank\" rel=\"noreferrer noopener\">Spectral Pan: Frekans Bazl\u0131 Pan Tekni\u011fi<\/a><\/h3>\n\n\n\n<figure class=\"wp-block-image size-large\"><a href=\"https:\/\/www.ufukonen.com\/tr\/spectral-pan.html\" target=\"_blank\" rel=\"noopener\"><img loading=\"lazy\" width=\"1024\" height=\"576\" src=\"https:\/\/www.ufukonen.com\/tr\/wp-content\/uploads\/SpectralPan_00_Header-1024x576.jpg\" alt=\"\" class=\"wp-image-6233\" srcset=\"https:\/\/www.ufukonen.com\/tr\/wp-content\/uploads\/SpectralPan_00_Header-1024x576.jpg 1024w, https:\/\/www.ufukonen.com\/tr\/wp-content\/uploads\/SpectralPan_00_Header-300x169.jpg 300w, https:\/\/www.ufukonen.com\/tr\/wp-content\/uploads\/SpectralPan_00_Header-768x432.jpg 768w, https:\/\/www.ufukonen.com\/tr\/wp-content\/uploads\/SpectralPan_00_Header-1536x864.jpg 1536w, https:\/\/www.ufukonen.com\/tr\/wp-content\/uploads\/SpectralPan_00_Header-1140x641.jpg 1140w, https:\/\/www.ufukonen.com\/tr\/wp-content\/uploads\/SpectralPan_00_Header-552x311.jpg 552w, https:\/\/www.ufukonen.com\/tr\/wp-content\/uploads\/SpectralPan_00_Header.jpg 1920w\" sizes=\"(max-width: 1024px) 100vw, 1024px\" \/><\/a><\/figure>\n\n\n\n<p>\u201cGeleneksel\u201d teknikler kullanarak stereo panorama i\u00e7inde bir sinyalin konumunu ayarlarken frekans i\u00e7eri\u011fi dikkate al\u0131nm\u0131yor. Frekans bazl\u0131 pan tekni\u011finde ise sinyali farkl\u0131 frekans aral\u0131klar\u0131na ay\u0131r\u0131p, bu aral\u0131klar\u0131 stereo panorama i\u00e7inde farkl\u0131 noktalara konumland\u0131rmak m\u00fcmk\u00fcn.<\/p>\n\n\n\n<div style=\"height:25px\" aria-hidden=\"true\" class=\"wp-block-spacer\"><\/div>\n\n\n\n<h3><a href=\"https:\/\/www.ufukonen.com\/tr\/mikste-stereo-panorama-ile-ilgili-birkac-not-1-bolum.html\" data-type=\"post\" data-id=\"3757\" target=\"_blank\" rel=\"noreferrer noopener\">Mikste Stereo Panorama \u0130le \u0130lgili Birka\u00e7 Not<\/a><\/h3>\n\n\n\n<figure class=\"wp-block-image size-large\"><a href=\"https:\/\/www.ufukonen.com\/tr\/mikste-stereo-panorama-ile-ilgili-birkac-not-1-bolum.html\" target=\"_blank\" rel=\"noopener\"><img loading=\"lazy\" width=\"1024\" height=\"576\" src=\"https:\/\/www.ufukonen.com\/tr\/wp-content\/uploads\/Mikste_Stereo_Panorama_01-1024x576.jpg\" alt=\"\" class=\"wp-image-3768\" srcset=\"https:\/\/www.ufukonen.com\/tr\/wp-content\/uploads\/Mikste_Stereo_Panorama_01-1024x576.jpg 1024w, https:\/\/www.ufukonen.com\/tr\/wp-content\/uploads\/Mikste_Stereo_Panorama_01-300x169.jpg 300w, https:\/\/www.ufukonen.com\/tr\/wp-content\/uploads\/Mikste_Stereo_Panorama_01-768x432.jpg 768w, https:\/\/www.ufukonen.com\/tr\/wp-content\/uploads\/Mikste_Stereo_Panorama_01.jpg 1280w\" sizes=\"(max-width: 1024px) 100vw, 1024px\" \/><\/a><\/figure>\n\n\n\n<p>Vokal, bas gitar, davul, stereo \u00e7\u0131k\u0131\u015fl\u0131 elektronik enstr\u00fcmanlar ve stereo kay\u0131tl\u0131 akustik enstr\u00fcmanlar\u2026 Mikste bu enstr\u00fcmanlar\u0131n stereo panorama i\u00e7inde da\u011f\u0131l\u0131mlar\u0131 ile ilgili birka\u00e7 not ve d\u00fc\u015f\u00fcnce.<\/p>\n\n\n\n<div style=\"height:25px\" aria-hidden=\"true\" class=\"wp-block-spacer\"><\/div>\n\n\n\n<h3><a href=\"https:\/\/www.ufukonen.com\/tr\/daw-stereo-pan-kontrol.html\" data-type=\"post\" data-id=\"6112\" target=\"_blank\" rel=\"noreferrer noopener\">Cubase, Studio One ve Logic \u0130\u00e7in \u201cGer\u00e7ek\u201d Stereo Pan Kontrol\u00fc<\/a><\/h3>\n\n\n\n<figure class=\"wp-block-image size-large\"><a href=\"https:\/\/www.ufukonen.com\/tr\/daw-stereo-pan-kontrol.html\" target=\"_blank\" rel=\"noopener\"><img loading=\"lazy\" width=\"1024\" height=\"576\" src=\"https:\/\/www.ufukonen.com\/tr\/wp-content\/uploads\/DAW_Gercek_Pan_Kontrol_00_Header-1024x576.jpg\" alt=\"\" class=\"wp-image-6135\" srcset=\"https:\/\/www.ufukonen.com\/tr\/wp-content\/uploads\/DAW_Gercek_Pan_Kontrol_00_Header-1024x576.jpg 1024w, https:\/\/www.ufukonen.com\/tr\/wp-content\/uploads\/DAW_Gercek_Pan_Kontrol_00_Header-300x169.jpg 300w, https:\/\/www.ufukonen.com\/tr\/wp-content\/uploads\/DAW_Gercek_Pan_Kontrol_00_Header-768x432.jpg 768w, https:\/\/www.ufukonen.com\/tr\/wp-content\/uploads\/DAW_Gercek_Pan_Kontrol_00_Header-1536x864.jpg 1536w, https:\/\/www.ufukonen.com\/tr\/wp-content\/uploads\/DAW_Gercek_Pan_Kontrol_00_Header-1140x641.jpg 1140w, https:\/\/www.ufukonen.com\/tr\/wp-content\/uploads\/DAW_Gercek_Pan_Kontrol_00_Header-552x311.jpg 552w, https:\/\/www.ufukonen.com\/tr\/wp-content\/uploads\/DAW_Gercek_Pan_Kontrol_00_Header.jpg 1911w\" sizes=\"(max-width: 1024px) 100vw, 1024px\" \/><\/a><\/figure>\n\n\n\n<p>Cubase, Studio One ve Logic i\u00e7inde bulunan mikserlerde stereo kanallar i\u00e7in standart olarak bir adet pan kontrol\u00fc oldu\u011funu g\u00f6r\u00fcyoruz. Bununla sadece stereo denge kontrol\u00fc yapabiliyorsunuz. Peki, bu DAW\u2019lar i\u00e7inde ger\u00e7ek stereo pan kontrol\u00fc yapmak m\u00fcmk\u00fcn m\u00fcd\u00fcr? Evet, m\u00fcmk\u00fcn! Nas\u0131l oldu\u011funa hemen bakal\u0131m\u2026<\/p>\n\n\n\n<div style=\"height:50px\" aria-hidden=\"true\" class=\"wp-block-spacer\"><\/div>\n\n\n\n<p>Teknik terimler i\u00e7in <a href=\"http:\/\/www.ufukonen.com\/tr\/ses-kayit-muzik-teknolojisi-terimler-sozluk.html\">m\u00fczik teknolojisi, m\u00fczik prod\u00fcksiyonu ve ses kay\u0131t terimleri s\u00f6zl\u00fc\u011f\u00fcne<\/a> g\u00f6z atabilirsiniz.<\/p>\n\n\n\n<p>Benzer payla\u015f\u0131mlar i\u00e7in beni <a rel=\"noreferrer noopener\" href=\"https:\/\/www.facebook.com\/ufukonen.skmt\/\" target=\"_blank\">Facebook<\/a>, <a rel=\"noreferrer noopener\" aria-label=\"Instagram (opens in a new tab)\" href=\"https:\/\/www.instagram.com\/ufukonen\/\" target=\"_blank\">Instagram<\/a> ve <a rel=\"noreferrer noopener\" href=\"https:\/\/twitter.com\/UfukOnen\" target=\"_blank\">Twitter<\/a>&#8216;da takip edebilir, haberler i\u00e7in <a rel=\"noreferrer noopener\" href=\"http:\/\/ufukonen.com\/tr\/ses-kayit-muzik-teknolojisi-terimler-sozluk.html\" target=\"_blank\">mesaj listeme \u00fcye olabilirsiniz<\/a>. Te\u015fekk\u00fcrler.<\/p>\n\n\n\n<p>Ba\u015fl\u0131k foto\u011fraf\u0131: <a rel=\"noreferrer noopener\" href=\"https:\/\/pixabay.com\/users\/thorstenf-7677369\/?utm_source=link-attribution&amp;utm_medium=referral&amp;utm_campaign=image&amp;utm_content=4197733\" target=\"_blank\">Thorsten Frenzel<\/a> | <a rel=\"noreferrer noopener\" href=\"https:\/\/pixabay.com\/?utm_source=link-attribution&amp;utm_medium=referral&amp;utm_campaign=image&amp;utm_content=4197733\" target=\"_blank\">Pixabay<\/a><\/p>\n\n\n\n<p>\u00a9 2022 Ufuk \u00d6nen. Her hakk\u0131 sakl\u0131d\u0131r. \u0130zinsiz kullan\u0131lamaz.<\/p>\n","protected":false},"excerpt":{"rendered":"<p class=\"post-excerpt\">Panorama, enstr\u00fcman ve seslerin miks i\u00e7indeki pozisyonlar\u0131d\u0131r. Standart bir stereo sistemde sol ve sa\u011f olmak \u00fczere toplam iki hoparl\u00f6r bulunur&#8230;.<\/p>\n","protected":false},"author":2,"featured_media":7344,"comment_status":"closed","ping_status":"open","sticky":false,"template":"","format":"standard","meta":{"_mi_skip_tracking":false,"spay_email":"","jetpack_publicize_message":"","jetpack_is_tweetstorm":false,"jetpack_publicize_feature_enabled":true},"categories":[18],"tags":[],"jetpack_featured_media_url":"https:\/\/www.ufukonen.com\/tr\/wp-content\/uploads\/Stereo_Pan_Hakkinda_Her_Sey_00_Header.jpg","jetpack_publicize_connections":[],"jetpack_shortlink":"https:\/\/wp.me\/p3rjsG-1Uj","jetpack_sharing_enabled":true,"jetpack-related-posts":[{"id":3757,"url":"https:\/\/www.ufukonen.com\/tr\/mikste-stereo-panorama-ile-ilgili-birkac-not-1-bolum.html","url_meta":{"origin":7335,"position":0},"title":"Mikste Stereo Panorama \u0130le \u0130lgili Birka\u00e7 Not (1. B\u00f6l\u00fcm)","date":"March 19, 2018","format":false,"excerpt":"Stereo plaklar 1960'l\u0131 y\u0131llarda yava\u015f yava\u015f yayg\u0131nla\u015fmaya ba\u015flam\u0131\u015ft\u0131. O y\u0131llarda \u00e7o\u011fu prod\u00fckt\u00f6r ve ses kay\u0131t m\u00fchendisi stereo ile tam olarak ne yap\u0131lmas\u0131 ve stereonun nas\u0131l kullan\u0131lmas\u0131 gerekti\u011fini hen\u00fcz anlamam\u0131\u015f oldu\u011fundan, bir kanala, \u00f6rnek olarak sa\u011f kanala, sadece enstr\u00fcmanlar\u0131, di\u011fer kanala da sadece vokalleri ya da vokallerle beraber \u00f6ne \u00e7\u0131kan birka\u00e7\u2026","rel":"","context":"In &quot;M\u00fczik Prod\u00fcksiyonu&quot;","img":{"alt_text":"","src":"https:\/\/i0.wp.com\/www.ufukonen.com\/tr\/wp-content\/uploads\/Mikste_Stereo_Panorama_01.jpg?resize=350%2C200&ssl=1","width":350,"height":200},"classes":[]},{"id":3369,"url":"https:\/\/www.ufukonen.com\/tr\/sanal-gerceklik-icin-ses-ambisonics-format-b-1-bolum.html","url_meta":{"origin":7335,"position":1},"title":"Sanal Ger\u00e7eklik \u0130\u00e7in Ses: Ambisonics Format-B (1. B\u00f6l\u00fcm)","date":"October 23, 2017","format":false,"excerpt":"Ge\u00e7ti\u011fimiz son birka\u00e7 y\u0131l i\u00e7inde VR (virtual reality \/ sanal ger\u00e7eklik) uygulamalar\u0131 ve donan\u0131mlar\u0131 ile Facebook ve YouTube \u00fczerinde payla\u015f\u0131lan 360\u02da videolar \u00e7ok pop\u00fcler hale geldi. Durum b\u00f6yle olunca \u00fc\u00e7 boyutlu (360\u02da) ses de \u00f6nemli hale geldi. E\u011fer ses \u00fczerine \u00e7al\u0131\u015f\u0131yorsan\u0131z, \u015fu ana kadar bu d\u00fcnyaya girmemi\u015f olsan\u0131z bile yak\u0131n\u2026","rel":"","context":"In &quot;Ses ve M\u00fczik Teknolojileri&quot;","img":{"alt_text":"","src":"https:\/\/i0.wp.com\/www.ufukonen.com\/tr\/wp-content\/uploads\/Ambisonics_Virtual_Reality_1_720x405.jpg?resize=350%2C200&ssl=1","width":350,"height":200},"classes":[]},{"id":3541,"url":"https:\/\/www.ufukonen.com\/tr\/pan-kurallari.html","url_meta":{"origin":7335,"position":2},"title":"Pan Kurallar\u0131","date":"December 11, 2017","format":false,"excerpt":"Stereo \u00e7\u0131k\u0131\u015fa g\u00f6nderdi\u011fimiz bir mono sinyali sol veya sa\u011f kanala yat\u0131r\u0131rken (stereo panorama i\u00e7inde bir noktaya yerle\u015ftirirken) asl\u0131nda yapt\u0131\u011f\u0131m\u0131z i\u015f o sinyalin sol ve sa\u011f kanaldaki seviyelerini ayarlamakt\u0131r. Kula\u011fa olduk\u00e7a basite gelen bu i\u015flem prensip olarak o kadar da basit de\u011fil \u00e7\u00fcnk\u00fc bunu yapman\u0131n farkl\u0131 y\u00f6ntemleri var. Bu y\u00f6ntemler \u0130ngilizce'de\u2026","rel":"","context":"In &quot;Ses ve M\u00fczik Teknolojileri&quot;","img":{"alt_text":"","src":"https:\/\/i0.wp.com\/www.ufukonen.com\/tr\/wp-content\/uploads\/Pan_Kurallari_1024x576.jpg?resize=350%2C200&ssl=1","width":350,"height":200},"classes":[]},{"id":3759,"url":"https:\/\/www.ufukonen.com\/tr\/mikste-stereo-panorama-ile-ilgili-birkac-not-2-bolum.html","url_meta":{"origin":7335,"position":3},"title":"Mikste Stereo Panorama \u0130le \u0130lgili Birka\u00e7 Not (2. B\u00f6l\u00fcm)","date":"March 26, 2018","format":false,"excerpt":"Yaz\u0131n\u0131n ilk b\u00f6l\u00fcm\u00fcnde modern mikslerin hemen hemen hepsinde kick, trampet, bas gitar ve ana vokallerin stereo panorama i\u00e7inde orta noktaya yerle\u015ftirildi\u011fini s\u00f6ylemi\u015f daha sonra vokal ile bas gitar ve alt frekans a\u011f\u0131rl\u0131kl\u0131 enstr\u00fcmanlar hakk\u0131nda baz\u0131 g\u00f6r\u00fc\u015fler payla\u015fm\u0131\u015ft\u0131m (birinci b\u00f6l\u00fcme buraya t\u0131klayarak ula\u015fabilirsiniz). Yaz\u0131n\u0131n ikinci ve son b\u00f6l\u00fcm\u00fcnde davul, stereo \u00e7\u0131k\u0131\u015fl\u0131\u2026","rel":"","context":"In &quot;M\u00fczik Prod\u00fcksiyonu&quot;","img":{"alt_text":"","src":"https:\/\/i0.wp.com\/www.ufukonen.com\/tr\/wp-content\/uploads\/Mikste_Stereo_Panorama_02.jpg?resize=350%2C200&ssl=1","width":350,"height":200},"classes":[]},{"id":6887,"url":"https:\/\/www.ufukonen.com\/tr\/multichannel-multimono-plugin.html","url_meta":{"origin":7335,"position":4},"title":"Multichannel ve Multi-Mono Plug-in Kullan\u0131mlar\u0131 Aras\u0131ndaki Fark","date":"September 27, 2021","format":false,"excerpt":"Plug-in'ler, stereo kanallarda bir\u00e7ok ki\u015fi taraf\u0131ndan genelde multichannel olarak kullan\u0131l\u0131yor. Bu, baz\u0131lar\u0131 taraf\u0131ndan bilin\u00e7li olarak yap\u0131lan bir se\u00e7im ancak di\u011ferleri ise multi-mono ad\u0131 verilen ba\u015fka bir se\u00e7enek daha oldu\u011funun fark\u0131nda de\u011fil. Di\u011fer se\u00e7ene\u011fin fark\u0131na varanlarda ise ilk ba\u015fta bir kafa kar\u0131\u015f\u0131kl\u0131\u011f\u0131 oluyor. Multichannel ve multi-mono aras\u0131nda ne fark oldu\u011funu soruyorlar.\u2026","rel":"","context":"In &quot;Ses ve M\u00fczik Teknolojileri&quot;","img":{"alt_text":"","src":"https:\/\/i0.wp.com\/www.ufukonen.com\/tr\/wp-content\/uploads\/Multichannel_MultiMono_Plugin_00_Header.jpg?resize=350%2C200&ssl=1","width":350,"height":200},"classes":[]},{"id":6913,"url":"https:\/\/www.ufukonen.com\/tr\/split-eq-stereo-genisletme.html","url_meta":{"origin":7335,"position":5},"title":"Split EQ Tekni\u011fi \u0130le Stereo Geni\u015fletme","date":"October 4, 2021","format":false,"excerpt":"Bu yaz\u0131mda, stereo kanallar\u0131 biraz daha geni\u015f duyurabilmek i\u00e7in kulland\u0131\u011f\u0131m basit bir EQ tekni\u011fini sizlerle payla\u015fmak istiyorum. Split EQ olarak adland\u0131r\u0131lan bu tekni\u011fi uygulamak i\u00e7in stereo sinyalin sol ve sa\u011f kanallar\u0131na birbirlerinden ba\u011f\u0131ms\u0131z olarak m\u00fcdahale edebilmemiz gerekiyor. Bunun i\u00e7in de EQ plug-in'ini multichannel de\u011fil, multi-mono olarak kullanmaya ihtiya\u00e7 duyuyoruz. Plug-in'lerin\u2026","rel":"","context":"In &quot;M\u00fczik Prod\u00fcksiyonu&quot;","img":{"alt_text":"","src":"https:\/\/i0.wp.com\/www.ufukonen.com\/tr\/wp-content\/uploads\/Split_EQ_Stereo_Genisletme_00_Header.jpg?resize=350%2C200&ssl=1","width":350,"height":200},"classes":[]}],"_links":{"self":[{"href":"https:\/\/www.ufukonen.com\/tr\/wp-json\/wp\/v2\/posts\/7335"}],"collection":[{"href":"https:\/\/www.ufukonen.com\/tr\/wp-json\/wp\/v2\/posts"}],"about":[{"href":"https:\/\/www.ufukonen.com\/tr\/wp-json\/wp\/v2\/types\/post"}],"author":[{"embeddable":true,"href":"https:\/\/www.ufukonen.com\/tr\/wp-json\/wp\/v2\/users\/2"}],"replies":[{"embeddable":true,"href":"https:\/\/www.ufukonen.com\/tr\/wp-json\/wp\/v2\/comments?post=7335"}],"version-history":[{"count":8,"href":"https:\/\/www.ufukonen.com\/tr\/wp-json\/wp\/v2\/posts\/7335\/revisions"}],"predecessor-version":[{"id":7343,"href":"https:\/\/www.ufukonen.com\/tr\/wp-json\/wp\/v2\/posts\/7335\/revisions\/7343"}],"wp:featuredmedia":[{"embeddable":true,"href":"https:\/\/www.ufukonen.com\/tr\/wp-json\/wp\/v2\/media\/7344"}],"wp:attachment":[{"href":"https:\/\/www.ufukonen.com\/tr\/wp-json\/wp\/v2\/media?parent=7335"}],"wp:term":[{"taxonomy":"category","embeddable":true,"href":"https:\/\/www.ufukonen.com\/tr\/wp-json\/wp\/v2\/categories?post=7335"},{"taxonomy":"post_tag","embeddable":true,"href":"https:\/\/www.ufukonen.com\/tr\/wp-json\/wp\/v2\/tags?post=7335"}],"curies":[{"name":"wp","href":"https:\/\/api.w.org\/{rel}","templated":true}]}}