{"id":7378,"date":"2022-05-09T01:00:00","date_gmt":"2022-05-08T22:00:00","guid":{"rendered":"https:\/\/www.ufukonen.com\/tr\/?p=7378"},"modified":"2022-06-28T00:41:34","modified_gmt":"2022-06-27T21:41:34","slug":"desibel-toplama","status":"publish","type":"post","link":"https:\/\/www.ufukonen.com\/tr\/desibel-toplama.html","title":{"rendered":"Desibel Toplama"},"content":{"rendered":"\n<p>&#8220;Desibel toplama&#8221; bir blog yaz\u0131s\u0131 i\u00e7in biraz garip bir ba\u015fl\u0131k oldu. Neden bunu se\u00e7ti\u011fimi hemen a\u00e7\u0131klayay\u0131m. Son zamanlarda siteme Google \u00fczerinden gelen ziyaretlerde bu arama teriminin kullan\u0131ld\u0131\u011f\u0131n\u0131 g\u00f6r\u00fcyorum. Zaten y\u0131llar i\u00e7inde birebir g\u00f6r\u00fc\u015fmelerimde de desibel de\u011ferlerinin toplan\u0131p toplanmad\u0131\u011f\u0131 ya da nas\u0131l topland\u0131\u011f\u0131 bana defalarca soruldu. \u015eimdi hemen bu konuya a\u00e7\u0131kl\u0131k getirelim.<\/p>\n\n\n\n<div style=\"height:20px\" aria-hidden=\"true\" class=\"wp-block-spacer\"><\/div>\n\n\n\n<h3>Desibel De\u011ferleri \u0130le Basit\u00e7e Toplama \u0130\u015flemi Yap\u0131l\u0131r m\u0131?<\/h3>\n\n\n\n<p>&#8220;Desibel De\u011ferleri \u0130le Basit\u00e7e Toplama \u0130\u015flemi Yap\u0131l\u0131r m\u0131?&#8221; Bu sorunun cevab\u0131 \u00e7ok net: Hay\u0131r!<\/p>\n\n\n\n<p>Desibel ile basit\u00e7e toplama i\u015flemi yap\u0131lamaz \u00e7\u00fcnk\u00fc desibel logaritmik bir birimdir.<\/p>\n\n\n\n<p>\u00d6rnek olarak, elinizde 100 dB SPL ses \u00fcreten bir hoparl\u00f6r varsa, ayn\u0131 hoparl\u00f6rden ikinci bir tane daha ald\u0131\u011f\u0131n\u0131zda 200 dB SPL ses elde edemezsiniz! Elde edece\u011finiz ses 103 dB olacakt\u0131r.<\/p>\n\n\n\n<p>Bu ve desibel ile ilgili di\u011fer \u00f6nemli noktalar\u0131 &#8220;<a href=\"https:\/\/www.ufukonen.com\/tr\/7-maddede-desibel.html\" data-type=\"post\" data-id=\"3279\" target=\"_blank\" rel=\"noreferrer noopener\">7 Maddede Desibel<\/a>&#8221; ba\u015fl\u0131kl\u0131 yaz\u0131mda k\u0131sa ve \u00f6z olarak a\u00e7\u0131klam\u0131\u015ft\u0131m. E\u011fer desibel ile ilgili i\u00e7inize tam olarak sinmeyen noktalar varsa bu yaz\u0131y\u0131 okuman\u0131z\u0131 \u015fiddetle tavsiye ederim.<\/p>\n\n\n\n<figure class=\"wp-block-image size-large is-resized\"><a href=\"https:\/\/www.ufukonen.com\/tr\/7-maddede-desibel.html\" target=\"_blank\" rel=\"noopener\"><img loading=\"lazy\" src=\"https:\/\/www.ufukonen.com\/tr\/wp-content\/uploads\/7_maddede_desibel-1024x576.jpg\" alt=\"\" class=\"wp-image-3285\" width=\"793\" height=\"446\" srcset=\"https:\/\/www.ufukonen.com\/tr\/wp-content\/uploads\/7_maddede_desibel-1024x576.jpg 1024w, https:\/\/www.ufukonen.com\/tr\/wp-content\/uploads\/7_maddede_desibel-300x169.jpg 300w, https:\/\/www.ufukonen.com\/tr\/wp-content\/uploads\/7_maddede_desibel-768x432.jpg 768w, https:\/\/www.ufukonen.com\/tr\/wp-content\/uploads\/7_maddede_desibel.jpg 1280w\" sizes=\"(max-width: 793px) 100vw, 793px\" \/><\/a><figcaption><a rel=\"noreferrer noopener\" href=\"https:\/\/www.ufukonen.com\/tr\/7-maddede-desibel.html\" data-type=\"post\" data-id=\"3279\" target=\"_blank\">7 Maddede Desibel<\/a><\/figcaption><\/figure>\n\n\n\n<div style=\"height:20px\" aria-hidden=\"true\" class=\"wp-block-spacer\"><\/div>\n\n\n\n<h3>Desibel De\u011ferleri Nas\u0131l Toplan\u0131r?<\/h3>\n\n\n\n<p><a href=\"https:\/\/www.ufukonen.com\/tr\/ses-kayit-ve-muzik-teknolojileri.html\" data-type=\"post\" data-id=\"597\" target=\"_blank\" rel=\"noreferrer noopener\"><strong>Ses Kay\u0131t ve M\u00fczik Teknolojileri<\/strong><\/a> adl\u0131 kitab\u0131mda detayl\u0131 olarak a\u00e7\u0131klad\u0131\u011f\u0131m gibi iki veya daha fazla desibel de\u011ferini toplamak i\u00e7in bir form\u00fcl kullanmak gerekiyor.<\/p>\n\n\n\n<p>\u00d6rnek olarak, iki veya daha fazla say\u0131da farkl\u0131 ses kaynaklar\u0131 taraf\u0131ndan olu\u015fturulan ses bas\u0131n\u00e7 seviyelerinin birle\u015fimini dB SPL cinsinden hesaplamak i\u00e7in \u015fu form\u00fcl\u00fc kullanabiliriz:<\/p>\n\n\n\n<figure class=\"wp-block-image size-large\"><img loading=\"lazy\" width=\"1024\" height=\"177\" src=\"https:\/\/www.ufukonen.com\/tr\/wp-content\/uploads\/Desibel_Toplama_01-1024x177.png\" alt=\"\" class=\"wp-image-7385\" srcset=\"https:\/\/www.ufukonen.com\/tr\/wp-content\/uploads\/Desibel_Toplama_01-1024x177.png 1024w, https:\/\/www.ufukonen.com\/tr\/wp-content\/uploads\/Desibel_Toplama_01-300x52.png 300w, https:\/\/www.ufukonen.com\/tr\/wp-content\/uploads\/Desibel_Toplama_01-768x133.png 768w, https:\/\/www.ufukonen.com\/tr\/wp-content\/uploads\/Desibel_Toplama_01-1536x266.png 1536w, https:\/\/www.ufukonen.com\/tr\/wp-content\/uploads\/Desibel_Toplama_01-2048x355.png 2048w, https:\/\/www.ufukonen.com\/tr\/wp-content\/uploads\/Desibel_Toplama_01-1140x197.png 1140w, https:\/\/www.ufukonen.com\/tr\/wp-content\/uploads\/Desibel_Toplama_01-552x96.png 552w\" sizes=\"(max-width: 1024px) 100vw, 1024px\" \/><\/figure>\n\n\n\n<p>Bu form\u00fcl\u00fc kullanarak ses \u015fiddetleri 80 dB SPL, 60 dB SPL ve 75 dB SPL olan \u00fc\u00e7 farkl\u0131 ses kayna\u011f\u0131n\u0131n olu\u015fturdu\u011fu toplam ses \u015fiddetini hesaplayal\u0131m.<\/p>\n\n\n\n<figure class=\"wp-block-image size-large\"><img loading=\"lazy\" width=\"1024\" height=\"248\" src=\"https:\/\/www.ufukonen.com\/tr\/wp-content\/uploads\/Desibel_Toplama_02-1024x248.png\" alt=\"\" class=\"wp-image-7386\" srcset=\"https:\/\/www.ufukonen.com\/tr\/wp-content\/uploads\/Desibel_Toplama_02-1024x248.png 1024w, https:\/\/www.ufukonen.com\/tr\/wp-content\/uploads\/Desibel_Toplama_02-300x73.png 300w, https:\/\/www.ufukonen.com\/tr\/wp-content\/uploads\/Desibel_Toplama_02-768x186.png 768w, https:\/\/www.ufukonen.com\/tr\/wp-content\/uploads\/Desibel_Toplama_02-1536x372.png 1536w, https:\/\/www.ufukonen.com\/tr\/wp-content\/uploads\/Desibel_Toplama_02-2048x496.png 2048w, https:\/\/www.ufukonen.com\/tr\/wp-content\/uploads\/Desibel_Toplama_02-1140x276.png 1140w, https:\/\/www.ufukonen.com\/tr\/wp-content\/uploads\/Desibel_Toplama_02-552x134.png 552w\" sizes=\"(max-width: 1024px) 100vw, 1024px\" \/><\/figure>\n\n\n\n<figure class=\"wp-block-image size-large\"><a href=\"https:\/\/www.ufukonen.com\/tr\/ses-kayit-ve-muzik-teknolojileri.html\" target=\"_blank\" rel=\"noopener\"><img loading=\"lazy\" width=\"1024\" height=\"576\" src=\"https:\/\/www.ufukonen.com\/tr\/wp-content\/uploads\/Onen_SKMT_2020_color_1280x720-1024x576.jpg\" alt=\"\" class=\"wp-image-5690\" srcset=\"https:\/\/www.ufukonen.com\/tr\/wp-content\/uploads\/Onen_SKMT_2020_color_1280x720-1024x576.jpg 1024w, https:\/\/www.ufukonen.com\/tr\/wp-content\/uploads\/Onen_SKMT_2020_color_1280x720-300x169.jpg 300w, https:\/\/www.ufukonen.com\/tr\/wp-content\/uploads\/Onen_SKMT_2020_color_1280x720-768x432.jpg 768w, https:\/\/www.ufukonen.com\/tr\/wp-content\/uploads\/Onen_SKMT_2020_color_1280x720.jpg 1280w\" sizes=\"(max-width: 1024px) 100vw, 1024px\" \/><\/a><figcaption><a href=\"https:\/\/www.ufukonen.com\/tr\/ses-kayit-ve-muzik-teknolojileri.html\" data-type=\"post\" data-id=\"597\" target=\"_blank\" rel=\"noreferrer noopener\">Ses Kay\u0131t ve M\u00fczik Teknolojileri (kaynak kitap)<\/a><\/figcaption><\/figure>\n\n\n\n<div style=\"height:20px\" aria-hidden=\"true\" class=\"wp-block-spacer\"><\/div>\n\n\n\n<h3>Desibel \u0130\u00e7in Hesap Makinesi<\/h3>\n\n\n\n<p>Yukar\u0131daki \u00f6rnekte oldu\u011fu gibi form\u00fcl kullanarak desibel hesab\u0131 yapmak m\u00fcmk\u00fcn. Di\u011fer yandan bu tabii zahmetli bir i\u015f. E\u011fer hesaplamalar ile u\u011fra\u015fmak istemiyorsan\u0131z desibel de\u011ferleri i\u00e7in \u00f6zel olarak tasarlanm\u0131\u015f bir hesap makinesi kullanabilirsiniz.<\/p>\n\n\n\n<p>Web tabanl\u0131 bir hesap makinesi: <a href=\"https:\/\/www.noisemeters.com\/apps\/db-calculator\/\" target=\"_blank\" rel=\"noreferrer noopener\">Decibel Calculator<\/a> (NoiseMeters Inc.)<\/p>\n\n\n\n<p>iPhone app: <a rel=\"noreferrer noopener\" href=\"https:\/\/apps.apple.com\/tr\/app\/decibel-calculator\/id496124114\" target=\"_blank\">Decibel Calculator<\/a> (ZPP)<\/p>\n\n\n\n<div style=\"height:20px\" aria-hidden=\"true\" class=\"wp-block-spacer\"><\/div>\n\n\n\n<h3>Son Olarak<\/h3>\n\n\n\n<p>Son olarak, e\u011fer desibel kavram\u0131n\u0131 genel olarak karma\u015f\u0131k buluyorsan\u0131z &#8220;<a href=\"https:\/\/www.ufukonen.com\/tr\/desibel-nedir-karmasasi.html\" data-type=\"post\" data-id=\"6336\" target=\"_blank\" rel=\"noreferrer noopener\">Desibel Karma\u015fas\u0131&#8221; ba\u015fl\u0131kl\u0131 <\/a>yaz\u0131m\u0131 okuman\u0131z\u0131 tavsiye ederim.<\/p>\n\n\n\n<figure class=\"wp-block-image size-large\"><a href=\"https:\/\/www.ufukonen.com\/tr\/desibel-nedir-karmasasi.html\" target=\"_blank\" rel=\"noopener\"><img loading=\"lazy\" width=\"1024\" height=\"576\" src=\"https:\/\/www.ufukonen.com\/tr\/wp-content\/uploads\/Desibel_Karmasasi_00_Header-1024x576.jpg\" alt=\"\" class=\"wp-image-6341\" srcset=\"https:\/\/www.ufukonen.com\/tr\/wp-content\/uploads\/Desibel_Karmasasi_00_Header-1024x576.jpg 1024w, https:\/\/www.ufukonen.com\/tr\/wp-content\/uploads\/Desibel_Karmasasi_00_Header-300x169.jpg 300w, https:\/\/www.ufukonen.com\/tr\/wp-content\/uploads\/Desibel_Karmasasi_00_Header-768x432.jpg 768w, https:\/\/www.ufukonen.com\/tr\/wp-content\/uploads\/Desibel_Karmasasi_00_Header-1536x864.jpg 1536w, https:\/\/www.ufukonen.com\/tr\/wp-content\/uploads\/Desibel_Karmasasi_00_Header-1140x641.jpg 1140w, https:\/\/www.ufukonen.com\/tr\/wp-content\/uploads\/Desibel_Karmasasi_00_Header-552x311.jpg 552w, https:\/\/www.ufukonen.com\/tr\/wp-content\/uploads\/Desibel_Karmasasi_00_Header.jpg 1920w\" sizes=\"(max-width: 1024px) 100vw, 1024px\" \/><\/a><figcaption><a href=\"https:\/\/www.ufukonen.com\/tr\/desibel-nedir-karmasasi.html\" data-type=\"post\" data-id=\"6336\" target=\"_blank\" rel=\"noreferrer noopener\">Desibel Karma\u015fas\u0131<\/a><\/figcaption><\/figure>\n\n\n\n<div style=\"height:50px\" aria-hidden=\"true\" class=\"wp-block-spacer\"><\/div>\n\n\n\n<p><\/p>\n\n\n\n<p>Teknik terimler i\u00e7in <a href=\"http:\/\/www.ufukonen.com\/tr\/ses-kayit-muzik-teknolojisi-terimler-sozluk.html\">m\u00fczik teknolojisi, m\u00fczik prod\u00fcksiyonu ve ses kay\u0131t terimleri s\u00f6zl\u00fc\u011f\u00fcne<\/a> g\u00f6z atabilirsiniz.<\/p>\n\n\n\n<p>Benzer payla\u015f\u0131mlar i\u00e7in beni <a rel=\"noreferrer noopener\" href=\"https:\/\/www.facebook.com\/ufukonen.skmt\/\" target=\"_blank\">Facebook<\/a>, <a rel=\"noreferrer noopener\" aria-label=\"Instagram (opens in a new tab)\" href=\"https:\/\/www.instagram.com\/ufukonen\/\" target=\"_blank\">Instagram<\/a> ve <a rel=\"noreferrer noopener\" href=\"https:\/\/twitter.com\/UfukOnen\" target=\"_blank\">Twitter<\/a>&#8216;da takip edebilir, haberler i\u00e7in <a rel=\"noreferrer noopener\" href=\"http:\/\/ufukonen.com\/tr\/ses-kayit-muzik-teknolojisi-terimler-sozluk.html\" target=\"_blank\">mesaj listeme \u00fcye olabilirsiniz<\/a>. Te\u015fekk\u00fcrler.<\/p>\n\n\n\n<p>Ba\u015fl\u0131k foto\u011fraf\u0131: <a href=\"https:\/\/pixabay.com\/photos\/bookkeeping-accounting-taxes-615384\/\" target=\"_blank\" rel=\"noreferrer noopener\">Firmbee<\/a> | <a href=\"https:\/\/pixabay.com\/\" target=\"_blank\" rel=\"noreferrer noopener\">Pixabay<\/a><\/p>\n\n\n\n<p>\u00a9 2022 Ufuk \u00d6nen. Her hakk\u0131 sakl\u0131d\u0131r. \u0130zinsiz kullan\u0131lamaz.<\/p>\n","protected":false},"excerpt":{"rendered":"<p class=\"post-excerpt\">&#8220;Desibel toplama&#8221; bir blog yaz\u0131s\u0131 i\u00e7in biraz garip bir ba\u015fl\u0131k oldu. Neden bunu se\u00e7ti\u011fimi hemen a\u00e7\u0131klayay\u0131m. Son zamanlarda siteme Google&#8230;<\/p>\n","protected":false},"author":2,"featured_media":7388,"comment_status":"closed","ping_status":"open","sticky":false,"template":"","format":"standard","meta":{"_mi_skip_tracking":false,"spay_email":"","jetpack_publicize_message":"","jetpack_is_tweetstorm":false,"jetpack_publicize_feature_enabled":true},"categories":[18],"tags":[],"jetpack_featured_media_url":"https:\/\/www.ufukonen.com\/tr\/wp-content\/uploads\/Desibel_Toplama_00_Header.jpg","jetpack_publicize_connections":[],"jetpack_shortlink":"https:\/\/wp.me\/p3rjsG-1V0","jetpack_sharing_enabled":true,"jetpack-related-posts":[{"id":6336,"url":"https:\/\/www.ufukonen.com\/tr\/desibel-nedir-karmasasi.html","url_meta":{"origin":7378,"position":0},"title":"Desibel Karma\u015fas\u0131","date":"January 11, 2021","format":false,"excerpt":"Desibel (dB), bir\u00e7ok ki\u015fi i\u00e7in karma\u015f\u0131k bir kavram. \"Desibel nedir?\" diye soruldu\u011funda baz\u0131lar\u0131 \"ne oldu\u011funu biliyorum ama do\u011frusunu istersen tam olarak da bilmiyorum\" \u015feklinde cevaplar veriyorlar. Asl\u0131nda \u00e7ok da hakl\u0131lar \u00e7\u00fcnk\u00fc desibel ger\u00e7ekten karma\u015f\u0131k bir kavram... Karma\u015f\u0131k olmas\u0131n\u0131n bence \u00fc\u00e7 sebebi var. Bu sebeplere ge\u00e7meden \u00f6nce, e\u011fer okumad\u0131ysan\u0131z \"7 Maddede\u2026","rel":"","context":"In &quot;Ses ve M\u00fczik Teknolojileri&quot;","img":{"alt_text":"","src":"https:\/\/i0.wp.com\/www.ufukonen.com\/tr\/wp-content\/uploads\/Desibel_Karmasasi_00_Header.jpg?resize=350%2C200&ssl=1","width":350,"height":200},"classes":[]},{"id":3279,"url":"https:\/\/www.ufukonen.com\/tr\/7-maddede-desibel.html","url_meta":{"origin":7378,"position":1},"title":"7 Maddede Desibel","date":"September 18, 2017","format":false,"excerpt":"Desibel, ku\u015fkusuz m\u00fczik ve ses ile u\u011fra\u015fan herkesin duymu\u015f oldu\u011fu bir kelimedir. Ses cihazlar\u0131n\u0131n ve yaz\u0131l\u0131mlar\u0131n\u0131n hepsinde kar\u015f\u0131m\u0131za \u00e7\u0131kar. Bunlar\u0131 kullanan herkes desibelin ne oldu\u011funu iyi k\u00f6t\u00fc bilir. Ancak sorun \u015fu ki, iyi k\u00f6t\u00fc bilmek yetmez! Profesyonel olarak ses teknolojileri ve m\u00fczik prod\u00fcksiyonu \u00fczerine \u00e7al\u0131\u015f\u0131yorsak ya da \u00e7al\u0131\u015fmak istiyorsak, desibel\u2026","rel":"","context":"In &quot;Ses ve M\u00fczik Teknolojileri&quot;","img":{"alt_text":"","src":"https:\/\/i0.wp.com\/www.ufukonen.com\/tr\/wp-content\/uploads\/7_maddede_desibel.jpg?resize=350%2C200&ssl=1","width":350,"height":200},"classes":[]},{"id":8191,"url":"https:\/\/www.ufukonen.com\/tr\/2023-en-cok-okunan.html","url_meta":{"origin":7378,"position":2},"title":"2023 Y\u0131l\u0131nda En \u00c7ok Okunan Blog Yaz\u0131lar\u0131m","date":"December 27, 2023","format":false,"excerpt":"Blog yaz\u0131lar\u0131m\u0131 takip edenler bilirler, her senenin sonunda o y\u0131l en \u00e7ok okunan blog yaz\u0131lar\u0131m\u0131 liste haline getirip okuyucular\u0131mla payla\u015f\u0131r\u0131m. 2023 i\u00e7in de farkl\u0131 bir durum yok. Liste haz\u0131r ancak listeden \u00f6nce bu y\u0131l beni mesleki a\u00e7\u0131dan en \u00e7ok heyecanland\u0131ran geli\u015fmeyi payla\u015fmak istiyorum. 2023 y\u0131l\u0131nda beni en \u00e7ok heyecanland\u0131ran geli\u015fme,\u2026","rel":"","context":"In &quot;M\u00fczik End\u00fcstrisi&quot;","img":{"alt_text":"","src":"https:\/\/i0.wp.com\/www.ufukonen.com\/tr\/wp-content\/uploads\/2023_En_Cok_Okunan_00_Header.jpg?resize=350%2C200&ssl=1","width":350,"height":200},"classes":[]},{"id":7824,"url":"https:\/\/www.ufukonen.com\/tr\/2022-en-cok-okunan-2.html","url_meta":{"origin":7378,"position":3},"title":"2022 \u0130\u00e7inde En \u00c7ok Okunan Blog Yaz\u0131lar\u0131m (2. B\u00f6l\u00fcm)","date":"December 19, 2022","format":false,"excerpt":"2022\u2019yi kapat\u0131rken y\u0131l i\u00e7inde en \u00e7ok okunan blog yaz\u0131lar\u0131m\u0131 sizlerle payla\u015fmak istedim. \u0130ki liste haz\u0131rlad\u0131m: 1- \u00d6nceki y\u0131llarda (2012-2021) yay\u0131nlanm\u0131\u015f olan yaz\u0131lardan 2022 i\u00e7inde en \u00e7ok okunanlar (buraya t\u0131klayarak g\u00f6r\u00fcnt\u00fcleyebilirsiniz). 2- En \u00e7ok okunan 2022 tarihli yaz\u0131lar\u0131m (a\u015fa\u011f\u0131daki liste). Yaz\u0131lar\u0131, ba\u015fl\u0131klar\u0131n\u0131n ya da g\u00f6rsellerinin \u00fczerine t\u0131klayarak okuyabilirsiniz. G\u00f6stermi\u015f oldu\u011funuz ilgi\u2026","rel":"","context":"In &quot;Konferans&quot;","img":{"alt_text":"","src":"https:\/\/i0.wp.com\/www.ufukonen.com\/tr\/wp-content\/uploads\/2022_En_Cok_Okunan_2_00_Header.jpg?resize=350%2C200&ssl=1","width":350,"height":200},"classes":[]},{"id":3575,"url":"https:\/\/www.ufukonen.com\/tr\/2017-daw-anketi-sonuclari.html","url_meta":{"origin":7378,"position":4},"title":"2017 DAW Anketi Sonu\u00e7lar\u0131","date":"January 1, 2018","format":false,"excerpt":"\u00a0 Bu y\u0131l ikincisini d\u00fczenledi\u011fim DAW (Digital Audio Workstation) anketinin sonu\u00e7lar\u0131 belli oldu. 4-31 Aral\u0131k 2017 tarihleri aras\u0131nda a\u00e7\u0131k kalan ankete 1009 ki\u015fi kat\u0131ld\u0131. \u00a0 Birinci Soru: \"Kullanmakta Oldu\u011funuz DAW\" Anketin galibi 185 oy ile t\u00fcm oylar\u0131n %18.33'\u00fcn\u00fc alan Cubase (Steinberg) oldu. Onu hemen arkas\u0131ndan \u00e7ok az bir farkla Logic\u2026","rel":"","context":"In &quot;Ses ve M\u00fczik Teknolojileri&quot;","img":{"alt_text":"","src":"https:\/\/i0.wp.com\/www.ufukonen.com\/tr\/wp-content\/uploads\/2017_DAW_Anketi_1024x768.jpg?resize=350%2C200&ssl=1","width":350,"height":200},"classes":[]},{"id":7050,"url":"https:\/\/www.ufukonen.com\/tr\/2021-en-cok-okunan.html","url_meta":{"origin":7378,"position":5},"title":"2021 \u0130\u00e7inde En \u00c7ok Okunan Blog Yaz\u0131lar\u0131m","date":"December 20, 2021","format":false,"excerpt":"2021'i kapat\u0131rken y\u0131l i\u00e7inde en \u00e7ok okunan blog yaz\u0131lar\u0131m\u0131 sizlerle payla\u015fmak istedim. \u0130ki liste haz\u0131rlad\u0131m: 1- En \u00e7ok okunan 2021 tarihli yaz\u0131lar\u0131m. 2- \u00d6nceki y\u0131llarda (2012-2020) yay\u0131nlanm\u0131\u015f olan yaz\u0131lardan 2021 i\u00e7inde en \u00e7ok okunanlar. Yaz\u0131lar\u0131, ba\u015fl\u0131klar\u0131n\u0131n ya da g\u00f6rsellerinin \u00fczerine t\u0131klayarak okuyabilirsiniz. G\u00f6stermi\u015f oldu\u011funuz ilgi i\u00e7in \u00e7ok te\u015fekk\u00fcr ederim! 2022'de\u2026","rel":"","context":"In &quot;M\u00fczik&quot;","img":{"alt_text":"","src":"https:\/\/i0.wp.com\/www.ufukonen.com\/tr\/wp-content\/uploads\/2020-en-cok-okunan_720.jpg?resize=350%2C200&ssl=1","width":350,"height":200},"classes":[]}],"_links":{"self":[{"href":"https:\/\/www.ufukonen.com\/tr\/wp-json\/wp\/v2\/posts\/7378"}],"collection":[{"href":"https:\/\/www.ufukonen.com\/tr\/wp-json\/wp\/v2\/posts"}],"about":[{"href":"https:\/\/www.ufukonen.com\/tr\/wp-json\/wp\/v2\/types\/post"}],"author":[{"embeddable":true,"href":"https:\/\/www.ufukonen.com\/tr\/wp-json\/wp\/v2\/users\/2"}],"replies":[{"embeddable":true,"href":"https:\/\/www.ufukonen.com\/tr\/wp-json\/wp\/v2\/comments?post=7378"}],"version-history":[{"count":8,"href":"https:\/\/www.ufukonen.com\/tr\/wp-json\/wp\/v2\/posts\/7378\/revisions"}],"predecessor-version":[{"id":7389,"href":"https:\/\/www.ufukonen.com\/tr\/wp-json\/wp\/v2\/posts\/7378\/revisions\/7389"}],"wp:featuredmedia":[{"embeddable":true,"href":"https:\/\/www.ufukonen.com\/tr\/wp-json\/wp\/v2\/media\/7388"}],"wp:attachment":[{"href":"https:\/\/www.ufukonen.com\/tr\/wp-json\/wp\/v2\/media?parent=7378"}],"wp:term":[{"taxonomy":"category","embeddable":true,"href":"https:\/\/www.ufukonen.com\/tr\/wp-json\/wp\/v2\/categories?post=7378"},{"taxonomy":"post_tag","embeddable":true,"href":"https:\/\/www.ufukonen.com\/tr\/wp-json\/wp\/v2\/tags?post=7378"}],"curies":[{"name":"wp","href":"https:\/\/api.w.org\/{rel}","templated":true}]}}