{"id":7400,"date":"2022-05-16T01:00:00","date_gmt":"2022-05-15T22:00:00","guid":{"rendered":"https:\/\/www.ufukonen.com\/tr\/?p=7400"},"modified":"2022-09-10T14:41:15","modified_gmt":"2022-09-10T11:41:15","slug":"master-fader-otomasyon","status":"publish","type":"post","link":"https:\/\/www.ufukonen.com\/tr\/master-fader-otomasyon.html","title":{"rendered":"Master Fader ve Otomasyon"},"content":{"rendered":"\n<p>Bu yaz\u0131mda sizlerle master fader ve otomasyon ile ilgili bir t\u00fcyo payla\u015fmak istiyorum. Payla\u015faca\u011f\u0131m bu t\u00fcyo, benim ve daha bir\u00e7ok ses profesyonelinin eskiden beri kulland\u0131\u011f\u0131 bir teknik. A\u00e7\u0131k\u00e7as\u0131 ben bu tekni\u011fin hemen hemen herkes taraf\u0131ndan bilindi\u011fini ve kullan\u0131ld\u0131\u011f\u0131n\u0131 san\u0131yordum ama son zamanlarda \u00f6yle olmad\u0131\u011f\u0131n\u0131 fark ettim. Bu sebepten dolay\u0131 basit ama do\u011fru yerde kullan\u0131l\u0131nca \u00e7ok etkili olan bu teknik ile ilgili olarak bu yaz\u0131y\u0131 yazmaya karar verdim.<\/p>\n\n\n\n<div style=\"height:20px\" aria-hidden=\"true\" class=\"wp-block-spacer\"><\/div>\n\n\n\n<h3>Master Fader ve Seviye Otomasyonu<\/h3>\n\n\n\n<p>Teknik \u00e7ok basit\u2026 Master fader&#8217;da seviye i\u00e7in otomasyon kullan\u0131n!<\/p>\n\n\n\n<p>Kanallarda seviye, pan, plug-in parametreleri ve daha bir\u00e7ok \u015fey i\u00e7in otomasyon kullan\u0131yoruz\u2026 Neden master fader i\u00e7in seviye otomasyonu kullanmayal\u0131m?<\/p>\n\n\n\n<p>Master fader seviye otomasyonu do\u011fru yerde do\u011fru \u015fekilde kullan\u0131ld\u0131\u011f\u0131nda par\u00e7an\u0131n dinamik yap\u0131s\u0131 \u00fczerinde m\u00fcthi\u015f bir etki yarat\u0131yor!<\/p>\n\n\n\n<p>\u00d6rnek olarak par\u00e7an\u0131n nakarat k\u0131sm\u0131nda master fader ile yapaca\u011f\u0131n\u0131z 1-3 dB aras\u0131nda bir art\u0131\u015f ile par\u00e7aya dinamik a\u00e7\u0131dan harika bir heyecan katabilirsiniz. Nakarattan hemen sonra eski seviyeye d\u00f6nerek nakarat ile onu takip eden k\u0131sm\u0131n aras\u0131nda bir kontrast olu\u015fturabilirsiniz.<\/p>\n\n\n\n<div style=\"height:20px\" aria-hidden=\"true\" class=\"wp-block-spacer\"><\/div>\n\n\n\n<h3>Dikkat Edilmesi Gereken Nokta<\/h3>\n\n\n\n<p>Master fader \u00fczerinde seviye otomasyonu yaparken dikkat edilmesi gereken en \u00f6nemli nokta, bu seviye de\u011fi\u015fikliklerini dinleyiciye hissettirmemektir.<\/p>\n\n\n\n<p>Yukar\u0131daki \u00f6rnek \u00fczerinden devam edecek olursak, nakaratta yapt\u0131\u011f\u0131n\u0131z seviye art\u0131\u015f\u0131 ve sonras\u0131ndaki seviye azaltmas\u0131, dinleyici taraf\u0131ndan seviye art\u0131\u015f\u0131 veya azalmas\u0131 gibi duyulmamal\u0131. Dinleyici bunu par\u00e7an\u0131n nakaratta y\u00fckselmesi, deyim yerindeyse par\u00e7an\u0131n heyecan\u0131n\u0131n artmas\u0131, sonras\u0131nda da par\u00e7an\u0131n kendini biraz geri \u00e7ekmesi olarak alg\u0131lamal\u0131.<\/p>\n\n\n\n<p>Net olmayan ifadeler kulland\u0131\u011f\u0131m\u0131n fark\u0131nday\u0131m ama eminim siz bunlar\u0131n ne anlama geldi\u011fini \u00e7ok iyi biliyorsunuz.<\/p>\n\n\n\n<div style=\"height:20px\" aria-hidden=\"true\" class=\"wp-block-spacer\"><\/div>\n\n\n\n<h3>Insert: Pre-Fader x Post-Fader<\/h3>\n\n\n\n<p>Master fader \u00fczerinde seviye otomasyonu yaparken dikkat edilmesi gereken di\u011fer bir nokta da master fader \u00fczerinde insert olarak kullan\u0131lan plug-in&#8217;ler.<\/p>\n\n\n\n<p>E\u011fer plug-in yoksa, sorun yok. E\u011fer varsa, bu durumda kulland\u0131\u011f\u0131n\u0131z DAW&#8217;\u0131n master \u00e7\u0131k\u0131\u015f \u00fczerindeki insert noktalar\u0131n\u0131n master fader&#8217;dan \u00f6nce veya sonra geldi\u011fine dikkat etmelisiniz: Insert noktalar\u0131 pre-fader m\u0131 yoksa post-fader m\u0131?<\/p>\n\n\n\n<p>Insert noktalar\u0131 pre-fader ise master fader \u00fczerinde yapaca\u011f\u0131n\u0131z seviye de\u011fi\u015fikli\u011fi master \u00e7\u0131k\u0131\u015f \u00fczerindeki plug-in&#8217;lerin \u00e7al\u0131\u015fmas\u0131n\u0131 etkilemez.<\/p>\n\n\n\n<p>E\u011fer insert noktalar\u0131 post-fader ise, bu durumda master fader \u00fczerinde yapaca\u011f\u0131n\u0131z seviye de\u011fi\u015fikli\u011fi master \u00e7\u0131k\u0131\u015f \u00fczerindeki plug-in&#8217;lerin \u00e7al\u0131\u015fmas\u0131n\u0131 etkiler.<\/p>\n\n\n\n<p>\u00d6rnek olarak Pro Tools ile miks yapt\u0131\u011f\u0131m\u0131z\u0131 ve master \u00e7\u0131k\u0131\u015f\u0131 bir kompres\u00f6r insert etti\u011fimizi d\u00fc\u015f\u00fcnelim. Pro Tools&#8217;un master \u00e7\u0131k\u0131\u015ftaki insert noktas\u0131 post-fader. Durum b\u00f6yle olunca master fader ile seviyeyi y\u00fckseltti\u011finizde veya azaltt\u0131\u011f\u0131n\u0131zda master \u00e7\u0131k\u0131\u015f \u00fczerindeki kompres\u00f6r\u00fcn \u00e7al\u0131\u015fmas\u0131n\u0131 etkilemi\u015f oluyorsunuz. Kompres\u00f6re giden sinyalin seviyesi de\u011fi\u015fti\u011finde kompres\u00f6r\u00fcn sinyale verdi\u011fi tepki de de\u011fi\u015fmi\u015f oluyor. Bu bazen iyi bazen de k\u00f6t\u00fc sonu\u00e7 verebiliyor. E\u011fer bu istenmeyen bir \u015fey ise, o zaman kompres\u00f6r\u00fcn parametreleri i\u00e7in de otomasyon yazabilirsiniz. \u00c7areler t\u00fckenmiyor!<\/p>\n\n\n\n<div style=\"height:20px\" aria-hidden=\"true\" class=\"wp-block-spacer\"><\/div>\n\n\n\n<h3>Son Olarak\u2026<\/h3>\n\n\n\n<p>Basit ama do\u011fru yerde kullan\u0131l\u0131nca \u00e7ok etkili olan bu tekni\u011fi mutlaka deneyin! Denerken \u015funu l\u00fctfen unutmay\u0131n: Master fader \u00fczerinde yapt\u0131\u011f\u0131n\u0131z de\u011fi\u015fiklikler dinleyici taraf\u0131ndan seviye de\u011fi\u015fiklikleri olarak alg\u0131lanmamal\u0131. Yukar\u0131daki \u00f6rnekte de belirtti\u011fim gibi dinleyici bunu par\u00e7an\u0131n nakaratta y\u00fckselmesi, deyim yerindeyse par\u00e7an\u0131n heyecan\u0131n\u0131n artmas\u0131, sonras\u0131nda da par\u00e7an\u0131n kendinin biraz geri \u00e7ekmesi olarak alg\u0131lamal\u0131.<\/p>\n\n\n\n<div style=\"height:50px\" aria-hidden=\"true\" class=\"wp-block-spacer\"><\/div>\n\n\n\n<h3>\u0130lgili Yaz\u0131lar:<\/h3>\n\n\n\n<figure class=\"wp-block-image size-large\"><a href=\"https:\/\/www.ufukonen.com\/tr\/stereo-cikis-uzerinde-sinyal-islemci.html\" target=\"_blank\" rel=\"noopener\"><img loading=\"lazy\" width=\"1024\" height=\"576\" src=\"https:\/\/www.ufukonen.com\/tr\/wp-content\/uploads\/Stereo_Cikis_Sinyal_\u0130slemci-1024x576.jpg\" alt=\"\" class=\"wp-image-4069\" srcset=\"https:\/\/www.ufukonen.com\/tr\/wp-content\/uploads\/Stereo_Cikis_Sinyal_\u0130slemci-1024x576.jpg 1024w, https:\/\/www.ufukonen.com\/tr\/wp-content\/uploads\/Stereo_Cikis_Sinyal_\u0130slemci-300x169.jpg 300w, https:\/\/www.ufukonen.com\/tr\/wp-content\/uploads\/Stereo_Cikis_Sinyal_\u0130slemci-768x432.jpg 768w, https:\/\/www.ufukonen.com\/tr\/wp-content\/uploads\/Stereo_Cikis_Sinyal_\u0130slemci.jpg 1920w\" sizes=\"(max-width: 1024px) 100vw, 1024px\" \/><\/a><figcaption><a href=\"https:\/\/www.ufukonen.com\/tr\/stereo-cikis-uzerinde-sinyal-islemci.html\" data-type=\"post\" data-id=\"4061\" target=\"_blank\" rel=\"noreferrer noopener\">Stereo \u00c7\u0131k\u0131\u015f (Master Bus) \u00dczerinde Sinyal \u0130\u015flemci Kullan\u0131l\u0131r m\u0131?<\/a><\/figcaption><\/figure>\n\n\n\n<div style=\"height:25px\" aria-hidden=\"true\" class=\"wp-block-spacer\"><\/div>\n\n\n\n<figure class=\"wp-block-image size-large\"><a href=\"https:\/\/www.ufukonen.com\/tr\/otomasyon-modlari.html\" target=\"_blank\" rel=\"noopener\"><img loading=\"lazy\" width=\"1024\" height=\"576\" src=\"https:\/\/www.ufukonen.com\/tr\/wp-content\/uploads\/Otomasyon_Modlari_01_Header-1024x576.jpg\" alt=\"\" class=\"wp-image-4563\" srcset=\"https:\/\/www.ufukonen.com\/tr\/wp-content\/uploads\/Otomasyon_Modlari_01_Header-1024x576.jpg 1024w, https:\/\/www.ufukonen.com\/tr\/wp-content\/uploads\/Otomasyon_Modlari_01_Header-300x169.jpg 300w, https:\/\/www.ufukonen.com\/tr\/wp-content\/uploads\/Otomasyon_Modlari_01_Header-768x432.jpg 768w, https:\/\/www.ufukonen.com\/tr\/wp-content\/uploads\/Otomasyon_Modlari_01_Header.jpg 1920w\" sizes=\"(max-width: 1024px) 100vw, 1024px\" \/><\/a><figcaption><a href=\"https:\/\/www.ufukonen.com\/tr\/otomasyon-modlari.html\" data-type=\"post\" data-id=\"4559\" target=\"_blank\" rel=\"noreferrer noopener\">Otomasyon Modlar\u0131<\/a><\/figcaption><\/figure>\n\n\n\n<div style=\"height:50px\" aria-hidden=\"true\" class=\"wp-block-spacer\"><\/div>\n\n\n\n<p>Teknik terimler i\u00e7in <a href=\"http:\/\/www.ufukonen.com\/tr\/ses-kayit-muzik-teknolojisi-terimler-sozluk.html\">m\u00fczik teknolojisi, m\u00fczik prod\u00fcksiyonu ve ses kay\u0131t terimleri s\u00f6zl\u00fc\u011f\u00fcne<\/a> g\u00f6z atabilirsiniz.<\/p>\n\n\n\n<p>Benzer payla\u015f\u0131mlar i\u00e7in beni <a rel=\"noreferrer noopener\" href=\"https:\/\/www.facebook.com\/ufukonen.skmt\/\" target=\"_blank\">Facebook<\/a>, <a rel=\"noreferrer noopener\" aria-label=\"Instagram (opens in a new tab)\" href=\"https:\/\/www.instagram.com\/ufukonen\/\" target=\"_blank\">Instagram<\/a> ve <a rel=\"noreferrer noopener\" href=\"https:\/\/twitter.com\/UfukOnen\" target=\"_blank\">Twitter<\/a>&#8216;da takip edebilir, haberler i\u00e7in <a rel=\"noreferrer noopener\" href=\"http:\/\/ufukonen.com\/tr\/ses-kayit-muzik-teknolojisi-terimler-sozluk.html\" target=\"_blank\">mesaj listeme \u00fcye olabilirsiniz<\/a>. Te\u015fekk\u00fcrler.<\/p>\n\n\n\n<p>Ba\u015fl\u0131k foto\u011fraf\u0131: <a href=\"https:\/\/unsplash.com\/@adigold1?utm_source=unsplash&amp;utm_medium=referral&amp;utm_content=creditCopyText\" target=\"_blank\" rel=\"noreferrer noopener\">Adi Goldstein<\/a>\u00a0|\u00a0<a href=\"https:\/\/unsplash.com\/?utm_source=unsplash&amp;utm_medium=referral&amp;utm_content=creditCopyText\" target=\"_blank\" rel=\"noreferrer noopener\">Unsplash<\/a><\/p>\n\n\n\n<p>\u00a9 2022 Ufuk \u00d6nen. Her hakk\u0131 sakl\u0131d\u0131r. \u0130zinsiz kullan\u0131lamaz.<\/p>\n","protected":false},"excerpt":{"rendered":"<p class=\"post-excerpt\">Bu yaz\u0131mda sizlerle master fader ve otomasyon ile ilgili bir t\u00fcyo payla\u015fmak istiyorum. Payla\u015faca\u011f\u0131m bu t\u00fcyo, benim ve daha bir\u00e7ok&#8230;<\/p>\n","protected":false},"author":2,"featured_media":7406,"comment_status":"closed","ping_status":"open","sticky":false,"template":"","format":"standard","meta":{"_mi_skip_tracking":false,"spay_email":"","jetpack_publicize_message":"","jetpack_is_tweetstorm":false,"jetpack_publicize_feature_enabled":true},"categories":[16],"tags":[],"jetpack_featured_media_url":"https:\/\/www.ufukonen.com\/tr\/wp-content\/uploads\/Master_Fader_ve_Otomasyon_00_Header.jpg","jetpack_publicize_connections":[],"jetpack_shortlink":"https:\/\/wp.me\/p3rjsG-1Vm","jetpack_sharing_enabled":true,"jetpack-related-posts":[{"id":4940,"url":"https:\/\/www.ufukonen.com\/tr\/gitar-kayit-teller-surtunme-sesleri.html","url_meta":{"origin":7400,"position":0},"title":"Gitar Kay\u0131tlar\u0131nda Tellerden \u00c7\u0131kan S\u00fcrt\u00fcnme Seslerinden Nas\u0131l Kurtulabiliriz?","date":"July 29, 2019","format":false,"excerpt":"\"Gitar kay\u0131tlar\u0131nda tellerden \u00e7\u0131kan s\u00fcrt\u00fcnme seslerinden nas\u0131l kurtulabiliriz?\" Bu soru bana hem klasik hem de akustik gitar kay\u0131tlar\u0131 i\u00e7in defalarca soruldu. Ge\u00e7enlerde bir ki\u015fi daha sorunca bununla ilgili bir blog yaz\u0131s\u0131 yazmaya karar verdim. \u00d6ncelikle \u015funu belirteyim: Ben tellerden \u00e7\u0131kan bu s\u00fcrt\u00fcnme seslerinin asl\u0131nda enstr\u00fcman\u0131n sesinin bir par\u00e7as\u0131 oldu\u011funu d\u00fc\u015f\u00fcn\u00fcyorum.\u2026","rel":"","context":"In &quot;M\u00fczik Prod\u00fcksiyonu&quot;","img":{"alt_text":"","src":"https:\/\/i0.wp.com\/www.ufukonen.com\/tr\/wp-content\/uploads\/Gitar_Kayit_Surtunme_Ses_720.jpg?resize=350%2C200&ssl=1","width":350,"height":200},"classes":[]},{"id":5231,"url":"https:\/\/www.ufukonen.com\/tr\/riding-the-fader-1.html","url_meta":{"origin":7400,"position":1},"title":"Riding the Fader ve Kompres\u00f6r Kullan\u0131m\u0131 (1. B\u00f6l\u00fcm)","date":"December 2, 2019","format":false,"excerpt":"Riding the fader, miks s\u0131ras\u0131nda sinyal seviyelerini fader ile ayarlama (seviye olarak d\u00fc\u015f\u00fck yerleri a\u00e7\u0131p, y\u00fcksek yerleri k\u0131sma) i\u015flemi i\u00e7in kullan\u0131lan, analog mikserler zaman\u0131nda ortaya \u00e7\u0131km\u0131\u015f bir terimdir. O zamanlar miks s\u0131ras\u0131nda miks m\u00fchendisleri par\u00e7adaki t\u00fcm fader hareketlerini ezberleyip, miks stereo banta bas\u0131l\u0131rken bunlar\u0131 ger\u00e7ek zamanl\u0131 olarak tekrar ediyordu. Bazen\u2026","rel":"","context":"In &quot;M\u00fczik Prod\u00fcksiyonu&quot;","img":{"alt_text":"","src":"https:\/\/i0.wp.com\/www.ufukonen.com\/tr\/wp-content\/uploads\/Riding_the_Fader_Header_1_720.jpg?resize=350%2C200&ssl=1","width":350,"height":200},"classes":[]},{"id":4559,"url":"https:\/\/www.ufukonen.com\/tr\/otomasyon-modlari.html","url_meta":{"origin":7400,"position":2},"title":"Otomasyon Modlar\u0131","date":"February 18, 2019","format":false,"excerpt":"\u0130ngilizcede 'automation' olarak adland\u0131r\u0131lan otomasyonu klasik anlamda \"mikserin \u00fczerinde yap\u0131lm\u0131\u015f olan ayarlar\u0131n bir k\u0131sm\u0131n\u0131 veya t\u00fcm\u00fcn\u00fc ve de bu ayarlar\u0131n miks i\u00e7indeki de\u011fi\u015fimlerini hat\u0131rlayan ve tekrar edebilen sistem\" olarak tan\u0131mlayabiliriz. Klasik anlamda diye \u00f6zellikle belirttim \u00e7\u00fcnk\u00fc analog teknoloji ile \u00e7al\u0131\u015f\u0131rken otomasyon sadece baz\u0131 st\u00fcdyo tipi mikserlerde (ya da o zamanki\u2026","rel":"","context":"In &quot;Ses ve M\u00fczik Teknolojileri&quot;","img":{"alt_text":"","src":"https:\/\/i0.wp.com\/www.ufukonen.com\/tr\/wp-content\/uploads\/Otomasyon_Modlari_01_Header.jpg?resize=350%2C200&ssl=1","width":350,"height":200},"classes":[]},{"id":8136,"url":"https:\/\/www.ufukonen.com\/tr\/kompresor-kullaniminda-yapilan-7-yanlis.html","url_meta":{"origin":7400,"position":3},"title":"Kompres\u00f6r Kullan\u0131m\u0131nda Yap\u0131lan 7 Yanl\u0131\u015f","date":"November 13, 2023","format":false,"excerpt":"Bu yaz\u0131mda sizlerle \u00f6zellikle m\u00fczik prod\u00fcksiyonuna yeni ba\u015flayanlar\u0131n kompres\u00f6r kullan\u0131m\u0131nda s\u0131kl\u0131kla yapt\u0131\u011f\u0131 yedi yanl\u0131\u015f\u0131 payla\u015faca\u011f\u0131m. Bu yanl\u0131\u015flardan birini veya birka\u00e7\u0131n\u0131 siz de yap\u0131yor olabilirsiniz. Yap\u0131yorsan\u0131z sorun de\u011fil. Yanl\u0131\u015flar\u0131 d\u00fczeltmek o kadar da zor de\u011fil. \u00d6nemli olan yanl\u0131\u015f\u0131n yanl\u0131\u015f oldu\u011funu tespit edebilmek.\u00a0 Hemen ba\u015flayal\u0131m... 1. Ezberden veya Otomatik Olarak Kompres\u00f6r Kullanmak\u00a0\u2026","rel":"","context":"In &quot;M\u00fczik Prod\u00fcksiyonu&quot;","img":{"alt_text":"","src":"https:\/\/i0.wp.com\/www.ufukonen.com\/tr\/wp-content\/uploads\/Kompresor_Kullanirken_Yapilan_7_Yanlis_00_Header.jpg?resize=350%2C200&ssl=1","width":350,"height":200},"classes":[]},{"id":7735,"url":"https:\/\/www.ufukonen.com\/tr\/vokali-miksin-icine-nasil-oturtabiliriz.html","url_meta":{"origin":7400,"position":4},"title":"Vokali Miksin \u0130\u00e7ine Nas\u0131l Oturtabiliriz?","date":"November 21, 2022","format":false,"excerpt":"Mikste vokalin seviyesini ayarl\u0131yoruz, genel olarak kula\u011fa iyi geliyor ama yer yer d\u00fc\u015f\u00fck kal\u0131yor veya zaman zaman y\u00fcksek geliyor ve miksin d\u0131\u015f\u0131na \u00e7\u0131k\u0131yormu\u015f gibi duyuluyor... \u00dcstelik bu durum kompres\u00f6r kulland\u0131\u011f\u0131m\u0131z halde oluyor... Kompres\u00f6r\u00fcn amac\u0131 zaten bu seviye farklar\u0131n\u0131 ortadan kald\u0131rmak de\u011fil miydi? B\u00f6yle bir durumda ne yapmam\u0131z gerekiyor? Vokali miksin\u2026","rel":"","context":"With 3 comments","img":{"alt_text":"","src":"https:\/\/i0.wp.com\/www.ufukonen.com\/tr\/wp-content\/uploads\/Vokali_Miksin_Icine_Nasil_Oturtabiliriz_00_Header-2.jpg?resize=350%2C200&ssl=1","width":350,"height":200},"classes":[]},{"id":5232,"url":"https:\/\/www.ufukonen.com\/tr\/riding-the-fader-2.html","url_meta":{"origin":7400,"position":5},"title":"Riding the Fader ve Kompres\u00f6r Kullan\u0131m\u0131 (2. B\u00f6l\u00fcm)","date":"December 9, 2019","format":false,"excerpt":"Yaz\u0131n\u0131n ilk b\u00f6l\u00fcm\u00fcn\u00fc okumak i\u00e7in buraya t\u0131klay\u0131n\u0131z Yaz\u0131n\u0131n \u00fc\u00e7\u00fcnc\u00fc b\u00f6l\u00fcm\u00fcn\u00fc okumak i\u00e7in buraya t\u0131klay\u0131n\u0131z S\u0131k\u00e7a Kullan\u0131lan: Kompres\u00f6r -> Riding the Fader Yukar\u0131da vokal \u00fczerinden \u00f6rneklendirdi\u011fim kullan\u0131m \u015feklinde sinyal ilk \u00f6nce kompres\u00f6re giriyor, kompres\u00f6rden sonra fader'a ula\u015f\u0131yor. Bunun sebebi, hemen hemen t\u00fcm mikserlerde insert noktas\u0131n\u0131n fader'dan \u00f6nce gelmesi. \"Aux Send: Pre-Fader\u2026","rel":"","context":"In &quot;M\u00fczik Prod\u00fcksiyonu&quot;","img":{"alt_text":"","src":"https:\/\/i0.wp.com\/www.ufukonen.com\/tr\/wp-content\/uploads\/Riding_the_Fader_Header_2_720.jpg?resize=350%2C200&ssl=1","width":350,"height":200},"classes":[]}],"_links":{"self":[{"href":"https:\/\/www.ufukonen.com\/tr\/wp-json\/wp\/v2\/posts\/7400"}],"collection":[{"href":"https:\/\/www.ufukonen.com\/tr\/wp-json\/wp\/v2\/posts"}],"about":[{"href":"https:\/\/www.ufukonen.com\/tr\/wp-json\/wp\/v2\/types\/post"}],"author":[{"embeddable":true,"href":"https:\/\/www.ufukonen.com\/tr\/wp-json\/wp\/v2\/users\/2"}],"replies":[{"embeddable":true,"href":"https:\/\/www.ufukonen.com\/tr\/wp-json\/wp\/v2\/comments?post=7400"}],"version-history":[{"count":5,"href":"https:\/\/www.ufukonen.com\/tr\/wp-json\/wp\/v2\/posts\/7400\/revisions"}],"predecessor-version":[{"id":7405,"href":"https:\/\/www.ufukonen.com\/tr\/wp-json\/wp\/v2\/posts\/7400\/revisions\/7405"}],"wp:featuredmedia":[{"embeddable":true,"href":"https:\/\/www.ufukonen.com\/tr\/wp-json\/wp\/v2\/media\/7406"}],"wp:attachment":[{"href":"https:\/\/www.ufukonen.com\/tr\/wp-json\/wp\/v2\/media?parent=7400"}],"wp:term":[{"taxonomy":"category","embeddable":true,"href":"https:\/\/www.ufukonen.com\/tr\/wp-json\/wp\/v2\/categories?post=7400"},{"taxonomy":"post_tag","embeddable":true,"href":"https:\/\/www.ufukonen.com\/tr\/wp-json\/wp\/v2\/tags?post=7400"}],"curies":[{"name":"wp","href":"https:\/\/api.w.org\/{rel}","templated":true}]}}