{"id":7428,"date":"2022-06-13T01:00:00","date_gmt":"2022-06-12T22:00:00","guid":{"rendered":"https:\/\/www.ufukonen.com\/tr\/?p=7428"},"modified":"2022-08-13T17:27:03","modified_gmt":"2022-08-13T14:27:03","slug":"davul-perkusyon-midi-teknik","status":"publish","type":"post","link":"https:\/\/www.ufukonen.com\/tr\/davul-perkusyon-midi-teknik.html","title":{"rendered":"Davul ve Perk\u00fcsyon MIDI Notalar\u0131n\u0131 Yazmak \u0130\u00e7in E\u011flenceli Bir Teknik"},"content":{"rendered":"\n<p>Davul ve perk\u00fcsyon MIDI kanallar\u0131n\u0131 nas\u0131l olu\u015fturuyorsunuz? Notalar\u0131 sequencer i\u00e7ine nas\u0131l kay\u0131t ediyorsunuz? MIDI klavye kullanarak? Elektro davul veya pad kullanarak? Fare ile notalar\u0131 \u00e7izerek? Bunlar\u0131 hepsi y\u0131llardan beri hepimizin kulland\u0131\u011f\u0131 y\u00f6ntemler.<\/p>\n\n\n\n<p>Peki masaya ya da bacaklar\u0131n\u0131za vurarak davul \u00e7ald\u0131\u011f\u0131n\u0131z ve bunu MIDI notas\u0131na d\u00f6n\u00fc\u015ft\u00fcrd\u00fc\u011f\u00fcn\u00fcz oldu mu?<\/p>\n\n\n\n<p>Ben arada yap\u0131yorum, \u00e7ok da keyifli oluyor.<\/p>\n\n\n\n<p>\u00dcstelik bunu yapmak i\u00e7in \u00f6zel bir donan\u0131m gerekmiyor.<\/p>\n\n\n\n<p>Nas\u0131l yapt\u0131\u011f\u0131m\u0131 hemen anlatay\u0131m\u2026<\/p>\n\n\n\n<p>\u0130lk \u00f6nce MIDI notas\u0131na \u00e7evirmek istedi\u011fim davul veya perk\u00fcsyon b\u00f6l\u00fcm\u00fcn\u00fc masaya veya baca\u011f\u0131ma ya da herhangi bir y\u00fczeye vurarak cep telefonuma kaydediyorum.<\/p>\n\n\n\n<p>Yapt\u0131\u011f\u0131m bu kayd\u0131 bilgisayara aktar\u0131yorum (e\u011fer Mac ve iPhone kullan\u0131yorsan\u0131z bu i\u015f AirDrop ile \u00e7ok kolay).<\/p>\n\n\n\n<p>Aktard\u0131\u011f\u0131m dosyay\u0131 DAW i\u00e7ine al\u0131yorum.<\/p>\n\n\n\n<p>DAW i\u00e7inde bir drum replacement plug-in&#8217;i kullanarak kaydetmi\u015f oldu\u011fum bu davul veya perk\u00fcsyon b\u00f6l\u00fcm\u00fcn\u00fc MIDI olarak davul kanal\u0131na \u00e7eviriyorum. Logic Pro&#8217;da herhangi bir plug-in&#8217;e gerek kalmadan bunu kolayca yapabiliyorum. Nas\u0131l yap\u0131ld\u0131\u011f\u0131n\u0131 &#8220;<a href=\"https:\/\/www.ufukonen.com\/tr\/logic-pro-drum-replacement.html\" data-type=\"post\" data-id=\"7421\" target=\"_blank\" rel=\"noreferrer noopener\">Logic Pro ve Drum Replacement<\/a>&#8221; ba\u015fl\u0131kl\u0131 yaz\u0131mda anlatm\u0131\u015ft\u0131m.<\/p>\n\n\n\n<figure class=\"wp-block-image size-large\"><a href=\"https:\/\/www.ufukonen.com\/tr\/wp-content\/uploads\/Davul_Perkusyon_MIDI_01.jpg\" target=\"_blank\" rel=\"noopener\"><img loading=\"lazy\" width=\"1024\" height=\"472\" src=\"https:\/\/www.ufukonen.com\/tr\/wp-content\/uploads\/Davul_Perkusyon_MIDI_01-1024x472.jpg\" alt=\"\" class=\"wp-image-7430\" srcset=\"https:\/\/www.ufukonen.com\/tr\/wp-content\/uploads\/Davul_Perkusyon_MIDI_01-1024x472.jpg 1024w, https:\/\/www.ufukonen.com\/tr\/wp-content\/uploads\/Davul_Perkusyon_MIDI_01-300x138.jpg 300w, https:\/\/www.ufukonen.com\/tr\/wp-content\/uploads\/Davul_Perkusyon_MIDI_01-768x354.jpg 768w, https:\/\/www.ufukonen.com\/tr\/wp-content\/uploads\/Davul_Perkusyon_MIDI_01-1536x708.jpg 1536w, https:\/\/www.ufukonen.com\/tr\/wp-content\/uploads\/Davul_Perkusyon_MIDI_01-1140x525.jpg 1140w, https:\/\/www.ufukonen.com\/tr\/wp-content\/uploads\/Davul_Perkusyon_MIDI_01-552x254.jpg 552w, https:\/\/www.ufukonen.com\/tr\/wp-content\/uploads\/Davul_Perkusyon_MIDI_01.jpg 1920w\" sizes=\"(max-width: 1024px) 100vw, 1024px\" \/><\/a><figcaption>Apple Logic Pro ekran g\u00f6r\u00fcnt\u00fcs\u00fc (\u00fczerine t\u0131klayarak b\u00fcy\u00fctebilirsiniz)<\/figcaption><\/figure>\n\n\n\n<p>MIDI notas\u0131na \u00e7evrilen vuru\u015flar\u0131 ilk \u00f6nce gerekiyorsa quantize ediyor, sonra da kullanmak istedi\u011fim seslere g\u00f6re d\u00fczenliyorum. \u00d6rnek olarak, bu bir perk\u00fcsyon b\u00f6l\u00fcm\u00fc ise notalar\u0131 farkl\u0131 perk\u00fcsyon seslerine da\u011f\u0131t\u0131yorum (conga, bonga gibi).<\/p>\n\n\n\n<p>\u0130\u015flem tamam! Mutlaka deneyin!<\/p>\n\n\n\n<div style=\"height:50px\" aria-hidden=\"true\" class=\"wp-block-spacer\"><\/div>\n\n\n\n<p>Teknik terimler i\u00e7in <a href=\"http:\/\/www.ufukonen.com\/tr\/ses-kayit-muzik-teknolojisi-terimler-sozluk.html\">m\u00fczik teknolojisi, m\u00fczik prod\u00fcksiyonu ve ses kay\u0131t terimleri s\u00f6zl\u00fc\u011f\u00fcne<\/a> g\u00f6z atabilirsiniz.<\/p>\n\n\n\n<p>Benzer payla\u015f\u0131mlar i\u00e7in beni <a rel=\"noreferrer noopener\" href=\"https:\/\/www.facebook.com\/ufukonen.skmt\/\" target=\"_blank\">Facebook<\/a>, <a rel=\"noreferrer noopener\" aria-label=\"Instagram (opens in a new tab)\" href=\"https:\/\/www.instagram.com\/ufukonen\/\" target=\"_blank\">Instagram<\/a> ve <a rel=\"noreferrer noopener\" href=\"https:\/\/twitter.com\/UfukOnen\" target=\"_blank\">Twitter<\/a>&#8216;da takip edebilir, haberler i\u00e7in <a rel=\"noreferrer noopener\" href=\"http:\/\/ufukonen.com\/tr\/ses-kayit-muzik-teknolojisi-terimler-sozluk.html\" target=\"_blank\">mesaj listeme \u00fcye olabilirsiniz<\/a>. Te\u015fekk\u00fcrler.<\/p>\n\n\n\n<p>Ba\u015fl\u0131k foto\u011fraf\u0131: <a rel=\"noreferrer noopener\" href=\"https:\/\/www.pexels.com\/@stephendn?utm_content=attributionCopyText&amp;utm_medium=referral&amp;utm_source=pexels\" target=\"_blank\">Stephen Niemeier<\/a>&nbsp;|&nbsp;<a rel=\"noreferrer noopener\" href=\"https:\/\/www.pexels.com\/photo\/person-holding-drums-65717\/?utm_content=attributionCopyText&amp;utm_medium=referral&amp;utm_source=pexels\" target=\"_blank\">Pexels<\/a><\/p>\n\n\n\n<p>\u00a9 2022 Ufuk \u00d6nen. Her hakk\u0131 sakl\u0131d\u0131r. \u0130zinsiz kullan\u0131lamaz.<\/p>\n","protected":false},"excerpt":{"rendered":"<p class=\"post-excerpt\">Davul ve perk\u00fcsyon MIDI kanallar\u0131n\u0131 nas\u0131l olu\u015fturuyorsunuz? Notalar\u0131 sequencer i\u00e7ine nas\u0131l kay\u0131t ediyorsunuz? MIDI klavye kullanarak? Elektro davul veya pad&#8230;<\/p>\n","protected":false},"author":2,"featured_media":7431,"comment_status":"closed","ping_status":"open","sticky":false,"template":"","format":"standard","meta":{"_mi_skip_tracking":false,"spay_email":"","jetpack_publicize_message":"","jetpack_is_tweetstorm":false,"jetpack_publicize_feature_enabled":true},"categories":[16],"tags":[],"jetpack_featured_media_url":"https:\/\/www.ufukonen.com\/tr\/wp-content\/uploads\/Davul_Perkusyon_MIDI_00_Header.jpg","jetpack_publicize_connections":[],"jetpack_shortlink":"https:\/\/wp.me\/p3rjsG-1VO","jetpack_sharing_enabled":true,"jetpack-related-posts":[{"id":7249,"url":"https:\/\/www.ufukonen.com\/tr\/davul-perkusyon-kompresor-tuyo.html","url_meta":{"origin":7428,"position":0},"title":"Davul ve Perk\u00fcsyon \u0130\u00e7in Kompres\u00f6r T\u00fcyosu","date":"February 28, 2022","format":false,"excerpt":"Mikste enstr\u00fcmanlar\u0131 \u00f6ne almak yani dinleyiciye yakla\u015ft\u0131rmak ya da geriye itmek i\u00e7in ne yapabiliriz? Kanallar\u0131n seviyelerini ayarlar\u0131z.EQ ile frekans dengelerinde de\u011fi\u015fiklikler yapar\u0131z.Delay ve reverb gibi efektler kullan\u0131r\u0131z. Bildi\u011finiz ya da tahmin edebilece\u011finiz gibi, bu sorunun tek bir cevab\u0131 yok. Duruma g\u00f6re bunlardan birini veya ayn\u0131 anda hepsini de yapabiliriz. Peki,\u2026","rel":"","context":"In &quot;M\u00fczik Prod\u00fcksiyonu&quot;","img":{"alt_text":"","src":"https:\/\/i0.wp.com\/www.ufukonen.com\/tr\/wp-content\/uploads\/Davul_Perkusyon_Kompresor_00_Header.jpg?resize=350%2C200&ssl=1","width":350,"height":200},"classes":[]},{"id":7421,"url":"https:\/\/www.ufukonen.com\/tr\/logic-pro-drum-replacement.html","url_meta":{"origin":7428,"position":1},"title":"Logic Pro ve Drum Replacement","date":"May 30, 2022","format":false,"excerpt":"Davul kay\u0131tlar\u0131ndaki kick, trampet ve di\u011fer sesleri sample'lar kullanarak de\u011fi\u015ftirmek art\u0131k g\u00fcn\u00fcm\u00fczde standart olarak yap\u0131lan bir i\u015flem haline geldi. Bu i\u015f i\u00e7in \u00fcretilmi\u015f \u00e7ok ba\u015far\u0131l\u0131 plug-in'ler var. \u00d6rnek olarak Addictive Trigger, Steven Slate Trigger, Superior Drummer, Drumagog, Massey DRT Drum Replacer ve UVI Drum Replacer'\u0131 sayabiliriz. Peki, herhangi bir plug-in\u2026","rel":"","context":"In &quot;Ses ve M\u00fczik Teknolojileri&quot;","img":{"alt_text":"","src":"https:\/\/i0.wp.com\/www.ufukonen.com\/tr\/wp-content\/uploads\/Logic_Pro_Drum_Replacement_00_Header.jpg?resize=350%2C200&ssl=1","width":350,"height":200},"classes":[]},{"id":5417,"url":"https:\/\/www.ufukonen.com\/tr\/kompresor-teknikleri-1-paralel.html","url_meta":{"origin":7428,"position":2},"title":"Kompres\u00f6r Teknikleri &#8211; 1. B\u00f6l\u00fcm: Paralel Kompres\u00f6r Kullan\u0131m\u0131","date":"January 27, 2020","format":false,"excerpt":"\u00dc\u00e7 b\u00f6l\u00fcml\u00fck bu yaz\u0131 dizisinde sizlerle s\u0131kl\u0131kla kullan\u0131lan \u00fc\u00e7 kompres\u00f6r tekni\u011fini payla\u015fmak istiyorum: Paralel, seri ve sidechain. \u015eu anda okumakta oldu\u011funuz ilk b\u00f6l\u00fcm paralel kompres\u00f6r kullan\u0131m\u0131 \u00fczerine. Di\u011fer iki b\u00f6l\u00fcme a\u015fa\u011f\u0131daki linklerden ula\u015fabilirsiniz: Kompres\u00f6r Teknikleri - 2. B\u00f6l\u00fcm: Seri Kompres\u00f6r Kullan\u0131m\u0131 Kompres\u00f6r Teknikleri - 3. B\u00f6l\u00fcm: Sidechain Kompres\u00f6r Kullan\u0131m\u0131 Bu\u2026","rel":"","context":"In &quot;M\u00fczik Prod\u00fcksiyonu&quot;","img":{"alt_text":"","src":"https:\/\/i0.wp.com\/www.ufukonen.com\/tr\/wp-content\/uploads\/Kompresor_Teknikleri_00_Header.jpg?resize=350%2C200&ssl=1","width":350,"height":200},"classes":[]},{"id":6732,"url":"https:\/\/www.ufukonen.com\/tr\/davul-miksi-kompresor-tuyo.html","url_meta":{"origin":7428,"position":3},"title":"Davul Miksi ve Kompres\u00f6r: Bir T\u00fcyo","date":"July 12, 2021","format":false,"excerpt":"Bas seslerin yo\u011fun, alt frekanslar\u0131n seviye olarak y\u00fcksek oldu\u011fu sinyallere kompres\u00f6r uygulad\u0131\u011f\u0131n\u0131zda kompres\u00f6r bu frekanslara g\u00f6re \u00e7al\u0131\u015f\u0131r. Ancak kompres\u00f6r her ne kadar alt frekanslara g\u00f6re tepki verse ve \u00e7al\u0131\u015fsa da etkisi t\u00fcm sinyal \u00fczerinde olur. Davul ve Kompres\u00f6r Davul, bu bahsetti\u011fim durum i\u00e7in verilebilecek en g\u00fczel \u00f6rneklerden biridir. Neredeyse en\u2026","rel":"","context":"In &quot;M\u00fczik Prod\u00fcksiyonu&quot;","img":{"alt_text":"","src":"https:\/\/i0.wp.com\/www.ufukonen.com\/tr\/wp-content\/uploads\/Davul_Alt_Miksi_Kompresor_00_Header.jpg?resize=350%2C200&ssl=1","width":350,"height":200},"classes":[]},{"id":7824,"url":"https:\/\/www.ufukonen.com\/tr\/2022-en-cok-okunan-2.html","url_meta":{"origin":7428,"position":4},"title":"2022 \u0130\u00e7inde En \u00c7ok Okunan Blog Yaz\u0131lar\u0131m (2. B\u00f6l\u00fcm)","date":"December 19, 2022","format":false,"excerpt":"2022\u2019yi kapat\u0131rken y\u0131l i\u00e7inde en \u00e7ok okunan blog yaz\u0131lar\u0131m\u0131 sizlerle payla\u015fmak istedim. \u0130ki liste haz\u0131rlad\u0131m: 1- \u00d6nceki y\u0131llarda (2012-2021) yay\u0131nlanm\u0131\u015f olan yaz\u0131lardan 2022 i\u00e7inde en \u00e7ok okunanlar (buraya t\u0131klayarak g\u00f6r\u00fcnt\u00fcleyebilirsiniz). 2- En \u00e7ok okunan 2022 tarihli yaz\u0131lar\u0131m (a\u015fa\u011f\u0131daki liste). Yaz\u0131lar\u0131, ba\u015fl\u0131klar\u0131n\u0131n ya da g\u00f6rsellerinin \u00fczerine t\u0131klayarak okuyabilirsiniz. G\u00f6stermi\u015f oldu\u011funuz ilgi\u2026","rel":"","context":"In &quot;Konferans&quot;","img":{"alt_text":"","src":"https:\/\/i0.wp.com\/www.ufukonen.com\/tr\/wp-content\/uploads\/2022_En_Cok_Okunan_2_00_Header.jpg?resize=350%2C200&ssl=1","width":350,"height":200},"classes":[]},{"id":7446,"url":"https:\/\/www.ufukonen.com\/tr\/kompresor-mini-rehber.html","url_meta":{"origin":7428,"position":5},"title":"Kompres\u00f6r: Mini Rehber","date":"June 27, 2022","format":false,"excerpt":"Kompres\u00f6r \u00fczerine daha \u00f6nce yazd\u0131\u011f\u0131m yaz\u0131lar\u0131 tek bir \u00e7at\u0131 alt\u0131nda toplay\u0131p bir mini rehber olu\u015fturdum. Linkleri ve a\u00e7\u0131klamalar\u0131 a\u015fa\u011f\u0131ya ekliyorum. Kompres\u00f6r\u00fcn \u00e7al\u0131\u015fma prensibi, \u00fczerindeki parametrelerin i\u015flevleri gibi temel bilgileri Ses Kay\u0131t ve M\u00fczik Teknolojileri adl\u0131 kitab\u0131mda bulabilirsiniz. \u0130yi okumalar! Kompres\u00f6r Attack S\u00fcresinin Sese Etkisini G\u00f6rselle\u015ftirecek Olursak\u2026 Attack s\u00fcresi, kompres\u00f6r \u00fczerindeki\u2026","rel":"","context":"In &quot;M\u00fczik Prod\u00fcksiyonu&quot;","img":{"alt_text":"","src":"https:\/\/i0.wp.com\/www.ufukonen.com\/tr\/wp-content\/uploads\/Kompresor_Mini_Rehber_00_Header.jpg?resize=350%2C200&ssl=1","width":350,"height":200},"classes":[]}],"_links":{"self":[{"href":"https:\/\/www.ufukonen.com\/tr\/wp-json\/wp\/v2\/posts\/7428"}],"collection":[{"href":"https:\/\/www.ufukonen.com\/tr\/wp-json\/wp\/v2\/posts"}],"about":[{"href":"https:\/\/www.ufukonen.com\/tr\/wp-json\/wp\/v2\/types\/post"}],"author":[{"embeddable":true,"href":"https:\/\/www.ufukonen.com\/tr\/wp-json\/wp\/v2\/users\/2"}],"replies":[{"embeddable":true,"href":"https:\/\/www.ufukonen.com\/tr\/wp-json\/wp\/v2\/comments?post=7428"}],"version-history":[{"count":6,"href":"https:\/\/www.ufukonen.com\/tr\/wp-json\/wp\/v2\/posts\/7428\/revisions"}],"predecessor-version":[{"id":7475,"href":"https:\/\/www.ufukonen.com\/tr\/wp-json\/wp\/v2\/posts\/7428\/revisions\/7475"}],"wp:featuredmedia":[{"embeddable":true,"href":"https:\/\/www.ufukonen.com\/tr\/wp-json\/wp\/v2\/media\/7431"}],"wp:attachment":[{"href":"https:\/\/www.ufukonen.com\/tr\/wp-json\/wp\/v2\/media?parent=7428"}],"wp:term":[{"taxonomy":"category","embeddable":true,"href":"https:\/\/www.ufukonen.com\/tr\/wp-json\/wp\/v2\/categories?post=7428"},{"taxonomy":"post_tag","embeddable":true,"href":"https:\/\/www.ufukonen.com\/tr\/wp-json\/wp\/v2\/tags?post=7428"}],"curies":[{"name":"wp","href":"https:\/\/api.w.org\/{rel}","templated":true}]}}