{"id":7446,"date":"2022-06-27T01:00:00","date_gmt":"2022-06-26T22:00:00","guid":{"rendered":"https:\/\/www.ufukonen.com\/tr\/?p=7446"},"modified":"2022-05-22T18:42:43","modified_gmt":"2022-05-22T15:42:43","slug":"kompresor-mini-rehber","status":"publish","type":"post","link":"https:\/\/www.ufukonen.com\/tr\/kompresor-mini-rehber.html","title":{"rendered":"Kompres\u00f6r: Mini Rehber"},"content":{"rendered":"\n<p>Kompres\u00f6r \u00fczerine daha \u00f6nce yazd\u0131\u011f\u0131m yaz\u0131lar\u0131 tek bir \u00e7at\u0131 alt\u0131nda toplay\u0131p bir mini rehber olu\u015fturdum. Linkleri ve a\u00e7\u0131klamalar\u0131 a\u015fa\u011f\u0131ya ekliyorum. <\/p>\n\n\n\n<p>Kompres\u00f6r\u00fcn \u00e7al\u0131\u015fma prensibi, \u00fczerindeki parametrelerin i\u015flevleri gibi temel bilgileri <strong><a rel=\"noreferrer noopener\" href=\"https:\/\/www.ufukonen.com\/tr\/ses-kayit-ve-muzik-teknolojileri.html\" data-type=\"post\" data-id=\"597\" target=\"_blank\">Ses Kay\u0131t ve M\u00fczik Teknolojileri<\/a><\/strong> adl\u0131 kitab\u0131mda bulabilirsiniz.<\/p>\n\n\n\n<p>\u0130yi okumalar!<\/p>\n\n\n\n<hr class=\"wp-block-separator is-style-wide\"\/>\n\n\n\n<h3>Kompres\u00f6r Attack S\u00fcresinin Sese Etkisini G\u00f6rselle\u015ftirecek Olursak\u2026<\/h3>\n\n\n\n<figure class=\"wp-block-image size-large\"><a href=\"https:\/\/www.ufukonen.com\/tr\/kompresor-attack-suresi-gorsel.html\" target=\"_blank\" rel=\"noopener\"><img loading=\"lazy\" width=\"1024\" height=\"576\" src=\"https:\/\/www.ufukonen.com\/tr\/wp-content\/uploads\/Attack_Header_b_1280x720_rfs-1024x576.jpg\" alt=\"\" class=\"wp-image-4800\" srcset=\"https:\/\/www.ufukonen.com\/tr\/wp-content\/uploads\/Attack_Header_b_1280x720_rfs-1024x576.jpg 1024w, https:\/\/www.ufukonen.com\/tr\/wp-content\/uploads\/Attack_Header_b_1280x720_rfs-300x169.jpg 300w, https:\/\/www.ufukonen.com\/tr\/wp-content\/uploads\/Attack_Header_b_1280x720_rfs-768x432.jpg 768w, https:\/\/www.ufukonen.com\/tr\/wp-content\/uploads\/Attack_Header_b_1280x720_rfs.jpg 1280w\" sizes=\"(max-width: 1024px) 100vw, 1024px\" \/><\/a><\/figure>\n\n\n\n<p>Attack s\u00fcresi, kompres\u00f6r \u00fczerindeki en kritik parametreleriden biridir. Sinyal seviyesi threshold seviyesini ge\u00e7ti\u011finde kompres\u00f6r\u00fcn devreye girip hangi s\u00fcrede sinyali \u00fczerindeki ayarlara g\u00f6re tam olarak s\u0131k\u0131\u015ft\u0131raca\u011f\u0131n\u0131 belirler. Milisaniye (ms, msec) cinsinden ifade edilir.<\/p>\n\n\n\n<p>Attack s\u00fcresinin en kritik parametrelerden biri olmas\u0131n\u0131n sebebleri, bir yandan kompres\u00f6r\u00fcn nas\u0131l bir h\u0131zda tepki verece\u011fini belirlemesi, bir yandan da sesin karakteristi\u011fi \u00fczerinde de\u011fi\u015fiklik yapma g\u00fcc\u00fcne sahip olmas\u0131d\u0131r. \u00d6rnek olarak vurmal\u0131 enstr\u00fcmanlarda \u00e7ok h\u0131zl\u0131 (\u00e7ok k\u0131sa) attack s\u00fcreleri transient\u2019lar\u0131 ezip enstr\u00fcman\u0131n dinamiklerini \u00f6ld\u00fcrebilir.<\/p>\n\n\n\n<p>Attack parametresinin ses \u00fczerinde yaratt\u0131\u011f\u0131 etkiyi g\u00f6rmek i\u00e7in bir sin\u00fcs dalgas\u0131 kullanabiliriz.<\/p>\n\n\n\n<p><a rel=\"noreferrer noopener\" href=\"https:\/\/www.ufukonen.com\/tr\/kompresor-attack-suresi-gorsel.html\" data-type=\"post\" data-id=\"4787\" target=\"_blank\">Devam\u0131n\u0131 okumak i\u00e7in t\u0131klay\u0131n\u0131z.<\/a><\/p>\n\n\n\n<hr class=\"wp-block-separator is-style-wide\"\/>\n\n\n\n<h3>Kompres\u00f6r Kullan\u0131m\u0131nda Threshold, Ratio ve Gain Reduction \u0130li\u015fkisi<\/h3>\n\n\n\n<figure class=\"wp-block-image size-large\"><a href=\"https:\/\/www.ufukonen.com\/tr\/kompresor-threshold-ratio-gain-reduction.html\" target=\"_blank\" rel=\"noopener\"><img loading=\"lazy\" width=\"1024\" height=\"576\" src=\"https:\/\/www.ufukonen.com\/tr\/wp-content\/uploads\/Kompresor_Threshold_Ratio_Gain_Reduction-1024x576.jpg\" alt=\"\" class=\"wp-image-6018\" srcset=\"https:\/\/www.ufukonen.com\/tr\/wp-content\/uploads\/Kompresor_Threshold_Ratio_Gain_Reduction-1024x576.jpg 1024w, https:\/\/www.ufukonen.com\/tr\/wp-content\/uploads\/Kompresor_Threshold_Ratio_Gain_Reduction-300x169.jpg 300w, https:\/\/www.ufukonen.com\/tr\/wp-content\/uploads\/Kompresor_Threshold_Ratio_Gain_Reduction-768x432.jpg 768w, https:\/\/www.ufukonen.com\/tr\/wp-content\/uploads\/Kompresor_Threshold_Ratio_Gain_Reduction-1536x864.jpg 1536w, https:\/\/www.ufukonen.com\/tr\/wp-content\/uploads\/Kompresor_Threshold_Ratio_Gain_Reduction-1140x641.jpg 1140w, https:\/\/www.ufukonen.com\/tr\/wp-content\/uploads\/Kompresor_Threshold_Ratio_Gain_Reduction-552x311.jpg 552w, https:\/\/www.ufukonen.com\/tr\/wp-content\/uploads\/Kompresor_Threshold_Ratio_Gain_Reduction.jpg 1920w\" sizes=\"(max-width: 1024px) 100vw, 1024px\" \/><\/a><\/figure>\n\n\n\n<p>Bir okuyucumdan kompres\u00f6r kullan\u0131m\u0131 ile ilgili bir mesaj ald\u0131m. Kompres\u00f6r kullan\u0131rken, \u00f6rnek olarak, e\u015fik (threshold) de\u011feri -20 dB civar\u0131nda, oran (ratio) ise 8:1 ayar\u0131ndayken 4 dB azaltma (gain reduction) elde etti\u011fini; ayn\u0131 kanalda kompres\u00f6r\u00fcn e\u015fik de\u011ferini -30 dB civar\u0131na, oran\u0131n\u0131 ise 2:1 ayar\u0131na \u00e7ekti\u011finde gain reduction olarak bir de\u011fi\u015fiklik olmad\u0131\u011f\u0131n\u0131, yine 4 dB azaltma elde etti\u011fini yazm\u0131\u015f.<\/p>\n\n\n\n<p>Okuyucum bu durum kar\u015f\u0131s\u0131nda threshold ve ratio de\u011ferlerinin \u00f6nemli olup olmad\u0131\u011f\u0131n\u0131 sormu\u015f. Evet, \u00f6nemli. Hemen neden \u00f6nemli oldu\u011funa bakal\u0131m\u2026<\/p>\n\n\n\n<p><a rel=\"noreferrer noopener\" href=\"https:\/\/www.ufukonen.com\/tr\/kompresor-threshold-ratio-gain-reduction.html\" data-type=\"post\" data-id=\"6013\" target=\"_blank\">Devam\u0131n\u0131 okumak i\u00e7in t\u0131klay\u0131n\u0131z.<\/a><\/p>\n\n\n\n<hr class=\"wp-block-separator is-style-wide\"\/>\n\n\n\n<h3>Kompres\u00f6r Teknikleri: Paralel, Seri ve Sidechain Kompres\u00f6r Kullan\u0131m\u0131<\/h3>\n\n\n\n<figure class=\"wp-block-image size-large\"><a href=\"https:\/\/www.ufukonen.com\/tr\/kompresor-teknikleri-1-paralel.html\" target=\"_blank\" rel=\"noopener\"><img loading=\"lazy\" width=\"1024\" height=\"576\" src=\"https:\/\/www.ufukonen.com\/tr\/wp-content\/uploads\/Kompresor_Teknikleri_00_Header-1024x576.jpg\" alt=\"\" class=\"wp-image-5423\" srcset=\"https:\/\/www.ufukonen.com\/tr\/wp-content\/uploads\/Kompresor_Teknikleri_00_Header-1024x576.jpg 1024w, https:\/\/www.ufukonen.com\/tr\/wp-content\/uploads\/Kompresor_Teknikleri_00_Header-300x169.jpg 300w, https:\/\/www.ufukonen.com\/tr\/wp-content\/uploads\/Kompresor_Teknikleri_00_Header-768x432.jpg 768w, https:\/\/www.ufukonen.com\/tr\/wp-content\/uploads\/Kompresor_Teknikleri_00_Header-1536x864.jpg 1536w, https:\/\/www.ufukonen.com\/tr\/wp-content\/uploads\/Kompresor_Teknikleri_00_Header.jpg 1920w\" sizes=\"(max-width: 1024px) 100vw, 1024px\" \/><\/a><\/figure>\n\n\n\n<p>\u00dc\u00e7 b\u00f6l\u00fcml\u00fck bu yaz\u0131 dizisinde s\u0131kl\u0131kla kullan\u0131lan \u00fc\u00e7 kompres\u00f6r tekni\u011fini anlat\u0131yorum. Bu teknikleri DAW i\u00e7inde nas\u0131l uygulayaca\u011f\u0131n\u0131z\u0131 Pro Tools ve Studio One ekran g\u00f6r\u00fcnt\u00fcleri ile a\u00e7\u0131klad\u0131m. Uygulamalar\u0131 Logic Pro, Cubase gibi di\u011fer DAW\u2019larda da benzer \u015fekillerde ger\u00e7ekle\u015ftirebilirsiniz.<\/p>\n\n\n\n<p><a rel=\"noreferrer noopener\" href=\"https:\/\/www.ufukonen.com\/tr\/kompresor-teknikleri-1-paralel.html\" target=\"_blank\">1. B\u00f6l\u00fcm: Paralel Kompres\u00f6r Kullan\u0131m\u0131<\/a><\/p>\n\n\n\n<p><a rel=\"noreferrer noopener\" href=\"https:\/\/www.ufukonen.com\/tr\/kompresor-teknikleri-2-seri.html\" target=\"_blank\">2. B\u00f6l\u00fcm: Seri Kompres\u00f6r Kullan\u0131m\u0131<\/a><\/p>\n\n\n\n<p><a rel=\"noreferrer noopener\" href=\"https:\/\/www.ufukonen.com\/tr\/kompresor-teknikleri-3-sidechain.html\" target=\"_blank\">3. B\u00f6l\u00fcm: Sidechain Kompres\u00f6r Kullan\u0131m\u0131<\/a><\/p>\n\n\n\n<hr class=\"wp-block-separator is-style-wide\"\/>\n\n\n\n<h3>Multiband Kompres\u00f6r<\/h3>\n\n\n\n<figure class=\"wp-block-image size-full\"><a href=\"https:\/\/www.ufukonen.com\/tr\/multiband-kompresor.html\" target=\"_blank\" rel=\"noopener\"><img loading=\"lazy\" width=\"800\" height=\"426\" src=\"https:\/\/www.ufukonen.com\/tr\/wp-content\/uploads\/Multiband_Kompresor_800px.jpg\" alt=\"\" class=\"wp-image-3058\" srcset=\"https:\/\/www.ufukonen.com\/tr\/wp-content\/uploads\/Multiband_Kompresor_800px.jpg 800w, https:\/\/www.ufukonen.com\/tr\/wp-content\/uploads\/Multiband_Kompresor_800px-300x160.jpg 300w, https:\/\/www.ufukonen.com\/tr\/wp-content\/uploads\/Multiband_Kompresor_800px-768x409.jpg 768w\" sizes=\"(max-width: 800px) 100vw, 800px\" \/><\/a><\/figure>\n\n\n\n<p>Standart bir kompres\u00f6r ile \u00e7al\u0131\u015f\u0131rken, sinyal seviyesi ayarlad\u0131\u011f\u0131m\u0131z e\u015fik seviyesinin (threshold) \u00fczerine \u00e7\u0131kt\u0131\u011f\u0131nda kompres\u00f6r devreye girer ve azaltma (gain reduction) uygular. Seviye, bas, mid veya tiz frekans aral\u0131klar\u0131ndan dolay\u0131 artm\u0131\u015f olabilir, fakat kompres\u00f6r seviye art\u0131\u015f\u0131n\u0131n hangi frekans aral\u0131\u011f\u0131nda oldu\u011funu ay\u0131rt edemez ve sinyalin tamam\u0131 \u00fczerinde azaltma uygular.<\/p>\n\n\n\n<p>Multiband kompres\u00f6r, sinyali frekans aral\u0131klar\u0131na b\u00f6ler ve her frekans aral\u0131\u011f\u0131n\u0131 ayr\u0131 ayr\u0131 s\u0131k\u0131\u015ft\u0131r\u0131r. Cihaz\u0131n yap\u0131s\u0131na g\u00f6re frekans aral\u0131klar\u0131 bas ve tiz olarak iki; bas, mid ve tiz olarak \u00fc\u00e7; bas, alt-mid, \u00fcst-mid ve tiz olarak d\u00f6rt ya da iyice ince ayarlar kullanarak daha fazla say\u0131da olabilir.<\/p>\n\n\n\n<p><a href=\"https:\/\/www.ufukonen.com\/tr\/multiband-kompresor.html\" data-type=\"post\" data-id=\"3052\" target=\"_blank\" rel=\"noreferrer noopener\">Devam\u0131n\u0131 okumak i\u00e7in t\u0131klay\u0131n\u0131z.<\/a><\/p>\n\n\n\n<hr class=\"wp-block-separator is-style-wide\"\/>\n\n\n\n<h3>Sidechain Multiband Kompres\u00f6r Kullan\u0131m\u0131<\/h3>\n\n\n\n<figure class=\"wp-block-image size-large\"><a href=\"https:\/\/www.ufukonen.com\/tr\/sidechain-multiband-kompresor.html\" target=\"_blank\" rel=\"noopener\"><img loading=\"lazy\" width=\"1024\" height=\"576\" src=\"https:\/\/www.ufukonen.com\/tr\/wp-content\/uploads\/Sidechain_Multiband_Kompresor_Kullanimi_00_Header-1024x576.jpg\" alt=\"\" class=\"wp-image-6512\" srcset=\"https:\/\/www.ufukonen.com\/tr\/wp-content\/uploads\/Sidechain_Multiband_Kompresor_Kullanimi_00_Header-1024x576.jpg 1024w, https:\/\/www.ufukonen.com\/tr\/wp-content\/uploads\/Sidechain_Multiband_Kompresor_Kullanimi_00_Header-300x169.jpg 300w, https:\/\/www.ufukonen.com\/tr\/wp-content\/uploads\/Sidechain_Multiband_Kompresor_Kullanimi_00_Header-768x432.jpg 768w, https:\/\/www.ufukonen.com\/tr\/wp-content\/uploads\/Sidechain_Multiband_Kompresor_Kullanimi_00_Header-1536x864.jpg 1536w, https:\/\/www.ufukonen.com\/tr\/wp-content\/uploads\/Sidechain_Multiband_Kompresor_Kullanimi_00_Header-1140x641.jpg 1140w, https:\/\/www.ufukonen.com\/tr\/wp-content\/uploads\/Sidechain_Multiband_Kompresor_Kullanimi_00_Header-552x311.jpg 552w, https:\/\/www.ufukonen.com\/tr\/wp-content\/uploads\/Sidechain_Multiband_Kompresor_Kullanimi_00_Header.jpg 1920w\" sizes=\"(max-width: 1024px) 100vw, 1024px\" \/><\/a><\/figure>\n\n\n\n<p>Gitarlar\u0131n \u00e7ok yo\u011fun oldu\u011fu bir par\u00e7ada vokale yer a\u00e7mak i\u00e7in gitarlar\u0131 gruplay\u0131p, gitar grubunu vokalin oldu\u011fu yerlerde sidechain tekni\u011fi ile biraz a\u015fa\u011f\u0131ya \u00e7ekmek m\u00fcmk\u00fcn. Peki bunu yapt\u0131\u011f\u0131n\u0131zda gitarlar\u0131n a\u011f\u0131rl\u0131\u011f\u0131nda bir azalma olursa ne yapmak laz\u0131m?<\/p>\n\n\n\n<p>Ba\u015fka bir \u015fekilde ifade edecek olursak, vokal varken gitarlar\u0131n \u201cbir t\u0131k\u201d azalmas\u0131n\u0131 istiyorsunuz ama bu azaltmay\u0131 sadece orta ve \u00fcst-orta frekanslarda yapmak, alt-orta frekanslar\u0131 bu azaltman\u0131n d\u0131\u015f\u0131nda tutarak gitarlar\u0131n g\u00f6vdesini ve a\u011f\u0131rl\u0131\u011f\u0131n\u0131 korumak istiyorsunuz. Bunun i\u00e7in ne yapmak laz\u0131m?<\/p>\n\n\n\n<p>\u00c7\u00f6z\u00fcm: sidechain multiband kompres\u00f6r tekni\u011fi.<\/p>\n\n\n\n<p><a href=\"https:\/\/www.ufukonen.com\/tr\/sidechain-multiband-kompresor.html\" data-type=\"post\" data-id=\"6509\" target=\"_blank\" rel=\"noreferrer noopener\">Devam\u0131n\u0131 okumak i\u00e7in t\u0131klay\u0131n\u0131z.<\/a><\/p>\n\n\n\n<hr class=\"wp-block-separator is-style-wide\"\/>\n\n\n\n<h3>Sidechain Kompres\u00f6r ve Ducking Teknikleri Aras\u0131ndaki Fark<\/h3>\n\n\n\n<figure class=\"wp-block-image size-large\"><a href=\"https:\/\/www.ufukonen.com\/tr\/sidechain-kompresor-ducking.html\" target=\"_blank\" rel=\"noopener\"><img loading=\"lazy\" width=\"1024\" height=\"576\" src=\"https:\/\/www.ufukonen.com\/tr\/wp-content\/uploads\/Sidechain_Kompresor_Ducking_00_Header-1024x576.jpg\" alt=\"\" class=\"wp-image-7274\" srcset=\"https:\/\/www.ufukonen.com\/tr\/wp-content\/uploads\/Sidechain_Kompresor_Ducking_00_Header-1024x576.jpg 1024w, https:\/\/www.ufukonen.com\/tr\/wp-content\/uploads\/Sidechain_Kompresor_Ducking_00_Header-300x169.jpg 300w, https:\/\/www.ufukonen.com\/tr\/wp-content\/uploads\/Sidechain_Kompresor_Ducking_00_Header-768x432.jpg 768w, https:\/\/www.ufukonen.com\/tr\/wp-content\/uploads\/Sidechain_Kompresor_Ducking_00_Header-1536x864.jpg 1536w, https:\/\/www.ufukonen.com\/tr\/wp-content\/uploads\/Sidechain_Kompresor_Ducking_00_Header-1140x641.jpg 1140w, https:\/\/www.ufukonen.com\/tr\/wp-content\/uploads\/Sidechain_Kompresor_Ducking_00_Header-552x311.jpg 552w, https:\/\/www.ufukonen.com\/tr\/wp-content\/uploads\/Sidechain_Kompresor_Ducking_00_Header.jpg 1920w\" sizes=\"(max-width: 1024px) 100vw, 1024px\" \/><\/a><\/figure>\n\n\n\n<p>Sidechain kompres\u00f6r ve ducking tekniklerinin genelde ayn\u0131 \u015feyler olduklar\u0131 d\u00fc\u015f\u00fcn\u00fcl\u00fcyor. Asl\u0131nda bu \u00e7ok da \u015fa\u015f\u0131rt\u0131c\u0131 de\u011fil. Yapt\u0131klar\u0131 i\u015fler birbirlerine benziyor. Her iki teknikte de bir sinyalin seviyesi, ba\u015fka bir sinyale ba\u011fl\u0131 olarak azalt\u0131l\u0131yor.&nbsp;<\/p>\n\n\n\n<p>Yapt\u0131klar\u0131 i\u015fler birbirlerine benziyor ama bu iki teknik t\u0131pat\u0131p ayn\u0131 de\u011fil. Aralar\u0131nda bir fark var.<\/p>\n\n\n\n<p><a href=\"https:\/\/www.ufukonen.com\/tr\/sidechain-kompresor-ducking.html\" data-type=\"post\" data-id=\"7267\" target=\"_blank\" rel=\"noreferrer noopener\">Devam\u0131n\u0131 okumak i\u00e7in t\u0131klay\u0131n\u0131z.<\/a><\/p>\n\n\n\n<hr class=\"wp-block-separator is-style-wide\"\/>\n\n\n\n<h3>Davul Miksi ve Kompres\u00f6r: Bir T\u00fcyo<\/h3>\n\n\n\n<figure class=\"wp-block-image size-large\"><a href=\"https:\/\/www.ufukonen.com\/tr\/davul-miksi-kompresor-tuyo.html\" target=\"_blank\" rel=\"noopener\"><img loading=\"lazy\" width=\"1024\" height=\"576\" src=\"https:\/\/www.ufukonen.com\/tr\/wp-content\/uploads\/Davul_Alt_Miksi_Kompresor_00_Header-1024x576.jpg\" alt=\"\" class=\"wp-image-6739\" srcset=\"https:\/\/www.ufukonen.com\/tr\/wp-content\/uploads\/Davul_Alt_Miksi_Kompresor_00_Header-1024x576.jpg 1024w, https:\/\/www.ufukonen.com\/tr\/wp-content\/uploads\/Davul_Alt_Miksi_Kompresor_00_Header-300x169.jpg 300w, https:\/\/www.ufukonen.com\/tr\/wp-content\/uploads\/Davul_Alt_Miksi_Kompresor_00_Header-768x432.jpg 768w, https:\/\/www.ufukonen.com\/tr\/wp-content\/uploads\/Davul_Alt_Miksi_Kompresor_00_Header-1536x864.jpg 1536w, https:\/\/www.ufukonen.com\/tr\/wp-content\/uploads\/Davul_Alt_Miksi_Kompresor_00_Header-1140x641.jpg 1140w, https:\/\/www.ufukonen.com\/tr\/wp-content\/uploads\/Davul_Alt_Miksi_Kompresor_00_Header-552x311.jpg 552w, https:\/\/www.ufukonen.com\/tr\/wp-content\/uploads\/Davul_Alt_Miksi_Kompresor_00_Header.jpg 1920w\" sizes=\"(max-width: 1024px) 100vw, 1024px\" \/><\/a><\/figure>\n\n\n\n<p>Davul grubu \u00fczerinde \u2018glue\u2019 veya ba\u015fka bir ama\u00e7la kulland\u0131\u011f\u0131n\u0131z kompres\u00f6r\u00fc davulun genel seviyesine g\u00f6re ayarlad\u0131\u011f\u0131n\u0131zda, kick her vurdu\u011funda y\u00fcksek seviyesinden dolay\u0131 kompres\u00f6r\u00fcn daha fazla s\u0131k\u0131\u015ft\u0131rma yapmas\u0131na yol a\u00e7acak, bu da b\u00fcy\u00fck ihtimalle davul \u00fczerinde \u201cpumping\u201d etkisi olu\u015fturacakt\u0131r. Efekt olarak kullan\u0131ld\u0131\u011f\u0131 zaman tamam ama istenmeyen bir \u015fekilde ortaya \u00e7\u0131kt\u0131\u011f\u0131nda \u201cpumping\u201d etkisinin ne kadar sevimsiz oldu\u011funu s\u00f6ylemeye gerek yok.<\/p>\n\n\n\n<p><a href=\"https:\/\/www.ufukonen.com\/tr\/davul-miksi-kompresor-tuyo.html\" data-type=\"post\" data-id=\"6732\" target=\"_blank\" rel=\"noreferrer noopener\">Devam\u0131n\u0131 okumak i\u00e7in t\u0131klay\u0131n\u0131z.<\/a><\/p>\n\n\n\n<hr class=\"wp-block-separator is-style-wide\"\/>\n\n\n\n<h2>Davul ve Perk\u00fcsyon \u0130\u00e7in Kompres\u00f6r T\u00fcyosu<\/h2>\n\n\n\n<figure class=\"wp-block-image size-large\"><a href=\"https:\/\/www.ufukonen.com\/tr\/davul-perkusyon-kompresor-tuyo.html\" target=\"_blank\" rel=\"noopener\"><img loading=\"lazy\" width=\"1024\" height=\"576\" src=\"https:\/\/www.ufukonen.com\/tr\/wp-content\/uploads\/Davul_Perkusyon_Kompresor_00_Header-1024x576.jpg\" alt=\"\" class=\"wp-image-7253\" srcset=\"https:\/\/www.ufukonen.com\/tr\/wp-content\/uploads\/Davul_Perkusyon_Kompresor_00_Header-1024x576.jpg 1024w, https:\/\/www.ufukonen.com\/tr\/wp-content\/uploads\/Davul_Perkusyon_Kompresor_00_Header-300x169.jpg 300w, https:\/\/www.ufukonen.com\/tr\/wp-content\/uploads\/Davul_Perkusyon_Kompresor_00_Header-768x432.jpg 768w, https:\/\/www.ufukonen.com\/tr\/wp-content\/uploads\/Davul_Perkusyon_Kompresor_00_Header-1536x864.jpg 1536w, https:\/\/www.ufukonen.com\/tr\/wp-content\/uploads\/Davul_Perkusyon_Kompresor_00_Header-1140x641.jpg 1140w, https:\/\/www.ufukonen.com\/tr\/wp-content\/uploads\/Davul_Perkusyon_Kompresor_00_Header-552x311.jpg 552w, https:\/\/www.ufukonen.com\/tr\/wp-content\/uploads\/Davul_Perkusyon_Kompresor_00_Header.jpg 1920w\" sizes=\"(max-width: 1024px) 100vw, 1024px\" \/><\/a><\/figure>\n\n\n\n<p>Mikste enstr\u00fcmanlar\u0131 \u00f6ne almak yani dinleyiciye yakla\u015ft\u0131rmak ya da geriye itmek i\u00e7in ne yapabiliriz?<\/p>\n\n\n\n<ul><li>Kanallar\u0131n seviyelerini ayarlar\u0131z.<\/li><li>EQ ile frekans dengelerinde de\u011fi\u015fiklikler yapar\u0131z.<\/li><li>Delay ve reverb gibi efektler kullan\u0131r\u0131z.<\/li><\/ul>\n\n\n\n<p>Bildi\u011finiz ya da tahmin edebilece\u011finiz gibi, bu sorunun tek bir cevab\u0131 yok. Duruma g\u00f6re bunlardan birini veya ayn\u0131 anda hepsini de yapabiliriz.<\/p>\n\n\n\n<p>Peki, bunlara ek olarak yeni bir cevap \u015f\u0131kk\u0131 eklesem ve kompres\u00f6r kullanabiliriz desem?<\/p>\n\n\n\n<p>\u00d6zellikle vurmal\u0131 \u00e7alg\u0131lar ve davul i\u00e7in\u2026<\/p>\n\n\n\n<p><a href=\"https:\/\/www.ufukonen.com\/tr\/davul-perkusyon-kompresor-tuyo.html\" data-type=\"post\" data-id=\"7249\" target=\"_blank\" rel=\"noreferrer noopener\">Devam\u0131n\u0131 okumak i\u00e7in t\u0131klay\u0131n\u0131z.<\/a><\/p>\n\n\n\n<hr class=\"wp-block-separator is-style-wide\"\/>\n\n\n\n<h3>\u00d6nce Kompres\u00f6r m\u00fc, Yoksa EQ mu? Kompres\u00f6r ve EQ Kullan\u0131m\u0131nda S\u0131ralama Nas\u0131l Olmal\u0131?<\/h3>\n\n\n\n<figure class=\"wp-block-image size-large\"><a href=\"https:\/\/www.ufukonen.com\/tr\/kompresor-eq-kullaniminda-siralama.html\" target=\"_blank\" rel=\"noopener\"><img loading=\"lazy\" width=\"1024\" height=\"576\" src=\"https:\/\/www.ufukonen.com\/tr\/wp-content\/uploads\/Kompresor_EQ_Once_Hangisi_720-1024x576.jpg\" alt=\"\" class=\"wp-image-3899\" srcset=\"https:\/\/www.ufukonen.com\/tr\/wp-content\/uploads\/Kompresor_EQ_Once_Hangisi_720-1024x576.jpg 1024w, https:\/\/www.ufukonen.com\/tr\/wp-content\/uploads\/Kompresor_EQ_Once_Hangisi_720-300x169.jpg 300w, https:\/\/www.ufukonen.com\/tr\/wp-content\/uploads\/Kompresor_EQ_Once_Hangisi_720-768x432.jpg 768w, https:\/\/www.ufukonen.com\/tr\/wp-content\/uploads\/Kompresor_EQ_Once_Hangisi_720.jpg 1280w\" sizes=\"(max-width: 1024px) 100vw, 1024px\" \/><\/a><\/figure>\n\n\n\n<p>\u00d6nce kompres\u00f6r m\u00fc, yoksa EQ mu? Bu, hep sorulan ve tart\u0131\u015f\u0131lan klasik bir konu. Tek bir cevab\u0131 yok. Cevap hem duruma g\u00f6re hem de miksi yapan ki\u015finin teknik ve estetik yakla\u015f\u0131m\u0131na g\u00f6re de\u011fi\u015fiyor.<\/p>\n\n\n\n<p>Bu soruyu&nbsp;<em><a href=\"https:\/\/www.ufukonen.com\/tr\/muzik-produksiyonlarinda-miks-teknikleri.html\" target=\"_blank\" rel=\"noreferrer noopener\">Miks \u00dczerine: M\u00fczik Prod\u00fcksiyonlar\u0131nda Miks Teknikleri ve \u00c7e\u015fitli Yakla\u015f\u0131mlar<\/a>&nbsp;<\/em>adl\u0131 kitab\u0131m i\u00e7in r\u00f6portaj yapt\u0131\u011f\u0131m t\u00fcm de\u011ferli m\u00fczik insanlar\u0131na sormu\u015ftum. Tahmin etti\u011fim gibi hepsinden farkl\u0131 farkl\u0131 cevaplar geldi.<\/p>\n\n\n\n<p>Cevaplar\u0131 toplu bir \u015fekilde kitaptaki r\u00f6portaj s\u0131ras\u0131 ile a\u015fa\u011f\u0131da sizlerle payla\u015faca\u011f\u0131m ama ondan \u00f6nce ben kendi yakla\u015f\u0131m\u0131m\u0131 size aktarmak istiyorum.<\/p>\n\n\n\n<p><a href=\"https:\/\/www.ufukonen.com\/tr\/kompresor-eq-kullaniminda-siralama.html\" data-type=\"post\" data-id=\"3896\" target=\"_blank\" rel=\"noreferrer noopener\">Devam\u0131n\u0131 okumak i\u00e7in t\u0131klay\u0131n\u0131z.<\/a><\/p>\n\n\n\n<hr class=\"wp-block-separator is-style-wide\"\/>\n\n\n\n<h3>Kompres\u00f6r \/ Limiter Lookahead \u00d6zelli\u011fi<\/h3>\n\n\n\n<figure class=\"wp-block-image size-large\"><a href=\"https:\/\/www.ufukonen.com\/tr\/lookahead-ozelligi.html\" target=\"_blank\" rel=\"noopener\"><img loading=\"lazy\" width=\"1024\" height=\"576\" src=\"https:\/\/www.ufukonen.com\/tr\/wp-content\/uploads\/Lookahead_Ozelligi-1024x576.jpg\" alt=\"\" class=\"wp-image-4654\" srcset=\"https:\/\/www.ufukonen.com\/tr\/wp-content\/uploads\/Lookahead_Ozelligi-1024x576.jpg 1024w, https:\/\/www.ufukonen.com\/tr\/wp-content\/uploads\/Lookahead_Ozelligi-300x169.jpg 300w, https:\/\/www.ufukonen.com\/tr\/wp-content\/uploads\/Lookahead_Ozelligi-768x432.jpg 768w, https:\/\/www.ufukonen.com\/tr\/wp-content\/uploads\/Lookahead_Ozelligi.jpg 1920w\" sizes=\"(max-width: 1024px) 100vw, 1024px\" \/><\/a><\/figure>\n\n\n\n<p>Kompres\u00f6r veya limiter \u00fczerindeki attack parametresini ne kadar k\u0131sa bir s\u00fcreye ayarlarsak ayarlayal\u0131m, bazen sinyaldeki \u00e7ok h\u0131zl\u0131 y\u00fckselmeler, di\u011fer bir deyi\u015fle ani olarak olu\u015fan peak noktalar\u0131, kompres\u00f6r veya limiter\u2019a yakalanmadan \u201cka\u00e7abiliyor\u201d.&nbsp;Baz\u0131 kompres\u00f6r ve limiter\u2019lar\u0131n \u00fczerinde bulunan lookahead \u00f6zelli\u011fi ile bu ka\u00e7aklar\u0131 \u00f6nlemek m\u00fcmk\u00fcn olabiliyor.<\/p>\n\n\n\n<p><a href=\"https:\/\/www.ufukonen.com\/tr\/lookahead-ozelligi.html\" data-type=\"post\" data-id=\"4645\" target=\"_blank\" rel=\"noreferrer noopener\">Devam\u0131n\u0131 okumak i\u00e7in t\u0131klay\u0131n\u0131z.<\/a><\/p>\n\n\n\n<hr class=\"wp-block-separator is-style-wide\"\/>\n\n\n\n<h3>Peki Ya Kullanmak \u0130stedi\u011fimiz Kompres\u00f6r \u00dczerinde Lookahead \u00d6zelli\u011fi Yoksa?<\/h3>\n\n\n\n<figure class=\"wp-block-image size-large\"><a href=\"https:\/\/www.ufukonen.com\/tr\/lookahead-ozelligi-manuel.html\" target=\"_blank\" rel=\"noopener\"><img loading=\"lazy\" width=\"1024\" height=\"576\" src=\"https:\/\/www.ufukonen.com\/tr\/wp-content\/uploads\/Lookahead_Ozelligi_Manuel-1024x576.jpg\" alt=\"\" class=\"wp-image-4680\" srcset=\"https:\/\/www.ufukonen.com\/tr\/wp-content\/uploads\/Lookahead_Ozelligi_Manuel-1024x576.jpg 1024w, https:\/\/www.ufukonen.com\/tr\/wp-content\/uploads\/Lookahead_Ozelligi_Manuel-300x169.jpg 300w, https:\/\/www.ufukonen.com\/tr\/wp-content\/uploads\/Lookahead_Ozelligi_Manuel-768x432.jpg 768w, https:\/\/www.ufukonen.com\/tr\/wp-content\/uploads\/Lookahead_Ozelligi_Manuel.jpg 1920w\" sizes=\"(max-width: 1024px) 100vw, 1024px\" \/><\/a><\/figure>\n\n\n\n<p>Lookahead \u00f6zelli\u011fi baz\u0131 durumlarda ger\u00e7ekten \u00e7ok faydal\u0131 olabiliyor ama maalesef baz\u0131 plug-in\u2019ler \u00fczerinde bu \u00f6zellik bulunmuyor.<\/p>\n\n\n\n<p>Olsun. Problem de\u011fil! Plug-in \u00fczerinde olmada lookahead \u00f6zelli\u011fini manuel olarak elde edebilirsiniz.<\/p>\n\n\n\n<p>Yap\u0131lmas\u0131 gereken asl\u0131nda \u00e7ok basit. Ben burada Pro Tools \u00fczerinden \u00f6rnek vererek anlataca\u011f\u0131m ama bu tekni\u011fi di\u011fer DAW\u2019lar i\u00e7inde de benzer \u015fekillerde uygulayabilirsiniz.<\/p>\n\n\n\n<p><a href=\"https:\/\/www.ufukonen.com\/tr\/lookahead-ozelligi-manuel.html\" data-type=\"post\" data-id=\"4662\" target=\"_blank\" rel=\"noreferrer noopener\">Devam\u0131n\u0131 okumak i\u00e7in t\u0131klay\u0131n\u0131z.<\/a><\/p>\n\n\n\n<hr class=\"wp-block-separator is-style-wide\"\/>\n\n\n\n<h3>1176 Kompres\u00f6rler ve All-Button Mode<\/h3>\n\n\n\n<figure class=\"wp-block-image size-large\"><a href=\"https:\/\/www.ufukonen.com\/tr\/1176-all-button-mode.html\" target=\"_blank\" rel=\"noopener\"><img loading=\"lazy\" width=\"1024\" height=\"576\" src=\"https:\/\/www.ufukonen.com\/tr\/wp-content\/uploads\/1176_All_Button_Mode_00_Header-1024x576.jpg\" alt=\"\" class=\"wp-image-6830\" srcset=\"https:\/\/www.ufukonen.com\/tr\/wp-content\/uploads\/1176_All_Button_Mode_00_Header-1024x576.jpg 1024w, https:\/\/www.ufukonen.com\/tr\/wp-content\/uploads\/1176_All_Button_Mode_00_Header-300x169.jpg 300w, https:\/\/www.ufukonen.com\/tr\/wp-content\/uploads\/1176_All_Button_Mode_00_Header-768x432.jpg 768w, https:\/\/www.ufukonen.com\/tr\/wp-content\/uploads\/1176_All_Button_Mode_00_Header-1536x864.jpg 1536w, https:\/\/www.ufukonen.com\/tr\/wp-content\/uploads\/1176_All_Button_Mode_00_Header-1140x641.jpg 1140w, https:\/\/www.ufukonen.com\/tr\/wp-content\/uploads\/1176_All_Button_Mode_00_Header-552x311.jpg 552w, https:\/\/www.ufukonen.com\/tr\/wp-content\/uploads\/1176_All_Button_Mode_00_Header.jpg 1920w\" sizes=\"(max-width: 1024px) 100vw, 1024px\" \/><\/a><\/figure>\n\n\n\n<p>Bill Putnam taraf\u0131ndan tasarlanan ve orijinal olarak 1967 y\u0131l\u0131nda Urei firmas\u0131, daha sonra da Universal Audio taraf\u0131ndan \u00fcretilen 1176 kompres\u00f6rlerde d\u00f6rt farkl\u0131 oran (ratio) bulunur: 4:1, 8:1, 12:1 ve 20:1. Hikayeye g\u00f6re bir g\u00fcn, bilinmeyen bir st\u00fcdyoda, ad\u0131 bilinmeyen bir ses m\u00fchendisi Urei 1176 \u00fczerinde bulunan oran tu\u015flar\u0131n\u0131n d\u00f6rd\u00fcne birden ayn\u0131 anda basar ve \u00e7ok \u00f6zg\u00fcn bir ton elde eder.<\/p>\n\n\n\n<p>O ses m\u00fchendisi bunu bilerek mi yoksa yanl\u0131\u015fl\u0131kla m\u0131 yapt\u0131 ya da bu hikaye do\u011fru mu de\u011fil mi kimse tam olarak bilmiyor. Ancak bu d\u00f6rt tu\u015fa ayn\u0131 anda bas\u0131p o tonu elde etme i\u015fi ger\u00e7ek.<\/p>\n\n\n\n<p><a href=\"https:\/\/www.ufukonen.com\/tr\/1176-all-button-mode.html\" data-type=\"post\" data-id=\"6827\" target=\"_blank\" rel=\"noreferrer noopener\">Devam\u0131n\u0131 okumak i\u00e7in t\u0131klay\u0131n\u0131z.<\/a><\/p>\n\n\n\n<hr class=\"wp-block-separator is-style-wide\"\/>\n\n\n\n<h3>Favori Kompres\u00f6r Plug-in\u2019lerim<\/h3>\n\n\n\n<figure class=\"wp-block-image size-large\"><a href=\"https:\/\/www.ufukonen.com\/tr\/favori-kompresor-plugin.html\" target=\"_blank\" rel=\"noopener\"><img loading=\"lazy\" width=\"1024\" height=\"576\" src=\"https:\/\/www.ufukonen.com\/tr\/wp-content\/uploads\/Favori_Kompressor_Pluginlerim_00_Header-1024x576.jpg\" alt=\"\" class=\"wp-image-6860\" srcset=\"https:\/\/www.ufukonen.com\/tr\/wp-content\/uploads\/Favori_Kompressor_Pluginlerim_00_Header-1024x576.jpg 1024w, https:\/\/www.ufukonen.com\/tr\/wp-content\/uploads\/Favori_Kompressor_Pluginlerim_00_Header-300x169.jpg 300w, https:\/\/www.ufukonen.com\/tr\/wp-content\/uploads\/Favori_Kompressor_Pluginlerim_00_Header-768x432.jpg 768w, https:\/\/www.ufukonen.com\/tr\/wp-content\/uploads\/Favori_Kompressor_Pluginlerim_00_Header-1536x864.jpg 1536w, https:\/\/www.ufukonen.com\/tr\/wp-content\/uploads\/Favori_Kompressor_Pluginlerim_00_Header-1140x641.jpg 1140w, https:\/\/www.ufukonen.com\/tr\/wp-content\/uploads\/Favori_Kompressor_Pluginlerim_00_Header-552x311.jpg 552w, https:\/\/www.ufukonen.com\/tr\/wp-content\/uploads\/Favori_Kompressor_Pluginlerim_00_Header.jpg 1920w\" sizes=\"(max-width: 1024px) 100vw, 1024px\" \/><\/a><\/figure>\n\n\n\n<p>Bu yaz\u0131mda sizlerle en be\u011fendi\u011fim kompres\u00f6r plug-in\u2019lerini payla\u015fmak istiyorum. Ba\u015flamadan \u00f6nce alt\u0131n\u0131 \u00e7izmek istedi\u011fim bir nokta var: Bu bir \u201cen iyi kompres\u00f6r plug-in\u2019leri listesi\u201d de\u011fil. Bu, benim be\u011fendi\u011fim plug-in\u2019lerden olu\u015fan tamamen \u015fahsi bir liste. Buradakilerin en iyi oldu\u011fu gibi bir iddiam yok. Di\u011fer yandan, bunun geli\u015fig\u00fczel haz\u0131rlanm\u0131\u015f bir liste olmad\u0131\u011f\u0131n\u0131, bu se\u00e7imleri y\u0131llar\u0131n tecr\u00fcbesi ile yapt\u0131\u011f\u0131m\u0131 da belirtmek isterim.<\/p>\n\n\n\n<p><a href=\"https:\/\/www.ufukonen.com\/tr\/favori-kompresor-plugin.html\" data-type=\"post\" data-id=\"6844\" target=\"_blank\" rel=\"noreferrer noopener\">Devam\u0131n\u0131 okumak i\u00e7in t\u0131klay\u0131n\u0131z.<\/a><\/p>\n\n\n\n<hr class=\"wp-block-separator is-style-wide\"\/>\n\n\n\n<p>Teknik terimler i\u00e7in <a href=\"http:\/\/www.ufukonen.com\/tr\/ses-kayit-muzik-teknolojisi-terimler-sozluk.html\">m\u00fczik teknolojisi, m\u00fczik prod\u00fcksiyonu ve ses kay\u0131t terimleri s\u00f6zl\u00fc\u011f\u00fcne<\/a> g\u00f6z atabilirsiniz.<\/p>\n\n\n\n<p>Benzer payla\u015f\u0131mlar i\u00e7in beni <a rel=\"noreferrer noopener\" href=\"https:\/\/www.facebook.com\/ufukonen.skmt\/\" target=\"_blank\">Facebook<\/a>, <a href=\"https:\/\/www.instagram.com\/ufukonen\/\" target=\"_blank\" rel=\"noreferrer noopener\" aria-label=\"Instagram (opens in a new tab)\">Instagram<\/a> ve <a rel=\"noreferrer noopener\" href=\"https:\/\/twitter.com\/UfukOnen\" target=\"_blank\">Twitter<\/a>&#8216;da takip edebilir, haberler i\u00e7in <a rel=\"noreferrer noopener\" href=\"http:\/\/ufukonen.com\/tr\/ses-kayit-muzik-teknolojisi-terimler-sozluk.html\" target=\"_blank\">mesaj listeme \u00fcye olabilirsiniz<\/a>. Te\u015fekk\u00fcrler.<\/p>\n\n\n\n<p>\u00a9 2022 Ufuk \u00d6nen. Her hakk\u0131 sakl\u0131d\u0131r. \u0130zinsiz kullan\u0131lamaz.<\/p>\n","protected":false},"excerpt":{"rendered":"<p class=\"post-excerpt\">Kompres\u00f6r \u00fczerine daha \u00f6nce yazd\u0131\u011f\u0131m yaz\u0131lar\u0131 tek bir \u00e7at\u0131 alt\u0131nda toplay\u0131p bir mini rehber olu\u015fturdum. Linkleri ve a\u00e7\u0131klamalar\u0131 a\u015fa\u011f\u0131ya ekliyorum&#8230;.<\/p>\n","protected":false},"author":2,"featured_media":7452,"comment_status":"closed","ping_status":"open","sticky":true,"template":"","format":"standard","meta":{"_mi_skip_tracking":false,"spay_email":"","jetpack_publicize_message":"","jetpack_is_tweetstorm":false,"jetpack_publicize_feature_enabled":true},"categories":[16,18],"tags":[],"jetpack_featured_media_url":"https:\/\/www.ufukonen.com\/tr\/wp-content\/uploads\/Kompresor_Mini_Rehber_00_Header.jpg","jetpack_publicize_connections":[],"jetpack_shortlink":"https:\/\/wp.me\/p3rjsG-1W6","jetpack_sharing_enabled":true,"jetpack-related-posts":[{"id":8136,"url":"https:\/\/www.ufukonen.com\/tr\/kompresor-kullaniminda-yapilan-7-yanlis.html","url_meta":{"origin":7446,"position":0},"title":"Kompres\u00f6r Kullan\u0131m\u0131nda Yap\u0131lan 7 Yanl\u0131\u015f","date":"November 13, 2023","format":false,"excerpt":"Bu yaz\u0131mda sizlerle \u00f6zellikle m\u00fczik prod\u00fcksiyonuna yeni ba\u015flayanlar\u0131n kompres\u00f6r kullan\u0131m\u0131nda s\u0131kl\u0131kla yapt\u0131\u011f\u0131 yedi yanl\u0131\u015f\u0131 payla\u015faca\u011f\u0131m. Bu yanl\u0131\u015flardan birini veya birka\u00e7\u0131n\u0131 siz de yap\u0131yor olabilirsiniz. Yap\u0131yorsan\u0131z sorun de\u011fil. Yanl\u0131\u015flar\u0131 d\u00fczeltmek o kadar da zor de\u011fil. \u00d6nemli olan yanl\u0131\u015f\u0131n yanl\u0131\u015f oldu\u011funu tespit edebilmek.\u00a0 Hemen ba\u015flayal\u0131m... 1. Ezberden veya Otomatik Olarak Kompres\u00f6r Kullanmak\u00a0\u2026","rel":"","context":"In &quot;M\u00fczik Prod\u00fcksiyonu&quot;","img":{"alt_text":"","src":"https:\/\/i0.wp.com\/www.ufukonen.com\/tr\/wp-content\/uploads\/Kompresor_Kullanirken_Yapilan_7_Yanlis_00_Header.jpg?resize=350%2C200&ssl=1","width":350,"height":200},"classes":[]},{"id":7824,"url":"https:\/\/www.ufukonen.com\/tr\/2022-en-cok-okunan-2.html","url_meta":{"origin":7446,"position":1},"title":"2022 \u0130\u00e7inde En \u00c7ok Okunan Blog Yaz\u0131lar\u0131m (2. B\u00f6l\u00fcm)","date":"December 19, 2022","format":false,"excerpt":"2022\u2019yi kapat\u0131rken y\u0131l i\u00e7inde en \u00e7ok okunan blog yaz\u0131lar\u0131m\u0131 sizlerle payla\u015fmak istedim. \u0130ki liste haz\u0131rlad\u0131m: 1- \u00d6nceki y\u0131llarda (2012-2021) yay\u0131nlanm\u0131\u015f olan yaz\u0131lardan 2022 i\u00e7inde en \u00e7ok okunanlar (buraya t\u0131klayarak g\u00f6r\u00fcnt\u00fcleyebilirsiniz). 2- En \u00e7ok okunan 2022 tarihli yaz\u0131lar\u0131m (a\u015fa\u011f\u0131daki liste). Yaz\u0131lar\u0131, ba\u015fl\u0131klar\u0131n\u0131n ya da g\u00f6rsellerinin \u00fczerine t\u0131klayarak okuyabilirsiniz. G\u00f6stermi\u015f oldu\u011funuz ilgi\u2026","rel":"","context":"In &quot;Konferans&quot;","img":{"alt_text":"","src":"https:\/\/i0.wp.com\/www.ufukonen.com\/tr\/wp-content\/uploads\/2022_En_Cok_Okunan_2_00_Header.jpg?resize=350%2C200&ssl=1","width":350,"height":200},"classes":[]},{"id":7050,"url":"https:\/\/www.ufukonen.com\/tr\/2021-en-cok-okunan.html","url_meta":{"origin":7446,"position":2},"title":"2021 \u0130\u00e7inde En \u00c7ok Okunan Blog Yaz\u0131lar\u0131m","date":"December 20, 2021","format":false,"excerpt":"2021'i kapat\u0131rken y\u0131l i\u00e7inde en \u00e7ok okunan blog yaz\u0131lar\u0131m\u0131 sizlerle payla\u015fmak istedim. \u0130ki liste haz\u0131rlad\u0131m: 1- En \u00e7ok okunan 2021 tarihli yaz\u0131lar\u0131m. 2- \u00d6nceki y\u0131llarda (2012-2020) yay\u0131nlanm\u0131\u015f olan yaz\u0131lardan 2021 i\u00e7inde en \u00e7ok okunanlar. Yaz\u0131lar\u0131, ba\u015fl\u0131klar\u0131n\u0131n ya da g\u00f6rsellerinin \u00fczerine t\u0131klayarak okuyabilirsiniz. G\u00f6stermi\u015f oldu\u011funuz ilgi i\u00e7in \u00e7ok te\u015fekk\u00fcr ederim! 2022'de\u2026","rel":"","context":"In &quot;M\u00fczik&quot;","img":{"alt_text":"","src":"https:\/\/i0.wp.com\/www.ufukonen.com\/tr\/wp-content\/uploads\/2020-en-cok-okunan_720.jpg?resize=350%2C200&ssl=1","width":350,"height":200},"classes":[]},{"id":8191,"url":"https:\/\/www.ufukonen.com\/tr\/2023-en-cok-okunan.html","url_meta":{"origin":7446,"position":3},"title":"2023 Y\u0131l\u0131nda En \u00c7ok Okunan Blog Yaz\u0131lar\u0131m","date":"December 27, 2023","format":false,"excerpt":"Blog yaz\u0131lar\u0131m\u0131 takip edenler bilirler, her senenin sonunda o y\u0131l en \u00e7ok okunan blog yaz\u0131lar\u0131m\u0131 liste haline getirip okuyucular\u0131mla payla\u015f\u0131r\u0131m. 2023 i\u00e7in de farkl\u0131 bir durum yok. Liste haz\u0131r ancak listeden \u00f6nce bu y\u0131l beni mesleki a\u00e7\u0131dan en \u00e7ok heyecanland\u0131ran geli\u015fmeyi payla\u015fmak istiyorum. 2023 y\u0131l\u0131nda beni en \u00e7ok heyecanland\u0131ran geli\u015fme,\u2026","rel":"","context":"In &quot;M\u00fczik End\u00fcstrisi&quot;","img":{"alt_text":"","src":"https:\/\/i0.wp.com\/www.ufukonen.com\/tr\/wp-content\/uploads\/2023_En_Cok_Okunan_00_Header.jpg?resize=350%2C200&ssl=1","width":350,"height":200},"classes":[]},{"id":6447,"url":"https:\/\/www.ufukonen.com\/tr\/vokal-miksi-rehber-2.html","url_meta":{"origin":7446,"position":4},"title":"Vokal Miksi i\u00e7in Mini Rehber (2. B\u00f6l\u00fcm)","date":"March 22, 2021","format":false,"excerpt":"Bu yaz\u0131mda vokal miksi i\u00e7in kullanabilece\u011finiz sekiz ba\u015fl\u0131ktan olu\u015fan bir mini rehber haz\u0131rlad\u0131m. Her ba\u015fl\u0131\u011f\u0131n alt\u0131nda ilgili yaz\u0131lar\u0131n linklerini ekledim. \u0130lk olarak 22 Mart 2021'de yay\u0131nlanm\u0131\u015f olan bu mini rehber, 8 A\u011fustos 2022, 28 Kas\u0131m 2022, 20 Mart 2023 ve 7 A\u011fustos 2025 tarihlerinde g\u00fcncellenmi\u015ftir. Filtre ve EQKompres\u00f6rEQDe-esserSidechain Kompres\u00f6r Kullan\u0131m\u0131Saturation,\u2026","rel":"","context":"In &quot;M\u00fczik Prod\u00fcksiyonu&quot;","img":{"alt_text":"","src":"https:\/\/i0.wp.com\/www.ufukonen.com\/tr\/wp-content\/uploads\/Vokal_Miksi_Mini_Rehber_00_Header.jpg?resize=350%2C200&ssl=1","width":350,"height":200},"classes":[]},{"id":6445,"url":"https:\/\/www.ufukonen.com\/tr\/vokal-miksi-rehber-1.html","url_meta":{"origin":7446,"position":5},"title":"Vokal Miksi i\u00e7in Mini Rehber (1. B\u00f6l\u00fcm)","date":"March 15, 2021","format":false,"excerpt":"Bu yaz\u0131mda vokal miksi i\u00e7in kullanabilece\u011finiz sekiz ba\u015fl\u0131ktan olu\u015fan bir mini rehber haz\u0131rlad\u0131m. Her ba\u015fl\u0131\u011f\u0131n alt\u0131nda ilgili yaz\u0131lar\u0131n linklerini ekledim. \u0130lk olarak 22 Mart 2021'de yay\u0131nlanm\u0131\u015f olan bu mini rehber, 8 A\u011fustos 2022, 28 Kas\u0131m 2022, 20 Mart 2023 ve 7 A\u011fustos 2025 tarihlerinde g\u00fcncellenmi\u015ftir. Filtre ve EQKompres\u00f6rEQDe-esserSidechain Kompres\u00f6r Kullan\u0131m\u0131Saturation,\u2026","rel":"","context":"In &quot;M\u00fczik Prod\u00fcksiyonu&quot;","img":{"alt_text":"","src":"https:\/\/i0.wp.com\/www.ufukonen.com\/tr\/wp-content\/uploads\/Vokal_Miksi_Mini_Rehber_00_Header.jpg?resize=350%2C200&ssl=1","width":350,"height":200},"classes":[]}],"_links":{"self":[{"href":"https:\/\/www.ufukonen.com\/tr\/wp-json\/wp\/v2\/posts\/7446"}],"collection":[{"href":"https:\/\/www.ufukonen.com\/tr\/wp-json\/wp\/v2\/posts"}],"about":[{"href":"https:\/\/www.ufukonen.com\/tr\/wp-json\/wp\/v2\/types\/post"}],"author":[{"embeddable":true,"href":"https:\/\/www.ufukonen.com\/tr\/wp-json\/wp\/v2\/users\/2"}],"replies":[{"embeddable":true,"href":"https:\/\/www.ufukonen.com\/tr\/wp-json\/wp\/v2\/comments?post=7446"}],"version-history":[{"count":16,"href":"https:\/\/www.ufukonen.com\/tr\/wp-json\/wp\/v2\/posts\/7446\/revisions"}],"predecessor-version":[{"id":7473,"href":"https:\/\/www.ufukonen.com\/tr\/wp-json\/wp\/v2\/posts\/7446\/revisions\/7473"}],"wp:featuredmedia":[{"embeddable":true,"href":"https:\/\/www.ufukonen.com\/tr\/wp-json\/wp\/v2\/media\/7452"}],"wp:attachment":[{"href":"https:\/\/www.ufukonen.com\/tr\/wp-json\/wp\/v2\/media?parent=7446"}],"wp:term":[{"taxonomy":"category","embeddable":true,"href":"https:\/\/www.ufukonen.com\/tr\/wp-json\/wp\/v2\/categories?post=7446"},{"taxonomy":"post_tag","embeddable":true,"href":"https:\/\/www.ufukonen.com\/tr\/wp-json\/wp\/v2\/tags?post=7446"}],"curies":[{"name":"wp","href":"https:\/\/api.w.org\/{rel}","templated":true}]}}