{"id":7515,"date":"2022-08-01T01:00:00","date_gmt":"2022-07-31T22:00:00","guid":{"rendered":"https:\/\/www.ufukonen.com\/tr\/?p=7515"},"modified":"2023-01-30T01:07:49","modified_gmt":"2023-01-29T22:07:49","slug":"vokal-hava-parlaklik","status":"publish","type":"post","link":"https:\/\/www.ufukonen.com\/tr\/vokal-hava-parlaklik.html","title":{"rendered":"Vokale &#8220;Hava&#8221; ve &#8220;Parlakl\u0131k&#8221; Katmak \u0130\u00e7in Bir Teknik"},"content":{"rendered":"\n<p>Bu yaz\u0131mda sizlerle vokale &#8220;hava&#8221; ve &#8220;parlakl\u0131k&#8221; katmak i\u00e7in i\u00e7in basit ama olduk\u00e7a etkili bir teknik payla\u015fmak istiyorum. Bu teknik bana ait de\u011fil. F. Reid Shippen taraf\u0131ndan \u00e7ekilen bir videoda kar\u015f\u0131ma \u00e7\u0131kt\u0131. Videoyu <a href=\"https:\/\/youtu.be\/nB2PJVbZfRE\" target=\"_blank\" rel=\"noreferrer noopener\">buraya t\u0131klayarak<\/a> izleyebilirsiniz. <\/p>\n\n\n\n<p>Shippen, bu tekni\u011fi Izotope Nectar kullanarak uyguluyor. Ben Pro Tools ile birlikte gelen plug-in&#8217;leri kulland\u0131m. Siz de kulland\u0131\u011f\u0131n\u0131z DAW&#8217;\u0131n i\u00e7indeki stok plug-in&#8217;leri ya da tercih etti\u011finiz ba\u015fka plug-in&#8217;leri kullanarak bu tekni\u011fi uygulayabilirsiniz.<\/p>\n\n\n\n<div style=\"height:25px\" aria-hidden=\"true\" class=\"wp-block-spacer\"><\/div>\n\n\n\n<h3>Birinci ad\u0131m<\/h3>\n\n\n\n<p>Vokal kanal\u0131n\u0131 kopyalay\u0131n.<\/p>\n\n\n\n<figure class=\"wp-block-image size-large\"><img loading=\"lazy\" width=\"1024\" height=\"319\" src=\"https:\/\/www.ufukonen.com\/tr\/wp-content\/uploads\/Vokal_Hava_Parlaklik_01-1024x319.jpg\" alt=\"\" class=\"wp-image-7519\" srcset=\"https:\/\/www.ufukonen.com\/tr\/wp-content\/uploads\/Vokal_Hava_Parlaklik_01-1024x319.jpg 1024w, https:\/\/www.ufukonen.com\/tr\/wp-content\/uploads\/Vokal_Hava_Parlaklik_01-300x94.jpg 300w, https:\/\/www.ufukonen.com\/tr\/wp-content\/uploads\/Vokal_Hava_Parlaklik_01-768x239.jpg 768w, https:\/\/www.ufukonen.com\/tr\/wp-content\/uploads\/Vokal_Hava_Parlaklik_01-1140x355.jpg 1140w, https:\/\/www.ufukonen.com\/tr\/wp-content\/uploads\/Vokal_Hava_Parlaklik_01-552x172.jpg 552w, https:\/\/www.ufukonen.com\/tr\/wp-content\/uploads\/Vokal_Hava_Parlaklik_01.jpg 1280w\" sizes=\"(max-width: 1024px) 100vw, 1024px\" \/><\/figure>\n\n\n\n<div style=\"height:25px\" aria-hidden=\"true\" class=\"wp-block-spacer\"><\/div>\n\n\n\n<h3>\u0130kinci ad\u0131m<\/h3>\n\n\n\n<p>Kopyalad\u0131\u011f\u0131n\u0131z vokal kanal\u0131n\u0131n faz\u0131n\u0131 ters \u00e7evirin. Ben bu i\u015f i\u00e7in Pro Tools i\u00e7indeki Trim plug-in&#8217;ini kulland\u0131m.<\/p>\n\n\n\n<figure class=\"wp-block-image size-large\"><img loading=\"lazy\" width=\"1024\" height=\"306\" src=\"https:\/\/www.ufukonen.com\/tr\/wp-content\/uploads\/Vokal_Hava_Parlaklik_02-1024x306.jpg\" alt=\"\" class=\"wp-image-7521\" srcset=\"https:\/\/www.ufukonen.com\/tr\/wp-content\/uploads\/Vokal_Hava_Parlaklik_02-1024x306.jpg 1024w, https:\/\/www.ufukonen.com\/tr\/wp-content\/uploads\/Vokal_Hava_Parlaklik_02-300x90.jpg 300w, https:\/\/www.ufukonen.com\/tr\/wp-content\/uploads\/Vokal_Hava_Parlaklik_02-768x229.jpg 768w, https:\/\/www.ufukonen.com\/tr\/wp-content\/uploads\/Vokal_Hava_Parlaklik_02-1140x340.jpg 1140w, https:\/\/www.ufukonen.com\/tr\/wp-content\/uploads\/Vokal_Hava_Parlaklik_02-552x165.jpg 552w, https:\/\/www.ufukonen.com\/tr\/wp-content\/uploads\/Vokal_Hava_Parlaklik_02.jpg 1280w\" sizes=\"(max-width: 1024px) 100vw, 1024px\" \/><\/figure>\n\n\n\n<div style=\"height:25px\" aria-hidden=\"true\" class=\"wp-block-spacer\"><\/div>\n\n\n\n<h3>\u00dc\u00e7\u00fcnc\u00fc ad\u0131m<\/h3>\n\n\n\n<p>3 kHz veya daha \u00fcst\u00fcnde bir frekans noktas\u0131 belirleyip bir low-cut filtre ile bu noktan\u0131n alt\u0131nda kalan frekanslar\u0131 kesin.<\/p>\n\n\n\n<figure class=\"wp-block-image size-large\"><img loading=\"lazy\" width=\"1024\" height=\"402\" src=\"https:\/\/www.ufukonen.com\/tr\/wp-content\/uploads\/Vokal_Hava_Parlaklik_03-1024x402.jpg\" alt=\"\" class=\"wp-image-7522\" srcset=\"https:\/\/www.ufukonen.com\/tr\/wp-content\/uploads\/Vokal_Hava_Parlaklik_03-1024x402.jpg 1024w, https:\/\/www.ufukonen.com\/tr\/wp-content\/uploads\/Vokal_Hava_Parlaklik_03-300x118.jpg 300w, https:\/\/www.ufukonen.com\/tr\/wp-content\/uploads\/Vokal_Hava_Parlaklik_03-768x301.jpg 768w, https:\/\/www.ufukonen.com\/tr\/wp-content\/uploads\/Vokal_Hava_Parlaklik_03-1140x447.jpg 1140w, https:\/\/www.ufukonen.com\/tr\/wp-content\/uploads\/Vokal_Hava_Parlaklik_03-552x216.jpg 552w, https:\/\/www.ufukonen.com\/tr\/wp-content\/uploads\/Vokal_Hava_Parlaklik_03.jpg 1280w\" sizes=\"(max-width: 1024px) 100vw, 1024px\" \/><\/figure>\n\n\n\n<div style=\"height:25px\" aria-hidden=\"true\" class=\"wp-block-spacer\"><\/div>\n\n\n\n<h3>D\u00f6rd\u00fcnc\u00fc ad\u0131m<\/h3>\n\n\n\n<p>Bir limiter plug-in&#8217;i a\u00e7\u0131n ve sinyali olduk\u00e7a &#8220;ac\u0131mas\u0131z&#8221; bir \u015fekilde limitleyin.<\/p>\n\n\n\n<figure class=\"wp-block-image size-large\"><img loading=\"lazy\" width=\"1024\" height=\"576\" src=\"https:\/\/www.ufukonen.com\/tr\/wp-content\/uploads\/Vokal_Hava_Parlaklik_04-1024x576.jpg\" alt=\"\" class=\"wp-image-7523\" srcset=\"https:\/\/www.ufukonen.com\/tr\/wp-content\/uploads\/Vokal_Hava_Parlaklik_04-1024x576.jpg 1024w, https:\/\/www.ufukonen.com\/tr\/wp-content\/uploads\/Vokal_Hava_Parlaklik_04-300x169.jpg 300w, https:\/\/www.ufukonen.com\/tr\/wp-content\/uploads\/Vokal_Hava_Parlaklik_04-768x432.jpg 768w, https:\/\/www.ufukonen.com\/tr\/wp-content\/uploads\/Vokal_Hava_Parlaklik_04-1140x641.jpg 1140w, https:\/\/www.ufukonen.com\/tr\/wp-content\/uploads\/Vokal_Hava_Parlaklik_04-552x311.jpg 552w, https:\/\/www.ufukonen.com\/tr\/wp-content\/uploads\/Vokal_Hava_Parlaklik_04.jpg 1280w\" sizes=\"(max-width: 1024px) 100vw, 1024px\" \/><\/figure>\n\n\n\n<div style=\"height:25px\" aria-hidden=\"true\" class=\"wp-block-spacer\"><\/div>\n\n\n\n<h3>Be\u015finci ad\u0131m<\/h3>\n\n\n\n<p>Kopyalad\u0131\u011f\u0131n\u0131z kanal\u0131n fader&#8217;\u0131n\u0131 tamamen indirin, sonra yava\u015f yava\u015f y\u00fckselterek miksin i\u00e7ine yedirin. &#8220;Tamam, bu kadar yeter&#8221; dedi\u011finiz noktaya geldi\u011finizde durun ve fader&#8217;\u0131 1-2 dB a\u015fa\u011f\u0131ya \u00e7ekin.<\/p>\n\n\n\n<p>\u0130\u015fte bu kadar!<\/p>\n\n\n\n<div style=\"height:25px\" aria-hidden=\"true\" class=\"wp-block-spacer\"><\/div>\n\n\n\n<h3>Ses \u00d6rnekleri<\/h3>\n\n\n\n<p>\u015eimdi ses \u00f6rneklerini inceleyelim\u2026<\/p>\n\n\n\n<p>\u0130lk \u00f6nce vokali oldu\u011fu gibi oldu\u011fu gibi dinleyelim:<\/p>\n\n\n\n<figure class=\"wp-block-audio\"><audio controls src=\"https:\/\/www.ufukonen.com\/tr\/wp-content\/uploads\/Vokal_Hava_Parlaklik_A_Unprocessed.mp3\"><\/audio><\/figure>\n\n\n\n<div style=\"height:25px\" aria-hidden=\"true\" class=\"wp-block-spacer\"><\/div>\n\n\n\n<p>\u015eimdi de yukar\u0131da a\u00e7\u0131klad\u0131\u011f\u0131m tekni\u011fi uygulayal\u0131m ve bir de o \u015fekilde dinleyelim. Vokali tek ba\u015f\u0131na dinlerken i\u015flenmi\u015f kanal\u0131n seviyesi kula\u011fa biraz fazla gelebilir ama miks i\u00e7inde dengeli olacakt\u0131r.<\/p>\n\n\n\n<figure class=\"wp-block-audio\"><audio controls src=\"https:\/\/www.ufukonen.com\/tr\/wp-content\/uploads\/Vokal_Hava_Parlaklik_B_Processed.mp3\"><\/audio><\/figure>\n\n\n\n<div style=\"height:25px\" aria-hidden=\"true\" class=\"wp-block-spacer\"><\/div>\n\n\n\n<p>Bu, vokale &#8220;hava&#8221; ve &#8220;parlakl\u0131k&#8221; katmak i\u00e7in basit ama \u00e7ok etkili bir teknik.<\/p>\n\n\n\n<p>Mutlaka deneyin!<\/p>\n\n\n\n<div style=\"height:50px\" aria-hidden=\"true\" class=\"wp-block-spacer\"><\/div>\n\n\n\n<p>Teknik terimler i\u00e7in <a href=\"http:\/\/www.ufukonen.com\/tr\/ses-kayit-muzik-teknolojisi-terimler-sozluk.html\">m\u00fczik teknolojisi, m\u00fczik prod\u00fcksiyonu ve ses kay\u0131t terimleri s\u00f6zl\u00fc\u011f\u00fcne<\/a> g\u00f6z atabilirsiniz.<\/p>\n\n\n\n<p>Benzer payla\u015f\u0131mlar i\u00e7in beni <a rel=\"noreferrer noopener\" href=\"https:\/\/www.facebook.com\/ufukonen.skmt\/\" target=\"_blank\">Facebook<\/a>, <a rel=\"noreferrer noopener\" aria-label=\"Instagram (opens in a new tab)\" href=\"https:\/\/www.instagram.com\/ufukonen\/\" target=\"_blank\">Instagram<\/a> ve <a rel=\"noreferrer noopener\" href=\"https:\/\/twitter.com\/UfukOnen\" target=\"_blank\">Twitter<\/a>&#8216;da takip edebilir, haberler i\u00e7in <a rel=\"noreferrer noopener\" href=\"http:\/\/ufukonen.com\/tr\/ses-kayit-muzik-teknolojisi-terimler-sozluk.html\" target=\"_blank\">mesaj listeme \u00fcye olabilirsiniz<\/a>. Te\u015fekk\u00fcrler.<\/p>\n\n\n\n<p>\u00d6rnek i\u00e7in kullan\u0131lan par\u00e7a: &#8220;Oh Life&#8221; &#8211; David Tyo \/ <a href=\"http:\/\/www.cambridge-mt.com\" target=\"_blank\" rel=\"noreferrer noopener\">Cambridge Music Technology<\/a> sitesinden al\u0131nm\u0131\u015ft\u0131r.<\/p>\n\n\n\n<p>Ba\u015fl\u0131k foto\u011fraf\u0131: <a rel=\"noreferrer noopener\" href=\"https:\/\/pixabay.com\/users\/spoiu23-3491990\/?utm_source=link-attribution&amp;utm_medium=referral&amp;utm_campaign=image&amp;utm_content=5594702\" target=\"_blank\">spoiu23<\/a> from <a rel=\"noreferrer noopener\" href=\"https:\/\/pixabay.com\/\/?utm_source=link-attribution&amp;utm_medium=referral&amp;utm_campaign=image&amp;utm_content=5594702\" target=\"_blank\">Pixabay<\/a><\/p>\n\n\n\n<p>\u00a9 2022 Ufuk \u00d6nen. Her hakk\u0131 sakl\u0131d\u0131r. \u0130zinsiz kullan\u0131lamaz.<\/p>\n","protected":false},"excerpt":{"rendered":"<p class=\"post-excerpt\">Bu yaz\u0131mda sizlerle vokale &#8220;hava&#8221; ve &#8220;parlakl\u0131k&#8221; katmak i\u00e7in i\u00e7in basit ama olduk\u00e7a etkili bir teknik payla\u015fmak istiyorum. Bu teknik&#8230;<\/p>\n","protected":false},"author":2,"featured_media":7528,"comment_status":"closed","ping_status":"open","sticky":false,"template":"","format":"standard","meta":{"_mi_skip_tracking":false,"spay_email":"","jetpack_publicize_message":"","jetpack_is_tweetstorm":false,"jetpack_publicize_feature_enabled":true},"categories":[16],"tags":[],"jetpack_featured_media_url":"https:\/\/www.ufukonen.com\/tr\/wp-content\/uploads\/Vokal_Hava_Parlaklik_00_Header.jpg","jetpack_publicize_connections":[],"jetpack_shortlink":"https:\/\/wp.me\/p3rjsG-1Xd","jetpack_sharing_enabled":true,"jetpack-related-posts":[{"id":6447,"url":"https:\/\/www.ufukonen.com\/tr\/vokal-miksi-rehber-2.html","url_meta":{"origin":7515,"position":0},"title":"Vokal Miksi i\u00e7in Mini Rehber (2. B\u00f6l\u00fcm)","date":"March 22, 2021","format":false,"excerpt":"Bu yaz\u0131mda vokal miksi i\u00e7in kullanabilece\u011finiz sekiz ba\u015fl\u0131ktan olu\u015fan bir mini rehber haz\u0131rlad\u0131m. Her ba\u015fl\u0131\u011f\u0131n alt\u0131nda ilgili yaz\u0131lar\u0131n linklerini ekledim. \u0130lk olarak 22 Mart 2021'de yay\u0131nlanm\u0131\u015f olan bu mini rehber, 8 A\u011fustos 2022, 28 Kas\u0131m 2022, 20 Mart 2023 ve 7 A\u011fustos 2025 tarihlerinde g\u00fcncellenmi\u015ftir. Filtre ve EQKompres\u00f6rEQDe-esserSidechain Kompres\u00f6r Kullan\u0131m\u0131Saturation,\u2026","rel":"","context":"In &quot;M\u00fczik Prod\u00fcksiyonu&quot;","img":{"alt_text":"","src":"https:\/\/i0.wp.com\/www.ufukonen.com\/tr\/wp-content\/uploads\/Vokal_Miksi_Mini_Rehber_00_Header.jpg?resize=350%2C200&ssl=1","width":350,"height":200},"classes":[]},{"id":8191,"url":"https:\/\/www.ufukonen.com\/tr\/2023-en-cok-okunan.html","url_meta":{"origin":7515,"position":1},"title":"2023 Y\u0131l\u0131nda En \u00c7ok Okunan Blog Yaz\u0131lar\u0131m","date":"December 27, 2023","format":false,"excerpt":"Blog yaz\u0131lar\u0131m\u0131 takip edenler bilirler, her senenin sonunda o y\u0131l en \u00e7ok okunan blog yaz\u0131lar\u0131m\u0131 liste haline getirip okuyucular\u0131mla payla\u015f\u0131r\u0131m. 2023 i\u00e7in de farkl\u0131 bir durum yok. Liste haz\u0131r ancak listeden \u00f6nce bu y\u0131l beni mesleki a\u00e7\u0131dan en \u00e7ok heyecanland\u0131ran geli\u015fmeyi payla\u015fmak istiyorum. 2023 y\u0131l\u0131nda beni en \u00e7ok heyecanland\u0131ran geli\u015fme,\u2026","rel":"","context":"In &quot;M\u00fczik End\u00fcstrisi&quot;","img":{"alt_text":"","src":"https:\/\/i0.wp.com\/www.ufukonen.com\/tr\/wp-content\/uploads\/2023_En_Cok_Okunan_00_Header.jpg?resize=350%2C200&ssl=1","width":350,"height":200},"classes":[]},{"id":7824,"url":"https:\/\/www.ufukonen.com\/tr\/2022-en-cok-okunan-2.html","url_meta":{"origin":7515,"position":2},"title":"2022 \u0130\u00e7inde En \u00c7ok Okunan Blog Yaz\u0131lar\u0131m (2. B\u00f6l\u00fcm)","date":"December 19, 2022","format":false,"excerpt":"2022\u2019yi kapat\u0131rken y\u0131l i\u00e7inde en \u00e7ok okunan blog yaz\u0131lar\u0131m\u0131 sizlerle payla\u015fmak istedim. \u0130ki liste haz\u0131rlad\u0131m: 1- \u00d6nceki y\u0131llarda (2012-2021) yay\u0131nlanm\u0131\u015f olan yaz\u0131lardan 2022 i\u00e7inde en \u00e7ok okunanlar (buraya t\u0131klayarak g\u00f6r\u00fcnt\u00fcleyebilirsiniz). 2- En \u00e7ok okunan 2022 tarihli yaz\u0131lar\u0131m (a\u015fa\u011f\u0131daki liste). Yaz\u0131lar\u0131, ba\u015fl\u0131klar\u0131n\u0131n ya da g\u00f6rsellerinin \u00fczerine t\u0131klayarak okuyabilirsiniz. G\u00f6stermi\u015f oldu\u011funuz ilgi\u2026","rel":"","context":"In &quot;Konferans&quot;","img":{"alt_text":"","src":"https:\/\/i0.wp.com\/www.ufukonen.com\/tr\/wp-content\/uploads\/2022_En_Cok_Okunan_2_00_Header.jpg?resize=350%2C200&ssl=1","width":350,"height":200},"classes":[]},{"id":6509,"url":"https:\/\/www.ufukonen.com\/tr\/sidechain-multiband-kompresor.html","url_meta":{"origin":7515,"position":3},"title":"Sidechain Multiband Kompres\u00f6r Kullan\u0131m\u0131","date":"April 26, 2021","format":false,"excerpt":"Sidechain kompres\u00f6r tekni\u011finin ne oldu\u011funu ve nas\u0131l yap\u0131ld\u0131\u011f\u0131n\u0131 \"Kompres\u00f6r Teknikleri \u2013 3. B\u00f6l\u00fcm: Sidechain Kompres\u00f6r Kullan\u0131m\u0131\" ba\u015fl\u0131kl\u0131 yaz\u0131mda anlatm\u0131\u015ft\u0131m. O yaz\u0131da da belirtti\u011fim gibi, her ne kadar sidechain deyince akla ilk gelen kick ve bas olsa da bu teknik bir \u00e7ok miks m\u00fchendisi taraf\u0131ndan farkl\u0131 enstr\u00fcmanlar i\u00e7in de kullan\u0131l\u0131yor. \u00d6rnek\u2026","rel":"","context":"In &quot;M\u00fczik Prod\u00fcksiyonu&quot;","img":{"alt_text":"","src":"https:\/\/i0.wp.com\/www.ufukonen.com\/tr\/wp-content\/uploads\/Sidechain_Multiband_Kompresor_Kullanimi_00_Header.jpg?resize=350%2C200&ssl=1","width":350,"height":200},"classes":[]},{"id":5997,"url":"https:\/\/www.ufukonen.com\/tr\/de-esser-nedir-nasil-kullanilir.html","url_meta":{"origin":7515,"position":4},"title":"De-esser Nedir ve Nas\u0131l Kullan\u0131l\u0131r?","date":"August 17, 2020","format":false,"excerpt":"De-esser nedir ve nas\u0131l kullan\u0131l\u0131r sorular\u0131n\u0131n cevaplar\u0131na ge\u00e7meden \u00f6nce 'sibilance' (sibilans) \u00fczerine birka\u00e7 sat\u0131r yazmak istiyorum. Sibilans S, \u015f, c, \u00e7, j, z gibi \u00fcns\u00fczlerin a\u015f\u0131r\u0131 vurgulanmas\u0131yla ortaya \u00e7\u0131kan ve genelde istenmeyen ve \"kulak t\u0131rmalay\u0131c\u0131\" olarak nitelendirelen sesler sibilans olarak adland\u0131r\u0131l\u0131r. Sibilans probleminin miktar\u0131 di\u015f yap\u0131s\u0131 ve benzeri sebeplerden dolay\u0131\u2026","rel":"","context":"In &quot;Ses ve M\u00fczik Teknolojileri&quot;","img":{"alt_text":"","src":"https:\/\/i0.wp.com\/www.ufukonen.com\/tr\/wp-content\/uploads\/De-esser_Header.jpg?resize=350%2C200&ssl=1","width":350,"height":200},"classes":[]},{"id":6515,"url":"https:\/\/www.ufukonen.com\/tr\/phantom-trigger-sidechain.html","url_meta":{"origin":7515,"position":5},"title":"Phantom Trigger Sidechain Tekni\u011fi","date":"April 12, 2021","format":false,"excerpt":"Sidechain kompres\u00f6r tekni\u011finde kanaldaki kompres\u00f6r\u00fc, sidechain kap\u0131s\u0131 arac\u0131l\u0131\u011f\u0131 ile ba\u015fka kanaldaki bir sinyal ile kontrol edebiliyoruz. Sidechain kompres\u00f6r tekni\u011finin ne oldu\u011funu ve nas\u0131l yap\u0131ld\u0131\u011f\u0131n\u0131 \"Kompres\u00f6r Teknikleri \u2013 3. B\u00f6l\u00fcm: Sidechain Kompres\u00f6r Kullan\u0131m\u0131\" ba\u015fl\u0131kl\u0131 yaz\u0131mda anlatm\u0131\u015ft\u0131m. Sidechain tekni\u011fi tamam! Peki, bu phantom trigger sidechain tekni\u011fi nedir? \"Phantom\", \"hayalet\" demek. Phantom trigger\u2026","rel":"","context":"In &quot;M\u00fczik Prod\u00fcksiyonu&quot;","img":{"alt_text":"","src":"https:\/\/i0.wp.com\/www.ufukonen.com\/tr\/wp-content\/uploads\/Phantom_Trigger_Sidechain_Teknigi_00_Header.jpg?resize=350%2C200&ssl=1","width":350,"height":200},"classes":[]}],"_links":{"self":[{"href":"https:\/\/www.ufukonen.com\/tr\/wp-json\/wp\/v2\/posts\/7515"}],"collection":[{"href":"https:\/\/www.ufukonen.com\/tr\/wp-json\/wp\/v2\/posts"}],"about":[{"href":"https:\/\/www.ufukonen.com\/tr\/wp-json\/wp\/v2\/types\/post"}],"author":[{"embeddable":true,"href":"https:\/\/www.ufukonen.com\/tr\/wp-json\/wp\/v2\/users\/2"}],"replies":[{"embeddable":true,"href":"https:\/\/www.ufukonen.com\/tr\/wp-json\/wp\/v2\/comments?post=7515"}],"version-history":[{"count":8,"href":"https:\/\/www.ufukonen.com\/tr\/wp-json\/wp\/v2\/posts\/7515\/revisions"}],"predecessor-version":[{"id":7631,"href":"https:\/\/www.ufukonen.com\/tr\/wp-json\/wp\/v2\/posts\/7515\/revisions\/7631"}],"wp:featuredmedia":[{"embeddable":true,"href":"https:\/\/www.ufukonen.com\/tr\/wp-json\/wp\/v2\/media\/7528"}],"wp:attachment":[{"href":"https:\/\/www.ufukonen.com\/tr\/wp-json\/wp\/v2\/media?parent=7515"}],"wp:term":[{"taxonomy":"category","embeddable":true,"href":"https:\/\/www.ufukonen.com\/tr\/wp-json\/wp\/v2\/categories?post=7515"},{"taxonomy":"post_tag","embeddable":true,"href":"https:\/\/www.ufukonen.com\/tr\/wp-json\/wp\/v2\/tags?post=7515"}],"curies":[{"name":"wp","href":"https:\/\/api.w.org\/{rel}","templated":true}]}}