{"id":7561,"date":"2022-08-22T01:00:00","date_gmt":"2022-08-21T22:00:00","guid":{"rendered":"https:\/\/www.ufukonen.com\/tr\/?p=7561"},"modified":"2024-09-01T00:44:25","modified_gmt":"2024-08-31T21:44:25","slug":"bas-gitar-paralel-distortion-tuyo","status":"publish","type":"post","link":"https:\/\/www.ufukonen.com\/tr\/bas-gitar-paralel-distortion-tuyo.html","title":{"rendered":"Bas Gitarda Paralel Distortion \u0130\u00e7in Bir T\u00fcyo"},"content":{"rendered":"\n<p>Miks s\u0131ras\u0131nda bas gitarda paralel distortion, overdrive ya da saturation kullanmak bir\u00e7o\u011fumuzun uygulad\u0131\u011f\u0131 bir teknik. Bu teknik sayesinde bas gitar\u0131n hacminden \u00f6d\u00fcn vermeden anla\u015f\u0131labilirli\u011fini, tan\u0131m\u0131n\u0131 ve duyulabilirli\u011fini art\u0131rabiliyoruz.<\/p>\n\n\n\n<p>Bu tekni\u011fi uygulamak \u00e7ok kolay. Bas gitar kanal\u0131n\u0131 kopyal\u0131yoruz ya da bas gitar sinyalini bir bus arac\u0131l\u0131\u011f\u0131 ile bir aux kanal\u0131na g\u00f6nderiyoruz. Paralel kanal \u00fczerine bir plug-in ile distortion, overdrive veya saturation efekti uyguluyoruz. Son olarak, bu paralel kanal\u0131n seviyesini istedi\u011fimiz kadar y\u00fckselterek orijinal bas gitar kanal\u0131 ile harmanl\u0131yoruz.<\/p>\n\n\n\n<p>Bu teknik bir\u00e7ok mikste harika sonu\u00e7lar veriyor.<\/p>\n\n\n\n<p>Burada dikkat edilmesi gereken nokta, uygulad\u0131\u011f\u0131n\u0131z distortion, overdrive ya da saturation efektinin fazla ka\u00e7mamas\u0131, orijinal sinyal ile kar\u0131\u015ft\u0131r\u0131ld\u0131\u011f\u0131nda bas gitar\u0131n tamam\u0131n\u0131n (orijinal + paralel kanal\u0131n toplam\u0131n\u0131n) distorion&#8217;l\u0131 duyulmamas\u0131.<\/p>\n\n\n\n<p>E\u011fer paralel kanal \u00fczerinde uygulad\u0131\u011f\u0131n\u0131z distortion az geliyorsa, distortion&#8217;\u0131 art\u0131r\u0131nca da bu sefer bas gitar\u0131n tamam\u0131 (orijinal + paralel kanal\u0131n toplam\u0131) distortion&#8217;l\u0131 duyuluyorsa, bu durumda a\u015fa\u011f\u0131da a\u00e7\u0131klayaca\u011f\u0131m tekni\u011fi uygulayabilirsiniz.<\/p>\n\n\n\n<figure class=\"wp-block-image size-large\"><a href=\"https:\/\/www.ufukonen.com\/tr\/wp-content\/uploads\/Bas_Gitar_Paralel_Distortion_Tuyo_01.jpg\" target=\"_blank\" rel=\"noopener\"><img loading=\"lazy\" width=\"1024\" height=\"542\" src=\"https:\/\/www.ufukonen.com\/tr\/wp-content\/uploads\/Bas_Gitar_Paralel_Distortion_Tuyo_01-1024x542.jpg\" alt=\"\" class=\"wp-image-7569\" srcset=\"https:\/\/www.ufukonen.com\/tr\/wp-content\/uploads\/Bas_Gitar_Paralel_Distortion_Tuyo_01-1024x542.jpg 1024w, https:\/\/www.ufukonen.com\/tr\/wp-content\/uploads\/Bas_Gitar_Paralel_Distortion_Tuyo_01-300x159.jpg 300w, https:\/\/www.ufukonen.com\/tr\/wp-content\/uploads\/Bas_Gitar_Paralel_Distortion_Tuyo_01-768x406.jpg 768w, https:\/\/www.ufukonen.com\/tr\/wp-content\/uploads\/Bas_Gitar_Paralel_Distortion_Tuyo_01-1536x813.jpg 1536w, https:\/\/www.ufukonen.com\/tr\/wp-content\/uploads\/Bas_Gitar_Paralel_Distortion_Tuyo_01-1140x603.jpg 1140w, https:\/\/www.ufukonen.com\/tr\/wp-content\/uploads\/Bas_Gitar_Paralel_Distortion_Tuyo_01-552x292.jpg 552w, https:\/\/www.ufukonen.com\/tr\/wp-content\/uploads\/Bas_Gitar_Paralel_Distortion_Tuyo_01.jpg 1920w\" sizes=\"(max-width: 1024px) 100vw, 1024px\" \/><\/a><\/figure>\n\n\n\n<div style=\"height:20px\" aria-hidden=\"true\" class=\"wp-block-spacer\"><\/div>\n\n\n\n<h3>Birinci ad\u0131m<\/h3>\n\n\n\n<p>Paralel kanalda distortion, overdrive veya saturation plug-in&#8217;inden \u00f6nce gelecek \u015fekilde bir EQ plug-in&#8217;i a\u00e7\u0131n.<\/p>\n\n\n\n<div style=\"height:20px\" aria-hidden=\"true\" class=\"wp-block-spacer\"><\/div>\n\n\n\n<h3>\u0130kinci ad\u0131m<\/h3>\n\n\n\n<p>A\u00e7t\u0131\u011f\u0131n\u0131z bu EQ plug-in&#8217;i \u00fczerinde (bas gitar\u0131n tonuna g\u00f6re) 70-200 Hz aras\u0131n\u0131 6-12 dB civar\u0131nda azalt\u0131n.<\/p>\n\n\n\n<div style=\"height:20px\" aria-hidden=\"true\" class=\"wp-block-spacer\"><\/div>\n\n\n\n<h3>\u00dc\u00e7\u00fcnc\u00fc ad\u0131m<\/h3>\n\n\n\n<p>Distortion, overdrive veya saturation plug-in&#8217;i \u00fczerinde ayarlar\u0131 istedi\u011finiz gibi yap\u0131n.<\/p>\n\n\n\n<div style=\"height:20px\" aria-hidden=\"true\" class=\"wp-block-spacer\"><\/div>\n\n\n\n<h3>D\u00f6rd\u00fcnc\u00fc ad\u0131m<\/h3>\n\n\n\n<p>Distortion, overdrive veya saturation plug-in&#8217;inden sonra gelecek \u015fekilde yeni bir EQ plug-in&#8217;i a\u00e7\u0131n.<\/p>\n\n\n\n<div style=\"height:20px\" aria-hidden=\"true\" class=\"wp-block-spacer\"><\/div>\n\n\n\n<h3>Be\u015finci ad\u0131m<\/h3>\n\n\n\n<p>\u0130lk EQ plug-in&#8217;i ile azaltt\u0131\u011f\u0131n\u0131z frekans aral\u0131\u011f\u0131n\u0131n seviyesini distortion, overdrive veya saturation plug-in&#8217;inden sonra gelen EQ plug-in&#8217;i ile tekrar y\u00fckseltin.<\/p>\n\n\n\n<div style=\"height:20px\" aria-hidden=\"true\" class=\"wp-block-spacer\"><\/div>\n\n\n\n<p>\u0130\u015flem tamam!<\/p>\n\n\n\n<div style=\"height:20px\" aria-hidden=\"true\" class=\"wp-block-spacer\"><\/div>\n\n\n\n<h3>Neden EQ Uyguluyoruz?<\/h3>\n\n\n\n<p>Bu teknik ile uygulad\u0131\u011f\u0131m\u0131z distortion \u00e7o\u011funlukla alt orta ve orta frekanslar \u00fczerinde etkili oluyor. Bu frekanslarda yeni armonikler ortaya \u00e7\u0131k\u0131yor ve intermod\u00fclasyonlar olu\u015fuyor. Di\u011fer yandan bas gitar\u0131n hacim ve a\u011f\u0131rl\u0131k veren frekans b\u00f6lgesi (70-200 Hz aras\u0131) di\u011fer frekans aral\u0131klar\u0131na nazaran daha temiz kalm\u0131\u015f oluyor. Distortion bas gitar\u0131n en a\u011f\u0131r b\u00f6lgesinde \u00f6ne \u00e7\u0131kmam\u0131\u015f oluyor.<\/p>\n\n\n\n<p>Bu sayede paralel kanal\u0131 mikste daha y\u00fcksek tutmak, di\u011fer bir deyi\u015fle bas gitara dinleyiciye duyurmadan daha fazla distortion uygulamak, bas gitar\u0131 fark ettirmeden daha tan\u0131ml\u0131 hale getirmek m\u00fcmk\u00fcn olabiliyor.<\/p>\n\n\n\n<p>Mutlaka deneyin!<\/p>\n\n\n\n<div style=\"height:50px\" aria-hidden=\"true\" class=\"wp-block-spacer\"><\/div>\n\n\n\n<p>Teknik terimler i\u00e7in <a href=\"http:\/\/www.ufukonen.com\/tr\/ses-kayit-muzik-teknolojisi-terimler-sozluk.html\">m\u00fczik teknolojisi, m\u00fczik prod\u00fcksiyonu ve ses kay\u0131t terimleri s\u00f6zl\u00fc\u011f\u00fcne<\/a> g\u00f6z atabilirsiniz.<\/p>\n\n\n\n<p>Benzer payla\u015f\u0131mlar i\u00e7in beni <a rel=\"noreferrer noopener\" href=\"https:\/\/www.facebook.com\/ufukonen.skmt\/\" target=\"_blank\">Facebook<\/a>, <a rel=\"noreferrer noopener\" aria-label=\"Instagram (opens in a new tab)\" href=\"https:\/\/www.instagram.com\/ufukonen\/\" target=\"_blank\">Instagram<\/a> ve <a rel=\"noreferrer noopener\" href=\"https:\/\/twitter.com\/UfukOnen\" target=\"_blank\">Twitter<\/a>&#8216;da takip edebilir, haberler i\u00e7in <a rel=\"noreferrer noopener\" href=\"http:\/\/ufukonen.com\/tr\/ses-kayit-muzik-teknolojisi-terimler-sozluk.html\" target=\"_blank\">mesaj listeme \u00fcye olabilirsiniz<\/a>. Te\u015fekk\u00fcrler.<\/p>\n\n\n\n<p>Ba\u015fl\u0131k foto\u011fraf\u0131: <a rel=\"noreferrer noopener\" href=\"https:\/\/www.pexels.com\/photo\/man-in-white-t-shirt-playing-brown-electric-guitar-3807838\/\" target=\"_blank\">Dmitry Demidov<\/a> | <a rel=\"noreferrer noopener\" href=\"https:\/\/www.pexels.com\/\" target=\"_blank\">Pexels<\/a><\/p>\n\n\n\n<p>\u00a9 2022 Ufuk \u00d6nen. Her hakk\u0131 sakl\u0131d\u0131r. \u0130zinsiz kullan\u0131lamaz.<\/p>\n","protected":false},"excerpt":{"rendered":"<p class=\"post-excerpt\">Miks s\u0131ras\u0131nda bas gitarda paralel distortion, overdrive ya da saturation kullanmak bir\u00e7o\u011fumuzun uygulad\u0131\u011f\u0131 bir teknik. Bu teknik sayesinde bas gitar\u0131n&#8230;<\/p>\n","protected":false},"author":2,"featured_media":7568,"comment_status":"closed","ping_status":"open","sticky":false,"template":"","format":"standard","meta":{"_mi_skip_tracking":false,"spay_email":"","jetpack_publicize_message":"","jetpack_is_tweetstorm":false,"jetpack_publicize_feature_enabled":true},"categories":[16],"tags":[],"jetpack_featured_media_url":"https:\/\/www.ufukonen.com\/tr\/wp-content\/uploads\/Bas_Gitar_Paralel_Distortion_Tuyo_00_Header.jpg","jetpack_publicize_connections":[],"jetpack_shortlink":"https:\/\/wp.me\/p3rjsG-1XX","jetpack_sharing_enabled":true,"jetpack-related-posts":[{"id":7866,"url":"https:\/\/www.ufukonen.com\/tr\/mikste-frekans-cakismasi.html","url_meta":{"origin":7561,"position":0},"title":"Mikste Frekans \u00c7ak\u0131\u015fmalar\u0131n\u0131 \u00d6nlemenin 8 Yolu","date":"January 2, 2023","format":false,"excerpt":"Bu yaz\u0131mda sizlerle mikste frekans \u00e7ak\u0131\u015fmalar\u0131n\u0131 \u00f6nlemek i\u00e7in sekiz y\u00f6ntem payla\u015fmak istiyorum. Y\u00f6ntemlere ge\u00e7meden \u00f6nce frekans \u00e7ak\u0131\u015fmas\u0131n\u0131n k\u0131sa bir tan\u0131m\u0131 ile ba\u015flayal\u0131m. Frekans Maskelemesi \/ \u00c7ak\u0131\u015fmas\u0131 Miks yapan herkesin ba\u015f\u0131na gelmi\u015ftir\u2026 Bazen iki enstr\u00fcman miksin i\u00e7inde kendilerine yer bulmak i\u00e7in birbirleriyle adeta sava\u015fa tutu\u015furlar. Bu sava\u015f\u0131n arkas\u0131ndaki sebep, \u0130ngilizcedeki terimiyle\u2026","rel":"","context":"In &quot;Ses ve M\u00fczik Teknolojileri&quot;","img":{"alt_text":"","src":"https:\/\/i0.wp.com\/www.ufukonen.com\/tr\/wp-content\/uploads\/Mikste_Frekans_Cakismasi_00_Header.jpg?resize=350%2C200&ssl=1","width":350,"height":200},"classes":[]},{"id":5594,"url":"https:\/\/www.ufukonen.com\/tr\/overdrive-distortion-fuzz.html","url_meta":{"origin":7561,"position":1},"title":"Overdrive, Distortion ve Fuzz","date":"April 20, 2020","format":false,"excerpt":"G\u00fcn\u00fcm\u00fczde \"kirli\", \"g\u00fcr\u00fclt\u00fcl\u00fc\" ve \"sert\" gitar tonlar\u0131n\u0131 ifade etmek i\u00e7in genel bir terim olarak 'distortion'; \"distortion tonu\" elde etmek i\u00e7in ise overdrive, distortion ve fuzz pedallar\u0131 kullan\u0131l\u0131yor. Bazen overdrive, distortion ve fuzz pedallar\u0131n\u0131n ayn\u0131 \u015fey oldu\u011fu d\u00fc\u015f\u00fcn\u00fcl\u00fcyor. Asl\u0131nda i\u015fin temeline inecek olursa bunun yanl\u0131\u015f oldu\u011funu s\u00f6yleyemeyiz. Bu \u00fc\u00e7 pedal da\u2026","rel":"","context":"In &quot;Ses ve M\u00fczik Teknolojileri&quot;","img":{"alt_text":"","src":"https:\/\/i0.wp.com\/www.ufukonen.com\/tr\/wp-content\/uploads\/Overdrive_Distortion_Fuzz_00_Header.jpg?resize=350%2C200&ssl=1","width":350,"height":200},"classes":[]},{"id":5419,"url":"https:\/\/www.ufukonen.com\/tr\/kompresor-teknikleri-3-sidechain.html","url_meta":{"origin":7561,"position":2},"title":"Kompres\u00f6r Teknikleri &#8211; 3. B\u00f6l\u00fcm: Sidechain Kompres\u00f6r Kullan\u0131m\u0131","date":"February 10, 2020","format":false,"excerpt":"Bu yaz\u0131 dizisi \u00fc\u00e7 b\u00f6l\u00fcmden olu\u015fmaktad\u0131r. \u015eu anda okumakta oldu\u011funuz \u00fc\u00e7\u00fcnc\u00fc b\u00f6l\u00fcm sidechain kompres\u00f6r kullan\u0131m\u0131 \u00fczerine. Di\u011fer iki b\u00f6l\u00fcme a\u015fa\u011f\u0131daki linklerden ula\u015fabilirsiniz: Kompres\u00f6r Teknikleri - 1. B\u00f6l\u00fcm: Paralel Kompres\u00f6r Kullan\u0131m\u0131 Kompres\u00f6r Teknikleri - 2. B\u00f6l\u00fcm: Seri Kompres\u00f6r Kullan\u0131m\u0131 Bu teknikleri DAW i\u00e7inde nas\u0131l uygulayaca\u011f\u0131n\u0131z\u0131 Pro Tools ve Studio One ekran\u2026","rel":"","context":"In &quot;M\u00fczik Prod\u00fcksiyonu&quot;","img":{"alt_text":"","src":"https:\/\/i0.wp.com\/www.ufukonen.com\/tr\/wp-content\/uploads\/Kompresor_Teknikleri_00_Header.jpg?resize=350%2C200&ssl=1","width":350,"height":200},"classes":[]},{"id":3065,"url":"https:\/\/www.ufukonen.com\/tr\/dinamik-eq.html","url_meta":{"origin":7561,"position":3},"title":"Dinamik EQ","date":"June 5, 2017","format":false,"excerpt":"EQ, \u00f6zellikle parametrik EQ, \u00e7ok g\u00fc\u00e7l\u00fc fakat statik bir ses i\u015fleme arac\u0131d\u0131r. G\u00fc\u00e7l\u00fcd\u00fcr \u00e7\u00fcnk\u00fc frekans, kazan\u00e7 ve Q parametrelerini kullanarak sesi istedi\u011finiz gibi \u015fekillendirmenize imkan tan\u0131r. Statik bir sinyal i\u015fleme arac\u0131d\u0131r \u00e7\u00fcnk\u00fc giri\u015f sinyalindeki de\u011fi\u015fiklikleri hesaba katmadan sesi ayn\u0131 \u015fekilde i\u015fler. EQ'nun statik olmas\u0131, her zaman de\u011filse de baz\u0131 durumlarda\u2026","rel":"","context":"In &quot;Ses ve M\u00fczik Teknolojileri&quot;","img":{"alt_text":"","src":"https:\/\/i0.wp.com\/www.ufukonen.com\/tr\/wp-content\/uploads\/DynamicEQ_Onen_1280px.jpg?resize=350%2C200&ssl=1","width":350,"height":200},"classes":[]},{"id":6869,"url":"https:\/\/www.ufukonen.com\/tr\/miks-alt-frekans-dengesi-tavsiyeler.html","url_meta":{"origin":7561,"position":4},"title":"Mikste Sa\u011flam Bir Alt Frekans Dengesi Yakalamak \u0130\u00e7in Tavsiyeler","date":"September 20, 2021","format":false,"excerpt":"Mikste sa\u011flam bir alt frekans ya da di\u011fer bir deyi\u015fle s\u0131k\u0131 bir bas dengesi yakalamak \u00f6zellikle miks yapmaya yeni ba\u015flayanlar\u0131n en \u00e7ok zorland\u0131klar\u0131 noktalardan bir tanesi. Tecr\u00fcbe eden herkesin bildi\u011fi gibi vurucu ve s\u0131k\u0131 bir bas dengesi, EQ ile enstr\u00fcmanlar\u0131n alt frekans seviyelerini bol bol art\u0131rmakla olmuyor. Hatta tam tersine,\u2026","rel":"","context":"In &quot;Ses ve M\u00fczik Teknolojileri&quot;","img":{"alt_text":"","src":"https:\/\/i0.wp.com\/www.ufukonen.com\/tr\/wp-content\/uploads\/Miks_Alt_Frekans_Dengesi_Tavsiyeler_00_Header.jpg?resize=350%2C200&ssl=1","width":350,"height":200},"classes":[]},{"id":5417,"url":"https:\/\/www.ufukonen.com\/tr\/kompresor-teknikleri-1-paralel.html","url_meta":{"origin":7561,"position":5},"title":"Kompres\u00f6r Teknikleri &#8211; 1. B\u00f6l\u00fcm: Paralel Kompres\u00f6r Kullan\u0131m\u0131","date":"January 27, 2020","format":false,"excerpt":"\u00dc\u00e7 b\u00f6l\u00fcml\u00fck bu yaz\u0131 dizisinde sizlerle s\u0131kl\u0131kla kullan\u0131lan \u00fc\u00e7 kompres\u00f6r tekni\u011fini payla\u015fmak istiyorum: Paralel, seri ve sidechain. \u015eu anda okumakta oldu\u011funuz ilk b\u00f6l\u00fcm paralel kompres\u00f6r kullan\u0131m\u0131 \u00fczerine. Di\u011fer iki b\u00f6l\u00fcme a\u015fa\u011f\u0131daki linklerden ula\u015fabilirsiniz: Kompres\u00f6r Teknikleri - 2. B\u00f6l\u00fcm: Seri Kompres\u00f6r Kullan\u0131m\u0131 Kompres\u00f6r Teknikleri - 3. B\u00f6l\u00fcm: Sidechain Kompres\u00f6r Kullan\u0131m\u0131 Bu\u2026","rel":"","context":"In &quot;M\u00fczik Prod\u00fcksiyonu&quot;","img":{"alt_text":"","src":"https:\/\/i0.wp.com\/www.ufukonen.com\/tr\/wp-content\/uploads\/Kompresor_Teknikleri_00_Header.jpg?resize=350%2C200&ssl=1","width":350,"height":200},"classes":[]}],"_links":{"self":[{"href":"https:\/\/www.ufukonen.com\/tr\/wp-json\/wp\/v2\/posts\/7561"}],"collection":[{"href":"https:\/\/www.ufukonen.com\/tr\/wp-json\/wp\/v2\/posts"}],"about":[{"href":"https:\/\/www.ufukonen.com\/tr\/wp-json\/wp\/v2\/types\/post"}],"author":[{"embeddable":true,"href":"https:\/\/www.ufukonen.com\/tr\/wp-json\/wp\/v2\/users\/2"}],"replies":[{"embeddable":true,"href":"https:\/\/www.ufukonen.com\/tr\/wp-json\/wp\/v2\/comments?post=7561"}],"version-history":[{"count":6,"href":"https:\/\/www.ufukonen.com\/tr\/wp-json\/wp\/v2\/posts\/7561\/revisions"}],"predecessor-version":[{"id":7570,"href":"https:\/\/www.ufukonen.com\/tr\/wp-json\/wp\/v2\/posts\/7561\/revisions\/7570"}],"wp:featuredmedia":[{"embeddable":true,"href":"https:\/\/www.ufukonen.com\/tr\/wp-json\/wp\/v2\/media\/7568"}],"wp:attachment":[{"href":"https:\/\/www.ufukonen.com\/tr\/wp-json\/wp\/v2\/media?parent=7561"}],"wp:term":[{"taxonomy":"category","embeddable":true,"href":"https:\/\/www.ufukonen.com\/tr\/wp-json\/wp\/v2\/categories?post=7561"},{"taxonomy":"post_tag","embeddable":true,"href":"https:\/\/www.ufukonen.com\/tr\/wp-json\/wp\/v2\/tags?post=7561"}],"curies":[{"name":"wp","href":"https:\/\/api.w.org\/{rel}","templated":true}]}}