{"id":7572,"date":"2022-09-05T01:00:00","date_gmt":"2022-09-04T22:00:00","guid":{"rendered":"https:\/\/www.ufukonen.com\/tr\/?p=7572"},"modified":"2022-10-22T19:17:30","modified_gmt":"2022-10-22T16:17:30","slug":"vokal-kaydinda-kulaklik-reverb-delay","status":"publish","type":"post","link":"https:\/\/www.ufukonen.com\/tr\/vokal-kaydinda-kulaklik-reverb-delay.html","title":{"rendered":"Vokal Kayd\u0131nda Kulakl\u0131k \u0130\u00e7in Reverb ve Delay Kullan\u0131m\u0131"},"content":{"rendered":"\n<p>&#8220;<a href=\"https:\/\/www.ufukonen.com\/tr\/daw-latency.html\" data-type=\"post\" data-id=\"6836\" target=\"_blank\" rel=\"noreferrer noopener\">DAW ve Latency<\/a>&#8221; ba\u015fl\u0131kl\u0131 yaz\u0131mda kay\u0131t yapan m\u00fczisyenin kendini kulakl\u0131kta gecikmeli duymamas\u0131 i\u00e7in \u00e7\u00f6z\u00fcm yollar\u0131ndan birinin ses kart\u0131n\u0131n \u00fczerinde bulunan &#8220;zero latency monitoring&#8221; ya da &#8220;input monitoring&#8221; olarak adland\u0131r\u0131lan \u00f6zelli\u011fini kullanmak oldu\u011funu yazm\u0131\u015ft\u0131m.<\/p>\n\n\n\n<p>Diyelim ki zero latency monitoring \u00f6zelli\u011fini kullanarak vokal kayd\u0131 yap\u0131yorsunuz ve vokalist kulakl\u0131\u011f\u0131na reverb istedi\u2026.<\/p>\n\n\n\n<p>E\u011fer ses kart\u0131n\u0131z\u0131n mikrofon giri\u015f kat\u0131na efekt verme \u00f6zelli\u011fi varsa sorun yok. \u00d6rnek olarak, benim 3. jenerasyon bir Avid MBox ses kart\u0131m vard\u0131. Ta\u015f\u0131nabilir sistemimin bir par\u00e7as\u0131 olarak onu her yere g\u00f6t\u00fcr\u00fcrd\u00fcm. O kart\u0131n \u00fczerinde b\u00f6yle bir \u00f6zellik vard\u0131. Kay\u0131t yaparken mikrofonu giri\u015f noktas\u0131ndan hi\u00e7 gecikmesiz olarak kulakl\u0131\u011fa g\u00f6nderebiliyor, \u00fcstelik kulakl\u0131\u011fa g\u00f6nderdi\u011fim sinyale reverb, delay gibi efektler de verebiliyordum.<\/p>\n\n\n\n<p>E\u011fer ses kart\u0131n\u0131z\u0131n zero latency monitoring \u00f6zelli\u011fi var ama efekt ekleme \u00f6zelli\u011fi yoksa ne yapmak gerekiyor? Bunun bir \u00e7\u00f6z\u00fcm\u00fc var m\u0131?<\/p>\n\n\n\n<p>Evet, var. \u0130deal bir y\u00f6ntem de\u011fil ama sorunu \u00e7\u00f6z\u00fcyor.<\/p>\n\n\n\n<div style=\"height:20px\" aria-hidden=\"true\" class=\"wp-block-spacer\"><\/div>\n\n\n\n<p>Vokalistin kulakl\u0131l\u0131\u011f\u0131na g\u00f6nderece\u011finiz miksi DAW i\u00e7indeki kanallar\u0131n fader&#8217;lar\u0131 ile yapt\u0131\u011f\u0131n\u0131z\u0131 varsayal\u0131m\u2026<\/p>\n\n\n\n<div style=\"height:20px\" aria-hidden=\"true\" class=\"wp-block-spacer\"><\/div>\n\n\n\n<h3>Birinci ad\u0131m<\/h3>\n\n\n\n<p>DAW i\u00e7inde kanallar\u0131n fader&#8217;lar\u0131n\u0131 kullanarak vokalistin kulakl\u0131\u011f\u0131na g\u00f6nderece\u011finiz miksi haz\u0131rlay\u0131n.<\/p>\n\n\n\n<div style=\"height:20px\" aria-hidden=\"true\" class=\"wp-block-spacer\"><\/div>\n\n\n\n<h3>\u0130kinci ad\u0131m<\/h3>\n\n\n\n<p>Mikrofonu ses kart\u0131na tak\u0131n ve zero latency monitoring \u00f6zelli\u011fi ile gecikmesiz bir \u015fekilde vokalistin kulakl\u0131\u011f\u0131na g\u00f6nderin. Bu noktada vokalist sesini gecikmesiz ve efektsiz (reverb veya delay olmadan) duyuyor olacak.<\/p>\n\n\n\n<div style=\"height:20px\" aria-hidden=\"true\" class=\"wp-block-spacer\"><\/div>\n\n\n\n<h3>\u00dc\u00e7\u00fcnc\u00fc ad\u0131m<\/h3>\n\n\n\n<p>DAW i\u00e7inde vokali kaydedece\u011finiz kanal\u0131 haz\u0131rlay\u0131n. Mikrofondan gelen sinyali kontrol edin ve gerekiyorsa seviye ayar\u0131n\u0131 yap\u0131n. Bu noktada vokalist kendi sesini hem zero latency monitoring \u00f6zelli\u011fi ile gecikmesiz hem de DAW kanal\u0131 i\u00e7inden gecikmeli duyuyor olacak. Biz bu gecikmeli gelen sinyali istemiyoruz.<\/p>\n\n\n\n<div style=\"height:20px\" aria-hidden=\"true\" class=\"wp-block-spacer\"><\/div>\n\n\n\n<h3>D\u00f6rd\u00fcnc\u00fc ad\u0131m<\/h3>\n\n\n\n<p>DAW i\u00e7inde vokali kaydetti\u011finiz kanal\u0131n fader&#8217;\u0131n\u0131 tamamen kapat\u0131n. Vokalistin kulakl\u0131\u011f\u0131na giden gecikmeli sinyalden kurtulmu\u015f olacaks\u0131n\u0131z.<\/p>\n\n\n\n<div style=\"height:20px\" aria-hidden=\"true\" class=\"wp-block-spacer\"><\/div>\n\n\n\n<h3>Be\u015finci ad\u0131m<\/h3>\n\n\n\n<p>Reverb veya delay i\u00e7in bir efekt kanal\u0131 (aux) a\u00e7\u0131n. Vokali kaydetti\u011finiz kanaldan bu efekt kanal\u0131na send y\u00f6ntemi ile sinyali g\u00f6nderin. Burada kritik bir nokta var: Sinyali efekt kanal\u0131na g\u00f6nderirken send, pre-fader konumunda olmal\u0131! E\u011fer pre-fader konumuna almazsan\u0131z kanal\u0131n fader&#8217;\u0131 kapal\u0131 oldu\u011fu i\u00e7in efekt kanal\u0131na sinyal g\u00f6nderemezsiniz.<\/p>\n\n\n\n<p>\u0130lgili yaz\u0131: <a href=\"https:\/\/www.ufukonen.com\/tr\/aux-send-pre-fader-ve-post-fader-konumu.html\" data-type=\"post\" data-id=\"3195\" target=\"_blank\" rel=\"noreferrer noopener\"><strong>Aux Send: Pre-Fader ve Post-Fader Konumu<\/strong><\/a><\/p>\n\n\n\n<div style=\"height:20px\" aria-hidden=\"true\" class=\"wp-block-spacer\"><\/div>\n\n\n\n<h3>Alt\u0131nc\u0131 Ad\u0131m<\/h3>\n\n\n\n<p>Efekt kanal\u0131n\u0131n seviyesini vokalistin istedi\u011fi \u015fekilde ayarlay\u0131n.<\/p>\n\n\n\n<div style=\"height:20px\" aria-hidden=\"true\" class=\"wp-block-spacer\"><\/div>\n\n\n\n<h3>Sonu\u00e7 Olarak\u2026<\/h3>\n\n\n\n<p>Bu y\u00f6ntemle vokalist kuru (efektsiz) sesini zero latency monitoring \u00f6zelli\u011fi ile ses kart\u0131n\u0131n mikrofon giri\u015f kat\u0131ndan gecikmesiz, vokal efektini ise (reverb, delay vb.) gecikmeli olarak duyacak.<\/p>\n\n\n\n<p>Efektlerin gecikmeli olmas\u0131 sorun mu? Reverb ve delay gibi efektler zaman bazl\u0131 oldu\u011fu i\u00e7in ciddi bir sorun de\u011fil. Efektler pre-delay varm\u0131\u015f gibi duyulacak.<\/p>\n\n\n\n<p>Yukar\u0131da da belirtti\u011fim gibi bu, ideal bir y\u00f6ntem de\u011fil ama vokalisti kuru kuruya s\u00f6yletmeye \u00e7al\u0131\u015fmaktansa bu y\u00f6ntemi kullanmak \u00e7ok daha mant\u0131kl\u0131.<\/p>\n\n\n\n<div style=\"height:50px\" aria-hidden=\"true\" class=\"wp-block-spacer\"><\/div>\n\n\n\n<p>Teknik terimler i\u00e7in <a href=\"http:\/\/www.ufukonen.com\/tr\/ses-kayit-muzik-teknolojisi-terimler-sozluk.html\">m\u00fczik teknolojisi, m\u00fczik prod\u00fcksiyonu ve ses kay\u0131t terimleri s\u00f6zl\u00fc\u011f\u00fcne<\/a> g\u00f6z atabilirsiniz.<\/p>\n\n\n\n<p>Benzer payla\u015f\u0131mlar i\u00e7in beni <a rel=\"noreferrer noopener\" href=\"https:\/\/www.facebook.com\/ufukonen.skmt\/\" target=\"_blank\">Facebook<\/a>, <a rel=\"noreferrer noopener\" aria-label=\"Instagram (opens in a new tab)\" href=\"https:\/\/www.instagram.com\/ufukonen\/\" target=\"_blank\">Instagram<\/a> ve <a rel=\"noreferrer noopener\" href=\"https:\/\/twitter.com\/UfukOnen\" target=\"_blank\">Twitter<\/a>&#8216;da takip edebilir, haberler i\u00e7in <a rel=\"noreferrer noopener\" href=\"http:\/\/ufukonen.com\/tr\/ses-kayit-muzik-teknolojisi-terimler-sozluk.html\" target=\"_blank\">mesaj listeme \u00fcye olabilirsiniz<\/a>. Te\u015fekk\u00fcrler.<\/p>\n\n\n\n<p>Ba\u015fl\u0131k foto\u011fraf\u0131: <a rel=\"noreferrer noopener\" href=\"https:\/\/www.pexels.com\/photo\/close-up-photo-of-a-condenser-microphone-7586689\/\" target=\"_blank\">Los Muertos Crew<\/a> | <a href=\"https:\/\/www.pexels.com\/\" target=\"_blank\" rel=\"noreferrer noopener\">Pexels<\/a><\/p>\n\n\n\n<p>\u00a9 2022 Ufuk \u00d6nen. Her hakk\u0131 sakl\u0131d\u0131r. \u0130zinsiz kullan\u0131lamaz.<\/p>\n","protected":false},"excerpt":{"rendered":"<p class=\"post-excerpt\">&#8220;DAW ve Latency&#8221; ba\u015fl\u0131kl\u0131 yaz\u0131mda kay\u0131t yapan m\u00fczisyenin kendini kulakl\u0131kta gecikmeli duymamas\u0131 i\u00e7in \u00e7\u00f6z\u00fcm yollar\u0131ndan birinin ses kart\u0131n\u0131n \u00fczerinde bulunan&#8230;<\/p>\n","protected":false},"author":2,"featured_media":7576,"comment_status":"closed","ping_status":"open","sticky":false,"template":"","format":"standard","meta":{"_mi_skip_tracking":false,"spay_email":"","jetpack_publicize_message":"","jetpack_is_tweetstorm":false,"jetpack_publicize_feature_enabled":true},"categories":[16],"tags":[],"jetpack_featured_media_url":"https:\/\/www.ufukonen.com\/tr\/wp-content\/uploads\/Vokal_Kaydi_Kulaklik_Reverb_Delay_00_Header.jpg","jetpack_publicize_connections":[],"jetpack_shortlink":"https:\/\/wp.me\/p3rjsG-1Y8","jetpack_sharing_enabled":true,"jetpack-related-posts":[{"id":6447,"url":"https:\/\/www.ufukonen.com\/tr\/vokal-miksi-rehber-2.html","url_meta":{"origin":7572,"position":0},"title":"Vokal Miksi i\u00e7in Mini Rehber (2. B\u00f6l\u00fcm)","date":"March 22, 2021","format":false,"excerpt":"Bu yaz\u0131mda vokal miksi i\u00e7in kullanabilece\u011finiz sekiz ba\u015fl\u0131ktan olu\u015fan bir mini rehber haz\u0131rlad\u0131m. Her ba\u015fl\u0131\u011f\u0131n alt\u0131nda ilgili yaz\u0131lar\u0131n linklerini ekledim. \u0130lk olarak 22 Mart 2021'de yay\u0131nlanm\u0131\u015f olan bu mini rehber, 8 A\u011fustos 2022, 28 Kas\u0131m 2022, 20 Mart 2023 ve 7 A\u011fustos 2025 tarihlerinde g\u00fcncellenmi\u015ftir. Filtre ve EQKompres\u00f6rEQDe-esserSidechain Kompres\u00f6r Kullan\u0131m\u0131Saturation,\u2026","rel":"","context":"In &quot;M\u00fczik Prod\u00fcksiyonu&quot;","img":{"alt_text":"","src":"https:\/\/i0.wp.com\/www.ufukonen.com\/tr\/wp-content\/uploads\/Vokal_Miksi_Mini_Rehber_00_Header.jpg?resize=350%2C200&ssl=1","width":350,"height":200},"classes":[]},{"id":4645,"url":"https:\/\/www.ufukonen.com\/tr\/lookahead-ozelligi.html","url_meta":{"origin":7572,"position":1},"title":"Kompres\u00f6r \/ Limiter Lookahead \u00d6zelli\u011fi","date":"March 25, 2019","format":false,"excerpt":"Kompres\u00f6r veya limiter \u00fczerindeki attack parametresini ne kadar k\u0131sa bir s\u00fcreye ayarlarsak ayarlayal\u0131m, bazen sinyaldeki \u00e7ok h\u0131zl\u0131 y\u00fckselmeler, di\u011fer bir deyi\u015fle ani olarak olu\u015fan peak noktalar\u0131, kompres\u00f6r veya limiter'a yakalanmadan \"ka\u00e7abiliyor\".\u00a0Baz\u0131 kompres\u00f6r ve limiter'lar\u0131n \u00fczerinde bulunan lookahead \u00f6zelli\u011fi ile bu ka\u00e7aklar\u0131 \u00f6nlemek m\u00fcmk\u00fcn olabiliyor. Lookahead \u00d6zelli\u011fi Nedir? Lookahead (veya 'look-ahead')\u2026","rel":"","context":"In &quot;Ses ve M\u00fczik Teknolojileri&quot;","img":{"alt_text":"","src":"https:\/\/i0.wp.com\/www.ufukonen.com\/tr\/wp-content\/uploads\/Lookahead_Ozelligi.jpg?resize=350%2C200&ssl=1","width":350,"height":200},"classes":[]},{"id":6836,"url":"https:\/\/www.ufukonen.com\/tr\/daw-latency.html","url_meta":{"origin":7572,"position":2},"title":"DAW ve Latency","date":"August 23, 2021","format":false,"excerpt":"Bilgisayar tabanl\u0131 ve di\u011fer dijital sistemlerde sinyalin sisteme giri\u015finde ve \u00e7\u0131k\u0131\u015f\u0131nda gecikme olu\u015fur. Bu gecikmeye \u0130ngilizcede 'latency' ad\u0131 verilir. Latency, milisaniye (ms) cinsinden ifade edilir. Latency Neden \u00d6nemlidir? Latency \u00f6nemlidir \u00e7\u00fcnk\u00fc kay\u0131t yaparken kaydetmekte oldu\u011funuz sinyali ne kadar ge\u00e7 duyaca\u011f\u0131n\u0131z ile do\u011frudan ilgilidir. 10 milisaniye alt\u0131ndaki gecikmeler fark edilmeyebilir ya\u2026","rel":"","context":"In &quot;Ses ve M\u00fczik Teknolojileri&quot;","img":{"alt_text":"","src":"https:\/\/i0.wp.com\/www.ufukonen.com\/tr\/wp-content\/uploads\/DAW_Latency_00_Header.jpg?resize=350%2C200&ssl=1","width":350,"height":200},"classes":[]},{"id":3105,"url":"https:\/\/www.ufukonen.com\/tr\/queen-bowie-under-pressure-vokal-kanallari.html","url_meta":{"origin":7572,"position":3},"title":"Queen &#038; Bowie &#8220;Under Pressure&#8221; Vokal Kanallar\u0131","date":"June 19, 2017","format":false,"excerpt":"Queen, 1981 yaz\u0131nda\u00a0Hot Space alb\u00fcm\u00fcn\u00fcn kayd\u0131 i\u00e7in \u0130svi\u00e7re'de Mountain st\u00fcdyolar\u0131ndayken, David Bowie de ayn\u0131 st\u00fcdyoda Cat People filminin m\u00fcziklerini kaydediyormu\u015f. Bir gece Bowie, Queen'in \"Cool Cat\" par\u00e7as\u0131na geri vokal yapmak i\u00e7in Queen'in kayd\u0131na u\u011fram\u0131\u015f, bu s\u0131rada hep birlikte yeni bir par\u00e7a yazmaya karar vermi\u015fler. John Deacon'\u0131n bas gitar partisyonu \u00fczerine\u2026","rel":"","context":"In &quot;M\u00fczik&quot;","img":{"alt_text":"","src":"https:\/\/i0.wp.com\/www.ufukonen.com\/tr\/wp-content\/uploads\/Queen-David_Bowie-Under_Pressure_1981_mod.jpg?resize=350%2C200&ssl=1","width":350,"height":200},"classes":[]},{"id":3639,"url":"https:\/\/www.ufukonen.com\/tr\/reverb-decay-pre-delay.html","url_meta":{"origin":7572,"position":4},"title":"Reverb \u00dczerindeki Decay ve Pre-Delay Parametrelerinin Ayarlanmas\u0131","date":"February 5, 2018","format":false,"excerpt":"Reverb \u00fczerindeki decay ve pre-delay parametreleri par\u00e7an\u0131n temposuna g\u00f6re ayarlan\u0131rsa reverb'\u00fcn sesi \u00e7amurlu bir hale getirmeden ve mikste kar\u0131\u015f\u0131kl\u0131k yaratmadan m\u00fczi\u011fin i\u00e7ine oturmas\u0131 \u00e7ok daha kolay olur. Profesyonel miks m\u00fchendisleri mikslerinde reverb kullan\u0131rken \u00f6zellikle bu iki parametreye \u00e7ok dikkat ederler. \u00a0 Decay Decay parametresini par\u00e7an\u0131n temposuna g\u00f6re ayarlaman\u0131n iki yolu\u2026","rel":"","context":"In &quot;M\u00fczik Prod\u00fcksiyonu&quot;","img":{"alt_text":"","src":"https:\/\/i0.wp.com\/www.ufukonen.com\/tr\/wp-content\/uploads\/Reverb_Decay_Pre-Delay.jpg?resize=350%2C200&ssl=1","width":350,"height":200},"classes":[]},{"id":5453,"url":"https:\/\/www.ufukonen.com\/tr\/monitor-kontrol-unitesi.html","url_meta":{"origin":7572,"position":5},"title":"Monit\u00f6r Kontrol \u00dcnitesi Al\u0131rken Nelere Dikkat Etmeliyiz?","date":"February 17, 2020","format":false,"excerpt":"Bu yaz\u0131mda, bir monit\u00f6r kontrol \u00fcnitesi \u00fczerinde bulunmas\u0131 gerekti\u011fini d\u00fc\u015f\u00fcnd\u00fc\u011f\u00fcm \u00f6zellikleri sizlerle payla\u015fmak istiyorum. E\u011fer sadece bir bilgisayar, bir \u00e7ift monit\u00f6r hoparl\u00f6r, bir kulakl\u0131k ve bir ses kart\u0131n\u0131ndan olu\u015fan bir setup ile \u00e7al\u0131\u015f\u0131yorsan\u0131z ve ses kart\u0131n\u0131z\u0131n \u00fczerinde monit\u00f6rlerin seviyesini ayarlayabilece\u011finiz bir kontrol d\u00fc\u011fmesi varsa, bu durumda monit\u00f6r kontrol \u00fcnitesine ihtiya\u00e7\u2026","rel":"","context":"In &quot;Ses ve M\u00fczik Teknolojileri&quot;","img":{"alt_text":"","src":"https:\/\/i0.wp.com\/www.ufukonen.com\/tr\/wp-content\/uploads\/Monitor_Kontrol_Unitesi_00_Presonus_MonitorStationV2.jpg?resize=350%2C200&ssl=1","width":350,"height":200},"classes":[]}],"_links":{"self":[{"href":"https:\/\/www.ufukonen.com\/tr\/wp-json\/wp\/v2\/posts\/7572"}],"collection":[{"href":"https:\/\/www.ufukonen.com\/tr\/wp-json\/wp\/v2\/posts"}],"about":[{"href":"https:\/\/www.ufukonen.com\/tr\/wp-json\/wp\/v2\/types\/post"}],"author":[{"embeddable":true,"href":"https:\/\/www.ufukonen.com\/tr\/wp-json\/wp\/v2\/users\/2"}],"replies":[{"embeddable":true,"href":"https:\/\/www.ufukonen.com\/tr\/wp-json\/wp\/v2\/comments?post=7572"}],"version-history":[{"count":3,"href":"https:\/\/www.ufukonen.com\/tr\/wp-json\/wp\/v2\/posts\/7572\/revisions"}],"predecessor-version":[{"id":7577,"href":"https:\/\/www.ufukonen.com\/tr\/wp-json\/wp\/v2\/posts\/7572\/revisions\/7577"}],"wp:featuredmedia":[{"embeddable":true,"href":"https:\/\/www.ufukonen.com\/tr\/wp-json\/wp\/v2\/media\/7576"}],"wp:attachment":[{"href":"https:\/\/www.ufukonen.com\/tr\/wp-json\/wp\/v2\/media?parent=7572"}],"wp:term":[{"taxonomy":"category","embeddable":true,"href":"https:\/\/www.ufukonen.com\/tr\/wp-json\/wp\/v2\/categories?post=7572"},{"taxonomy":"post_tag","embeddable":true,"href":"https:\/\/www.ufukonen.com\/tr\/wp-json\/wp\/v2\/tags?post=7572"}],"curies":[{"name":"wp","href":"https:\/\/api.w.org\/{rel}","templated":true}]}}