{"id":7611,"date":"2022-09-19T01:00:00","date_gmt":"2022-09-18T22:00:00","guid":{"rendered":"https:\/\/www.ufukonen.com\/tr\/?p=7611"},"modified":"2022-10-22T19:17:39","modified_gmt":"2022-10-22T16:17:39","slug":"delay-miks","status":"publish","type":"post","link":"https:\/\/www.ufukonen.com\/tr\/delay-miks.html","title":{"rendered":"Delay Sinyalini Miksin \u0130\u00e7ine Oturtmak \u0130\u00e7in 3 Y\u00f6ntem"},"content":{"rendered":"\n<p>Delay efektini kullan\u0131rken bazen efektlendirdi\u011fimiz sinyalin net bir \u015fekilde duyulmas\u0131n\u0131, miksin i\u00e7ine g\u00f6m\u00fclmemesini isteriz. E\u011fer istedi\u011fimiz buysa ve kulland\u0131\u011f\u0131m\u0131z delay plug-in&#8217;i veya ayar\u0131 ile bunu elde edebiliyorsak sorun yok.<\/p>\n\n\n\n<p>Di\u011fer yandan, bazen de delay tekrarlar\u0131n\u0131n tek tek ve net bir \u015fekilde duyulmas\u0131n\u0131 de\u011fil de efektsiz sinyal ile ayn\u0131 alanda olmas\u0131n\u0131 ve miksin i\u00e7ine iyice oturmas\u0131n\u0131, g\u00f6m\u00fclmesini isteriz. Bu durumda a\u015fa\u011f\u0131daki y\u00f6ntemleri kullanabiliriz.<\/p>\n\n\n\n<div style=\"height:20px\" aria-hidden=\"true\" class=\"wp-block-spacer\"><\/div>\n\n\n\n<h3>Y\u00f6ntem #1<\/h3>\n\n\n\n<p>Bu y\u00f6ntemi uygulamak i\u00e7in hem reverb hem de delay kullan\u0131yor olmam\u0131z gerekiyor. \u00d6rnek olarak, par\u00e7ada bir gitar kanal\u0131 oldu\u011funu ve bu gitar kanal\u0131na hem reverb hem de delay verdi\u011fimizi d\u00fc\u015f\u00fcnelim.<\/p>\n\n\n\n<p>Gitar kanal\u0131n\u0131 send y\u00f6ntemi ile ayn\u0131 anda (iki farkl\u0131 buss arac\u0131l\u0131\u011f\u0131 ile) hem reverb hem de delay\u2019e g\u00f6nderiyoruz. Bir sonraki ad\u0131m olarak, delay&#8217;i de yine send y\u00f6ntemini kullanarak reverb&#8217;e g\u00f6nderiyoruz. Orijinal sinyale nas\u0131l reverb efekti ekliyorsak, delay taraf\u0131ndan \u00fcretilen tekrarlara da reverb eklemi\u015f oluyoruz.<\/p>\n\n\n\n<figure class=\"wp-block-image size-large\"><img loading=\"lazy\" width=\"1024\" height=\"530\" src=\"https:\/\/www.ufukonen.com\/tr\/wp-content\/uploads\/Reverb_Delay_2-1024x530.png\" alt=\"\" class=\"wp-image-4918\" srcset=\"https:\/\/www.ufukonen.com\/tr\/wp-content\/uploads\/Reverb_Delay_2-1024x530.png 1024w, https:\/\/www.ufukonen.com\/tr\/wp-content\/uploads\/Reverb_Delay_2-300x155.png 300w, https:\/\/www.ufukonen.com\/tr\/wp-content\/uploads\/Reverb_Delay_2-768x398.png 768w\" sizes=\"(max-width: 1024px) 100vw, 1024px\" \/><\/figure>\n\n\n\n<p>Bu sayede delay tekrarlar\u0131 &#8220;kuru&#8221; kalmam\u0131\u015f oluyor, orijinal sinyalle birlikte ayn\u0131 alanda duyulmaya ba\u015fl\u0131yor. Sonu\u00e7 olarak bu da delay tekrarlar\u0131n\u0131n miksin i\u00e7ine daha iyi bir \u015fekilde oturmas\u0131n\u0131 sa\u011fl\u0131yor.<\/p>\n\n\n\n<p>Bununla ilgili olarak a\u015fa\u011f\u0131daki yaz\u0131lar\u0131 okuman\u0131z\u0131 tavsiye ederim:<\/p>\n\n\n\n<ul><li><a rel=\"noreferrer noopener\" href=\"https:\/\/www.ufukonen.com\/tr\/reverb-delay-birlikte-kullanirken.html\" data-type=\"post\" data-id=\"4913\" target=\"_blank\">Reverb ve Delay Efektlerini Birlikte Kullan\u0131rken\u2026<\/a> (yaz\u0131 + ses \u00f6rnekleri)<\/li><li><a rel=\"noreferrer noopener\" href=\"https:\/\/www.ufukonen.com\/tr\/plug-inlerin-insert-ve-send-olarak-kullanimlari.html\" data-type=\"post\" data-id=\"254\" target=\"_blank\">Plug-in\u2019lerin \u2018Insert\u2019 ve \u2018Send\u2019 Olarak Kullan\u0131mlar\u0131<\/a><\/li><\/ul>\n\n\n\n<div style=\"height:25px\" aria-hidden=\"true\" class=\"wp-block-spacer\"><\/div>\n\n\n\n<h3>Y\u00f6ntem #2<\/h3>\n\n\n\n<p>\u0130kinci y\u00f6ntem, delay kanal\u0131na insert edece\u011finiz bir high cut (ya da low pass) filtre arac\u0131l\u0131\u011f\u0131 ile \u00fcst frekanslar\u0131 kesmek. Bu sayede delay tekrarlar\u0131n\u0131n kolayca miksini i\u00e7ine daha iyi bir \u015fekilde oturmas\u0131n\u0131 sa\u011flayabilirsiniz.<\/p>\n\n\n\n<p>High-cut filtrenin kesme frekans\u0131 i\u00e7in ezberden bir \u015fey s\u00f6ylemek sa\u011fl\u0131kl\u0131 olmaz. Bunu sinyalin i\u00e7eri\u011fine ve mikse g\u00f6re belirlemek gerekir. Rehberlik etmesi a\u00e7\u0131s\u0131ndan, 4 kHz \u2013 10 kHz aras\u0131nda bir noktadan ba\u015flayarak \u00fcstte kalan frekanslar\u0131 kesmenin genelde iyi sonu\u00e7 verdi\u011fini s\u00f6yleyebilirim.<\/p>\n\n\n\n<div style=\"height:20px\" aria-hidden=\"true\" class=\"wp-block-spacer\"><\/div>\n\n\n\n<h3>Y\u00f6ntem #3<\/h3>\n\n\n\n<p>\u00dc\u00e7\u00fcnc\u00fc y\u00f6ntem, yukar\u0131daki iki y\u00f6ntemin toplam\u0131! Di\u011fer bir deyi\u015fle, duruma g\u00f6re, ayn\u0131 anda hem birinci hem de ikinci y\u00f6ntemi uygulayabilirsiniz. Ben genelde bu \u015fekilde yap\u0131yorum. Delay kanal\u0131na bir high cut filtre insert ediyorum. \u00dcst frekanslar\u0131 kesiyorum. Sonra delay&#8217;i send y\u00f6ntemi ile reverb&#8217;e g\u00f6nderiyorum.<\/p>\n\n\n\n<div style=\"height:20px\" aria-hidden=\"true\" class=\"wp-block-spacer\"><\/div>\n\n\n\n<h3>Deneyin!<\/h3>\n\n\n\n<p>Delay tekrarlar\u0131n\u0131n tek tek net bir \u015fekilde duyulmas\u0131n\u0131 de\u011fil de efektsiz sinyal ile ayn\u0131 alanda olmas\u0131n\u0131 ve miksin i\u00e7ine iyice oturmas\u0131n\u0131, g\u00f6m\u00fclmesini istiyorsan\u0131z bu y\u00f6ntemleri mutlaka deneyin. Fark\u0131 duyacaks\u0131n\u0131z!<\/p>\n\n\n\n<div style=\"height:50px\" aria-hidden=\"true\" class=\"wp-block-spacer\"><\/div>\n\n\n\n<p>Teknik terimler i\u00e7in <a href=\"http:\/\/www.ufukonen.com\/tr\/ses-kayit-muzik-teknolojisi-terimler-sozluk.html\">m\u00fczik teknolojisi, m\u00fczik prod\u00fcksiyonu ve ses kay\u0131t terimleri s\u00f6zl\u00fc\u011f\u00fcne<\/a> g\u00f6z atabilirsiniz.<\/p>\n\n\n\n<p>Benzer payla\u015f\u0131mlar i\u00e7in beni <a rel=\"noreferrer noopener\" href=\"https:\/\/www.facebook.com\/ufukonen.skmt\/\" target=\"_blank\">Facebook<\/a>, <a rel=\"noreferrer noopener\" aria-label=\"Instagram (opens in a new tab)\" href=\"https:\/\/www.instagram.com\/ufukonen\/\" target=\"_blank\">Instagram<\/a> ve <a rel=\"noreferrer noopener\" href=\"https:\/\/twitter.com\/UfukOnen\" target=\"_blank\">Twitter<\/a>&#8216;da takip edebilir, haberler i\u00e7in <a rel=\"noreferrer noopener\" href=\"http:\/\/ufukonen.com\/tr\/ses-kayit-muzik-teknolojisi-terimler-sozluk.html\" target=\"_blank\">mesaj listeme \u00fcye olabilirsiniz<\/a>. Te\u015fekk\u00fcrler.<\/p>\n\n\n\n<p>Ba\u015fl\u0131k foto\u011fraf\u0131: <a href=\"https:\/\/www.pexels.com\/photo\/bearded-man-working-in-modern-recording-studio-4143420\/\" target=\"_blank\" rel=\"noreferrer noopener\">Brett Sayles<\/a> | <a href=\"https:\/\/www.pexels.com\" target=\"_blank\" rel=\"noreferrer noopener\">Pexels<\/a><\/p>\n\n\n\n<p>\u00a9 2022 Ufuk \u00d6nen. Her hakk\u0131 sakl\u0131d\u0131r. \u0130zinsiz kullan\u0131lamaz.<\/p>\n","protected":false},"excerpt":{"rendered":"<p class=\"post-excerpt\">Delay efektini kullan\u0131rken bazen efektlendirdi\u011fimiz sinyalin net bir \u015fekilde duyulmas\u0131n\u0131, miksin i\u00e7ine g\u00f6m\u00fclmemesini isteriz. E\u011fer istedi\u011fimiz buysa ve kulland\u0131\u011f\u0131m\u0131z delay&#8230;<\/p>\n","protected":false},"author":2,"featured_media":7615,"comment_status":"closed","ping_status":"open","sticky":false,"template":"","format":"standard","meta":{"_mi_skip_tracking":false,"spay_email":"","jetpack_publicize_message":"","jetpack_is_tweetstorm":false,"jetpack_publicize_feature_enabled":true},"categories":[16],"tags":[],"jetpack_featured_media_url":"https:\/\/www.ufukonen.com\/tr\/wp-content\/uploads\/Delay_Miks_00_Header.jpg","jetpack_publicize_connections":[],"jetpack_shortlink":"https:\/\/wp.me\/p3rjsG-1YL","jetpack_sharing_enabled":true,"jetpack-related-posts":[{"id":4913,"url":"https:\/\/www.ufukonen.com\/tr\/reverb-delay-birlikte-kullanirken.html","url_meta":{"origin":7611,"position":0},"title":"Reverb ve Delay Efektlerini Birlikte Kullan\u0131rken&#8230;","date":"July 15, 2019","format":false,"excerpt":"Reverb ve delay, m\u00fczik prod\u00fcksiyonunda s\u00fcrekli kulland\u0131\u011f\u0131m\u0131z iki efekt. Yerine g\u00f6re, baz\u0131 enstr\u00fcmanlar i\u00e7in sadece reverb, baz\u0131 enstr\u00fcmanlar i\u00e7in sadece delay, di\u011ferleri i\u00e7in ise ayn\u0131 anda hem reverb hem de delay kullan\u0131yoruz. Reverb ve delay'i birlikte kullan\u0131rken tercih etti\u011fimiz sinyal ak\u0131\u015f\u0131n\u0131n ald\u0131\u011f\u0131m\u0131z sonu\u00e7 \u00fczerinde bir etkisi oluyor. Bu etki bazen\u2026","rel":"","context":"In &quot;M\u00fczik Prod\u00fcksiyonu&quot;","img":{"alt_text":"","src":"https:\/\/i0.wp.com\/www.ufukonen.com\/tr\/wp-content\/uploads\/Reverb_Delay_Birlikte_Kullanirken_1280x720.jpg?resize=350%2C200&ssl=1","width":350,"height":200},"classes":[]},{"id":7793,"url":"https:\/\/www.ufukonen.com\/tr\/delay-soru-cevap.html","url_meta":{"origin":7611,"position":1},"title":"Delay Hakk\u0131nda 2 Soru 2 Cevap","date":"December 5, 2022","format":false,"excerpt":"Y\u0131llar i\u00e7inde delay kullan\u0131m\u0131 ile ilgili olarak bana yaz\u0131l\u0131 veya s\u00f6zl\u00fc olarak bir\u00e7ok soru soruldu. Bunlar i\u00e7inde en \u00e7ok sorulan ve sorulmaya devam eden iki soruyu bu yaz\u0131mda cevaplar\u0131yla birlikte sizlerle payla\u015fmak istiyorum. Soru #1: \"Delay s\u00fcresini her zaman par\u00e7an\u0131n temposuna g\u00f6re mi ayarlamal\u0131y\u0131m?\" Hay\u0131r. \u00c7o\u011fu zaman delay s\u00fcresini par\u00e7an\u0131n\u2026","rel":"","context":"In &quot;M\u00fczik Prod\u00fcksiyonu&quot;","img":{"alt_text":"","src":"https:\/\/i0.wp.com\/www.ufukonen.com\/tr\/wp-content\/uploads\/Delay_Soru_Cevap_00_Header.jpg?resize=350%2C200&ssl=1","width":350,"height":200},"classes":[]},{"id":4929,"url":"https:\/\/www.ufukonen.com\/tr\/efekt-ve-sinyal-islemcilerin-sirasi-uzerine.html","url_meta":{"origin":7611,"position":2},"title":"Efekt ve Sinyal \u0130\u015flemcilerin S\u0131ras\u0131 \u00dczerine&#8230;","date":"July 22, 2019","format":false,"excerpt":"Ben m\u00fczi\u011fe gitarla ba\u015flad\u0131m. Elektrogitar \u00e7almak istemi\u015ftim. 1980'li y\u0131llarda T\u00fcrkiye'de herkese \"ilk \u00f6nce klasik gitarla ba\u015fla, sonra elektrogitar ile devam edersin\" \u015feklinde tavsiyeler verilirdi. Bana sa\u00e7ma gelmi\u015fti ama bakt\u0131m ki ba\u015fka \u00e7aresi yok, ben de klasik gitarla ba\u015flad\u0131m. Klasik gitar ve elektrogitar\u0131n asl\u0131nda iki farkl\u0131 d\u00fcnyalar oldu\u011funu kavramam fazla uzun\u2026","rel":"","context":"In &quot;Ses ve M\u00fczik Teknolojileri&quot;","img":{"alt_text":"","src":"https:\/\/i0.wp.com\/www.ufukonen.com\/tr\/wp-content\/uploads\/Efekt_Sinyal_Islemciler_Sirasi_720.jpg?resize=350%2C200&ssl=1","width":350,"height":200},"classes":[]},{"id":254,"url":"https:\/\/www.ufukonen.com\/tr\/plug-inlerin-insert-ve-send-olarak-kullanimlari.html","url_meta":{"origin":7611,"position":3},"title":"Plug-in&#8217;lerin &#8216;Insert&#8217; ve &#8216;Send&#8217; Olarak Kullan\u0131mlar\u0131","date":"November 16, 2012","format":false,"excerpt":"Analog mikserler ve \u0130ngilizce'de 'outboard gear' olarak adland\u0131r\u0131lan 'hardware' ses i\u015flemci ve efekt \u00fcniteleri i\u00e7in \u015f\u00f6yle bir prensip vard\u0131r: Kompres\u00f6r, equalizer, noise gate gibi ses i\u015flemciler mikserde herhangi bir kanala 'insert' noktas\u0131 arac\u0131l\u0131\u011f\u0131 ile ba\u011flan\u0131r; reverb, delay gibi efektler i\u00e7in ise 'send' y\u00f6ntemi kullan\u0131l\u0131r. Kompres\u00f6r ve equalizer gibi sinyal i\u015flemciler\u2026","rel":"","context":"In &quot;M\u00fczik Prod\u00fcksiyonu&quot;","img":{"alt_text":"","src":"https:\/\/i0.wp.com\/www.ufukonen.com\/tr\/wp-content\/uploads\/Onen-Send-Insert-Sekil-07.jpg?resize=350%2C200&ssl=1","width":350,"height":200},"classes":[]},{"id":7735,"url":"https:\/\/www.ufukonen.com\/tr\/vokali-miksin-icine-nasil-oturtabiliriz.html","url_meta":{"origin":7611,"position":4},"title":"Vokali Miksin \u0130\u00e7ine Nas\u0131l Oturtabiliriz?","date":"November 21, 2022","format":false,"excerpt":"Mikste vokalin seviyesini ayarl\u0131yoruz, genel olarak kula\u011fa iyi geliyor ama yer yer d\u00fc\u015f\u00fck kal\u0131yor veya zaman zaman y\u00fcksek geliyor ve miksin d\u0131\u015f\u0131na \u00e7\u0131k\u0131yormu\u015f gibi duyuluyor... \u00dcstelik bu durum kompres\u00f6r kulland\u0131\u011f\u0131m\u0131z halde oluyor... Kompres\u00f6r\u00fcn amac\u0131 zaten bu seviye farklar\u0131n\u0131 ortadan kald\u0131rmak de\u011fil miydi? B\u00f6yle bir durumda ne yapmam\u0131z gerekiyor? Vokali miksin\u2026","rel":"","context":"With 3 comments","img":{"alt_text":"","src":"https:\/\/i0.wp.com\/www.ufukonen.com\/tr\/wp-content\/uploads\/Vokali_Miksin_Icine_Nasil_Oturtabiliriz_00_Header-2.jpg?resize=350%2C200&ssl=1","width":350,"height":200},"classes":[]},{"id":6447,"url":"https:\/\/www.ufukonen.com\/tr\/vokal-miksi-rehber-2.html","url_meta":{"origin":7611,"position":5},"title":"Vokal Miksi i\u00e7in Mini Rehber (2. B\u00f6l\u00fcm)","date":"March 22, 2021","format":false,"excerpt":"Bu yaz\u0131mda vokal miksi i\u00e7in kullanabilece\u011finiz sekiz ba\u015fl\u0131ktan olu\u015fan bir mini rehber haz\u0131rlad\u0131m. Her ba\u015fl\u0131\u011f\u0131n alt\u0131nda ilgili yaz\u0131lar\u0131n linklerini ekledim. \u0130lk olarak 22 Mart 2021'de yay\u0131nlanm\u0131\u015f olan bu mini rehber, 8 A\u011fustos 2022, 28 Kas\u0131m 2022, 20 Mart 2023 ve 7 A\u011fustos 2025 tarihlerinde g\u00fcncellenmi\u015ftir. Filtre ve EQKompres\u00f6rEQDe-esserSidechain Kompres\u00f6r Kullan\u0131m\u0131Saturation,\u2026","rel":"","context":"In &quot;M\u00fczik Prod\u00fcksiyonu&quot;","img":{"alt_text":"","src":"https:\/\/i0.wp.com\/www.ufukonen.com\/tr\/wp-content\/uploads\/Vokal_Miksi_Mini_Rehber_00_Header.jpg?resize=350%2C200&ssl=1","width":350,"height":200},"classes":[]}],"_links":{"self":[{"href":"https:\/\/www.ufukonen.com\/tr\/wp-json\/wp\/v2\/posts\/7611"}],"collection":[{"href":"https:\/\/www.ufukonen.com\/tr\/wp-json\/wp\/v2\/posts"}],"about":[{"href":"https:\/\/www.ufukonen.com\/tr\/wp-json\/wp\/v2\/types\/post"}],"author":[{"embeddable":true,"href":"https:\/\/www.ufukonen.com\/tr\/wp-json\/wp\/v2\/users\/2"}],"replies":[{"embeddable":true,"href":"https:\/\/www.ufukonen.com\/tr\/wp-json\/wp\/v2\/comments?post=7611"}],"version-history":[{"count":4,"href":"https:\/\/www.ufukonen.com\/tr\/wp-json\/wp\/v2\/posts\/7611\/revisions"}],"predecessor-version":[{"id":7616,"href":"https:\/\/www.ufukonen.com\/tr\/wp-json\/wp\/v2\/posts\/7611\/revisions\/7616"}],"wp:featuredmedia":[{"embeddable":true,"href":"https:\/\/www.ufukonen.com\/tr\/wp-json\/wp\/v2\/media\/7615"}],"wp:attachment":[{"href":"https:\/\/www.ufukonen.com\/tr\/wp-json\/wp\/v2\/media?parent=7611"}],"wp:term":[{"taxonomy":"category","embeddable":true,"href":"https:\/\/www.ufukonen.com\/tr\/wp-json\/wp\/v2\/categories?post=7611"},{"taxonomy":"post_tag","embeddable":true,"href":"https:\/\/www.ufukonen.com\/tr\/wp-json\/wp\/v2\/tags?post=7611"}],"curies":[{"name":"wp","href":"https:\/\/api.w.org\/{rel}","templated":true}]}}