{"id":7617,"date":"2022-09-26T01:00:00","date_gmt":"2022-09-25T22:00:00","guid":{"rendered":"https:\/\/www.ufukonen.com\/tr\/?p=7617"},"modified":"2023-01-30T01:06:01","modified_gmt":"2023-01-29T22:06:01","slug":"harmonic-exciter","status":"publish","type":"post","link":"https:\/\/www.ufukonen.com\/tr\/harmonic-exciter.html","title":{"rendered":"Harmonic Exciter"},"content":{"rendered":"\n<p>Harmonic exciter ya da k\u0131saca exciter, en eski ve en pop\u00fcler psikoakustik i\u015flemcilerden biridir. Sinyalin \u00fcst frekans aral\u0131\u011f\u0131n\u0131 bir armonik synthesizer arac\u0131l\u0131\u011f\u0131yla i\u015fler ve bu i\u015flenen sinyali orijinal sinyalle kar\u0131\u015ft\u0131r\u0131r. Synthesizer ile i\u015flenip orijinal sinyale eklenen bu sinyal genel seviyeyi art\u0131rmaz, fakat kayd\u0131n daha parlak ve yak\u0131n alg\u0131lanmas\u0131n\u0131 sa\u011flar.<\/p>\n\n\n\n<p>\u0130lk exciter, Aphex firmas\u0131 taraf\u0131ndan 1970&#8217;lerde \u00fcretilen Aural Exciter adl\u0131 \u00fcnitedir. Aphex, bu \u00fcniteyi st\u00fcdyolara kiral\u0131yor, par\u00e7ada ya da alb\u00fcmde ne kadar kullan\u0131ld\u0131ysa dakika ba\u015f\u0131na 30 dolar \u00fccret al\u0131yordu. Zaman i\u00e7inde ba\u015fka firmalar da harmonic exciter \u00fcniteleri \u00fcretmeye ba\u015flad\u0131lar. G\u00fcn\u00fcm\u00fczde orijinal \u00fcnitelerden modellenmi\u015f ya da s\u0131f\u0131rdan tasarlanm\u0131\u015f bir\u00e7ok exciter plug-in&#8217;i bulunmaktad\u0131r.<\/p>\n\n\n\n<figure class=\"wp-block-image size-large\"><img loading=\"lazy\" width=\"1024\" height=\"271\" src=\"https:\/\/www.ufukonen.com\/tr\/wp-content\/uploads\/Harmonic_Exciter_01-1024x271.jpg\" alt=\"\" class=\"wp-image-7619\" srcset=\"https:\/\/www.ufukonen.com\/tr\/wp-content\/uploads\/Harmonic_Exciter_01-1024x271.jpg 1024w, https:\/\/www.ufukonen.com\/tr\/wp-content\/uploads\/Harmonic_Exciter_01-300x80.jpg 300w, https:\/\/www.ufukonen.com\/tr\/wp-content\/uploads\/Harmonic_Exciter_01-768x204.jpg 768w, https:\/\/www.ufukonen.com\/tr\/wp-content\/uploads\/Harmonic_Exciter_01-1140x302.jpg 1140w, https:\/\/www.ufukonen.com\/tr\/wp-content\/uploads\/Harmonic_Exciter_01-552x146.jpg 552w, https:\/\/www.ufukonen.com\/tr\/wp-content\/uploads\/Harmonic_Exciter_01.jpg 1411w\" sizes=\"(max-width: 1024px) 100vw, 1024px\" \/><\/figure>\n\n\n\n<p>Exciter, EQ kullanmadan sesi parlakla\u015ft\u0131rmak ve sese &#8220;p\u0131r\u0131lt\u0131&#8221; katmak i\u00e7in harika bir \u00e7\u00f6z\u00fcmd\u00fcr. Ben de s\u0131kl\u0131kla kullan\u0131r\u0131m. Burada dikkat edilmesi gereken nokta, bu i\u015flemciyi karar\u0131nda kullanmak. Eskilerin s\u00f6yledi\u011fi gibi, &#8220;az\u0131 karar, fazlas\u0131 zarar&#8221;. Exciter kullan\u0131m\u0131nda fazlas\u0131 ger\u00e7ekten zarar veriyor.<\/p>\n\n\n\n<p>\u00dcst-mid ve \u00fcst frekans dengesine sahip olmak \u015fart\u0131yla exciter&#8217;\u0131 akl\u0131n\u0131za gelen her enstr\u00fcman ve ses i\u00e7in kullanmak m\u00fcmk\u00fcn. Akustik gitar, vokal, davul\u2026 Hatta mikse &#8220;p\u0131r\u0131lt\u0131&#8221; katmak i\u00e7in master kanalda bile kullan\u0131l\u0131yor\u2026<\/p>\n\n\n\n<p>Harmonic exciter&#8217;\u0131n di\u011fer bir kullan\u0131m alan\u0131 da eski kay\u0131t restorasyonlar\u0131. Exciter eskimi\u015f ve \u00fcst frekans dengesi zay\u0131flam\u0131\u015f analog bantlar\u0131n restorasyonu s\u0131ras\u0131nda kayda canl\u0131l\u0131k katmak i\u00e7in s\u0131kl\u0131kla kullan\u0131lan bir i\u015flemcidir.<\/p>\n\n\n\n<figure class=\"wp-block-image size-large\"><img loading=\"lazy\" width=\"1024\" height=\"216\" src=\"https:\/\/www.ufukonen.com\/tr\/wp-content\/uploads\/Harmonic_Exciter_02-1024x216.jpg\" alt=\"\" class=\"wp-image-7620\" srcset=\"https:\/\/www.ufukonen.com\/tr\/wp-content\/uploads\/Harmonic_Exciter_02-1024x216.jpg 1024w, https:\/\/www.ufukonen.com\/tr\/wp-content\/uploads\/Harmonic_Exciter_02-300x63.jpg 300w, https:\/\/www.ufukonen.com\/tr\/wp-content\/uploads\/Harmonic_Exciter_02-768x162.jpg 768w, https:\/\/www.ufukonen.com\/tr\/wp-content\/uploads\/Harmonic_Exciter_02-1140x240.jpg 1140w, https:\/\/www.ufukonen.com\/tr\/wp-content\/uploads\/Harmonic_Exciter_02-552x116.jpg 552w, https:\/\/www.ufukonen.com\/tr\/wp-content\/uploads\/Harmonic_Exciter_02.jpg 1280w\" sizes=\"(max-width: 1024px) 100vw, 1024px\" \/><\/figure>\n\n\n\n<p>Yukar\u0131da da belirtti\u011fim gibi, g\u00fcn\u00fcm\u00fczde orijinal \u00fcnitelerden modellenmi\u015f ya da s\u0131f\u0131rdan tasarlanm\u0131\u015f bir\u00e7ok exciter plug-in&#8217;i bulunmaktad\u0131r. Benim favorilerimden biri <a href=\"https:\/\/www.waves.com\/plugins\/aphex-vintage-aural-exciter#brighter-mix-aphex-aural-exciter\" target=\"_blank\" rel=\"noreferrer noopener\">Waves Aphex Vintage Aural Exciter<\/a>. Di\u011fer exciter plug-in&#8217;lerine \u00f6rnek olarak <a href=\"https:\/\/www.izotope.com\/en\/products\/ozone\/features\/exciter.html\" target=\"_blank\" rel=\"noreferrer noopener\">Izotope Ozone<\/a>, <a href=\"https:\/\/www.izotope.com\/en\/products\/neutron\/features\/exciter.html\" target=\"_blank\" rel=\"noreferrer noopener\">Izotope Neutron<\/a>, ve <a href=\"https:\/\/www.plugin-alliance.com\/en\/products\/spl_vitalizer_mk2-t.html\" target=\"_blank\" rel=\"noreferrer noopener\">SPL Vitalizer MK2-T<\/a>&#8216;\u0131 sayabiliriz.<\/p>\n\n\n\n<p>E\u011fer bug\u00fcne kadar exciter kullanmad\u0131ysan\u0131z mutlaka deneyin!<\/p>\n\n\n\n<div style=\"height:50px\" aria-hidden=\"true\" class=\"wp-block-spacer\"><\/div>\n\n\n\n<p>Teknik terimler i\u00e7in <a href=\"http:\/\/www.ufukonen.com\/tr\/ses-kayit-muzik-teknolojisi-terimler-sozluk.html\">m\u00fczik teknolojisi, m\u00fczik prod\u00fcksiyonu ve ses kay\u0131t terimleri s\u00f6zl\u00fc\u011f\u00fcne<\/a> g\u00f6z atabilirsiniz.<\/p>\n\n\n\n<p>Benzer payla\u015f\u0131mlar i\u00e7in beni <a rel=\"noreferrer noopener\" href=\"https:\/\/www.facebook.com\/ufukonen.skmt\/\" target=\"_blank\">Facebook<\/a>, <a href=\"https:\/\/www.instagram.com\/ufukonen\/\" target=\"_blank\" rel=\"noreferrer noopener\" aria-label=\"Instagram (opens in a new tab)\">Instagram<\/a> ve <a rel=\"noreferrer noopener\" href=\"https:\/\/twitter.com\/UfukOnen\" target=\"_blank\">Twitter<\/a>&#8216;da takip edebilir, haberler i\u00e7in <a rel=\"noreferrer noopener\" href=\"http:\/\/ufukonen.com\/tr\/ses-kayit-muzik-teknolojisi-terimler-sozluk.html\" target=\"_blank\">mesaj listeme \u00fcye olabilirsiniz<\/a>. Te\u015fekk\u00fcrler.<\/p>\n\n\n\n<p>\u00a9 2022 Ufuk \u00d6nen. Her hakk\u0131 sakl\u0131d\u0131r. \u0130zinsiz kullan\u0131lamaz.<\/p>\n","protected":false},"excerpt":{"rendered":"<p class=\"post-excerpt\">Harmonic exciter ya da k\u0131saca exciter, en eski ve en pop\u00fcler psikoakustik i\u015flemcilerden biridir. Sinyalin \u00fcst frekans aral\u0131\u011f\u0131n\u0131 bir armonik&#8230;<\/p>\n","protected":false},"author":2,"featured_media":7621,"comment_status":"closed","ping_status":"open","sticky":false,"template":"","format":"standard","meta":{"_mi_skip_tracking":false,"spay_email":"","jetpack_publicize_message":"","jetpack_is_tweetstorm":false,"jetpack_publicize_feature_enabled":true},"categories":[18],"tags":[],"jetpack_featured_media_url":"https:\/\/www.ufukonen.com\/tr\/wp-content\/uploads\/Harmonic_Exciter_00_Header.jpg","jetpack_publicize_connections":[],"jetpack_shortlink":"https:\/\/wp.me\/p3rjsG-1YR","jetpack_sharing_enabled":true,"jetpack-related-posts":[{"id":7939,"url":"https:\/\/www.ufukonen.com\/tr\/harmonic-exciter-kullanimi.html","url_meta":{"origin":7617,"position":0},"title":"Harmonic Exciter Kullan\u0131m\u0131 \u0130\u00e7in Birka\u00e7 \u00d6neri","date":"January 23, 2023","format":false,"excerpt":"Beni tan\u0131yanlar bilir, harmonic exciter (k\u0131saca, exciter) favori ses i\u015flemcilerimden biridir. Bu yaz\u0131mda sizlerle exciter ile ilgili birka\u00e7 \u00f6neri payla\u015fmak istiyorum. Harmonic exciter nedir, ne yapar diye soruyorsan\u0131z \"Harmonic Exciter\" ba\u015fl\u0131kl\u0131 yaz\u0131m\u0131 okuyabilirsiniz. Birinci ve En \u00d6nemli Kural Exciter Kullan\u0131m\u0131nda birinci ve en \u00f6nemli kural, exciter'\u0131 karar\u0131nda kullanmakt\u0131r. Zaten ba\u015fka\u2026","rel":"","context":"In &quot;M\u00fczik Prod\u00fcksiyonu&quot;","img":{"alt_text":"","src":"https:\/\/i0.wp.com\/www.ufukonen.com\/tr\/wp-content\/uploads\/Harmonic_Exciter_Kullanimi_00_Header.jpg?resize=350%2C200&ssl=1","width":350,"height":200},"classes":[]},{"id":7561,"url":"https:\/\/www.ufukonen.com\/tr\/bas-gitar-paralel-distortion-tuyo.html","url_meta":{"origin":7617,"position":1},"title":"Bas Gitarda Paralel Distortion \u0130\u00e7in Bir T\u00fcyo","date":"August 22, 2022","format":false,"excerpt":"Miks s\u0131ras\u0131nda bas gitarda paralel distortion, overdrive ya da saturation kullanmak bir\u00e7o\u011fumuzun uygulad\u0131\u011f\u0131 bir teknik. Bu teknik sayesinde bas gitar\u0131n hacminden \u00f6d\u00fcn vermeden anla\u015f\u0131labilirli\u011fini, tan\u0131m\u0131n\u0131 ve duyulabilirli\u011fini art\u0131rabiliyoruz. Bu tekni\u011fi uygulamak \u00e7ok kolay. Bas gitar kanal\u0131n\u0131 kopyal\u0131yoruz ya da bas gitar sinyalini bir bus arac\u0131l\u0131\u011f\u0131 ile bir aux kanal\u0131na g\u00f6nderiyoruz.\u2026","rel":"","context":"In &quot;M\u00fczik Prod\u00fcksiyonu&quot;","img":{"alt_text":"","src":"https:\/\/i0.wp.com\/www.ufukonen.com\/tr\/wp-content\/uploads\/Bas_Gitar_Paralel_Distortion_Tuyo_00_Header.jpg?resize=350%2C200&ssl=1","width":350,"height":200},"classes":[]},{"id":8327,"url":"https:\/\/www.ufukonen.com\/tr\/delta-solo.html","url_meta":{"origin":7617,"position":2},"title":"Delta Solo: Plug-in&#8217;lerin Ger\u00e7ek Etkilerini A\u00e7\u0131\u011fa \u00c7\u0131kar\u0131n","date":"September 9, 2024","format":false,"excerpt":"Miks ve mastering s\u00fcre\u00e7lerinde, plug-in'lerin ses sinyallerine nas\u0131l m\u00fcdahale etti\u011fini do\u011fru bir \u015fekilde anlamak b\u00fcy\u00fck \u00f6nem ta\u015f\u0131r. Bu ba\u011flamda delta solo, orijinal sinyal ile i\u015flenmi\u015f sinyal aras\u0131ndaki fark\u0131 duyabilmenizi sa\u011flayan etkili bir tekniktir. Bu makalede, delta solonun ne oldu\u011funu, neden \u00f6nemli oldu\u011funu ve bu y\u00f6ntemin hem yerle\u015fik hem de her\u2026","rel":"","context":"In &quot;Ses ve M\u00fczik Teknolojileri&quot;","img":{"alt_text":"","src":"https:\/\/i0.wp.com\/www.ufukonen.com\/tr\/wp-content\/uploads\/Delta_Solo-1.jpg?resize=350%2C200&ssl=1","width":350,"height":200},"classes":[]},{"id":4913,"url":"https:\/\/www.ufukonen.com\/tr\/reverb-delay-birlikte-kullanirken.html","url_meta":{"origin":7617,"position":3},"title":"Reverb ve Delay Efektlerini Birlikte Kullan\u0131rken&#8230;","date":"July 15, 2019","format":false,"excerpt":"Reverb ve delay, m\u00fczik prod\u00fcksiyonunda s\u00fcrekli kulland\u0131\u011f\u0131m\u0131z iki efekt. Yerine g\u00f6re, baz\u0131 enstr\u00fcmanlar i\u00e7in sadece reverb, baz\u0131 enstr\u00fcmanlar i\u00e7in sadece delay, di\u011ferleri i\u00e7in ise ayn\u0131 anda hem reverb hem de delay kullan\u0131yoruz. Reverb ve delay'i birlikte kullan\u0131rken tercih etti\u011fimiz sinyal ak\u0131\u015f\u0131n\u0131n ald\u0131\u011f\u0131m\u0131z sonu\u00e7 \u00fczerinde bir etkisi oluyor. Bu etki bazen\u2026","rel":"","context":"In &quot;M\u00fczik Prod\u00fcksiyonu&quot;","img":{"alt_text":"","src":"https:\/\/i0.wp.com\/www.ufukonen.com\/tr\/wp-content\/uploads\/Reverb_Delay_Birlikte_Kullanirken_1280x720.jpg?resize=350%2C200&ssl=1","width":350,"height":200},"classes":[]},{"id":5579,"url":"https:\/\/www.ufukonen.com\/tr\/chorus-flanger-phaser.html","url_meta":{"origin":7617,"position":4},"title":"Chorus, Flanger ve Phaser: \u00dc\u00e7 Temel Mod\u00fclasyon Efekti Aras\u0131ndaki Fark","date":"April 13, 2020","format":false,"excerpt":"Chorus, flanger ve phaser\u2026 Hem kay\u0131t ve miks m\u00fchendisleri, hem de gitaristler ve klavyeciler taraf\u0131ndan kullan\u0131lan \u00fc\u00e7 mod\u00fclasyon efekti. Bu \u00fc\u00e7 efekt bazen birbirleri ile kar\u0131\u015ft\u0131r\u0131labiliyor. Hatta bu \u00fc\u00e7 efektin ayn\u0131 oldu\u011funu sananlar da \u00e7\u0131k\u0131yor. Her ne kadar birbirleri ile yak\u0131n ve benzer olsalar da asl\u0131nda chorus, flanger ve phaser\u2026","rel":"","context":"In &quot;Ses ve M\u00fczik Teknolojileri&quot;","img":{"alt_text":"","src":"https:\/\/i0.wp.com\/www.ufukonen.com\/tr\/wp-content\/uploads\/Chorus_Flanger_Phaser_00_Header.jpg?resize=350%2C200&ssl=1","width":350,"height":200},"classes":[]},{"id":7421,"url":"https:\/\/www.ufukonen.com\/tr\/logic-pro-drum-replacement.html","url_meta":{"origin":7617,"position":5},"title":"Logic Pro ve Drum Replacement","date":"May 30, 2022","format":false,"excerpt":"Davul kay\u0131tlar\u0131ndaki kick, trampet ve di\u011fer sesleri sample'lar kullanarak de\u011fi\u015ftirmek art\u0131k g\u00fcn\u00fcm\u00fczde standart olarak yap\u0131lan bir i\u015flem haline geldi. Bu i\u015f i\u00e7in \u00fcretilmi\u015f \u00e7ok ba\u015far\u0131l\u0131 plug-in'ler var. \u00d6rnek olarak Addictive Trigger, Steven Slate Trigger, Superior Drummer, Drumagog, Massey DRT Drum Replacer ve UVI Drum Replacer'\u0131 sayabiliriz. Peki, herhangi bir plug-in\u2026","rel":"","context":"In &quot;Ses ve M\u00fczik Teknolojileri&quot;","img":{"alt_text":"","src":"https:\/\/i0.wp.com\/www.ufukonen.com\/tr\/wp-content\/uploads\/Logic_Pro_Drum_Replacement_00_Header.jpg?resize=350%2C200&ssl=1","width":350,"height":200},"classes":[]}],"_links":{"self":[{"href":"https:\/\/www.ufukonen.com\/tr\/wp-json\/wp\/v2\/posts\/7617"}],"collection":[{"href":"https:\/\/www.ufukonen.com\/tr\/wp-json\/wp\/v2\/posts"}],"about":[{"href":"https:\/\/www.ufukonen.com\/tr\/wp-json\/wp\/v2\/types\/post"}],"author":[{"embeddable":true,"href":"https:\/\/www.ufukonen.com\/tr\/wp-json\/wp\/v2\/users\/2"}],"replies":[{"embeddable":true,"href":"https:\/\/www.ufukonen.com\/tr\/wp-json\/wp\/v2\/comments?post=7617"}],"version-history":[{"count":2,"href":"https:\/\/www.ufukonen.com\/tr\/wp-json\/wp\/v2\/posts\/7617\/revisions"}],"predecessor-version":[{"id":7622,"href":"https:\/\/www.ufukonen.com\/tr\/wp-json\/wp\/v2\/posts\/7617\/revisions\/7622"}],"wp:featuredmedia":[{"embeddable":true,"href":"https:\/\/www.ufukonen.com\/tr\/wp-json\/wp\/v2\/media\/7621"}],"wp:attachment":[{"href":"https:\/\/www.ufukonen.com\/tr\/wp-json\/wp\/v2\/media?parent=7617"}],"wp:term":[{"taxonomy":"category","embeddable":true,"href":"https:\/\/www.ufukonen.com\/tr\/wp-json\/wp\/v2\/categories?post=7617"},{"taxonomy":"post_tag","embeddable":true,"href":"https:\/\/www.ufukonen.com\/tr\/wp-json\/wp\/v2\/tags?post=7617"}],"curies":[{"name":"wp","href":"https:\/\/api.w.org\/{rel}","templated":true}]}}