{"id":7633,"date":"2022-10-10T01:00:00","date_gmt":"2022-10-09T22:00:00","guid":{"rendered":"https:\/\/www.ufukonen.com\/tr\/?p=7633"},"modified":"2023-01-30T01:06:14","modified_gmt":"2023-01-29T22:06:14","slug":"waves-studiorack-vst3","status":"publish","type":"post","link":"https:\/\/www.ufukonen.com\/tr\/waves-studiorack-vst3.html","title":{"rendered":"Waves StudioRack Art\u0131k T\u00fcm VST3 Plug-in&#8217;lerini Destekliyor!"},"content":{"rendered":"\n<p>Waves StudioRack, &#8216;utility&#8217; kategorisinde en be\u011fendi\u011fim plug-in&#8217;lerden biridir. Bir\u00e7ok nedeni var\u2026 Birincisi, bir Waves kullan\u0131c\u0131s\u0131 olarak StudioRack sayesinde Waves plug-in&#8217;lerimden diledi\u011fim gibi plug-in zincirleri olu\u015fturabiliyorum. \u0130kincisi, istedi\u011fim herhangi bir Waves plug-in&#8217;ini (plug-in&#8217;in kendisi desteklemese bile) hem multiband hem de mid\/side olarak kullanabiliyorum. \u00dc\u00e7\u00fcnc\u00fcs\u00fc de, StudioRack \u00fccretsiz.<\/p>\n\n\n\n<p><strong>\u0130lgili yaz\u0131lar<\/strong>:<\/p>\n\n\n\n<ul><li><a rel=\"noreferrer noopener\" href=\"https:\/\/www.ufukonen.com\/tr\/waves-studiorack-multiband.html\" data-type=\"post\" data-id=\"6747\" target=\"_blank\">Waves StudioRack ile T\u00fcm Plug-in\u2019lerle Multiband \u00c7al\u0131\u015f\u0131n<\/a><\/li><li><a rel=\"noreferrer noopener\" href=\"https:\/\/www.ufukonen.com\/tr\/waves-studiorack-mid-side.html\" data-type=\"post\" data-id=\"6684\" target=\"_blank\">Waves StudioRack ile T\u00fcm Plug-in\u2019lerle Mid\/Side \u00c7al\u0131\u015f\u0131n<\/a><\/li><\/ul>\n\n\n\n<div style=\"height:20px\" aria-hidden=\"true\" class=\"wp-block-spacer\"><\/div>\n\n\n\n<h3>Waves StudioRack Art\u0131k \u00c7ok Daha Cazip<\/h3>\n\n\n\n<p>StudioRack zaten cazipti ama yeni s\u00fcr\u00fcm\u00fc ile \u00e7ok daha cazip hale geldi.<\/p>\n\n\n\n<p>StudioRack, art\u0131k t\u00fcm VST3 plug-in&#8217;lerini destekliyor!<\/p>\n\n\n\n<p>StudioRack i\u00e7inde kullanaca\u011f\u0131n\u0131z plug-in&#8217;ler bundan b\u00f6yle Waves olmak zorunda de\u011fil. \u00dcreticisi hangi firma olursa olsun, bilgisayar\u0131n\u0131zda y\u00fckl\u00fc VST3 plug-in&#8217;lerini StudioRack ile kullanabilirsiniz. Bu, Waves StudioRack&#8217;in \u00e7al\u0131\u015ft\u0131\u011f\u0131 t\u00fcm DAW&#8217;lar i\u00e7in ge\u00e7erli.<\/p>\n\n\n\n<p>Dolay\u0131s\u0131yla, StudioRack i\u00e7inde art\u0131k sahip oldu\u011funuz t\u00fcm plug-in&#8217;ler ile zincirler olu\u015fturabilir ve (plug-in&#8217;lerin kendileri desteklemese bile) diledi\u011finiz plug-in&#8217;i multiband veya mid\/side olarak kullanabilirsiniz.<\/p>\n\n\n\n<p>Bu arada, StudioRack, paralel i\u015fleme i\u00e7in de i\u015fleri \u00e7ok kolayla\u015ft\u0131r\u0131yor.<\/p>\n\n\n\n<div style=\"height:20px\" aria-hidden=\"true\" class=\"wp-block-spacer\"><\/div>\n\n\n\n<h3>Nas\u0131l Yapar\u0131m?<\/h3>\n\n\n\n<p>\u00c7ok basit\u2026 \u0130lk \u00f6nce Waves&#8217;in sitesinden StudioRack plug-in&#8217;ini \u00fccretsiz olarak edinin ve bilgisayar\u0131n\u0131za y\u00fckleyin: <a href=\"https:\/\/www.waves.com\/plugins\/studiorack\" target=\"_blank\" rel=\"noreferrer noopener\">Waves StudioRack<\/a><\/p>\n\n\n\n<p>DAW i\u00e7inde plug-in&#8217;i istedi\u011finiz bir kanala insert edin.<\/p>\n\n\n\n<p>StudioRack ilk a\u00e7\u0131ld\u0131\u011f\u0131nda bilgisayar\u0131n\u0131zdaki VST3 plug-in&#8217;lerini taramak i\u00e7in sizden onay isteyecektir.<\/p>\n\n\n\n<figure class=\"wp-block-image size-large\"><img loading=\"lazy\" width=\"1024\" height=\"346\" src=\"https:\/\/www.ufukonen.com\/tr\/wp-content\/uploads\/Waves_StudioRack_VST_01-1024x346.jpg\" alt=\"\" class=\"wp-image-7637\" srcset=\"https:\/\/www.ufukonen.com\/tr\/wp-content\/uploads\/Waves_StudioRack_VST_01-1024x346.jpg 1024w, https:\/\/www.ufukonen.com\/tr\/wp-content\/uploads\/Waves_StudioRack_VST_01-300x101.jpg 300w, https:\/\/www.ufukonen.com\/tr\/wp-content\/uploads\/Waves_StudioRack_VST_01-768x260.jpg 768w, https:\/\/www.ufukonen.com\/tr\/wp-content\/uploads\/Waves_StudioRack_VST_01-1140x386.jpg 1140w, https:\/\/www.ufukonen.com\/tr\/wp-content\/uploads\/Waves_StudioRack_VST_01-552x187.jpg 552w, https:\/\/www.ufukonen.com\/tr\/wp-content\/uploads\/Waves_StudioRack_VST_01.jpg 1280w\" sizes=\"(max-width: 1024px) 100vw, 1024px\" \/><\/figure>\n\n\n\n<p>&#8216;Later&#8217; se\u00e7ene\u011fine t\u0131klarsan\u0131z StudioRack tarama yapmaz. \u0130sterseniz bu i\u015fi daha sonra plug-in penceresinin sa\u011f \u00fcst taraf\u0131nda yer alan men\u00fc arac\u0131l\u0131\u011f\u0131 ile ger\u00e7ekle\u015ftirebilirsiniz.<\/p>\n\n\n\n<figure class=\"wp-block-image size-large\"><img loading=\"lazy\" width=\"1024\" height=\"754\" src=\"https:\/\/www.ufukonen.com\/tr\/wp-content\/uploads\/Waves_StudioRack_VST_02-1024x754.jpg\" alt=\"\" class=\"wp-image-7638\" srcset=\"https:\/\/www.ufukonen.com\/tr\/wp-content\/uploads\/Waves_StudioRack_VST_02-1024x754.jpg 1024w, https:\/\/www.ufukonen.com\/tr\/wp-content\/uploads\/Waves_StudioRack_VST_02-300x221.jpg 300w, https:\/\/www.ufukonen.com\/tr\/wp-content\/uploads\/Waves_StudioRack_VST_02-768x566.jpg 768w, https:\/\/www.ufukonen.com\/tr\/wp-content\/uploads\/Waves_StudioRack_VST_02-1140x840.jpg 1140w, https:\/\/www.ufukonen.com\/tr\/wp-content\/uploads\/Waves_StudioRack_VST_02-552x407.jpg 552w, https:\/\/www.ufukonen.com\/tr\/wp-content\/uploads\/Waves_StudioRack_VST_02.jpg 1280w\" sizes=\"(max-width: 1024px) 100vw, 1024px\" \/><\/figure>\n\n\n\n<p>StudioRack, taramay\u0131 bitirdikten sonra buldu\u011fu VST3 plug-in&#8217;leri VST3 men\u00fcs\u00fc alt\u0131nda listeler. <\/p>\n\n\n\n<figure class=\"wp-block-image size-large\"><img loading=\"lazy\" width=\"1024\" height=\"754\" src=\"https:\/\/www.ufukonen.com\/tr\/wp-content\/uploads\/Waves_StudioRack_VST_03-1024x754.jpg\" alt=\"\" class=\"wp-image-7639\" srcset=\"https:\/\/www.ufukonen.com\/tr\/wp-content\/uploads\/Waves_StudioRack_VST_03-1024x754.jpg 1024w, https:\/\/www.ufukonen.com\/tr\/wp-content\/uploads\/Waves_StudioRack_VST_03-300x221.jpg 300w, https:\/\/www.ufukonen.com\/tr\/wp-content\/uploads\/Waves_StudioRack_VST_03-768x566.jpg 768w, https:\/\/www.ufukonen.com\/tr\/wp-content\/uploads\/Waves_StudioRack_VST_03-1140x840.jpg 1140w, https:\/\/www.ufukonen.com\/tr\/wp-content\/uploads\/Waves_StudioRack_VST_03-552x407.jpg 552w, https:\/\/www.ufukonen.com\/tr\/wp-content\/uploads\/Waves_StudioRack_VST_03.jpg 1280w\" sizes=\"(max-width: 1024px) 100vw, 1024px\" \/><\/figure>\n\n\n\n<p>Diledi\u011finiz plug-in&#8217;leri bu listeden se\u00e7ip StudioRack i\u00e7inde kullanabilirsiniz.<\/p>\n\n\n\n<figure class=\"wp-block-image size-large\"><img loading=\"lazy\" width=\"1024\" height=\"754\" src=\"https:\/\/www.ufukonen.com\/tr\/wp-content\/uploads\/Waves_StudioRack_VST_04-1024x754.jpg\" alt=\"\" class=\"wp-image-7640\" srcset=\"https:\/\/www.ufukonen.com\/tr\/wp-content\/uploads\/Waves_StudioRack_VST_04-1024x754.jpg 1024w, https:\/\/www.ufukonen.com\/tr\/wp-content\/uploads\/Waves_StudioRack_VST_04-300x221.jpg 300w, https:\/\/www.ufukonen.com\/tr\/wp-content\/uploads\/Waves_StudioRack_VST_04-768x566.jpg 768w, https:\/\/www.ufukonen.com\/tr\/wp-content\/uploads\/Waves_StudioRack_VST_04-1140x840.jpg 1140w, https:\/\/www.ufukonen.com\/tr\/wp-content\/uploads\/Waves_StudioRack_VST_04-552x407.jpg 552w, https:\/\/www.ufukonen.com\/tr\/wp-content\/uploads\/Waves_StudioRack_VST_04.jpg 1280w\" sizes=\"(max-width: 1024px) 100vw, 1024px\" \/><\/figure>\n\n\n\n<p>Mutlaka deneyin!<\/p>\n\n\n\n<div style=\"height:50px\" aria-hidden=\"true\" class=\"wp-block-spacer\"><\/div>\n\n\n\n<p>Teknik terimler i\u00e7in <a href=\"http:\/\/www.ufukonen.com\/tr\/ses-kayit-muzik-teknolojisi-terimler-sozluk.html\">m\u00fczik teknolojisi, m\u00fczik prod\u00fcksiyonu ve ses kay\u0131t terimleri s\u00f6zl\u00fc\u011f\u00fcne<\/a> g\u00f6z atabilirsiniz.<\/p>\n\n\n\n<p>Benzer payla\u015f\u0131mlar i\u00e7in beni <a rel=\"noreferrer noopener\" href=\"https:\/\/www.facebook.com\/ufukonen.skmt\/\" target=\"_blank\">Facebook<\/a>, <a href=\"https:\/\/www.instagram.com\/ufukonen\/\" target=\"_blank\" rel=\"noreferrer noopener\" aria-label=\"Instagram (opens in a new tab)\">Instagram<\/a> ve <a rel=\"noreferrer noopener\" href=\"https:\/\/twitter.com\/UfukOnen\" target=\"_blank\">Twitter<\/a>&#8216;da takip edebilir, haberler i\u00e7in <a rel=\"noreferrer noopener\" href=\"http:\/\/ufukonen.com\/tr\/ses-kayit-muzik-teknolojisi-terimler-sozluk.html\" target=\"_blank\">mesaj listeme \u00fcye olabilirsiniz<\/a>. Te\u015fekk\u00fcrler.<\/p>\n\n\n\n<p>\u00a9 2022 Ufuk \u00d6nen. Her hakk\u0131 sakl\u0131d\u0131r. \u0130zinsiz kullan\u0131lamaz.<\/p>\n","protected":false},"excerpt":{"rendered":"<p class=\"post-excerpt\">Waves StudioRack, &#8216;utility&#8217; kategorisinde en be\u011fendi\u011fim plug-in&#8217;lerden biridir. Bir\u00e7ok nedeni var\u2026 Birincisi, bir Waves kullan\u0131c\u0131s\u0131 olarak StudioRack sayesinde Waves plug-in&#8217;lerimden&#8230;<\/p>\n","protected":false},"author":2,"featured_media":7636,"comment_status":"closed","ping_status":"open","sticky":false,"template":"","format":"standard","meta":{"_mi_skip_tracking":false,"spay_email":"","jetpack_publicize_message":"","jetpack_is_tweetstorm":false,"jetpack_publicize_feature_enabled":true},"categories":[1],"tags":[],"jetpack_featured_media_url":"https:\/\/www.ufukonen.com\/tr\/wp-content\/uploads\/Waves_StudioRack_VST_00_Header.jpg","jetpack_publicize_connections":[],"jetpack_shortlink":"https:\/\/wp.me\/p3rjsG-1Z7","jetpack_sharing_enabled":true,"jetpack-related-posts":[{"id":6747,"url":"https:\/\/www.ufukonen.com\/tr\/waves-studiorack-multiband.html","url_meta":{"origin":7633,"position":0},"title":"Waves StudioRack ile T\u00fcm Plug-in&#8217;lerle Multiband \u00c7al\u0131\u015f\u0131n","date":"July 19, 2021","format":false,"excerpt":"Blog yaz\u0131lar\u0131m\u0131 takip edenler hat\u0131rlayacaklard\u0131r, \u00fccretsiz olarak indirebilece\u011finiz StudioRack adl\u0131 plug-in sayesinde t\u00fcm Waves plug-in'leri ile Mid\/Side \u00e7al\u0131\u015fman\u0131n m\u00fcmk\u00fcn oldu\u011funu yazm\u0131\u015f ve bunun nas\u0131l yap\u0131ld\u0131\u011f\u0131n\u0131 a\u00e7\u0131klam\u0131\u015ft\u0131m. Linkleri a\u015fa\u011f\u0131ya kopyal\u0131yorum: \"Waves StudioRack ile T\u00fcm Plug-in'lerle Mid\/Side \u00c7al\u0131\u015f\u0131n\"Waves StudioRack (bilgi ve indirme linki) StudioRack sadece Mid\/Side de\u011fil, ayn\u0131 zamanda multiband \u00f6zelli\u011fi de\u2026","rel":"","context":"In &quot;Ses ve M\u00fczik Teknolojileri&quot;","img":{"alt_text":"","src":"https:\/\/i0.wp.com\/www.ufukonen.com\/tr\/wp-content\/uploads\/Waves_StudioRack_Multiband_00_Header.jpg?resize=350%2C200&ssl=1","width":350,"height":200},"classes":[]},{"id":6684,"url":"https:\/\/www.ufukonen.com\/tr\/waves-studiorack-mid-side.html","url_meta":{"origin":7633,"position":1},"title":"Waves StudioRack ile T\u00fcm Plug-in&#8217;lerle Mid\/Side \u00c7al\u0131\u015f\u0131n","date":"June 21, 2021","format":false,"excerpt":"M\/S sinyal i\u015fleme yapabilmek i\u00e7in kulland\u0131\u011f\u0131n\u0131z plug-in'in Mid\/Side i\u015flem \u00f6zelli\u011fine sahip olmas\u0131 gerekiyor. E\u011fer bu \u00f6zellik yoksa o plug-in'i sadece standart stereo olarak kullanabiliyorsunuz. Peki, bu standart stereo plug-in'ler ile M\/S sinyal i\u015fleme yapman\u0131n bir yolu yok mu? E\u011fer Waves plug-in'lerini kullan\u0131yorsan\u0131z var. \u00dccretsiz olarak indirebilece\u011finiz StudioRack plug-in chainer sayesinde\u2026","rel":"","context":"In &quot;Ses ve M\u00fczik Teknolojileri&quot;","img":{"alt_text":"","src":"https:\/\/i0.wp.com\/www.ufukonen.com\/tr\/wp-content\/uploads\/Waves_StudioRack_MidSide_00_Header.jpg?resize=350%2C200&ssl=1","width":350,"height":200},"classes":[]},{"id":7281,"url":"https:\/\/www.ufukonen.com\/tr\/kulak-tirmalamayan-tizler.html","url_meta":{"origin":7633,"position":2},"title":"Kulak T\u0131rmalamayan Tizler Elde Etmek \u0130\u00e7in 5 \u0130\u015flemci","date":"April 4, 2022","format":false,"excerpt":"\u00c7al\u0131\u015ft\u0131\u011f\u0131m\u0131z par\u00e7ada kulak t\u0131rmalayan tizler var. Standart EQ ile sorunu \u00e7\u00f6zemiyoruz. Ne yapmal\u0131y\u0131z? Bu yaz\u0131mda kulak t\u0131rmalamayan tizler elde etmek i\u00e7in be\u015f i\u015flemci \u00f6nerisinde bulunmak istiyorum. 1\/ Dinamik EQ \"Dinamik EQ\" ba\u015fl\u0131kl\u0131 makalem i\u00e7in t\u0131klay\u0131n\u0131z Dinamik EQ'nun \u00e7al\u0131\u015fma prensibini ve dinamik EQ ile multiband kompres\u00f6r\u00fcn aras\u0131ndaki fark\u0131 anlatt\u0131\u011f\u0131m yaz\u0131m\u0131 buraya\u2026","rel":"","context":"In &quot;M\u00fczik Prod\u00fcksiyonu&quot;","img":{"alt_text":"","src":"https:\/\/i0.wp.com\/www.ufukonen.com\/tr\/wp-content\/uploads\/Kulak_Tirmalamayan_Tizler_00_Header.jpg?resize=350%2C200&ssl=1","width":350,"height":200},"classes":[]},{"id":6844,"url":"https:\/\/www.ufukonen.com\/tr\/favori-kompresor-plugin.html","url_meta":{"origin":7633,"position":3},"title":"Favori Kompres\u00f6r Plug-in&#8217;lerim","date":"September 13, 2021","format":false,"excerpt":"Bu yaz\u0131mda sizlerle en be\u011fendi\u011fim kompres\u00f6r plug-in'lerini payla\u015fmak istiyorum. Ba\u015flamadan \u00f6nce alt\u0131n\u0131 \u00e7izmek istedi\u011fim bir nokta var: Bu bir \"en iyi kompres\u00f6r plug-in'leri listesi\" de\u011fil. Bu, benim be\u011fendi\u011fim plug-in'lerden olu\u015fan tamamen \u015fahsi bir liste. Buradakilerin en iyi oldu\u011fu gibi bir iddiam yok. Di\u011fer yandan, bunun geli\u015fig\u00fczel haz\u0131rlanm\u0131\u015f bir liste olmad\u0131\u011f\u0131n\u0131,\u2026","rel":"","context":"In &quot;Ses ve M\u00fczik Teknolojileri&quot;","img":{"alt_text":"","src":"https:\/\/i0.wp.com\/www.ufukonen.com\/tr\/wp-content\/uploads\/Favori_Kompressor_Pluginlerim_00_Header.jpg?resize=350%2C200&ssl=1","width":350,"height":200},"classes":[]},{"id":6509,"url":"https:\/\/www.ufukonen.com\/tr\/sidechain-multiband-kompresor.html","url_meta":{"origin":7633,"position":4},"title":"Sidechain Multiband Kompres\u00f6r Kullan\u0131m\u0131","date":"April 26, 2021","format":false,"excerpt":"Sidechain kompres\u00f6r tekni\u011finin ne oldu\u011funu ve nas\u0131l yap\u0131ld\u0131\u011f\u0131n\u0131 \"Kompres\u00f6r Teknikleri \u2013 3. B\u00f6l\u00fcm: Sidechain Kompres\u00f6r Kullan\u0131m\u0131\" ba\u015fl\u0131kl\u0131 yaz\u0131mda anlatm\u0131\u015ft\u0131m. O yaz\u0131da da belirtti\u011fim gibi, her ne kadar sidechain deyince akla ilk gelen kick ve bas olsa da bu teknik bir \u00e7ok miks m\u00fchendisi taraf\u0131ndan farkl\u0131 enstr\u00fcmanlar i\u00e7in de kullan\u0131l\u0131yor. \u00d6rnek\u2026","rel":"","context":"In &quot;M\u00fczik Prod\u00fcksiyonu&quot;","img":{"alt_text":"","src":"https:\/\/i0.wp.com\/www.ufukonen.com\/tr\/wp-content\/uploads\/Sidechain_Multiband_Kompresor_Kullanimi_00_Header.jpg?resize=350%2C200&ssl=1","width":350,"height":200},"classes":[]},{"id":5216,"url":"https:\/\/www.ufukonen.com\/tr\/convolution-reverb-onerileri.html","url_meta":{"origin":7633,"position":5},"title":"Convolution Reverb Plug-in \u00d6nerileri","date":"November 25, 2019","format":false,"excerpt":"\u0130lk yay\u0131n tarihi 25 Kas\u0131m 2019 olan bu yaz\u0131 29 Mart 2021 tarihinde g\u00fcncellenmi\u015ftir. Bu yaz\u0131mda be\u011fendi\u011fim ve kulland\u0131\u011f\u0131m convolution reverb plug-in'lerini sizlerle payla\u015fmak istiyorum. Altiverb (Audio Ease) Convolution reverb dedi\u011fimizde benim akl\u0131ma gelen ilk isimlerden biri Audio Ease firmas\u0131 taraf\u0131ndan geli\u015ftirilen Altiverb. Audio Ease, 2000'li y\u0131llar\u0131n ba\u015f\u0131ndan beri d\u00fcnyan\u0131n\u2026","rel":"","context":"In &quot;Ses ve M\u00fczik Teknolojileri&quot;","img":{"alt_text":"","src":"https:\/\/i0.wp.com\/www.ufukonen.com\/tr\/wp-content\/uploads\/Convolution_Reverb_Plugin_Onerileri_720.jpg?resize=350%2C200&ssl=1","width":350,"height":200},"classes":[]}],"_links":{"self":[{"href":"https:\/\/www.ufukonen.com\/tr\/wp-json\/wp\/v2\/posts\/7633"}],"collection":[{"href":"https:\/\/www.ufukonen.com\/tr\/wp-json\/wp\/v2\/posts"}],"about":[{"href":"https:\/\/www.ufukonen.com\/tr\/wp-json\/wp\/v2\/types\/post"}],"author":[{"embeddable":true,"href":"https:\/\/www.ufukonen.com\/tr\/wp-json\/wp\/v2\/users\/2"}],"replies":[{"embeddable":true,"href":"https:\/\/www.ufukonen.com\/tr\/wp-json\/wp\/v2\/comments?post=7633"}],"version-history":[{"count":4,"href":"https:\/\/www.ufukonen.com\/tr\/wp-json\/wp\/v2\/posts\/7633\/revisions"}],"predecessor-version":[{"id":7642,"href":"https:\/\/www.ufukonen.com\/tr\/wp-json\/wp\/v2\/posts\/7633\/revisions\/7642"}],"wp:featuredmedia":[{"embeddable":true,"href":"https:\/\/www.ufukonen.com\/tr\/wp-json\/wp\/v2\/media\/7636"}],"wp:attachment":[{"href":"https:\/\/www.ufukonen.com\/tr\/wp-json\/wp\/v2\/media?parent=7633"}],"wp:term":[{"taxonomy":"category","embeddable":true,"href":"https:\/\/www.ufukonen.com\/tr\/wp-json\/wp\/v2\/categories?post=7633"},{"taxonomy":"post_tag","embeddable":true,"href":"https:\/\/www.ufukonen.com\/tr\/wp-json\/wp\/v2\/tags?post=7633"}],"curies":[{"name":"wp","href":"https:\/\/api.w.org\/{rel}","templated":true}]}}